{"id":83922,"date":"2024-10-15T18:29:43","date_gmt":"2024-10-15T16:29:43","guid":{"rendered":"https:\/\/www.mes-allocs.fr\/guides\/?p=83922"},"modified":"2026-04-22T10:51:26","modified_gmt":"2026-04-22T09:51:26","slug":"prime-de-noel-arret-maladie","status":"publish","type":"post","link":"https:\/\/www.mes-allocs.fr\/guides\/prime-de-noel\/conditions-prime-de-noel\/prime-de-noel-arret-maladie\/","title":{"rendered":"Prime de No\u00ebl et arr\u00eat maladie : est-ce compatible ?"},"content":{"rendered":"<p><img loading=\"lazy\" decoding=\"async\" class=\"aligncenter size-full wp-image-105118\" title=\"prime noel arret maladie\" src=\"https:\/\/www.mes-allocs.fr\/guides\/wp-content\/uploads\/2024\/10\/prime-noel-arret-maladie-scaled-e1761149643893.jpg\" alt=\"prime noel arret maladie\" width=\"1920\" height=\"300\" srcset=\"https:\/\/www.mes-allocs.fr\/guides\/wp-content\/uploads\/2024\/10\/prime-noel-arret-maladie-scaled-e1761149643893.jpg 1920w, https:\/\/www.mes-allocs.fr\/guides\/wp-content\/uploads\/2024\/10\/prime-noel-arret-maladie-scaled-e1761149643893-300x47.jpg 300w, https:\/\/www.mes-allocs.fr\/guides\/wp-content\/uploads\/2024\/10\/prime-noel-arret-maladie-scaled-e1761149643893-1024x160.jpg 1024w, https:\/\/www.mes-allocs.fr\/guides\/wp-content\/uploads\/2024\/10\/prime-noel-arret-maladie-scaled-e1761149643893-768x120.jpg 768w, https:\/\/www.mes-allocs.fr\/guides\/wp-content\/uploads\/2024\/10\/prime-noel-arret-maladie-scaled-e1761149643893-1536x240.jpg 1536w, https:\/\/www.mes-allocs.fr\/guides\/wp-content\/uploads\/2024\/10\/prime-noel-arret-maladie-scaled-e1761149643893-600x94.jpg 600w\" sizes=\"auto, (max-width: 1920px) 100vw, 1920px\" \/><\/p>\n<p>[Mis \u00e0 jour le 04\/12\/2025] 2025 se termine bient\u00f4t, le versement de la prime de No\u00ebl approche \u00e0 grands pas. Cette aide exceptionnelle vient soutenir les b\u00e9n\u00e9ficiaires de minima sociaux chaque fin d&rsquo;ann\u00e9e. La prime de No\u00ebl est d\u00e9livr\u00e9e par plusieurs organismes tels que la CAF, la MSA, France Travail ou l&rsquo;entreprise dans laquelle vous travaillez. Mais il existe des <a href=\"https:\/\/www.mes-allocs.fr\/guides\/prime-de-noel\/conditions-prime-de-noel\/\">conditions pour recevoir la prime de No\u00ebl<\/a>. Alors, connaissez-vous vos droits \u00e0 la <strong>prime de No\u00ebl en arr\u00eat maladie<\/strong> ? On vous \u00e9claire sur la question.<\/p>\n<div class='cta-block'><div class='text'>Simulez votre prime de No\u00ebl en 2 min.<\/div><a href='https:\/\/www.mes-allocs.fr\/ab-app?origin=guides\/wp-json\/wp\/v2\/posts\/83922' class='app-button fit'>Simulation gratuite<\/a><\/div>\n<h1>Quels sont vos droits \u00e0 la prime de No\u00ebl en arr\u00eat maladie ?<\/h1>\n<p>Vous \u00eates en arr\u00eat maladie ? Vous vous demandez donc \u00e0 juste titre si vous avez droit \u00e0 la prime de No\u00ebl. Les r\u00e9ponses \u00e0 toutes vos questions ci-dessous.<\/p>\n<h2>Qu&rsquo;est-ce que la prime de No\u00ebl ?<\/h2>\n<p><strong>La prime de No\u00ebl est une aide exceptionnelle vers\u00e9e \u00e0 certains b\u00e9n\u00e9ficiaires de minima sociaux.<\/strong> La prime de No\u00ebl fait partie des aides sociales qui agit comme un s\u00e9rieux coup de pouce pour plus de 2 millions de m\u00e9nages chaque ann\u00e9e. Cette prestation sociale est vers\u00e9e par plusieurs organismes :<\/p>\n<ul>\n<li>La <strong>CAF<\/strong> ou la <strong>MSA<\/strong><\/li>\n<li><strong>France Travail<\/strong><\/li>\n<li><strong>Votre entreprise<\/strong><\/li>\n<\/ul>\n<p>Pour b\u00e9n\u00e9ficier de la prime de No\u00ebl CAF, MSA ou France Travail, il faut<strong> toucher une des aides \u00e9ligibles en novembre ou \u00e0 d\u00e9faut en d\u00e9cembre 2025.<\/strong><\/p>\n<h2>La prime de No\u00ebl est-elle vers\u00e9e en arr\u00eat maladie ?<\/h2>\n<p><strong>La r\u00e9ponse est oui et non.<\/strong> En effet, la prime de No\u00ebl est vers\u00e9e au cas par cas. Certaines situations vont permettre le versement de la prime de No\u00ebl tandis que d&rsquo;autres vont l&#8217;emp\u00eacher. Pour cela, vous devez vous reporter aux conditions d&rsquo;\u00e9ligibilit\u00e9 \u00e0 la prime de No\u00ebl.<\/p>\n<p>L&rsquo;arr\u00eat maladie n&rsquo;est pas facteur qui emp\u00eache le droit \u00e0 la prime de No\u00ebl CAF ou MSA. Le seul crit\u00e8re qui rentre en compte est la r\u00e9ception ou non \u00e0 une des aides \u00e9ligibles.<\/p>\n<h2>Quelles conditions sont \u00e0 remplir pour b\u00e9n\u00e9ficier de la prime de No\u00ebl en arr\u00eat maladie ?<\/h2>\n<p>Si vous \u00eates en arr\u00eat maladie et que vous avez b\u00e9n\u00e9fici\u00e9 du RSA ou de l&rsquo;ASS en novembre ou d\u00e9cembre 2025, vous \u00eates \u00e9ligible \u00e0 la prime de No\u00ebl.<\/p>\n<p>Si vous \u00eates en arr\u00eat maladie mais que vous n&rsquo;avez pas b\u00e9n\u00e9fici\u00e9 du RSA ou de l&rsquo;ASS en novembre ou d\u00e9cembre 2025, vous n&rsquo;\u00eates malheureusement pas \u00e9ligible \u00e0 la prime de No\u00ebl.<\/p>\n<p>Si vous \u00eates en arr\u00eat maladie et que vous percevez l&rsquo;ARE, vous ne toucherez pas la prime de No\u00ebl car l&rsquo;ARE n&rsquo;est pas une aide \u00e9ligible.<\/p>\n<div class='cta-block'><div class='text'>Simulez votre prime de No\u00ebl en 2 min.<\/div><a href='https:\/\/www.mes-allocs.fr\/ab-app?origin=guides\/wp-json\/wp\/v2\/posts\/83922' class='app-button fit'>Simulation gratuite<\/a><\/div>\n<h1>Suspension de contrat (arr\u00eat maladie, accident, cong\u00e9s) : pouvez-vous toucher les primes ?<\/h1>\n<h2>Les primes sont-elles vers\u00e9es en cas d&rsquo;arr\u00eat maladie ?<\/h2>\n<p><strong>La r\u00e9ponse d\u00e9pend du type de primes vers\u00e9es.<\/strong> En effet, un employ\u00e9 en arr\u00eat maladie peut voir la suppression d&rsquo;une ou de plusieurs de ses primes pendant son absence.<\/p>\n<p>Si une prime est supprim\u00e9e ou r\u00e9duite en cas d&rsquo;arr\u00eat maladie, c&rsquo;est qu&rsquo;elle est li\u00e9e \u00e0 la pr\u00e9sence effective ou continue du salari\u00e9. L&#8217;employ\u00e9 n&rsquo;\u00e9tant pas \u00e0 son poste de travail durant cette p\u00e9riode, cela explique une diminution ou une suppression. C&rsquo;est le cas de la prime d&rsquo;assiduit\u00e9, du 13\u00e8me mois voire de la prime de vacances.<\/p>\n<p>Dans tous les cas, pour n&rsquo;avoir aucun doute, vous devez vous reporter \u00e0 ce que pr\u00e9voient les accords, les conventions ou les contrats de travail de votre entreprise.<\/p>\n<h2>Le montant des primes est-il r\u00e9duit en cas d&rsquo;arr\u00eat maladie ?<\/h2>\n<p>Comme dit pr\u00e9c\u00e9demment, il est possible que <strong>certaines aides soient r\u00e9duites pendant un arr\u00eat maladie.<\/strong><\/p>\n<p>Cependant, certaines primes doivent \u00eatre maintenues et non r\u00e9duites comme :<\/p>\n<ul>\n<li>La prime d&rsquo;anciennet\u00e9<\/li>\n<li>S&rsquo;il n&rsquo;y a pas de pr\u00e9cision dans la convention collective de votre entreprise : une prime li\u00e9e \u00e0 l&rsquo;organisation du travail (prime d&rsquo;\u00e9quipe)<\/li>\n<\/ul>\n<p><iframe loading=\"lazy\" title=\"La prime de No\u00ebl\" width=\"500\" height=\"281\" src=\"https:\/\/www.youtube.com\/embed\/JSd0X11Muig?feature=oembed\" frameborder=\"0\" allow=\"accelerometer; autoplay; clipboard-write; encrypted-media; gyroscope; picture-in-picture; web-share\" referrerpolicy=\"strict-origin-when-cross-origin\" allowfullscreen><\/iframe><\/p>\n<h1>Comment faire sa demande de prime de No\u00ebl en 2025 ?<\/h1>\n<p>Pour b\u00e9n\u00e9ficier de la prime de No\u00ebl en 2025, vous n&rsquo;avez aucune demande \u00e0 faire aupr\u00e8s d&rsquo;un des organismes verseurs. En effet, <strong>tout est automatique<\/strong> jusqu&rsquo;au versement sur votre compte bancaire le 16 d\u00e9cembre 2025. Cependant, nous vous proposons trois \u00e9tapes \u00e0 suivre pour \u00eatre certain de ne pas faire d&rsquo;erreur ou de ne pas vous laisser surprendre.<\/p>\n<h2>Etape 1 : V\u00e9rifier les conditions d&rsquo;\u00e9ligibilit\u00e9 et les montants<\/h2>\n<p>La premi\u00e8re \u00e9tape consiste \u00e0 <strong>v\u00e9rifier les conditions d&rsquo;\u00e9ligibilit\u00e9<\/strong> de la prime de No\u00ebl pour savoir si vous \u00eates \u00e9ligible. Une fois que vous vous \u00eates assur\u00e9 de votre \u00e9ligibilit\u00e9, nous vous conseillons de vous r\u00e9f\u00e9rer aux tableaux r\u00e9capitulant les montants attribu\u00e9s en 2025.<\/p>\n<p>Il est \u00e0 noter que les montants de la prime de No\u00ebl sont <strong>officiellement connus en 2025<\/strong> : ils sont identiques \u00e0 ceux de 2024.<\/p>\n<h2>Etape 2 : Simuler vos droits<\/h2>\n<p>La deuxi\u00e8me \u00e9tape consiste \u00e0 simuler vos droits. Nous mettons \u00e0 votre disposition <strong>notre simulateur gratuit, rapide et fiable<\/strong> qui vous permet d&rsquo;avoir la r\u00e9ponse en quelques minutes. De plus, vous pouvez, si vous le souhaitez, <strong>\u00eatre accompagn\u00e9 par un de nos conseillers<\/strong> qui se fera un plaisir de vous aider dans vos d\u00e9marches.<\/p>\n<h2>Etape 3 : Recevoir sa prime de No\u00ebl<\/h2>\n<p>La troisi\u00e8me \u00e9tape consiste \u00e0 surveiller votre compte bancaire pour v\u00e9rifier le versement de votre prime de No\u00ebl. La date est fix\u00e9e au\u00a016 d\u00e9cembre 2025.<\/p>\n<div class='cta-block'><div class='text'>Simulez votre prime de No\u00ebl en 2 min.<\/div><a href='https:\/\/www.mes-allocs.fr\/ab-app?origin=guides\/wp-json\/wp\/v2\/posts\/83922' class='app-button fit'>Simulation gratuite<\/a><\/div>\n","protected":false},"excerpt":{"rendered":"<p>[Mis \u00e0 jour le 04\/12\/2025] 2025 se termine bient\u00f4t, le versement de la prime de No\u00ebl approche \u00e0 grands pas. Cette aide exceptionnelle vient soutenir les b\u00e9n\u00e9ficiaires de minima sociaux chaque fin d&rsquo;ann\u00e9e. La prime de No\u00ebl est d\u00e9livr\u00e9e par plusieurs organismes tels que la CAF, la MSA, France Travail ou l&rsquo;entreprise dans laquelle vous [&hellip;]<\/p>\n","protected":false},"author":30,"featured_media":83957,"comment_status":"open","ping_status":"open","sticky":false,"template":"","format":"standard","meta":{"amp_status":"","footnotes":""},"categories":[38870,31],"tags":[],"class_list":["post-83922","post","type-post","status-publish","format-standard","has-post-thumbnail","hentry","category-conditions-prime-de-noel","category-prime-de-noel"],"yoast_head":"<!-- This site is optimized with the Yoast SEO plugin v14.9 - https:\/\/yoast.com\/wordpress\/plugins\/seo\/ -->\n<title>Prime de No\u00ebl et arr\u00eat maladie : est-ce possible ? | Mes-Allocs.fr<\/title>\n<meta name=\"description\" content=\"La fin d&#039;ann\u00e9e approche, vous \u00eates en arr\u00eat maladie et vous ne savez pas si vous pouvez pr\u00e9tendre \u00e0 la prime de No\u00ebl ? On vous explique !\" \/>\n<meta name=\"robots\" content=\"index, follow, max-snippet:-1, max-image-preview:large, max-video-preview:-1\" \/>\n<link rel=\"canonical\" href=\"https:\/\/www.mes-allocs.fr\/guides\/prime-de-noel\/conditions-prime-de-noel\/prime-de-noel-arret-maladie\/\" \/>\n<meta property=\"og:locale\" content=\"fr_FR\" \/>\n<meta property=\"og:type\" content=\"article\" \/>\n<meta property=\"og:title\" content=\"Prime de No\u00ebl et arr\u00eat maladie : est-ce possible ? | Mes-Allocs.fr\" \/>\n<meta property=\"og:description\" content=\"La fin d&#039;ann\u00e9e approche, vous \u00eates en arr\u00eat maladie et vous ne savez pas si vous pouvez pr\u00e9tendre \u00e0 la prime de No\u00ebl ? On vous explique !\" \/>\n<meta property=\"og:url\" content=\"https:\/\/www.mes-allocs.fr\/guides\/prime-de-noel\/conditions-prime-de-noel\/prime-de-noel-arret-maladie\/\" \/>\n<meta property=\"og:site_name\" content=\"Mes-Allocs.fr\" \/>\n<meta property=\"article:published_time\" content=\"2024-10-15T16:29:43+00:00\" \/>\n<meta property=\"article:modified_time\" content=\"2026-04-22T09:51:26+00:00\" \/>\n<meta property=\"og:image\" content=\"https:\/\/www.mes-allocs.fr\/guides\/wp-content\/uploads\/2024\/10\/prime-de-noel-arret-maladie.jpg?wsr\" \/>\n\t<meta property=\"og:image:width\" content=\"1280\" \/>\n\t<meta property=\"og:image:height\" content=\"725\" \/>\n<meta name=\"twitter:card\" content=\"summary_large_image\" \/>\n<script type=\"application\/ld+json\" class=\"yoast-schema-graph\">{\"@context\":\"https:\/\/schema.org\",\"@graph\":[{\"@type\":\"WebSite\",\"@id\":\"https:\/\/www.mes-allocs.fr\/guides\/#website\",\"url\":\"https:\/\/www.mes-allocs.fr\/guides\/\",\"name\":\"Mes-Allocs.fr\",\"description\":\"\",\"potentialAction\":[{\"@type\":\"SearchAction\",\"target\":\"https:\/\/www.mes-allocs.fr\/guides\/?s={search_term_string}\",\"query-input\":\"required name=search_term_string\"}],\"inLanguage\":\"fr-FR\"},{\"@type\":\"ImageObject\",\"@id\":\"https:\/\/www.mes-allocs.fr\/guides\/prime-de-noel\/conditions-prime-de-noel\/prime-de-noel-arret-maladie\/#primaryimage\",\"inLanguage\":\"fr-FR\",\"url\":\"https:\/\/www.mes-allocs.fr\/guides\/wp-content\/uploads\/2024\/10\/prime-de-noel-arret-maladie.jpg?wsr\",\"width\":1280,\"height\":725,\"caption\":\"prime de noel arret maladie\"},{\"@type\":\"WebPage\",\"@id\":\"https:\/\/www.mes-allocs.fr\/guides\/prime-de-noel\/conditions-prime-de-noel\/prime-de-noel-arret-maladie\/#webpage\",\"url\":\"https:\/\/www.mes-allocs.fr\/guides\/prime-de-noel\/conditions-prime-de-noel\/prime-de-noel-arret-maladie\/\",\"name\":\"Prime de No\\u00ebl et arr\\u00eat maladie : est-ce possible ? | Mes-Allocs.fr\",\"isPartOf\":{\"@id\":\"https:\/\/www.mes-allocs.fr\/guides\/#website\"},\"primaryImageOfPage\":{\"@id\":\"https:\/\/www.mes-allocs.fr\/guides\/prime-de-noel\/conditions-prime-de-noel\/prime-de-noel-arret-maladie\/#primaryimage\"},\"datePublished\":\"2024-10-15T16:29:43+00:00\",\"dateModified\":\"2026-04-22T09:51:26+00:00\",\"author\":{\"@id\":\"https:\/\/www.mes-allocs.fr\/guides\/#\/schema\/person\/66505fe443d6e6f3696c5af001f3fab8\"},\"description\":\"La fin d'ann\\u00e9e approche, vous \\u00eates en arr\\u00eat maladie et vous ne savez pas si vous pouvez pr\\u00e9tendre \\u00e0 la prime de No\\u00ebl ? On vous explique !\",\"inLanguage\":\"fr-FR\"},{\"@type\":\"Person\",\"@id\":\"https:\/\/www.mes-allocs.fr\/guides\/#\/schema\/person\/66505fe443d6e6f3696c5af001f3fab8\",\"name\":\"Lauriane Oriol\",\"image\":{\"@type\":\"ImageObject\",\"@id\":\"https:\/\/www.mes-allocs.fr\/guides\/#personlogo\",\"inLanguage\":\"fr-FR\",\"url\":\"https:\/\/www.mes-allocs.fr\/guides\/wp-content\/uploads\/2024\/10\/1702589802731-1-150x150.jpeg\",\"caption\":\"Lauriane Oriol\"},\"description\":\"Lauriane est r\\u00e9dactrice chez Mes Allocs. Sp\\u00e9cialiste des d\\u00e9marches administratives, elle rejoint Mes Allocs apr\\u00e8s une premi\\u00e8re exp\\u00e9rience en marketing et communication.\"}]}<\/script>\n<!-- \/ Yoast SEO plugin. -->","amp_validity":null,"acf":{"faq":{"1":{"question":"Est-ce que je perds mes primes en arr\u00eat maladie ?","answer":"Cela d\u00e9pend des primes. Mais en r\u00e8gle g\u00e9n\u00e9rale, les primes peuvent \u00eatre supprim\u00e9es ou r\u00e9duites en cas d'absence pour maladie si elles sont li\u00e9es \u00e0 la pr\u00e9sence continue ou effective du salari\u00e9."},"2":{"question":"Quand on est en arr\u00eat maladie, peut-on toucher la prime d'activit\u00e9 ?","answer":"La r\u00e9ponse est oui mais seulement si votre arr\u00eat maladie est inf\u00e9rieur \u00e0 3 mois."},"3":{"question":"Est-ce que la CAF peut me proposer une aide pour un arr\u00eat de maladie ?","answer":"Nous vous conseillons de vous renseigner aupr\u00e8s de votre CAF suivant la maladie dont vous \u00eates touch\u00e9."},"4":{"question":"Puis-je toucher la prime Macron en arr\u00eat maladie ?","answer":"Les arr\u00eats maladie ne sont pas consid\u00e9r\u00e9s comme du temps de pr\u00e9sence effectif. Donc, si vous avez \u00e9t\u00e9 en arr\u00eat maladie au cours des 12 derniers mois, l'employeur est libre d'en tenir compte ou non. L'employeur d\u00e9cidera de vous verser la prime Macron."},"5":{"question":"","answer":""},"6":{"question":"","answer":""},"7":{"question":"","answer":""},"8":{"question":"","answer":""},"9":{"question":"","answer":""},"10":{"question":"","answer":""},"11":{"question":"","answer":""},"12":{"question":"","answer":""},"13":{"question":"","answer":""},"14":{"question":"","answer":""},"15":{"question":"","answer":""},"16":{"question":"","answer":""}}},"_links":{"self":[{"href":"https:\/\/www.mes-allocs.fr\/guides\/wp-json\/wp\/v2\/posts\/83922","targetHints":{"allow":["GET"]}}],"collection":[{"href":"https:\/\/www.mes-allocs.fr\/guides\/wp-json\/wp\/v2\/posts"}],"about":[{"href":"https:\/\/www.mes-allocs.fr\/guides\/wp-json\/wp\/v2\/types\/post"}],"author":[{"embeddable":true,"href":"https:\/\/www.mes-allocs.fr\/guides\/wp-json\/wp\/v2\/users\/30"}],"replies":[{"embeddable":true,"href":"https:\/\/www.mes-allocs.fr\/guides\/wp-json\/wp\/v2\/comments?post=83922"}],"version-history":[{"count":18,"href":"https:\/\/www.mes-allocs.fr\/guides\/wp-json\/wp\/v2\/posts\/83922\/revisions"}],"predecessor-version":[{"id":106370,"href":"https:\/\/www.mes-allocs.fr\/guides\/wp-json\/wp\/v2\/posts\/83922\/revisions\/106370"}],"wp:featuredmedia":[{"embeddable":true,"href":"https:\/\/www.mes-allocs.fr\/guides\/wp-json\/wp\/v2\/media\/83957"}],"wp:attachment":[{"href":"https:\/\/www.mes-allocs.fr\/guides\/wp-json\/wp\/v2\/media?parent=83922"}],"wp:term":[{"taxonomy":"category","embeddable":true,"href":"https:\/\/www.mes-allocs.fr\/guides\/wp-json\/wp\/v2\/categories?post=83922"},{"taxonomy":"post_tag","embeddable":true,"href":"https:\/\/www.mes-allocs.fr\/guides\/wp-json\/wp\/v2\/tags?post=83922"}],"curies":[{"name":"wp","href":"https:\/\/api.w.org\/{rel}","templated":true}]}}