{"id":83854,"date":"2024-10-11T09:43:35","date_gmt":"2024-10-11T07:43:35","guid":{"rendered":"https:\/\/www.mes-allocs.fr\/guides\/?p=83854"},"modified":"2026-04-22T10:51:27","modified_gmt":"2026-04-22T09:51:27","slug":"plafond-per","status":"publish","type":"post","link":"https:\/\/www.mes-allocs.fr\/guides\/plan-epargne-retraite\/per-impot\/plafond-per\/","title":{"rendered":"Maximiser votre d\u00e9duction fiscale avec le plafond PER"},"content":{"rendered":"<p><img loading=\"lazy\" decoding=\"async\" class=\"aligncenter size-large wp-image-83860\" title=\"plafond per\" src=\"https:\/\/www.mes-allocs.fr\/guides\/wp-content\/uploads\/2024\/10\/plafond-per-1-e1728574665378-1024x296.jpg\" alt=\"plafond per\" width=\"1024\" height=\"296\" srcset=\"https:\/\/www.mes-allocs.fr\/guides\/wp-content\/uploads\/2024\/10\/plafond-per-1-e1728574665378-1024x296.jpg 1024w, https:\/\/www.mes-allocs.fr\/guides\/wp-content\/uploads\/2024\/10\/plafond-per-1-e1728574665378-300x87.jpg 300w, https:\/\/www.mes-allocs.fr\/guides\/wp-content\/uploads\/2024\/10\/plafond-per-1-e1728574665378-768x222.jpg 768w, https:\/\/www.mes-allocs.fr\/guides\/wp-content\/uploads\/2024\/10\/plafond-per-1-e1728574665378-600x174.jpg 600w, https:\/\/www.mes-allocs.fr\/guides\/wp-content\/uploads\/2024\/10\/plafond-per-1-e1728574665378.jpg 1054w\" sizes=\"auto, (max-width: 1024px) 100vw, 1024px\" \/><\/p>\n<p>Le <a href=\"https:\/\/www.mes-allocs.fr\/guides\/plan-epargne-retraite\/\">Plan d\u2019\u00c9pargne Retraite<\/a> (PER) vous permet de pr\u00e9parer votre retraite tout en profitant d\u2019avantages fiscaux. Dans cet article, Mes Allocs vous aide \u00e0 comprendre toutes les informations relatives au <b>plafond du PER<\/b>.<\/p>\n<div class='cta-block'><div class='text'>Simulez toutes vos Aides en 2 min.<\/div><a href='https:\/\/www.mes-allocs.fr\/ab-app?origin=guides\/wp-json\/wp\/v2\/posts\/83854' class='app-button fit'>Simulation gratuite<\/a><\/div>\n<h1>Plafond PER : qu\u2019est-ce que c\u2019est ?<\/h1>\n<h2>Quel est le principe du plafond PER en mati\u00e8re de d\u00e9duction fiscale ?<\/h2>\n<p>Le plafond du PER fixe le montant maximum que vous pouvez d\u00e9duire de votre revenu imposable chaque ann\u00e9e gr\u00e2ce \u00e0 vos versements volontaires. En respectant ce plafond, vous pouvez all\u00e9ger votre charge fiscale tout en vous constituant un capital pour votre retraite.<\/p>\n<p>Vous l&rsquo;auriez compris, le <a href=\"https:\/\/www.mes-allocs.fr\/guides\/plan-epargne-retraite\/per-impot\/\">PER a un impact sur les imp\u00f4ts<\/a>, ce qui n&rsquo;est pas n\u00e9gligeable !<\/p>\n<h2>Existe-t-il un plafond de versement sur un PER ?<\/h2>\n<p>Non, il n\u2019y a pas de limite sur le montant que vous pouvez verser dans un PER. Vous \u00eates libre de verser la somme que vous voulez, quand vous le souhaitez, selon vos moyens et vos objectifs d\u2019\u00e9pargne. N\u00e9anmoins, la limite concerne uniquement la portion de vos versements qui peut \u00eatre d\u00e9duite de vos imp\u00f4ts. Autrement dit, m\u00eame si vous pouvez alimenter votre PER sans aucune restriction, seule une partie de ces versements sera d\u00e9ductible, en fonction des r\u00e8gles fiscales.<\/p>\n<h2>Pourquoi un plafond de d\u00e9duction est-il appliqu\u00e9 au PER ?<\/h2>\n<p>Le plafond de d\u00e9duction fiscale du PER a \u00e9t\u00e9 mis en place pour favoriser l\u2019\u00e9pargne retraite. En effet, la possibilit\u00e9 de d\u00e9duire une partie de ses versements de son revenu imposable pousse les contribuables \u00e0 \u00e9pargner pour leur vieux jour, en compl\u00e9ment des r\u00e9gimes de retraite obligatoires.<\/p>\n<h1>Comment est calcul\u00e9 le plafond de d\u00e9duction des cotisations du PER ?<\/h1>\n<h2>Quels \u00e9l\u00e9ments sont utilis\u00e9s pour le calcul du plafond de d\u00e9duction fiscale du PER ?<\/h2>\n<p>Pour <a href=\"https:\/\/www.mes-allocs.fr\/guides\/plan-epargne-retraite\/per-impot\/calcul-per\/\">calculer votre plafond PER<\/a>, il faut prendre en compte deux \u00e9l\u00e9ments essentiels :<\/p>\n<ul>\n<li aria-level=\"1\">Vos revenus professionnels nets de l\u2019ann\u00e9e N-1 : on parle ici de l\u2019ensemble des revenus que vous avez per\u00e7us gr\u00e2ce \u00e0 votre activit\u00e9 professionnelle, tels que les salaires, les traitements, et les b\u00e9n\u00e9fices non commerciaux, une fois que les cotisations sociales obligatoires et les frais professionnels ont \u00e9t\u00e9 d\u00e9duits. Vous pouvez retrouver ces informations sur votre avis d\u2019imposition.<\/li>\n<li aria-level=\"1\">Le Plafond Annuel de la S\u00e9curit\u00e9 Sociale (PASS) de l\u2019ann\u00e9e en cours : chaque ann\u00e9e, la loi fixe un montant de r\u00e9f\u00e9rence appel\u00e9 PASS, qui est utilis\u00e9 pour d\u00e9terminer diverses prestations sociales. Pour 2025, ce montant est de 47 100\u00a0 \u20ac.<\/li>\n<\/ul>\n<h2>Quelles sont les formules de calcul possibles pour d\u00e9terminer le plafond de d\u00e9duction ?<\/h2>\n<p>La loi vous met \u00e0 disposition deux m\u00e9thodes pour \u00e9valuer votre plafond de d\u00e9duction PER. Vous avez la possibilit\u00e9 de choisir celle qui vous avantage le plus :<\/p>\n<ul>\n<li aria-level=\"1\">10 % de vos revenus professionnels de l\u2019ann\u00e9e N-1, dans la limite de 8 fois le PASS de l\u2019ann\u00e9e en cours.<\/li>\n<li aria-level=\"1\">10 % du PASS de l\u2019ann\u00e9e en cours.<\/li>\n<\/ul>\n<h2>O\u00f9 trouver mon plafond de d\u00e9duction fiscale du PER ?<\/h2>\n<p>Vous pouvez trouver votre plafond de d\u00e9duction fiscale pour le PER directement sur votre avis d\u2019imposition, dans la section r\u00e9serv\u00e9e aux informations fiscales personnelles. Ce document officiel indique le montant maximum que vous pouvez d\u00e9duire de vos revenus imposables pour les versements sur un Plan d\u2019\u00c9pargne Retraite. En plus de l\u2019avis d\u2019imposition, vous pouvez \u00e9galement v\u00e9rifier ce plafond dans votre espace personnel en ligne sur le site des imp\u00f4ts.<\/p>\n<div class='cta-block'><div class='text'>Simulez toutes vos Aides en 2 min.<\/div><a href='https:\/\/www.mes-allocs.fr\/ab-app?origin=guides\/wp-json\/wp\/v2\/posts\/83854' class='app-button fit'>Simulation gratuite<\/a><\/div>\n<h1>Que faire du plafond de d\u00e9duction fiscale du PER non utilis\u00e9 ?<\/h1>\n<h2>Le plafond PER non utilis\u00e9 est-il perdu ?<\/h2>\n<p>Rassurez-vous, le plafond PER non utilis\u00e9 n\u2019est pas perdu !<\/p>\n<p>La l\u00e9gislation dispose d\u2019un m\u00e9canisme de report qui vous permet de transf\u00e9rer le plafond non utilis\u00e9 d\u2019une ann\u00e9e vers les trois ann\u00e9es suivantes.<\/p>\n<h2>Comment fonctionne le report du plafond de d\u00e9duction fiscale du PER?<\/h2>\n<p>Le m\u00e9canisme de report est appliqu\u00e9 automatiquement. L&rsquo;administration fiscale le prend en compte lors du calcul de votre plafond de d\u00e9duction, en priorisant d\u2019abord le plafond de l\u2019ann\u00e9e actuelle, puis les plafonds non utilis\u00e9s des ann\u00e9es pass\u00e9es. Ce report vous aide \u00e0 maximiser votre d\u00e9duction fiscale sur le long terme, en vous permettant de profiter pleinement de votre plafond PER, m\u00eame si vous ne pouvez pas effectuer de gros versements chaque ann\u00e9e.<\/p>\n<h2>Puis-je mutualiser mon plafond PER avec celui de mon conjoint ?<\/h2>\n<p>Oui, si vous d\u00e9clarez vos revenus en couple vous pouvez combiner vos plafonds de d\u00e9duction pour le PER. Cela signifie que vous pouvez additionner vos plafonds personnels pour cr\u00e9er un plafond global pour le couple.<\/p>\n<p><iframe loading=\"lazy\" title=\"Le Plan d&#039;\u00c9pargne Retraite (PER)\" width=\"500\" height=\"281\" src=\"https:\/\/www.youtube.com\/embed\/Dnp7M9qYKEk?feature=oembed\" frameborder=\"0\" allow=\"accelerometer; autoplay; clipboard-write; encrypted-media; gyroscope; picture-in-picture; web-share\" referrerpolicy=\"strict-origin-when-cross-origin\" allowfullscreen><\/iframe><\/p>\n<h1>Comment optimiser mon plafond PER ?<\/h1>\n<h2>Quels versements sont d\u00e9ductibles du plafond PER ?<\/h2>\n<p>Les versements consid\u00e9r\u00e9s comme d\u00e9ductibles sont :<\/p>\n<ul>\n<li aria-level=\"1\"><b>Les versements volontaires<\/b> : ce sont les sommes que vous d\u00e9cidez de verser sur votre PER, \u00e0 votre propre rythme et selon vos moyens. Vous pouvez choisir de faire des versements r\u00e9guliers (chaque mois, chaque trimestre\u2026) ou des versements occasionnels quand vous disposez d\u2019une somme plus cons\u00e9quente (comme une prime exceptionnelle, un h\u00e9ritage\u2026).<\/li>\n<li aria-level=\"1\"><b>Versement d\u2019un ancien contrat<\/b> : si vous avez un ancien contrat de retraite, comme un PERP ou un contrat Madelin, et que vous l\u2019avez souscrit avant la mise en place du PER, vous avez la possibilit\u00e9 de transf\u00e9rer l\u2019\u00e9pargne que vous avez accumul\u00e9e sur ce contrat vers votre nouveau PER. De plus, les versements que vous avez r\u00e9alis\u00e9s sur l\u2019ancien contrat seront consid\u00e9r\u00e9s comme d\u00e9ductibles dans le calcul de votre plafond actuel.<\/li>\n<li aria-level=\"1\"><b>Versements individuels facultatifs sur un contrat \u201carticle 83\u201d<\/b> : le contrat \u201carticle 83\u201d est un ancien type de contrat de retraite suppl\u00e9mentaire propos\u00e9 par les entreprises. Si vous avez souscrit \u00e0 ce contrat, les versements individuels que vous avez r\u00e9alis\u00e9s peuvent \u00eatre d\u00e9duits de vos revenus, tant que vous restez dans les limites de votre plafond PER.<\/li>\n<\/ul>\n<h2>Les versements ne sont pas d\u00e9ductibles du plafond PER ?<\/h2>\n<p>Certains versements ne sont pas pris en compte dans le calcul du plafond de d\u00e9duction fiscale :<\/p>\n<ul>\n<li aria-level=\"1\"><b>Les virements provenant de l\u2019\u00e9pargne salariale <\/b>: si votre entreprise propose un dispositif d\u2019\u00e9pargne salariale, les sommes que vous versez sur votre PER, qui proviennent de l&rsquo;int\u00e9ressement, de la participation ou de l\u2019abondement de votre employeur, ne sont pas d\u00e9ductibles de votre revenu imposable.<\/li>\n<li aria-level=\"1\"><b>Les cotisations obligatoires<\/b> : dans le cas o\u00f9 votre entreprise a mis en place un PER obligatoire, les cotisations obligatoires vers\u00e9es par votre employeur ne sont pas d\u00e9ductibles de votre revenu imposable. Elles sont consid\u00e9r\u00e9es comme un avantage en nature et sont d\u00e9j\u00e0 soumises aux cotisations sociales.<\/li>\n<\/ul>\n<p>Besoin d\u2019aide dans vos d\u00e9marches ? Contactez nos experts<b> Mes Allocs<\/b> !<\/p>\n<div class='cta-block'><div class='text'>Simulez toutes vos Aides en 2 min.<\/div><a href='https:\/\/www.mes-allocs.fr\/ab-app?origin=guides\/wp-json\/wp\/v2\/posts\/83854' class='app-button fit'>Simulation gratuite<\/a><\/div>\n","protected":false},"excerpt":{"rendered":"<p>Le Plan d\u2019\u00c9pargne Retraite (PER) vous permet de pr\u00e9parer votre retraite tout en profitant d\u2019avantages fiscaux. Dans cet article, Mes Allocs vous aide \u00e0 comprendre toutes les informations relatives au plafond du PER. Plafond PER : qu\u2019est-ce que c\u2019est ? Quel est le principe du plafond PER en mati\u00e8re de d\u00e9duction fiscale ? Le plafond [&hellip;]<\/p>\n","protected":false},"author":31,"featured_media":83859,"comment_status":"open","ping_status":"open","sticky":false,"template":"","format":"standard","meta":{"amp_status":"","footnotes":""},"categories":[39401,22667],"tags":[],"class_list":["post-83854","post","type-post","status-publish","format-standard","has-post-thumbnail","hentry","category-per-impot","category-plan-epargne-retraite"],"yoast_head":"<!-- This site is optimized with the Yoast SEO plugin v14.9 - https:\/\/yoast.com\/wordpress\/plugins\/seo\/ -->\n<title>PER : quel est le plafond de d\u00e9duction fiscale ? | Mes-Allocs.fr<\/title>\n<meta name=\"description\" content=\"D\u00e9couvrez comment le plafond du PER impacte votre d\u00e9duction fiscale et comment l&#039;optimiser gr\u00e2ce \u00e0 nos conseils d&#039;experts.\" \/>\n<meta name=\"robots\" content=\"index, follow, max-snippet:-1, max-image-preview:large, max-video-preview:-1\" \/>\n<link rel=\"canonical\" href=\"https:\/\/www.mes-allocs.fr\/guides\/plan-epargne-retraite\/per-impot\/plafond-per\/\" \/>\n<meta property=\"og:locale\" content=\"fr_FR\" \/>\n<meta property=\"og:type\" content=\"article\" \/>\n<meta property=\"og:title\" content=\"PER : quel est le plafond de d\u00e9duction fiscale ? | Mes-Allocs.fr\" \/>\n<meta property=\"og:description\" content=\"D\u00e9couvrez comment le plafond du PER impacte votre d\u00e9duction fiscale et comment l&#039;optimiser gr\u00e2ce \u00e0 nos conseils d&#039;experts.\" \/>\n<meta property=\"og:url\" content=\"https:\/\/www.mes-allocs.fr\/guides\/plan-epargne-retraite\/per-impot\/plafond-per\/\" \/>\n<meta property=\"og:site_name\" content=\"Mes-Allocs.fr\" \/>\n<meta property=\"article:published_time\" content=\"2024-10-11T07:43:35+00:00\" \/>\n<meta property=\"article:modified_time\" content=\"2026-04-22T09:51:27+00:00\" \/>\n<meta property=\"og:image\" content=\"https:\/\/www.mes-allocs.fr\/guides\/wp-content\/uploads\/2024\/10\/plafond-plan-epargne-retraite.jpg?wsr\" \/>\n\t<meta property=\"og:image:width\" content=\"1920\" \/>\n\t<meta property=\"og:image:height\" content=\"1280\" \/>\n<meta name=\"twitter:card\" content=\"summary_large_image\" \/>\n<script type=\"application\/ld+json\" class=\"yoast-schema-graph\">{\"@context\":\"https:\/\/schema.org\",\"@graph\":[{\"@type\":\"WebSite\",\"@id\":\"https:\/\/www.mes-allocs.fr\/guides\/#website\",\"url\":\"https:\/\/www.mes-allocs.fr\/guides\/\",\"name\":\"Mes-Allocs.fr\",\"description\":\"\",\"potentialAction\":[{\"@type\":\"SearchAction\",\"target\":\"https:\/\/www.mes-allocs.fr\/guides\/?s={search_term_string}\",\"query-input\":\"required name=search_term_string\"}],\"inLanguage\":\"fr-FR\"},{\"@type\":\"ImageObject\",\"@id\":\"https:\/\/www.mes-allocs.fr\/guides\/plan-epargne-retraite\/per-impot\/plafond-per\/#primaryimage\",\"inLanguage\":\"fr-FR\",\"url\":\"https:\/\/www.mes-allocs.fr\/guides\/wp-content\/uploads\/2024\/10\/plafond-plan-epargne-retraite.jpg?wsr\",\"width\":1920,\"height\":1280,\"caption\":\"plafond plan epargne retraite\"},{\"@type\":\"WebPage\",\"@id\":\"https:\/\/www.mes-allocs.fr\/guides\/plan-epargne-retraite\/per-impot\/plafond-per\/#webpage\",\"url\":\"https:\/\/www.mes-allocs.fr\/guides\/plan-epargne-retraite\/per-impot\/plafond-per\/\",\"name\":\"PER : quel est le plafond de d\\u00e9duction fiscale ? | Mes-Allocs.fr\",\"isPartOf\":{\"@id\":\"https:\/\/www.mes-allocs.fr\/guides\/#website\"},\"primaryImageOfPage\":{\"@id\":\"https:\/\/www.mes-allocs.fr\/guides\/plan-epargne-retraite\/per-impot\/plafond-per\/#primaryimage\"},\"datePublished\":\"2024-10-11T07:43:35+00:00\",\"dateModified\":\"2026-04-22T09:51:27+00:00\",\"author\":{\"@id\":\"https:\/\/www.mes-allocs.fr\/guides\/#\/schema\/person\/4f115680446d9e6de360142157ca671d\"},\"description\":\"D\\u00e9couvrez comment le plafond du PER impacte votre d\\u00e9duction fiscale et comment l'optimiser gr\\u00e2ce \\u00e0 nos conseils d'experts.\",\"inLanguage\":\"fr-FR\"},{\"@type\":\"Person\",\"@id\":\"https:\/\/www.mes-allocs.fr\/guides\/#\/schema\/person\/4f115680446d9e6de360142157ca671d\",\"name\":\"Miangaly Ramasindray\",\"image\":{\"@type\":\"ImageObject\",\"@id\":\"https:\/\/www.mes-allocs.fr\/guides\/#personlogo\",\"inLanguage\":\"fr-FR\",\"url\":\"https:\/\/www.mes-allocs.fr\/guides\/wp-content\/uploads\/2024\/10\/Miangaly_Ramasindray-150x150.jpeg\",\"caption\":\"Miangaly Ramasindray\"},\"description\":\"Miangaly est r\\u00e9dactrice web sp\\u00e9cialis\\u00e9e sur les sujets de pouvoir d'achat. Elle rejoint Mes Allocs en 2024 apr\\u00e8s une premi\\u00e8re exp\\u00e9rience en marketing chez DMI.\",\"sameAs\":[\"https:\/\/www.linkedin.com\/in\/miangaly-ramasindray\/\"]}]}<\/script>\n<!-- \/ Yoast SEO plugin. -->","amp_validity":null,"acf":{"faq":{"1":{"question":"Puis-je ouvrir un PER si je suis ind\u00e9pendant ?","answer":"Oui, le PER est ouvert \u00e0 tous, quel que soit votre statut professionnel (salari\u00e9, ind\u00e9pendant, fonctionnaire, retrait\u00e9, etc.)."},"2":{"question":"Puis-je transf\u00e9rer mon ancien contrat d'\u00e9pargne retraite (PERP, Madelin) vers un PER ?","answer":"Oui, vous pouvez transf\u00e9rer votre \u00e9pargne d'un ancien contrat d'\u00e9pargne retraite vers un PER."},"3":{"question":"Est-il possible de retirer de l'argent de mon PER avant la retraite ?","answer":"L'\u00e9pargne plac\u00e9e sur un PER est bloqu\u00e9e jusqu'\u00e0 la retraite. Toutefois, il existe des cas de d\u00e9blocage anticip\u00e9 exceptionnels, comme l'achat de votre r\u00e9sidence principale, une invalidit\u00e9, le surendettement, etc."},"4":{"question":"Quels sont les modes de sorties d'un PER ? ","answer":"Au moment de votre retraite, vous pouvez choisir de sortir en rente, en capital, ou en combinant les deux options."},"5":{"question":"Quel PER choisir ?","answer":"Le choix du PER d\u00e9pend de votre situation personnelle, de vos objectifs d'\u00e9pargne et de votre profil de risque."},"6":{"question":"Puis-je avoir plusieurs PER en m\u00eame temps ?","answer":"Oui, vous pouvez d\u00e9tenir plusieurs PER, mais le plafond de d\u00e9duction fiscale reste global."},"7":{"question":"","answer":""},"8":{"question":"","answer":""},"9":{"question":"","answer":""},"10":{"question":"","answer":""},"11":{"question":"","answer":""},"12":{"question":"","answer":""},"13":{"question":"","answer":""},"14":{"question":"","answer":""},"15":{"question":"","answer":""},"16":{"question":"","answer":""}}},"_links":{"self":[{"href":"https:\/\/www.mes-allocs.fr\/guides\/wp-json\/wp\/v2\/posts\/83854","targetHints":{"allow":["GET"]}}],"collection":[{"href":"https:\/\/www.mes-allocs.fr\/guides\/wp-json\/wp\/v2\/posts"}],"about":[{"href":"https:\/\/www.mes-allocs.fr\/guides\/wp-json\/wp\/v2\/types\/post"}],"author":[{"embeddable":true,"href":"https:\/\/www.mes-allocs.fr\/guides\/wp-json\/wp\/v2\/users\/31"}],"replies":[{"embeddable":true,"href":"https:\/\/www.mes-allocs.fr\/guides\/wp-json\/wp\/v2\/comments?post=83854"}],"version-history":[{"count":11,"href":"https:\/\/www.mes-allocs.fr\/guides\/wp-json\/wp\/v2\/posts\/83854\/revisions"}],"predecessor-version":[{"id":97614,"href":"https:\/\/www.mes-allocs.fr\/guides\/wp-json\/wp\/v2\/posts\/83854\/revisions\/97614"}],"wp:featuredmedia":[{"embeddable":true,"href":"https:\/\/www.mes-allocs.fr\/guides\/wp-json\/wp\/v2\/media\/83859"}],"wp:attachment":[{"href":"https:\/\/www.mes-allocs.fr\/guides\/wp-json\/wp\/v2\/media?parent=83854"}],"wp:term":[{"taxonomy":"category","embeddable":true,"href":"https:\/\/www.mes-allocs.fr\/guides\/wp-json\/wp\/v2\/categories?post=83854"},{"taxonomy":"post_tag","embeddable":true,"href":"https:\/\/www.mes-allocs.fr\/guides\/wp-json\/wp\/v2\/tags?post=83854"}],"curies":[{"name":"wp","href":"https:\/\/api.w.org\/{rel}","templated":true}]}}