{"id":83840,"date":"2024-10-11T09:33:07","date_gmt":"2024-10-11T07:33:07","guid":{"rendered":"https:\/\/www.mes-allocs.fr\/guides\/?p=83840"},"modified":"2026-04-22T10:51:27","modified_gmt":"2026-04-22T09:51:27","slug":"declarer-per","status":"publish","type":"post","link":"https:\/\/www.mes-allocs.fr\/guides\/plan-epargne-retraite\/per-impot\/declarer-per\/","title":{"rendered":"PER 2025 : Pourquoi et comment bien le d\u00e9clarer ?"},"content":{"rendered":"<p><img loading=\"lazy\" decoding=\"async\" class=\"aligncenter wp-image-83850 size-large\" title=\"declarer PER\" src=\"https:\/\/www.mes-allocs.fr\/guides\/wp-content\/uploads\/2024\/10\/declarer-PER-1-e1728573519571-1024x276.jpg\" alt=\"declarer PER\" width=\"1024\" height=\"276\" srcset=\"https:\/\/www.mes-allocs.fr\/guides\/wp-content\/uploads\/2024\/10\/declarer-PER-1-e1728573519571-1024x276.jpg 1024w, https:\/\/www.mes-allocs.fr\/guides\/wp-content\/uploads\/2024\/10\/declarer-PER-1-e1728573519571-300x81.jpg 300w, https:\/\/www.mes-allocs.fr\/guides\/wp-content\/uploads\/2024\/10\/declarer-PER-1-e1728573519571-768x207.jpg 768w, https:\/\/www.mes-allocs.fr\/guides\/wp-content\/uploads\/2024\/10\/declarer-PER-1-e1728573519571-600x162.jpg 600w, https:\/\/www.mes-allocs.fr\/guides\/wp-content\/uploads\/2024\/10\/declarer-PER-1-e1728573519571.jpg 1054w\" sizes=\"auto, (max-width: 1024px) 100vw, 1024px\" \/><\/p>\n<p>Le <a href=\"https:\/\/www.mes-allocs.fr\/guides\/plan-epargne-retraite\/\">Plan d\u2019\u00c9pargne Retraite<\/a> (PER) est un excellent moyen de pr\u00e9parer votre retraite, tout en profitant d\u2019avantages fiscaux. Pour profiter pleinement de ces avantages, il est important de <b>d\u00e9clarer votre PER <\/b>correctement. Mes Allocs vous accompagne dans vos d\u00e9marches en r\u00e9pondant \u00e0 toutes vos questions.<\/p>\n<div class='cta-block'><div class='text'>Simulez toutes vos Aides en 2 min.<\/div><a href='https:\/\/www.mes-allocs.fr\/ab-app?origin=guides\/wp-json\/wp\/v2\/posts\/83840' class='app-button fit'>Simulation gratuite<\/a><\/div>\n<h1>Qu\u2019est ce que le PER et pourquoi le d\u00e9clarer ?<\/h1>\n<p>Le PER est un contrat qui vous offre la possibilit\u00e9 d\u2019\u00e9pargner tout au long de votre carri\u00e8re. Vous pouvez ainsi accumuler un capital ou recevoir une rente une fois \u00e0 la retraite. Si vous d\u00e9clarez votre PER, vous aurez droit \u00e0 une d\u00e9duction fiscale sur vos versements, ce qui fait baisser votre imp\u00f4t sur le revenu. Vous l&rsquo;auriez compris, le <a href=\"https:\/\/www.mes-allocs.fr\/guides\/plan-epargne-retraite\/per-impot\/\">PER a un impact sur les imp\u00f4ts<\/a>, ce qui n&rsquo;est pas n\u00e9gligeable !<\/p>\n<h2>Quels sont les avantages fiscaux li\u00e9s \u00e0 la d\u00e9claration du PER ?<\/h2>\n<p>D\u00e9clarer votre PER et choisir de d\u00e9duire vos versements vous permet de b\u00e9n\u00e9ficier d\u2019avantages fiscaux :<\/p>\n<ul>\n<li aria-level=\"1\"><b>R\u00e9duction d\u2019imp\u00f4ts <\/b>: en d\u00e9clarant vos versements sur un PER, vous faites baisser votre revenu imposable, ce qui r\u00e9duit votre imp\u00f4t sur le revenu. Le montant de l\u2019<a href=\"https:\/\/www.mes-allocs.fr\/guides\/plan-epargne-retraite\/per-impot\/avantage-fiscal-per\/\">avantage fiscal du PER<\/a> change selon votre tranche marginale d\u2019imposition (TMI).<\/li>\n<li aria-level=\"1\"><b>Imposition avantageuse \u00e0 la sortie<\/b> : \u00e0 la retraite, vous avez le choix de retirer votre \u00e9pargne sous forme de capital ou de rente. Si vous choisissez le capital, il sera soumis au bar\u00e8me progressif de l\u2019imp\u00f4t sur le revenu, mais vous pouvez \u00e9galement opter pour le Pr\u00e9l\u00e8vement Forfaitaire Unique (PFU) de 30 % sur les plus-values. Si vous pr\u00e9f\u00e9rez une sortie en rente, celle-ci sera impos\u00e9e comme une pension de retraite, avec un abattement de 10 %.<\/li>\n<li aria-level=\"1\"><b>Constituer un capital pour la retraite<\/b> : les sommes que vous placez dans un PER sont bloqu\u00e9es jusqu\u2019\u00e0 votre d\u00e9part \u00e0 la retraite, sauf dans des cas particuliers o\u00f9 vous pouvez les d\u00e9bloquer plus t\u00f4t.<\/li>\n<li aria-level=\"1\"><b>Transmission<\/b> : en cas de d\u00e9c\u00e8s, le capital de votre PER sera transmis aux b\u00e9n\u00e9ficiaires que vous avez d\u00e9sign\u00e9s avec des avantages fiscaux, comparable \u00e0 ceux de l\u2019assurance vie.<\/li>\n<\/ul>\n<h2>Suis-je oblig\u00e9 de d\u00e9clarer mes versements PER ?<\/h2>\n<p>Non, vous n\u2019\u00eates pas oblig\u00e9 de d\u00e9clarer vos versements PER. Si vous d\u00e9cidez de ne pas les d\u00e9clarer, vous ne profiterez pas de la r\u00e9duction d&rsquo;imp\u00f4t \u00e0 l\u2019entr\u00e9e, mais votre votre \u00e9pargne sera exon\u00e9r\u00e9e d\u2019imp\u00f4t au moment de la sortie en capital.<\/p>\n<h1>Comment d\u00e9clarer les versements sur un PER en 2025 ?<\/h1>\n<h2>O\u00f9 trouver les informations n\u00e9cessaires \u00e0 la d\u00e9claration ?<\/h2>\n<p>Pour d\u00e9clarer votre PER, il vous faudra deux documents :<\/p>\n<ul>\n<li aria-level=\"1\"><strong>L\u2019Imprim\u00e9 Fiscal Unique<\/strong> : un document qui r\u00e9sume les montants \u00e0 d\u00e9clarer.<\/li>\n<li aria-level=\"1\"><strong>Le Relev\u00e9 Annuel de Situation (RAS)<\/strong> : un document qui pr\u00e9sente tous vos versements et l\u2019\u00e9volution de votre \u00e9pargne.<\/li>\n<\/ul>\n<h2>Quelles cases remplir sur la d\u00e9claration de revenus en ligne ?<\/h2>\n<p>Lors de la d\u00e9claration en ligne de vos versements PER assurez-vous de les inscrire dans les bonnes cases :<\/p>\n<ul>\n<li aria-level=\"1\"><strong>Pour les versement volontaires sur un PER<\/strong> : utilisez les cases 6NS, 6NT, 6NU.<\/li>\n<li aria-level=\"1\"><strong>Pour les versements sur un ancien contrat retraite<\/strong> : utilisez les cases 6RS, 6RT, 6RU.<\/li>\n<\/ul>\n<h2>Comment d\u00e9clarer les cotisations obligatoires de l&#8217;employeur ?<\/h2>\n<p>Pour d\u00e9clarer les cotisations obligatoires que votre employeur a vers\u00e9 sur votre PER, consultez la fiche fiscale que votre employeur vous a fourni et remplissez les casses 6QS, 6QT et 6QU sur votre d\u00e9claration de revenus.<\/p>\n<h1>Guide pour bien d\u00e9clarer vos versements PER en 2025<\/h1>\n<ol>\n<li aria-level=\"1\">Acc\u00e9dez au site de l\u2019administration fiscale et connectez-vous \u00e0 votre espace personnel pour acc\u00e9der \u00e0 votre d\u00e9claration d\u2019imp\u00f4ts.<\/li>\n<li aria-level=\"1\">Regardez la section qui parle des revenus et des charges puis la rubrique 6 \u201cCharge d\u00e9ductibles\u201d dans la section \u201c\u00c9pargne retraite\u201d.<\/li>\n<li aria-level=\"1\">Indiquez vos versements au PER selon votre statut professionnel :\n<ul>\n<li aria-level=\"1\"><b>Si vous \u00eates employ\u00e9 ou sans emploi<\/b>, le montant des versements doit \u00eatre report\u00e9 dans les cases 6NS\/6NT\/6NU.<\/li>\n<li aria-level=\"1\"><b>Si vous \u00eates ind\u00e9pendant<\/b>, vous pouvez effectuer des virements sur un PER comme un salari\u00e9, les montants des versements doivent \u00eatre report\u00e9 dans les cases 6NS\/6NT\/6NU. Si vous avez d\u00e9j\u00e0 fait des cotisations \u00e0 un PER Madelin vos revenus professionnels ont \u00e9t\u00e9 d\u00e9clar\u00e9s apr\u00e8s avoir d\u00e9duit ces cotisations. Dans ce cas, utilisez les cases 6OS\/6OT\/6OU pour indiquer les montants que vous avez vers\u00e9s l\u2019ann\u00e9e pr\u00e9c\u00e9dente (N-1) qui correspondent \u00e0 la premi\u00e8re tranche de d\u00e9duction (10 % du b\u00e9n\u00e9fice imposable, limit\u00e9 \u00e0 8 PASS).<\/li>\n<\/ul>\n<\/li>\n<li>\u00a0Avant de valider votre d\u00e9claration, v\u00e9rifiez que les informations sont correctes. Enfin, vous pouvez valider votre d\u00e9claration.<\/li>\n<\/ol>\n<div class='cta-block'><div class='text'>Simulez toutes vos Aides en 2 min.<\/div><a href='https:\/\/www.mes-allocs.fr\/ab-app?origin=guides\/wp-json\/wp\/v2\/posts\/83840' class='app-button fit'>Simulation gratuite<\/a><\/div>\n<h1>Quelles sont les dates limites \u00e0 respecter pour d\u00e9clarer son PER en 2025 ?<\/h1>\n<h2>Quelle est la date limite de versement sur le PER pour 2025?<\/h2>\n<p>Si vous voulez profiter de la d\u00e9duction fiscale pour votre PER l&rsquo;ann\u00e9e prochaine, donc en 2026, vous avez en g\u00e9n\u00e9ral jusqu\u2019au 31 d\u00e9cembre 2025. Mais attention, certains \u00e9tablissements appliquent une date limite anticip\u00e9e.<\/p>\n<h2>Quand devez-vous d\u00e9clarer vos versements PER effectu\u00e9s en 2024 et en 2025 ?<\/h2>\n<p>Vos versements PER pour l\u2019ann\u00e9e 2024 sont \u00e0 inclure dans votre d\u00e9claration de revenus \u00e0 partir d\u2019avril 2025. Les dates limites peuvent diff\u00e9rer selon votre d\u00e9partement.<\/p>\n<p>Vos versements PER pour l\u2019ann\u00e9e 2025 seront, eux, \u00e0 inclure dans votre d\u00e9claration de revenus \u00e0 partir d\u2019avril 2026. Mais l\u00e0 encore, les dates limites peuvent diff\u00e9rer selon votre d\u00e9partement.<\/p>\n<h2>Quelles sont les cons\u00e9quences d\u2019un d\u00e9passement de la date limite lors de la d\u00e9claration d\u2019un PER ?<\/h2>\n<p>Si vous ne respectez pas la date limite pour d\u00e9clarer vos revenus en 2025, vous ne pourrez pas profiter de la d\u00e9duction fiscale li\u00e9e aux versements effectu\u00e9s en 2024, et vous risquez de vous retrouver avec des p\u00e9nalit\u00e9s de retard.<\/p>\n<p><iframe loading=\"lazy\" title=\"Le Plan d&#039;\u00c9pargne Retraite (PER)\" width=\"500\" height=\"281\" src=\"https:\/\/www.youtube.com\/embed\/Dnp7M9qYKEk?feature=oembed\" frameborder=\"0\" allow=\"accelerometer; autoplay; clipboard-write; encrypted-media; gyroscope; picture-in-picture; web-share\" referrerpolicy=\"strict-origin-when-cross-origin\" allowfullscreen><\/iframe><\/p>\n<h1>Comment optimiser votre d\u00e9claration PER et maximiser les avantages fiscaux ?<\/h1>\n<h2>Quels sont les plafonds de d\u00e9duction pour le PER ?<\/h2>\n<p>Le <a href=\"https:\/\/www.mes-allocs.fr\/guides\/plan-epargne-retraite\/per-impot\/plafond-per\/\">plafond du PER<\/a> est calcul\u00e9 de deux mani\u00e8res, vous avez la possibilit\u00e9 de choisir le calcul qui vous avantage le plus :<\/p>\n<ul>\n<li aria-level=\"1\">Bas\u00e9 sur vos revenus : 10 % de vos revenus professionnels nets au cours de l\u2019ann\u00e9e N-1, limit\u00e9 \u00e0 8 fois le PASS qui a \u00e9t\u00e9 fix\u00e9 \u00e0 43 992 \u20ac pour l\u2019ann\u00e9e 2024.<\/li>\n<li aria-level=\"1\">Plafond fixe : 10 % du PASS soit 4 399 \u20ac pour 2024.<\/li>\n<\/ul>\n<h2>Pouvez-vous utiliser le plafond non utilis\u00e9 des ann\u00e9es pr\u00e9c\u00e9dentes ?<\/h2>\n<p>Si vous n\u2019avez pas utilis\u00e9 le plafond disponible, vous pouvez reporter le plafond non utilis\u00e9 des trois ann\u00e9es pr\u00e9c\u00e9dentes.<\/p>\n<h2>Pouvez-vous mutualiser votre plafond de d\u00e9duction avec votre conjoint ?<\/h2>\n<p>Oui, si vous \u00eates mari\u00e9 ou pacs\u00e9 et que vous faites une d\u00e9claration commune, vous pouvez fusionner vos plafonds de d\u00e9duction PER avec ceux de votre partenaire. Cela veut dire que vous pouvez additionner vos plafonds individuels, surtout si l\u2019un de vous a des revenus plus \u00e9lev\u00e9s ou n\u2019utilise pas du tout son plafond. Pour cela, il vous suffit de cocher la case 6QR sur votre d\u00e9claration de revenus (formulaire 2042)<\/p>\n<p>Besoin d&rsquo;aides dans vos d\u00e9marches ? Contactez nos experts <strong>Mes Allocs<\/strong> !<\/p>\n<div class='cta-block'><div class='text'>Simulez toutes vos Aides en 2 min.<\/div><a href='https:\/\/www.mes-allocs.fr\/ab-app?origin=guides\/wp-json\/wp\/v2\/posts\/83840' class='app-button fit'>Simulation gratuite<\/a><\/div>\n","protected":false},"excerpt":{"rendered":"<p>Le Plan d\u2019\u00c9pargne Retraite (PER) est un excellent moyen de pr\u00e9parer votre retraite, tout en profitant d\u2019avantages fiscaux. Pour profiter pleinement de ces avantages, il est important de d\u00e9clarer votre PER correctement. Mes Allocs vous accompagne dans vos d\u00e9marches en r\u00e9pondant \u00e0 toutes vos questions. Qu\u2019est ce que le PER et pourquoi le d\u00e9clarer ? [&hellip;]<\/p>\n","protected":false},"author":31,"featured_media":83955,"comment_status":"open","ping_status":"open","sticky":false,"template":"","format":"standard","meta":{"amp_status":"","footnotes":""},"categories":[39401,22667],"tags":[],"class_list":["post-83840","post","type-post","status-publish","format-standard","has-post-thumbnail","hentry","category-per-impot","category-plan-epargne-retraite"],"yoast_head":"<!-- This site is optimized with the Yoast SEO plugin v14.9 - https:\/\/yoast.com\/wordpress\/plugins\/seo\/ -->\n<title>PER : comment d\u00e9clarer les versements aux imp\u00f4ts ? | Mes-Allocs.fr<\/title>\n<meta name=\"description\" content=\"D\u00e9clarer votre PER : guide et astuces pour optimiser votre d\u00e9duction fiscale. Plafonds, dates, cases \u00e0 cocher... Mes Allocs vous dit tout !\" \/>\n<meta name=\"robots\" content=\"index, follow, max-snippet:-1, max-image-preview:large, max-video-preview:-1\" \/>\n<link rel=\"canonical\" href=\"https:\/\/www.mes-allocs.fr\/guides\/plan-epargne-retraite\/per-impot\/declarer-per\/\" \/>\n<meta property=\"og:locale\" content=\"fr_FR\" \/>\n<meta property=\"og:type\" content=\"article\" \/>\n<meta property=\"og:title\" content=\"PER : comment d\u00e9clarer les versements aux imp\u00f4ts ? | Mes-Allocs.fr\" \/>\n<meta property=\"og:description\" content=\"D\u00e9clarer votre PER : guide et astuces pour optimiser votre d\u00e9duction fiscale. Plafonds, dates, cases \u00e0 cocher... Mes Allocs vous dit tout !\" \/>\n<meta property=\"og:url\" content=\"https:\/\/www.mes-allocs.fr\/guides\/plan-epargne-retraite\/per-impot\/declarer-per\/\" \/>\n<meta property=\"og:site_name\" content=\"Mes-Allocs.fr\" \/>\n<meta property=\"article:published_time\" content=\"2024-10-11T07:33:07+00:00\" \/>\n<meta property=\"article:modified_time\" content=\"2026-04-22T09:51:27+00:00\" \/>\n<meta property=\"og:image\" content=\"https:\/\/www.mes-allocs.fr\/guides\/wp-content\/uploads\/2024\/10\/declarer-plan-epargne-retraite.jpg?wsr\" \/>\n\t<meta property=\"og:image:width\" content=\"1280\" \/>\n\t<meta property=\"og:image:height\" content=\"853\" \/>\n<meta name=\"twitter:card\" content=\"summary_large_image\" \/>\n<script type=\"application\/ld+json\" class=\"yoast-schema-graph\">{\"@context\":\"https:\/\/schema.org\",\"@graph\":[{\"@type\":\"WebSite\",\"@id\":\"https:\/\/www.mes-allocs.fr\/guides\/#website\",\"url\":\"https:\/\/www.mes-allocs.fr\/guides\/\",\"name\":\"Mes-Allocs.fr\",\"description\":\"\",\"potentialAction\":[{\"@type\":\"SearchAction\",\"target\":\"https:\/\/www.mes-allocs.fr\/guides\/?s={search_term_string}\",\"query-input\":\"required name=search_term_string\"}],\"inLanguage\":\"fr-FR\"},{\"@type\":\"ImageObject\",\"@id\":\"https:\/\/www.mes-allocs.fr\/guides\/plan-epargne-retraite\/per-impot\/declarer-per\/#primaryimage\",\"inLanguage\":\"fr-FR\",\"url\":\"https:\/\/www.mes-allocs.fr\/guides\/wp-content\/uploads\/2024\/10\/declarer-plan-epargne-retraite.jpg?wsr\",\"width\":1280,\"height\":853,\"caption\":\"declarer plan epargne retraite\"},{\"@type\":\"WebPage\",\"@id\":\"https:\/\/www.mes-allocs.fr\/guides\/plan-epargne-retraite\/per-impot\/declarer-per\/#webpage\",\"url\":\"https:\/\/www.mes-allocs.fr\/guides\/plan-epargne-retraite\/per-impot\/declarer-per\/\",\"name\":\"PER : comment d\\u00e9clarer les versements aux imp\\u00f4ts ? | Mes-Allocs.fr\",\"isPartOf\":{\"@id\":\"https:\/\/www.mes-allocs.fr\/guides\/#website\"},\"primaryImageOfPage\":{\"@id\":\"https:\/\/www.mes-allocs.fr\/guides\/plan-epargne-retraite\/per-impot\/declarer-per\/#primaryimage\"},\"datePublished\":\"2024-10-11T07:33:07+00:00\",\"dateModified\":\"2026-04-22T09:51:27+00:00\",\"author\":{\"@id\":\"https:\/\/www.mes-allocs.fr\/guides\/#\/schema\/person\/4f115680446d9e6de360142157ca671d\"},\"description\":\"D\\u00e9clarer votre PER : guide et astuces pour optimiser votre d\\u00e9duction fiscale. Plafonds, dates, cases \\u00e0 cocher... Mes Allocs vous dit tout !\",\"inLanguage\":\"fr-FR\"},{\"@type\":\"Person\",\"@id\":\"https:\/\/www.mes-allocs.fr\/guides\/#\/schema\/person\/4f115680446d9e6de360142157ca671d\",\"name\":\"Miangaly Ramasindray\",\"image\":{\"@type\":\"ImageObject\",\"@id\":\"https:\/\/www.mes-allocs.fr\/guides\/#personlogo\",\"inLanguage\":\"fr-FR\",\"url\":\"https:\/\/www.mes-allocs.fr\/guides\/wp-content\/uploads\/2024\/10\/Miangaly_Ramasindray-150x150.jpeg\",\"caption\":\"Miangaly Ramasindray\"},\"description\":\"Miangaly est r\\u00e9dactrice web sp\\u00e9cialis\\u00e9e sur les sujets de pouvoir d'achat. Elle rejoint Mes Allocs en 2024 apr\\u00e8s une premi\\u00e8re exp\\u00e9rience en marketing chez DMI.\",\"sameAs\":[\"https:\/\/www.linkedin.com\/in\/miangaly-ramasindray\/\"]}]}<\/script>\n<!-- \/ Yoast SEO plugin. -->","amp_validity":null,"acf":{"faq":{"1":{"question":"Puis-je ouvrir un PER si je suis d\u00e9j\u00e0 \u00e0 la retraite ?","answer":"Oui, vous pouvez ouvrir un PER m\u00eame si vous \u00eates d\u00e9j\u00e0 retrait\u00e9."},"2":{"question":"Quel est l'\u00e2ge limite pour ouvrir un PER ?","answer":"Il n'y a pas d'\u00e2ge limite pour ouvrir un PER."},"3":{"question":"Puis-je transf\u00e9rer mon PER d'un \u00e9tablissement \u00e0 un autre ?","answer":"Oui, vous pouvez transf\u00e9rer votre PER d'un \u00e9tablissement financier \u00e0 un autre."},"4":{"question":"Quand puis-je r\u00e9cup\u00e9rer l'argent plac\u00e9 sur mon PER ?","answer":"Vous pouvez r\u00e9cup\u00e9rer l'argent plac\u00e9 sur votre PER au moment de votre d\u00e9part \u00e0 la retraite."},"5":{"question":"Puis-je retirer de l'argent de mon PER avant la retraite ?","answer":"Oui, dans certains cas exceptionnels comme l'achat de votre r\u00e9sidence principale, l'invalidit\u00e9 ou le surendettement."},"6":{"question":"Comment choisir le PER qui me convient le mieux ?","answer":"Le choix du PER d\u00e9pend de votre situation professionnelle et de vos objectifs d'\u00e9pargne.\r\n\r\n"},"7":{"question":"","answer":""},"8":{"question":"","answer":""},"9":{"question":"","answer":""},"10":{"question":"","answer":""},"11":{"question":"","answer":""},"12":{"question":"","answer":""},"13":{"question":"","answer":""},"14":{"question":"","answer":""},"15":{"question":"","answer":""},"16":{"question":"","answer":""}}},"_links":{"self":[{"href":"https:\/\/www.mes-allocs.fr\/guides\/wp-json\/wp\/v2\/posts\/83840","targetHints":{"allow":["GET"]}}],"collection":[{"href":"https:\/\/www.mes-allocs.fr\/guides\/wp-json\/wp\/v2\/posts"}],"about":[{"href":"https:\/\/www.mes-allocs.fr\/guides\/wp-json\/wp\/v2\/types\/post"}],"author":[{"embeddable":true,"href":"https:\/\/www.mes-allocs.fr\/guides\/wp-json\/wp\/v2\/users\/31"}],"replies":[{"embeddable":true,"href":"https:\/\/www.mes-allocs.fr\/guides\/wp-json\/wp\/v2\/comments?post=83840"}],"version-history":[{"count":15,"href":"https:\/\/www.mes-allocs.fr\/guides\/wp-json\/wp\/v2\/posts\/83840\/revisions"}],"predecessor-version":[{"id":97613,"href":"https:\/\/www.mes-allocs.fr\/guides\/wp-json\/wp\/v2\/posts\/83840\/revisions\/97613"}],"wp:featuredmedia":[{"embeddable":true,"href":"https:\/\/www.mes-allocs.fr\/guides\/wp-json\/wp\/v2\/media\/83955"}],"wp:attachment":[{"href":"https:\/\/www.mes-allocs.fr\/guides\/wp-json\/wp\/v2\/media?parent=83840"}],"wp:term":[{"taxonomy":"category","embeddable":true,"href":"https:\/\/www.mes-allocs.fr\/guides\/wp-json\/wp\/v2\/categories?post=83840"},{"taxonomy":"post_tag","embeddable":true,"href":"https:\/\/www.mes-allocs.fr\/guides\/wp-json\/wp\/v2\/tags?post=83840"}],"curies":[{"name":"wp","href":"https:\/\/api.w.org\/{rel}","templated":true}]}}