{"id":83830,"date":"2024-10-10T18:38:30","date_gmt":"2024-10-10T16:38:30","guid":{"rendered":"https:\/\/www.mes-allocs.fr\/guides\/?p=83830"},"modified":"2026-04-22T10:51:27","modified_gmt":"2026-04-22T09:51:27","slug":"prime-de-noel-2-enfants","status":"publish","type":"post","link":"https:\/\/www.mes-allocs.fr\/guides\/prime-de-noel\/conditions-prime-de-noel\/prime-de-noel-2-enfants\/","title":{"rendered":"Prime de No\u00ebl avec 2 enfants : conditions et montant"},"content":{"rendered":"<p><img loading=\"lazy\" decoding=\"async\" class=\"aligncenter size-full wp-image-105116\" title=\"prime noel deux enfants\" src=\"https:\/\/www.mes-allocs.fr\/guides\/wp-content\/uploads\/2024\/10\/prime-noel-deux-enfants-e1761149083764.jpg\" alt=\"prime noel deux enfants\" width=\"1920\" height=\"300\" srcset=\"https:\/\/www.mes-allocs.fr\/guides\/wp-content\/uploads\/2024\/10\/prime-noel-deux-enfants-e1761149083764.jpg 1920w, https:\/\/www.mes-allocs.fr\/guides\/wp-content\/uploads\/2024\/10\/prime-noel-deux-enfants-e1761149083764-300x47.jpg 300w, https:\/\/www.mes-allocs.fr\/guides\/wp-content\/uploads\/2024\/10\/prime-noel-deux-enfants-e1761149083764-1024x160.jpg 1024w, https:\/\/www.mes-allocs.fr\/guides\/wp-content\/uploads\/2024\/10\/prime-noel-deux-enfants-e1761149083764-768x120.jpg 768w, https:\/\/www.mes-allocs.fr\/guides\/wp-content\/uploads\/2024\/10\/prime-noel-deux-enfants-e1761149083764-1536x240.jpg 1536w, https:\/\/www.mes-allocs.fr\/guides\/wp-content\/uploads\/2024\/10\/prime-noel-deux-enfants-e1761149083764-600x94.jpg 600w\" sizes=\"auto, (max-width: 1920px) 100vw, 1920px\" \/>[Mis \u00e0 jour le 04\/12\/2025] No\u00ebl approche, le versement de la prime de No\u00ebl \u00e0 tous ses b\u00e9n\u00e9ficiaires arrive bient\u00f4t. Mais connaissez-vous les <a href=\"https:\/\/www.mes-allocs.fr\/guides\/prime-de-noel\/conditions-prime-de-noel\/\">conditions pour toucher la prime de No\u00ebl<\/a> ? Savez-vous avec certitude le montant de cette aide exceptionnelle auquel vous avez droit ? Comment \u00e7a se passe quand on a 2 enfants \u00e0 charge ? On vous \u00e9claire sur les questions que vous vous posez pour b\u00e9n\u00e9ficier de la <strong>prime de No\u00ebl avec 2 enfants<\/strong>.<\/p>\n<div class='cta-block'><div class='text'>Simulez votre prime de No\u00ebl en 2 min.<\/div><a href='https:\/\/www.mes-allocs.fr\/ab-app?origin=guides\/wp-json\/wp\/v2\/posts\/83830' class='app-button fit'>Simulation gratuite<\/a><\/div>\n<h1>Peut-on b\u00e9n\u00e9ficier de la prime de No\u00ebl quand on a 2 enfants ?<\/h1>\n<p><strong>La r\u00e9ponse est oui.<\/strong> Votre \u00e9ligibilit\u00e9 ne d\u00e9pend pas de votre nombre d&rsquo;enfants. Les conditions d&rsquo;\u00e9ligibilit\u00e9 \u00e0 la prime de No\u00ebl prennent seulement en compte les aides potentielles que vous pouvez toucher des organismes verseurs.<\/p>\n<p><div class='shortcode tips'><div class='title'>Exemple<\/div><div class='content'>Marion a 2 enfants alors que Sophie n&rsquo;en a pas. Elles sont toutes les deux potentiellement \u00e9ligibles \u00e0 la prime de No\u00ebl.<\/div><\/div><!-- notionvc: 2468bf67-b209-4e0e-9173-092d62b3f521 --><\/p>\n<p>Par contre, avoir un ou plusieurs enfants peut vous permettre un versement plus important dans le cas de la prime de No\u00ebl CAF \/ MSA. Cette majoration est logique puisqu&rsquo;un enfant suppl\u00e9mentaire \u00e0 charge repr\u00e9sente des co\u00fbts financiers plus cons\u00e9quents. <strong>Ainsi, le montant de la prime de No\u00ebl de la CAF ou la MSA d\u00e9pend de votre situation familiale et de votre situation matrimoniale, tandis que pour celle vers\u00e9e par France Travail, ce n&rsquo;est pas pris en compte.<\/strong><\/p>\n<h1>Quel est le montant de la prime de No\u00ebl avec 2 enfants \u00e0 charge ?<\/h1>\n<p><strong>Pour les b\u00e9n\u00e9ficiaires de la CAF ou de la MSA,<\/strong> le montant auquel vous pouvez vous attendre avec 2 enfants est de 274,41 \u20ac si vous \u00eates seul et 320,15 \u20ac si vous \u00eates en couple. Tous les montants sont d\u00e9taill\u00e9s dans ce tableau :<\/p>\n<p><span style=\"font-weight: 400;\">\n<div class=\"wpdt-c row wpDataTableContainerSimpleTable wpDataTables wpDataTablesWrapper\n wdtscroll\"\n    >\n    <table id=\"wpdtSimpleTable-33\"\n           class=\"wpdtSimpleTable wpDataTable\"\n           data-column=\"3\"\n           data-rows=\"8\"\n           data-wpID=\"33\"\n           data-responsive=\"0\"\n           data-has-header=\"0\">\n\n                    <tbody>        <tr class=\"wpdt-cell-row \" >\n                            <td class=\"wpdt-cell wpdt-bc-F3F9FE wpdt-bold\"\n                                    data-cell-id=\"A1\"\n                data-col-index=\"0\"\n                data-row-index=\"0\"\n                style=\" width:260px;                padding:10px;\"\n                >\n                                Nombre d\u2019enfant(s)                <\/td>\n                                            <td class=\"wpdt-cell wpdt-bc-F3F9FE wpdt-bold\"\n                                    data-cell-id=\"B1\"\n                data-col-index=\"1\"\n                data-row-index=\"0\"\n                style=\" width:228px;                padding:10px;\"\n                >\n                                Personne seule                <\/td>\n                                            <td class=\"wpdt-cell wpdt-bc-F3F9FE wpdt-bold\"\n                                    data-cell-id=\"C1\"\n                data-col-index=\"2\"\n                data-row-index=\"0\"\n                style=\" width:217px;                padding:10px;\"\n                >\n                                En couple                <\/td>\n                                        <\/tr>\n                            <tr class=\"wpdt-cell-row \" >\n                            <td class=\"wpdt-cell wpdt-bold\"\n                                    data-cell-id=\"A2\"\n                data-col-index=\"0\"\n                data-row-index=\"1\"\n                style=\"                padding:10px;\"\n                >\n                                Sans enfant                <\/td>\n                                            <td class=\"wpdt-cell \"\n                                    data-cell-id=\"B2\"\n                data-col-index=\"1\"\n                data-row-index=\"1\"\n                style=\"                padding:10px;\"\n                >\n                                152,45 \u20ac                <\/td>\n                                            <td class=\"wpdt-cell \"\n                                    data-cell-id=\"C2\"\n                data-col-index=\"2\"\n                data-row-index=\"1\"\n                style=\"                padding:10px;\"\n                >\n                                228,68 \u20ac                <\/td>\n                                        <\/tr>\n                            <tr class=\"wpdt-cell-row \" >\n                            <td class=\"wpdt-cell wpdt-bold\"\n                                    data-cell-id=\"A3\"\n                data-col-index=\"0\"\n                data-row-index=\"2\"\n                style=\"                padding:10px;\"\n                >\n                                1 enfant                <\/td>\n                                            <td class=\"wpdt-cell \"\n                                    data-cell-id=\"B3\"\n                data-col-index=\"1\"\n                data-row-index=\"2\"\n                style=\"                padding:10px;\"\n                >\n                                228,68 \u20ac                <\/td>\n                                            <td class=\"wpdt-cell \"\n                                    data-cell-id=\"C3\"\n                data-col-index=\"2\"\n                data-row-index=\"2\"\n                style=\"                padding:10px;\"\n                >\n                                274,41 \u20ac                <\/td>\n                                        <\/tr>\n                            <tr class=\"wpdt-cell-row \" >\n                            <td class=\"wpdt-cell wpdt-bold\"\n                                    data-cell-id=\"A4\"\n                data-col-index=\"0\"\n                data-row-index=\"3\"\n                style=\"                padding:10px;\"\n                >\n                                2 enfants                <\/td>\n                                            <td class=\"wpdt-cell \"\n                                    data-cell-id=\"B4\"\n                data-col-index=\"1\"\n                data-row-index=\"3\"\n                style=\"                padding:10px;\"\n                >\n                                274,41 \u20ac                <\/td>\n                                            <td class=\"wpdt-cell \"\n                                    data-cell-id=\"C4\"\n                data-col-index=\"2\"\n                data-row-index=\"3\"\n                style=\"                padding:10px;\"\n                >\n                                320,15 \u20ac                <\/td>\n                                        <\/tr>\n                            <tr class=\"wpdt-cell-row \" >\n                            <td class=\"wpdt-cell wpdt-bold\"\n                                    data-cell-id=\"A5\"\n                data-col-index=\"0\"\n                data-row-index=\"4\"\n                style=\"                padding:10px;\"\n                >\n                                3 enfants                <\/td>\n                                            <td class=\"wpdt-cell \"\n                                    data-cell-id=\"B5\"\n                data-col-index=\"1\"\n                data-row-index=\"4\"\n                style=\"                padding:10px;\"\n                >\n                                335,39 \u20ac                <\/td>\n                                            <td class=\"wpdt-cell \"\n                                    data-cell-id=\"C5\"\n                data-col-index=\"2\"\n                data-row-index=\"4\"\n                style=\"                padding:10px;\"\n                >\n                                381,13 \u20ac                <\/td>\n                                        <\/tr>\n                            <tr class=\"wpdt-cell-row \" >\n                            <td class=\"wpdt-cell wpdt-bold\"\n                                    data-cell-id=\"A6\"\n                data-col-index=\"0\"\n                data-row-index=\"5\"\n                style=\"                padding:10px;\"\n                >\n                                4 enfants                <\/td>\n                                            <td class=\"wpdt-cell \"\n                                    data-cell-id=\"B6\"\n                data-col-index=\"1\"\n                data-row-index=\"5\"\n                style=\"                padding:10px;\"\n                >\n                                396,37 \u20ac                <\/td>\n                                            <td class=\"wpdt-cell \"\n                                    data-cell-id=\"C6\"\n                data-col-index=\"2\"\n                data-row-index=\"5\"\n                style=\"                padding:10px;\"\n                >\n                                442,11 \u20ac                <\/td>\n                                        <\/tr>\n                            <tr class=\"wpdt-cell-row \" >\n                            <td class=\"wpdt-cell wpdt-bold\"\n                                    data-cell-id=\"A7\"\n                data-col-index=\"0\"\n                data-row-index=\"6\"\n                style=\"                padding:10px;\"\n                >\n                                5 enfants                <\/td>\n                                            <td class=\"wpdt-cell \"\n                                    data-cell-id=\"B7\"\n                data-col-index=\"1\"\n                data-row-index=\"6\"\n                style=\"                padding:10px;\"\n                >\n                                457,35 \u20ac                <\/td>\n                                            <td class=\"wpdt-cell \"\n                                    data-cell-id=\"C7\"\n                data-col-index=\"2\"\n                data-row-index=\"6\"\n                style=\"                padding:10px;\"\n                >\n                                503,09 \u20ac                <\/td>\n                                        <\/tr>\n                            <tr class=\"wpdt-cell-row \" >\n                            <td class=\"wpdt-cell wpdt-bold\"\n                                    data-cell-id=\"A8\"\n                data-col-index=\"0\"\n                data-row-index=\"7\"\n                style=\"                padding:10px;\"\n                >\n                                Par enfant(s) suppl\u00e9mentaire                <\/td>\n                                            <td class=\"wpdt-cell \"\n                                    data-cell-id=\"B8\"\n                data-col-index=\"1\"\n                data-row-index=\"7\"\n                style=\"                padding:10px;\"\n                >\n                                +60,98 \u20ac                <\/td>\n                                            <td class=\"wpdt-cell \"\n                                    data-cell-id=\"C8\"\n                data-col-index=\"2\"\n                data-row-index=\"7\"\n                style=\"                padding:10px;\"\n                >\n                                +60,98 \u20ac                <\/td>\n                                        <\/tr>\n                    <\/table>\n<\/div><style id='wpdt-custom-style-33'>\n.wpdt-bc-F3F9FE { background-color: #F3F9FE !important;}\n<\/style>\n<\/span><\/p>\n<p><em>(Montants officiels en vigueur au 03\/12\/2025)<\/em><\/p>\n<div class='shortcode tips'><div class='title'><\/div><div class='content'>Jules fait partie des b\u00e9n\u00e9ficiaires du Revenu de Solidarit\u00e9 Active, son organisme est donc la CAF. De plus, il est seul \u00e0 s&rsquo;occuper de sa fils. Le montant de prime de No\u00ebl qui lui sera vers\u00e9e en 2025 est de 274,41 \u20ac.<\/div><\/div>\n<p><strong>Pour les b\u00e9n\u00e9ficiaires de France Travail,<\/strong> le montant auquel vous pouvez vous attendre avec 2 enfants est de 152,45 \u20ac, que vous soyez seul(e) ou en couple. En effet, depuis 2024, plus aucune majoration n&rsquo;est appliqu\u00e9e en cas d&rsquo;enfant(s) \u00e0 charge : le montant de la prime de No\u00ebl vers\u00e9e par France Travail est de 152,45 \u20ac et il s&rsquo;agit d&rsquo;un montant fixe qui est le m\u00eame pour tous.<\/p>\n<div class='cta-block'><div class='text'>Simulez votre prime de No\u00ebl en 2 min.<\/div><a href='https:\/\/www.mes-allocs.fr\/ab-app?origin=guides\/wp-json\/wp\/v2\/posts\/83830' class='app-button fit'>Simulation gratuite<\/a><\/div>\n<h1>Je suis enceinte, est-ce que je suis compt\u00e9e comme ayant 3 enfants ?<\/h1>\n<p><strong>La r\u00e9ponse est non.<\/strong> En effet, le b\u00e9b\u00e9 que vous portez n&rsquo;est pas comptabilis\u00e9 dans le calcul du montant votre prime de No\u00ebl. Ce qui signifie que dans le tableau des montants, vous \u00eates compt\u00e9 comme ayant \u00a0\u00bb 2 enfants \u00e0 charge\u00a0\u00bb.<\/p>\n<p>A la naissance de votre enfant, vous pourrez pr\u00e9tendre aux montants valables pour 3 enfants \u00e0 charge. En effet, la prime de No\u00ebl se calcule en fonction de la composition de la famille du b\u00e9n\u00e9ficiaire.<\/p>\n<p><iframe loading=\"lazy\" title=\"La prime de No\u00ebl\" width=\"500\" height=\"281\" src=\"https:\/\/www.youtube.com\/embed\/JSd0X11Muig?feature=oembed\" frameborder=\"0\" allow=\"accelerometer; autoplay; clipboard-write; encrypted-media; gyroscope; picture-in-picture; web-share\" referrerpolicy=\"strict-origin-when-cross-origin\" allowfullscreen><\/iframe><\/p>\n<h1>Quelles sont les diff\u00e9rentes primes de No\u00ebl en 2025 quand on a 2 enfants ?<\/h1>\n<p>Il existe plusieurs primes de No\u00ebl qui se diff\u00e9rencient suivant l&rsquo;organisme verseur.<\/p>\n<h2>La prime de No\u00ebl CAF<\/h2>\n<p>La prime de No\u00ebl vers\u00e9e par la CAF vise \u00e0 aider certains b\u00e9n\u00e9ficiaires de minima sociaux en leur proposant un coup de pouce cons\u00e9quent de fin d&rsquo;ann\u00e9e.<\/p>\n<p>Pour avoir la prime de No\u00ebl CAF en 2025, <strong>vous devez obligatoirement \u00eatre b\u00e9n\u00e9ficiaire en novembre 2025 ou \u00e0 d\u00e9faut au mois de d\u00e9cembre 2025 du RSA. <\/strong><\/p>\n<h2>La prime de No\u00ebl France Travail<\/h2>\n<p>La prime de No\u00ebl vers\u00e9e par France Travail existe pour apporter un soutien \u00e0 ces b\u00e9n\u00e9ficiaires, comme le fait la prime de No\u00ebl de la CAF.<\/p>\n<p><strong>Vous devez b\u00e9n\u00e9ficier d&rsquo;une des aides suivantes pour avoir droit \u00e0 la prime de No\u00ebl France Travail :<\/strong><\/p>\n<ul>\n<li>Allocation de Solidarit\u00e9 Sp\u00e9cifique <strong>(ASS)<\/strong><\/li>\n<li>Allocation de Solidarit\u00e9 Sp\u00e9cifique Formation <strong>(ASS-F)<\/strong><\/li>\n<li>Aide \u00e0 la Cr\u00e9ation et la Reprise d&rsquo;Entreprise pour les b\u00e9n\u00e9ficiaires de l&rsquo;ASS <strong>(ACRE-ASS)<\/strong><\/li>\n<li>Allocation Equivalent Retraite <strong>(AER)<\/strong><\/li>\n<li>R\u00e9mun\u00e9ration de la Formation P\u00f4le Emploi <strong>(RFPE)<\/strong> ou la R\u00e9mun\u00e9ration des Stagiaires de la Formation Professionnelle\/R\u00e9mun\u00e9ration Publique de Stage <strong>(RSFP\/RPS)<\/strong> <strong>uniquement si<\/strong> vous percevez l&rsquo;Allocation de Solidarit\u00e9 Sp\u00e9cifique (ASS) la veille de vos d\u00e9buts en formation<\/li>\n<li>Aide \u00e0 la Cr\u00e9ation et la Reprise d&rsquo;Entreprise pour les b\u00e9n\u00e9ficiaires de l&rsquo;ASS <strong>(ACRE-ASS)<\/strong><\/li>\n<\/ul>\n<p><strong>Attention,<\/strong> tout comme pour la CAF, il faut imp\u00e9rativement que vous soyez b\u00e9n\u00e9ficiaire d&rsquo;une de ces aides <strong>au mois de novembre ou d\u00e9cembre 2025<\/strong> pour \u00eatre \u00e9ligible.<\/p>\n<h2>La prime de No\u00ebl en entreprise<\/h2>\n<p>Il est aussi possible de toucher une prime de No\u00ebl en entreprise. Celle-ci est diff\u00e9rente des deux pr\u00e9c\u00e9dentes car elle d\u00e9pend de votre employeur.<\/p>\n<p>Si votre entreprise propose une prime de No\u00ebl \u00e0 ses employ\u00e9s, elle peut \u00eatre sous une de ces formes :<\/p>\n<ul>\n<li>Une prime explicitement convenue<\/li>\n<li>Une prime d&rsquo;usage<\/li>\n<li>Une prime exceptionnelle<\/li>\n<\/ul>\n<p><strong>Attention, l&#8217;employeur n&rsquo;est pas oblig\u00e9 de verser une prime de No\u00ebl \u00e0 ces employ\u00e9s.<\/strong> Sauf si on la retrouve inscrite par \u00e9crit sur une convention ou sur votre contrat de travail.<\/p>\n<h2>Peut-on cumuler les primes de No\u00ebl ?<\/h2>\n<p><strong>Malheureusement, il est impossible de cumuler la prime de No\u00ebl de la CAF et celle de France Travail.<\/strong> Si vous \u00eates \u00e9ligible aux deux, une seule vous sera vers\u00e9e. La prime de No\u00ebl \u00e0 laquelle vous aurez droit sera celle dont le montant est le plus \u00e9lev\u00e9.<\/p>\n<p>Cependant, il est possible de cumuler la prime de No\u00ebl de la CAF ou de France Travail avec la prime de No\u00ebl accord\u00e9e par votre entreprise, s&rsquo;il y en a une.<\/p>\n<h1>Comment faire une simulation de prime de No\u00ebl avec 2 enfants \u00e0 charge ?<\/h1>\n<p>Pour vous assurer de toucher la prime de No\u00ebl, vous pouvez simuler vos droits. Pour cela, nous mettons \u00e0 votre disposition notre simulateur. Celui-ci est gratuit, rapide et fiable. Vous pouvez aussi faire appel \u00e0 un de nos conseillers qui sera ravi de vous accompagner dans vos d\u00e9marches.<\/p>\n<div class='cta-block'><div class='text'>Simulez votre prime de No\u00ebl en 2 min.<\/div><a href='https:\/\/www.mes-allocs.fr\/ab-app?origin=guides\/wp-json\/wp\/v2\/posts\/83830' class='app-button fit'>Simulation gratuite<\/a><\/div>\n<h1>Comment faire sa demande de prime de No\u00ebl ?<\/h1>\n<p><strong>Vous n&rsquo;avez aucune d\u00e9marche \u00e0 entreprendre pour b\u00e9n\u00e9ficier de la prime de No\u00ebl.<\/strong> Les organismes verseurs s&rsquo;occupent de v\u00e9rifier qui sont ces b\u00e9n\u00e9ficiaires.<\/p>\n<p>La seule chose que vous pouvez faire si vous le souhaitez, est de v\u00e9rifier que les informations que vous avez fournies \u00e0 votre organisme sont toujours valables.<\/p>\n<h1>Comment se passe le versement de la prime de No\u00ebl en 2025 ?<\/h1>\n<p>Pour 2025, la date de versement est fix\u00e9e au 16 d\u00e9cembre 2025.<\/p>\n","protected":false},"excerpt":{"rendered":"<p>[Mis \u00e0 jour le 04\/12\/2025] No\u00ebl approche, le versement de la prime de No\u00ebl \u00e0 tous ses b\u00e9n\u00e9ficiaires arrive bient\u00f4t. Mais connaissez-vous les conditions pour toucher la prime de No\u00ebl ? Savez-vous avec certitude le montant de cette aide exceptionnelle auquel vous avez droit ? Comment \u00e7a se passe quand on a 2 enfants \u00e0 [&hellip;]<\/p>\n","protected":false},"author":30,"featured_media":83876,"comment_status":"open","ping_status":"open","sticky":false,"template":"","format":"standard","meta":{"amp_status":"","footnotes":""},"categories":[38870,31],"tags":[],"class_list":["post-83830","post","type-post","status-publish","format-standard","has-post-thumbnail","hentry","category-conditions-prime-de-noel","category-prime-de-noel"],"yoast_head":"<!-- This site is optimized with the Yoast SEO plugin v14.9 - https:\/\/yoast.com\/wordpress\/plugins\/seo\/ -->\n<title>Prime de No\u00ebl avec 2 enfants : conditions et montant | Mes-Allocs.fr<\/title>\n<meta name=\"description\" content=\"Le versement de la prime de No\u00ebl approche. Mais pouvez vous la recevoir avec 2 enfants \u00e0 charge ? On vous explique.\" \/>\n<meta name=\"robots\" content=\"index, follow, max-snippet:-1, max-image-preview:large, max-video-preview:-1\" \/>\n<link rel=\"canonical\" href=\"https:\/\/www.mes-allocs.fr\/guides\/prime-de-noel\/conditions-prime-de-noel\/prime-de-noel-2-enfants\/\" \/>\n<meta property=\"og:locale\" content=\"fr_FR\" \/>\n<meta property=\"og:type\" content=\"article\" \/>\n<meta property=\"og:title\" content=\"Prime de No\u00ebl avec 2 enfants : conditions et montant | Mes-Allocs.fr\" \/>\n<meta property=\"og:description\" content=\"Le versement de la prime de No\u00ebl approche. Mais pouvez vous la recevoir avec 2 enfants \u00e0 charge ? On vous explique.\" \/>\n<meta property=\"og:url\" content=\"https:\/\/www.mes-allocs.fr\/guides\/prime-de-noel\/conditions-prime-de-noel\/prime-de-noel-2-enfants\/\" \/>\n<meta property=\"og:site_name\" content=\"Mes-Allocs.fr\" \/>\n<meta property=\"article:published_time\" content=\"2024-10-10T16:38:30+00:00\" \/>\n<meta property=\"article:modified_time\" content=\"2026-04-22T09:51:27+00:00\" \/>\n<meta property=\"og:image\" content=\"https:\/\/www.mes-allocs.fr\/guides\/wp-content\/uploads\/2024\/10\/prime-de-noel-2-enfant-e1728576644726.png?wsr\" \/>\n\t<meta property=\"og:image:width\" content=\"1280\" \/>\n\t<meta property=\"og:image:height\" content=\"336\" \/>\n<meta name=\"twitter:card\" content=\"summary_large_image\" \/>\n<script type=\"application\/ld+json\" class=\"yoast-schema-graph\">{\"@context\":\"https:\/\/schema.org\",\"@graph\":[{\"@type\":\"WebSite\",\"@id\":\"https:\/\/www.mes-allocs.fr\/guides\/#website\",\"url\":\"https:\/\/www.mes-allocs.fr\/guides\/\",\"name\":\"Mes-Allocs.fr\",\"description\":\"\",\"potentialAction\":[{\"@type\":\"SearchAction\",\"target\":\"https:\/\/www.mes-allocs.fr\/guides\/?s={search_term_string}\",\"query-input\":\"required name=search_term_string\"}],\"inLanguage\":\"fr-FR\"},{\"@type\":\"ImageObject\",\"@id\":\"https:\/\/www.mes-allocs.fr\/guides\/prime-de-noel\/conditions-prime-de-noel\/prime-de-noel-2-enfants\/#primaryimage\",\"inLanguage\":\"fr-FR\",\"url\":\"https:\/\/www.mes-allocs.fr\/guides\/wp-content\/uploads\/2024\/10\/prime-de-noel-2-enfant-e1728576644726.png?wsr\",\"width\":1280,\"height\":336,\"caption\":\"prime de noel enfant\"},{\"@type\":\"WebPage\",\"@id\":\"https:\/\/www.mes-allocs.fr\/guides\/prime-de-noel\/conditions-prime-de-noel\/prime-de-noel-2-enfants\/#webpage\",\"url\":\"https:\/\/www.mes-allocs.fr\/guides\/prime-de-noel\/conditions-prime-de-noel\/prime-de-noel-2-enfants\/\",\"name\":\"Prime de No\\u00ebl avec 2 enfants : conditions et montant | Mes-Allocs.fr\",\"isPartOf\":{\"@id\":\"https:\/\/www.mes-allocs.fr\/guides\/#website\"},\"primaryImageOfPage\":{\"@id\":\"https:\/\/www.mes-allocs.fr\/guides\/prime-de-noel\/conditions-prime-de-noel\/prime-de-noel-2-enfants\/#primaryimage\"},\"datePublished\":\"2024-10-10T16:38:30+00:00\",\"dateModified\":\"2026-04-22T09:51:27+00:00\",\"author\":{\"@id\":\"https:\/\/www.mes-allocs.fr\/guides\/#\/schema\/person\/66505fe443d6e6f3696c5af001f3fab8\"},\"description\":\"Le versement de la prime de No\\u00ebl approche. Mais pouvez vous la recevoir avec 2 enfants \\u00e0 charge ? On vous explique.\",\"inLanguage\":\"fr-FR\"},{\"@type\":\"Person\",\"@id\":\"https:\/\/www.mes-allocs.fr\/guides\/#\/schema\/person\/66505fe443d6e6f3696c5af001f3fab8\",\"name\":\"Lauriane Oriol\",\"image\":{\"@type\":\"ImageObject\",\"@id\":\"https:\/\/www.mes-allocs.fr\/guides\/#personlogo\",\"inLanguage\":\"fr-FR\",\"url\":\"https:\/\/www.mes-allocs.fr\/guides\/wp-content\/uploads\/2024\/10\/1702589802731-1-150x150.jpeg\",\"caption\":\"Lauriane Oriol\"},\"description\":\"Lauriane est r\\u00e9dactrice chez Mes Allocs. Sp\\u00e9cialiste des d\\u00e9marches administratives, elle rejoint Mes Allocs apr\\u00e8s une premi\\u00e8re exp\\u00e9rience en marketing et communication.\"}]}<\/script>\n<!-- \/ Yoast SEO plugin. -->","amp_validity":null,"acf":{"faq":{"1":{"question":"Quel est le montant de la prime de No\u00ebl pour 2 enfants ?","answer":"Le montant de la prime de No\u00ebl avec 2 enfants \u00e0 charge d\u00e9pend de votre organisme verseur."},"2":{"question":"Comment savoir si j'ai droit \u00e0 la prime de No\u00ebl CAF ?","answer":"Nous mettons \u00e0 votre disposition notre simulateur gratuit pour savoir si vous avez droit \u00e0 la prime de No\u00ebl CAF."},"3":{"question":"Quel est le montant de la prime de No\u00ebl 2025 ?","answer":"Le montant forfaitaire de la prime de No\u00ebl 2025 est de 152,45 \u20ac."},"4":{"question":"Comment est calcul\u00e9e la prime de No\u00ebl ?","answer":"La prime de No\u00ebl est calcul\u00e9e selon la composition de votre foyer et votre situation matrimoniale."},"5":{"question":"","answer":""},"6":{"question":"","answer":""},"7":{"question":"","answer":""},"8":{"question":"","answer":""},"9":{"question":"","answer":""},"10":{"question":"","answer":""},"11":{"question":"","answer":""},"12":{"question":"","answer":""},"13":{"question":"","answer":""},"14":{"question":"","answer":""},"15":{"question":"","answer":""},"16":{"question":"","answer":""}}},"_links":{"self":[{"href":"https:\/\/www.mes-allocs.fr\/guides\/wp-json\/wp\/v2\/posts\/83830","targetHints":{"allow":["GET"]}}],"collection":[{"href":"https:\/\/www.mes-allocs.fr\/guides\/wp-json\/wp\/v2\/posts"}],"about":[{"href":"https:\/\/www.mes-allocs.fr\/guides\/wp-json\/wp\/v2\/types\/post"}],"author":[{"embeddable":true,"href":"https:\/\/www.mes-allocs.fr\/guides\/wp-json\/wp\/v2\/users\/30"}],"replies":[{"embeddable":true,"href":"https:\/\/www.mes-allocs.fr\/guides\/wp-json\/wp\/v2\/comments?post=83830"}],"version-history":[{"count":22,"href":"https:\/\/www.mes-allocs.fr\/guides\/wp-json\/wp\/v2\/posts\/83830\/revisions"}],"predecessor-version":[{"id":106375,"href":"https:\/\/www.mes-allocs.fr\/guides\/wp-json\/wp\/v2\/posts\/83830\/revisions\/106375"}],"wp:featuredmedia":[{"embeddable":true,"href":"https:\/\/www.mes-allocs.fr\/guides\/wp-json\/wp\/v2\/media\/83876"}],"wp:attachment":[{"href":"https:\/\/www.mes-allocs.fr\/guides\/wp-json\/wp\/v2\/media?parent=83830"}],"wp:term":[{"taxonomy":"category","embeddable":true,"href":"https:\/\/www.mes-allocs.fr\/guides\/wp-json\/wp\/v2\/categories?post=83830"},{"taxonomy":"post_tag","embeddable":true,"href":"https:\/\/www.mes-allocs.fr\/guides\/wp-json\/wp\/v2\/tags?post=83830"}],"curies":[{"name":"wp","href":"https:\/\/api.w.org\/{rel}","templated":true}]}}