{"id":83745,"date":"2024-10-10T09:07:12","date_gmt":"2024-10-10T07:07:12","guid":{"rendered":"https:\/\/www.mes-allocs.fr\/guides\/?p=83745"},"modified":"2026-04-22T10:51:28","modified_gmt":"2026-04-22T09:51:28","slug":"fiscalite-per","status":"publish","type":"post","link":"https:\/\/www.mes-allocs.fr\/guides\/plan-epargne-retraite\/per-impot\/fiscalite-per\/","title":{"rendered":"Quelle est la fiscalit\u00e9 du Plan d&rsquo;\u00e9pargne retraite ?"},"content":{"rendered":"<p>&nbsp;<\/p>\n<p><img loading=\"lazy\" decoding=\"async\" class=\"aligncenter wp-image-83756 size-large\" title=\"fiscalite per\" src=\"https:\/\/www.mes-allocs.fr\/guides\/wp-content\/uploads\/2024\/10\/fiscalite-per-e1728485890165-1024x266.png\" alt=\"fiscalite per\" width=\"1024\" height=\"266\" \/><\/p>\n<p>Le <a href=\"https:\/\/www.mes-allocs.fr\/guides\/plan-epargne-retraite\/\">Plan d\u2019\u00c9pargne Retraite<\/a> (PER) vous permet d\u2019\u00e9pargner en vue d\u2019accumuler un revenu suppl\u00e9mentaire pour votre retraite. Mais saviez-vous qu\u2019il propose \u00e9galement des avantages fiscaux int\u00e9ressants ? Dans cet article, Mes Allocs vous explique comment fonctionne la <b>fiscalit\u00e9 du PER<\/b>.<\/p>\n<div class='cta-block'><div class='text'>Simulez toutes vos Aides en 2 min.<\/div><a href='https:\/\/www.mes-allocs.fr\/ab-app?origin=guides\/wp-json\/wp\/v2\/posts\/83745' class='app-button fit'>Simulation gratuite<\/a><\/div>\n<h1>Le PER et sa fiscalit\u00e9 avantageuse<\/h1>\n<h2>Qu\u2019est-ce que le PER ?<\/h2>\n<p>Le PER est un produit d\u2019<b>\u00e9pargne \u00e0 long terme<\/b> con\u00e7u pour vous permettre de pr\u00e9parer un revenu suppl\u00e9mentaire pour votre retraite. Cr\u00e9\u00e9 par la loi PACTE en 2019, il se d\u00e9cline en trois types : le PER individuel, le PER d\u2019entreprise collectif et le PER d\u2019entreprise obligatoire.<\/p>\n<h2>Pourquoi s\u2019int\u00e9resser \u00e0 la fiscalit\u00e9 du PER ?<\/h2>\n<p>La<b> fiscalit\u00e9 du Plan d\u2019\u00c9pargne Retraite<\/b> est un facteur d\u00e9terminant de son attrait, surtout pour ceux qui cherchent \u00e0 optimiser leur \u00e9pargne tout en profitant d\u2019avantages fiscaux. Car en effet, le <a href=\"https:\/\/www.mes-allocs.fr\/guides\/plan-epargne-retraite\/per-impot\/\">PER a un impact sur les imp\u00f4ts<\/a>\u00a0que vous allez payer.<\/p>\n<p>Avec le PER, vous pouvez d\u00e9duire vos versements volontaires de vos revenus imposables, ce qui a pour effet de diminuer votre imp\u00f4t sur le revenu. Cette d\u00e9duction peut entra\u00eener des \u00e9conomies fiscales importantes, surtout pour les contribuables dans des tranches d\u2019imposition \u00e9lev\u00e9es. De plus, il est possible de choisir de ne pas b\u00e9n\u00e9ficier de cette d\u00e9duction \u00e0 l\u2019entr\u00e9e, ce qui vous permet de profiter d\u2019une fiscalit\u00e9 all\u00e9g\u00e9e \u00e0 la sortie.<\/p>\n<h1>Fiscalit\u00e9 du PER \u00e0 l\u2019entr\u00e9e : comment r\u00e9duire ses imp\u00f4ts ?<\/h1>\n<h2>D\u00e9duction fiscale des versements sur le PER : comment \u00e7a marche ?<\/h2>\n<p>La d\u00e9duction fiscale fonctionne de mani\u00e8re simple : les sommes que vous placez dans votre PER sont <b>d\u00e9duites de votre revenu imposable<\/b>, ce qui r\u00e9duit le montant de votre imp\u00f4t \u00e0 payer. L\u2019\u00e9conomie d&rsquo;imp\u00f4t est proportionnelle \u00e0 votre Tranche Marginale d\u2019Imposition (TMI). En d\u2019autres termes, plus votre TMI est \u00e9lev\u00e9, plus vous pourrez \u00e9conomiser sur vos imp\u00f4ts.<\/p>\n<p>Par exemple : si votre TMI est de 30 % et que vous versez 1 000 \u20ac sur votre PER, vous \u00e9conomiserez 300 \u20ac d\u2019imp\u00f4ts.<\/p>\n<h2>Plafonds de d\u00e9duction du PER<\/h2>\n<p>La d\u00e9duction fiscale du PER est <strong>limit\u00e9e par un plafond<\/strong>. Ce <a href=\"https:\/\/www.mes-allocs.fr\/guides\/plan-epargne-retraite\/per-impot\/plafond-per\/\">plafond de d\u00e9duction du PER<\/a> varie en fonction de votre situation professionnelle :<\/p>\n<p><strong>Salari\u00e9 :\u00a0<\/strong><\/p>\n<ul>\n<li aria-level=\"1\">Le plafond de d\u00e9duction est fix\u00e9 \u00e0 10 % des salaires et traitements que vous avez d\u00e9clar\u00e9s dans votre d\u00e9claration de revenus l\u2019ann\u00e9e pr\u00e9c\u00e9dente (N-1).<\/li>\n<li aria-level=\"1\">Le plafond est fix\u00e9 \u00e0 un montant minimum de 4\u00a0637 \u20ac et \u00e0 un montant maximum de 37 094 \u20ac.<\/li>\n<\/ul>\n<p><strong>Travailleurs non salari\u00e9s :\u00a0<\/strong><\/p>\n<ul>\n<li aria-level=\"1\">Le plafond de d\u00e9duction est \u00e9gal \u00e0 10 % des revenus professionnels (BIC, BNC, BA) d\u00e9clar\u00e9s sur votre d\u00e9claration de revenus de l\u2019ann\u00e9e pr\u00e9c\u00e9dente (N-1).<\/li>\n<li aria-level=\"1\">Le plafond est fix\u00e9 \u00e0 un montant minimum de \u00a0<span class=\"sp-prix\">4\u00a0637<\/span> \u20ac et \u00e0 un montant maximum de 37 094 \u20ac.<\/li>\n<li aria-level=\"1\">Les cotisations vers\u00e9es aux r\u00e9gimes de retraite facultatifs des travailleurs non-salari\u00e9s et des g\u00e9rants diminuent le plafond de d\u00e9duction, dans la limite du montant d\u00e9ductible de leurs b\u00e9n\u00e9fices professionnels.<\/li>\n<\/ul>\n<p><strong>Sans profession ou retrait\u00e9 sans revenus professionnels :\u00a0<\/strong><\/p>\n<ul>\n<li aria-level=\"1\">Le plafond est de 4\u00a0637\u00a0 \u20ac.<\/li>\n<\/ul>\n<h2>Comment optimiser ses plafonds de d\u00e9duction du PER ?<\/h2>\n<p>Plusieurs approches s\u2019offrent \u00e0 vous pour ajuster vos plafonds de d\u00e9duction et profiter pleinement des <a href=\"https:\/\/www.mes-allocs.fr\/guides\/plan-epargne-retraite\/per-impot\/avantage-fiscal-per\/\">avantages fiscaux du PER<\/a> :<\/p>\n<ul>\n<li aria-level=\"1\"><strong>Rattrapage des plafonds non utilis\u00e9s<\/strong> : si, au cours des trois derni\u00e8res ann\u00e9es, vous n\u2019avez pas utilis\u00e9 l\u2019int\u00e9gralit\u00e9 de votre plafond de d\u00e9duction, vous avez la possibilit\u00e9 de le r\u00e9cup\u00e9rer lors de l\u2019ann\u00e9e en cours. Cela vous aide \u00e0 augmenter le montant de vos versements d\u00e9ductibles et \u00e0 r\u00e9duire davantage votre imposition.<\/li>\n<li aria-level=\"1\"><strong>Mutualisation des plafonds entre conjoints<\/strong> : si votre conjoint(e) a des revenus inf\u00e9rieurs au votre, ce qui entra\u00eene un plafond de d\u00e9duction moins \u00e9lev\u00e9, vous avez la possibilit\u00e9 de contribuer \u00e0 son PER afin de b\u00e9n\u00e9ficier de son plafond non utilis\u00e9.<\/li>\n<li aria-level=\"1\"><strong>Transfert d\u2019anciens contrats d\u2019\u00e9pargne retraite<\/strong> : vous avez la possibilit\u00e9 de transf\u00e9rer l\u2019\u00e9pargne que vous avez accumul\u00e9e sur vos anciens contrats d\u2019\u00e9pargne retraite vers un Plan d\u2019\u00c9pargne Retraite. Ce transfert est souvent sans imposition et vous permet de rassembler votre \u00e9pargne retraite en un seul endroit, tout en b\u00e9n\u00e9ficiant des atouts fiscaux du PER.<\/li>\n<\/ul>\n<div class='cta-block'><div class='text'>Simulez toutes vos Aides en 2 min.<\/div><a href='https:\/\/www.mes-allocs.fr\/ab-app?origin=guides\/wp-json\/wp\/v2\/posts\/83745' class='app-button fit'>Simulation gratuite<\/a><\/div>\n<p><iframe loading=\"lazy\" title=\"Le Plan d&#039;\u00c9pargne Retraite (PER)\" width=\"500\" height=\"281\" src=\"https:\/\/www.youtube.com\/embed\/Dnp7M9qYKEk?feature=oembed\" frameborder=\"0\" allow=\"accelerometer; autoplay; clipboard-write; encrypted-media; gyroscope; picture-in-picture; web-share\" referrerpolicy=\"strict-origin-when-cross-origin\" allowfullscreen><\/iframe><\/p>\n<h1>Fiscalit\u00e9 du PER \u00e0 la sortie : rente ou capital ?<\/h1>\n<h2>Peut-on refuser la d\u00e9duction fiscale du PER \u00e0 l\u2019entr\u00e9e ?<\/h2>\n<p>Oui , vous avez la possibilit\u00e9 de choisir de ne pas d\u00e9duire vos versements sur le PER de votre revenu imposable. Cette option peut \u00eatre attrayante pour ceux qui souhaitent profiter d\u2019une fiscalit\u00e9 plus avantageuse lors du retrait, surtout en cas de versement en capital.<\/p>\n<h2>Quelle est la fiscalit\u00e9 du PER applicable \u00e0 la sortie en capital ?<\/h2>\n<p>En g\u00e9n\u00e9ral, lorsque vous retirez votre \u00e9pargne PER en capital \u00e0 la retraite, le montant est soumis \u00e0 l\u2019imp\u00f4t sur le revenu selon le bar\u00e8me progressif en vigueur. En ce qui concerne les plus-values, elles seront soumises \u00e0 un Pr\u00e9l\u00e8vement Forfaitaire Unique (PFU) de 30 %, \u00e0 moins que vous ne choisissiez d\u2019\u00eatre impos\u00e9 selon le bar\u00e8me de l\u2019imp\u00f4t sur le revenu.<\/p>\n<p>D\u00e9couvrez de nombreux <a href=\"https:\/\/www.mes-allocs.fr\/guides\/plan-epargne-retraite\/per-impot\/per-fiscalite-sortie-exemple\/\">exemples de fiscalit\u00e9 \u00e0 la sortie du PER<\/a> !<\/p>\n<h2>Sortie anticip\u00e9e pour achat d&rsquo;une r\u00e9sidence principale : quelle imposition ?<\/h2>\n<p>Si vous d\u00e9cidez d\u2019utiliser votre \u00e9pargne PER pour acqu\u00e9rir votre r\u00e9sidence principale, la fiscalit\u00e9 appliqu\u00e9e sera identique \u00e0 celle en vigueur dans les situations habituelles.<\/p>\n<h2>Sortie anticip\u00e9e pour accident de la vie : quelle imposition ?<\/h2>\n<p>En cas de retrait anticip\u00e9 en raison d\u2019un des accidents de la vie pr\u00e9vus par la loi (comme un d\u00e9c\u00e8s, une invalidit\u00e9 ou un surendettement), la fiscalit\u00e9 du capital sera d\u00e9termin\u00e9e par l\u2019option fiscale que vous avez s\u00e9lectionn\u00e9e \u00e0 l\u2019entr\u00e9e.<\/p>\n<p>Si vous avez d\u00e9duit vos versements volontaires de vos revenus imposables, ils seront impos\u00e9s selon le bar\u00e8me progressif de l\u2019imp\u00f4t sur le revenu lors du d\u00e9blocage.<\/p>\n<p>En revanche, si vous n\u2019avez pas opt\u00e9 pour cette d\u00e9duction, le capital sera exempt\u00e9 d\u2019imp\u00f4t. Dans tous les cas, seules les plus-values seront soumises aux pr\u00e9l\u00e8vements sociaux de 17,2 %.<\/p>\n<h2>Quelle est la fiscalit\u00e9 du PER applicable \u00e0 la sortie en rente ?<\/h2>\n<p>Si vous choisissez de recevoir une rente viag\u00e8re, celle-ci sera soumise \u00e0 l\u2019imp\u00f4t sur le revenu comme une pension de retraite, apr\u00e8s un abattement de 10 %. Par ailleurs, une partie de cette rente sera \u00e9galement soumise aux pr\u00e9l\u00e8vements sociaux.<\/p>\n<h1>Fiscalit\u00e9 du PER en cas de d\u00e9c\u00e8s<\/h1>\n<p>En cas de d\u00e9c\u00e8s du titulaire du PER, les sommes \u00e9pargn\u00e9es seront remises aux b\u00e9n\u00e9ficiaires d\u00e9sign\u00e9s dans le contrat.<\/p>\n<p>Le conjoint survivant ne paie pas de droits de succession. En revanche, pour les autres b\u00e9n\u00e9ficiaires, ces droits sont \u00e9tablis selon les r\u00e8gles en vigueur et leur lien de parent\u00e9 avec le d\u00e9funt.<\/p>\n<p>Vous avez des questions sur la <a href=\"https:\/\/www.mes-allocs.fr\/guides\/plan-epargne-retraite\/per-impot\/fiscalite-per\/fiscalite-per-deces\/\">fiscalit\u00e9 du PER en cas de d\u00e9c\u00e8s<\/a> ? Contactez nos expert <strong>Mes Allocs<\/strong> !<\/p>\n<div class='cta-block'><div class='text'>Simulez toutes vos Aides en 2 min.<\/div><a href='https:\/\/www.mes-allocs.fr\/ab-app?origin=guides\/wp-json\/wp\/v2\/posts\/83745' class='app-button fit'>Simulation gratuite<\/a><\/div>\n","protected":false},"excerpt":{"rendered":"<p>&nbsp; Le Plan d\u2019\u00c9pargne Retraite (PER) vous permet d\u2019\u00e9pargner en vue d\u2019accumuler un revenu suppl\u00e9mentaire pour votre retraite. Mais saviez-vous qu\u2019il propose \u00e9galement des avantages fiscaux int\u00e9ressants ? Dans cet article, Mes Allocs vous explique comment fonctionne la fiscalit\u00e9 du PER. Le PER et sa fiscalit\u00e9 avantageuse Qu\u2019est-ce que le PER ? Le PER est [&hellip;]<\/p>\n","protected":false},"author":31,"featured_media":83757,"comment_status":"open","ping_status":"open","sticky":false,"template":"","format":"standard","meta":{"amp_status":"","footnotes":""},"categories":[39401,22667],"tags":[],"class_list":["post-83745","post","type-post","status-publish","format-standard","has-post-thumbnail","hentry","category-per-impot","category-plan-epargne-retraite"],"yoast_head":"<!-- This site is optimized with the Yoast SEO plugin v14.9 - https:\/\/yoast.com\/wordpress\/plugins\/seo\/ -->\n<title>Quelle est la fiscalit\u00e9 du Plan d&#039;\u00c9pargne Retraite ? | Mes-Allocs.fr<\/title>\n<meta name=\"description\" content=\"D\u00e9ductions, plafonds, sortie en capital ou rente, transmission : optimisez votre \u00e9pargne retraite en comprenant sa fiscalit\u00e9.\" \/>\n<meta name=\"robots\" content=\"index, follow, max-snippet:-1, max-image-preview:large, max-video-preview:-1\" \/>\n<link rel=\"canonical\" href=\"https:\/\/www.mes-allocs.fr\/guides\/plan-epargne-retraite\/per-impot\/fiscalite-per\/\" \/>\n<meta property=\"og:locale\" content=\"fr_FR\" \/>\n<meta property=\"og:type\" content=\"article\" \/>\n<meta property=\"og:title\" content=\"Quelle est la fiscalit\u00e9 du Plan d&#039;\u00c9pargne Retraite ? | Mes-Allocs.fr\" \/>\n<meta property=\"og:description\" content=\"D\u00e9ductions, plafonds, sortie en capital ou rente, transmission : optimisez votre \u00e9pargne retraite en comprenant sa fiscalit\u00e9.\" \/>\n<meta property=\"og:url\" content=\"https:\/\/www.mes-allocs.fr\/guides\/plan-epargne-retraite\/per-impot\/fiscalite-per\/\" \/>\n<meta property=\"og:site_name\" content=\"Mes-Allocs.fr\" \/>\n<meta property=\"article:published_time\" content=\"2024-10-10T07:07:12+00:00\" \/>\n<meta property=\"article:modified_time\" content=\"2026-04-22T09:51:28+00:00\" \/>\n<meta property=\"og:image\" content=\"https:\/\/www.mes-allocs.fr\/guides\/wp-content\/uploads\/2024\/10\/fiscalite-plan-epargne-retraite.jpg?wsr\" \/>\n\t<meta property=\"og:image:width\" content=\"1280\" \/>\n\t<meta property=\"og:image:height\" content=\"853\" \/>\n<meta name=\"twitter:card\" content=\"summary_large_image\" \/>\n<script type=\"application\/ld+json\" class=\"yoast-schema-graph\">{\"@context\":\"https:\/\/schema.org\",\"@graph\":[{\"@type\":\"WebSite\",\"@id\":\"https:\/\/www.mes-allocs.fr\/guides\/#website\",\"url\":\"https:\/\/www.mes-allocs.fr\/guides\/\",\"name\":\"Mes-Allocs.fr\",\"description\":\"\",\"potentialAction\":[{\"@type\":\"SearchAction\",\"target\":\"https:\/\/www.mes-allocs.fr\/guides\/?s={search_term_string}\",\"query-input\":\"required name=search_term_string\"}],\"inLanguage\":\"fr-FR\"},{\"@type\":\"ImageObject\",\"@id\":\"https:\/\/www.mes-allocs.fr\/guides\/plan-epargne-retraite\/per-impot\/fiscalite-per\/#primaryimage\",\"inLanguage\":\"fr-FR\",\"url\":\"https:\/\/www.mes-allocs.fr\/guides\/wp-content\/uploads\/2024\/10\/fiscalite-plan-epargne-retraite.jpg?wsr\",\"width\":1280,\"height\":853,\"caption\":\"fiscalite plan epargne retraite\"},{\"@type\":\"WebPage\",\"@id\":\"https:\/\/www.mes-allocs.fr\/guides\/plan-epargne-retraite\/per-impot\/fiscalite-per\/#webpage\",\"url\":\"https:\/\/www.mes-allocs.fr\/guides\/plan-epargne-retraite\/per-impot\/fiscalite-per\/\",\"name\":\"Quelle est la fiscalit\\u00e9 du Plan d'\\u00c9pargne Retraite ? | Mes-Allocs.fr\",\"isPartOf\":{\"@id\":\"https:\/\/www.mes-allocs.fr\/guides\/#website\"},\"primaryImageOfPage\":{\"@id\":\"https:\/\/www.mes-allocs.fr\/guides\/plan-epargne-retraite\/per-impot\/fiscalite-per\/#primaryimage\"},\"datePublished\":\"2024-10-10T07:07:12+00:00\",\"dateModified\":\"2026-04-22T09:51:28+00:00\",\"author\":{\"@id\":\"https:\/\/www.mes-allocs.fr\/guides\/#\/schema\/person\/4f115680446d9e6de360142157ca671d\"},\"description\":\"D\\u00e9ductions, plafonds, sortie en capital ou rente, transmission : optimisez votre \\u00e9pargne retraite en comprenant sa fiscalit\\u00e9.\",\"inLanguage\":\"fr-FR\"},{\"@type\":\"Person\",\"@id\":\"https:\/\/www.mes-allocs.fr\/guides\/#\/schema\/person\/4f115680446d9e6de360142157ca671d\",\"name\":\"Miangaly Ramasindray\",\"image\":{\"@type\":\"ImageObject\",\"@id\":\"https:\/\/www.mes-allocs.fr\/guides\/#personlogo\",\"inLanguage\":\"fr-FR\",\"url\":\"https:\/\/www.mes-allocs.fr\/guides\/wp-content\/uploads\/2024\/10\/Miangaly_Ramasindray-150x150.jpeg\",\"caption\":\"Miangaly Ramasindray\"},\"description\":\"Miangaly est r\\u00e9dactrice web sp\\u00e9cialis\\u00e9e sur les sujets de pouvoir d'achat. Elle rejoint Mes Allocs en 2024 apr\\u00e8s une premi\\u00e8re exp\\u00e9rience en marketing chez DMI.\",\"sameAs\":[\"https:\/\/www.linkedin.com\/in\/miangaly-ramasindray\/\"]}]}<\/script>\n<!-- \/ Yoast SEO plugin. -->","amp_validity":null,"acf":{"faq":{"1":{"question":"Qu'est-ce que le PER ?","answer":"Le PER est un produit d'\u00e9pargne retraite qui vous permet de constituer un capital ou une rente pour compl\u00e9ter vos revenus \u00e0 la retraite."},"2":{"question":"Quels sont les diff\u00e9rents types de PER ?","answer":"Il existe trois types de PER : le PER individuel, le PER d'entreprise collectif et le PER d'entreprise obligatoire."},"3":{"question":"Qui peut ouvrir un PER ?","answer":"Tout le monde peut ouvrir un PER, \u00e0 partir de 18, quelle que soit sa situation professionnelle.\r\n\r\n"},"4":{"question":"Comment alimenter mon PER ?","answer":"Vous pouvez alimenter votre PER par des versements volontaires, des transferts d'autres contrats d'\u00e9pargne retraite ou par le biais de l'\u00e9pargne salariale (participation, int\u00e9ressement, abondement)."},"5":{"question":"Quels sont les cas de d\u00e9blocage anticip\u00e9 du PER ?","answer":"Le d\u00e9blocage anticip\u00e9 est possible dans certains cas exceptionnels : achat de la r\u00e9sidence principale, invalidit\u00e9, d\u00e9c\u00e8s, surendettement..."},"6":{"question":"Puis-je transf\u00e9rer mon ancien PERP ou Madelin vers un PER ?","answer":"Oui, le transfert est possible et souvent exon\u00e9r\u00e9 d'imp\u00f4t."},"7":{"question":"","answer":""},"8":{"question":"","answer":""},"9":{"question":"","answer":""},"10":{"question":"","answer":""},"11":{"question":"","answer":""},"12":{"question":"","answer":""},"13":{"question":"","answer":""},"14":{"question":"","answer":""},"15":{"question":"","answer":""},"16":{"question":"","answer":""}}},"_links":{"self":[{"href":"https:\/\/www.mes-allocs.fr\/guides\/wp-json\/wp\/v2\/posts\/83745","targetHints":{"allow":["GET"]}}],"collection":[{"href":"https:\/\/www.mes-allocs.fr\/guides\/wp-json\/wp\/v2\/posts"}],"about":[{"href":"https:\/\/www.mes-allocs.fr\/guides\/wp-json\/wp\/v2\/types\/post"}],"author":[{"embeddable":true,"href":"https:\/\/www.mes-allocs.fr\/guides\/wp-json\/wp\/v2\/users\/31"}],"replies":[{"embeddable":true,"href":"https:\/\/www.mes-allocs.fr\/guides\/wp-json\/wp\/v2\/comments?post=83745"}],"version-history":[{"count":11,"href":"https:\/\/www.mes-allocs.fr\/guides\/wp-json\/wp\/v2\/posts\/83745\/revisions"}],"predecessor-version":[{"id":97609,"href":"https:\/\/www.mes-allocs.fr\/guides\/wp-json\/wp\/v2\/posts\/83745\/revisions\/97609"}],"wp:featuredmedia":[{"embeddable":true,"href":"https:\/\/www.mes-allocs.fr\/guides\/wp-json\/wp\/v2\/media\/83757"}],"wp:attachment":[{"href":"https:\/\/www.mes-allocs.fr\/guides\/wp-json\/wp\/v2\/media?parent=83745"}],"wp:term":[{"taxonomy":"category","embeddable":true,"href":"https:\/\/www.mes-allocs.fr\/guides\/wp-json\/wp\/v2\/categories?post=83745"},{"taxonomy":"post_tag","embeddable":true,"href":"https:\/\/www.mes-allocs.fr\/guides\/wp-json\/wp\/v2\/tags?post=83745"}],"curies":[{"name":"wp","href":"https:\/\/api.w.org\/{rel}","templated":true}]}}