{"id":83682,"date":"2024-10-10T09:32:33","date_gmt":"2024-10-10T07:32:33","guid":{"rendered":"https:\/\/www.mes-allocs.fr\/guides\/?p=83682"},"modified":"2026-04-22T10:51:27","modified_gmt":"2026-04-22T09:51:27","slug":"prime-de-noel-auto-entrepreneur","status":"publish","type":"post","link":"https:\/\/www.mes-allocs.fr\/guides\/prime-de-noel\/conditions-prime-de-noel\/prime-de-noel-auto-entrepreneur\/","title":{"rendered":"Prime de No\u00ebl en auto-entreprise : comment \u00e7a marche ?"},"content":{"rendered":"<p><img loading=\"lazy\" decoding=\"async\" class=\"aligncenter size-full wp-image-104501\" title=\"prime noel auto entrepreneur\" src=\"https:\/\/www.mes-allocs.fr\/guides\/wp-content\/uploads\/2024\/10\/prime-noel-auto-entrepreneur.jpg\" alt=\"prime noel auto entrepreneur\" width=\"1920\" height=\"307\" srcset=\"https:\/\/www.mes-allocs.fr\/guides\/wp-content\/uploads\/2024\/10\/prime-noel-auto-entrepreneur.jpg 1920w, https:\/\/www.mes-allocs.fr\/guides\/wp-content\/uploads\/2024\/10\/prime-noel-auto-entrepreneur-300x48.jpg 300w, https:\/\/www.mes-allocs.fr\/guides\/wp-content\/uploads\/2024\/10\/prime-noel-auto-entrepreneur-1024x164.jpg 1024w, https:\/\/www.mes-allocs.fr\/guides\/wp-content\/uploads\/2024\/10\/prime-noel-auto-entrepreneur-768x123.jpg 768w, https:\/\/www.mes-allocs.fr\/guides\/wp-content\/uploads\/2024\/10\/prime-noel-auto-entrepreneur-1536x246.jpg 1536w, https:\/\/www.mes-allocs.fr\/guides\/wp-content\/uploads\/2024\/10\/prime-noel-auto-entrepreneur-600x96.jpg 600w\" sizes=\"auto, (max-width: 1920px) 100vw, 1920px\" \/><\/p>\n<p>[Mis \u00e0 jour le 04\/12\/2025] Chaque fin d&rsquo;ann\u00e9e, certains organismes versent une aide exceptionnelle, la prime de No\u00ebl, \u00e0 plus de 2.3 millions de m\u00e9nages. Quelles sont les <a href=\"https:\/\/www.mes-allocs.fr\/guides\/prime-de-noel\/conditions-prime-de-noel\/\">conditions pour percevoir la prime de No\u00ebl<\/a> ? \u00cates-vous \u00e9ligible en tant qu&rsquo;auto entrepreneur ? Qui verse la prime de No\u00ebl en 2025 ? Doit-on faire une demande sp\u00e9cifique ? Toutes ces questions sont l\u00e9gitimes, Mes Allocs vous apporte les r\u00e9ponses n\u00e9cessaires si vous souhaitez b\u00e9n\u00e9ficier de la <strong>prime de No\u00ebl en tant qu&rsquo;auto-entrepreneur<\/strong>.<\/p>\n<div class='cta-block'><div class='text'>Simulez votre prime de No\u00ebl en 2 min.<\/div><a href='https:\/\/www.mes-allocs.fr\/ab-app?origin=guides\/wp-json\/wp\/v2\/posts\/83682' class='app-button fit'>Simulation gratuite<\/a><\/div>\n<h1>Peut-on percevoir la prime de No\u00ebl en auto entreprise ?<\/h1>\n<p><strong>La r\u00e9ponse est oui, sous certaines conditions.<\/strong> En effet, le fait que vous soyez auto entrepreneur ne vous diff\u00e9rencie pas des autres personnes quand il s&rsquo;agit de la prime de No\u00ebl. Avec votre auto entreprise, vous \u00eates soumis aux m\u00eames conditions d&rsquo;\u00e9ligibilit\u00e9 qu&rsquo;un autre demandeur lambda.<\/p>\n<h2>Pourquoi les auto-entrepreneurs sont rarement \u00e9ligibles \u00e0 la prime de No\u00ebl ?<\/h2>\n<p>La prime de No\u00ebl est une aide financi\u00e8re exceptionnelle cr\u00e9\u00e9e pour soutenir les m\u00e9nages les plus modestes, notamment ceux qui per\u00e7oivent des minima sociaux. Elle s\u2019adresse avant tout aux <strong>foyers sans activit\u00e9 professionnelle stable ou dont les revenus sont inf\u00e9rieurs au seuil de pauvret\u00e9<\/strong>.<\/p>\n<p>Or, le statut d\u2019auto-entrepreneur implique l\u2019exercice d\u2019une activit\u00e9 ind\u00e9pendante g\u00e9n\u00e9rant un revenu, m\u00eame faible. Ce revenu, d\u00e9clar\u00e9 \u00e0 l\u2019administration fiscale et \u00e0 la CAF, est pris en compte pour d\u00e9terminer vos droits aux aides sociales. D\u00e8s lors que votre <strong>chiffre d\u2019affaires<\/strong> d\u00e9passe les plafonds du RSA, vous sortez automatiquement du champ d\u2019\u00e9ligibilit\u00e9 \u00e0 la prime de No\u00ebl.<\/p>\n<p>Autrement dit, ce n\u2019est pas le statut d\u2019auto-entrepreneur lui-m\u00eame qui exclut du dispositif, mais bien le niveau de ressources. Si vos revenus professionnels d\u00e9passent les seuils fix\u00e9s par la CAF ou la MSA, vous ne remplissez plus les conditions d\u2019acc\u00e8s \u00e0 la prime de No\u00ebl.<\/p>\n<h2>Les cas particuliers : auto-entrepreneurs cumulant une autre aide<\/h2>\n<p>Certains auto-entrepreneurs peuvent toutefois b\u00e9n\u00e9ficier indirectement de la prime de No\u00ebl <strong>s\u2019ils cumulent leur activit\u00e9 avec une aide ouvrant droit \u00e0 ce versement<\/strong>. Ces situations restent rares, mais elles existent.<\/p>\n<p>C\u2019est notamment le cas :<\/p>\n<ul>\n<li>Des auto-entrepreneurs b\u00e9n\u00e9ficiaires du RSA socle, dont les revenus sont inf\u00e9rieurs au seuil fix\u00e9 par la CAF ;<\/li>\n<li>Des cr\u00e9ateurs d\u2019entreprise qui touchent l\u2019ACRE-ASS, c\u2019est-\u00e0-dire l\u2019aide \u00e0 la cr\u00e9ation d\u2019entreprise accord\u00e9e aux anciens b\u00e9n\u00e9ficiaires de l\u2019Allocation de Solidarit\u00e9 Sp\u00e9cifique (ASS) ;<\/li>\n<li>Des micro-entrepreneurs en fin d\u2019activit\u00e9 qui per\u00e7oivent encore l\u2019ASS ou l\u2019AER via France Travail.<\/li>\n<\/ul>\n<p>Dans ces cas pr\u00e9cis, la prime de No\u00ebl n\u2019est pas vers\u00e9e en raison du statut d\u2019auto-entrepreneur, mais parce que la personne per\u00e7oit une aide \u00e9ligible \u00e0 cette prime. Le versement sera alors effectu\u00e9 par l\u2019organisme comp\u00e9tent (CAF, MSA ou France Travail).<\/p>\n<h1>Quelles sont les conditions d&rsquo;\u00e9ligibilit\u00e9 \u00e0 la prime de No\u00ebl quand on est auto entrepreneur ?<\/h1>\n<p>Pour remplir les conditions d&rsquo;\u00e9ligibilit\u00e9 \u00e0 la prime de No\u00ebl, <strong>vous devez percevoir une des aides suivantes au mois de novembre 2025 ou \u00e0 d\u00e9faut au mois de d\u00e9cembre 2025 :<\/strong><\/p>\n<ul>\n<li>Le Revenu de solidarit\u00e9 active <strong>(RSA)<\/strong><\/li>\n<li>Le Revenu de solidarit\u00e9 active socle et de la prime d\u2019activit\u00e9 (si les ressources du foyer ne d\u00e9passent pas le montant du RSA socle)<\/li>\n<li>Allocation de solidarit\u00e9 sp\u00e9cifique <strong>(ASS)<\/strong><\/li>\n<li>Allocation de Solidarit\u00e9 Sp\u00e9cifique Formation <strong>(ASS-F)<\/strong><\/li>\n<li>Allocation \u00c9quivalent Retraite <strong>(AER)<\/strong><\/li>\n<li>R\u00e9mun\u00e9ration de la Formation P\u00f4le Emploi <strong>(RFPE)<\/strong> ou la R\u00e9mun\u00e9ration des Stagiaires de la Formation Professionnelle\/R\u00e9mun\u00e9ration Publique de Stage <strong>(RSFP\/RPS)<\/strong> <strong>uniquement si<\/strong> vous percevez l&rsquo;Allocation de Solidarit\u00e9 Sp\u00e9cifique (ASS) la veille de vos d\u00e9buts en formation<\/li>\n<li>Aide \u00e0 la Cr\u00e9ation et la Reprise d&rsquo;Entreprise pour les b\u00e9n\u00e9ficiaires de l&rsquo;ASS <strong>(ACRE-ASS)<\/strong><\/li>\n<\/ul>\n<p>Si vous \u00eates b\u00e9n\u00e9ficiaire d&rsquo;une aide qui n&rsquo;est pas list\u00e9e, vous n&rsquo;\u00eates malheureusement pas \u00e9ligible \u00e0 la prime de No\u00ebl 2025.<\/p>\n<p>La prime de No\u00ebl 2025 vous sera vers\u00e9e par la CAF ou France Travail suivant l&rsquo;aide dont vous b\u00e9n\u00e9ficiez.<\/p>\n<p><div class='shortcode tips'><div class='title'>Exemple<\/div><div class='content'>Julien b\u00e9n\u00e9ficie depuis 8 ans de l&rsquo;AAH, la CAF ne lui versera pas la prime de No\u00ebl 2025. Par contre, sa voisine, Cassandre, fait partie des b\u00e9n\u00e9ficiaires du RSA depuis septembre 2025. La CAF versera \u00e0 Cassandre la prime de No\u00ebl 2025.<\/div><\/div><!-- notionvc: 37cc4938-1023-4d88-b20e-65bb9811e40c --><\/p>\n<p><strong>Pour rappel selon votre situation,<\/strong> les montants qui peuvent vous \u00eatre vers\u00e9s en 2025 si vous \u00eates \u00e9ligible \u00e0 la prime de No\u00ebl CAF ou MSA sont les suivants.<\/p>\n<p><span style=\"font-weight: 400;\">\n<div class=\"wpdt-c row wpDataTableContainerSimpleTable wpDataTables wpDataTablesWrapper\n wdtscroll\"\n    >\n    <table id=\"wpdtSimpleTable-33\"\n           class=\"wpdtSimpleTable wpDataTable\"\n           data-column=\"3\"\n           data-rows=\"8\"\n           data-wpID=\"33\"\n           data-responsive=\"0\"\n           data-has-header=\"0\">\n\n                    <tbody>        <tr class=\"wpdt-cell-row \" >\n                            <td class=\"wpdt-cell wpdt-bc-F3F9FE wpdt-bold\"\n                                    data-cell-id=\"A1\"\n                data-col-index=\"0\"\n                data-row-index=\"0\"\n                style=\" width:260px;                padding:10px;\"\n                >\n                                Nombre d\u2019enfant(s)                <\/td>\n                                            <td class=\"wpdt-cell wpdt-bc-F3F9FE wpdt-bold\"\n                                    data-cell-id=\"B1\"\n                data-col-index=\"1\"\n                data-row-index=\"0\"\n                style=\" width:228px;                padding:10px;\"\n                >\n                                Personne seule                <\/td>\n                                            <td class=\"wpdt-cell wpdt-bc-F3F9FE wpdt-bold\"\n                                    data-cell-id=\"C1\"\n                data-col-index=\"2\"\n                data-row-index=\"0\"\n                style=\" width:217px;                padding:10px;\"\n                >\n                                En couple                <\/td>\n                                        <\/tr>\n                            <tr class=\"wpdt-cell-row \" >\n                            <td class=\"wpdt-cell wpdt-bold\"\n                                    data-cell-id=\"A2\"\n                data-col-index=\"0\"\n                data-row-index=\"1\"\n                style=\"                padding:10px;\"\n                >\n                                Sans enfant                <\/td>\n                                            <td class=\"wpdt-cell \"\n                                    data-cell-id=\"B2\"\n                data-col-index=\"1\"\n                data-row-index=\"1\"\n                style=\"                padding:10px;\"\n                >\n                                152,45 \u20ac                <\/td>\n                                            <td class=\"wpdt-cell \"\n                                    data-cell-id=\"C2\"\n                data-col-index=\"2\"\n                data-row-index=\"1\"\n                style=\"                padding:10px;\"\n                >\n                                228,68 \u20ac                <\/td>\n                                        <\/tr>\n                            <tr class=\"wpdt-cell-row \" >\n                            <td class=\"wpdt-cell wpdt-bold\"\n                                    data-cell-id=\"A3\"\n                data-col-index=\"0\"\n                data-row-index=\"2\"\n                style=\"                padding:10px;\"\n                >\n                                1 enfant                <\/td>\n                                            <td class=\"wpdt-cell \"\n                                    data-cell-id=\"B3\"\n                data-col-index=\"1\"\n                data-row-index=\"2\"\n                style=\"                padding:10px;\"\n                >\n                                228,68 \u20ac                <\/td>\n                                            <td class=\"wpdt-cell \"\n                                    data-cell-id=\"C3\"\n                data-col-index=\"2\"\n                data-row-index=\"2\"\n                style=\"                padding:10px;\"\n                >\n                                274,41 \u20ac                <\/td>\n                                        <\/tr>\n                            <tr class=\"wpdt-cell-row \" >\n                            <td class=\"wpdt-cell wpdt-bold\"\n                                    data-cell-id=\"A4\"\n                data-col-index=\"0\"\n                data-row-index=\"3\"\n                style=\"                padding:10px;\"\n                >\n                                2 enfants                <\/td>\n                                            <td class=\"wpdt-cell \"\n                                    data-cell-id=\"B4\"\n                data-col-index=\"1\"\n                data-row-index=\"3\"\n                style=\"                padding:10px;\"\n                >\n                                274,41 \u20ac                <\/td>\n                                            <td class=\"wpdt-cell \"\n                                    data-cell-id=\"C4\"\n                data-col-index=\"2\"\n                data-row-index=\"3\"\n                style=\"                padding:10px;\"\n                >\n                                320,15 \u20ac                <\/td>\n                                        <\/tr>\n                            <tr class=\"wpdt-cell-row \" >\n                            <td class=\"wpdt-cell wpdt-bold\"\n                                    data-cell-id=\"A5\"\n                data-col-index=\"0\"\n                data-row-index=\"4\"\n                style=\"                padding:10px;\"\n                >\n                                3 enfants                <\/td>\n                                            <td class=\"wpdt-cell \"\n                                    data-cell-id=\"B5\"\n                data-col-index=\"1\"\n                data-row-index=\"4\"\n                style=\"                padding:10px;\"\n                >\n                                335,39 \u20ac                <\/td>\n                                            <td class=\"wpdt-cell \"\n                                    data-cell-id=\"C5\"\n                data-col-index=\"2\"\n                data-row-index=\"4\"\n                style=\"                padding:10px;\"\n                >\n                                381,13 \u20ac                <\/td>\n                                        <\/tr>\n                            <tr class=\"wpdt-cell-row \" >\n                            <td class=\"wpdt-cell wpdt-bold\"\n                                    data-cell-id=\"A6\"\n                data-col-index=\"0\"\n                data-row-index=\"5\"\n                style=\"                padding:10px;\"\n                >\n                                4 enfants                <\/td>\n                                            <td class=\"wpdt-cell \"\n                                    data-cell-id=\"B6\"\n                data-col-index=\"1\"\n                data-row-index=\"5\"\n                style=\"                padding:10px;\"\n                >\n                                396,37 \u20ac                <\/td>\n                                            <td class=\"wpdt-cell \"\n                                    data-cell-id=\"C6\"\n                data-col-index=\"2\"\n                data-row-index=\"5\"\n                style=\"                padding:10px;\"\n                >\n                                442,11 \u20ac                <\/td>\n                                        <\/tr>\n                            <tr class=\"wpdt-cell-row \" >\n                            <td class=\"wpdt-cell wpdt-bold\"\n                                    data-cell-id=\"A7\"\n                data-col-index=\"0\"\n                data-row-index=\"6\"\n                style=\"                padding:10px;\"\n                >\n                                5 enfants                <\/td>\n                                            <td class=\"wpdt-cell \"\n                                    data-cell-id=\"B7\"\n                data-col-index=\"1\"\n                data-row-index=\"6\"\n                style=\"                padding:10px;\"\n                >\n                                457,35 \u20ac                <\/td>\n                                            <td class=\"wpdt-cell \"\n                                    data-cell-id=\"C7\"\n                data-col-index=\"2\"\n                data-row-index=\"6\"\n                style=\"                padding:10px;\"\n                >\n                                503,09 \u20ac                <\/td>\n                                        <\/tr>\n                            <tr class=\"wpdt-cell-row \" >\n                            <td class=\"wpdt-cell wpdt-bold\"\n                                    data-cell-id=\"A8\"\n                data-col-index=\"0\"\n                data-row-index=\"7\"\n                style=\"                padding:10px;\"\n                >\n                                Par enfant(s) suppl\u00e9mentaire                <\/td>\n                                            <td class=\"wpdt-cell \"\n                                    data-cell-id=\"B8\"\n                data-col-index=\"1\"\n                data-row-index=\"7\"\n                style=\"                padding:10px;\"\n                >\n                                +60,98 \u20ac                <\/td>\n                                            <td class=\"wpdt-cell \"\n                                    data-cell-id=\"C8\"\n                data-col-index=\"2\"\n                data-row-index=\"7\"\n                style=\"                padding:10px;\"\n                >\n                                +60,98 \u20ac                <\/td>\n                                        <\/tr>\n                    <\/table>\n<\/div><style id='wpdt-custom-style-33'>\n.wpdt-bc-F3F9FE { background-color: #F3F9FE !important;}\n<\/style>\n<\/span><\/p>\n<p><em>(Montants officiels en vigueur au 03\/12\/2025)<\/em><\/p>\n<p><strong>Pour rappel,<\/strong> si vous \u00eates \u00e9ligible \u00e0 la prime de No\u00ebl France Travail, le montant vers\u00e9 est de 152,45 \u20ac. C\u2019est un montant fixe, et contrairement \u00e0 la prime de No\u00ebl vers\u00e9e par la CAF ou la MSA, il n\u2019y a aucune majoration en cas d\u2019enfant(s) \u00e0 charge.<\/p>\n<div class='cta-block'><div class='text'>Simulez votre prime de No\u00ebl en 2 min.<\/div><a href='https:\/\/www.mes-allocs.fr\/ab-app?origin=guides\/wp-json\/wp\/v2\/posts\/83682' class='app-button fit'>Simulation gratuite<\/a><\/div>\n<p><iframe loading=\"lazy\" title=\"La prime de No\u00ebl\" width=\"500\" height=\"281\" src=\"https:\/\/www.youtube.com\/embed\/JSd0X11Muig?feature=oembed\" frameborder=\"0\" allow=\"accelerometer; autoplay; clipboard-write; encrypted-media; gyroscope; picture-in-picture; web-share\" referrerpolicy=\"strict-origin-when-cross-origin\" allowfullscreen><\/iframe><\/p>\n<h1>Que faire pour recevoir la prime de No\u00ebl en 2025 quand on est auto entrepreneur ?<\/h1>\n<p>Pour recevoir la prime de No\u00ebl en 2025, <strong>vous n&rsquo;avez rien \u00e0 faire m\u00eame avec votre statut d&rsquo;auto entrepreneur.<\/strong><\/p>\n<h2>Faut-il faire une demande de prime de No\u00ebl en 2025 ?<\/h2>\n<p><strong>La r\u00e9ponse est non.<\/strong> Il n&rsquo;y a aucune d\u00e9marche et aucune demande \u00e0 faire pour obtenir la prime de No\u00ebl en 2025. En effet, l&rsquo;organisme verseur s&rsquo;occupe de conna\u00eetre ses b\u00e9n\u00e9ficiaires, de calculer leurs droits et d&rsquo;effectuer les versements par virement bancaire le 16 d\u00e9cembre 2025.<\/p>\n<p>Ce qui signifie que tout est automatique. Si vos informations sont \u00e0 jour sur la composition du foyer et qu&rsquo;il n&rsquo;y a pas d&rsquo;erreur sur le RIB que vous avez transmis \u00e0 votre organisme, vous n&rsquo;avez rien \u00e0 faire.<\/p>\n<h2>Comment simuler mes droits ?<\/h2>\n<p>Dans l&rsquo;attente de la r\u00e9ception du virement le 16 d\u00e9cembre 2025, vous pouvez vous assurer de votre \u00e9ligibilit\u00e9 et du montant auquel vous avez droit gr\u00e2ce \u00e0 <strong>notre simulateur gratuit<\/strong>.<\/p>\n<p>De plus, des conseillers sont \u00e0 votre disposition si vous en avez besoin. Ils seront ravis de vous accompagner dans vos d\u00e9marches et de vous aider \u00e0 prendre connaissance de tous vos droits.<\/p>\n<h1>Quelles aides alternatives pour les auto-entrepreneurs ?<\/h1>\n<p>M\u00eame sans prime de No\u00ebl, les auto-entrepreneurs peuvent pr\u00e9tendre \u00e0 plusieurs aides financi\u00e8res compl\u00e9mentaires pour soutenir leur activit\u00e9 et leur pouvoir d\u2019achat. Ces dispositifs, nationaux ou r\u00e9gionaux, varient selon la situation et les revenus d\u00e9clar\u00e9s.<\/p>\n<h2>La prime d\u2019activit\u00e9<\/h2>\n<p>Vers\u00e9e par la CAF, la prime d\u2019activit\u00e9 compl\u00e8te les revenus modestes, y compris ceux des micro-entrepreneurs. Son montant d\u00e9pend du chiffre d\u2019affaires, du foyer et de la composition familiale. C\u2019est souvent l\u2019alternative principale \u00e0 la prime de No\u00ebl pour les ind\u00e9pendants aux revenus modestes.<\/p>\n<h2>L\u2019ACRE (Aide \u00e0 la cr\u00e9ation ou \u00e0 la reprise d\u2019entreprise)<\/h2>\n<p>Cette aide permet de b\u00e9n\u00e9ficier d\u2019une exon\u00e9ration partielle de cotisations sociales pendant la premi\u00e8re ann\u00e9e d\u2019activit\u00e9. Elle vise \u00e0 all\u00e9ger les charges des cr\u00e9ateurs d\u2019entreprise, notamment lors du lancement d\u2019une activit\u00e9. L&rsquo;ACCRE est une aide que la plupart des auto entrepreneurs touchent.<\/p>\n<p>Vous pouvez cumuler l&rsquo;ACCRE et la prime de No\u00ebl 2025 si vous \u00eates un ancien allocataire de l&rsquo;ASS. En effet, toutes les personnes b\u00e9n\u00e9ficiant de l&rsquo;ACCRE ne sont pas \u00e9ligible \u00e0 la prime de No\u00ebl, c&rsquo;est le cas si vous \u00eates b\u00e9n\u00e9ficiaire de l&rsquo;ARE par exemple.<\/p>\n<h2>Les aides r\u00e9gionales et locales<\/h2>\n<p>De nombreuses r\u00e9gions proposent des subventions ponctuelles pour soutenir les micro-entrepreneurs : aide \u00e0 l\u2019investissement, \u00e0 la formation, \u00e0 la mobilit\u00e9 professionnelle ou encore \u00e0 l\u2019embauche d\u2019un salari\u00e9. Ces dispositifs varient selon la collectivit\u00e9 et le secteur d\u2019activit\u00e9.<\/p>\n<h2>Les aides exceptionnelles de France Travail<\/h2>\n<p>En cas de baisse d\u2019activit\u00e9 importante ou de cessation, certains auto-entrepreneurs peuvent pr\u00e9tendre \u00e0 des aides de reconversion ou \u00e0 une allocation de fin de droits, notamment via France Travail.<\/p>\n<div class='cta-block'><div class='text'>Simulez votre prime de No\u00ebl en 2 min.<\/div><a href='https:\/\/www.mes-allocs.fr\/ab-app?origin=guides\/wp-json\/wp\/v2\/posts\/83682' class='app-button fit'>Simulation gratuite<\/a><\/div>\n","protected":false},"excerpt":{"rendered":"<p>[Mis \u00e0 jour le 04\/12\/2025] Chaque fin d&rsquo;ann\u00e9e, certains organismes versent une aide exceptionnelle, la prime de No\u00ebl, \u00e0 plus de 2.3 millions de m\u00e9nages. Quelles sont les conditions pour percevoir la prime de No\u00ebl ? \u00cates-vous \u00e9ligible en tant qu&rsquo;auto entrepreneur ? Qui verse la prime de No\u00ebl en 2025 ? Doit-on faire une [&hellip;]<\/p>\n","protected":false},"author":30,"featured_media":83748,"comment_status":"open","ping_status":"open","sticky":false,"template":"","format":"standard","meta":{"amp_status":"","footnotes":""},"categories":[38870,31],"tags":[],"class_list":["post-83682","post","type-post","status-publish","format-standard","has-post-thumbnail","hentry","category-conditions-prime-de-noel","category-prime-de-noel"],"yoast_head":"<!-- This site is optimized with the Yoast SEO plugin v14.9 - https:\/\/yoast.com\/wordpress\/plugins\/seo\/ -->\n<title>Prime de No\u00ebl auto-entrepreneur : est-ce possible ?<\/title>\n<meta name=\"description\" content=\"Vous \u00eates auto-entrepreneur et vous souhaitez savoir si vous pouvez b\u00e9n\u00e9ficier de la Prime de No\u00ebl ? Mes Allocs vous explique.\" \/>\n<meta name=\"robots\" content=\"index, follow, max-snippet:-1, max-image-preview:large, max-video-preview:-1\" \/>\n<link rel=\"canonical\" href=\"https:\/\/www.mes-allocs.fr\/guides\/prime-de-noel\/conditions-prime-de-noel\/prime-de-noel-auto-entrepreneur\/\" \/>\n<meta property=\"og:locale\" content=\"fr_FR\" \/>\n<meta property=\"og:type\" content=\"article\" \/>\n<meta property=\"og:title\" content=\"Prime de No\u00ebl auto-entrepreneur : est-ce possible ?\" \/>\n<meta property=\"og:description\" content=\"Vous \u00eates auto-entrepreneur et vous souhaitez savoir si vous pouvez b\u00e9n\u00e9ficier de la Prime de No\u00ebl ? Mes Allocs vous explique.\" \/>\n<meta property=\"og:url\" content=\"https:\/\/www.mes-allocs.fr\/guides\/prime-de-noel\/conditions-prime-de-noel\/prime-de-noel-auto-entrepreneur\/\" \/>\n<meta property=\"og:site_name\" content=\"Mes-Allocs.fr\" \/>\n<meta property=\"article:published_time\" content=\"2024-10-10T07:32:33+00:00\" \/>\n<meta property=\"article:modified_time\" content=\"2026-04-22T09:51:27+00:00\" \/>\n<meta property=\"og:image\" content=\"https:\/\/www.mes-allocs.fr\/guides\/wp-content\/uploads\/2024\/10\/prime-de-noel-auto-entrepreneur-e1728486162484.jpg?wsr\" \/>\n\t<meta property=\"og:image:width\" content=\"1280\" \/>\n\t<meta property=\"og:image:height\" content=\"336\" \/>\n<meta name=\"twitter:card\" content=\"summary_large_image\" \/>\n<script type=\"application\/ld+json\" class=\"yoast-schema-graph\">{\"@context\":\"https:\/\/schema.org\",\"@graph\":[{\"@type\":\"WebSite\",\"@id\":\"https:\/\/www.mes-allocs.fr\/guides\/#website\",\"url\":\"https:\/\/www.mes-allocs.fr\/guides\/\",\"name\":\"Mes-Allocs.fr\",\"description\":\"\",\"potentialAction\":[{\"@type\":\"SearchAction\",\"target\":\"https:\/\/www.mes-allocs.fr\/guides\/?s={search_term_string}\",\"query-input\":\"required name=search_term_string\"}],\"inLanguage\":\"fr-FR\"},{\"@type\":\"ImageObject\",\"@id\":\"https:\/\/www.mes-allocs.fr\/guides\/prime-de-noel\/conditions-prime-de-noel\/prime-de-noel-auto-entrepreneur\/#primaryimage\",\"inLanguage\":\"fr-FR\",\"url\":\"https:\/\/www.mes-allocs.fr\/guides\/wp-content\/uploads\/2024\/10\/prime-de-noel-auto-entrepreneur-e1728486162484.jpg?wsr\",\"width\":1280,\"height\":336,\"caption\":\"prime de noel auto entrepreneur\"},{\"@type\":\"WebPage\",\"@id\":\"https:\/\/www.mes-allocs.fr\/guides\/prime-de-noel\/conditions-prime-de-noel\/prime-de-noel-auto-entrepreneur\/#webpage\",\"url\":\"https:\/\/www.mes-allocs.fr\/guides\/prime-de-noel\/conditions-prime-de-noel\/prime-de-noel-auto-entrepreneur\/\",\"name\":\"Prime de No\\u00ebl auto-entrepreneur : est-ce possible ?\",\"isPartOf\":{\"@id\":\"https:\/\/www.mes-allocs.fr\/guides\/#website\"},\"primaryImageOfPage\":{\"@id\":\"https:\/\/www.mes-allocs.fr\/guides\/prime-de-noel\/conditions-prime-de-noel\/prime-de-noel-auto-entrepreneur\/#primaryimage\"},\"datePublished\":\"2024-10-10T07:32:33+00:00\",\"dateModified\":\"2026-04-22T09:51:27+00:00\",\"author\":{\"@id\":\"https:\/\/www.mes-allocs.fr\/guides\/#\/schema\/person\/66505fe443d6e6f3696c5af001f3fab8\"},\"description\":\"Vous \\u00eates auto-entrepreneur et vous souhaitez savoir si vous pouvez b\\u00e9n\\u00e9ficier de la Prime de No\\u00ebl ? Mes Allocs vous explique.\",\"inLanguage\":\"fr-FR\"},{\"@type\":\"Person\",\"@id\":\"https:\/\/www.mes-allocs.fr\/guides\/#\/schema\/person\/66505fe443d6e6f3696c5af001f3fab8\",\"name\":\"Lauriane Oriol\",\"image\":{\"@type\":\"ImageObject\",\"@id\":\"https:\/\/www.mes-allocs.fr\/guides\/#personlogo\",\"inLanguage\":\"fr-FR\",\"url\":\"https:\/\/www.mes-allocs.fr\/guides\/wp-content\/uploads\/2024\/10\/1702589802731-1-150x150.jpeg\",\"caption\":\"Lauriane Oriol\"},\"description\":\"Lauriane est r\\u00e9dactrice chez Mes Allocs. Sp\\u00e9cialiste des d\\u00e9marches administratives, elle rejoint Mes Allocs apr\\u00e8s une premi\\u00e8re exp\\u00e9rience en marketing et communication.\"}]}<\/script>\n<!-- \/ Yoast SEO plugin. -->","amp_validity":null,"acf":{"faq":{"1":{"question":"Quelle prime pour les auto-entrepreneurs ?","answer":"La prime d'activit\u00e9 est une aide qui peut \u00eatre attribu\u00e9e aux auto entrepreneurs."},"2":{"question":"Est-ce qu'un auto-entrepreneur a droit \u00e0 la prime d'activit\u00e9 ?","answer":"Oui, c'est possible \u00e0 condition de respecter les crit\u00e8res fix\u00e9s par la CAF. "},"3":{"question":"Comment savoir si on a droit \u00e0 la prime de No\u00ebl ?","answer":"Pour r\u00e9pondre \u00e0 cette question, nous mettons \u00e0 votre disposition notre simulateur pour conna\u00eetre vos droits."},"4":{"question":"Est-ce que la CAF aide les auto-entrepreneurs ?","answer":"Oui, il est possible de toucher le RSA si vous \u00eates micro-entrepreneur et que vos ressources sont faibles. "},"5":{"question":"","answer":""},"6":{"question":"","answer":""},"7":{"question":"","answer":""},"8":{"question":"","answer":""},"9":{"question":"","answer":""},"10":{"question":"","answer":""},"11":{"question":"","answer":""},"12":{"question":"","answer":""},"13":{"question":"","answer":""},"14":{"question":"","answer":""},"15":{"question":"","answer":""},"16":{"question":"","answer":""}}},"_links":{"self":[{"href":"https:\/\/www.mes-allocs.fr\/guides\/wp-json\/wp\/v2\/posts\/83682","targetHints":{"allow":["GET"]}}],"collection":[{"href":"https:\/\/www.mes-allocs.fr\/guides\/wp-json\/wp\/v2\/posts"}],"about":[{"href":"https:\/\/www.mes-allocs.fr\/guides\/wp-json\/wp\/v2\/types\/post"}],"author":[{"embeddable":true,"href":"https:\/\/www.mes-allocs.fr\/guides\/wp-json\/wp\/v2\/users\/30"}],"replies":[{"embeddable":true,"href":"https:\/\/www.mes-allocs.fr\/guides\/wp-json\/wp\/v2\/comments?post=83682"}],"version-history":[{"count":33,"href":"https:\/\/www.mes-allocs.fr\/guides\/wp-json\/wp\/v2\/posts\/83682\/revisions"}],"predecessor-version":[{"id":106378,"href":"https:\/\/www.mes-allocs.fr\/guides\/wp-json\/wp\/v2\/posts\/83682\/revisions\/106378"}],"wp:featuredmedia":[{"embeddable":true,"href":"https:\/\/www.mes-allocs.fr\/guides\/wp-json\/wp\/v2\/media\/83748"}],"wp:attachment":[{"href":"https:\/\/www.mes-allocs.fr\/guides\/wp-json\/wp\/v2\/media?parent=83682"}],"wp:term":[{"taxonomy":"category","embeddable":true,"href":"https:\/\/www.mes-allocs.fr\/guides\/wp-json\/wp\/v2\/categories?post=83682"},{"taxonomy":"post_tag","embeddable":true,"href":"https:\/\/www.mes-allocs.fr\/guides\/wp-json\/wp\/v2\/tags?post=83682"}],"curies":[{"name":"wp","href":"https:\/\/api.w.org\/{rel}","templated":true}]}}