{"id":83679,"date":"2024-10-10T09:32:44","date_gmt":"2024-10-10T07:32:44","guid":{"rendered":"https:\/\/www.mes-allocs.fr\/guides\/?p=83679"},"modified":"2026-04-22T10:51:27","modified_gmt":"2026-04-22T09:51:27","slug":"prime-de-noel-imposable","status":"publish","type":"post","link":"https:\/\/www.mes-allocs.fr\/guides\/prime-de-noel\/prime-de-noel-imposable\/","title":{"rendered":"La prime de No\u00ebl est-elle imposable en 2025 ?"},"content":{"rendered":"<p><img loading=\"lazy\" decoding=\"async\" class=\"aligncenter size-full wp-image-104259\" title=\"prime noel imposable\" src=\"https:\/\/www.mes-allocs.fr\/guides\/wp-content\/uploads\/2024\/10\/prime-noel-imposable.jpg\" alt=\"prime noel imposable\" width=\"1920\" height=\"304\" srcset=\"https:\/\/www.mes-allocs.fr\/guides\/wp-content\/uploads\/2024\/10\/prime-noel-imposable.jpg 1920w, https:\/\/www.mes-allocs.fr\/guides\/wp-content\/uploads\/2024\/10\/prime-noel-imposable-300x48.jpg 300w, https:\/\/www.mes-allocs.fr\/guides\/wp-content\/uploads\/2024\/10\/prime-noel-imposable-1024x162.jpg 1024w, https:\/\/www.mes-allocs.fr\/guides\/wp-content\/uploads\/2024\/10\/prime-noel-imposable-768x122.jpg 768w, https:\/\/www.mes-allocs.fr\/guides\/wp-content\/uploads\/2024\/10\/prime-noel-imposable-1536x243.jpg 1536w, https:\/\/www.mes-allocs.fr\/guides\/wp-content\/uploads\/2024\/10\/prime-noel-imposable-600x95.jpg 600w\" sizes=\"auto, (max-width: 1920px) 100vw, 1920px\" \/><\/p>\n<p>[Mis \u00e0 jour le 04\/12\/2025] Chaque mois de d\u00e9cembre, plus de 2,3 millions de foyers per\u00e7oivent la <a href=\"https:\/\/www.mes-allocs.fr\/guides\/prime-de-noel\/\">prime de No\u00ebl<\/a>, qu\u2019elle soit vers\u00e9e par la CAF, la MSA ou encore France Travail. Cette aide exceptionnelle soul\u00e8ve toutefois une question importante : faut-il la d\u00e9clarer aux imp\u00f4ts ? Autrement dit, la <strong>prime de No\u00ebl est-elle imposable<\/strong> comme un salaire ou une prime d\u2019entreprise ? Dans cet article, Mes Allocs vous explique en d\u00e9tail dans quels cas la prime de No\u00ebl est exon\u00e9r\u00e9e d\u2019imp\u00f4t, et dans quelles situations elle peut \u00eatre soumise \u00e0 l\u2019imposition.<\/p>\n<div class='cta-block'><div class='text'>Simulez toutes vos aides en 2 min.<\/div><a href='https:\/\/www.mes-allocs.fr\/ab-app?origin=guides\/wp-json\/wp\/v2\/posts\/83679' class='app-button fit'>Simulation gratuite<\/a><\/div>\n<h1>Prime de No\u00ebl 2025 : est-elle imposable ?<\/h1>\n<h2>La prime de No\u00ebl CAF \/ MSA \/ France Travail est-elle imposable ?<\/h2>\n<p><b>Non<\/b>, la prime de No\u00ebl n&rsquo;est pas imposable et ce quel que soit le montant qui vous est attribu\u00e9. Elle est donc <strong>exon\u00e9r\u00e9e d\u2019imp\u00f4t sur le revenu<\/strong> et n\u2019est pas soumise aux cotisations sociales. Elle n\u2019a pas non plus d\u2019impact sur le calcul de vos autres prestations sociales (RSA, APL, AAH\u2026). Peu importe le montant que vous percevez donc, cette prime exceptionnelle de fin d\u2019ann\u00e9e reste totalement <strong>d\u00e9fiscalis\u00e9e<\/strong>.<\/p>\n<p>Pour rappel, les montants officiels qui peuvent vous \u00eatre vers\u00e9s en 2025 si vous \u00eates \u00e9ligible \u00e0 la prime de No\u00ebl CAF ou MSA sont les suivants :<\/p>\n<p><span style=\"font-weight: 400;\">\n<div class=\"wpdt-c row wpDataTableContainerSimpleTable wpDataTables wpDataTablesWrapper\n wdtscroll\"\n    >\n    <table id=\"wpdtSimpleTable-33\"\n           class=\"wpdtSimpleTable wpDataTable\"\n           data-column=\"3\"\n           data-rows=\"8\"\n           data-wpID=\"33\"\n           data-responsive=\"0\"\n           data-has-header=\"0\">\n\n                    <tbody>        <tr class=\"wpdt-cell-row \" >\n                            <td class=\"wpdt-cell wpdt-bc-F3F9FE wpdt-bold\"\n                                    data-cell-id=\"A1\"\n                data-col-index=\"0\"\n                data-row-index=\"0\"\n                style=\" width:260px;                padding:10px;\"\n                >\n                                Nombre d\u2019enfant(s)                <\/td>\n                                            <td class=\"wpdt-cell wpdt-bc-F3F9FE wpdt-bold\"\n                                    data-cell-id=\"B1\"\n                data-col-index=\"1\"\n                data-row-index=\"0\"\n                style=\" width:228px;                padding:10px;\"\n                >\n                                Personne seule                <\/td>\n                                            <td class=\"wpdt-cell wpdt-bc-F3F9FE wpdt-bold\"\n                                    data-cell-id=\"C1\"\n                data-col-index=\"2\"\n                data-row-index=\"0\"\n                style=\" width:217px;                padding:10px;\"\n                >\n                                En couple                <\/td>\n                                        <\/tr>\n                            <tr class=\"wpdt-cell-row \" >\n                            <td class=\"wpdt-cell wpdt-bold\"\n                                    data-cell-id=\"A2\"\n                data-col-index=\"0\"\n                data-row-index=\"1\"\n                style=\"                padding:10px;\"\n                >\n                                Sans enfant                <\/td>\n                                            <td class=\"wpdt-cell \"\n                                    data-cell-id=\"B2\"\n                data-col-index=\"1\"\n                data-row-index=\"1\"\n                style=\"                padding:10px;\"\n                >\n                                152,45 \u20ac                <\/td>\n                                            <td class=\"wpdt-cell \"\n                                    data-cell-id=\"C2\"\n                data-col-index=\"2\"\n                data-row-index=\"1\"\n                style=\"                padding:10px;\"\n                >\n                                228,68 \u20ac                <\/td>\n                                        <\/tr>\n                            <tr class=\"wpdt-cell-row \" >\n                            <td class=\"wpdt-cell wpdt-bold\"\n                                    data-cell-id=\"A3\"\n                data-col-index=\"0\"\n                data-row-index=\"2\"\n                style=\"                padding:10px;\"\n                >\n                                1 enfant                <\/td>\n                                            <td class=\"wpdt-cell \"\n                                    data-cell-id=\"B3\"\n                data-col-index=\"1\"\n                data-row-index=\"2\"\n                style=\"                padding:10px;\"\n                >\n                                228,68 \u20ac                <\/td>\n                                            <td class=\"wpdt-cell \"\n                                    data-cell-id=\"C3\"\n                data-col-index=\"2\"\n                data-row-index=\"2\"\n                style=\"                padding:10px;\"\n                >\n                                274,41 \u20ac                <\/td>\n                                        <\/tr>\n                            <tr class=\"wpdt-cell-row \" >\n                            <td class=\"wpdt-cell wpdt-bold\"\n                                    data-cell-id=\"A4\"\n                data-col-index=\"0\"\n                data-row-index=\"3\"\n                style=\"                padding:10px;\"\n                >\n                                2 enfants                <\/td>\n                                            <td class=\"wpdt-cell \"\n                                    data-cell-id=\"B4\"\n                data-col-index=\"1\"\n                data-row-index=\"3\"\n                style=\"                padding:10px;\"\n                >\n                                274,41 \u20ac                <\/td>\n                                            <td class=\"wpdt-cell \"\n                                    data-cell-id=\"C4\"\n                data-col-index=\"2\"\n                data-row-index=\"3\"\n                style=\"                padding:10px;\"\n                >\n                                320,15 \u20ac                <\/td>\n                                        <\/tr>\n                            <tr class=\"wpdt-cell-row \" >\n                            <td class=\"wpdt-cell wpdt-bold\"\n                                    data-cell-id=\"A5\"\n                data-col-index=\"0\"\n                data-row-index=\"4\"\n                style=\"                padding:10px;\"\n                >\n                                3 enfants                <\/td>\n                                            <td class=\"wpdt-cell \"\n                                    data-cell-id=\"B5\"\n                data-col-index=\"1\"\n                data-row-index=\"4\"\n                style=\"                padding:10px;\"\n                >\n                                335,39 \u20ac                <\/td>\n                                            <td class=\"wpdt-cell \"\n                                    data-cell-id=\"C5\"\n                data-col-index=\"2\"\n                data-row-index=\"4\"\n                style=\"                padding:10px;\"\n                >\n                                381,13 \u20ac                <\/td>\n                                        <\/tr>\n                            <tr class=\"wpdt-cell-row \" >\n                            <td class=\"wpdt-cell wpdt-bold\"\n                                    data-cell-id=\"A6\"\n                data-col-index=\"0\"\n                data-row-index=\"5\"\n                style=\"                padding:10px;\"\n                >\n                                4 enfants                <\/td>\n                                            <td class=\"wpdt-cell \"\n                                    data-cell-id=\"B6\"\n                data-col-index=\"1\"\n                data-row-index=\"5\"\n                style=\"                padding:10px;\"\n                >\n                                396,37 \u20ac                <\/td>\n                                            <td class=\"wpdt-cell \"\n                                    data-cell-id=\"C6\"\n                data-col-index=\"2\"\n                data-row-index=\"5\"\n                style=\"                padding:10px;\"\n                >\n                                442,11 \u20ac                <\/td>\n                                        <\/tr>\n                            <tr class=\"wpdt-cell-row \" >\n                            <td class=\"wpdt-cell wpdt-bold\"\n                                    data-cell-id=\"A7\"\n                data-col-index=\"0\"\n                data-row-index=\"6\"\n                style=\"                padding:10px;\"\n                >\n                                5 enfants                <\/td>\n                                            <td class=\"wpdt-cell \"\n                                    data-cell-id=\"B7\"\n                data-col-index=\"1\"\n                data-row-index=\"6\"\n                style=\"                padding:10px;\"\n                >\n                                457,35 \u20ac                <\/td>\n                                            <td class=\"wpdt-cell \"\n                                    data-cell-id=\"C7\"\n                data-col-index=\"2\"\n                data-row-index=\"6\"\n                style=\"                padding:10px;\"\n                >\n                                503,09 \u20ac                <\/td>\n                                        <\/tr>\n                            <tr class=\"wpdt-cell-row \" >\n                            <td class=\"wpdt-cell wpdt-bold\"\n                                    data-cell-id=\"A8\"\n                data-col-index=\"0\"\n                data-row-index=\"7\"\n                style=\"                padding:10px;\"\n                >\n                                Par enfant(s) suppl\u00e9mentaire                <\/td>\n                                            <td class=\"wpdt-cell \"\n                                    data-cell-id=\"B8\"\n                data-col-index=\"1\"\n                data-row-index=\"7\"\n                style=\"                padding:10px;\"\n                >\n                                +60,98 \u20ac                <\/td>\n                                            <td class=\"wpdt-cell \"\n                                    data-cell-id=\"C8\"\n                data-col-index=\"2\"\n                data-row-index=\"7\"\n                style=\"                padding:10px;\"\n                >\n                                +60,98 \u20ac                <\/td>\n                                        <\/tr>\n                    <\/table>\n<\/div><style id='wpdt-custom-style-33'>\n.wpdt-bc-F3F9FE { background-color: #F3F9FE !important;}\n<\/style>\n<\/span><\/p>\n<p><em>(Montants officiels en vigueur au 03\/12\/2025)<\/em><\/p>\n<h2>La prime de No\u00ebl en entreprise est-elle imposable ?<\/h2>\n<p>Vous ne devez pas confondre la prime de No\u00ebl CAF, MSA ou France Travail avec la prime de No\u00ebl que votre entreprise peut vous verser en fin d&rsquo;ann\u00e9e. Il ne s&rsquo;agit pas du tout de la m\u00eame chose.<\/p>\n<p>En effet, contrairement \u00e0 la prime vers\u00e9e aux b\u00e9n\u00e9ficiaires sociaux, la <a href=\"https:\/\/www.mes-allocs.fr\/guides\/prime-de-noel\/prime-de-noel-entreprise\/\">prime de No\u00ebl vers\u00e9e par un employeur<\/a> au titre d\u2019une prime de fin d\u2019ann\u00e9e (13e mois, gratification exceptionnelle, usage d\u2019entreprise) est consid\u00e9r\u00e9e comme un compl\u00e9ment de salaire. Elle est donc <strong>imposable et soumise aux cotisations sociales<\/strong>.<\/p>\n<p><iframe loading=\"lazy\" title=\"La prime de No\u00ebl\" width=\"500\" height=\"281\" src=\"https:\/\/www.youtube.com\/embed\/JSd0X11Muig?feature=oembed\" frameborder=\"0\" allow=\"accelerometer; autoplay; clipboard-write; encrypted-media; gyroscope; picture-in-picture; web-share\" referrerpolicy=\"strict-origin-when-cross-origin\" allowfullscreen><\/iframe><\/p>\n<h1>La prime de No\u00ebl doit-elle \u00eatre d\u00e9clar\u00e9e aux imp\u00f4ts ?<\/h1>\n<h2>Le cas de la prime de No\u00ebl CAF \/ MSA \/ France Travail<\/h2>\n<p>La prime de No\u00ebl ne doit pas \u00eatre d\u00e9clar\u00e9e aux imp\u00f4ts, vous n\u2019avez pas \u00e0 la d\u00e9clarer dans votre <strong>d\u00e9claration annuelle<\/strong>. Comme\u00a0elle est exon\u00e9r\u00e9e, vous n\u2019avez aucune d\u00e9marche \u00e0 effectuer : elle ne figure tout simplement pas sur votre d\u00e9claration de revenus et ne doit pas \u00eatre ajout\u00e9e manuellement.<\/p>\n<h2>Le cas de la prime de No\u00ebl vers\u00e9e en entreprise<\/h2>\n<p>La prime de No\u00ebl vers\u00e9e par votre employeur est automatiquement int\u00e9gr\u00e9e par votre employeur dans votre bulletin de salaire et <strong>transmise \u00e0 l\u2019administration fiscale<\/strong> via le pr\u00e9l\u00e8vement \u00e0 la source. Vous n\u2019avez pas besoin de la d\u00e9clarer s\u00e9par\u00e9ment : elle sera d\u00e9j\u00e0 incluse dans vos revenus imposables.<\/p>\n<div class='cta-block'><div class='text'>Simulez toutes vos aides en 2 min.<\/div><a href='https:\/\/www.mes-allocs.fr\/ab-app?origin=guides\/wp-json\/wp\/v2\/posts\/83679' class='app-button fit'>Simulation gratuite<\/a><\/div>\n<h1>Pourquoi la prime de No\u00ebl n\u2019est-elle pas imposable ?<\/h1>\n<p>La prime de No\u00ebl vers\u00e9e par la CAF, la MSA ou France Travail est une aide sociale exceptionnelle. \u00c0 ce titre, elle ne rel\u00e8ve pas du r\u00e9gime des salaires ou des revenus d\u2019activit\u00e9, mais des prestations sociales destin\u00e9es \u00e0 soutenir les m\u00e9nages les plus modestes.<\/p>\n<p>C\u2019est pour cette raison que :<\/p>\n<ul>\n<li>Elle est exon\u00e9r\u00e9e d\u2019imp\u00f4t sur le revenu : vous n\u2019avez pas besoin de la mentionner dans votre d\u00e9claration fiscale.<\/li>\n<li>Elle est \u00e9galement exon\u00e9r\u00e9e de cotisations sociales : aucun pr\u00e9l\u00e8vement n\u2019est effectu\u00e9 au moment du versement.<\/li>\n<li>Elle n\u2019entre pas dans le calcul des ressources servant de base \u00e0 d\u2019autres prestations sociales (RSA, APL, AAH, etc.).<\/li>\n<\/ul>\n<p>Le <a href=\"https:\/\/www.mes-allocs.fr\/guides\/prime-de-noel\/versement-prime-de-noel\/\">versement de la prime de No\u00ebl<\/a> est assimil\u00e9 \u00e0 une <strong>aide financi\u00e8re ponctuelle<\/strong>, et non \u00e0 un revenu. Elle a donc pour vocation de soutenir le pouvoir d\u2019achat des b\u00e9n\u00e9ficiaires sans alourdir leur fiscalit\u00e9.<\/p>\n<h1>Prime de No\u00ebl d\u00e9clar\u00e9e par erreur aux imp\u00f4ts : que faire ?<\/h1>\n<p>La prime de No\u00ebl vers\u00e9e par la CAF, la MSA ou France Travail n\u2019est pas imposable. Pourtant, il arrive que certains b\u00e9n\u00e9ficiaires la mentionnent par erreur dans leur d\u00e9claration de revenus, pensant qu\u2019elle doit \u00eatre ajout\u00e9e comme d\u2019autres aides exceptionnelles.<\/p>\n<p>Pas d\u2019inqui\u00e9tude, si vous avez fait cette erreur, vous <strong>pouvez facilement la corriger<\/strong> :<\/p>\n<ul>\n<li>Si la campagne de d\u00e9claration est encore ouverte : connectez-vous simplement \u00e0 votre espace Finances publiques sur impots.gouv.fr, acc\u00e9dez \u00e0 votre d\u00e9claration en ligne et modifiez-la. La rectification est imm\u00e9diate : la prime de No\u00ebl sera automatiquement retir\u00e9e de vos revenus imposables.<\/li>\n<li>Si la p\u00e9riode de d\u00e9claration est d\u00e9j\u00e0 cl\u00f4tur\u00e9e : vous devez adresser une r\u00e9clamation \u00e0 votre centre des finances publiques. Cette d\u00e9marche peut se faire depuis votre espace en ligne, par courrier, ou directement sur place. Une fois la demande valid\u00e9e, l\u2019administration rectifiera le calcul de votre imp\u00f4t et supprimera la prime de No\u00ebl de vos revenus imposables.<\/li>\n<\/ul>\n<p>&nbsp;<\/p>\n<div class='cta-block'><div class='text'>Simulez toutes vos aides en 2 min.<\/div><a href='https:\/\/www.mes-allocs.fr\/ab-app?origin=guides\/wp-json\/wp\/v2\/posts\/83679' class='app-button fit'>Simulation gratuite<\/a><\/div>\n","protected":false},"excerpt":{"rendered":"<p>[Mis \u00e0 jour le 04\/12\/2025] Chaque mois de d\u00e9cembre, plus de 2,3 millions de foyers per\u00e7oivent la prime de No\u00ebl, qu\u2019elle soit vers\u00e9e par la CAF, la MSA ou encore France Travail. Cette aide exceptionnelle soul\u00e8ve toutefois une question importante : faut-il la d\u00e9clarer aux imp\u00f4ts ? Autrement dit, la prime de No\u00ebl est-elle imposable [&hellip;]<\/p>\n","protected":false},"author":30,"featured_media":83747,"comment_status":"open","ping_status":"open","sticky":false,"template":"","format":"standard","meta":{"amp_status":"","footnotes":""},"categories":[31],"tags":[],"class_list":["post-83679","post","type-post","status-publish","format-standard","has-post-thumbnail","hentry","category-prime-de-noel"],"yoast_head":"<!-- This site is optimized with the Yoast SEO plugin v14.9 - https:\/\/yoast.com\/wordpress\/plugins\/seo\/ -->\n<title>La prime de No\u00ebl est-elle imposable en 2025 ? | Mes-Allocs.fr<\/title>\n<meta name=\"description\" content=\"Vous allez recevoir ou avez d\u00e9j\u00e0 re\u00e7u la prime de No\u00ebl, et vous vous demandez si elle est imposable ? Mes Allocs vous explique.\" \/>\n<meta name=\"robots\" content=\"index, follow, max-snippet:-1, max-image-preview:large, max-video-preview:-1\" \/>\n<link rel=\"canonical\" href=\"https:\/\/www.mes-allocs.fr\/guides\/prime-de-noel\/prime-de-noel-imposable\/\" \/>\n<meta property=\"og:locale\" content=\"fr_FR\" \/>\n<meta property=\"og:type\" content=\"article\" \/>\n<meta property=\"og:title\" content=\"La prime de No\u00ebl est-elle imposable en 2025 ? | Mes-Allocs.fr\" \/>\n<meta property=\"og:description\" content=\"Vous allez recevoir ou avez d\u00e9j\u00e0 re\u00e7u la prime de No\u00ebl, et vous vous demandez si elle est imposable ? Mes Allocs vous explique.\" \/>\n<meta property=\"og:url\" content=\"https:\/\/www.mes-allocs.fr\/guides\/prime-de-noel\/prime-de-noel-imposable\/\" \/>\n<meta property=\"og:site_name\" content=\"Mes-Allocs.fr\" \/>\n<meta property=\"article:published_time\" content=\"2024-10-10T07:32:44+00:00\" \/>\n<meta property=\"article:modified_time\" content=\"2026-04-22T09:51:27+00:00\" \/>\n<meta property=\"og:image\" content=\"https:\/\/www.mes-allocs.fr\/guides\/wp-content\/uploads\/2024\/10\/prime-de-noel-imposable-e1728485832974.jpg?wsr\" \/>\n\t<meta property=\"og:image:width\" content=\"1280\" \/>\n\t<meta property=\"og:image:height\" content=\"336\" \/>\n<meta name=\"twitter:card\" content=\"summary_large_image\" \/>\n<script type=\"application\/ld+json\" class=\"yoast-schema-graph\">{\"@context\":\"https:\/\/schema.org\",\"@graph\":[{\"@type\":\"WebSite\",\"@id\":\"https:\/\/www.mes-allocs.fr\/guides\/#website\",\"url\":\"https:\/\/www.mes-allocs.fr\/guides\/\",\"name\":\"Mes-Allocs.fr\",\"description\":\"\",\"potentialAction\":[{\"@type\":\"SearchAction\",\"target\":\"https:\/\/www.mes-allocs.fr\/guides\/?s={search_term_string}\",\"query-input\":\"required name=search_term_string\"}],\"inLanguage\":\"fr-FR\"},{\"@type\":\"ImageObject\",\"@id\":\"https:\/\/www.mes-allocs.fr\/guides\/prime-de-noel\/prime-de-noel-imposable\/#primaryimage\",\"inLanguage\":\"fr-FR\",\"url\":\"https:\/\/www.mes-allocs.fr\/guides\/wp-content\/uploads\/2024\/10\/prime-de-noel-imposable-e1728485832974.jpg?wsr\",\"width\":1280,\"height\":336,\"caption\":\"prime de noel imposable\"},{\"@type\":\"WebPage\",\"@id\":\"https:\/\/www.mes-allocs.fr\/guides\/prime-de-noel\/prime-de-noel-imposable\/#webpage\",\"url\":\"https:\/\/www.mes-allocs.fr\/guides\/prime-de-noel\/prime-de-noel-imposable\/\",\"name\":\"La prime de No\\u00ebl est-elle imposable en 2025 ? | Mes-Allocs.fr\",\"isPartOf\":{\"@id\":\"https:\/\/www.mes-allocs.fr\/guides\/#website\"},\"primaryImageOfPage\":{\"@id\":\"https:\/\/www.mes-allocs.fr\/guides\/prime-de-noel\/prime-de-noel-imposable\/#primaryimage\"},\"datePublished\":\"2024-10-10T07:32:44+00:00\",\"dateModified\":\"2026-04-22T09:51:27+00:00\",\"author\":{\"@id\":\"https:\/\/www.mes-allocs.fr\/guides\/#\/schema\/person\/66505fe443d6e6f3696c5af001f3fab8\"},\"description\":\"Vous allez recevoir ou avez d\\u00e9j\\u00e0 re\\u00e7u la prime de No\\u00ebl, et vous vous demandez si elle est imposable ? Mes Allocs vous explique.\",\"inLanguage\":\"fr-FR\"},{\"@type\":\"Person\",\"@id\":\"https:\/\/www.mes-allocs.fr\/guides\/#\/schema\/person\/66505fe443d6e6f3696c5af001f3fab8\",\"name\":\"Lauriane Oriol\",\"image\":{\"@type\":\"ImageObject\",\"@id\":\"https:\/\/www.mes-allocs.fr\/guides\/#personlogo\",\"inLanguage\":\"fr-FR\",\"url\":\"https:\/\/www.mes-allocs.fr\/guides\/wp-content\/uploads\/2024\/10\/1702589802731-1-150x150.jpeg\",\"caption\":\"Lauriane Oriol\"},\"description\":\"Lauriane est r\\u00e9dactrice chez Mes Allocs. Sp\\u00e9cialiste des d\\u00e9marches administratives, elle rejoint Mes Allocs apr\\u00e8s une premi\\u00e8re exp\\u00e9rience en marketing et communication.\"}]}<\/script>\n<!-- \/ Yoast SEO plugin. -->","amp_validity":null,"acf":{"faq":{"1":{"question":"Est-ce que la prime de No\u00ebl est reconduite cette ann\u00e9e ?","answer":"Oui, le site info.gouv.fr a confirm\u00e9 que la prime de No\u00ebl est reconduite en 2025."},"2":{"question":"Comment savoir si je vais avoir la prime de No\u00ebl ?","answer":"Nous mettons \u00e0 votre disposition notre simulateur pour r\u00e9pondre \u00e0 cette question."},"3":{"question":"Quand la prime de No\u00ebl appara\u00eet sur le compte CAF ?","answer":"Il faut s'attendre \u00e0 ce que la prime de No\u00ebl apparaisse au dernier moment sur votre compte."},"4":{"question":"Pourquoi n'ai-je pas le droit \u00e0 la prime de No\u00ebl ?","answer":"Si vous ne percevez pas une des aides \u00e9ligibles, il est normal que vous ne la perceviez pas."},"5":{"question":"","answer":""},"6":{"question":"","answer":""},"7":{"question":"","answer":""},"8":{"question":"","answer":""},"9":{"question":"","answer":""},"10":{"question":"","answer":""},"11":{"question":"","answer":""},"12":{"question":"","answer":""},"13":{"question":"","answer":""},"14":{"question":"","answer":""},"15":{"question":"","answer":""},"16":{"question":"","answer":""}}},"_links":{"self":[{"href":"https:\/\/www.mes-allocs.fr\/guides\/wp-json\/wp\/v2\/posts\/83679","targetHints":{"allow":["GET"]}}],"collection":[{"href":"https:\/\/www.mes-allocs.fr\/guides\/wp-json\/wp\/v2\/posts"}],"about":[{"href":"https:\/\/www.mes-allocs.fr\/guides\/wp-json\/wp\/v2\/types\/post"}],"author":[{"embeddable":true,"href":"https:\/\/www.mes-allocs.fr\/guides\/wp-json\/wp\/v2\/users\/30"}],"replies":[{"embeddable":true,"href":"https:\/\/www.mes-allocs.fr\/guides\/wp-json\/wp\/v2\/comments?post=83679"}],"version-history":[{"count":31,"href":"https:\/\/www.mes-allocs.fr\/guides\/wp-json\/wp\/v2\/posts\/83679\/revisions"}],"predecessor-version":[{"id":107420,"href":"https:\/\/www.mes-allocs.fr\/guides\/wp-json\/wp\/v2\/posts\/83679\/revisions\/107420"}],"wp:featuredmedia":[{"embeddable":true,"href":"https:\/\/www.mes-allocs.fr\/guides\/wp-json\/wp\/v2\/media\/83747"}],"wp:attachment":[{"href":"https:\/\/www.mes-allocs.fr\/guides\/wp-json\/wp\/v2\/media?parent=83679"}],"wp:term":[{"taxonomy":"category","embeddable":true,"href":"https:\/\/www.mes-allocs.fr\/guides\/wp-json\/wp\/v2\/categories?post=83679"},{"taxonomy":"post_tag","embeddable":true,"href":"https:\/\/www.mes-allocs.fr\/guides\/wp-json\/wp\/v2\/tags?post=83679"}],"curies":[{"name":"wp","href":"https:\/\/api.w.org\/{rel}","templated":true}]}}