{"id":83652,"date":"2024-10-10T11:56:59","date_gmt":"2024-10-10T09:56:59","guid":{"rendered":"https:\/\/www.mes-allocs.fr\/guides\/?p=83652"},"modified":"2026-04-22T10:51:27","modified_gmt":"2026-04-22T09:51:27","slug":"defiscalisation-per","status":"publish","type":"post","link":"https:\/\/www.mes-allocs.fr\/guides\/plan-epargne-retraite\/per-impot\/defiscalisation-per\/","title":{"rendered":"D\u00e9fiscalisation PER : comment \u00e7a marche ?"},"content":{"rendered":"<p>&nbsp;<\/p>\n<p><img loading=\"lazy\" decoding=\"async\" class=\"aligncenter wp-image-83658 size-large\" title=\"defiscalisation per\" src=\"https:\/\/www.mes-allocs.fr\/guides\/wp-content\/uploads\/2024\/10\/defiscalisation-per-e1728459022502-1024x291.jpg\" alt=\"defiscalisation per\" width=\"1024\" height=\"291\" \/><\/p>\n<p>Le <a href=\"https:\/\/www.mes-allocs.fr\/guides\/plan-epargne-retraite\/\">Plan d\u2019\u00c9pargne Retraite<\/a> (PER) est une solution id\u00e9ale pour anticiper sa retraite tout en b\u00e9n\u00e9ficiant d\u2019avantages fiscaux int\u00e9ressants. Mais comment fonctionne la <b>d\u00e9fiscalisation du PER <\/b>? Mes Allocs vous pr\u00e9sente les m\u00e9canismes et les d\u00e9tails de ce dispositif.<\/p>\n<div class='cta-block'><div class='text'>Simulez toutes vos Aides en 2 min.<\/div><a href='https:\/\/www.mes-allocs.fr\/ab-app?origin=guides\/wp-json\/wp\/v2\/posts\/83652' class='app-button fit'>Simulation gratuite<\/a><\/div>\n<h1>Comment fonctionne la fiscalit\u00e9 du PER ?<\/h1>\n<p>Votre <a href=\"https:\/\/www.mes-allocs.fr\/guides\/plan-epargne-retraite\/per-impot\/\">PER a un impact sur les imp\u00f4ts<\/a>. En effet, vous b\u00e9n\u00e9ficiez d\u2019un avantage fiscal significatif : les versements volontaires peuvent \u00eatre d\u00e9duits de votre revenu imposable. Cela signifie que l\u2019argent que vous placez dans votre PER r\u00e9duit le montant de vos revenus soumis \u00e0 l&rsquo;imp\u00f4t, entra\u00eenant ainsi une baisse de votre imp\u00f4t sur le revenu.<\/p>\n<h1>Comment r\u00e9duire ses imp\u00f4ts gr\u00e2ce aux avantages fiscaux du PER ?<\/h1>\n<p>Le b\u00e9n\u00e9fice fiscal du PER s\u2019appuie sur le concept de d\u00e9duction fiscale. En choisissant de d\u00e9duire vos versements, vous diminuez votre revenu imposable, ce qui r\u00e9duit \u00e9galement le montant de votre imp\u00f4t. Plus votre Tranche Marginale d\u2019Imposition (TMI) est \u00e9lev\u00e9e, plus vous r\u00e9aliserez des \u00e9conomies sur vos imp\u00f4ts.<\/p>\n<h1>Fonctionnement de la d\u00e9fiscalisation du PER<\/h1>\n<h2>Comment l&rsquo;\u00e9conomie d\u2019imp\u00f4t est-elle calcul\u00e9e ?<\/h2>\n<p>Pour <a href=\"https:\/\/www.mes-allocs.fr\/guides\/plan-epargne-retraite\/per-impot\/calcul-per\/\">calculer l\u2019\u00e9conomie d\u2019imp\u00f4t du PER<\/a>, il suffit d\u2019appliquer votre Taux Marginal d\u2019Imposition (TMI) au montant des contributions d\u00e9ductibles.<\/p>\n<p>Par exemple : Si votre TMI est de 30 % et que vous versez 1000 \u20ac sur votre PER, vous \u00e9conomiserez 300 \u20ac d\u2019imp\u00f4ts (30 % de 1000 \u20ac).<\/p>\n<h2>Quel est le plafond de l\u2019avantage fiscal du PER ?<\/h2>\n<p>Le montant maximum que vous pouvez d\u00e9duire fiscalement pour les contributions \u00e0 un PER est fix\u00e9 par la l\u00e9gislation. Ce montant est exprim\u00e9 en pourcentage de votre statut professionnel, de vos revenus professionnels de l\u2019ann\u00e9e N-1 et est plafonn\u00e9.<\/p>\n<ul>\n<li aria-level=\"1\"><strong>Si vous \u00eates salari\u00e9<\/strong> : le plafond de d\u00e9duction correspond \u00e0 10 % des salaires et traitements que vous avez d\u00e9clar\u00e9s en N-1; le plafond est fix\u00e9 \u00e0 un montant minimum de 4 399 \u20ac et un maximum de 35 194 \u20ac.<\/li>\n<li aria-level=\"1\"><strong>Travailleurs non salari\u00e9s<\/strong> : le plafond correspond \u00e0 10 % des revenus professionnels (BIC, BNC, BA) indiqu\u00e9s dans la d\u00e9claration de revenus. Ce plafond est d\u2019au moins 4 399 \u20ac et a une valeur maximale de 35 194 \u20ac. Il est ajust\u00e9 \u00e0 la baisse en tenant compte des cotisations aux r\u00e9gimes facultatifs des non-salari\u00e9s et des g\u00e9rants, selon leur montant d\u00e9ductible.<\/li>\n<li aria-level=\"1\">Pour les personnes <strong>sans emploi<\/strong> ou <strong>retrait\u00e9es sans revenus professionnels<\/strong> : le plafond est fix\u00e9 \u00e0 4 399 \u20ac.<\/li>\n<\/ul>\n<div class='cta-block'><div class='text'>Simulez toutes vos Aides en 2 min.<\/div><a href='https:\/\/www.mes-allocs.fr\/ab-app?origin=guides\/wp-json\/wp\/v2\/posts\/83652' class='app-button fit'>Simulation gratuite<\/a><\/div>\n<h2>Quelles sont les r\u00e8gles concernant les plafonds de d\u00e9duction pour les salari\u00e9s ?<\/h2>\n<p>Les salari\u00e9s peuvent d\u00e9duire un certain montant de leurs versements sur un PER ? calcul\u00e9 \u00e0 partir de leurs revenus d\u2019activit\u00e9 de l\u2019ann\u00e9e pr\u00e9c\u00e9dente (N-1). Ces revenus, que vous pouvez retrouver sur votre avis d\u2019imposition, comprennent :<\/p>\n<ul>\n<li aria-level=\"1\"><strong>Salaires et traitements<\/strong> : la r\u00e9mun\u00e9ration brute que vous recevez pour votre travail.<\/li>\n<li aria-level=\"1\"><strong>Primes et gratifications<\/strong> : toutes les primes que vous touchez, qu\u2019elles soient exceptionnelles ou r\u00e9guli\u00e8res.<\/li>\n<li aria-level=\"1\"><strong>Avantages en nature<\/strong> : tels qu\u2019une voiture ou un logement de fonction, \u00e9valu\u00e9s selon les normes fiscales.<\/li>\n<\/ul>\n<h2>Comment les TNS peuvent-ils b\u00e9n\u00e9ficier de la d\u00e9fiscalisation du PER avec des plafonds sp\u00e9cifiques ?<\/h2>\n<p>Les travailleurs non salari\u00e9s (TNS) b\u00e9n\u00e9ficient de plafonds de d\u00e9duction plus \u00e9lev\u00e9s que ceux des salari\u00e9s, calcul\u00e9s sur la base de leurs b\u00e9n\u00e9fices professionnels imposables. Pour les TNS, il existe deux niveaux de d\u00e9duction :<\/p>\n<ul>\n<li aria-level=\"1\">Une d\u00e9duction de 10 % des b\u00e9n\u00e9fices imposables, avec un plafond de 37 094 \u20ac pour l\u2019ann\u00e9e 2025.<\/li>\n<li aria-level=\"1\">Une d\u00e9duction de 15 % sur la portion du b\u00e9n\u00e9fice imposable allant de 1 \u00e0 8 fois le plafond annuel de la s\u00e9curit\u00e9 sociale (PASS), ce qui repr\u00e9sente un montant maximum d\u00e9ductible de 52 790 \u20ac pour 2025.<\/li>\n<\/ul>\n<p>\u00c0 noter que le plafond de d\u00e9duction pour les TNS peut \u00eatre cumul\u00e9 avec celui des salari\u00e9s, permettant ainsi \u00e0 un TNS qui aurait une autre activit\u00e9 professionnelle en tant que salari\u00e9 de b\u00e9n\u00e9ficier des deux plafonds. Cependant, ce plafond peut \u00eatre r\u00e9duit si le TNS a cotis\u00e9 \u00e0 d\u2019autres r\u00e9gimes de retraite facultatifs.<\/p>\n<h2>Comment optimiser ses plafonds de d\u00e9duction : rattrapage des plafonds non utilis\u00e9s et mutualisation entre conjoints ?<\/h2>\n<p>Il existe deux m\u00e9thodes pour am\u00e9liorer vos plafonds de d\u00e9duction :<\/p>\n<ul>\n<li aria-level=\"1\">Le <strong>rattrapage des plafonds non utilis\u00e9s<\/strong> : si vous n\u2019avez pas \u00e9puis\u00e9 votre plafond de d\u00e9duction durant les trois derni\u00e8res ann\u00e9es, vous avez la possibilit\u00e9 de le r\u00e9cup\u00e9rer l\u2019ann\u00e9e en cours.<\/li>\n<li aria-level=\"1\">La <strong>mutualisation entre conjoints<\/strong> : si votre conjoint a des revenus inf\u00e9rieurs aux v\u00f4tres et donc un plafond de d\u00e9duction moins important, vous pouvez contribuer \u00e0 son PER pour b\u00e9n\u00e9ficier de son plafond non utilis\u00e9.<\/li>\n<\/ul>\n<p><iframe loading=\"lazy\" title=\"Le Plan d&#039;\u00c9pargne Retraite (PER)\" width=\"500\" height=\"281\" src=\"https:\/\/www.youtube.com\/embed\/Dnp7M9qYKEk?feature=oembed\" frameborder=\"0\" allow=\"accelerometer; autoplay; clipboard-write; encrypted-media; gyroscope; picture-in-picture; web-share\" referrerpolicy=\"strict-origin-when-cross-origin\" allowfullscreen><\/iframe><\/p>\n<h1>Fiscalit\u00e9 \u00e0 la sortie du PER<\/h1>\n<h2>Peut-on refuser la d\u00e9duction fiscale du PER et quel est l&rsquo;int\u00e9r\u00eat ?<\/h2>\n<p>Oui, vous avez la possibilit\u00e9 de ne pas d\u00e9duire vos versements de votre revenu imposable durant la phase d\u2019\u00e9pargne.<\/p>\n<p>En ne d\u00e9duisant pas vos versements, vous retardez l\u2019imposition jusqu&rsquo;\u00e0 la sortie du PER. Cela peut s\u2019av\u00e9rer avantageux si vous attendez une baisse de vos revenus (et donc de votre TMI) \u00e0 la retraite. De plus, si vous n\u2019optez pas pour la d\u00e9duction fiscale \u00e0 l&rsquo;entr\u00e9e, seules les plus-values g\u00e9n\u00e9r\u00e9es par votre \u00e9pargne seront impos\u00e9es lors de la sortie.<\/p>\n<h2>Quelle fiscalit\u00e9 s\u2019applique lors du d\u00e9blocage du PER \u00e0 la retraite ?<\/h2>\n<p>La <a href=\"https:\/\/www.mes-allocs.fr\/guides\/plan-epargne-retraite\/per-impot\/fiscalite-per\/\">fiscalit\u00e9 du PER<\/a>, c&rsquo;est-\u00e0-dire celle applicable lors de la sortie du PER, est influenc\u00e9e par le mode de sortie que vous choisissez (rente ou capital) ainsi que par l\u2019option fiscale que vous avez retenue \u00e0 l\u2019entr\u00e9e (avec ou sans d\u00e9duction).<\/p>\n<h2>Sortie du PER en rente ou en capital ?<\/h2>\n<ul>\n<li><strong>Rente viag\u00e8re<\/strong> : la rente est soumise \u00e0 l\u2019imposition en tant que pension de retraite, apr\u00e8s un abattement de 10%.<\/li>\n<li><strong>Capital<\/strong> : le capital est impos\u00e9 selon le bar\u00e8me progressif de l&rsquo;imp\u00f4t sur le revenu et est \u00e9galement soumis aux pr\u00e9l\u00e8vements sociaux.<\/li>\n<\/ul>\n<h2>Quel est l\u2019impact du choix de la d\u00e9duction fiscale \u00e0 l\u2019entr\u00e9e sur la fiscalit\u00e9 \u00e0 la sortie ?<\/h2>\n<p>Seuls les versements volontaires sont soumis \u00e0 l\u2019imposition lors de la sortie, que ce soit en rente ou en capital, tandis que les plus-values r\u00e9alis\u00e9es sont exempt\u00e9es d\u2019imp\u00f4t sur le revenu.<\/p>\n<p>En revanche, si aucune d\u00e9duction fiscale n\u2019est pr\u00e9vue \u00e0 l\u2019entr\u00e9e, seules les plus-values seront impos\u00e9es lors de la sortie, que ce soit en rente ou en capital, ce qui signifie que les versements volontaires ne seront pas concern\u00e9s par l&rsquo;imp\u00f4t sur le revenu.<\/p>\n<h1>D\u00e9fiscalisation avec le PER : comment remplir sa d\u00e9claration d\u2019imp\u00f4t ?<\/h1>\n<p>Afin de b\u00e9n\u00e9ficier de la d\u00e9duction fiscale du PER, n&rsquo;oubliez pas de mentionner le montant de vos versements dans la case <strong>6RS<\/strong> de votre d\u00e9claration de revenus (formulaire 2042). Veillez \u00e0 c<strong>onserver tous les justificatifs de vos versements<\/strong>.<\/p>\n<p>Besoin d&rsquo;aide dans vos d\u00e9marches ? Contactez nos experts <strong>Mes Allocs<\/strong> !<\/p>\n<div class='cta-block'><div class='text'>Simulez toutes vos Aides en 2 min.<\/div><a href='https:\/\/www.mes-allocs.fr\/ab-app?origin=guides\/wp-json\/wp\/v2\/posts\/83652' class='app-button fit'>Simulation gratuite<\/a><\/div>\n","protected":false},"excerpt":{"rendered":"<p>&nbsp; Le Plan d\u2019\u00c9pargne Retraite (PER) est une solution id\u00e9ale pour anticiper sa retraite tout en b\u00e9n\u00e9ficiant d\u2019avantages fiscaux int\u00e9ressants. Mais comment fonctionne la d\u00e9fiscalisation du PER ? Mes Allocs vous pr\u00e9sente les m\u00e9canismes et les d\u00e9tails de ce dispositif. Comment fonctionne la fiscalit\u00e9 du PER ? Votre PER a un impact sur les imp\u00f4ts. [&hellip;]<\/p>\n","protected":false},"author":31,"featured_media":83656,"comment_status":"open","ping_status":"open","sticky":false,"template":"","format":"standard","meta":{"amp_status":"","footnotes":""},"categories":[39401,22667],"tags":[],"class_list":["post-83652","post","type-post","status-publish","format-standard","has-post-thumbnail","hentry","category-per-impot","category-plan-epargne-retraite"],"yoast_head":"<!-- This site is optimized with the Yoast SEO plugin v14.9 - https:\/\/yoast.com\/wordpress\/plugins\/seo\/ -->\n<title>D\u00e9fiscalisation du PER : fonctionnement, calcul et avantages<\/title>\n<meta name=\"description\" content=\"D\u00e9fiscalisez et pr\u00e9parez votre retraite avec le PER ! Fonctionnement, avantages fiscaux et plafonds de d\u00e9duction : on vous dit tout.\" \/>\n<meta name=\"robots\" content=\"index, follow, max-snippet:-1, max-image-preview:large, max-video-preview:-1\" \/>\n<link rel=\"canonical\" href=\"https:\/\/www.mes-allocs.fr\/guides\/plan-epargne-retraite\/per-impot\/defiscalisation-per\/\" \/>\n<meta property=\"og:locale\" content=\"fr_FR\" \/>\n<meta property=\"og:type\" content=\"article\" \/>\n<meta property=\"og:title\" content=\"D\u00e9fiscalisation du PER : fonctionnement, calcul et avantages\" \/>\n<meta property=\"og:description\" content=\"D\u00e9fiscalisez et pr\u00e9parez votre retraite avec le PER ! Fonctionnement, avantages fiscaux et plafonds de d\u00e9duction : on vous dit tout.\" \/>\n<meta property=\"og:url\" content=\"https:\/\/www.mes-allocs.fr\/guides\/plan-epargne-retraite\/per-impot\/defiscalisation-per\/\" \/>\n<meta property=\"og:site_name\" content=\"Mes-Allocs.fr\" \/>\n<meta property=\"article:published_time\" content=\"2024-10-10T09:56:59+00:00\" \/>\n<meta property=\"article:modified_time\" content=\"2026-04-22T09:51:27+00:00\" \/>\n<meta property=\"og:image\" content=\"https:\/\/www.mes-allocs.fr\/guides\/wp-content\/uploads\/2024\/10\/defiscalisation-plan-epargne-retraite.jpg?wsr\" \/>\n\t<meta property=\"og:image:width\" content=\"1280\" \/>\n\t<meta property=\"og:image:height\" content=\"853\" \/>\n<meta name=\"twitter:card\" content=\"summary_large_image\" \/>\n<script type=\"application\/ld+json\" class=\"yoast-schema-graph\">{\"@context\":\"https:\/\/schema.org\",\"@graph\":[{\"@type\":\"WebSite\",\"@id\":\"https:\/\/www.mes-allocs.fr\/guides\/#website\",\"url\":\"https:\/\/www.mes-allocs.fr\/guides\/\",\"name\":\"Mes-Allocs.fr\",\"description\":\"\",\"potentialAction\":[{\"@type\":\"SearchAction\",\"target\":\"https:\/\/www.mes-allocs.fr\/guides\/?s={search_term_string}\",\"query-input\":\"required name=search_term_string\"}],\"inLanguage\":\"fr-FR\"},{\"@type\":\"ImageObject\",\"@id\":\"https:\/\/www.mes-allocs.fr\/guides\/plan-epargne-retraite\/per-impot\/defiscalisation-per\/#primaryimage\",\"inLanguage\":\"fr-FR\",\"url\":\"https:\/\/www.mes-allocs.fr\/guides\/wp-content\/uploads\/2024\/10\/defiscalisation-plan-epargne-retraite.jpg?wsr\",\"width\":1280,\"height\":853,\"caption\":\"defiscalisation plan epargne retraite\"},{\"@type\":\"WebPage\",\"@id\":\"https:\/\/www.mes-allocs.fr\/guides\/plan-epargne-retraite\/per-impot\/defiscalisation-per\/#webpage\",\"url\":\"https:\/\/www.mes-allocs.fr\/guides\/plan-epargne-retraite\/per-impot\/defiscalisation-per\/\",\"name\":\"D\\u00e9fiscalisation du PER : fonctionnement, calcul et avantages\",\"isPartOf\":{\"@id\":\"https:\/\/www.mes-allocs.fr\/guides\/#website\"},\"primaryImageOfPage\":{\"@id\":\"https:\/\/www.mes-allocs.fr\/guides\/plan-epargne-retraite\/per-impot\/defiscalisation-per\/#primaryimage\"},\"datePublished\":\"2024-10-10T09:56:59+00:00\",\"dateModified\":\"2026-04-22T09:51:27+00:00\",\"author\":{\"@id\":\"https:\/\/www.mes-allocs.fr\/guides\/#\/schema\/person\/4f115680446d9e6de360142157ca671d\"},\"description\":\"D\\u00e9fiscalisez et pr\\u00e9parez votre retraite avec le PER ! Fonctionnement, avantages fiscaux et plafonds de d\\u00e9duction : on vous dit tout.\",\"inLanguage\":\"fr-FR\"},{\"@type\":\"Person\",\"@id\":\"https:\/\/www.mes-allocs.fr\/guides\/#\/schema\/person\/4f115680446d9e6de360142157ca671d\",\"name\":\"Miangaly Ramasindray\",\"image\":{\"@type\":\"ImageObject\",\"@id\":\"https:\/\/www.mes-allocs.fr\/guides\/#personlogo\",\"inLanguage\":\"fr-FR\",\"url\":\"https:\/\/www.mes-allocs.fr\/guides\/wp-content\/uploads\/2024\/10\/Miangaly_Ramasindray-150x150.jpeg\",\"caption\":\"Miangaly Ramasindray\"},\"description\":\"Miangaly est r\\u00e9dactrice web sp\\u00e9cialis\\u00e9e sur les sujets de pouvoir d'achat. Elle rejoint Mes Allocs en 2024 apr\\u00e8s une premi\\u00e8re exp\\u00e9rience en marketing chez DMI.\",\"sameAs\":[\"https:\/\/www.linkedin.com\/in\/miangaly-ramasindray\/\"]}]}<\/script>\n<!-- \/ Yoast SEO plugin. -->","amp_validity":null,"acf":{"faq":{"1":{"question":"Qui peut b\u00e9n\u00e9ficier de la d\u00e9fiscalisation du PER ?","answer":"Toute personne qui verse de l'argent sur un PER (Plan d'\u00c9pargne Retraite) peut potentiellement b\u00e9n\u00e9ficier d'une d\u00e9duction fiscale, quel que soit son statut professionnel (salari\u00e9, TNS, sans emploi...)."},"2":{"question":"Est-il obligatoire de d\u00e9duire ses versements PER ?","answer":"Non, vous pouvez choisir de ne pas d\u00e9duire vos versements de vos revenus imposables.  Dans ce cas, vous serez impos\u00e9 \u00e0 la sortie du PER, mais potentiellement \u00e0 un taux plus faible si vos revenus ont baiss\u00e9."},"3":{"question":"\u00c0 quel \u00e2ge ouvrir un PER ?","answer":"Vous pouvez ouvrir un PER d\u00e8s vos 18 ans, quelle que soit votre situation professionnelle."},"4":{"question":"Quand faire un plan d\u2019\u00e9pargne retraite ? ","answer":"Vous pouvez commencer \u00e0 \u00e9pargner d\u00e8s le d\u00e9but de votre vie professionnelle. M\u00eame de petites sommes mises de c\u00f4t\u00e9 r\u00e9guli\u00e8rement tout au long de votre carri\u00e8re peuvent se transformer en un capital cons\u00e9quent lorsque vous prendrez votre retraite. "},"5":{"question":"Puis-je effectuer des versements libres ou r\u00e9guliers ?","answer":"Oui, le PER offre une grande flexibilit\u00e9. Vous pouvez choisir d'effectuer des versements ponctuels quand vous le souhaitez, ou mettre en place des versements programm\u00e9s r\u00e9guliers."},"6":{"question":"Quelle est la dur\u00e9e d\u2019un PER ?","answer":"Le plan d\u2019\u00e9pargne retraite n\u2019impose aucune dur\u00e9e minimale, mais \u00e9pargner sur le long terme est recommand\u00e9 pour profiter pleinement des avantages fiscaux et de la capitalisation des int\u00e9r\u00eats."},"7":{"question":"","answer":""},"8":{"question":"","answer":""},"9":{"question":"","answer":""},"10":{"question":"","answer":""},"11":{"question":"","answer":""},"12":{"question":"","answer":""},"13":{"question":"","answer":""},"14":{"question":"","answer":""},"15":{"question":"","answer":""},"16":{"question":"","answer":""}}},"_links":{"self":[{"href":"https:\/\/www.mes-allocs.fr\/guides\/wp-json\/wp\/v2\/posts\/83652","targetHints":{"allow":["GET"]}}],"collection":[{"href":"https:\/\/www.mes-allocs.fr\/guides\/wp-json\/wp\/v2\/posts"}],"about":[{"href":"https:\/\/www.mes-allocs.fr\/guides\/wp-json\/wp\/v2\/types\/post"}],"author":[{"embeddable":true,"href":"https:\/\/www.mes-allocs.fr\/guides\/wp-json\/wp\/v2\/users\/31"}],"replies":[{"embeddable":true,"href":"https:\/\/www.mes-allocs.fr\/guides\/wp-json\/wp\/v2\/comments?post=83652"}],"version-history":[{"count":11,"href":"https:\/\/www.mes-allocs.fr\/guides\/wp-json\/wp\/v2\/posts\/83652\/revisions"}],"predecessor-version":[{"id":97608,"href":"https:\/\/www.mes-allocs.fr\/guides\/wp-json\/wp\/v2\/posts\/83652\/revisions\/97608"}],"wp:featuredmedia":[{"embeddable":true,"href":"https:\/\/www.mes-allocs.fr\/guides\/wp-json\/wp\/v2\/media\/83656"}],"wp:attachment":[{"href":"https:\/\/www.mes-allocs.fr\/guides\/wp-json\/wp\/v2\/media?parent=83652"}],"wp:term":[{"taxonomy":"category","embeddable":true,"href":"https:\/\/www.mes-allocs.fr\/guides\/wp-json\/wp\/v2\/categories?post=83652"},{"taxonomy":"post_tag","embeddable":true,"href":"https:\/\/www.mes-allocs.fr\/guides\/wp-json\/wp\/v2\/tags?post=83652"}],"curies":[{"name":"wp","href":"https:\/\/api.w.org\/{rel}","templated":true}]}}