{"id":83629,"date":"2024-10-09T10:18:29","date_gmt":"2024-10-09T08:18:29","guid":{"rendered":"https:\/\/www.mes-allocs.fr\/guides\/?p=83629"},"modified":"2026-04-22T10:51:46","modified_gmt":"2026-04-22T09:51:46","slug":"plan-epargne-retraite-entreprise-deblocage","status":"publish","type":"post","link":"https:\/\/www.mes-allocs.fr\/guides\/plan-epargne-retraite\/plan-epargne-retraite-deblocage\/plan-epargne-retraite-entreprise-deblocage\/","title":{"rendered":"Plan d&rsquo;\u00e9pargne retraite entreprise : tout savoir sur le d\u00e9blocage"},"content":{"rendered":"<p><img loading=\"lazy\" decoding=\"async\" class=\"aligncenter wp-image-83635 size-large\" title=\"plan epargne retraite deblocage\" src=\"https:\/\/www.mes-allocs.fr\/guides\/wp-content\/uploads\/2024\/10\/plan-epargne-retraite-deblocage-e1728398810834-1024x320.jpg\" alt=\"plan epargne retraite deblocage\" width=\"1024\" height=\"320\" \/><\/p>\n<p>Vous avez contribu\u00e9 \u00e0 un <a href=\"https:\/\/www.mes-allocs.fr\/guides\/plan-epargne-retraite\/\">plan d\u2019\u00e9pargne retraite<\/a> (PER) d\u2019entreprise tout au long de votre carri\u00e8re et vous \u00eates sur le point de prendre votre retraite ? Le <strong>d\u00e9blocage d\u2019un PER d\u2019entreprise<\/strong> est soumis \u00e0 des r\u00e8gles bien d\u00e9finies qui sont importantes \u00e0 conna\u00eetre. Mes Allocs vous guide \u00e0 travers les diff\u00e9rentes fa\u00e7ons de d\u00e9bloquer votre \u00e9pargne.<\/p>\n<div class='cta-block'><div class='text'>Simulez votre \u00e9ligibilit\u00e9 au PER en 2 min.<\/div><a href='https:\/\/www.mes-allocs.fr\/ab-app?origin=guides\/wp-json\/wp\/v2\/posts\/83629' class='app-button fit'>Simulation gratuite<\/a><\/div>\n<h1>Qu\u2019est-ce que le PER d\u2019entreprise et comment fonctionne-t-il ?<\/h1>\n<p>Le PER d\u2019entreprise est un syst\u00e8me d\u2019\u00e9pargne salariale qui permet aux salari\u00e9s de pr\u00e9parer leur retraite avec le soutien de leur employeur. Les employ\u00e9s peuvent faire des versements volontaires, et l\u2019employeur a la possibilit\u00e9 de les compl\u00e9ter par des abondements.<\/p>\n<p>Le salari\u00e9 contribue \u00e0 son PER collectif d\u2019entreprise en r\u00e9alisant des versements qui sont ensuite plac\u00e9s sur divers supports financiers tels que des actions, des obligations ou des fonds en euros. L\u2019entreprise a la possibilit\u00e9 d\u2019ajouter un compl\u00e9ment \u00e0 ces versements, en fonction de la somme investie par le salari\u00e9. Les fonds ainsi \u00e9pargn\u00e9s restent bloqu\u00e9s jusqu\u2019\u00e0 la retraite, sauf en cas de d\u00e9blocage anticip\u00e9 autoris\u00e9 par la l\u00e9gislation.<\/p>\n<h1>Le d\u00e9blocage du PER d&rsquo;entreprise \u00e0 la retraite<\/h1>\n<h2>Pourquoi les fonds de mon plan d\u2019\u00e9pargne retraite entreprise sont-ils bloqu\u00e9s jusqu\u2019\u00e0 la retraite ?<\/h2>\n<p>L\u2019objectif de bloquer l\u2019\u00e9pargne jusqu\u2019\u00e0 la retraite est de garantir que les fonds seront employ\u00e9s correctement pour financer la retraite du salari\u00e9. Il s\u2019agit d\u2019une <strong>\u00e9pargne \u00e0 long terme con\u00e7ue pour compl\u00e9ter les revenus une fois l\u2019activit\u00e9 professionnelle termin\u00e9e<\/strong>.<\/p>\n<h2>Comment se passe le d\u00e9blocage du PER d&rsquo;entreprise \u00e0 la retraite ?<\/h2>\n<p>Lorsqu\u2019un salari\u00e9 atteint l\u2019\u00e2ge de la retraite, il a la possibilit\u00e9 de recevoir son \u00e9pargne soit sous forme de rente viag\u00e8re, soit en capital : c&rsquo;est ce qu&rsquo;on appelle le <a href=\"https:\/\/www.mes-allocs.fr\/guides\/plan-epargne-retraite\/plan-epargne-retraite-deblocage\/\">d\u00e9blocage du PER<\/a>. Ce choix est d\u00e9finitif et doit \u00eatre r\u00e9fl\u00e9chi en fonction de la situation personnelle et fiscale de chacun.<\/p>\n<h1>D\u00e9blocage anticip\u00e9 d\u2019un plan d\u2019\u00e9pargne retraite entreprise<\/h1>\n<h2>Quels sont les cas de d\u00e9blocage anticip\u00e9 pour le PER d&rsquo;entreprise obligatoire ?<\/h2>\n<p>Le PER d\u2019entreprise obligatoire est instaur\u00e9 par un accord au sein de l\u2019entreprise ou de la branche, il est obligatoire pour les salari\u00e9s de contribuer. Les situations permettant un d\u00e9blocage anticip\u00e9 sont restreintes et sp\u00e9cifi\u00e9es par la l\u00e9gislation. Cela inclut :<\/p>\n<ul>\n<li aria-level=\"1\">Le d\u00e9c\u00e8s du salari\u00e9 ou de son conjoint(e)<\/li>\n<li aria-level=\"1\">L\u2019invalidit\u00e9<\/li>\n<li aria-level=\"1\">La fin des droits aux prestations de ch\u00f4mage<\/li>\n<li aria-level=\"1\">Le surendettement du salari\u00e9<\/li>\n<li aria-level=\"1\">L\u2019acquisition de la r\u00e9sidence principale du salari\u00e9 : d\u00e9couvrez les conditions de <a href=\"https:\/\/www.mes-allocs.fr\/guides\/plan-epargne-retraite\/plan-epargne-retraite-deblocage\/per-residence-principale\/\">d\u00e9blocage du PER pour une r\u00e9sidence principale<\/a>.<\/li>\n<\/ul>\n<p>&nbsp;<\/p>\n<h2>Quels sont les cas de d\u00e9blocage anticip\u00e9 pour le PER d&rsquo;entreprise collectif ?<\/h2>\n<p>Le Plan d\u2019\u00c9pargne Retraite d\u2019entreprise collectif est un dispositif optionnel. Il permet un plus grand nombre de situations de d\u00e9blocage anticip\u00e9 par rapport au PER obligatoire, en plus des cas d\u00e9j\u00e0 mentionn\u00e9s.<\/p>\n<ul>\n<li aria-level=\"1\">La fin d\u2019un contrat de travail (licenciement, rupture conventionnelle ou d\u00e9mission)?<\/li>\n<li aria-level=\"1\">Cr\u00e9ation ou reprise d\u2019une entreprise par le salari\u00e9 ou son conjoint(e)<\/li>\n<\/ul>\n<h1>Proc\u00e9dure de d\u00e9blocage anticip\u00e9 d\u2019un PER d\u2019entreprise<\/h1>\n<h2>Quel est le d\u00e9lai de demande pour le d\u00e9blocage anticip\u00e9 d\u2019un PER d\u2019entreprise ?<\/h2>\n<p>Il n\u2019y a <strong>pas de d\u00e9lai sp\u00e9cifique<\/strong> pour demander un d\u00e9blocage anticip\u00e9 d\u2019un PER d\u2019entreprise. Un salari\u00e9 peut soumettre sa demande d\u00e8s qu\u2019il se trouve dans une des situations pr\u00e9vues par la loi, ce qui lui permet de profiter de cette option d\u00e8s que les conditions l\u00e9gales sont respect\u00e9es.<\/p>\n<h2>Quels sont les justificatifs \u00e0 fournir pour d\u00e9bloquer un PER d&rsquo;entreprise ?<\/h2>\n<p>Si un salari\u00e9 souhaite r\u00e9aliser un d\u00e9blocage anticip\u00e9 de son Plan d\u2019\u00c9pargne Retraite (PER) d\u2019entreprise, il doit fournir des documents justificatifs correspondant au motif qu\u2019il avance. Ces pi\u00e8ces servent \u00e0 attester que la demande respecte les <a href=\"https:\/\/www.mes-allocs.fr\/guides\/plan-epargne-retraite\/plan-epargne-retraite-deblocage\/conditions-sortie-per\/\">conditions de sortie du PER<\/a> \u00e9tablies par la l\u00e9gislation. Les justificatifs peuvent diff\u00e9rer selon les raisons du blocage et doivent \u00eatre fournis pour que la proc\u00e9dure soit valid\u00e9e.<\/p>\n<p>Il peut s\u2019agir, par exemple :<\/p>\n<ul>\n<li aria-level=\"1\">D\u2019un acte de d\u00e9c\u00e8s<\/li>\n<li aria-level=\"1\">D\u2019une attestation d\u2019invalidit\u00e9<\/li>\n<li aria-level=\"1\">D\u2019une attestation de fin de droits de ch\u00f4mage<\/li>\n<li aria-level=\"1\">D\u2019un jugement de surendettement<\/li>\n<li aria-level=\"1\">D\u2019un compromis de la vente pour l\u2019acquisition de la r\u00e9sidence principale<\/li>\n<\/ul>\n<div class='cta-block'><div class='text'>Simulez votre \u00e9ligibilit\u00e9 au PER en 2 min.<\/div><a href='https:\/\/www.mes-allocs.fr\/ab-app?origin=guides\/wp-json\/wp\/v2\/posts\/83629' class='app-button fit'>Simulation gratuite<\/a><\/div>\n<h1>Quelles sont les cons\u00e9quences fiscales du d\u00e9blocage anticip\u00e9 du PER d\u2019entreprise ?<\/h1>\n<h2>Le d\u00e9blocage anticip\u00e9 d\u2019un PER entreprise est-il exon\u00e9r\u00e9 d\u2019imp\u00f4t sur le revenu ?<\/h2>\n<p>Dans le cas o\u00f9 un salari\u00e9 souhaite d\u00e9bloquer ses fonds avant la date initialement pr\u00e9vue, les versements volontaires qu\u2019il a r\u00e9alis\u00e9s seront soumis \u00e0 l\u2019imp\u00f4t sur le revenu, suivant le bar\u00e8me progressif applicable. Ce dernier varie en fonction des revenus du salari\u00e9 pour l\u2019ann\u00e9e concern\u00e9e, ce qui peut influencer le montant total de l\u2019imposition. Chaque tranche de revenu est soumise \u00e0 un taux sp\u00e9cifique d\u2019imposition.<\/p>\n<h2>Quels pr\u00e9l\u00e8vements sociaux s\u2019appliquent sur les plus-values ?<\/h2>\n<p>Les plus-values issues de l\u2019\u00e9pargne sont soumises \u00e0 un <strong>taux fixe de 30 %<\/strong> gr\u00e2ce au Pr\u00e9l\u00e8vement Forfaitaire Unique (PFU), qui inclut l\u2019imp\u00f4t sur le revenu ainsi que les pr\u00e9l\u00e8vements sociaux. Toutefois, le salari\u00e9 a la possibilit\u00e9 de choisir le bar\u00e8me progressif de l\u2019imp\u00f4t sur le revenu si cela lui est plus b\u00e9n\u00e9fique.<\/p>\n<p>Dans ce cas, les <strong>pr\u00e9l\u00e8vements sociaux, \u00e0 17,2 %<\/strong>, ne changent pas.<\/p>\n<p><iframe loading=\"lazy\" title=\"Le Plan d&#039;\u00c9pargne Retraite (PER)\" width=\"500\" height=\"281\" src=\"https:\/\/www.youtube.com\/embed\/Dnp7M9qYKEk?feature=oembed\" frameborder=\"0\" allow=\"accelerometer; autoplay; clipboard-write; encrypted-media; gyroscope; picture-in-picture; web-share\" referrerpolicy=\"strict-origin-when-cross-origin\" allowfullscreen><\/iframe><\/p>\n<h1>Que devient le plan d&rsquo;\u00e9pargne retraite si on quitte l&rsquo;entreprise ?<\/h1>\n<h2>Le sort du PER en cas de changement d&#8217;employeur<\/h2>\n<p>Lorsqu\u2019un salari\u00e9 se tourne vers un nouvel employeur, il dispose de plusieurs alternatives pour g\u00e9rer son Plan d\u2019\u00c9pargne Retraite (PER) d&rsquo;entreprise :<\/p>\n<ul>\n<li aria-level=\"1\"><strong>Garder le PER<\/strong> : le salari\u00e9 a la possibilit\u00e9 de conserver son PER et de laisser les sommes d\u00e9j\u00e0 \u00e9pargn\u00e9es fructifier. Toutefois, il ne pourra pas effectuer de nouveaux versements avec son nouvel employeur.<\/li>\n<li aria-level=\"1\"><strong>Transf\u00e9rer vers le PER de l\u2019employeur<\/strong> : il peut choisir de transf\u00e9rer ses \u00e9conomies vers le PER propos\u00e9 par son nouvel employeur, ce qui lui permet de regrouper son \u00e9pargne retraite au sein d\u2019un seul plan.<\/li>\n<li aria-level=\"1\"><strong>Transf\u00e9rer vers un PER individuel<\/strong> : le salari\u00e9 a aussi la possibilit\u00e9 de d\u00e9placer son \u00e9pargne vers un PER individuel.<\/li>\n<\/ul>\n<h2>Le sort du PER en cas de d\u00e9part \u00e0 la retraite<\/h2>\n<p>Lorsqu\u2019un salari\u00e9 prend sa retraite, il a la possibilit\u00e9 de recevoir son \u00e9pargne soit sous forme de rente viag\u00e8re, soit en capital. La <a href=\"https:\/\/www.mes-allocs.fr\/guides\/plan-epargne-retraite\/plan-epargne-retraite-deblocage\/plan-epargne-retraite-sortie-en-capital\/\">sortie en capital du PER<\/a> est possible m\u00eame s\u2019il a quitt\u00e9 l\u2019entreprise o\u00f9 il a ouvert son PER, au m\u00eame titre que la sortie sous forme de rente viag\u00e8re.<\/p>\n<h1>Peut-on transf\u00e9rer son PERCO vers un PER d\u2019entreprise ?<\/h1>\n<p>Le PERCO, ou Plan d\u2019\u00c9pargne pour la Retraite Collectif, \u00e9tait un dispositif d\u2019\u00e9pargne salariale qui offrait aux employ\u00e9s la possibilit\u00e9 de pr\u00e9parer leur retraite. Depuis la loi PACTE de 2019, il a \u00e9t\u00e9 remplac\u00e9 par le PER d\u2019entreprise collectif.<\/p>\n<p>Vous pouvez <strong>facilement transf\u00e9rer votre ancien PERCO vers un PER d\u2019entreprise collectif<\/strong>. La loi PACTE encourage cette op\u00e9ration, visant \u00e0 rendre les dispositifs d\u2019\u00e9pargne retraite plus simples. De plus, ce transfert se fait sans frais ni imposition.<\/p>\n<p>Besoin d&rsquo;aide dans vos d\u00e9marches ? Contactez nos expert <strong>Mes Allocs<\/strong> !<\/p>\n<div class='cta-block'><div class='text'>Simulez votre \u00e9ligibilit\u00e9 au PER en 2 min.<\/div><a href='https:\/\/www.mes-allocs.fr\/ab-app?origin=guides\/wp-json\/wp\/v2\/posts\/83629' class='app-button fit'>Simulation gratuite<\/a><\/div>\n","protected":false},"excerpt":{"rendered":"<p>Vous avez contribu\u00e9 \u00e0 un plan d\u2019\u00e9pargne retraite (PER) d\u2019entreprise tout au long de votre carri\u00e8re et vous \u00eates sur le point de prendre votre retraite ? Le d\u00e9blocage d\u2019un PER d\u2019entreprise est soumis \u00e0 des r\u00e8gles bien d\u00e9finies qui sont importantes \u00e0 conna\u00eetre. Mes Allocs vous guide \u00e0 travers les diff\u00e9rentes fa\u00e7ons de d\u00e9bloquer [&hellip;]<\/p>\n","protected":false},"author":31,"featured_media":83632,"comment_status":"open","ping_status":"open","sticky":false,"template":"","format":"standard","meta":{"amp_status":"","footnotes":""},"categories":[22667,39378],"tags":[],"class_list":["post-83629","post","type-post","status-publish","format-standard","has-post-thumbnail","hentry","category-plan-epargne-retraite","category-plan-epargne-retraite-deblocage"],"yoast_head":"<!-- This site is optimized with the Yoast SEO plugin v14.9 - https:\/\/yoast.com\/wordpress\/plugins\/seo\/ -->\n<title>Plan d&#039;\u00c9pargne Retraite d&#039;entreprise : les modalit\u00e9s de d\u00e9blocage<\/title>\n<meta name=\"description\" content=\"Tout savoir sur le d\u00e9blocage du PER d&#039;entreprise : conditions, cas de d\u00e9blocage anticip\u00e9, justificatifs et cons\u00e9quences fiscales.\" \/>\n<meta name=\"robots\" content=\"index, follow, max-snippet:-1, max-image-preview:large, max-video-preview:-1\" \/>\n<link rel=\"canonical\" href=\"https:\/\/www.mes-allocs.fr\/guides\/plan-epargne-retraite\/plan-epargne-retraite-deblocage\/plan-epargne-retraite-entreprise-deblocage\/\" \/>\n<meta property=\"og:locale\" content=\"fr_FR\" \/>\n<meta property=\"og:type\" content=\"article\" \/>\n<meta property=\"og:title\" content=\"Plan d&#039;\u00c9pargne Retraite d&#039;entreprise : les modalit\u00e9s de d\u00e9blocage\" \/>\n<meta property=\"og:description\" content=\"Tout savoir sur le d\u00e9blocage du PER d&#039;entreprise : conditions, cas de d\u00e9blocage anticip\u00e9, justificatifs et cons\u00e9quences fiscales.\" \/>\n<meta property=\"og:url\" content=\"https:\/\/www.mes-allocs.fr\/guides\/plan-epargne-retraite\/plan-epargne-retraite-deblocage\/plan-epargne-retraite-entreprise-deblocage\/\" \/>\n<meta property=\"og:site_name\" content=\"Mes-Allocs.fr\" \/>\n<meta property=\"article:published_time\" content=\"2024-10-09T08:18:29+00:00\" \/>\n<meta property=\"article:modified_time\" content=\"2026-04-22T09:51:46+00:00\" \/>\n<meta property=\"og:image\" content=\"https:\/\/www.mes-allocs.fr\/guides\/wp-content\/uploads\/2024\/10\/deblocage-per.jpg?wsr\" \/>\n\t<meta property=\"og:image:width\" content=\"1280\" \/>\n\t<meta property=\"og:image:height\" content=\"853\" \/>\n<meta name=\"twitter:card\" content=\"summary_large_image\" \/>\n<script type=\"application\/ld+json\" class=\"yoast-schema-graph\">{\"@context\":\"https:\/\/schema.org\",\"@graph\":[{\"@type\":\"WebSite\",\"@id\":\"https:\/\/www.mes-allocs.fr\/guides\/#website\",\"url\":\"https:\/\/www.mes-allocs.fr\/guides\/\",\"name\":\"Mes-Allocs.fr\",\"description\":\"\",\"potentialAction\":[{\"@type\":\"SearchAction\",\"target\":\"https:\/\/www.mes-allocs.fr\/guides\/?s={search_term_string}\",\"query-input\":\"required name=search_term_string\"}],\"inLanguage\":\"fr-FR\"},{\"@type\":\"ImageObject\",\"@id\":\"https:\/\/www.mes-allocs.fr\/guides\/plan-epargne-retraite\/plan-epargne-retraite-deblocage\/plan-epargne-retraite-entreprise-deblocage\/#primaryimage\",\"inLanguage\":\"fr-FR\",\"url\":\"https:\/\/www.mes-allocs.fr\/guides\/wp-content\/uploads\/2024\/10\/deblocage-per.jpg?wsr\",\"width\":1280,\"height\":853,\"caption\":\"deblocage per\"},{\"@type\":\"WebPage\",\"@id\":\"https:\/\/www.mes-allocs.fr\/guides\/plan-epargne-retraite\/plan-epargne-retraite-deblocage\/plan-epargne-retraite-entreprise-deblocage\/#webpage\",\"url\":\"https:\/\/www.mes-allocs.fr\/guides\/plan-epargne-retraite\/plan-epargne-retraite-deblocage\/plan-epargne-retraite-entreprise-deblocage\/\",\"name\":\"Plan d'\\u00c9pargne Retraite d'entreprise : les modalit\\u00e9s de d\\u00e9blocage\",\"isPartOf\":{\"@id\":\"https:\/\/www.mes-allocs.fr\/guides\/#website\"},\"primaryImageOfPage\":{\"@id\":\"https:\/\/www.mes-allocs.fr\/guides\/plan-epargne-retraite\/plan-epargne-retraite-deblocage\/plan-epargne-retraite-entreprise-deblocage\/#primaryimage\"},\"datePublished\":\"2024-10-09T08:18:29+00:00\",\"dateModified\":\"2026-04-22T09:51:46+00:00\",\"author\":{\"@id\":\"https:\/\/www.mes-allocs.fr\/guides\/#\/schema\/person\/4f115680446d9e6de360142157ca671d\"},\"description\":\"Tout savoir sur le d\\u00e9blocage du PER d'entreprise : conditions, cas de d\\u00e9blocage anticip\\u00e9, justificatifs et cons\\u00e9quences fiscales.\",\"inLanguage\":\"fr-FR\"},{\"@type\":\"Person\",\"@id\":\"https:\/\/www.mes-allocs.fr\/guides\/#\/schema\/person\/4f115680446d9e6de360142157ca671d\",\"name\":\"Miangaly Ramasindray\",\"image\":{\"@type\":\"ImageObject\",\"@id\":\"https:\/\/www.mes-allocs.fr\/guides\/#personlogo\",\"inLanguage\":\"fr-FR\",\"url\":\"https:\/\/www.mes-allocs.fr\/guides\/wp-content\/uploads\/2024\/10\/Miangaly_Ramasindray-150x150.jpeg\",\"caption\":\"Miangaly Ramasindray\"},\"description\":\"Miangaly est r\\u00e9dactrice web sp\\u00e9cialis\\u00e9e sur les sujets de pouvoir d'achat. Elle rejoint Mes Allocs en 2024 apr\\u00e8s une premi\\u00e8re exp\\u00e9rience en marketing chez DMI.\",\"sameAs\":[\"https:\/\/www.linkedin.com\/in\/miangaly-ramasindray\/\"]}]}<\/script>\n<!-- \/ Yoast SEO plugin. -->","amp_validity":null,"acf":{"faq":{"1":{"question":"Quelle est la dur\u00e9e d\u2019un PER ? ","answer":"Le Plan d'\u00c9pargne Retraite ne comporte pas de dur\u00e9e minimum."},"2":{"question":"Est-ce avantageux d'avoir un PER ?","answer":"Le PER est une solution d'\u00e9pargne id\u00e9ale !  En cotisant r\u00e9guli\u00e8rement durant votre vie active, vous vous constituez un capital qui, \u00e0 la retraite,  vous permettra de choisir entre une rente r\u00e9guli\u00e8re ou un capital pour financer vos projets."},"3":{"question":"Quand faire un plan d\u2019\u00e9pargne retraite ? ","answer":"Vous pouvez commencer \u00e0 \u00e9pargner d\u00e8s le d\u00e9but de votre vie professionnelle. M\u00eame de petites sommes mises de c\u00f4t\u00e9 r\u00e9guli\u00e8rement tout au long de votre carri\u00e8re peuvent se transformer en un capital cons\u00e9quent lorsque vous prendrez votre retraite. "},"4":{"question":"Comment sortir l'argent d'un PER ?","answer":"Pour r\u00e9cup\u00e9rer l'argent de votre PER avant votre retraite, il faut envoyer une lettre \u00e0 la banque ou \u00e0 l'assurance qui s'occupe de votre contrat.  Dans cette lettre, vous devez expliquer pourquoi vous avez besoin de cet argent.  N'oubliez pas de joindre une copie de votre carte d'identit\u00e9, un RIB et un document qui prouve que vous \u00eates bien dans une situation difficile (par exemple, un certificat m\u00e9dical si vous \u00eates malade)."},"5":{"question":"","answer":""},"6":{"question":"","answer":""},"7":{"question":"","answer":""},"8":{"question":"","answer":""},"9":{"question":"","answer":""},"10":{"question":"","answer":""},"11":{"question":"","answer":""},"12":{"question":"","answer":""},"13":{"question":"","answer":""},"14":{"question":"","answer":""},"15":{"question":"","answer":""},"16":{"question":"","answer":""}}},"_links":{"self":[{"href":"https:\/\/www.mes-allocs.fr\/guides\/wp-json\/wp\/v2\/posts\/83629","targetHints":{"allow":["GET"]}}],"collection":[{"href":"https:\/\/www.mes-allocs.fr\/guides\/wp-json\/wp\/v2\/posts"}],"about":[{"href":"https:\/\/www.mes-allocs.fr\/guides\/wp-json\/wp\/v2\/types\/post"}],"author":[{"embeddable":true,"href":"https:\/\/www.mes-allocs.fr\/guides\/wp-json\/wp\/v2\/users\/31"}],"replies":[{"embeddable":true,"href":"https:\/\/www.mes-allocs.fr\/guides\/wp-json\/wp\/v2\/comments?post=83629"}],"version-history":[{"count":9,"href":"https:\/\/www.mes-allocs.fr\/guides\/wp-json\/wp\/v2\/posts\/83629\/revisions"}],"predecessor-version":[{"id":97601,"href":"https:\/\/www.mes-allocs.fr\/guides\/wp-json\/wp\/v2\/posts\/83629\/revisions\/97601"}],"wp:featuredmedia":[{"embeddable":true,"href":"https:\/\/www.mes-allocs.fr\/guides\/wp-json\/wp\/v2\/media\/83632"}],"wp:attachment":[{"href":"https:\/\/www.mes-allocs.fr\/guides\/wp-json\/wp\/v2\/media?parent=83629"}],"wp:term":[{"taxonomy":"category","embeddable":true,"href":"https:\/\/www.mes-allocs.fr\/guides\/wp-json\/wp\/v2\/categories?post=83629"},{"taxonomy":"post_tag","embeddable":true,"href":"https:\/\/www.mes-allocs.fr\/guides\/wp-json\/wp\/v2\/tags?post=83629"}],"curies":[{"name":"wp","href":"https:\/\/api.w.org\/{rel}","templated":true}]}}