{"id":83433,"date":"2024-10-07T09:29:14","date_gmt":"2024-10-07T07:29:14","guid":{"rendered":"https:\/\/www.mes-allocs.fr\/guides\/?p=83433"},"modified":"2026-04-22T10:51:48","modified_gmt":"2026-04-22T09:51:48","slug":"droit-prime-de-noel-pole-emploi","status":"publish","type":"post","link":"https:\/\/www.mes-allocs.fr\/guides\/prime-de-noel\/prime-de-noel-pole-emploi\/droit-prime-de-noel-pole-emploi\/","title":{"rendered":"Ai-je droit a la prime de No\u00ebl France Travail (ex-P\u00f4le Emploi) ?"},"content":{"rendered":"<p><img loading=\"lazy\" decoding=\"async\" class=\"aligncenter size-full wp-image-105205\" title=\"droit prime noel france travail\" src=\"https:\/\/www.mes-allocs.fr\/guides\/wp-content\/uploads\/2024\/10\/droit-prime-noel-france-travail.jpg\" alt=\"droit prime noel france travail\" width=\"1918\" height=\"300\" srcset=\"https:\/\/www.mes-allocs.fr\/guides\/wp-content\/uploads\/2024\/10\/droit-prime-noel-france-travail.jpg 1918w, https:\/\/www.mes-allocs.fr\/guides\/wp-content\/uploads\/2024\/10\/droit-prime-noel-france-travail-300x47.jpg 300w, https:\/\/www.mes-allocs.fr\/guides\/wp-content\/uploads\/2024\/10\/droit-prime-noel-france-travail-1024x160.jpg 1024w, https:\/\/www.mes-allocs.fr\/guides\/wp-content\/uploads\/2024\/10\/droit-prime-noel-france-travail-768x120.jpg 768w, https:\/\/www.mes-allocs.fr\/guides\/wp-content\/uploads\/2024\/10\/droit-prime-noel-france-travail-1536x240.jpg 1536w, https:\/\/www.mes-allocs.fr\/guides\/wp-content\/uploads\/2024\/10\/droit-prime-noel-france-travail-600x94.jpg 600w\" sizes=\"auto, (max-width: 1918px) 100vw, 1918px\" \/><\/p>\n<p>[Mis \u00e0 jour le 04\/12\/2025] Depuis 1998, la <a href=\"https:\/\/www.mes-allocs.fr\/guides\/prime-de-noel\/prime-de-noel-pole-emploi\/\">prime de No\u00ebl France Travail<\/a> vient soulager les m\u00e9nages aux ressources limit\u00e9es \u00e0 chaque fin d&rsquo;ann\u00e9e. Cette aide exceptionnelle est vers\u00e9e par France Travail, mais attention, elle ne concerne pas tous les demandeurs d&#8217;emploi inscrits. Vous d\u00e9pendez de France Travail et vous vous demandez : <strong>ai-je le droit \u00e0 la prime de No\u00ebl France Travail<\/strong> ? On vous explique qui est \u00e9ligible.<\/p>\n<div class='cta-block'><div class='text'>Simulez votre prime de No\u00ebl en 2 min.<\/div><a href='https:\/\/www.mes-allocs.fr\/ab-app?origin=guides\/wp-json\/wp\/v2\/posts\/83433' class='app-button fit'>Simulation gratuite<\/a><\/div>\n<h1>Qu&rsquo;est-ce que la prime de No\u00ebl P\u00f4le Emploi ?<\/h1>\n<p>La prime de No\u00ebl France Travail s&rsquo;appelle aussi l&rsquo;<strong>aide exceptionnelle de fin d&rsquo;ann\u00e9e<\/strong>. C&rsquo;est une prestation financi\u00e8re vers\u00e9e le 16 d\u00e9cembre 2025 afin d&rsquo;aider les personnes b\u00e9n\u00e9ficiant de minima sociaux. La prime de No\u00ebl repr\u00e9sente un <strong>s\u00e9rieux coup de pouce<\/strong> pour les b\u00e9n\u00e9ficiaires de certaines allocations sociales qui y ont droit.<\/p>\n<p>En 2025, ce sont plus de <strong>2 millions de m\u00e9nages qui vont en b\u00e9n\u00e9ficier.<\/strong><\/p>\n<h1>Avez-vous droit \u00e0 la prime de No\u00ebl France Travail en 2025 ?<\/h1>\n<p>Pour \u00eatre \u00e9ligible \u00e0 la prime de No\u00ebl vers\u00e9e par France Travail en 2025, il faut \u00eatre b\u00e9n\u00e9ficiaire d&rsquo;une des allocations sociales suivantes :<\/p>\n<ul>\n<li>Allocation de Solidarit\u00e9 Sp\u00e9cifique <strong>(ASS)<\/strong><\/li>\n<li>Allocation de Solidarit\u00e9 Sp\u00e9cifique Formation <strong>(ASS-F)<\/strong><\/li>\n<li>Allocation Equivalent Retraite <strong>(AER)<\/strong><\/li>\n<li>R\u00e9mun\u00e9ration de la Formation P\u00f4le Emploi <strong>(RFPE)<\/strong> ou la R\u00e9mun\u00e9ration des Stagiaires de la Formation Professionnelle\/R\u00e9mun\u00e9ration Publique de Stage <strong>(RSFP\/RPS)<\/strong> <strong>uniquement si<\/strong> vous percevez l&rsquo;Allocation de Solidarit\u00e9 Sp\u00e9cifique (ASS) la veille de vos d\u00e9buts en formation<\/li>\n<li>Aide \u00e0 la Cr\u00e9ation et la Reprise d&rsquo;Entreprise pour les b\u00e9n\u00e9ficiaires de l&rsquo;ASS <strong>(ACRE-ASS)<\/strong><\/li>\n<\/ul>\n<p>Attention, il est \u00e0 noter que vous devez percevoir une de ces aides <strong>au mois de novembre 2025 ou \u00e0 d\u00e9faut au mois de d\u00e9cembre 2025<\/strong>\u00a0pour \u00eatre \u00e9ligible.<\/p>\n<p><div class='shortcode tips'><div class='title'>Exemple<\/div><div class='content'>Nordine est indemnis\u00e9 de l&rsquo;ASS depuis novembre 2024, mais il recevra son dernier versement en octobre 2025. Nordine ne recevra donc pas la prime de No\u00ebl France Travail en 2025.<\/div><\/div> <!-- --> <!-- notionvc: 83250cd7-4098-4034-93b6-208140d701df --><\/p>\n<h1>Puis-je b\u00e9n\u00e9ficier de la prime de No\u00ebl si je touche l&rsquo;ARE ?<\/h1>\n<p><strong>La r\u00e9ponse est non.<\/strong> Les b\u00e9n\u00e9ficiaires de l&rsquo;Allocation d&rsquo;aide au Retour \u00e0 l&rsquo;Emploi (ARE) ne sont pas \u00e9ligibles \u00e0 la prime de No\u00ebl. Quel que soit le montant des indemnit\u00e9s ch\u00f4mage que vous percevez, vous n&rsquo;avez malheureusement pas droit \u00e0 la prime de No\u00ebl.<\/p>\n<p>Si l&rsquo;an dernier, vous ne touchiez pas encore l&rsquo;ARE alors vous avez peut-\u00eatre per\u00e7u la prime de No\u00ebl en d\u00e9cembre. Cependant, ce ne sera pas le cas en cette fin d&rsquo;ann\u00e9e 2025 car vous touchez l&rsquo;ARE.<\/p>\n<p><iframe loading=\"lazy\" title=\"La prime de No\u00ebl\" width=\"500\" height=\"281\" src=\"https:\/\/www.youtube.com\/embed\/JSd0X11Muig?feature=oembed\" frameborder=\"0\" allow=\"accelerometer; autoplay; clipboard-write; encrypted-media; gyroscope; picture-in-picture; web-share\" referrerpolicy=\"strict-origin-when-cross-origin\" allowfullscreen><\/iframe><\/p>\n<h1>Comment savoir si j&rsquo;ai le droit \u00e0 la prime de No\u00ebl France Travail ?<\/h1>\n<p>Pour vous assurer d&rsquo;\u00eatre b\u00e9n\u00e9ficiaire de la prime de No\u00ebl de France Travail en 2025, nous vous proposons de faire <strong>une simulation gratuite sur notre simulateur<\/strong>.<\/p>\n<p>Notre simulateur vous promet une r\u00e9ponse fiable, rapide et totalement gratuite. De plus, si vous avez besoin, nos conseillers seront ravis de vous accompagner et de vous aider \u00e0 r\u00e9pondre \u00e0 toutes les questions que vous pouvez vous poser.<\/p>\n<div class='cta-block'><div class='text'>Simulez votre prime de No\u00ebl en 2 min.<\/div><a href='https:\/\/www.mes-allocs.fr\/ab-app?origin=guides\/wp-json\/wp\/v2\/posts\/83433' class='app-button fit'>Simulation gratuite<\/a><\/div>\n<h1>Quelles sont les d\u00e9marches \u00e0 effectuer si j&rsquo;ai le droit \u00e0 la prime de No\u00ebl vers\u00e9e par France Travail ?<\/h1>\n<p><strong>Vous n&rsquo;avez aucune d\u00e9marche \u00e0 faire pour que France Travail vous fasse votre versement de prime de No\u00ebl.<\/strong> En effet, si vous \u00eates bien \u00e9ligible tout se fait automatiquement par versement sur votre compte bancaire, le 16 d\u00e9cembre 2025.<\/p>\n<p>Depuis 2024, il n&rsquo;existe plus de majoration de 35 % pour les familles monoparentales. Les <a href=\"https:\/\/www.mes-allocs.fr\/guides\/prime-de-noel\/prime-de-noel-pole-emploi\/prime-de-noel-pole-emploi-montant\/\">montants de la prime de No\u00ebl France Travail<\/a> ont donc \u00e9t\u00e9 mis \u00e0 jour l&rsquo;ann\u00e9e derni\u00e8re pour les personnes seules ayant \u00e0 charge un ou des enfants.<\/p>\n<h1>La prime de No\u00ebl est-elle cumulable avec les autres aides de France Travail ?<\/h1>\n<p><strong>La r\u00e9ponse est oui.<\/strong> Tout simplement parce qu&rsquo;une des conditions pour \u00eatre \u00e9ligible \u00e0 la prime de No\u00ebl vers\u00e9e par France Travail est de b\u00e9n\u00e9ficier de certaines prestations sociales.<\/p>\n<p>Il est donc totalement possible de cumuler la prime de No\u00ebl avec les aides suivantes par exemple :<\/p>\n<ul>\n<li>L&rsquo;Allocation de Solidarit\u00e9 Sp\u00e9cifique (ASS)<\/li>\n<li>L&rsquo;Allocation de Solidarit\u00e9 Sp\u00e9cifique Formation (ASS-F)<\/li>\n<li>L&rsquo;Allocation Equivalent Retraite (AER)<\/li>\n<li>La R\u00e9mun\u00e9ration de la Formation P\u00f4le Emploi (RFPE) ou la R\u00e9mun\u00e9ration des Stagiaires de la Formation Professionnelle\/R\u00e9mun\u00e9ration Publique de Stage (RSFP\/RPS) uniquement si vous percevez l&rsquo;Allocation de Solidarit\u00e9 Sp\u00e9cifique (ASS) la veille de vos d\u00e9buts en formation<\/li>\n<li>L&rsquo;Aide \u00e0 la Cr\u00e9ation et la Reprise d&rsquo;Entreprise pour les b\u00e9n\u00e9ficiaires de l&rsquo;ASS (ACRE-ASS)<\/li>\n<\/ul>\n<p>Dans le cas o\u00f9 vous auriez un doute, nous vous conseillons de faire appel \u00e0 un de nos conseillers. Ainsi, vous pourrez exposer votre situation sp\u00e9cifique et avoir une r\u00e9ponse personnalis\u00e9e plus pr\u00e9cise.<\/p>\n<div class='cta-block'><div class='text'>Simulez votre prime de No\u00ebl en 2 min.<\/div><a href='https:\/\/www.mes-allocs.fr\/ab-app?origin=guides\/wp-json\/wp\/v2\/posts\/83433' class='app-button fit'>Simulation gratuite<\/a><\/div>\n","protected":false},"excerpt":{"rendered":"<p>[Mis \u00e0 jour le 04\/12\/2025] Depuis 1998, la prime de No\u00ebl France Travail vient soulager les m\u00e9nages aux ressources limit\u00e9es \u00e0 chaque fin d&rsquo;ann\u00e9e. Cette aide exceptionnelle est vers\u00e9e par France Travail, mais attention, elle ne concerne pas tous les demandeurs d&#8217;emploi inscrits. Vous d\u00e9pendez de France Travail et vous vous demandez : ai-je le [&hellip;]<\/p>\n","protected":false},"author":30,"featured_media":83494,"comment_status":"open","ping_status":"open","sticky":false,"template":"","format":"standard","meta":{"amp_status":"","footnotes":""},"categories":[31,39263],"tags":[],"class_list":["post-83433","post","type-post","status-publish","format-standard","has-post-thumbnail","hentry","category-prime-de-noel","category-prime-de-noel-pole-emploi"],"yoast_head":"<!-- This site is optimized with the Yoast SEO plugin v14.9 - https:\/\/yoast.com\/wordpress\/plugins\/seo\/ -->\n<title>Ai-je droit a la prime de No\u00ebl France Travail (ex-P\u00f4le Emploi) ?<\/title>\n<meta name=\"description\" content=\"La prime de No\u00ebl France Travail est vers\u00e9e le 16 d\u00e9cembre 2025 et vous vous demandez si vous y avez droit ? On vous explique.\" \/>\n<meta name=\"robots\" content=\"index, follow, max-snippet:-1, max-image-preview:large, max-video-preview:-1\" \/>\n<link rel=\"canonical\" href=\"https:\/\/www.mes-allocs.fr\/guides\/prime-de-noel\/prime-de-noel-pole-emploi\/droit-prime-de-noel-pole-emploi\/\" \/>\n<meta property=\"og:locale\" content=\"fr_FR\" \/>\n<meta property=\"og:type\" content=\"article\" \/>\n<meta property=\"og:title\" content=\"Ai-je droit a la prime de No\u00ebl France Travail (ex-P\u00f4le Emploi) ?\" \/>\n<meta property=\"og:description\" content=\"La prime de No\u00ebl France Travail est vers\u00e9e le 16 d\u00e9cembre 2025 et vous vous demandez si vous y avez droit ? On vous explique.\" \/>\n<meta property=\"og:url\" content=\"https:\/\/www.mes-allocs.fr\/guides\/prime-de-noel\/prime-de-noel-pole-emploi\/droit-prime-de-noel-pole-emploi\/\" \/>\n<meta property=\"og:site_name\" content=\"Mes-Allocs.fr\" \/>\n<meta property=\"article:published_time\" content=\"2024-10-07T07:29:14+00:00\" \/>\n<meta property=\"article:modified_time\" content=\"2026-04-22T09:51:48+00:00\" \/>\n<meta property=\"og:image\" content=\"https:\/\/www.mes-allocs.fr\/guides\/wp-content\/uploads\/2024\/10\/ai-je-droit-a-la-prime-de-noel-pole-emploi.jpg?wsr\" \/>\n\t<meta property=\"og:image:width\" content=\"853\" \/>\n\t<meta property=\"og:image:height\" content=\"1280\" \/>\n<meta name=\"twitter:card\" content=\"summary_large_image\" \/>\n<script type=\"application\/ld+json\" class=\"yoast-schema-graph\">{\"@context\":\"https:\/\/schema.org\",\"@graph\":[{\"@type\":\"WebSite\",\"@id\":\"https:\/\/www.mes-allocs.fr\/guides\/#website\",\"url\":\"https:\/\/www.mes-allocs.fr\/guides\/\",\"name\":\"Mes-Allocs.fr\",\"description\":\"\",\"potentialAction\":[{\"@type\":\"SearchAction\",\"target\":\"https:\/\/www.mes-allocs.fr\/guides\/?s={search_term_string}\",\"query-input\":\"required name=search_term_string\"}],\"inLanguage\":\"fr-FR\"},{\"@type\":\"ImageObject\",\"@id\":\"https:\/\/www.mes-allocs.fr\/guides\/prime-de-noel\/prime-de-noel-pole-emploi\/droit-prime-de-noel-pole-emploi\/#primaryimage\",\"inLanguage\":\"fr-FR\",\"url\":\"https:\/\/www.mes-allocs.fr\/guides\/wp-content\/uploads\/2024\/10\/ai-je-droit-a-la-prime-de-noel-pole-emploi.jpg?wsr\",\"width\":853,\"height\":1280,\"caption\":\"ai je droit a la prime de noel pole emploi\"},{\"@type\":\"WebPage\",\"@id\":\"https:\/\/www.mes-allocs.fr\/guides\/prime-de-noel\/prime-de-noel-pole-emploi\/droit-prime-de-noel-pole-emploi\/#webpage\",\"url\":\"https:\/\/www.mes-allocs.fr\/guides\/prime-de-noel\/prime-de-noel-pole-emploi\/droit-prime-de-noel-pole-emploi\/\",\"name\":\"Ai-je droit a la prime de No\\u00ebl France Travail (ex-P\\u00f4le Emploi) ?\",\"isPartOf\":{\"@id\":\"https:\/\/www.mes-allocs.fr\/guides\/#website\"},\"primaryImageOfPage\":{\"@id\":\"https:\/\/www.mes-allocs.fr\/guides\/prime-de-noel\/prime-de-noel-pole-emploi\/droit-prime-de-noel-pole-emploi\/#primaryimage\"},\"datePublished\":\"2024-10-07T07:29:14+00:00\",\"dateModified\":\"2026-04-22T09:51:48+00:00\",\"author\":{\"@id\":\"https:\/\/www.mes-allocs.fr\/guides\/#\/schema\/person\/66505fe443d6e6f3696c5af001f3fab8\"},\"description\":\"La prime de No\\u00ebl France Travail est vers\\u00e9e le 16 d\\u00e9cembre 2025 et vous vous demandez si vous y avez droit ? On vous explique.\",\"inLanguage\":\"fr-FR\"},{\"@type\":\"Person\",\"@id\":\"https:\/\/www.mes-allocs.fr\/guides\/#\/schema\/person\/66505fe443d6e6f3696c5af001f3fab8\",\"name\":\"Lauriane Oriol\",\"image\":{\"@type\":\"ImageObject\",\"@id\":\"https:\/\/www.mes-allocs.fr\/guides\/#personlogo\",\"inLanguage\":\"fr-FR\",\"url\":\"https:\/\/www.mes-allocs.fr\/guides\/wp-content\/uploads\/2024\/10\/1702589802731-1-150x150.jpeg\",\"caption\":\"Lauriane Oriol\"},\"description\":\"Lauriane est r\\u00e9dactrice chez Mes Allocs. Sp\\u00e9cialiste des d\\u00e9marches administratives, elle rejoint Mes Allocs apr\\u00e8s une premi\\u00e8re exp\\u00e9rience en marketing et communication.\"}]}<\/script>\n<!-- \/ Yoast SEO plugin. -->","amp_validity":null,"acf":{"faq":{"1":{"question":"Est-ce que les ch\u00f4meurs ont droit \u00e0 la prime de No\u00ebl ?","answer":"La r\u00e9ponse est non. Dans la grande majorit\u00e9 des cas, vous ne percevrez pas de prime de No\u00ebl."},"2":{"question":"Qui a droit \u00e0 la prime P\u00f4le Emploi ?","answer":"Vous devez r\u00e9pondre \u00e0 plusieurs conditions d'\u00e9ligibilit\u00e9 pour r\u00e9pondre \u00e0 la prime P\u00f4le Emploi de 1000 euros."},"3":{"question":"Pourquoi n'ai-je pas droit \u00e0 la prime de No\u00ebl ?","answer":"Certaines situations ne vous permettent pas de recevoir la prime de No\u00ebl comme le cong\u00e9 parental, l'arr\u00eat maladie etc."},"4":{"question":"Comment savoir si j'ai le droit \u00e0 la prime de No\u00ebl P\u00f4le Emploi ?","answer":"Nous mettons \u00e0 votre disposition un simulateur gratuit qui permet de savoir si vous avez droit \u00e0 la prime de No\u00ebl."},"5":{"question":"","answer":""},"6":{"question":"","answer":""},"7":{"question":"","answer":""},"8":{"question":"","answer":""},"9":{"question":"","answer":""},"10":{"question":"","answer":""},"11":{"question":"","answer":""},"12":{"question":"","answer":""},"13":{"question":"","answer":""},"14":{"question":"","answer":""},"15":{"question":"","answer":""},"16":{"question":"","answer":""}}},"_links":{"self":[{"href":"https:\/\/www.mes-allocs.fr\/guides\/wp-json\/wp\/v2\/posts\/83433","targetHints":{"allow":["GET"]}}],"collection":[{"href":"https:\/\/www.mes-allocs.fr\/guides\/wp-json\/wp\/v2\/posts"}],"about":[{"href":"https:\/\/www.mes-allocs.fr\/guides\/wp-json\/wp\/v2\/types\/post"}],"author":[{"embeddable":true,"href":"https:\/\/www.mes-allocs.fr\/guides\/wp-json\/wp\/v2\/users\/30"}],"replies":[{"embeddable":true,"href":"https:\/\/www.mes-allocs.fr\/guides\/wp-json\/wp\/v2\/comments?post=83433"}],"version-history":[{"count":24,"href":"https:\/\/www.mes-allocs.fr\/guides\/wp-json\/wp\/v2\/posts\/83433\/revisions"}],"predecessor-version":[{"id":109863,"href":"https:\/\/www.mes-allocs.fr\/guides\/wp-json\/wp\/v2\/posts\/83433\/revisions\/109863"}],"wp:featuredmedia":[{"embeddable":true,"href":"https:\/\/www.mes-allocs.fr\/guides\/wp-json\/wp\/v2\/media\/83494"}],"wp:attachment":[{"href":"https:\/\/www.mes-allocs.fr\/guides\/wp-json\/wp\/v2\/media?parent=83433"}],"wp:term":[{"taxonomy":"category","embeddable":true,"href":"https:\/\/www.mes-allocs.fr\/guides\/wp-json\/wp\/v2\/categories?post=83433"},{"taxonomy":"post_tag","embeddable":true,"href":"https:\/\/www.mes-allocs.fr\/guides\/wp-json\/wp\/v2\/tags?post=83433"}],"curies":[{"name":"wp","href":"https:\/\/api.w.org\/{rel}","templated":true}]}}