{"id":83382,"date":"2024-10-03T10:28:26","date_gmt":"2024-10-03T08:28:26","guid":{"rendered":"https:\/\/www.mes-allocs.fr\/guides\/?p=83382"},"modified":"2026-04-22T10:51:48","modified_gmt":"2026-04-22T09:51:48","slug":"per-profession-liberale","status":"publish","type":"post","link":"https:\/\/www.mes-allocs.fr\/guides\/plan-epargne-retraite\/condition-per\/per-independant\/per-profession-liberale\/","title":{"rendered":"PER pour profession lib\u00e9rale : conditions, fonctionnement et avantages"},"content":{"rendered":"<p><img loading=\"lazy\" decoding=\"async\" class=\"aligncenter size-large wp-image-83418\" title=\"per profession liberale\" src=\"https:\/\/www.mes-allocs.fr\/guides\/wp-content\/uploads\/2024\/10\/per-profession-liberale-1-1024x504.jpg\" alt=\"per profession liberale\" width=\"1024\" height=\"504\" \/><\/p>\n<p>Le <a href=\"https:\/\/www.mes-allocs.fr\/guides\/plan-epargne-retraite\/\"><strong>Plan d&rsquo;\u00c9pargne Retraite<\/strong><\/a> (PER) est une solution d&rsquo;\u00e9pargne accessible \u00e0 tous, \u00e0 condition d&rsquo;\u00eatre majeur. Mes Allocs vous explique les conditions d&rsquo;acc\u00e8s, le fonctionnement et les avantages du <strong>PER pour les professions lib\u00e9rales<\/strong>.<\/p>\n<div class='cta-block'><div class='text'>Simulez toutes vos Aides en 2 min.<\/div><a href='https:\/\/www.mes-allocs.fr\/ab-app?origin=guides\/wp-json\/wp\/v2\/posts\/83382' class='app-button fit'>Simulation gratuite<\/a><\/div>\n<h1>La retraite des professions lib\u00e9rales<\/h1>\n<h2>Comment fonctionne le r\u00e9gime de retraite des professions lib\u00e9rales ?<\/h2>\n<p>Les professionnels lib\u00e9raux sont affil\u00e9s \u00e0 la <strong>Caisse Nationale d&rsquo;Assurance Vieillesse des Professions Lib\u00e9rales<\/strong> (CNAVPL). Ce r\u00e9gime inclut une retraite de base et une retraite compl\u00e9mentaire obligatoire.<\/p>\n<p>La retraite de base et la retraite compl\u00e9mentaire obligatoire sont calcul\u00e9es en points. Le nombre de points que vous avez accumul\u00e9s tout au long de votre carri\u00e8re vous est attribu\u00e9 en fonction de vos cotisations, qui sont proportionnelles \u00e0 vos revenus. <strong>Plus vous cotisez, plus vous accumulez de points !<\/strong><\/p>\n<h2>L&rsquo;importance d\u2019anticiper et de pr\u00e9parer sa retraite en profession lib\u00e9rale<\/h2>\n<p>Les revenus des professions lib\u00e9rales peuvent varier et pour maintenir votre niveau de vie, il faut anticiper votre strat\u00e9gie d&rsquo;\u00e9pargne avant la retraite. Le PER peut vous aider \u00e0 compl\u00e9ter vos revenus de retraite de base et compl\u00e9mentaire.<\/p>\n<h1>Le PER : la solution d\u2019\u00e9pargne retraite id\u00e9ale pour les professions lib\u00e9rales<\/h1>\n<h2>Qu\u2019est-ce que le PER pour les professions lib\u00e9rales ?<\/h2>\n<p>Le <strong>PER<\/strong> est un produit d&rsquo;\u00e9pargne qui vous permet de constituer un <strong>capital pour votre retraite<\/strong> tout en b\u00e9n\u00e9ficiant d&rsquo;<strong>avantages fiscaux<\/strong>. Les <a href=\"https:\/\/www.mes-allocs.fr\/guides\/plan-epargne-retraite\/condition-per\/\">conditions d&rsquo;acc\u00e8s au PER<\/a> sont tr\u00e8s souples, \u00e0 condition d&rsquo;avoir <strong>18 ans<\/strong>.<\/p>\n<h2>Avantages du PER pour les professions lib\u00e9rales<\/h2>\n<p>Le PER pr\u00e9sente plusieurs avantages :<\/p>\n<ul>\n<li><strong>Flexibilit\u00e9 :<\/strong> vous pouvez ajuster le montant et la fr\u00e9quence de vos paiements en fonction de votre situation financi\u00e8re<\/li>\n<li><strong>D\u00e9duction fiscale<\/strong> : les versements que vous effectuez sur votre PER sont d\u00e9ductibles de votre b\u00e9n\u00e9fice imposable et r\u00e9duisent votre charge fiscale.<\/li>\n<li><strong>Choix des supports d&rsquo;investissement<\/strong> : vous avez la possibilit\u00e9 de diversifier votre \u00e9pargne en choisissant parmi une large gamme de supports (fonds en euros, unit\u00e9 de compte).<\/li>\n<\/ul>\n<h1>Comment fonctionne le PER pour les professions lib\u00e9rales ?<\/h1>\n<h2>Gestion pilot\u00e9e ou libre<\/h2>\n<p>Le\u00a0<a href=\"https:\/\/www.mes-allocs.fr\/guides\/plan-epargne-retraite\/condition-per\/per-independant\/\">PER pour les ind\u00e9pendants<\/a> offre la possibilit\u00e9 de choisir entre une gestion pilot\u00e9e ou une gestion libre :<\/p>\n<ul>\n<li><strong>Gestion pilot\u00e9e<\/strong> : la gestion de votre \u00e9pargne est confi\u00e9e \u00e0 des professionnels qui s\u00e9lectionnent pour vous les supports d&rsquo;investissement. Ils prennent en compte votre profil, votre tol\u00e9rance au risque et les conditions du march\u00e9, ce qui vous permet de b\u00e9n\u00e9ficier de leur expertise sans avoir \u00e0 g\u00e9rer vos investissements au quotidien.<\/li>\n<li><strong>Gestion libre<\/strong> : si vous pr\u00e9f\u00e9rez un contr\u00f4le total, la gestion libre vous permet de choisir vous-m\u00eame les supports d&rsquo;investissement propos\u00e9s par votre assureur. Cette option est id\u00e9ale si vous avez une bonne connaissance des march\u00e9s financiers et si vous souhaitez personnaliser votre strat\u00e9gie d&rsquo;investissement en fonction de vos pr\u00e9f\u00e9rences.<\/li>\n<\/ul>\n<h2>Fond solidaire : un investissement obligatoire<\/h2>\n<p>Le fonds solidaire, constitu\u00e9 d&rsquo;une partie de votre \u00e9pargne, a \u00e9t\u00e9 cr\u00e9\u00e9 par l&rsquo;\u00c9tat et les r\u00e9gions pour soutenir les petites entreprises, les micro-entrepreneurs et les professions lib\u00e9rales. Dans le cadre du PER, cet investissement est obligatoire. Son principal objectif est d&rsquo;\u00e9viter la cessation d&rsquo;activit\u00e9 des structures fragiles.<\/p>\n<h2>Fiscalit\u00e9 du PER pour les professions lib\u00e9rales<\/h2>\n<p>Le PER vous offre la possibilit\u00e9 de d\u00e9duire les versements effectu\u00e9s de votre b\u00e9n\u00e9fice imposable, ce qui permet de <strong>diminuer le montant de votre imp\u00f4t sur le revenu<\/strong>.<\/p>\n<p>Le montant de la d\u00e9duction est plafonn\u00e9 et d\u00e9pend de votre situation et de vos revenus. Voici le calcul :<\/p>\n<ul>\n<li>10 % de votre b\u00e9n\u00e9fice imposable de l&rsquo;ann\u00e9e N-1, dans la limite des 8 fois le Plafond Annuel de la S\u00e9curit\u00e9 Sociale (PASS) de l&rsquo;ann\u00e9e N-1.<\/li>\n<li>Ou une somme forfaitaire de 47\u00a0100 \u20ac si le montant est plus \u00e9lev\u00e9.<\/li>\n<\/ul>\n<h2>Transfert d\u2019un contrat Madelin vers un PER<\/h2>\n<p>Si vous poss\u00e9dez un contrat d&rsquo;\u00e9pargne retraite Madelin les b\u00e9n\u00e9fices restent valables et il est tout \u00e0 fait possible de <strong>transf\u00e9rer les sommes accumul\u00e9es sur un PER<\/strong> sans frais ni p\u00e9nalit\u00e9s.<\/p>\n<div class='cta-block'><div class='text'>Simulez toutes vos Aides en 2 min.<\/div><a href='https:\/\/www.mes-allocs.fr\/ab-app?origin=guides\/wp-json\/wp\/v2\/posts\/83382' class='app-button fit'>Simulation gratuite<\/a><\/div>\n<h1>Quelles sont les options de sortie du PER pour les professions lib\u00e9rales ?<\/h1>\n<p>Au moment de votre d\u00e9part \u00e0 la retraite, vous avez la possibilit\u00e9 de choisir entre plusieurs options de sortie :<\/p>\n<ul>\n<li><strong>Sortie en capital<\/strong> : vous pouvez r\u00e9cup\u00e9rer votre \u00e9pargne en un seul ou plusieurs versements.<\/li>\n<li><strong>Sortie en rente viag\u00e8re<\/strong> : vous percevez une rente \u00e0 vie, calcul\u00e9e en fonction de votre \u00e9pargne et de votre esp\u00e9rance de vie.<\/li>\n<li><strong>Combinaison capital et rente<\/strong> : vous avez la possibilit\u00e9 de choisir une solution mixte, en retirant une partie de votre \u00e9pargne en capital et l&rsquo;autre en rente.<\/li>\n<\/ul>\n<p>En principe, vous ne pouvez pas d\u00e9bloquer vos fonds de retraite avant l&rsquo;\u00e2ge l\u00e9gal de d\u00e9part \u00e0 la retraite, mais il existe des <strong>cas exceptionnels<\/strong> qui vous autorisent \u00e0 recourir \u00e0 un d\u00e9blocage anticip\u00e9 de votre PER :<\/p>\n<ul>\n<li>Faillite<\/li>\n<li>Surendettement<\/li>\n<li>Invalidit\u00e9<\/li>\n<li>D\u00e9c\u00e8s de votre conjoint<\/li>\n<\/ul>\n<p>Ces d\u00e9blocages anticip\u00e9s sont soumis \u00e0 des conditions et n\u00e9cessitent de fournir des documents justificatifs.<\/p>\n<p><iframe loading=\"lazy\" title=\"Le Plan d&#039;\u00c9pargne Retraite (PER)\" width=\"500\" height=\"281\" src=\"https:\/\/www.youtube.com\/embed\/Dnp7M9qYKEk?feature=oembed\" frameborder=\"0\" allow=\"accelerometer; autoplay; clipboard-write; encrypted-media; gyroscope; picture-in-picture; web-share\" referrerpolicy=\"strict-origin-when-cross-origin\" allowfullscreen><\/iframe><\/p>\n<h1>Comment ouvrir un PER quand on est en profession lib\u00e9rale ?<\/h1>\n<p>Pour ouvrir un <strong>Plan d&rsquo;\u00c9pargne Retraite<\/strong> (PER), vous pouvez vous rapprocher de plusieurs organismes qui peuvent vous proposer diff\u00e9rentes solutions adapt\u00e9es \u00e0 vos besoins :<\/p>\n<ul>\n<li>Banques<\/li>\n<li>Assurances<\/li>\n<li>Mutuelles<\/li>\n<li>Institutions de pr\u00e9voyance<\/li>\n<\/ul>\n<p>Avant de prendre votre d\u00e9cision, prenez le temps de comparer les offres et les frais. Les frais peuvent varier consid\u00e9rablement d&rsquo;un organisme \u00e0 l&rsquo;autre, il est donc important de bien vous renseigner.<\/p>\n<h1>Les solutions alternatives au PER pour se constituer une \u00e9pargne retraite en tant que profession lib\u00e9rale<\/h1>\n<p>En plus d&rsquo;un PER, plusieurs autres solutions d&rsquo;\u00e9pargne peuvent vous aider \u00e0 vous pr\u00e9parer pour la retraite :<\/p>\n<ul>\n<li>Assurance vie<\/li>\n<li>Investissement immobilier locatif<\/li>\n<li>Placement financier<\/li>\n<\/ul>\n<p>Combiner ces diff\u00e9rentes solutions avec votre PER vous permet de diversifier vos sources de revenus et d&rsquo;optimiser votre \u00e9pargne retraite.<\/p>\n<p>D\u00e9couvrez aussi le <a href=\"https:\/\/www.mes-allocs.fr\/guides\/plan-epargne-retraite\/condition-per\/per-independant\/plan-epargne-retraite-dirigeant-sasu\/\">PER pour dirigeant de SASU<\/a> !<\/p>\n<div class='cta-block'><div class='text'>Simulez toutes vos Aides en 2 min.<\/div><a href='https:\/\/www.mes-allocs.fr\/ab-app?origin=guides\/wp-json\/wp\/v2\/posts\/83382' class='app-button fit'>Simulation gratuite<\/a><\/div>\n","protected":false},"excerpt":{"rendered":"<p>Le Plan d&rsquo;\u00c9pargne Retraite (PER) est une solution d&rsquo;\u00e9pargne accessible \u00e0 tous, \u00e0 condition d&rsquo;\u00eatre majeur. Mes Allocs vous explique les conditions d&rsquo;acc\u00e8s, le fonctionnement et les avantages du PER pour les professions lib\u00e9rales. La retraite des professions lib\u00e9rales Comment fonctionne le r\u00e9gime de retraite des professions lib\u00e9rales ? Les professionnels lib\u00e9raux sont affil\u00e9s \u00e0 [&hellip;]<\/p>\n","protected":false},"author":31,"featured_media":83407,"comment_status":"open","ping_status":"open","sticky":false,"template":"","format":"standard","meta":{"amp_status":"","footnotes":""},"categories":[39015,39256,22667],"tags":[],"class_list":["post-83382","post","type-post","status-publish","format-standard","has-post-thumbnail","hentry","category-condition-per","category-per-independant","category-plan-epargne-retraite"],"yoast_head":"<!-- This site is optimized with the Yoast SEO plugin v14.9 - https:\/\/yoast.com\/wordpress\/plugins\/seo\/ -->\n<title>PER pour profession lib\u00e9rale : conditions, fonctionnement et avantages<\/title>\n<meta name=\"description\" content=\"Vous avez le statut de profession lib\u00e9rale ? Pr\u00e9parez votre retraite avec le PER, et d\u00e9couvrez les avantages de ce produit d&#039;\u00e9pargne.\" \/>\n<meta name=\"robots\" content=\"index, follow, max-snippet:-1, max-image-preview:large, max-video-preview:-1\" \/>\n<link rel=\"canonical\" href=\"https:\/\/www.mes-allocs.fr\/guides\/plan-epargne-retraite\/condition-per\/per-independant\/per-profession-liberale\/\" \/>\n<meta property=\"og:locale\" content=\"fr_FR\" \/>\n<meta property=\"og:type\" content=\"article\" \/>\n<meta property=\"og:title\" content=\"PER pour profession lib\u00e9rale : conditions, fonctionnement et avantages\" \/>\n<meta property=\"og:description\" content=\"Vous avez le statut de profession lib\u00e9rale ? Pr\u00e9parez votre retraite avec le PER, et d\u00e9couvrez les avantages de ce produit d&#039;\u00e9pargne.\" \/>\n<meta property=\"og:url\" content=\"https:\/\/www.mes-allocs.fr\/guides\/plan-epargne-retraite\/condition-per\/per-independant\/per-profession-liberale\/\" \/>\n<meta property=\"og:site_name\" content=\"Mes-Allocs.fr\" \/>\n<meta property=\"article:published_time\" content=\"2024-10-03T08:28:26+00:00\" \/>\n<meta property=\"article:modified_time\" content=\"2026-04-22T09:51:48+00:00\" \/>\n<meta property=\"og:image\" content=\"https:\/\/www.mes-allocs.fr\/guides\/wp-content\/uploads\/2024\/10\/MesAllocs-PER-Profession-liberal-2024.jpg?wsr\" \/>\n\t<meta property=\"og:image:width\" content=\"1280\" \/>\n\t<meta property=\"og:image:height\" content=\"557\" \/>\n<meta name=\"twitter:card\" content=\"summary_large_image\" \/>\n<script type=\"application\/ld+json\" class=\"yoast-schema-graph\">{\"@context\":\"https:\/\/schema.org\",\"@graph\":[{\"@type\":\"WebSite\",\"@id\":\"https:\/\/www.mes-allocs.fr\/guides\/#website\",\"url\":\"https:\/\/www.mes-allocs.fr\/guides\/\",\"name\":\"Mes-Allocs.fr\",\"description\":\"\",\"potentialAction\":[{\"@type\":\"SearchAction\",\"target\":\"https:\/\/www.mes-allocs.fr\/guides\/?s={search_term_string}\",\"query-input\":\"required name=search_term_string\"}],\"inLanguage\":\"fr-FR\"},{\"@type\":\"ImageObject\",\"@id\":\"https:\/\/www.mes-allocs.fr\/guides\/plan-epargne-retraite\/condition-per\/per-independant\/per-profession-liberale\/#primaryimage\",\"inLanguage\":\"fr-FR\",\"url\":\"https:\/\/www.mes-allocs.fr\/guides\/wp-content\/uploads\/2024\/10\/MesAllocs-PER-Profession-liberal-2024.jpg?wsr\",\"width\":1280,\"height\":557,\"caption\":\"cheque vacances profession liberale\"},{\"@type\":\"WebPage\",\"@id\":\"https:\/\/www.mes-allocs.fr\/guides\/plan-epargne-retraite\/condition-per\/per-independant\/per-profession-liberale\/#webpage\",\"url\":\"https:\/\/www.mes-allocs.fr\/guides\/plan-epargne-retraite\/condition-per\/per-independant\/per-profession-liberale\/\",\"name\":\"PER pour profession lib\\u00e9rale : conditions, fonctionnement et avantages\",\"isPartOf\":{\"@id\":\"https:\/\/www.mes-allocs.fr\/guides\/#website\"},\"primaryImageOfPage\":{\"@id\":\"https:\/\/www.mes-allocs.fr\/guides\/plan-epargne-retraite\/condition-per\/per-independant\/per-profession-liberale\/#primaryimage\"},\"datePublished\":\"2024-10-03T08:28:26+00:00\",\"dateModified\":\"2026-04-22T09:51:48+00:00\",\"author\":{\"@id\":\"https:\/\/www.mes-allocs.fr\/guides\/#\/schema\/person\/4f115680446d9e6de360142157ca671d\"},\"description\":\"Vous avez le statut de profession lib\\u00e9rale ? Pr\\u00e9parez votre retraite avec le PER, et d\\u00e9couvrez les avantages de ce produit d'\\u00e9pargne.\",\"inLanguage\":\"fr-FR\"},{\"@type\":\"Person\",\"@id\":\"https:\/\/www.mes-allocs.fr\/guides\/#\/schema\/person\/4f115680446d9e6de360142157ca671d\",\"name\":\"Miangaly Ramasindray\",\"image\":{\"@type\":\"ImageObject\",\"@id\":\"https:\/\/www.mes-allocs.fr\/guides\/#personlogo\",\"inLanguage\":\"fr-FR\",\"url\":\"https:\/\/www.mes-allocs.fr\/guides\/wp-content\/uploads\/2024\/10\/Miangaly_Ramasindray-150x150.jpeg\",\"caption\":\"Miangaly Ramasindray\"},\"description\":\"Miangaly est r\\u00e9dactrice web sp\\u00e9cialis\\u00e9e sur les sujets de pouvoir d'achat. Elle rejoint Mes Allocs en 2024 apr\\u00e8s une premi\\u00e8re exp\\u00e9rience en marketing chez DMI.\",\"sameAs\":[\"https:\/\/www.linkedin.com\/in\/miangaly-ramasindray\/\"]}]}<\/script>\n<!-- \/ Yoast SEO plugin. -->","amp_validity":null,"acf":{"faq":{"1":{"question":"Quelle retraite pour les professions lib\u00e9rales ?","answer":"Contrairement aux salari\u00e9s, votre retraite de base en tant que professionnel lib\u00e9ral est calcul\u00e9e en points. Vous accumulez des points tout au long de votre carri\u00e8re en cotisant \u00e0 la CNAVPL. "},"2":{"question":"Qui est consid\u00e9r\u00e9 comme profession lib\u00e9rale ? ","answer":"Les professions lib\u00e9rales sont des m\u00e9tiers o\u00f9 l'on travaille \u00e0 son compte."},"3":{"question":"Qui a droit \u00e0 un PER ? ","answer":"Le PER est ouvert \u00e0 touters personnes \u00e0 partir de 21 ans, quelle que soit sa situation professionnelle. "},"4":{"question":"Quand faire un plan d\u2019\u00e9pargne retraite ? ","answer":"Vous pouvez commencer \u00e0 \u00e9pargner d\u00e8s le d\u00e9but de votre vie professionnelle. M\u00eame de petites sommes mises de c\u00f4t\u00e9 r\u00e9guli\u00e8rement tout au long de votre carri\u00e8re peuvent se transformer en un capital cons\u00e9quent lorsque vous prendrez votre retraite. "},"5":{"question":"","answer":""},"6":{"question":"","answer":""},"7":{"question":"","answer":""},"8":{"question":"","answer":""},"9":{"question":"","answer":""},"10":{"question":"","answer":""},"11":{"question":"","answer":""},"12":{"question":"","answer":""},"13":{"question":"","answer":""},"14":{"question":"","answer":""},"15":{"question":"","answer":""},"16":{"question":"","answer":""}}},"_links":{"self":[{"href":"https:\/\/www.mes-allocs.fr\/guides\/wp-json\/wp\/v2\/posts\/83382","targetHints":{"allow":["GET"]}}],"collection":[{"href":"https:\/\/www.mes-allocs.fr\/guides\/wp-json\/wp\/v2\/posts"}],"about":[{"href":"https:\/\/www.mes-allocs.fr\/guides\/wp-json\/wp\/v2\/types\/post"}],"author":[{"embeddable":true,"href":"https:\/\/www.mes-allocs.fr\/guides\/wp-json\/wp\/v2\/users\/31"}],"replies":[{"embeddable":true,"href":"https:\/\/www.mes-allocs.fr\/guides\/wp-json\/wp\/v2\/comments?post=83382"}],"version-history":[{"count":11,"href":"https:\/\/www.mes-allocs.fr\/guides\/wp-json\/wp\/v2\/posts\/83382\/revisions"}],"predecessor-version":[{"id":97598,"href":"https:\/\/www.mes-allocs.fr\/guides\/wp-json\/wp\/v2\/posts\/83382\/revisions\/97598"}],"wp:featuredmedia":[{"embeddable":true,"href":"https:\/\/www.mes-allocs.fr\/guides\/wp-json\/wp\/v2\/media\/83407"}],"wp:attachment":[{"href":"https:\/\/www.mes-allocs.fr\/guides\/wp-json\/wp\/v2\/media?parent=83382"}],"wp:term":[{"taxonomy":"category","embeddable":true,"href":"https:\/\/www.mes-allocs.fr\/guides\/wp-json\/wp\/v2\/categories?post=83382"},{"taxonomy":"post_tag","embeddable":true,"href":"https:\/\/www.mes-allocs.fr\/guides\/wp-json\/wp\/v2\/tags?post=83382"}],"curies":[{"name":"wp","href":"https:\/\/api.w.org\/{rel}","templated":true}]}}