{"id":83369,"date":"2024-10-03T12:04:17","date_gmt":"2024-10-03T10:04:17","guid":{"rendered":"https:\/\/www.mes-allocs.fr\/guides\/?p=83369"},"modified":"2026-04-22T10:51:48","modified_gmt":"2026-04-22T09:51:48","slug":"prime-de-noel-caf-demande","status":"publish","type":"post","link":"https:\/\/www.mes-allocs.fr\/guides\/prime-de-noel\/prime-de-noel-caf\/prime-de-noel-caf-demande\/","title":{"rendered":"Demande prime de No\u00ebl CAF : quelles sont les d\u00e9marches ?"},"content":{"rendered":"<p><img loading=\"lazy\" decoding=\"async\" class=\"aligncenter size-full wp-image-104247\" title=\"prime noel caf demande\" src=\"https:\/\/www.mes-allocs.fr\/guides\/wp-content\/uploads\/2024\/10\/prime-noel-caf-demande.png\" alt=\"prime noel caf demande\" width=\"1918\" height=\"302\" srcset=\"https:\/\/www.mes-allocs.fr\/guides\/wp-content\/uploads\/2024\/10\/prime-noel-caf-demande.png 1918w, https:\/\/www.mes-allocs.fr\/guides\/wp-content\/uploads\/2024\/10\/prime-noel-caf-demande-300x47.png 300w, https:\/\/www.mes-allocs.fr\/guides\/wp-content\/uploads\/2024\/10\/prime-noel-caf-demande-1024x161.png 1024w, https:\/\/www.mes-allocs.fr\/guides\/wp-content\/uploads\/2024\/10\/prime-noel-caf-demande-768x121.png 768w, https:\/\/www.mes-allocs.fr\/guides\/wp-content\/uploads\/2024\/10\/prime-noel-caf-demande-1536x242.png 1536w, https:\/\/www.mes-allocs.fr\/guides\/wp-content\/uploads\/2024\/10\/prime-noel-caf-demande-600x94.png 600w\" sizes=\"auto, (max-width: 1918px) 100vw, 1918px\" \/><\/p>\n<p>[Mis \u00e0 jour le 26\/02\/2026] Tous les ans, la Caisse d&rsquo;allocations familiales (CAF) verse la <a href=\"https:\/\/www.mes-allocs.fr\/guides\/prime-de-noel\/\">prime de No\u00ebl CAF<\/a> \u00e0 tous ses b\u00e9n\u00e9ficiaires. Mais faut-il faire une demande ? Si oui, quelles sont les d\u00e9marches et les justificatifs \u00e0 fournir ? Mes Allocs vous explique tout sur la <strong>demande de prime de No\u00ebl CAF<\/strong> pour en b\u00e9n\u00e9ficier en 2026.<\/p>\n<div class='cta-block'><div class='text'>Simulez votre prime de No\u00ebl en 2 min.<\/div><a href='https:\/\/www.mes-allocs.fr\/ab-app?origin=guides\/wp-json\/wp\/v2\/posts\/83369' class='app-button fit'>Simulation gratuite<\/a><\/div>\n<h1>Doit-on faire une demande de prime de No\u00ebl CAF en 2026 ?<\/h1>\n<p><strong>La r\u00e9ponse est non : vous n\u2019avez aucune d\u00e9marche \u00e0 effectuer aupr\u00e8s de la CAF<\/strong>. La prime de No\u00ebl CAF est vers\u00e9e automatiquement si vous remplissez les conditions d\u2019\u00e9ligibilit\u00e9 au mois de novembre ou de d\u00e9cembre 2026. Vous n\u2019avez donc pas besoin de remplir de formulaire ni de faire une demande sp\u00e9cifique.<\/p>\n<p>Le montant est calcul\u00e9 en fonction :<\/p>\n<ul>\n<li>De votre situation familiale (personne seule ou en couple)<\/li>\n<li>Du nombre d\u2019enfants \u00e0 charge<\/li>\n<\/ul>\n<p>Pour vous assurer de bien recevoir la prime \u00e0 No\u00ebl, v\u00e9rifiez r\u00e9guli\u00e8rement que vos informations personnelles sont \u00e0 jour sur votre espace CAF :<\/p>\n<ul>\n<li>RIB : un compte bancaire erron\u00e9 ou ferm\u00e9 peut retarder le versement ;<\/li>\n<li>Situation familiale : naissance, s\u00e9paration, mariage ou garde d\u2019enfant peuvent modifier vos droits ;<\/li>\n<li>Ressources d\u00e9clar\u00e9es : elles conditionnent l\u2019ouverture de vos droits au RSA, et donc \u00e0 la prime de No\u00ebl.<\/li>\n<\/ul>\n<p>En cas d\u2019erreur ou d\u2019oubli, la CAF peut ne pas d\u00e9clencher le versement automatique. Mieux vaut donc anticiper et mettre \u00e0 jour votre dossier en ligne pour \u00e9viter tout retard ou litige.<\/p>\n<h1>Comment avoir la prime de No\u00ebl CAF ?<\/h1>\n<h2>Remplir les conditions d&rsquo;\u00e9ligibilit\u00e9<\/h2>\n<p>La prime de No\u00ebl vers\u00e9e par la CAF est attribu\u00e9e aux <strong>b\u00e9n\u00e9ficiaires du RSA<\/strong>. Si vous percevez cette aide chaque mois, le prime vous sera alors vers\u00e9e automatiquement.\u00a0 C&rsquo;est la seule condition pour en b\u00e9n\u00e9ficier. Mais attention, vous devez b\u00e9n\u00e9ficier du RSA au mois de novembre 2026 ou d\u00e9cembre 2026 : ci ce n\u2019est pas le cas, vous ne recevrez pas la prime de No\u00ebl.<\/p>\n<p><div class='shortcode read-more'><div class='title'>En savoir plus<\/div><div class='content'>Si vous \u00eates b\u00e9n\u00e9ficiaire de l&rsquo;ASS, l&rsquo;AER, l&rsquo;ASS-F, la RFFT ou la RPS, vous pouvez b\u00e9n\u00e9ficier de la prime de No\u00ebl vers\u00e9e par France Travail. En revanche, si vous percevez une autre aide comme l\u2019Allocation de Retour \u00e0 l\u2019Emploi (ARE), l\u2019Allocation Adulte Handicap\u00e9 (AAH) ou encore le minimum vieillesse, vous n\u2019\u00eates malheureusement pas \u00e9ligible \u00e0 la prime de No\u00ebl en 2026.<\/div><\/div> <!-- --> <!-- notionvc: 0d3e4019-5477-4fe1-b585-d18824432822 --><\/p>\n<h2>Je suis \u00e9ligible \u00e0 la prime de No\u00ebl CAF pour la premi\u00e8re fois : que faire ?<\/h2>\n<p>En d\u00e9cembre 2026, vous n&rsquo;\u00e9tiez pas \u00e9ligible \u00e0 la prime de No\u00ebl CAF mais cette ann\u00e9e, vous remplissez un des crit\u00e8res ? Pas de panique ! Vous n&rsquo;avez rien \u00e0 faire, seulement \u00e0 bien v\u00e9rifier que les informations que vous avez transmises \u00e0 la CAF ont \u00e9t\u00e9 mises \u00e0 jour. Vous pouvez v\u00e9rifier ces informations sur votre espace personnelle sur le site de la CAF. Les donn\u00e9es \u00e0 mettre \u00e0 jour imp\u00e9rativement sont votre situation familiale, votre situation matrimoniale et votre relev\u00e9 d&rsquo;identit\u00e9 bancaire (RIB). En effet, ces informations sont \u00e0 mettre \u00e0 jour car le <a href=\"https:\/\/www.mes-allocs.fr\/guides\/prime-de-noel\/prime-de-noel-caf\/montant-prime-de-noel-caf\/\">montant de la prime de No\u00ebl CAF<\/a> qui vous est vers\u00e9 est calcul\u00e9 en fonction de la composition de la famille.<\/p>\n<p><iframe loading=\"lazy\" title=\"La prime de No\u00ebl\" width=\"500\" height=\"281\" src=\"https:\/\/www.youtube.com\/embed\/JSd0X11Muig?feature=oembed\" frameborder=\"0\" allow=\"accelerometer; autoplay; clipboard-write; encrypted-media; gyroscope; picture-in-picture; web-share\" referrerpolicy=\"strict-origin-when-cross-origin\" allowfullscreen><\/iframe><\/p>\n<h1>Vous n&rsquo;avez pas re\u00e7u votre prime de No\u00ebl CAF : pourquoi ?<\/h1>\n<p>Vu que vous n&rsquo;avez aucune demande \u00e0 effectuer, les raisons qui expliquent que vous n&rsquo;ayez pas eu de versement peuvent \u00eatre les suivantes :<\/p>\n<ul>\n<li>Vous ne remplissez pas les conditions d&rsquo;\u00e9ligibilit\u00e9 donc vous n&rsquo;avez pas \u00e9t\u00e9 \u00e9ligible<\/li>\n<li>Vous n&rsquo;avez pas renseign\u00e9 les bonnes coordonn\u00e9es bancaires ou vous avez eu un probl\u00e8me bancaire au moment du versement<\/li>\n<li>Un oubli de la part de l&rsquo;organisme m\u00eame si ce cas reste tr\u00e8s rare<\/li>\n<\/ul>\n<div class='cta-block'><div class='text'>Simulez votre prime de No\u00ebl en 2 min.<\/div><a href='https:\/\/www.mes-allocs.fr\/ab-app?origin=guides\/wp-json\/wp\/v2\/posts\/83369' class='app-button fit'>Simulation gratuite<\/a><\/div>\n<h1>Je veux \u00eatre s\u00fbr(e) de b\u00e9n\u00e9ficier de la prime de No\u00ebl CAF en 2026 : que faire ?<\/h1>\n<p>Vous pensez \u00eatre b\u00e9n\u00e9ficiaire de la prime de No\u00ebl Caf en 2026 mais vous n&rsquo;en \u00eates pas certain(e) ? Dans ce cas, nous vous proposons deux \u00e9tapes simples pour vous en assurer.<\/p>\n<h2>Etape 1 : Renseignez-vous sur les crit\u00e8res d&rsquo;\u00e9ligibilit\u00e9, les montants et la date de versement<\/h2>\n<p>La premi\u00e8re \u00e9tape consiste \u00e0 vous renseigner sur les modalit\u00e9s d&rsquo;attribution de la prime de No\u00ebl vers\u00e9e par la CAF. Vous pouvez directement le faire aupr\u00e8s d&rsquo;un de nos conseillers ou directement via nos guides. Ainsi, vous conna\u00eetrez de mani\u00e8re fiable les conditions d&rsquo;\u00e9ligibilit\u00e9, les montants vers\u00e9s et les dates de versements pour la prime de No\u00ebl CAF en 2026.<\/p>\n<p>En 2026, les <strong>montants officiels de la prime de No\u00ebl<\/strong> devrait \u00eatre les m\u00eames qu&rsquo;en 2025. Le montant minimum est de 152,45 \u20ac, et celui-ci varie selon l&rsquo;organisme auquel vous \u00eates rattach\u00e9, et, le cas \u00e9chant, votre situation familiale et le nombre d&rsquo;enfants \u00e0 charge. La date de versement, elle, n&rsquo;est pas connue pour 2026.<\/p>\n<h2>Etape 2 : Faire une simulation gratuite de vos droits<\/h2>\n<p>La deuxi\u00e8me \u00e9tape consiste \u00e0 effectuer une <strong>simulation sur le site Mes Allocs.fr<\/strong>. Cette estimation en ligne, 100% gratuite, vous permet de savoir si vous \u00eates \u00e9ligible et de conna\u00eetre le montant exact qui vous est d\u00fb. L&rsquo;outil analyse votre situation personnelle, familiale et professionnelle et d\u00e9termine si vous pouvez b\u00e9n\u00e9ficier de l&rsquo;aide.<\/p>\n<div class='cta-block'><div class='text'>Simulez votre prime de No\u00ebl en 2 min.<\/div><a href='https:\/\/www.mes-allocs.fr\/ab-app?origin=guides\/wp-json\/wp\/v2\/posts\/83369' class='app-button fit'>Simulation gratuite<\/a><\/div>\n","protected":false},"excerpt":{"rendered":"<p>[Mis \u00e0 jour le 26\/02\/2026] Tous les ans, la Caisse d&rsquo;allocations familiales (CAF) verse la prime de No\u00ebl CAF \u00e0 tous ses b\u00e9n\u00e9ficiaires. Mais faut-il faire une demande ? Si oui, quelles sont les d\u00e9marches et les justificatifs \u00e0 fournir ? Mes Allocs vous explique tout sur la demande de prime de No\u00ebl CAF pour [&hellip;]<\/p>\n","protected":false},"author":30,"featured_media":83442,"comment_status":"open","ping_status":"open","sticky":false,"template":"","format":"standard","meta":{"amp_status":"","footnotes":""},"categories":[31,38854],"tags":[],"class_list":["post-83369","post","type-post","status-publish","format-standard","has-post-thumbnail","hentry","category-prime-de-noel","category-prime-de-noel-caf"],"yoast_head":"<!-- This site is optimized with the Yoast SEO plugin v14.9 - https:\/\/yoast.com\/wordpress\/plugins\/seo\/ -->\n<title>Demande prime de No\u00ebl CAF : quelles sont les d\u00e9marches ?<\/title>\n<meta name=\"description\" content=\"La prime de No\u00ebl CAF est vers\u00e9e aux b\u00e9n\u00e9ficiaires des minima sociaux. On vous aide \u00e0 savoir comment en faire la demande.\" \/>\n<meta name=\"robots\" content=\"index, follow, max-snippet:-1, max-image-preview:large, max-video-preview:-1\" \/>\n<link rel=\"canonical\" href=\"https:\/\/www.mes-allocs.fr\/guides\/prime-de-noel\/prime-de-noel-caf\/prime-de-noel-caf-demande\/\" \/>\n<meta property=\"og:locale\" content=\"fr_FR\" \/>\n<meta property=\"og:type\" content=\"article\" \/>\n<meta property=\"og:title\" content=\"Demande prime de No\u00ebl CAF : quelles sont les d\u00e9marches ?\" \/>\n<meta property=\"og:description\" content=\"La prime de No\u00ebl CAF est vers\u00e9e aux b\u00e9n\u00e9ficiaires des minima sociaux. On vous aide \u00e0 savoir comment en faire la demande.\" \/>\n<meta property=\"og:url\" content=\"https:\/\/www.mes-allocs.fr\/guides\/prime-de-noel\/prime-de-noel-caf\/prime-de-noel-caf-demande\/\" \/>\n<meta property=\"og:site_name\" content=\"Mes-Allocs.fr\" \/>\n<meta property=\"article:published_time\" content=\"2024-10-03T10:04:17+00:00\" \/>\n<meta property=\"article:modified_time\" content=\"2026-04-22T09:51:48+00:00\" \/>\n<meta property=\"og:image\" content=\"https:\/\/www.mes-allocs.fr\/guides\/wp-content\/uploads\/2024\/10\/demande-prime-noel-caf.jpg?wsr\" \/>\n\t<meta property=\"og:image:width\" content=\"1194\" \/>\n\t<meta property=\"og:image:height\" content=\"669\" \/>\n<meta name=\"twitter:card\" content=\"summary_large_image\" \/>\n<script type=\"application\/ld+json\" class=\"yoast-schema-graph\">{\"@context\":\"https:\/\/schema.org\",\"@graph\":[{\"@type\":\"WebSite\",\"@id\":\"https:\/\/www.mes-allocs.fr\/guides\/#website\",\"url\":\"https:\/\/www.mes-allocs.fr\/guides\/\",\"name\":\"Mes-Allocs.fr\",\"description\":\"\",\"potentialAction\":[{\"@type\":\"SearchAction\",\"target\":\"https:\/\/www.mes-allocs.fr\/guides\/?s={search_term_string}\",\"query-input\":\"required name=search_term_string\"}],\"inLanguage\":\"fr-FR\"},{\"@type\":\"ImageObject\",\"@id\":\"https:\/\/www.mes-allocs.fr\/guides\/prime-de-noel\/prime-de-noel-caf\/prime-de-noel-caf-demande\/#primaryimage\",\"inLanguage\":\"fr-FR\",\"url\":\"https:\/\/www.mes-allocs.fr\/guides\/wp-content\/uploads\/2024\/10\/demande-prime-noel-caf.jpg?wsr\",\"width\":1194,\"height\":669,\"caption\":\"vacaf vacances noel\"},{\"@type\":\"WebPage\",\"@id\":\"https:\/\/www.mes-allocs.fr\/guides\/prime-de-noel\/prime-de-noel-caf\/prime-de-noel-caf-demande\/#webpage\",\"url\":\"https:\/\/www.mes-allocs.fr\/guides\/prime-de-noel\/prime-de-noel-caf\/prime-de-noel-caf-demande\/\",\"name\":\"Demande prime de No\\u00ebl CAF : quelles sont les d\\u00e9marches ?\",\"isPartOf\":{\"@id\":\"https:\/\/www.mes-allocs.fr\/guides\/#website\"},\"primaryImageOfPage\":{\"@id\":\"https:\/\/www.mes-allocs.fr\/guides\/prime-de-noel\/prime-de-noel-caf\/prime-de-noel-caf-demande\/#primaryimage\"},\"datePublished\":\"2024-10-03T10:04:17+00:00\",\"dateModified\":\"2026-04-22T09:51:48+00:00\",\"author\":{\"@id\":\"https:\/\/www.mes-allocs.fr\/guides\/#\/schema\/person\/66505fe443d6e6f3696c5af001f3fab8\"},\"description\":\"La prime de No\\u00ebl CAF est vers\\u00e9e aux b\\u00e9n\\u00e9ficiaires des minima sociaux. On vous aide \\u00e0 savoir comment en faire la demande.\",\"inLanguage\":\"fr-FR\"},{\"@type\":\"Person\",\"@id\":\"https:\/\/www.mes-allocs.fr\/guides\/#\/schema\/person\/66505fe443d6e6f3696c5af001f3fab8\",\"name\":\"Lauriane Oriol\",\"image\":{\"@type\":\"ImageObject\",\"@id\":\"https:\/\/www.mes-allocs.fr\/guides\/#personlogo\",\"inLanguage\":\"fr-FR\",\"url\":\"https:\/\/www.mes-allocs.fr\/guides\/wp-content\/uploads\/2024\/10\/1702589802731-1-150x150.jpeg\",\"caption\":\"Lauriane Oriol\"},\"description\":\"Lauriane est r\\u00e9dactrice chez Mes Allocs. Sp\\u00e9cialiste des d\\u00e9marches administratives, elle rejoint Mes Allocs apr\\u00e8s une premi\\u00e8re exp\\u00e9rience en marketing et communication.\"}]}<\/script>\n<!-- \/ Yoast SEO plugin. -->","amp_validity":null,"acf":{"faq":{"1":{"question":"Comment demander la prime de No\u00ebl CAF ?","answer":"Aucune d\u00e9marche n'est \u00e0 r\u00e9aliser."},"2":{"question":"Quand faire la demande de prime de No\u00ebl ?","answer":"La prime de No\u00ebl est vers\u00e9e automatiquement, vous n'avez aucune d\u00e9marche \u00e0 faire."},"3":{"question":"Qui a droit \u00e0 la prime de No\u00ebl 2026 ?","answer":"La prime de No\u00ebl CAF s'adresse aux b\u00e9n\u00e9ficiaires du Revenu de Solidarit\u00e9 Active socle (RSA), \u00e0 ceux du RSA socle et de la prime d'activit\u00e9, ou de l'allocation de solidarit\u00e9 sp\u00e9cifique (ASS)."},"4":{"question":"Quel revenu pour toucher la prime de No\u00ebl ?","answer":"La prime de no\u00ebl est vers\u00e9e chaque ann\u00e9e aux b\u00e9n\u00e9ficiaires des minima sociaux. Il n'y a pas de \"revenu minimum\" pour toucher la prime de No\u00ebl."},"5":{"question":"Quand la prime de No\u00ebl appara\u00eet sur le compte CAF ?","answer":"La prime de No\u00ebl appara\u00eet g\u00e9n\u00e9ralement sur votre espace CAF quelques jours avant le versement."},"6":{"question":"Comment savoir si je suis \u00e9ligible \u00e0 la prime de No\u00ebl ?","answer":"Vous pouvez utiliser le simulateur Mes Allocs pour conna\u00eetre votre \u00e9ligibilit\u00e9 \u00e0 la prime de No\u00ebl."},"7":{"question":"","answer":""},"8":{"question":"","answer":""},"9":{"question":"","answer":""},"10":{"question":"","answer":""},"11":{"question":"","answer":""},"12":{"question":"","answer":""},"13":{"question":"","answer":""},"14":{"question":"","answer":""},"15":{"question":"","answer":""},"16":{"question":"","answer":""}}},"_links":{"self":[{"href":"https:\/\/www.mes-allocs.fr\/guides\/wp-json\/wp\/v2\/posts\/83369","targetHints":{"allow":["GET"]}}],"collection":[{"href":"https:\/\/www.mes-allocs.fr\/guides\/wp-json\/wp\/v2\/posts"}],"about":[{"href":"https:\/\/www.mes-allocs.fr\/guides\/wp-json\/wp\/v2\/types\/post"}],"author":[{"embeddable":true,"href":"https:\/\/www.mes-allocs.fr\/guides\/wp-json\/wp\/v2\/users\/30"}],"replies":[{"embeddable":true,"href":"https:\/\/www.mes-allocs.fr\/guides\/wp-json\/wp\/v2\/comments?post=83369"}],"version-history":[{"count":34,"href":"https:\/\/www.mes-allocs.fr\/guides\/wp-json\/wp\/v2\/posts\/83369\/revisions"}],"predecessor-version":[{"id":109854,"href":"https:\/\/www.mes-allocs.fr\/guides\/wp-json\/wp\/v2\/posts\/83369\/revisions\/109854"}],"wp:featuredmedia":[{"embeddable":true,"href":"https:\/\/www.mes-allocs.fr\/guides\/wp-json\/wp\/v2\/media\/83442"}],"wp:attachment":[{"href":"https:\/\/www.mes-allocs.fr\/guides\/wp-json\/wp\/v2\/media?parent=83369"}],"wp:term":[{"taxonomy":"category","embeddable":true,"href":"https:\/\/www.mes-allocs.fr\/guides\/wp-json\/wp\/v2\/categories?post=83369"},{"taxonomy":"post_tag","embeddable":true,"href":"https:\/\/www.mes-allocs.fr\/guides\/wp-json\/wp\/v2\/tags?post=83369"}],"curies":[{"name":"wp","href":"https:\/\/api.w.org\/{rel}","templated":true}]}}