{"id":83323,"date":"2024-10-03T12:17:02","date_gmt":"2024-10-03T10:17:02","guid":{"rendered":"https:\/\/www.mes-allocs.fr\/guides\/?p=83323"},"modified":"2026-04-22T10:51:48","modified_gmt":"2026-04-22T09:51:48","slug":"caf-prime-de-noel-conditions","status":"publish","type":"post","link":"https:\/\/www.mes-allocs.fr\/guides\/prime-de-noel\/prime-de-noel-caf\/caf-prime-de-noel-conditions\/","title":{"rendered":"Quelles sont les conditions pour b\u00e9n\u00e9ficier de la prime de No\u00ebl CAF en 2026 ?"},"content":{"rendered":"<p><img loading=\"lazy\" decoding=\"async\" class=\"aligncenter size-full wp-image-104249\" title=\"prime noel caf conditions\" src=\"https:\/\/www.mes-allocs.fr\/guides\/wp-content\/uploads\/2024\/10\/prime-noel-caf-conditions.png\" alt=\"prime noel caf conditions\" width=\"1920\" height=\"302\" srcset=\"https:\/\/www.mes-allocs.fr\/guides\/wp-content\/uploads\/2024\/10\/prime-noel-caf-conditions.png 1920w, https:\/\/www.mes-allocs.fr\/guides\/wp-content\/uploads\/2024\/10\/prime-noel-caf-conditions-300x47.png 300w, https:\/\/www.mes-allocs.fr\/guides\/wp-content\/uploads\/2024\/10\/prime-noel-caf-conditions-1024x161.png 1024w, https:\/\/www.mes-allocs.fr\/guides\/wp-content\/uploads\/2024\/10\/prime-noel-caf-conditions-768x121.png 768w, https:\/\/www.mes-allocs.fr\/guides\/wp-content\/uploads\/2024\/10\/prime-noel-caf-conditions-1536x242.png 1536w, https:\/\/www.mes-allocs.fr\/guides\/wp-content\/uploads\/2024\/10\/prime-noel-caf-conditions-600x94.png 600w\" sizes=\"auto, (max-width: 1920px) 100vw, 1920px\" \/><\/p>\n<p>[Mis \u00e0 jour le 26\/02\/2026] La Caisse d\u2019allocations familiales (CAF) verse automatiquement la <a href=\"https:\/\/www.mes-allocs.fr\/guides\/prime-de-noel\/\">prime de No\u00ebl CAF<\/a> \u00e0 certains allocataires pour les aider \u00e0 faire face aux d\u00e9penses de fin d\u2019ann\u00e9e. Mais attention : cette aide n\u2019est pas accord\u00e9e \u00e0 tout le monde. Contrairement \u00e0 une id\u00e9e re\u00e7ue, tous les allocataires de la CAF n\u2019y ont pas droit. Seuls certains b\u00e9n\u00e9ficiaires de minima sociaux (comme le RSA) ou d\u2019allocations sp\u00e9cifiques peuvent percevoir cette aide. Le montant d\u00e9pend ensuite de votre situation familiale et de la composition de votre foyer. Alors, qui peut en b\u00e9n\u00e9ficier et quelles sont les <strong>conditions d&rsquo;attribution de la prime de No\u00ebl CAF<\/strong> en 2026 ? Explications.<\/p>\n<div class='cta-block'><div class='text'>Simulez votre prime de No\u00ebl en 2 min.<\/div><a href='https:\/\/www.mes-allocs.fr\/ab-app?origin=guides\/wp-json\/wp\/v2\/posts\/83323' class='app-button fit'>Simulation gratuite<\/a><\/div>\n<h1>Qu&rsquo;est-ce que la prime de No\u00ebl vers\u00e9e par la CAF ?<\/h1>\n<p>La prime de No\u00ebl est une aide exceptionnelle de fin d&rsquo;ann\u00e9e de l&rsquo;Etat vers\u00e9e par la CAF \u00e0 chaque fin d&rsquo;ann\u00e9e. Plus de 2 millions de m\u00e9nages en France b\u00e9n\u00e9ficient de cette aide de fin d&rsquo;ann\u00e9e. Cette aide de fin d&rsquo;ann\u00e9e est vers\u00e9e aux b\u00e9n\u00e9ficiaires des minima sociaux. Le montant de la prime de No\u00ebl varie en fonction de la composition du foyer. Aucune d\u00e9marche ne doit \u00eatre r\u00e9alis\u00e9e pour toucher la prime de No\u00ebl, la CAF la verse automatiquement aux b\u00e9n\u00e9ficiaires. De plus, la prime de No\u00ebl CAF n&rsquo;est pas imposable, nul besoin de la d\u00e9clarer aux imp\u00f4ts.<\/p>\n<h1>Quelles sont les conditions d&rsquo;\u00e9ligibilit\u00e9 \u00e0 la Prime de No\u00ebl CAF ?<\/h1>\n<p>Pour pr\u00e9tendre \u00e0 la prime de No\u00ebl vers\u00e9e par la CAF, vous devez r\u00e9pondre \u00e0 diff\u00e9rentes conditions d&rsquo;\u00e9ligibilit\u00e9.<\/p>\n<h2>Qui peut toucher la prime de No\u00ebl CAF ?<\/h2>\n<p>La prime de No\u00ebl est une prime exceptionnelle qui a pour but d&rsquo;aider les personnes percevant des minimas sociaux. La nationalit\u00e9 fran\u00e7aise n&rsquo;est pas obligatoire pour avoir droit \u00e0 la prime de No\u00ebl.<\/p>\n<p>Vous \u00eates donc \u00e9ligible si vous percevez depuis le mois de novembre ou \u00e0 d\u00e9faut au mois de d\u00e9cembre le Revenu de solidarit\u00e9 active (RSA). Si vous percevez l&rsquo;Allocation de solidarit\u00e9 sp\u00e9cifique (ASS), l&rsquo;Allocation \u00c9quivalent Retraite (AER), l&rsquo;ASS-F, la RFFT ou la RPS, alors vous \u00eates \u00e9ligible \u00e0 la prime de No\u00ebl France Travail et non CAF.<\/p>\n<p>Si vous \u00eates un actif agricole, vous devez vous rapprocher de votre r\u00e9gime agricole de mutuelle : la MSA.<\/p>\n<p><div class='shortcode tips'><div class='title'>Exemple de non-\u00e9ligibilit\u00e9<\/div><div class='content'><em>Patrick b\u00e9n\u00e9ficie depuis 4 ans de l&rsquo;AAH, la CAF ne lui versera pas la prime de No\u00ebl 2026. Par contre, son meilleur ami, Carlos n&rsquo;a pas la nationalit\u00e9 fran\u00e7aise mais il touche le RSA. La CAF versera \u00e0 Carlos la prime de No\u00ebl 2026.<\/em><\/div><\/div><br \/>\n<!-- --> <!-- --> <!-- notionvc: 7f7d4d78-6754-4b80-bc88-c4d711ae3e98 --><\/p>\n<h2>Les conditions de la prime de No\u00ebl li\u00e9es \u00e0 votre situation familiale et matrimoniale<\/h2>\n<p>La composition de la famille ou la situation matrimoniale n&rsquo;influent pas le droit ou non \u00e0 la prime de No\u00ebl vers\u00e9e par la CAF. Cependant, ces situations vont modifier le montant que vous allez percevoir. En effet, les montants augmentent pour chaque personne suppl\u00e9mentaire dans votre foyer. La prime de No\u00ebl est une prime exceptionnelle qui est vers\u00e9e en une seule fois par foyer.<\/p>\n<p><iframe loading=\"lazy\" title=\"La prime de No\u00ebl\" width=\"500\" height=\"281\" src=\"https:\/\/www.youtube.com\/embed\/JSd0X11Muig?feature=oembed\" frameborder=\"0\" allow=\"accelerometer; autoplay; clipboard-write; encrypted-media; gyroscope; picture-in-picture; web-share\" referrerpolicy=\"strict-origin-when-cross-origin\" allowfullscreen><\/iframe><\/p>\n<h1>Les conditions d&rsquo;\u00e9ligibilit\u00e9 \u00e0 la prime de No\u00ebl CAF sont-elles les m\u00eames en France m\u00e9tropolitaine et dans les d\u00e9partements d&rsquo;outre mer ?<\/h1>\n<p><strong>La r\u00e9ponse est oui.<\/strong> Les conditions d&rsquo;\u00e9ligibilit\u00e9 \u00e0 la prime de No\u00ebl vers\u00e9e par la CAF sont les m\u00eames pour la m\u00e9tropole et les d\u00e9partements d&rsquo;outre-mer. Les montants vers\u00e9s sont \u00e9galement les m\u00eames sauf pour Mayotte.<\/p>\n<div class='cta-block'><div class='text'>Simulez votre prime de No\u00ebl en 2 min.<\/div><a href='https:\/\/www.mes-allocs.fr\/ab-app?origin=guides\/wp-json\/wp\/v2\/posts\/83323' class='app-button fit'>Simulation gratuite<\/a><\/div>\n<h1>L&rsquo;impact des conditions sur le montant de la prime de No\u00ebl vers\u00e9e par la CAF<\/h1>\n<p>La composition de votre foyer et votre condition matrimoniale influencent le montant auquel vous avez droit. Pour les b\u00e9n\u00e9ficiaires du RSA, vous trouverez les <a href=\"https:\/\/www.mes-allocs.fr\/guides\/prime-de-noel\/prime-de-noel-caf\/montant-prime-de-noel-caf\/\">montants de la prime de No\u00ebl CAF<\/a> en 2026 ci-dessous :<\/p>\n<p><span style=\"font-weight: 400;\">\n<div class=\"wpdt-c row wpDataTableContainerSimpleTable wpDataTables wpDataTablesWrapper\n wdtscroll\"\n    >\n    <table id=\"wpdtSimpleTable-33\"\n           class=\"wpdtSimpleTable wpDataTable\"\n           data-column=\"3\"\n           data-rows=\"8\"\n           data-wpID=\"33\"\n           data-responsive=\"0\"\n           data-has-header=\"0\">\n\n                    <tbody>        <tr class=\"wpdt-cell-row \" >\n                            <td class=\"wpdt-cell wpdt-bc-F3F9FE wpdt-bold\"\n                                    data-cell-id=\"A1\"\n                data-col-index=\"0\"\n                data-row-index=\"0\"\n                style=\" width:260px;                padding:10px;\"\n                >\n                                Nombre d\u2019enfant(s)                <\/td>\n                                            <td class=\"wpdt-cell wpdt-bc-F3F9FE wpdt-bold\"\n                                    data-cell-id=\"B1\"\n                data-col-index=\"1\"\n                data-row-index=\"0\"\n                style=\" width:228px;                padding:10px;\"\n                >\n                                Personne seule                <\/td>\n                                            <td class=\"wpdt-cell wpdt-bc-F3F9FE wpdt-bold\"\n                                    data-cell-id=\"C1\"\n                data-col-index=\"2\"\n                data-row-index=\"0\"\n                style=\" width:217px;                padding:10px;\"\n                >\n                                En couple                <\/td>\n                                        <\/tr>\n                            <tr class=\"wpdt-cell-row \" >\n                            <td class=\"wpdt-cell wpdt-bold\"\n                                    data-cell-id=\"A2\"\n                data-col-index=\"0\"\n                data-row-index=\"1\"\n                style=\"                padding:10px;\"\n                >\n                                Sans enfant                <\/td>\n                                            <td class=\"wpdt-cell \"\n                                    data-cell-id=\"B2\"\n                data-col-index=\"1\"\n                data-row-index=\"1\"\n                style=\"                padding:10px;\"\n                >\n                                152,45 \u20ac                <\/td>\n                                            <td class=\"wpdt-cell \"\n                                    data-cell-id=\"C2\"\n                data-col-index=\"2\"\n                data-row-index=\"1\"\n                style=\"                padding:10px;\"\n                >\n                                228,68 \u20ac                <\/td>\n                                        <\/tr>\n                            <tr class=\"wpdt-cell-row \" >\n                            <td class=\"wpdt-cell wpdt-bold\"\n                                    data-cell-id=\"A3\"\n                data-col-index=\"0\"\n                data-row-index=\"2\"\n                style=\"                padding:10px;\"\n                >\n                                1 enfant                <\/td>\n                                            <td class=\"wpdt-cell \"\n                                    data-cell-id=\"B3\"\n                data-col-index=\"1\"\n                data-row-index=\"2\"\n                style=\"                padding:10px;\"\n                >\n                                228,68 \u20ac                <\/td>\n                                            <td class=\"wpdt-cell \"\n                                    data-cell-id=\"C3\"\n                data-col-index=\"2\"\n                data-row-index=\"2\"\n                style=\"                padding:10px;\"\n                >\n                                274,41 \u20ac                <\/td>\n                                        <\/tr>\n                            <tr class=\"wpdt-cell-row \" >\n                            <td class=\"wpdt-cell wpdt-bold\"\n                                    data-cell-id=\"A4\"\n                data-col-index=\"0\"\n                data-row-index=\"3\"\n                style=\"                padding:10px;\"\n                >\n                                2 enfants                <\/td>\n                                            <td class=\"wpdt-cell \"\n                                    data-cell-id=\"B4\"\n                data-col-index=\"1\"\n                data-row-index=\"3\"\n                style=\"                padding:10px;\"\n                >\n                                274,41 \u20ac                <\/td>\n                                            <td class=\"wpdt-cell \"\n                                    data-cell-id=\"C4\"\n                data-col-index=\"2\"\n                data-row-index=\"3\"\n                style=\"                padding:10px;\"\n                >\n                                320,15 \u20ac                <\/td>\n                                        <\/tr>\n                            <tr class=\"wpdt-cell-row \" >\n                            <td class=\"wpdt-cell wpdt-bold\"\n                                    data-cell-id=\"A5\"\n                data-col-index=\"0\"\n                data-row-index=\"4\"\n                style=\"                padding:10px;\"\n                >\n                                3 enfants                <\/td>\n                                            <td class=\"wpdt-cell \"\n                                    data-cell-id=\"B5\"\n                data-col-index=\"1\"\n                data-row-index=\"4\"\n                style=\"                padding:10px;\"\n                >\n                                335,39 \u20ac                <\/td>\n                                            <td class=\"wpdt-cell \"\n                                    data-cell-id=\"C5\"\n                data-col-index=\"2\"\n                data-row-index=\"4\"\n                style=\"                padding:10px;\"\n                >\n                                381,13 \u20ac                <\/td>\n                                        <\/tr>\n                            <tr class=\"wpdt-cell-row \" >\n                            <td class=\"wpdt-cell wpdt-bold\"\n                                    data-cell-id=\"A6\"\n                data-col-index=\"0\"\n                data-row-index=\"5\"\n                style=\"                padding:10px;\"\n                >\n                                4 enfants                <\/td>\n                                            <td class=\"wpdt-cell \"\n                                    data-cell-id=\"B6\"\n                data-col-index=\"1\"\n                data-row-index=\"5\"\n                style=\"                padding:10px;\"\n                >\n                                396,37 \u20ac                <\/td>\n                                            <td class=\"wpdt-cell \"\n                                    data-cell-id=\"C6\"\n                data-col-index=\"2\"\n                data-row-index=\"5\"\n                style=\"                padding:10px;\"\n                >\n                                442,11 \u20ac                <\/td>\n                                        <\/tr>\n                            <tr class=\"wpdt-cell-row \" >\n                            <td class=\"wpdt-cell wpdt-bold\"\n                                    data-cell-id=\"A7\"\n                data-col-index=\"0\"\n                data-row-index=\"6\"\n                style=\"                padding:10px;\"\n                >\n                                5 enfants                <\/td>\n                                            <td class=\"wpdt-cell \"\n                                    data-cell-id=\"B7\"\n                data-col-index=\"1\"\n                data-row-index=\"6\"\n                style=\"                padding:10px;\"\n                >\n                                457,35 \u20ac                <\/td>\n                                            <td class=\"wpdt-cell \"\n                                    data-cell-id=\"C7\"\n                data-col-index=\"2\"\n                data-row-index=\"6\"\n                style=\"                padding:10px;\"\n                >\n                                503,09 \u20ac                <\/td>\n                                        <\/tr>\n                            <tr class=\"wpdt-cell-row \" >\n                            <td class=\"wpdt-cell wpdt-bold\"\n                                    data-cell-id=\"A8\"\n                data-col-index=\"0\"\n                data-row-index=\"7\"\n                style=\"                padding:10px;\"\n                >\n                                Par enfant(s) suppl\u00e9mentaire                <\/td>\n                                            <td class=\"wpdt-cell \"\n                                    data-cell-id=\"B8\"\n                data-col-index=\"1\"\n                data-row-index=\"7\"\n                style=\"                padding:10px;\"\n                >\n                                +60,98 \u20ac                <\/td>\n                                            <td class=\"wpdt-cell \"\n                                    data-cell-id=\"C8\"\n                data-col-index=\"2\"\n                data-row-index=\"7\"\n                style=\"                padding:10px;\"\n                >\n                                +60,98 \u20ac                <\/td>\n                                        <\/tr>\n                    <\/table>\n<\/div><style id='wpdt-custom-style-33'>\n.wpdt-bc-F3F9FE { background-color: #F3F9FE !important;}\n<\/style>\n<\/span><\/p>\n<p><em>(Montants officiels en vigueur depuis le 03\/12\/2025)<\/em><\/p>\n<p><div class='shortcode tips'><div class='title'>Exemple<\/div><div class='content'>Antoine est b\u00e9n\u00e9ficiaire du RSA, il est en couple et ensemble ils ont \u00e0 charge 5 enfants. Le montant de la prime de No\u00ebl 2026 que lui versera la CAF est de 503,09 \u20ac.<\/div><\/div><br \/>\n<!-- --> <!-- --><\/p>\n<h1>Comment savoir si vous remplissez les conditions d&rsquo;\u00e9ligibilit\u00e9 \u00e0 la prime de No\u00ebl en 2026 ?<\/h1>\n<h2>Renseignez-vous sur les crit\u00e8res d&rsquo;\u00e9ligibilit\u00e9 de la prime de No\u00ebl<\/h2>\n<p>Pour savoir si vous remplissez les conditions d&rsquo;\u00e9ligibilit\u00e9 \u00e0 la prime de No\u00ebl 2026, la premi\u00e8re \u00e9tape est de vous assurer que vous avez bien pris connaissance de tous ces crit\u00e8res. Cet article reprend l&rsquo;assemble des conditions \u00e0 la prime de No\u00ebl 2026, nous vous conseillons de vous appuyer sur nos informations.<\/p>\n<h2>Effectuez une simulation de la prime de No\u00ebl en ligne<\/h2>\n<p>Aucune <a href=\"https:\/\/www.mes-allocs.fr\/guides\/prime-de-noel\/prime-de-noel-caf\/prime-de-noel-caf-demande\/\">demande de prime de No\u00ebl CAF<\/a> n&rsquo;est \u00e0 effectuer : l&rsquo;aide vous est automatiquement vers\u00e9e le 16 d\u00e9cembre 2026 si vous \u00eates \u00e9ligible. Ainsi, pour vous assurer que vous toucherez la prime de No\u00ebl en 2026, nous vous recommandons de faire une <strong>simulation gratuite de vos droits<\/strong>. Ainsi, vous conna\u00eetrez le montant exact qui vous est d\u00fb en cette fin d&rsquo;ann\u00e9e.<\/p>\n<div class='cta-block'><div class='text'>Simulez votre prime de No\u00ebl en 2 min.<\/div><a href='https:\/\/www.mes-allocs.fr\/ab-app?origin=guides\/wp-json\/wp\/v2\/posts\/83323' class='app-button fit'>Simulation gratuite<\/a><\/div>\n","protected":false},"excerpt":{"rendered":"<p>[Mis \u00e0 jour le 26\/02\/2026] La Caisse d\u2019allocations familiales (CAF) verse automatiquement la prime de No\u00ebl CAF \u00e0 certains allocataires pour les aider \u00e0 faire face aux d\u00e9penses de fin d\u2019ann\u00e9e. Mais attention : cette aide n\u2019est pas accord\u00e9e \u00e0 tout le monde. Contrairement \u00e0 une id\u00e9e re\u00e7ue, tous les allocataires de la CAF n\u2019y [&hellip;]<\/p>\n","protected":false},"author":30,"featured_media":83447,"comment_status":"open","ping_status":"open","sticky":false,"template":"","format":"standard","meta":{"amp_status":"","footnotes":""},"categories":[31,38854],"tags":[],"class_list":["post-83323","post","type-post","status-publish","format-standard","has-post-thumbnail","hentry","category-prime-de-noel","category-prime-de-noel-caf"],"yoast_head":"<!-- This site is optimized with the Yoast SEO plugin v14.9 - https:\/\/yoast.com\/wordpress\/plugins\/seo\/ -->\n<title>Conditions Prime de No\u00ebl CAF : \u00eates-vous \u00e9ligible en 2025 ?<\/title>\n<meta name=\"description\" content=\"En 2026, la CAF verse la prime de No\u00ebl \u00e0 ses b\u00e9n\u00e9ficiaires. D\u00e9couvrez si vous remplissez les conditions d&#039;\u00e9ligibilit\u00e9 en 2026.\" \/>\n<meta name=\"robots\" content=\"index, follow, max-snippet:-1, max-image-preview:large, max-video-preview:-1\" \/>\n<link rel=\"canonical\" href=\"https:\/\/www.mes-allocs.fr\/guides\/prime-de-noel\/prime-de-noel-caf\/caf-prime-de-noel-conditions\/\" \/>\n<meta property=\"og:locale\" content=\"fr_FR\" \/>\n<meta property=\"og:type\" content=\"article\" \/>\n<meta property=\"og:title\" content=\"Conditions Prime de No\u00ebl CAF : \u00eates-vous \u00e9ligible en 2025 ?\" \/>\n<meta property=\"og:description\" content=\"En 2026, la CAF verse la prime de No\u00ebl \u00e0 ses b\u00e9n\u00e9ficiaires. D\u00e9couvrez si vous remplissez les conditions d&#039;\u00e9ligibilit\u00e9 en 2026.\" \/>\n<meta property=\"og:url\" content=\"https:\/\/www.mes-allocs.fr\/guides\/prime-de-noel\/prime-de-noel-caf\/caf-prime-de-noel-conditions\/\" \/>\n<meta property=\"og:site_name\" content=\"Mes-Allocs.fr\" \/>\n<meta property=\"article:published_time\" content=\"2024-10-03T10:17:02+00:00\" \/>\n<meta property=\"article:modified_time\" content=\"2026-04-22T09:51:48+00:00\" \/>\n<meta property=\"og:image\" content=\"https:\/\/www.mes-allocs.fr\/guides\/wp-content\/uploads\/2024\/10\/conditions-prime-noel-caf.jpg?wsr\" \/>\n\t<meta property=\"og:image:width\" content=\"1265\" \/>\n\t<meta property=\"og:image:height\" content=\"529\" \/>\n<meta name=\"twitter:card\" content=\"summary_large_image\" \/>\n<script type=\"application\/ld+json\" class=\"yoast-schema-graph\">{\"@context\":\"https:\/\/schema.org\",\"@graph\":[{\"@type\":\"WebSite\",\"@id\":\"https:\/\/www.mes-allocs.fr\/guides\/#website\",\"url\":\"https:\/\/www.mes-allocs.fr\/guides\/\",\"name\":\"Mes-Allocs.fr\",\"description\":\"\",\"potentialAction\":[{\"@type\":\"SearchAction\",\"target\":\"https:\/\/www.mes-allocs.fr\/guides\/?s={search_term_string}\",\"query-input\":\"required name=search_term_string\"}],\"inLanguage\":\"fr-FR\"},{\"@type\":\"ImageObject\",\"@id\":\"https:\/\/www.mes-allocs.fr\/guides\/prime-de-noel\/prime-de-noel-caf\/caf-prime-de-noel-conditions\/#primaryimage\",\"inLanguage\":\"fr-FR\",\"url\":\"https:\/\/www.mes-allocs.fr\/guides\/wp-content\/uploads\/2024\/10\/conditions-prime-noel-caf.jpg?wsr\",\"width\":1265,\"height\":529,\"caption\":\"conditions prime noel caf\"},{\"@type\":\"WebPage\",\"@id\":\"https:\/\/www.mes-allocs.fr\/guides\/prime-de-noel\/prime-de-noel-caf\/caf-prime-de-noel-conditions\/#webpage\",\"url\":\"https:\/\/www.mes-allocs.fr\/guides\/prime-de-noel\/prime-de-noel-caf\/caf-prime-de-noel-conditions\/\",\"name\":\"Conditions Prime de No\\u00ebl CAF : \\u00eates-vous \\u00e9ligible en 2025 ?\",\"isPartOf\":{\"@id\":\"https:\/\/www.mes-allocs.fr\/guides\/#website\"},\"primaryImageOfPage\":{\"@id\":\"https:\/\/www.mes-allocs.fr\/guides\/prime-de-noel\/prime-de-noel-caf\/caf-prime-de-noel-conditions\/#primaryimage\"},\"datePublished\":\"2024-10-03T10:17:02+00:00\",\"dateModified\":\"2026-04-22T09:51:48+00:00\",\"author\":{\"@id\":\"https:\/\/www.mes-allocs.fr\/guides\/#\/schema\/person\/66505fe443d6e6f3696c5af001f3fab8\"},\"description\":\"En 2026, la CAF verse la prime de No\\u00ebl \\u00e0 ses b\\u00e9n\\u00e9ficiaires. D\\u00e9couvrez si vous remplissez les conditions d'\\u00e9ligibilit\\u00e9 en 2026.\",\"inLanguage\":\"fr-FR\"},{\"@type\":\"Person\",\"@id\":\"https:\/\/www.mes-allocs.fr\/guides\/#\/schema\/person\/66505fe443d6e6f3696c5af001f3fab8\",\"name\":\"Lauriane Oriol\",\"image\":{\"@type\":\"ImageObject\",\"@id\":\"https:\/\/www.mes-allocs.fr\/guides\/#personlogo\",\"inLanguage\":\"fr-FR\",\"url\":\"https:\/\/www.mes-allocs.fr\/guides\/wp-content\/uploads\/2024\/10\/1702589802731-1-150x150.jpeg\",\"caption\":\"Lauriane Oriol\"},\"description\":\"Lauriane est r\\u00e9dactrice chez Mes Allocs. Sp\\u00e9cialiste des d\\u00e9marches administratives, elle rejoint Mes Allocs apr\\u00e8s une premi\\u00e8re exp\\u00e9rience en marketing et communication.\"}]}<\/script>\n<!-- \/ Yoast SEO plugin. -->","amp_validity":null,"acf":{"faq":{"1":{"question":"Qui a droit \u00e0 la prime de No\u00ebl par la Caf ?","answer":"La prime de No\u00ebl 2026 de la Caf est vers\u00e9e aux b\u00e9n\u00e9ficiaires des minima sociaux. Cette prime de No\u00ebl fait partie des aides aux b\u00e9n\u00e9ficiaires du RSA ainsi que l'ASS ou la PTS."},"2":{"question":"Quelles sont les conditions pour b\u00e9n\u00e9ficier de la prime de No\u00ebl 2025 ?","answer":"La prime de No\u00ebl est vers\u00e9e si vous avez per\u00e7u une des aides \u00e9ligibles aux mois de novembre ou d\u00e9cembre 2026."},"3":{"question":"Qui a droit \u00e0 la prime de No\u00ebl 2026 ?","answer":"La prime de No\u00ebl vers\u00e9e par la Caf s'adresse aux b\u00e9n\u00e9ficiaires du Revenu de Solidarit\u00e9 Active socle (RSA), \u00e0 ceux du RSA socle et de la prime d'activit\u00e9, ou de l'allocation de solidarit\u00e9 sp\u00e9cifique (ASS)."},"4":{"question":"Est-ce que j'ai droit \u00e0 la prime de No\u00ebl avec la prime d'activit\u00e9 ?","answer":"Pour avoir droit \u00e0 la prime de No\u00ebl 2026, il vous faut b\u00e9n\u00e9ficier du RSA socle en plus de la prime d'activit\u00e9. La prime d'activit\u00e9 seule n'est pas \u00e9ligible."},"5":{"question":"","answer":""},"6":{"question":"","answer":""},"7":{"question":"","answer":""},"8":{"question":"","answer":""},"9":{"question":"","answer":""},"10":{"question":"","answer":""},"11":{"question":"","answer":""},"12":{"question":"","answer":""},"13":{"question":"","answer":""},"14":{"question":"","answer":""},"15":{"question":"","answer":""},"16":{"question":"","answer":""}}},"_links":{"self":[{"href":"https:\/\/www.mes-allocs.fr\/guides\/wp-json\/wp\/v2\/posts\/83323","targetHints":{"allow":["GET"]}}],"collection":[{"href":"https:\/\/www.mes-allocs.fr\/guides\/wp-json\/wp\/v2\/posts"}],"about":[{"href":"https:\/\/www.mes-allocs.fr\/guides\/wp-json\/wp\/v2\/types\/post"}],"author":[{"embeddable":true,"href":"https:\/\/www.mes-allocs.fr\/guides\/wp-json\/wp\/v2\/users\/30"}],"replies":[{"embeddable":true,"href":"https:\/\/www.mes-allocs.fr\/guides\/wp-json\/wp\/v2\/comments?post=83323"}],"version-history":[{"count":34,"href":"https:\/\/www.mes-allocs.fr\/guides\/wp-json\/wp\/v2\/posts\/83323\/revisions"}],"predecessor-version":[{"id":109852,"href":"https:\/\/www.mes-allocs.fr\/guides\/wp-json\/wp\/v2\/posts\/83323\/revisions\/109852"}],"wp:featuredmedia":[{"embeddable":true,"href":"https:\/\/www.mes-allocs.fr\/guides\/wp-json\/wp\/v2\/media\/83447"}],"wp:attachment":[{"href":"https:\/\/www.mes-allocs.fr\/guides\/wp-json\/wp\/v2\/media?parent=83323"}],"wp:term":[{"taxonomy":"category","embeddable":true,"href":"https:\/\/www.mes-allocs.fr\/guides\/wp-json\/wp\/v2\/categories?post=83323"},{"taxonomy":"post_tag","embeddable":true,"href":"https:\/\/www.mes-allocs.fr\/guides\/wp-json\/wp\/v2\/tags?post=83323"}],"curies":[{"name":"wp","href":"https:\/\/api.w.org\/{rel}","templated":true}]}}