{"id":83303,"date":"2024-10-01T15:16:22","date_gmt":"2024-10-01T13:16:22","guid":{"rendered":"https:\/\/www.mes-allocs.fr\/guides\/?p=83303"},"modified":"2026-04-22T10:51:48","modified_gmt":"2026-04-22T09:51:48","slug":"aide-transport-vacances","status":"publish","type":"post","link":"https:\/\/www.mes-allocs.fr\/guides\/aide-vacances\/aide-transport-vacances\/","title":{"rendered":"Aide au transport pour les vacances : faciliter les d\u00e9placements des vacanciers"},"content":{"rendered":"<p><img loading=\"lazy\" decoding=\"async\" class=\"alignnone wp-image-77371 size-full\" title=\"aide au transport vacances\" src=\"https:\/\/www.mes-allocs.fr\/guides\/wp-content\/uploads\/2024\/04\/transport-7618294_1280-e1714054486932.jpg\" alt=\"aide au transport vacances\" width=\"960\" height=\"227\" srcset=\"https:\/\/www.mes-allocs.fr\/guides\/wp-content\/uploads\/2024\/04\/transport-7618294_1280-e1714054486932.jpg 960w, https:\/\/www.mes-allocs.fr\/guides\/wp-content\/uploads\/2024\/04\/transport-7618294_1280-e1714054486932-300x71.jpg 300w, https:\/\/www.mes-allocs.fr\/guides\/wp-content\/uploads\/2024\/04\/transport-7618294_1280-e1714054486932-768x182.jpg 768w, https:\/\/www.mes-allocs.fr\/guides\/wp-content\/uploads\/2024\/04\/transport-7618294_1280-e1714054486932-600x142.jpg 600w\" sizes=\"auto, (max-width: 960px) 100vw, 960px\" \/><\/p>\n<p>Partir en vacances repr\u00e9sente souvent une opportunit\u00e9 pr\u00e9cieuse pour se ressourcer et s&rsquo;\u00e9loigner du quotidien. Cependant, pour de nombreuses familles, le co\u00fbt du transport peut constituer un obstacle majeur \u00e0 l\u2019organisation de ces s\u00e9jours. Afin de faciliter les d\u00e9placements et d\u2019encourager l&rsquo;acc\u00e8s aux vacances pour tous, plusieurs dispositifs d\u2019<strong>aide au transport pour les vacances<\/strong> ont \u00e9t\u00e9 mis en place. En compl\u00e9ment des <a href=\"https:\/\/www.mes-allocs.fr\/guides\/aide-vacances\/\">aides aux vacances<\/a> propos\u00e9es par diff\u00e9rents organismes comme la CAF ou les associations, ces dispositifs permettent aux vacanciers de b\u00e9n\u00e9ficier de solutions adapt\u00e9es pour voyager \u00e0 moindre co\u00fbt, que ce soit en train, en bus ou en avion. Ces aides visent \u00e0 rendre les vacances plus accessibles \u00e0 ceux qui en ont le plus besoin.<\/p>\n<div class='cta-block'><div class='text'>Simulez toutes vos aides en 2 min.<\/div><a href='https:\/\/www.mes-allocs.fr\/ab-app?origin=guides\/wp-json\/wp\/v2\/posts\/83303' class='app-button fit'>Simulation gratuite<\/a><\/div>\n<h1>Qu\u2019est-ce que l\u2019aide au transport pour les vacances ?<\/h1>\n<h2>D\u00e9finition de l\u2019aide au transport vacances<\/h2>\n<p>L&rsquo;aide au transport pour les vacances est un dispositif mis en place pour permettre aux vacanciers de r\u00e9duire les co\u00fbts li\u00e9s \u00e0 leurs d\u00e9placements. Ces aides visent \u00e0 rendre les vacances accessibles \u00e0 un plus grand nombre de personnes, notamment les familles \u00e0 faibles revenus, les jeunes, les seniors, et les personnes en situation de handicap. Cette aide peut prendre plusieurs formes : subventions financi\u00e8res, r\u00e9ductions sur les billets de transport, ou utilisation des ch\u00e8ques-vacances pour payer une partie ou l&rsquo;int\u00e9gralit\u00e9 des frais de d\u00e9placement.<\/p>\n<h2>Objectifs du programme aide au transport vacances<\/h2>\n<p>L&rsquo;objectif principal de l&rsquo;aide au transport pour les vacances est de faciliter la mobilit\u00e9 des vacanciers, en particulier ceux qui sont financi\u00e8rement vuln\u00e9rables. Ce programme a pour but de permettre \u00e0 tous de partir en vacances, en r\u00e9duisant les obstacles \u00e9conomiques. Il s&rsquo;agit d&rsquo;encourager l&rsquo;acc\u00e8s au repos et \u00e0 la d\u00e9tente, essentiels au bien-\u00eatre, tout en favorisant l&rsquo;\u00e9galit\u00e9 d&rsquo;acc\u00e8s aux loisirs, ind\u00e9pendamment des ressources. En permettant de couvrir une partie ou la totalit\u00e9 des frais de transport, l\u2019aide permet aux b\u00e9n\u00e9ficiaires de se concentrer sur la planification de leur s\u00e9jour sans que le co\u00fbt des d\u00e9placements ne devienne un frein.<\/p>\n<div class='cta-block'><div class='text'>Simulez toutes vos aides en 2 min.<\/div><a href='https:\/\/www.mes-allocs.fr\/ab-app?origin=guides\/wp-json\/wp\/v2\/posts\/83303' class='app-button fit'>Simulation gratuite<\/a><\/div>\n<h1>Les dispositifs d\u2019aide au transport existants<\/h1>\n<h2>Aide au transport de la CAF pour les vacances<\/h2>\n<p>La Caisse d&rsquo;Allocations Familiales (CAF) propose dans certaines r\u00e9gions une aide au transport pour les vacances destin\u00e9e \u00e0 faciliter les d\u00e9placements des familles modestes. Cependant, il est important de noter que ce dispositif n\u2019est pas disponible dans toutes les villes ou d\u00e9partements. Il s&rsquo;agit souvent d&rsquo;une aide compl\u00e9mentaire aux dispositifs d\u2019<a href=\"https:\/\/www.mes-allocs.fr\/guides\/aide-vacances\/aide-vacances-caf\/\">aide aux vacances de la CAF<\/a>, tels que l&rsquo;Aide aux Vacances Familiales (AVF), et elle peut prendre la forme d\u2019un forfait pour couvrir une partie des frais de transport. Les conditions d\u2019\u00e9ligibilit\u00e9 incluent g\u00e9n\u00e9ralement des crit\u00e8res de ressources, et cette aide s&rsquo;adresse souvent aux b\u00e9n\u00e9ficiaires d&rsquo;allocations comme le RSA ou les allocations familiales. Pour savoir si cette aide est disponible et pour conna\u00eetre les conditions pr\u00e9cises, il est conseill\u00e9 de se rapprocher de sa CAF locale.<\/p>\n<h2>Aide vacances de l\u2019Agence Nationale pour les Ch\u00e8ques-Vacances (ANCV)<\/h2>\n<p>L\u2019Agence Nationale pour les <a href=\"https:\/\/www.mes-allocs.fr\/guides\/aide-vacances\/cheque-vacances\/\">Ch\u00e8ques-Vacances<\/a> (ANCV) propose des ch\u00e8ques-vacances qui peuvent \u00eatre utilis\u00e9s pour financer une partie des frais de transport. Les b\u00e9n\u00e9ficiaires peuvent utiliser ces ch\u00e8ques pour payer des billets de train, bus ou avion, notamment avec des partenaires comme la SNCF ou des compagnies a\u00e9riennes. L\u2019ANCV cible principalement les salari\u00e9s du secteur public et les travailleurs sociaux \u00e9ligibles, mais elle offre \u00e9galement des dispositifs pour les familles modestes et les jeunes dans le cadre de programmes sp\u00e9cifiques comme le programme \u00ab\u00a0D\u00e9part 18:25\u00a0\u00bb. L&rsquo;ANCV permet ainsi de r\u00e9duire les frais de transport tout en facilitant l\u2019acc\u00e8s aux vacances pour un plus grand nombre de personnes.<\/p>\n<h2>Aides des collectivit\u00e9s locales<\/h2>\n<p>De nombreuses collectivit\u00e9s locales (r\u00e9gions, d\u00e9partements, communes) proposent \u00e9galement des dispositifs d&rsquo;aide au transport pour les vacances, souvent sous forme de subventions ou de r\u00e9ductions sur les billets de transport en commun. Ces aides visent \u00e0 encourager les r\u00e9sidents \u00e0 partir en vacances, en r\u00e9duisant les co\u00fbts li\u00e9s aux trajets. Par exemple, certaines r\u00e9gions offrent des r\u00e9ductions pour les jeunes ou les seniors sur les trains r\u00e9gionaux, ou des subventions pour l\u2019utilisation des transports en commun locaux. Chaque collectivit\u00e9 d\u00e9finit ses propres crit\u00e8res d\u2019\u00e9ligibilit\u00e9, qui d\u00e9pendent g\u00e9n\u00e9ralement des ressources du foyer et de l&rsquo;\u00e2ge des b\u00e9n\u00e9ficiaires.<\/p>\n<h2>Dispositifs sp\u00e9cifiques pour les jeunes et les seniors<\/h2>\n<p>Certaines aides au transport pour les vacances sont sp\u00e9cialement con\u00e7ues pour les jeunes et les seniors, deux publics souvent \u00e9ligibles \u00e0 des dispositifs avantageux. Les jeunes, par exemple, peuvent b\u00e9n\u00e9ficier de r\u00e9ductions avec des cartes de transport comme la Carte Avantage Jeune de la SNCF, qui offre des tarifs r\u00e9duits sur les trajets en train. Les seniors, quant \u00e0 eux, ont acc\u00e8s \u00e0 des cartes de r\u00e9duction comme la Carte Avantage Senior, \u00e9galement propos\u00e9e par la SNCF, ou \u00e0 des aides r\u00e9gionales qui facilitent leurs d\u00e9placements pour les vacances. Ces dispositifs permettent \u00e0 ces publics de partir en vacances \u00e0 moindre co\u00fbt en all\u00e9geant les frais de transport.<\/p>\n<h1>Les montants et formes de l\u2019aide au transport pour vos vacances<\/h1>\n<h2>Comment est calcul\u00e9 le montant de l&rsquo;aide au transport de la CAF ?<\/h2>\n<p>Le montant de l\u2019aide au transport de la CAF est g\u00e9n\u00e9ralement calcul\u00e9 en fonction des ressources du foyer et de sa composition familiale. Les familles ayant de faibles revenus, ou celles b\u00e9n\u00e9ficiaires de prestations sociales comme le RSA, sont souvent prioris\u00e9es. La CAF peut verser un forfait pour couvrir une partie des frais de transport, mais le montant pr\u00e9cis d\u00e9pend des crit\u00e8res locaux appliqu\u00e9s par chaque CAF. Certaines CAF fixent \u00e9galement un plafond de prise en charge en fonction du nombre de kilom\u00e8tres parcourus ou du co\u00fbt total du transport.<\/p>\n<h2>Quelle forme l&rsquo;aide au transport pour les vacances peut-elle prendre ?<\/h2>\n<h3>Aide financi\u00e8re vers\u00e9e par la CAF<\/h3>\n<p>Dans certaines r\u00e9gions, la CAF peut verser directement une aide financi\u00e8re aux familles pour couvrir une partie de leurs frais de transport pour les vacances. Cette aide est souvent vers\u00e9e en compl\u00e9ment d\u2019autres aides comme l\u2019Aide aux Vacances Familiales (AVF) et vise \u00e0 all\u00e9ger le co\u00fbt global du s\u00e9jour.<\/p>\n<h3>R\u00e9duction sur les billets de transport<\/h3>\n<p>Dans certains cas, l\u2019aide au transport prend la forme de r\u00e9ductions sur les billets de transport. Cela peut inclure des r\u00e9ductions pour les trajets en train, bus, ou avion, n\u00e9goci\u00e9es avec des compagnies de transport partenaires comme la SNCF ou certaines compagnies a\u00e9riennes.<\/p>\n<h3>Utilisation des ch\u00e8ques-vacances pour le transport<\/h3>\n<p>Les ch\u00e8ques-vacances peuvent \u00e9galement \u00eatre utilis\u00e9s pour r\u00e9gler les frais de transport. Accept\u00e9s par de nombreuses compagnies de transport, ils permettent de payer une partie ou la totalit\u00e9 des billets de train, bus, ou avion, en fonction du montant disponible sur les ch\u00e8ques.<\/p>\n<p><iframe loading=\"lazy\" title=\"Toutes les aides pour partir en vacances\" width=\"500\" height=\"281\" src=\"https:\/\/www.youtube.com\/embed\/VcVrxYolWwc?feature=oembed\" frameborder=\"0\" allow=\"accelerometer; autoplay; clipboard-write; encrypted-media; gyroscope; picture-in-picture; web-share\" referrerpolicy=\"strict-origin-when-cross-origin\" allowfullscreen><\/iframe><\/p>\n<h1>Comment faire une demande d\u2019aide au transport pour vos vacances ?<\/h1>\n<h2>\u00c9tape 1 : Identifier le dispositif adapt\u00e9 \u00e0 votre situation<\/h2>\n<p>La premi\u00e8re \u00e9tape pour demander une aide au transport consiste \u00e0 identifier le dispositif qui correspond \u00e0 votre situation. Cela peut inclure une aide de la CAF, des ch\u00e8ques-vacances, ou des r\u00e9ductions propos\u00e9es par des collectivit\u00e9s locales ou des entreprises de transport. V\u00e9rifiez les crit\u00e8res d\u2019\u00e9ligibilit\u00e9 avant de faire une demande.<\/p>\n<h2>\u00c9tape 2 : Rassembler les documents n\u00e9cessaires<\/h2>\n<p>Une fois le dispositif identifi\u00e9, il est essentiel de rassembler tous les documents requis pour constituer votre dossier. Ces documents incluent g\u00e9n\u00e9ralement des justificatifs de revenus, des preuves de r\u00e9servation de votre s\u00e9jour, et, dans certains cas, des pi\u00e8ces d&rsquo;identit\u00e9 ou des justificatifs de domicile.<\/p>\n<h2>\u00c9tape 3 : Soumettre la demande<\/h2>\n<p>Enfin, vous pouvez soumettre votre demande en ligne, par courrier, ou directement aupr\u00e8s des organismes concern\u00e9s, comme la CAF ou l&rsquo;ANCV. Assurez-vous de respecter les d\u00e9lais de soumission et de suivre votre dossier pour v\u00e9rifier l\u2019avancement de votre demande.<\/p>\n<h1>Les avantages de l\u2019aide au transport pour vos vacances<\/h1>\n<h2>Accessibilit\u00e9 accrue aux vacances<\/h2>\n<p>L\u2019un des principaux avantages de l\u2019aide au transport pour les vacances est qu\u2019elle rend les vacances accessibles \u00e0 un plus grand nombre de personnes, en r\u00e9duisant les co\u00fbts li\u00e9s aux d\u00e9placements. Cette aide permet aux familles et individus aux revenus modestes de partir en vacances sans que les frais de transport ne deviennent un frein.<\/p>\n<h2>All\u00e8gement des frais de d\u00e9placement<\/h2>\n<p>L\u2019aide au transport permet \u00e9galement d\u2019all\u00e9ger les frais de d\u00e9placement, en particulier pour les familles nombreuses ou les personnes ayant besoin de faire de longs trajets pour rejoindre leur lieu de vacances. Gr\u00e2ce \u00e0 cette aide, les vacanciers peuvent voyager \u00e0 moindre co\u00fbt, ce qui leur permet de consacrer une plus grande partie de leur budget \u00e0 d\u2019autres aspects de leur s\u00e9jour.<\/p>\n<div class='cta-block'><div class='text'>Simulez toutes vos aides en 2 min.<\/div><a href='https:\/\/www.mes-allocs.fr\/ab-app?origin=guides\/wp-json\/wp\/v2\/posts\/83303' class='app-button fit'>Simulation gratuite<\/a><\/div>\n","protected":false},"excerpt":{"rendered":"<p>Partir en vacances repr\u00e9sente souvent une opportunit\u00e9 pr\u00e9cieuse pour se ressourcer et s&rsquo;\u00e9loigner du quotidien. Cependant, pour de nombreuses familles, le co\u00fbt du transport peut constituer un obstacle majeur \u00e0 l\u2019organisation de ces s\u00e9jours. Afin de faciliter les d\u00e9placements et d\u2019encourager l&rsquo;acc\u00e8s aux vacances pour tous, plusieurs dispositifs d\u2019aide au transport pour les vacances ont [&hellip;]<\/p>\n","protected":false},"author":26,"featured_media":77372,"comment_status":"open","ping_status":"open","sticky":false,"template":"","format":"standard","meta":{"amp_status":"","footnotes":""},"categories":[38652],"tags":[],"class_list":["post-83303","post","type-post","status-publish","format-standard","has-post-thumbnail","hentry","category-aide-vacances"],"yoast_head":"<!-- This site is optimized with the Yoast SEO plugin v14.9 - https:\/\/yoast.com\/wordpress\/plugins\/seo\/ -->\n<title>Aide au transport pour vos vacances : conditions, montant, d\u00e9marches<\/title>\n<meta name=\"description\" content=\"Pour faciliter les d\u00e9placements et encourager l&#039;acc\u00e8s aux vacances pour tous, plusieurs dispositifs d\u2019aide au transport ont \u00e9t\u00e9 mis en place.\" \/>\n<meta name=\"robots\" content=\"index, follow, max-snippet:-1, max-image-preview:large, max-video-preview:-1\" \/>\n<link rel=\"canonical\" href=\"https:\/\/www.mes-allocs.fr\/guides\/aide-vacances\/aide-transport-vacances\/\" \/>\n<meta property=\"og:locale\" content=\"fr_FR\" \/>\n<meta property=\"og:type\" content=\"article\" \/>\n<meta property=\"og:title\" content=\"Aide au transport pour vos vacances : conditions, montant, d\u00e9marches\" \/>\n<meta property=\"og:description\" content=\"Pour faciliter les d\u00e9placements et encourager l&#039;acc\u00e8s aux vacances pour tous, plusieurs dispositifs d\u2019aide au transport ont \u00e9t\u00e9 mis en place.\" \/>\n<meta property=\"og:url\" content=\"https:\/\/www.mes-allocs.fr\/guides\/aide-vacances\/aide-transport-vacances\/\" \/>\n<meta property=\"og:site_name\" content=\"Mes-Allocs.fr\" \/>\n<meta property=\"article:published_time\" content=\"2024-10-01T13:16:22+00:00\" \/>\n<meta property=\"article:modified_time\" content=\"2026-04-22T09:51:48+00:00\" \/>\n<meta property=\"og:image\" content=\"https:\/\/www.mes-allocs.fr\/guides\/wp-content\/uploads\/2024\/04\/blur-1239439_1280.jpg?wsr\" \/>\n\t<meta property=\"og:image:width\" content=\"1280\" \/>\n\t<meta property=\"og:image:height\" content=\"839\" \/>\n<meta name=\"twitter:card\" content=\"summary_large_image\" \/>\n<script type=\"application\/ld+json\" class=\"yoast-schema-graph\">{\"@context\":\"https:\/\/schema.org\",\"@graph\":[{\"@type\":\"WebSite\",\"@id\":\"https:\/\/www.mes-allocs.fr\/guides\/#website\",\"url\":\"https:\/\/www.mes-allocs.fr\/guides\/\",\"name\":\"Mes-Allocs.fr\",\"description\":\"\",\"potentialAction\":[{\"@type\":\"SearchAction\",\"target\":\"https:\/\/www.mes-allocs.fr\/guides\/?s={search_term_string}\",\"query-input\":\"required name=search_term_string\"}],\"inLanguage\":\"fr-FR\"},{\"@type\":\"ImageObject\",\"@id\":\"https:\/\/www.mes-allocs.fr\/guides\/aide-vacances\/aide-transport-vacances\/#primaryimage\",\"inLanguage\":\"fr-FR\",\"url\":\"https:\/\/www.mes-allocs.fr\/guides\/wp-content\/uploads\/2024\/04\/blur-1239439_1280.jpg?wsr\",\"width\":1280,\"height\":839,\"caption\":\"aide au temps libre transport caf\"},{\"@type\":\"WebPage\",\"@id\":\"https:\/\/www.mes-allocs.fr\/guides\/aide-vacances\/aide-transport-vacances\/#webpage\",\"url\":\"https:\/\/www.mes-allocs.fr\/guides\/aide-vacances\/aide-transport-vacances\/\",\"name\":\"Aide au transport pour vos vacances : conditions, montant, d\\u00e9marches\",\"isPartOf\":{\"@id\":\"https:\/\/www.mes-allocs.fr\/guides\/#website\"},\"primaryImageOfPage\":{\"@id\":\"https:\/\/www.mes-allocs.fr\/guides\/aide-vacances\/aide-transport-vacances\/#primaryimage\"},\"datePublished\":\"2024-10-01T13:16:22+00:00\",\"dateModified\":\"2026-04-22T09:51:48+00:00\",\"author\":{\"@id\":\"https:\/\/www.mes-allocs.fr\/guides\/#\/schema\/person\/9c38f3be41a0ddcd1e3fde5a3df713bf\"},\"description\":\"Pour faciliter les d\\u00e9placements et encourager l'acc\\u00e8s aux vacances pour tous, plusieurs dispositifs d\\u2019aide au transport ont \\u00e9t\\u00e9 mis en place.\",\"inLanguage\":\"fr-FR\"},{\"@type\":\"Person\",\"@id\":\"https:\/\/www.mes-allocs.fr\/guides\/#\/schema\/person\/9c38f3be41a0ddcd1e3fde5a3df713bf\",\"name\":\"Sessime Ananou\",\"image\":{\"@type\":\"ImageObject\",\"@id\":\"https:\/\/www.mes-allocs.fr\/guides\/#personlogo\",\"inLanguage\":\"fr-FR\",\"url\":\"https:\/\/www.mes-allocs.fr\/guides\/wp-content\/uploads\/2023\/08\/IMG_8173-150x150.jpg\",\"caption\":\"Sessime Ananou\"},\"description\":\"Sessime est r\\u00e9dactrice chez Mes Allocs, sp\\u00e9cialis\\u00e9e sur le pouvoir d'achat. Elle rejoint l'\\u00e9quipe Mes Allocs en ao\\u00fbt 2023 afin de simplifier l'acc\\u00e8s \\u00e0 l'information sur les aides en g\\u00e9n\\u00e9ral.\"}]}<\/script>\n<!-- \/ Yoast SEO plugin. -->","amp_validity":null,"acf":{"faq":{"1":{"question":"Qu'est-ce que l'aide au transport pour les vacances ?","answer":"L'aide au transport pour les vacances est un dispositif permettant de r\u00e9duire les co\u00fbts li\u00e9s aux d\u00e9placements pendant les vacances, en proposant des r\u00e9ductions ou des subventions pour des modes de transport comme le train, le bus ou l'avion."},"2":{"question":"Qui peut b\u00e9n\u00e9ficier de l'aide au transport pour les vacances ?","answer":"L'\u00e9ligibilit\u00e9 varie selon les dispositifs, mais en g\u00e9n\u00e9ral, les familles \u00e0 faibles revenus, les b\u00e9n\u00e9ficiaires de certaines allocations (comme celles de la CAF), les jeunes, les seniors, et les personnes en situation de handicap peuvent y avoir acc\u00e8s.\r\n"},"3":{"question":"Comment faire une demande d'aide au transport pour les vacances ?","answer":"La demande peut se faire en ligne, via des organismes comme la CAF ou directement aupr\u00e8s des compagnies de transport participant aux programmes d'aides. Il est n\u00e9cessaire de fournir des justificatifs de ressources et parfois une preuve de r\u00e9servation d'un s\u00e9jour.\r\n"},"4":{"question":"Quelles sont les aides au transport les plus courantes pour les vacances ?","answer":"Les aides les plus courantes incluent les r\u00e9ductions pour les trajets en train (comme la Carte Avantage de la SNCF), les subventions pour le transport en bus, et parfois des bons de r\u00e9duction pour les voyages en avion, propos\u00e9s par certaines collectivit\u00e9s locales."},"5":{"question":"Peut-on cumuler l'aide au transport avec d'autres aides aux vacances ?","answer":"Oui, il est souvent possible de cumuler l'aide au transport avec d'autres aides aux vacances, comme celles propos\u00e9es par la CAF ou les ch\u00e8ques-vacances. Chaque dispositif a ses propres r\u00e8gles, donc il est important de v\u00e9rifier aupr\u00e8s des organismes concern\u00e9s."},"6":{"question":"Quels sont les d\u00e9lais pour recevoir l'aide au transport pour les vacances ?","answer":"Les d\u00e9lais varient selon les dispositifs. Certaines aides sont appliqu\u00e9es imm\u00e9diatement sous forme de r\u00e9duction lors de l'achat du billet, tandis que d'autres n\u00e9cessitent un traitement de dossier qui peut prendre plusieurs semaines."},"7":{"question":"","answer":""},"8":{"question":"","answer":""},"9":{"question":"","answer":""},"10":{"question":"","answer":""},"11":{"question":"","answer":""},"12":{"question":"","answer":""},"13":{"question":"","answer":""},"14":{"question":"","answer":""},"15":{"question":"","answer":""},"16":{"question":"","answer":""}}},"_links":{"self":[{"href":"https:\/\/www.mes-allocs.fr\/guides\/wp-json\/wp\/v2\/posts\/83303","targetHints":{"allow":["GET"]}}],"collection":[{"href":"https:\/\/www.mes-allocs.fr\/guides\/wp-json\/wp\/v2\/posts"}],"about":[{"href":"https:\/\/www.mes-allocs.fr\/guides\/wp-json\/wp\/v2\/types\/post"}],"author":[{"embeddable":true,"href":"https:\/\/www.mes-allocs.fr\/guides\/wp-json\/wp\/v2\/users\/26"}],"replies":[{"embeddable":true,"href":"https:\/\/www.mes-allocs.fr\/guides\/wp-json\/wp\/v2\/comments?post=83303"}],"version-history":[{"count":4,"href":"https:\/\/www.mes-allocs.fr\/guides\/wp-json\/wp\/v2\/posts\/83303\/revisions"}],"predecessor-version":[{"id":96408,"href":"https:\/\/www.mes-allocs.fr\/guides\/wp-json\/wp\/v2\/posts\/83303\/revisions\/96408"}],"wp:featuredmedia":[{"embeddable":true,"href":"https:\/\/www.mes-allocs.fr\/guides\/wp-json\/wp\/v2\/media\/77372"}],"wp:attachment":[{"href":"https:\/\/www.mes-allocs.fr\/guides\/wp-json\/wp\/v2\/media?parent=83303"}],"wp:term":[{"taxonomy":"category","embeddable":true,"href":"https:\/\/www.mes-allocs.fr\/guides\/wp-json\/wp\/v2\/categories?post=83303"},{"taxonomy":"post_tag","embeddable":true,"href":"https:\/\/www.mes-allocs.fr\/guides\/wp-json\/wp\/v2\/tags?post=83303"}],"curies":[{"name":"wp","href":"https:\/\/api.w.org\/{rel}","templated":true}]}}