{"id":83300,"date":"2024-09-30T16:19:08","date_gmt":"2024-09-30T14:19:08","guid":{"rendered":"https:\/\/www.mes-allocs.fr\/guides\/?p=83300"},"modified":"2026-04-22T10:51:49","modified_gmt":"2026-04-22T09:51:49","slug":"la-prime-dactivite-est-elle-retroactive","status":"publish","type":"post","link":"https:\/\/www.mes-allocs.fr\/guides\/prime-d-activite\/demande-prime-activite\/la-prime-dactivite-est-elle-retroactive\/","title":{"rendered":"La prime d&rsquo;activit\u00e9 est-elle r\u00e9troactive ?"},"content":{"rendered":"<p><img loading=\"lazy\" decoding=\"async\" class=\"alignnone wp-image-73226 size-full\" title=\"prime dactivite retroactive\" src=\"https:\/\/www.mes-allocs.fr\/guides\/wp-content\/uploads\/2024\/01\/prime-dactivite-retroactive-2-e1705960329562.jpg\" alt=\"prime dactivite retroactive\" width=\"1280\" height=\"406\" srcset=\"https:\/\/www.mes-allocs.fr\/guides\/wp-content\/uploads\/2024\/01\/prime-dactivite-retroactive-2-e1705960329562.jpg 1280w, https:\/\/www.mes-allocs.fr\/guides\/wp-content\/uploads\/2024\/01\/prime-dactivite-retroactive-2-e1705960329562-300x95.jpg 300w, https:\/\/www.mes-allocs.fr\/guides\/wp-content\/uploads\/2024\/01\/prime-dactivite-retroactive-2-e1705960329562-1024x325.jpg 1024w, https:\/\/www.mes-allocs.fr\/guides\/wp-content\/uploads\/2024\/01\/prime-dactivite-retroactive-2-e1705960329562-768x244.jpg 768w, https:\/\/www.mes-allocs.fr\/guides\/wp-content\/uploads\/2024\/01\/prime-dactivite-retroactive-2-e1705960329562-600x190.jpg 600w\" sizes=\"auto, (max-width: 1280px) 100vw, 1280px\" \/><\/p>\n<p><strong>La <a href=\"https:\/\/www.mes-allocs.fr\/guides\/prime-d-activite\">prime d&rsquo;activit\u00e9<\/a>, dispositif instaur\u00e9 en France pour soutenir financi\u00e8rement les travailleurs aux revenus modestes, suscite des questionnements quant \u00e0 sa r\u00e9troactivit\u00e9. Nombreux sont ceux qui se demandent si cette aide peut \u00eatre accord\u00e9e de mani\u00e8re r\u00e9troactive, couvrant ainsi une p\u00e9riode ant\u00e9rieure \u00e0 la demande. Mes Allocs vous explique tout.<\/strong><\/p>\n<p><span style=\"font-weight: 400;\"><div class='cta-block'><div class='text'>Simulez toutes vos aides en 2 min.<\/div><a href='https:\/\/www.mes-allocs.fr\/ab-app?origin=guides\/wp-json\/wp\/v2\/posts\/83300' class='app-button fit'>Simulation gratuite<\/a><\/div><\/span><\/p>\n<div class=\"flex-1 overflow-hidden\">\n<div class=\"react-scroll-to-bottom--css-pqhew-79elbk h-full\">\n<div class=\"react-scroll-to-bottom--css-pqhew-1n7m0yu\">\n<div class=\"flex flex-col pb-9 text-sm\">\n<div class=\"w-full text-token-text-primary\" data-testid=\"conversation-turn-17\">\n<div class=\"px-4 py-2 justify-center text-base md:gap-6 m-auto\">\n<div class=\"flex flex-1 text-base mx-auto gap-3 md:px-5 lg:px-1 xl:px-5 md:max-w-3xl lg:max-w-[40rem] xl:max-w-[48rem] group final-completion\">\n<div class=\"relative flex w-full flex-col lg:w-[calc(100%-115px)] agent-turn\">\n<div class=\"flex-col gap-1 md:gap-3\">\n<div class=\"flex flex-grow flex-col max-w-full\">\n<div class=\"min-h-[20px] text-message flex flex-col items-start gap-3 whitespace-pre-wrap break-words [.text-message+&amp;]:mt-5 overflow-x-auto\" data-message-author-role=\"assistant\" data-message-id=\"876c4824-0498-486d-a00e-0b2c48adfd9c\">\n<div class=\"markdown prose w-full break-words dark:prose-invert dark\">\n<h1><strong>La r\u00e9troactivit\u00e9 de la prime d&rsquo;activit\u00e9 : un droit souvent ignor\u00e9<\/strong><\/h1>\n<h2>Le droit \u00e0 la r\u00e9troactivit\u00e9 de la prime d&rsquo;activit\u00e9<\/h2>\n<p>La prime d&rsquo;activit\u00e9 peut \u00eatre r\u00e9troactive, mais cela d\u00e9pend de certaines conditions. Voici les points cl\u00e9s \u00e0 retenir :<\/p>\n<p><strong>R\u00e9troactivit\u00e9 possible<\/strong> : la prime d&rsquo;activit\u00e9 peut \u00eatre vers\u00e9e r\u00e9troactivement pour une p\u00e9riode maximale de 12 mois pr\u00e9c\u00e9dant la date de la demande, si certaines conditions sont remplies.<\/p>\n<p><strong>Conditions \u00e0 respecter<\/strong> :<\/p>\n<p><strong>Demande pr\u00e9alable<\/strong> : si vous avez fait une demande ant\u00e9rieure qui n\u2019a pas \u00e9t\u00e9 trait\u00e9e ou a \u00e9t\u00e9 refus\u00e9e pour des raisons administratives, vous pouvez r\u00e9cup\u00e9rer des montants non per\u00e7us \u00e0 condition de fournir un justificatif de cette demande infructueuse.<\/p>\n<p><strong>Justificatif n\u00e9cessaire<\/strong> : vous devrez prouver la date de votre premi\u00e8re demande pour b\u00e9n\u00e9ficier de la r\u00e9troactivit\u00e9.<\/p>\n<p><strong>Ouverture des droits<\/strong> : en g\u00e9n\u00e9ral, l&rsquo;ouverture des droits \u00e0 la prime d&rsquo;activit\u00e9 se fait \u00e0 la date de la demande. Cela signifie que sans demande pr\u00e9alable ou sans justification, la prime ne sera vers\u00e9e qu&rsquo;\u00e0 partir de la date de la demande et non pour des p\u00e9riodes ant\u00e9rieures.<\/p>\n<p><strong>Exemple pratique<\/strong> : si vous faites une demande de prime d&rsquo;activit\u00e9 le 1er octobre 2023 et que vous n\u2019avez pas \u00e9t\u00e9 inform\u00e9 de votre \u00e9ligibilit\u00e9 pour les mois pr\u00e9c\u00e9dents, vous pourriez recevoir la prime r\u00e9troactivement jusqu&rsquo;\u00e0 12 mois, mais seulement si vous pouvez prouver que vous avez demand\u00e9 la prime avant et qu&rsquo;il y a eu une raison valable pour laquelle cette demande n\u2019a pas \u00e9t\u00e9 trait\u00e9e.<\/p>\n<p>Cependant, ce droit demeure largement ignor\u00e9 et sous-utilis\u00e9. Une \u00e9tude de 2019 r\u00e9alis\u00e9e par l&rsquo;Institut national de la statistique et des \u00e9tudes \u00e9conomiques (INSEE) r\u00e9v\u00e8le que pr\u00e8s de 30% des personnes \u00e9ligibles \u00e0 la prime d&rsquo;activit\u00e9 ne la r\u00e9clament pas. Plusieurs facteurs peuvent expliquer ce ph\u00e9nom\u00e8ne :<\/p>\n<ol>\n<li><strong>Manque d&rsquo;information et de communication :<\/strong> une diffusion insuffisante d&rsquo;informations sur le dispositif peut conduire \u00e0 une m\u00e9connaissance des droits potentiels.<\/li>\n<li><strong>Complexit\u00e9 administrative :<\/strong> la complexit\u00e9 des d\u00e9marches administratives peut d\u00e9courager certains b\u00e9n\u00e9ficiaires potentiels, les dissuadant de faire valoir leurs droits.<\/li>\n<li><strong>Sentiment de stigmatisation :<\/strong> une perception n\u00e9gative ou stigmatisante li\u00e9e \u00e0 la r\u00e9ception d&rsquo;aides sociales peut \u00e9galement dissuader les personnes \u00e9ligibles de faire une demande, m\u00eame r\u00e9troactive, par crainte du jugement social.<\/li>\n<\/ol>\n<p>La sensibilisation et la simplification des proc\u00e9dures administratives pourraient contribuer \u00e0 une utilisation plus r\u00e9pandue de ce droit m\u00e9connu, garantissant ainsi une meilleure distribution des aides sociales aupr\u00e8s de ceux qui en ont besoin.<\/p>\n<div class='cta-block'><div class='text'>Simulez vos aides en 2 min.<\/div><a href='https:\/\/www.mes-allocs.fr\/ab-app?origin=guides\/wp-json\/wp\/v2\/posts\/83300' class='app-button fit'>Simulation gratuite<\/a><\/div>\n<h2><strong>Comment demander la prime d\u2019activit\u00e9 r\u00e9troactive ?<\/strong><\/h2>\n<p>Pour solliciter la prime d\u2019activit\u00e9 de mani\u00e8re r\u00e9troactive, suivez les \u00e9tapes suivantes :<\/p>\n<ol>\n<li><strong>V\u00e9rification de l&rsquo;\u00e9ligibilit\u00e9 :<\/strong> utilisez le simulateur en ligne propos\u00e9 par la CAF ou la MSA pour \u00e9valuer votre \u00e9ligibilit\u00e9 \u00e0 la prime d\u2019activit\u00e9. Ce calcul, anonyme et sans engagement, permet d&rsquo;obtenir une estimation de vos droits.<\/li>\n<li><strong>D\u00e9p\u00f4t de la demande en ligne :<\/strong> acc\u00e9dez au site Internet de la CAF ou de la MSA et d\u00e9posez une demande de prime d\u2019activit\u00e9. Si vous n&rsquo;avez pas de compte personnel, cr\u00e9ez-en un. Compl\u00e9tez les informations relatives \u00e0 votre situation familiale, professionnelle et financi\u00e8re, ainsi que celles de votre conjoint(e) si applicable.<\/li>\n<li><strong>Demande explicite de r\u00e9troactivit\u00e9 :<\/strong> pr\u00e9cisez explicitement dans votre demande que vous sollicitez la r\u00e9troactivit\u00e9 de la prime d\u2019activit\u00e9. Indiquez la date \u00e0 partir de laquelle vous estimez \u00eatre \u00e9ligible, en vous basant sur les r\u00e9sultats du simulateur.<\/li>\n<li><strong>Fourniture de justificatifs :<\/strong> joignez les justificatifs n\u00e9cessaires attestant de vos revenus et de ceux de votre foyer, tels que les bulletins de salaire, les d\u00e9clarations d&rsquo;imp\u00f4ts, etc.<\/li>\n<li><strong>Traitement de la demande :<\/strong> une fois la demande d\u00e9pos\u00e9e, la CAF ou la MSA dispose d&rsquo;un d\u00e9lai de deux mois pour l&rsquo;examiner et vous notifier sa d\u00e9cision. En cas d&rsquo;approbation, le versement r\u00e9troactif des sommes dues sera effectu\u00e9.<\/li>\n<\/ol>\n<h2><strong>Les enjeux de la prime d\u2019activit\u00e9 r\u00e9troactive\u00a0<\/strong><\/h2>\n<p>B\u00e9n\u00e9ficier de la prime d\u2019activit\u00e9 r\u00e9troactive peut repr\u00e9senter un soutien financier significatif pour les travailleurs modestes, contribuant ainsi \u00e0 la gestion des difficult\u00e9s budg\u00e9taires mensuelles. Cette mesure s&rsquo;inscrit dans la lutte contre la pr\u00e9carit\u00e9 tout en encourageant le maintien ou la reprise d&rsquo;une activit\u00e9 professionnelle.<\/p>\n<p>Cependant, pour maximiser l&rsquo;efficacit\u00e9 de la prime d\u2019activit\u00e9 r\u00e9troactive, il est imp\u00e9ratif d&rsquo;am\u00e9liorer l&rsquo;information et l&rsquo;accompagnement des b\u00e9n\u00e9ficiaires potentiels. Cela implique une simplification des proc\u00e9dures administratives et une communication renforc\u00e9e sur les droits et dispositifs disponibles, garantissant ainsi une meilleure accessibilit\u00e9 aux aides sociales.<\/p>\n<div class='cta-block'><div class='text'>Simulez vos aides en 2 min.<\/div><a href='https:\/\/www.mes-allocs.fr\/ab-app?origin=guides\/wp-json\/wp\/v2\/posts\/83300' class='app-button fit'>Simulation gratuite<\/a><\/div>\n<\/div>\n<\/div>\n<\/div>\n<\/div>\n<\/div>\n<\/div>\n<\/div>\n<\/div>\n<\/div>\n<\/div>\n<\/div>\n<\/div>\n<h1><strong> Fonctionnement de la prime d&rsquo;activit\u00e9\u00a0<\/strong><\/h1>\n<h2>Qu\u2019est-ce que la prime d\u2019activit\u00e9 ?<\/h2>\n<p>La prime d&rsquo;activit\u00e9, octroy\u00e9e par la Caisse d&rsquo;allocations familiales (CAF) ou la Mutualit\u00e9 sociale agricole (MSA), repr\u00e9sente une prestation sociale visant \u00e0 apporter un compl\u00e9ment de revenu aux travailleurs aux ressources limit\u00e9es, qu&rsquo;ils exercent une activit\u00e9 salari\u00e9e ou ind\u00e9pendante.<\/p>\n<p>Son calcul repose sur plusieurs crit\u00e8res, incluant la situation familiale et professionnelle du b\u00e9n\u00e9ficiaire, ainsi que ses revenus. L&rsquo;objectif fondamental de la prime d&rsquo;activit\u00e9 est de soutenir financi\u00e8rement ceux dont les revenus sont modestes, afin de contribuer \u00e0 une am\u00e9lioration de leur niveau de vie.<\/p>\n<h2>\u00c0 qui s\u2019adresse la prime d\u2019activit\u00e9 ?<\/h2>\n<p>Pour pouvoir b\u00e9n\u00e9ficier de la prime d&rsquo;activit\u00e9, plusieurs crit\u00e8res d&rsquo;\u00e9ligibilit\u00e9 doivent \u00eatre remplis, parmi lesquels :<\/p>\n<ol>\n<li><strong>\u00c2ge minimum :<\/strong> \u00eatre \u00e2g\u00e9 d&rsquo;au moins 18 ans.<\/li>\n<li><strong>R\u00e9sidence en France :<\/strong> avoir une r\u00e9sidence stable et effective en France.<\/li>\n<li><strong>Exercice d&rsquo;une activit\u00e9 professionnelle :<\/strong> \u00catre engag\u00e9 dans une activit\u00e9 professionnelle g\u00e9n\u00e9rant des revenus d\u00e9passant un seuil pr\u00e9d\u00e9fini.<\/li>\n<li><strong>Plafond de ressources :<\/strong> ne pas d\u00e9passer un plafond de ressources sp\u00e9cifique \u00e0 chaque situation familiale. Par exemple, pour un c\u00e9libataire sans enfant, le plafond de ressources est d&rsquo;environ 1 800 euros nets par mois.<\/li>\n<\/ol>\n<p>Le respect de ces crit\u00e8res est essentiel pour l&rsquo;obtention de la prime d&rsquo;activit\u00e9, laquelle vise \u00e0 soutenir les travailleurs aux revenus modestes en fonction de leur situation familiale, professionnelle, et financi\u00e8re. Ces conditions sont \u00e9tablies pour garantir une attribution \u00e9quitable de l&rsquo;aide sociale, en ciblant ceux qui en ont le plus besoin.<\/p>\n<div class='cta-block'><div class='text'>Simulez vos aides en 2 min.<\/div><a href='https:\/\/www.mes-allocs.fr\/ab-app?origin=guides\/wp-json\/wp\/v2\/posts\/83300' class='app-button fit'>Simulation gratuite<\/a><\/div>\n<p>&nbsp;<\/p>\n","protected":false},"excerpt":{"rendered":"<p>La prime d&rsquo;activit\u00e9, dispositif instaur\u00e9 en France pour soutenir financi\u00e8rement les travailleurs aux revenus modestes, suscite des questionnements quant \u00e0 sa r\u00e9troactivit\u00e9. Nombreux sont ceux qui se demandent si cette aide peut \u00eatre accord\u00e9e de mani\u00e8re r\u00e9troactive, couvrant ainsi une p\u00e9riode ant\u00e9rieure \u00e0 la demande. Mes Allocs vous explique tout. La r\u00e9troactivit\u00e9 de la prime [&hellip;]<\/p>\n","protected":false},"author":26,"featured_media":73225,"comment_status":"open","ping_status":"open","sticky":false,"template":"","format":"standard","meta":{"amp_status":"","footnotes":""},"categories":[15583,20],"tags":[],"class_list":["post-83300","post","type-post","status-publish","format-standard","has-post-thumbnail","hentry","category-demande-prime-activite","category-prime-d-activite"],"yoast_head":"<!-- This site is optimized with the Yoast SEO plugin v14.9 - https:\/\/yoast.com\/wordpress\/plugins\/seo\/ -->\n<title>La prime d&#039;activit\u00e9 est-elle r\u00e9troactive ? | Mes-Allocs.fr<\/title>\n<meta name=\"description\" content=\"La prime d&#039;activit\u00e9, dispositif instaur\u00e9 en France, suscite des questionnements quant \u00e0 sa r\u00e9troactivit\u00e9. Mes Allocs vous explique tout.\" \/>\n<meta name=\"robots\" content=\"index, follow, max-snippet:-1, max-image-preview:large, max-video-preview:-1\" \/>\n<link rel=\"canonical\" href=\"https:\/\/www.mes-allocs.fr\/guides\/prime-d-activite\/demande-prime-activite\/la-prime-dactivite-est-elle-retroactive\/\" \/>\n<meta property=\"og:locale\" content=\"fr_FR\" \/>\n<meta property=\"og:type\" content=\"article\" \/>\n<meta property=\"og:title\" content=\"La prime d&#039;activit\u00e9 est-elle r\u00e9troactive ? | Mes-Allocs.fr\" \/>\n<meta property=\"og:description\" content=\"La prime d&#039;activit\u00e9, dispositif instaur\u00e9 en France, suscite des questionnements quant \u00e0 sa r\u00e9troactivit\u00e9. Mes Allocs vous explique tout.\" \/>\n<meta property=\"og:url\" content=\"https:\/\/www.mes-allocs.fr\/guides\/prime-d-activite\/demande-prime-activite\/la-prime-dactivite-est-elle-retroactive\/\" \/>\n<meta property=\"og:site_name\" content=\"Mes-Allocs.fr\" \/>\n<meta property=\"article:published_time\" content=\"2024-09-30T14:19:08+00:00\" \/>\n<meta property=\"article:modified_time\" content=\"2026-04-22T09:51:49+00:00\" \/>\n<meta property=\"og:image\" content=\"https:\/\/www.mes-allocs.fr\/guides\/wp-content\/uploads\/2024\/01\/prime-dactivite-retroactivee-.jpg?wsr\" \/>\n\t<meta property=\"og:image:width\" content=\"706\" \/>\n\t<meta property=\"og:image:height\" content=\"702\" \/>\n<meta name=\"twitter:card\" content=\"summary_large_image\" \/>\n<script type=\"application\/ld+json\" class=\"yoast-schema-graph\">{\"@context\":\"https:\/\/schema.org\",\"@graph\":[{\"@type\":\"WebSite\",\"@id\":\"https:\/\/www.mes-allocs.fr\/guides\/#website\",\"url\":\"https:\/\/www.mes-allocs.fr\/guides\/\",\"name\":\"Mes-Allocs.fr\",\"description\":\"\",\"potentialAction\":[{\"@type\":\"SearchAction\",\"target\":\"https:\/\/www.mes-allocs.fr\/guides\/?s={search_term_string}\",\"query-input\":\"required name=search_term_string\"}],\"inLanguage\":\"fr-FR\"},{\"@type\":\"ImageObject\",\"@id\":\"https:\/\/www.mes-allocs.fr\/guides\/prime-d-activite\/demande-prime-activite\/la-prime-dactivite-est-elle-retroactive\/#primaryimage\",\"inLanguage\":\"fr-FR\",\"url\":\"https:\/\/www.mes-allocs.fr\/guides\/wp-content\/uploads\/2024\/01\/prime-dactivite-retroactivee-.jpg?wsr\",\"width\":706,\"height\":702,\"caption\":\"prime dactivite retroactivee\"},{\"@type\":\"WebPage\",\"@id\":\"https:\/\/www.mes-allocs.fr\/guides\/prime-d-activite\/demande-prime-activite\/la-prime-dactivite-est-elle-retroactive\/#webpage\",\"url\":\"https:\/\/www.mes-allocs.fr\/guides\/prime-d-activite\/demande-prime-activite\/la-prime-dactivite-est-elle-retroactive\/\",\"name\":\"La prime d'activit\\u00e9 est-elle r\\u00e9troactive ? | Mes-Allocs.fr\",\"isPartOf\":{\"@id\":\"https:\/\/www.mes-allocs.fr\/guides\/#website\"},\"primaryImageOfPage\":{\"@id\":\"https:\/\/www.mes-allocs.fr\/guides\/prime-d-activite\/demande-prime-activite\/la-prime-dactivite-est-elle-retroactive\/#primaryimage\"},\"datePublished\":\"2024-09-30T14:19:08+00:00\",\"dateModified\":\"2026-04-22T09:51:49+00:00\",\"author\":{\"@id\":\"https:\/\/www.mes-allocs.fr\/guides\/#\/schema\/person\/9c38f3be41a0ddcd1e3fde5a3df713bf\"},\"description\":\"La prime d'activit\\u00e9, dispositif instaur\\u00e9 en France, suscite des questionnements quant \\u00e0 sa r\\u00e9troactivit\\u00e9. Mes Allocs vous explique tout.\",\"inLanguage\":\"fr-FR\"},{\"@type\":\"Person\",\"@id\":\"https:\/\/www.mes-allocs.fr\/guides\/#\/schema\/person\/9c38f3be41a0ddcd1e3fde5a3df713bf\",\"name\":\"Sessime Ananou\",\"image\":{\"@type\":\"ImageObject\",\"@id\":\"https:\/\/www.mes-allocs.fr\/guides\/#personlogo\",\"inLanguage\":\"fr-FR\",\"url\":\"https:\/\/www.mes-allocs.fr\/guides\/wp-content\/uploads\/2023\/08\/IMG_8173-150x150.jpg\",\"caption\":\"Sessime Ananou\"},\"description\":\"Sessime est r\\u00e9dactrice chez Mes Allocs, sp\\u00e9cialis\\u00e9e sur le pouvoir d'achat. Elle rejoint l'\\u00e9quipe Mes Allocs en ao\\u00fbt 2023 afin de simplifier l'acc\\u00e8s \\u00e0 l'information sur les aides en g\\u00e9n\\u00e9ral.\"}]}<\/script>\n<!-- \/ Yoast SEO plugin. -->","amp_validity":null,"acf":{"faq":{"1":{"question":"Est-ce que le versement de la prime d'activit\u00e9 est r\u00e9troactif ?","answer":"Les versements de la prime d'activit\u00e9 ne sont pas r\u00e9troactifs."},"2":{"question":"Quel est le d\u00e9lai pour d\u00e9clarer la prime d'activit\u00e9 ?","answer":"Vous avez jusqu'au 25 du mois en cours pour faire votre d\u00e9claration."},"3":{"question":"Qu'est ce que la prime d'activit\u00e9 ? ","answer":"La prime d\u2019activit\u00e9 est une aide qui vous est d\u00e9livr\u00e9e par votre Caisse d\u2019Allocations Familiales (CAF), si vous travaillez et si votre salaire est inf\u00e9rieur \u00e0 environ 2.000 \u20ac nets par mois."},"4":{"question":"Est-ce que les ch\u00f4meurs ont droit \u00e0 la prime d'activit\u00e9 ?","answer":"La prime d\u2019activit\u00e9 est destin\u00e9e aux travailleurs. Elle ne vous serait donc pas vers\u00e9e si vous \u00e9tiez au ch\u00f4mage. Cependant, si vous percevez l\u2019Aide de Retour \u00e0 l\u2019Emploi (ARE), vous pouvez b\u00e9n\u00e9ficier de la prime d\u2019activit\u00e9, \u00e0 conditions de respecter toutes les autres conditions pour une \u00e9ligibilit\u00e9 \u00e0 cette derni\u00e8re, et que le montant mensuel d\u2019allocations ch\u00f4mage n\u2019exc\u00e8de pas le montant forfaitaire de prime d\u2019activit\u00e9 auquel vous \u00eates \u00e9ligible."},"5":{"question":"Est-ce que la CAF est r\u00e9troactive ?","answer":"Cette r\u00e9troactivit\u00e9 est possible si elles sont dues lorsque les conditions d'ouverture du droit sont r\u00e9unies."},"6":{"question":"Comment savoir si la Caf a accept\u00e9 la prime d'activit\u00e9 ?","answer":"Il vous suffit de vous rendre dans l'Espace Mon Compte, vous visualiserez le traitement de votre dossier \u00e0 travers ces trois statuts : \u00ab en attente d'information \u00bb, \u00ab en cours \u00bb et \u00ab trait\u00e9 \u00bb."},"7":{"question":"","answer":""},"8":{"question":"","answer":""},"9":{"question":"","answer":""},"10":{"question":"","answer":""},"11":{"question":"","answer":""},"12":{"question":"","answer":""},"13":{"question":"","answer":""},"14":{"question":"","answer":""},"15":{"question":"","answer":""},"16":{"question":"","answer":""}}},"_links":{"self":[{"href":"https:\/\/www.mes-allocs.fr\/guides\/wp-json\/wp\/v2\/posts\/83300","targetHints":{"allow":["GET"]}}],"collection":[{"href":"https:\/\/www.mes-allocs.fr\/guides\/wp-json\/wp\/v2\/posts"}],"about":[{"href":"https:\/\/www.mes-allocs.fr\/guides\/wp-json\/wp\/v2\/types\/post"}],"author":[{"embeddable":true,"href":"https:\/\/www.mes-allocs.fr\/guides\/wp-json\/wp\/v2\/users\/26"}],"replies":[{"embeddable":true,"href":"https:\/\/www.mes-allocs.fr\/guides\/wp-json\/wp\/v2\/comments?post=83300"}],"version-history":[{"count":2,"href":"https:\/\/www.mes-allocs.fr\/guides\/wp-json\/wp\/v2\/posts\/83300\/revisions"}],"predecessor-version":[{"id":101507,"href":"https:\/\/www.mes-allocs.fr\/guides\/wp-json\/wp\/v2\/posts\/83300\/revisions\/101507"}],"wp:featuredmedia":[{"embeddable":true,"href":"https:\/\/www.mes-allocs.fr\/guides\/wp-json\/wp\/v2\/media\/73225"}],"wp:attachment":[{"href":"https:\/\/www.mes-allocs.fr\/guides\/wp-json\/wp\/v2\/media?parent=83300"}],"wp:term":[{"taxonomy":"category","embeddable":true,"href":"https:\/\/www.mes-allocs.fr\/guides\/wp-json\/wp\/v2\/categories?post=83300"},{"taxonomy":"post_tag","embeddable":true,"href":"https:\/\/www.mes-allocs.fr\/guides\/wp-json\/wp\/v2\/tags?post=83300"}],"curies":[{"name":"wp","href":"https:\/\/api.w.org\/{rel}","templated":true}]}}