{"id":83291,"date":"2024-09-30T14:23:14","date_gmt":"2024-09-30T12:23:14","guid":{"rendered":"https:\/\/www.mes-allocs.fr\/guides\/?p=83291"},"modified":"2026-04-22T10:51:49","modified_gmt":"2026-04-22T09:51:49","slug":"aide-vacances-auto-entrepreneur","status":"publish","type":"post","link":"https:\/\/www.mes-allocs.fr\/guides\/aide-vacances\/aide-vacances-auto-entrepreneur\/","title":{"rendered":"Quelles aides aux vacances sont propos\u00e9es aux auto-entrepreneurs ?"},"content":{"rendered":"<p><img loading=\"lazy\" decoding=\"async\" class=\"alignnone wp-image-45105 size-full\" title=\"aide vacances auto-entrepreneur\" src=\"https:\/\/www.mes-allocs.fr\/guides\/wp-content\/uploads\/2022\/02\/declaration-caf-auto-entrepreneur-2-e1727696856661.jpg\" alt=\"aide vacances auto-entrepreneur\" width=\"1001\" height=\"190\" srcset=\"https:\/\/www.mes-allocs.fr\/guides\/wp-content\/uploads\/2022\/02\/declaration-caf-auto-entrepreneur-2-e1727696856661.jpg 1001w, https:\/\/www.mes-allocs.fr\/guides\/wp-content\/uploads\/2022\/02\/declaration-caf-auto-entrepreneur-2-e1727696856661-300x57.jpg 300w, https:\/\/www.mes-allocs.fr\/guides\/wp-content\/uploads\/2022\/02\/declaration-caf-auto-entrepreneur-2-e1727696856661-768x146.jpg 768w, https:\/\/www.mes-allocs.fr\/guides\/wp-content\/uploads\/2022\/02\/declaration-caf-auto-entrepreneur-2-e1727696856661-600x114.jpg 600w\" sizes=\"auto, (max-width: 1001px) 100vw, 1001px\" \/><\/p>\n<p>Les auto-entrepreneurs, comme les salari\u00e9s et autres professionnels, peuvent \u00e9galement b\u00e9n\u00e9ficier de diverses aides pour financer leurs vacances. Bien qu\u2019ils ne cotisent pas aux m\u00eames r\u00e9gimes que les salari\u00e9s, certaines structures et <a href=\"https:\/\/www.mes-allocs.fr\/guides\/aide-vacances\/\">aides aux vacances<\/a> permettent de r\u00e9duire les co\u00fbts des s\u00e9jours et de profiter de vacances tout en maintenant un \u00e9quilibre financier. Dans cet article, d\u00e9couvrez les diff\u00e9rentes <strong>aides aux vacances pour les auto-entrepreneurs<\/strong>, que ce soit par le biais de dispositifs publics, d&rsquo;associations ou de programmes sp\u00e9cifiques.<\/p>\n<div class='cta-block'><div class='text'>Simulez toutes vos aides en 2 min.<\/div><a href='https:\/\/www.mes-allocs.fr\/ab-app?origin=guides\/wp-json\/wp\/v2\/posts\/83291' class='app-button fit'>Simulation gratuite<\/a><\/div>\n<h1>Qu\u2019est-ce que l\u2019aide aux vacances pour auto-entrepreneurs ?<\/h1>\n<h2>D\u00e9finition de l\u2019aide vacances<\/h2>\n<p>L\u2019aide aux vacances pour les auto-entrepreneurs se pr\u00e9sente sous diff\u00e9rentes formes, telles que les <strong>Ch\u00e8ques-Vacances<\/strong> et des <strong>dispositifs r\u00e9gionaux ou nationaux<\/strong> de soutien. Contrairement aux salari\u00e9s classiques, les auto-entrepreneurs ne b\u00e9n\u00e9ficient pas automatiquement des m\u00eames avantages sociaux. Toutefois, gr\u00e2ce \u00e0 des initiatives comme les Ch\u00e8ques-Vacances de l\u2019<strong>Agence Nationale pour les Ch\u00e8ques-Vacances (ANCV)<\/strong>, les ind\u00e9pendants peuvent all\u00e9ger le co\u00fbt de leurs vacances. Ces aides leur permettent de maintenir un \u00e9quilibre entre leur vie professionnelle et personnelle tout en b\u00e9n\u00e9ficiant d\u2019une pause bien m\u00e9rit\u00e9e.<\/p>\n<h2>Importance de cette aide pour les auto-entrepreneurs<\/h2>\n<p>Les auto-entrepreneurs, souvent seuls ma\u00eetres de leur activit\u00e9, peinent parfois \u00e0 d\u00e9gager du temps et des ressources financi\u00e8res pour les vacances. Ces aides viennent soulager une partie des charges li\u00e9es \u00e0 l\u2019organisation d\u2019un s\u00e9jour, rendant les vacances plus accessibles. Le fait de pouvoir b\u00e9n\u00e9ficier d\u2019un soutien financier encourage les ind\u00e9pendants \u00e0 prendre des moments de repos indispensables \u00e0 leur bien-\u00eatre et \u00e0 leur productivit\u00e9.<\/p>\n<div class='cta-block'><div class='text'>Simulez toutes vos aides en 2 min.<\/div><a href='https:\/\/www.mes-allocs.fr\/ab-app?origin=guides\/wp-json\/wp\/v2\/posts\/83291' class='app-button fit'>Simulation gratuite<\/a><\/div>\n<h1>Les types d\u2019aides aux vacances pour les auto-entrepreneurs<\/h1>\n<h2>Ch\u00e8ques-Vacances<\/h2>\n<p>Les <a href=\"https:\/\/www.mes-allocs.fr\/guides\/aide-vacances\/cheque-vacances\/\"><strong>Ch\u00e8ques-Vacances<\/strong><\/a> repr\u00e9sentent l&rsquo;une des principales formes d&rsquo;aide accessible aux auto-entrepreneurs. Ce dispositif permet de financer des vacances \u00e0 moindre co\u00fbt en payant des services touristiques, de loisirs ou de restauration. Ils sont \u00e9mis par l&rsquo;ANCV et peuvent \u00eatre utilis\u00e9s en France ou dans certains pays europ\u00e9ens.<\/p>\n<h3>Qui peut b\u00e9n\u00e9ficier des Ch\u00e8ques-Vacances en tant qu&rsquo;entrepreneur ?<\/h3>\n<p>Les auto-entrepreneurs, bien qu\u2019ils ne cotisent pas de mani\u00e8re classique aux avantages sociaux, peuvent tout de m\u00eame souscrire aux <strong>Ch\u00e8ques-Vacances<\/strong> via des organismes partenaires ou en cotisant volontairement. L\u2019ANCV permet ainsi aux ind\u00e9pendants de s\u2019inscrire au dispositif, \u00e0 condition de r\u00e9pondre \u00e0 certains crit\u00e8res, tels que <strong>l\u2019anciennet\u00e9 dans l\u2019activit\u00e9<\/strong> (g\u00e9n\u00e9ralement 1 an minimum) et de prouver une <strong>stabilit\u00e9 financi\u00e8re<\/strong>.<\/p>\n<h3>Quels sont les avantages sociaux et fiscaux des Ch\u00e8ques-Vacances pour les auto-entrepreneurs ?<\/h3>\n<p>Les Ch\u00e8ques-Vacances offrent un double avantage. D&rsquo;une part, ils permettent de b\u00e9n\u00e9ficier d\u2019une <strong>r\u00e9duction imm\u00e9diate <\/strong>sur les co\u00fbts des vacances (h\u00e9bergement, transport, restauration). D&rsquo;autre part, ils pr\u00e9sentent un avantage fiscal : <strong>les montants \u00e9pargn\u00e9s ne sont pas soumis aux cotisations sociales<\/strong>. Cela constitue un all\u00e9gement de charge pour les auto-entrepreneurs, souvent confront\u00e9s \u00e0 des marges serr\u00e9es.<\/p>\n<h3>Comment obtenir des Ch\u00e8ques-Vacances quand on est auto-entrepreneur ?<\/h3>\n<p>Pour obtenir les Ch\u00e8ques-Vacances, l&rsquo;auto-entrepreneur doit g\u00e9n\u00e9ralement s\u2019inscrire via des structures associatives partenaires de l\u2019ANCV, qui g\u00e8rent la distribution. Il est souvent n\u00e9cessaire de remplir un dossier comprenant des <strong>justificatifs d\u2019activit\u00e9<\/strong> et de revenus pour prouver son statut d\u2019auto-entrepreneur et sa capacit\u00e9 \u00e0 financer une partie des vacances.<\/p>\n<h3>Comment utiliser les Ch\u00e8ques-Vacances en auto-entreprise ?<\/h3>\n<p>Les Ch\u00e8ques-Vacances sont accept\u00e9s dans de nombreux \u00e9tablissements, que ce soit pour des <strong>h\u00e9bergements touristiques<\/strong>, des <strong>billets de transport<\/strong>, ou encore des <strong>activit\u00e9s de loisirs<\/strong>. L\u2019auto-entrepreneur peut ainsi choisir de d\u00e9penser ses Ch\u00e8ques-Vacances dans un large \u00e9ventail de services. Le dispositif est accept\u00e9 dans plus de 200 000 points en France et en Europe.<\/p>\n<h2>Fonds d\u2019action sociale des ind\u00e9pendants (ex-RSI)<\/h2>\n<p>Le <strong>Fonds d\u2019Action Sociale des Ind\u00e9pendants<\/strong>, anciennement g\u00e9r\u00e9 par le RSI (R\u00e9gime Social des Ind\u00e9pendants), propose encore des aides ponctuelles aux auto-entrepreneurs sous certaines conditions. Ces aides peuvent inclure des <strong>bons vacances<\/strong> ou des <strong>subventions<\/strong> pour all\u00e9ger le co\u00fbt des s\u00e9jours pour les auto-entrepreneurs en difficult\u00e9 ou \u00e0 faibles revenus. Elles sont souvent accord\u00e9es en fonction de la situation personnelle et financi\u00e8re du demandeur.<\/p>\n<h2>Aides locales et r\u00e9gionales<\/h2>\n<p>Des <a href=\"https:\/\/www.mes-allocs.fr\/guides\/aide-vacances\/aide-vacance-mairie\/\">aides aux vacances des mairies<\/a> sont parfois propos\u00e9es, au m\u00eame titre que celles d\u00e9ploy\u00e9es par certaines r\u00e9gions. Elles mettent en place des dispositifs locaux pour aider les entrepreneurs, y compris les auto-entrepreneurs, \u00e0 partir en vacances. Ces aides peuvent prendre la forme de <strong>subventions<\/strong> pour des s\u00e9jours familiaux ou de bons de vacances distribu\u00e9s aux travailleurs ind\u00e9pendants en fonction de leur lieu de r\u00e9sidence et de leurs revenus. Ces aides varient d&rsquo;une r\u00e9gion \u00e0 l&rsquo;autre.<\/p>\n<p><iframe loading=\"lazy\" title=\"Toutes les aides pour partir en vacances\" width=\"500\" height=\"281\" src=\"https:\/\/www.youtube.com\/embed\/VcVrxYolWwc?feature=oembed\" frameborder=\"0\" allow=\"accelerometer; autoplay; clipboard-write; encrypted-media; gyroscope; picture-in-picture; web-share\" referrerpolicy=\"strict-origin-when-cross-origin\" allowfullscreen><\/iframe><\/p>\n<h1>Comment demander une aide aux vacances quand on est auto-entrepreneur ?<\/h1>\n<h2>\u00c9tape 1 : V\u00e9rifier les conditions d\u2019\u00e9ligibilit\u00e9<\/h2>\n<p>Avant de d\u00e9poser une demande, il est crucial de v\u00e9rifier que vous remplissez bien les crit\u00e8res d\u2019\u00e9ligibilit\u00e9 du programme auquel vous souhaitez acc\u00e9der. Chaque dispositif (Ch\u00e8ques-Vacances, fonds d\u2019action sociale, aides locales) a ses propres <strong>exigences<\/strong> en mati\u00e8re de revenus, d\u2019activit\u00e9 ou de r\u00e9sidence. Prenez le temps de bien comprendre ces conditions.<\/p>\n<h2>\u00c9tape 2 : Rassembler les documents n\u00e9cessaires<\/h2>\n<p>Pour chaque demande, il est indispensable de fournir des <strong>justificatifs<\/strong> pr\u00e9cis, tels que :<\/p>\n<ul>\n<li>Attestation d&rsquo;activit\u00e9 d\u2019auto-entrepreneur<\/li>\n<li>Avis de situation SIREN ou SIRET<\/li>\n<li>D\u00e9clarations de revenus<\/li>\n<li>Justificatif de domicile (pour les aides locales) Assurez-vous de bien rassembler toutes les pi\u00e8ces avant de soumettre votre dossier.<\/li>\n<\/ul>\n<h2>\u00c9tape 3 : Soumettre la demande<\/h2>\n<p>Les demandes d\u2019aides peuvent souvent \u00eatre soumises en <strong>ligne<\/strong> ou par <strong>courrier<\/strong>. Certaines structures, comme l\u2019ANCV, offrent des plateformes d\u00e9di\u00e9es aux entrepreneurs pour faciliter le d\u00e9p\u00f4t de la demande. Le d\u00e9lai de traitement varie en fonction des aides et des p\u00e9riodes de l\u2019ann\u00e9e, mais il est recommand\u00e9 de <strong>soumettre la demande bien avant les dates pr\u00e9vues des vacances<\/strong>.<\/p>\n<h1>Les avantages des aides aux vacances pour les auto-entrepreneurs<\/h1>\n<h2>Faciliter l\u2019acc\u00e8s aux vacances<\/h2>\n<p>Gr\u00e2ce \u00e0 ces dispositifs, les auto-entrepreneurs peuvent profiter de vacances \u00e0 un <strong>co\u00fbt r\u00e9duit<\/strong>, m\u00eame s\u2019ils ne b\u00e9n\u00e9ficient pas des m\u00eames avantages que les salari\u00e9s. Cela permet de rompre avec la routine professionnelle et de prendre du temps pour soi.<\/p>\n<h2>R\u00e9duction des charges financi\u00e8res li\u00e9es aux vacances<\/h2>\n<p>Les aides comme les <strong>Ch\u00e8ques-Vacances<\/strong> et les <strong>aides r\u00e9gionales<\/strong> soulagent les entrepreneurs de la charge financi\u00e8re que repr\u00e9sentent les vacances. Ces \u00e9conomies peuvent \u00eatre cruciales pour des auto-entrepreneurs, souvent soumis \u00e0 des revenus irr\u00e9guliers.<\/p>\n<h1>Conseils pour maximiser vos chances d\u2019obtenir une aide vacances<\/h1>\n<h2>Respecter les crit\u00e8res d\u2019\u00e9ligibilit\u00e9<\/h2>\n<p>Pour maximiser vos chances, assurez-vous que vous r\u00e9pondez \u00e0 <strong>tous les crit\u00e8res<\/strong> d\u2019\u00e9ligibilit\u00e9 de l\u2019aide souhait\u00e9e. Un simple manquement pourrait entra\u00eener le rejet de votre demande.<\/p>\n<h2>Pr\u00e9parer un dossier bien structur\u00e9<\/h2>\n<p>Un <strong>dossier complet et bien organis\u00e9<\/strong> augmentera consid\u00e9rablement vos chances de succ\u00e8s. Fournissez tous les justificatifs requis et pr\u00e9sentez-les de mani\u00e8re claire et lisible.<\/p>\n<h1>Les erreurs \u00e0 \u00e9viter lors de la demande d&rsquo;aide aux vacances<\/h1>\n<h2>Pi\u00e8ces justificatives manquantes<\/h2>\n<p>L\u2019oubli de <strong>pi\u00e8ces justificatives<\/strong> est l\u2019une des erreurs les plus courantes. Assurez-vous d\u2019inclure tous les documents requis dans votre dossier avant de soumettre votre demande.<\/p>\n<h2>Non-respect des d\u00e9lais de soumission<\/h2>\n<p>Les aides aux vacances ont souvent des <strong>dates limites<\/strong> de d\u00e9p\u00f4t. D\u00e9poser votre dossier trop tard pourrait entra\u00eener son refus, m\u00eame si vous r\u00e9pondez aux crit\u00e8res d\u2019\u00e9ligibilit\u00e9.<\/p>\n<h1>Retours d\u2019exp\u00e9rience d\u2019auto-entrepreneurs<\/h1>\n<h2>T\u00e9moignages d\u2019auto-entrepreneurs ayant b\u00e9n\u00e9fici\u00e9 des aides<\/h2>\n<p>De nombreux auto-entrepreneurs ont t\u00e9moign\u00e9 de l&rsquo;impact b\u00e9n\u00e9fique des dispositifs comme les <strong>Ch\u00e8ques-Vacances<\/strong> ou les <strong>aides r\u00e9gionales<\/strong> sur leur capacit\u00e9 \u00e0 partir en vacances. Pour certains, le co\u00fbt des vacances familiales \u00e9tait un obstacle majeur, mais gr\u00e2ce \u00e0 ces aides, ils ont pu s&rsquo;offrir des s\u00e9jours qu&rsquo;ils n\u2019auraient pas pu financer autrement.<\/p>\n<p>Un entrepreneur dans le secteur de la restauration t\u00e9moigne : \u00ab En tant qu&rsquo;auto-entrepreneur, mes revenus fluctuent \u00e9norm\u00e9ment. Les Ch\u00e8ques-Vacances m&rsquo;ont permis de partir avec ma famille pour la premi\u00e8re fois en deux ans. C&rsquo;\u00e9tait un vrai soulagement, tant sur le plan financier qu\u2019\u00e9motionnel. \u00bb Ces retours mettent en lumi\u00e8re l\u2019importance de ces aides pour les ind\u00e9pendants, souvent sans acc\u00e8s aux avantages sociaux des salari\u00e9s classiques.<\/p>\n<h2>Avis sur l\u2019impact de ces aides sur la qualit\u00e9 de vie<\/h2>\n<p>Les b\u00e9n\u00e9ficiaires soulignent l&rsquo;effet direct des aides vacances sur leur <strong>bien-\u00eatre<\/strong> et leur <strong>\u00e9quilibre personnel<\/strong>. En effet, pouvoir partir en vacances permet de prendre du recul par rapport \u00e0 la gestion quotidienne de leur activit\u00e9. Cela se traduit par une meilleure <strong>sant\u00e9 mentale<\/strong> et une productivit\u00e9 accrue au retour.<\/p>\n<p>\u00ab Apr\u00e8s des mois intenses de travail, prendre du temps avec ma famille a \u00e9t\u00e9 un v\u00e9ritable bol d\u2019air frais. Gr\u00e2ce aux Ch\u00e8ques-Vacances, j\u2019ai pu m\u2019offrir ce moment de repos sans mettre \u00e0 mal mes finances \u00bb, explique un auto-entrepreneur dans le secteur du b\u00e2timent.<\/p>\n<p>D&rsquo;autres confirment qu&rsquo;une pause bien m\u00e9rit\u00e9e leur a permis de <strong>recharger les batteries<\/strong>, d&rsquo;am\u00e9liorer leur capacit\u00e9 \u00e0 g\u00e9rer leur activit\u00e9 et de revenir avec une motivation renforc\u00e9e.<\/p>\n<div class='cta-block'><div class='text'>Simulez toutes vos aides en 2 min.<\/div><a href='https:\/\/www.mes-allocs.fr\/ab-app?origin=guides\/wp-json\/wp\/v2\/posts\/83291' class='app-button fit'>Simulation gratuite<\/a><\/div>\n","protected":false},"excerpt":{"rendered":"<p>Les auto-entrepreneurs, comme les salari\u00e9s et autres professionnels, peuvent \u00e9galement b\u00e9n\u00e9ficier de diverses aides pour financer leurs vacances. Bien qu\u2019ils ne cotisent pas aux m\u00eames r\u00e9gimes que les salari\u00e9s, certaines structures et aides aux vacances permettent de r\u00e9duire les co\u00fbts des s\u00e9jours et de profiter de vacances tout en maintenant un \u00e9quilibre financier. Dans cet [&hellip;]<\/p>\n","protected":false},"author":26,"featured_media":45106,"comment_status":"open","ping_status":"open","sticky":false,"template":"","format":"standard","meta":{"amp_status":"","footnotes":""},"categories":[38652],"tags":[],"class_list":["post-83291","post","type-post","status-publish","format-standard","has-post-thumbnail","hentry","category-aide-vacances"],"yoast_head":"<!-- This site is optimized with the Yoast SEO plugin v14.9 - https:\/\/yoast.com\/wordpress\/plugins\/seo\/ -->\n<title>Aides aux vacances pour auto-entrepreneur : comment en b\u00e9n\u00e9ficier ?<\/title>\n<meta name=\"description\" content=\"D\u00e9couvrez les diff\u00e9rentes aides vacances accessibles aux auto-entrepreneurs, que ce soit par le biais de dispositifs ou de programmes.\" \/>\n<meta name=\"robots\" content=\"index, follow, max-snippet:-1, max-image-preview:large, max-video-preview:-1\" \/>\n<link rel=\"canonical\" href=\"https:\/\/www.mes-allocs.fr\/guides\/aide-vacances\/aide-vacances-auto-entrepreneur\/\" \/>\n<meta property=\"og:locale\" content=\"fr_FR\" \/>\n<meta property=\"og:type\" content=\"article\" \/>\n<meta property=\"og:title\" content=\"Aides aux vacances pour auto-entrepreneur : comment en b\u00e9n\u00e9ficier ?\" \/>\n<meta property=\"og:description\" content=\"D\u00e9couvrez les diff\u00e9rentes aides vacances accessibles aux auto-entrepreneurs, que ce soit par le biais de dispositifs ou de programmes.\" \/>\n<meta property=\"og:url\" content=\"https:\/\/www.mes-allocs.fr\/guides\/aide-vacances\/aide-vacances-auto-entrepreneur\/\" \/>\n<meta property=\"og:site_name\" content=\"Mes-Allocs.fr\" \/>\n<meta property=\"article:published_time\" content=\"2024-09-30T12:23:14+00:00\" \/>\n<meta property=\"article:modified_time\" content=\"2026-04-22T09:51:49+00:00\" \/>\n<meta property=\"og:image\" content=\"https:\/\/www.mes-allocs.fr\/guides\/wp-content\/uploads\/2022\/02\/declaration-caf-auto-entrepreneur-2-1-e1644608336711.jpg?wsr\" \/>\n\t<meta property=\"og:image:width\" content=\"1001\" \/>\n\t<meta property=\"og:image:height\" content=\"776\" \/>\n<meta name=\"twitter:card\" content=\"summary_large_image\" \/>\n<script type=\"application\/ld+json\" class=\"yoast-schema-graph\">{\"@context\":\"https:\/\/schema.org\",\"@graph\":[{\"@type\":\"WebSite\",\"@id\":\"https:\/\/www.mes-allocs.fr\/guides\/#website\",\"url\":\"https:\/\/www.mes-allocs.fr\/guides\/\",\"name\":\"Mes-Allocs.fr\",\"description\":\"\",\"potentialAction\":[{\"@type\":\"SearchAction\",\"target\":\"https:\/\/www.mes-allocs.fr\/guides\/?s={search_term_string}\",\"query-input\":\"required name=search_term_string\"}],\"inLanguage\":\"fr-FR\"},{\"@type\":\"ImageObject\",\"@id\":\"https:\/\/www.mes-allocs.fr\/guides\/aide-vacances\/aide-vacances-auto-entrepreneur\/#primaryimage\",\"inLanguage\":\"fr-FR\",\"url\":\"https:\/\/www.mes-allocs.fr\/guides\/wp-content\/uploads\/2022\/02\/declaration-caf-auto-entrepreneur-2-1-e1644608336711.jpg?wsr\",\"width\":1001,\"height\":776,\"caption\":\"cheque vacances auto entrepreneur\"},{\"@type\":\"WebPage\",\"@id\":\"https:\/\/www.mes-allocs.fr\/guides\/aide-vacances\/aide-vacances-auto-entrepreneur\/#webpage\",\"url\":\"https:\/\/www.mes-allocs.fr\/guides\/aide-vacances\/aide-vacances-auto-entrepreneur\/\",\"name\":\"Aides aux vacances pour auto-entrepreneur : comment en b\\u00e9n\\u00e9ficier ?\",\"isPartOf\":{\"@id\":\"https:\/\/www.mes-allocs.fr\/guides\/#website\"},\"primaryImageOfPage\":{\"@id\":\"https:\/\/www.mes-allocs.fr\/guides\/aide-vacances\/aide-vacances-auto-entrepreneur\/#primaryimage\"},\"datePublished\":\"2024-09-30T12:23:14+00:00\",\"dateModified\":\"2026-04-22T09:51:49+00:00\",\"author\":{\"@id\":\"https:\/\/www.mes-allocs.fr\/guides\/#\/schema\/person\/9c38f3be41a0ddcd1e3fde5a3df713bf\"},\"description\":\"D\\u00e9couvrez les diff\\u00e9rentes aides vacances accessibles aux auto-entrepreneurs, que ce soit par le biais de dispositifs ou de programmes.\",\"inLanguage\":\"fr-FR\"},{\"@type\":\"Person\",\"@id\":\"https:\/\/www.mes-allocs.fr\/guides\/#\/schema\/person\/9c38f3be41a0ddcd1e3fde5a3df713bf\",\"name\":\"Sessime Ananou\",\"image\":{\"@type\":\"ImageObject\",\"@id\":\"https:\/\/www.mes-allocs.fr\/guides\/#personlogo\",\"inLanguage\":\"fr-FR\",\"url\":\"https:\/\/www.mes-allocs.fr\/guides\/wp-content\/uploads\/2023\/08\/IMG_8173-150x150.jpg\",\"caption\":\"Sessime Ananou\"},\"description\":\"Sessime est r\\u00e9dactrice chez Mes Allocs, sp\\u00e9cialis\\u00e9e sur le pouvoir d'achat. Elle rejoint l'\\u00e9quipe Mes Allocs en ao\\u00fbt 2023 afin de simplifier l'acc\\u00e8s \\u00e0 l'information sur les aides en g\\u00e9n\\u00e9ral.\"}]}<\/script>\n<!-- \/ Yoast SEO plugin. -->","amp_validity":null,"acf":{"faq":{"1":{"question":"Les auto-entrepreneurs peuvent-ils b\u00e9n\u00e9ficier des ch\u00e8ques-vacances ?","answer":"Oui, sous certaines conditions. Les auto-entrepreneurs peuvent acc\u00e9der aux ch\u00e8ques-vacances via des structures comme l\u2019Agence Nationale pour les Ch\u00e8ques-Vacances (ANCV) ou des associations sp\u00e9cifiques."},"2":{"question":"Existe-t-il des aides locales pour les vacances des auto-entrepreneurs ?","answer":"Oui, certaines r\u00e9gions ou communes proposent des aides ponctuelles aux entrepreneurs locaux, y compris les auto-entrepreneurs, pour soutenir l'acc\u00e8s aux vacances."},"3":{"question":"Quelles aides sont disponibles pour les auto-entrepreneurs \u00e0 faibles revenus ?","answer":"Les auto-entrepreneurs \u00e0 faibles revenus peuvent b\u00e9n\u00e9ficier de certains dispositifs sociaux comme l\u2019aide aux vacances de la CAF (Caisse d'Allocations Familiales) ou des r\u00e9ductions sp\u00e9cifiques propos\u00e9es par certaines associations."},"4":{"question":"Les auto-entrepreneurs ont-ils acc\u00e8s \u00e0 des s\u00e9jours collectifs ou des colonies pour leurs enfants ?","answer":"Oui, des aides comme celles propos\u00e9es par la CAF ou des organisations associatives permettent aux auto-entrepreneurs d\u2019envoyer leurs enfants en colonie \u00e0 moindre co\u00fbt.\r\n"},"5":{"question":"Comment obtenir des ch\u00e8ques-vacances en tant qu\u2019auto-entrepreneur ?","answer":"Il est possible de souscrire au programme Ch\u00e8ques-Vacances via l\u2019ANCV en cotisant volontairement, ou en passant par des structures telles que des associations professionnelles d\u2019auto-entrepreneurs."},"6":{"question":"Y a-t-il des r\u00e9ductions pour les auto-entrepreneurs sur les s\u00e9jours touristiques ?","answer":"Oui, certaines associations et plateformes offrent des r\u00e9ductions sp\u00e9cifiques pour les auto-entrepreneurs sur des s\u00e9jours, des h\u00e9bergements et des activit\u00e9s touristiques.\r\n"},"7":{"question":"","answer":""},"8":{"question":"","answer":""},"9":{"question":"","answer":""},"10":{"question":"","answer":""},"11":{"question":"","answer":""},"12":{"question":"","answer":""},"13":{"question":"","answer":""},"14":{"question":"","answer":""},"15":{"question":"","answer":""},"16":{"question":"","answer":""}}},"_links":{"self":[{"href":"https:\/\/www.mes-allocs.fr\/guides\/wp-json\/wp\/v2\/posts\/83291","targetHints":{"allow":["GET"]}}],"collection":[{"href":"https:\/\/www.mes-allocs.fr\/guides\/wp-json\/wp\/v2\/posts"}],"about":[{"href":"https:\/\/www.mes-allocs.fr\/guides\/wp-json\/wp\/v2\/types\/post"}],"author":[{"embeddable":true,"href":"https:\/\/www.mes-allocs.fr\/guides\/wp-json\/wp\/v2\/users\/26"}],"replies":[{"embeddable":true,"href":"https:\/\/www.mes-allocs.fr\/guides\/wp-json\/wp\/v2\/comments?post=83291"}],"version-history":[{"count":5,"href":"https:\/\/www.mes-allocs.fr\/guides\/wp-json\/wp\/v2\/posts\/83291\/revisions"}],"predecessor-version":[{"id":96406,"href":"https:\/\/www.mes-allocs.fr\/guides\/wp-json\/wp\/v2\/posts\/83291\/revisions\/96406"}],"wp:featuredmedia":[{"embeddable":true,"href":"https:\/\/www.mes-allocs.fr\/guides\/wp-json\/wp\/v2\/media\/45106"}],"wp:attachment":[{"href":"https:\/\/www.mes-allocs.fr\/guides\/wp-json\/wp\/v2\/media?parent=83291"}],"wp:term":[{"taxonomy":"category","embeddable":true,"href":"https:\/\/www.mes-allocs.fr\/guides\/wp-json\/wp\/v2\/categories?post=83291"},{"taxonomy":"post_tag","embeddable":true,"href":"https:\/\/www.mes-allocs.fr\/guides\/wp-json\/wp\/v2\/tags?post=83291"}],"curies":[{"name":"wp","href":"https:\/\/api.w.org\/{rel}","templated":true}]}}