{"id":83278,"date":"2024-09-30T09:15:14","date_gmt":"2024-09-30T07:15:14","guid":{"rendered":"https:\/\/www.mes-allocs.fr\/guides\/?p=83278"},"modified":"2026-04-22T10:51:49","modified_gmt":"2026-04-22T09:51:49","slug":"aide-vacances-cnracl","status":"publish","type":"post","link":"https:\/\/www.mes-allocs.fr\/guides\/aide-vacances\/aide-vacances-cnracl\/","title":{"rendered":"Les aides vacances de la CNRACL"},"content":{"rendered":"<p><img loading=\"lazy\" decoding=\"async\" class=\"alignnone wp-image-38635 size-full\" title=\"Les aides vacances de la CNRACL\" src=\"https:\/\/www.mes-allocs.fr\/guides\/wp-content\/uploads\/2020\/11\/CNRACL-et-prime-de-Noel-e1727434586963.jpg\" alt=\"Les aides vacances de la CNRACL \" width=\"1280\" height=\"361\" srcset=\"https:\/\/www.mes-allocs.fr\/guides\/wp-content\/uploads\/2020\/11\/CNRACL-et-prime-de-Noel-e1727434586963.jpg 1280w, https:\/\/www.mes-allocs.fr\/guides\/wp-content\/uploads\/2020\/11\/CNRACL-et-prime-de-Noel-e1727434586963-300x85.jpg 300w, https:\/\/www.mes-allocs.fr\/guides\/wp-content\/uploads\/2020\/11\/CNRACL-et-prime-de-Noel-e1727434586963-1024x289.jpg 1024w, https:\/\/www.mes-allocs.fr\/guides\/wp-content\/uploads\/2020\/11\/CNRACL-et-prime-de-Noel-e1727434586963-768x217.jpg 768w, https:\/\/www.mes-allocs.fr\/guides\/wp-content\/uploads\/2020\/11\/CNRACL-et-prime-de-Noel-e1727434586963-600x169.jpg 600w\" sizes=\"auto, (max-width: 1280px) 100vw, 1280px\" \/><\/p>\n<div class=\"flex max-w-full flex-col flex-grow\">\n<div class=\"min-h-[20px] text-message flex w-full flex-col items-end gap-2 whitespace-normal break-words [.text-message+&amp;]:mt-5\" dir=\"auto\" data-message-author-role=\"assistant\" data-message-id=\"30c77757-7f20-4c30-b490-a7d47651f6b0\">\n<div class=\"flex w-full flex-col gap-1 empty:hidden first:pt-[3px]\">\n<div class=\"markdown prose w-full break-words dark:prose-invert dark\">\n<p>L\u2019<strong>aide vacances de la CNRACL<\/strong> est un dispositif mis en place pour soutenir les retrait\u00e9s de la fonction publique territoriale et hospitali\u00e8re dans l&rsquo;organisation de leurs vacances. Destin\u00e9e aux personnes \u00e0 revenus modestes, cette <a href=\"https:\/\/www.mes-allocs.fr\/guides\/aide-vacances\/\">aide aux vacances<\/a> permet de financer en partie ou en totalit\u00e9 des s\u00e9jours, qu&rsquo;il s&rsquo;agisse de vacances en France, \u00e0 l\u2019\u00e9tranger ou de s\u00e9jours adapt\u00e9s pour les personnes en situation de handicap. Dans cet article, nous allons vous expliquer comment b\u00e9n\u00e9ficier de cette aide, quelles sont les conditions \u00e0 respecter et quelles d\u00e9marches sont n\u00e9cessaires pour soumettre votre dossier avec succ\u00e8s.<\/p>\n<\/div>\n<\/div>\n<\/div>\n<\/div>\n<div class='cta-block'><div class='text'>Simulez toutes vos aides en 2 min.<\/div><a href='https:\/\/www.mes-allocs.fr\/ab-app?origin=guides\/wp-json\/wp\/v2\/posts\/83278' class='app-button fit'>Simulation gratuite<\/a><\/div>\n<h1>Qu&rsquo;est-ce que l&rsquo;aide vacances de la CNRACL ?<\/h1>\n<h2>D\u00e9finition et objectif de l&rsquo;aide vacances de la CNRACL ?<\/h2>\n<p>L&rsquo;aide vacances de la CNRACL est un dispositif destin\u00e9 \u00e0 soutenir les retrait\u00e9s affili\u00e9s \u00e0 la Caisse Nationale de Retraites des Agents des Collectivit\u00e9s Locales (CNRACL). Son principal objectif est de permettre \u00e0 ces pensionn\u00e9s de b\u00e9n\u00e9ficier de vacances \u00e0 moindre co\u00fbt, en prenant en charge une partie des frais li\u00e9s aux s\u00e9jours. Ces aides sont sp\u00e9cialement con\u00e7ues pour faciliter l&rsquo;acc\u00e8s aux vacances des retrait\u00e9s \u00e0 revenus modestes, tout en promouvant leur bien-\u00eatre et leur inclusion sociale.<\/p>\n<p>Le programme d&rsquo;aide vacances vise \u00e0 am\u00e9liorer la qualit\u00e9 de vie des retrait\u00e9s, qu\u2019il s\u2019agisse de s\u00e9jours en France ou \u00e0 l\u2019\u00e9tranger. Des offres sp\u00e9cifiques sont \u00e9galement propos\u00e9es pour les personnes en situation de handicap, garantissant ainsi un soutien personnalis\u00e9 adapt\u00e9 \u00e0 leurs besoins.<\/p>\n<h2>Publics b\u00e9n\u00e9ficiaires de l\u2019aide\u00a0vacances de la CNRACL ?<\/h2>\n<p>L&rsquo;aide vacances de la CNRACL est r\u00e9serv\u00e9e aux retrait\u00e9s de la fonction publique territoriale et hospitali\u00e8re. Pour b\u00e9n\u00e9ficier de cette aide, il est imp\u00e9ratif d\u2019\u00eatre affili\u00e9 \u00e0 la CNRACL et d\u2019avoir le statut de pensionn\u00e9. Les conjoints ou partenaires de retrait\u00e9s peuvent \u00e9galement en b\u00e9n\u00e9ficier sous certaines conditions.<\/p>\n<p>Les aides sont prioritairement attribu\u00e9es aux retrait\u00e9s \u00e0 faibles revenus ou aux personnes en situation de pr\u00e9carit\u00e9. Elles visent \u00e9galement les personnes qui n\u2019ont pas la possibilit\u00e9 de partir en vacances par leurs propres moyens, notamment en raison de leur situation financi\u00e8re ou de leur \u00e9tat de sant\u00e9.<\/p>\n<h1>Les conditions pour b\u00e9n\u00e9ficier des aides vacances CNRACL<\/h1>\n<h2>Conditions d&rsquo;\u00e2ge et de situation pour b\u00e9n\u00e9ficier des aides vacances CNRACL<\/h2>\n<p>Pour \u00eatre \u00e9ligible \u00e0 l&rsquo;aide vacances de la CNRACL, il faut avant tout \u00eatre retrait\u00e9 de la fonction publique territoriale ou hospitali\u00e8re. Aucune condition d&rsquo;\u00e2ge sp\u00e9cifique n&rsquo;est impos\u00e9e, mais il faut avoir cess\u00e9 toute activit\u00e9 professionnelle et b\u00e9n\u00e9ficier d&rsquo;une pension vers\u00e9e par la CNRACL. Le dispositif s\u2019adresse \u00e0 la fois aux retrait\u00e9s autonomes et \u00e0 ceux en situation de d\u00e9pendance ou de handicap.<\/p>\n<h2>Conditions de ressources pour b\u00e9n\u00e9ficier des aides vacances CNRACL<\/h2>\n<p>Comme pour de nombreuses aides sociales, l&rsquo;\u00e9ligibilit\u00e9 \u00e0 l&rsquo;aide vacances CNRACL d\u00e9pend des ressources du demandeur. Les plafonds de ressources varient en fonction de la composition du foyer et du revenu imposable. Les retrait\u00e9s aux revenus modestes, notamment ceux percevant des pensions de petite taille, sont les principaux b\u00e9n\u00e9ficiaires de cette aide.<\/p>\n<p>Il est important de noter que les aides peuvent \u00eatre modul\u00e9es en fonction des revenus : plus le revenu est bas, plus l\u2019aide accord\u00e9e sera cons\u00e9quente. Il est donc essentiel de v\u00e9rifier que vos revenus n&rsquo;exc\u00e8dent pas les plafonds fix\u00e9s par la CNRACL avant de d\u00e9poser une demande.<\/p>\n<h2>Type de s\u00e9jours \u00e9ligibles pour b\u00e9n\u00e9ficier des aides vacances CNRACL<\/h2>\n<p>L\u2019aide vacances de la CNRACL couvre plusieurs types de s\u00e9jours. Les retrait\u00e9s peuvent choisir entre des vacances individuelles, en couple ou des s\u00e9jours collectifs. Ces s\u00e9jours peuvent se d\u00e9rouler en France ou \u00e0 l\u2019\u00e9tranger, selon les pr\u00e9f\u00e9rences des b\u00e9n\u00e9ficiaires. Toutefois, certaines cat\u00e9gories de s\u00e9jours, comme les s\u00e9jours de loisirs, de bien-\u00eatre ou de remise en forme, peuvent \u00eatre privil\u00e9gi\u00e9es par la CNRACL.<\/p>\n<p>Il existe \u00e9galement des s\u00e9jours adapt\u00e9s pour les retrait\u00e9s en situation de handicap, afin de leur offrir des vacances en toute s\u00e9curit\u00e9 et dans des conditions adapt\u00e9es \u00e0 leurs besoins sp\u00e9cifiques. D&rsquo;autres organismes accompagnent aussi ces publics, c&rsquo;est notamment le cas des <a href=\"https:\/\/www.mes-allocs.fr\/guides\/aide-vacances\/caf-aide-vacances-handicap\/\">aides aux vacances CAF pour les personnes handicap\u00e9es<\/a>.<\/p>\n<div class='cta-block'><div class='text'>Simulez toutes vos aides en 2 min.<\/div><a href='https:\/\/www.mes-allocs.fr\/ab-app?origin=guides\/wp-json\/wp\/v2\/posts\/83278' class='app-button fit'>Simulation gratuite<\/a><\/div>\n<div class=\"flex max-w-full flex-col flex-grow\">\n<div class=\"min-h-[20px] text-message flex w-full flex-col items-end gap-2 whitespace-normal break-words [.text-message+&amp;]:mt-5\" dir=\"auto\" data-message-author-role=\"assistant\" data-message-id=\"41424c81-e5cb-4d06-b9a6-e2f9b513cfee\">\n<div class=\"flex w-full flex-col gap-1 empty:hidden first:pt-[3px]\">\n<div class=\"markdown prose w-full break-words dark:prose-invert dark\">\n<h1>Les diff\u00e9rentes aides propos\u00e9es par la CNRACL<\/h1>\n<h2>Aide pour les s\u00e9jours de vacances<\/h2>\n<p>L\u2019aide principale de la CNRACL concerne le financement des s\u00e9jours de vacances pour les retrait\u00e9s. Le montant de cette aide est variable, g\u00e9n\u00e9ralement compris entre 300 et 1 000 euros, en fonction des revenus et du type de s\u00e9jour choisi. Les b\u00e9n\u00e9ficiaires doivent g\u00e9n\u00e9ralement pr\u00e9senter un devis ou une preuve de r\u00e9servation pour que l\u2019aide soit accord\u00e9e.<\/p>\n<h2>Aides pour les s\u00e9jours adapt\u00e9s<\/h2>\n<p>La CNRACL propose \u00e9galement des aides sp\u00e9cifiques pour les retrait\u00e9s en situation de handicap. Ces aides prennent en charge une partie des frais suppl\u00e9mentaires li\u00e9s \u00e0 l\u2019adaptation des s\u00e9jours aux besoins des personnes handicap\u00e9es, notamment les frais d\u2019accompagnement ou d\u2019\u00e9quipement sp\u00e9cialis\u00e9. Cela permet \u00e0 ces retrait\u00e9s de profiter pleinement de leurs vacances sans contraintes financi\u00e8res suppl\u00e9mentaires.<\/p>\n<h2>S\u00e9jours collectifs et individuels<\/h2>\n<p>En plus des aides pour les s\u00e9jours individuels, la CNRACL organise \u00e9galement des s\u00e9jours collectifs pour les retrait\u00e9s. Ces s\u00e9jours sont souvent plus abordables et permettent aux retrait\u00e9s de partir en groupe, dans des structures adapt\u00e9es. Les s\u00e9jours collectifs offrent \u00e9galement une dimension sociale importante, favorisant les \u00e9changes entre retrait\u00e9s et rompant l&rsquo;isolement.<\/p>\n<p><iframe loading=\"lazy\" title=\"Toutes les aides pour partir en vacances\" width=\"500\" height=\"281\" src=\"https:\/\/www.youtube.com\/embed\/VcVrxYolWwc?feature=oembed\" frameborder=\"0\" allow=\"accelerometer; autoplay; clipboard-write; encrypted-media; gyroscope; picture-in-picture; web-share\" referrerpolicy=\"strict-origin-when-cross-origin\" allowfullscreen><\/iframe><\/p>\n<h1>Les d\u00e9marches pour obtenir l&rsquo;aide vacances de la CNRACL<\/h1>\n<h2>V\u00e9rification des crit\u00e8res d&rsquo;\u00e9ligibilit\u00e9<\/h2>\n<p>Avant de d\u00e9poser une demande, il est crucial de v\u00e9rifier que vous remplissez bien les crit\u00e8res d\u2019\u00e9ligibilit\u00e9. Cela inclut votre situation en tant que retrait\u00e9 de la fonction publique territoriale ou hospitali\u00e8re, vos ressources et le type de s\u00e9jour que vous envisagez. Il est conseill\u00e9 de consulter les conditions sur le site officiel de la CNRACL ou de prendre contact avec votre centre de retraite pour des informations pr\u00e9cises.<\/p>\n<h2>Rassembler les documents n\u00e9cessaires<\/h2>\n<p>Une fois que vous avez v\u00e9rifi\u00e9 votre \u00e9ligibilit\u00e9, l\u2019\u00e9tape suivante consiste \u00e0 rassembler tous les documents requis pour constituer votre dossier. Cela inclut g\u00e9n\u00e9ralement une copie de votre pi\u00e8ce d\u2019identit\u00e9, un justificatif de ressources (avis d\u2019imposition) et des informations sur votre projet de vacances, comme un devis ou une r\u00e9servation de s\u00e9jour. Si vous demandez une aide pour un s\u00e9jour adapt\u00e9, vous devrez \u00e9galement fournir des justificatifs relatifs \u00e0 votre handicap.<\/p>\n<h2>D\u00e9p\u00f4t de la demande de l&rsquo;aide vacances CNRACL<\/h2>\n<p>Une fois votre dossier complet, vous pouvez soumettre votre demande \u00e0 la CNRACL. Cela peut se faire en ligne, via leur plateforme d\u00e9di\u00e9e, ou par courrier. Il est important de respecter les d\u00e9lais de d\u00e9p\u00f4t des dossiers, car les demandes tardives risquent de ne pas \u00eatre prises en compte. Le d\u00e9lai de traitement des dossiers est g\u00e9n\u00e9ralement de 4 \u00e0 6 semaines, et vous recevrez une r\u00e9ponse par courrier ou par e-mail.<\/p>\n<h1>Les avantages des aides vacances CNRACL<\/h1>\n<h2>Am\u00e9lioration du bien-\u00eatre<\/h2>\n<p>Les vacances jouent un r\u00f4le essentiel dans le bien-\u00eatre des retrait\u00e9s. Elles permettent de se reposer, de se ressourcer et de rompre l\u2019isolement. Gr\u00e2ce aux aides de la CNRACL, les retrait\u00e9s, m\u00eame \u00e0 revenus modestes, peuvent acc\u00e9der \u00e0 des vacances qu\u2019ils n\u2019auraient peut-\u00eatre pas pu s\u2019offrir. Les s\u00e9jours adapt\u00e9s permettent \u00e9galement aux personnes en situation de handicap de profiter de vacances sans contrainte, am\u00e9liorant ainsi leur qualit\u00e9 de vie.<\/p>\n<h2>All\u00e8gement des d\u00e9penses li\u00e9es aux vacances<\/h2>\n<p>Le principal avantage des aides vacances de la CNRACL est l\u2019all\u00e8gement financier qu\u2019elles apportent. En prenant en charge une partie des frais de s\u00e9jour, elles permettent aux retrait\u00e9s de partir en vacances tout en respectant leur budget. Cela est particuli\u00e8rement important pour les retrait\u00e9s aux revenus modestes, qui peuvent ainsi acc\u00e9der \u00e0 des vacances de qualit\u00e9.<\/p>\n<h1>Conseils pour maximiser vos chances d\u2019obtenir l\u2019aide<\/h1>\n<h2>V\u00e9rifier les crit\u00e8res d\u2019\u00e9ligibilit\u00e9<\/h2>\n<p>Pour maximiser vos chances d\u2019obtenir l\u2019aide, assurez-vous de bien v\u00e9rifier que vous r\u00e9pondez \u00e0 tous les crit\u00e8res avant de d\u00e9poser votre dossier. N\u2019h\u00e9sitez pas \u00e0 consulter le site de la CNRACL pour des informations d\u00e9taill\u00e9es sur les conditions d\u2019\u00e9ligibilit\u00e9.<\/p>\n<h2>Pr\u00e9parer un dossier complet et bien structur\u00e9<\/h2>\n<p>Un dossier bien pr\u00e9par\u00e9 est essentiel pour \u00e9viter tout retard ou rejet. Prenez le temps de rassembler tous les documents n\u00e9cessaires et assurez-vous qu\u2019ils sont complets et \u00e0 jour. Il est \u00e9galement conseill\u00e9 de d\u00e9poser votre demande le plus t\u00f4t possible pour \u00e9viter les d\u00e9lais de traitement prolong\u00e9s.<\/p>\n<h1>Les erreurs \u00e0 \u00e9viter lors de la demande de l&rsquo;aide vacances de la CNRACL<\/h1>\n<h2>Pi\u00e8ces justificatives manquantes<\/h2>\n<p>L\u2019une des erreurs les plus courantes est l\u2019oubli de certaines pi\u00e8ces justificatives. V\u00e9rifiez attentivement la liste des documents requis et assurez-vous que votre dossier est complet avant de le soumettre. Une demande incompl\u00e8te peut entra\u00eener des retards ou un refus.<\/p>\n<h2>D\u00e9p\u00f4t hors d\u00e9lai<\/h2>\n<p>Un autre pi\u00e8ge fr\u00e9quent est le non-respect des d\u00e9lais. Il est crucial de d\u00e9poser votre dossier dans les temps pour maximiser vos chances d\u2019obtenir l\u2019aide.<\/p>\n<\/div>\n<\/div>\n<\/div>\n<\/div>\n<div class='cta-block'><div class='text'>Simulez toutes vos aides en 2 min.<\/div><a href='https:\/\/www.mes-allocs.fr\/ab-app?origin=guides\/wp-json\/wp\/v2\/posts\/83278' class='app-button fit'>Simulation gratuite<\/a><\/div>\n","protected":false},"excerpt":{"rendered":"<p>L\u2019aide vacances de la CNRACL est un dispositif mis en place pour soutenir les retrait\u00e9s de la fonction publique territoriale et hospitali\u00e8re dans l&rsquo;organisation de leurs vacances. Destin\u00e9e aux personnes \u00e0 revenus modestes, cette aide aux vacances permet de financer en partie ou en totalit\u00e9 des s\u00e9jours, qu&rsquo;il s&rsquo;agisse de vacances en France, \u00e0 l\u2019\u00e9tranger [&hellip;]<\/p>\n","protected":false},"author":26,"featured_media":54830,"comment_status":"open","ping_status":"open","sticky":false,"template":"","format":"standard","meta":{"amp_status":"","footnotes":""},"categories":[38652],"tags":[],"class_list":["post-83278","post","type-post","status-publish","format-standard","has-post-thumbnail","hentry","category-aide-vacances"],"yoast_head":"<!-- This site is optimized with the Yoast SEO plugin v14.9 - https:\/\/yoast.com\/wordpress\/plugins\/seo\/ -->\n<title>Aides vacances CNRACL : conditions, montants, d\u00e9marches<\/title>\n<meta name=\"description\" content=\"L\u2019aide vacances de la CNRACL est un dispositif mis en place pour soutenir les retrait\u00e9s de la fonction publique territoriale.\" \/>\n<meta name=\"robots\" content=\"index, follow, max-snippet:-1, max-image-preview:large, max-video-preview:-1\" \/>\n<link rel=\"canonical\" href=\"https:\/\/www.mes-allocs.fr\/guides\/aide-vacances\/aide-vacances-cnracl\/\" \/>\n<meta property=\"og:locale\" content=\"fr_FR\" \/>\n<meta property=\"og:type\" content=\"article\" \/>\n<meta property=\"og:title\" content=\"Aides vacances CNRACL : conditions, montants, d\u00e9marches\" \/>\n<meta property=\"og:description\" content=\"L\u2019aide vacances de la CNRACL est un dispositif mis en place pour soutenir les retrait\u00e9s de la fonction publique territoriale.\" \/>\n<meta property=\"og:url\" content=\"https:\/\/www.mes-allocs.fr\/guides\/aide-vacances\/aide-vacances-cnracl\/\" \/>\n<meta property=\"og:site_name\" content=\"Mes-Allocs.fr\" \/>\n<meta property=\"article:published_time\" content=\"2024-09-30T07:15:14+00:00\" \/>\n<meta property=\"article:modified_time\" content=\"2026-04-22T09:51:49+00:00\" \/>\n<meta property=\"og:image\" content=\"https:\/\/www.mes-allocs.fr\/guides\/wp-content\/uploads\/2022\/08\/CNRACL-2.jpeg?wsr\" \/>\n\t<meta property=\"og:image:width\" content=\"612\" \/>\n\t<meta property=\"og:image:height\" content=\"408\" \/>\n<meta name=\"twitter:card\" content=\"summary_large_image\" \/>\n<script type=\"application\/ld+json\" class=\"yoast-schema-graph\">{\"@context\":\"https:\/\/schema.org\",\"@graph\":[{\"@type\":\"WebSite\",\"@id\":\"https:\/\/www.mes-allocs.fr\/guides\/#website\",\"url\":\"https:\/\/www.mes-allocs.fr\/guides\/\",\"name\":\"Mes-Allocs.fr\",\"description\":\"\",\"potentialAction\":[{\"@type\":\"SearchAction\",\"target\":\"https:\/\/www.mes-allocs.fr\/guides\/?s={search_term_string}\",\"query-input\":\"required name=search_term_string\"}],\"inLanguage\":\"fr-FR\"},{\"@type\":\"ImageObject\",\"@id\":\"https:\/\/www.mes-allocs.fr\/guides\/aide-vacances\/aide-vacances-cnracl\/#primaryimage\",\"inLanguage\":\"fr-FR\",\"url\":\"https:\/\/www.mes-allocs.fr\/guides\/wp-content\/uploads\/2022\/08\/CNRACL-2.jpeg?wsr\",\"width\":612,\"height\":408,\"caption\":\"Les aides vacances de la CNRACL\"},{\"@type\":\"WebPage\",\"@id\":\"https:\/\/www.mes-allocs.fr\/guides\/aide-vacances\/aide-vacances-cnracl\/#webpage\",\"url\":\"https:\/\/www.mes-allocs.fr\/guides\/aide-vacances\/aide-vacances-cnracl\/\",\"name\":\"Aides vacances CNRACL : conditions, montants, d\\u00e9marches\",\"isPartOf\":{\"@id\":\"https:\/\/www.mes-allocs.fr\/guides\/#website\"},\"primaryImageOfPage\":{\"@id\":\"https:\/\/www.mes-allocs.fr\/guides\/aide-vacances\/aide-vacances-cnracl\/#primaryimage\"},\"datePublished\":\"2024-09-30T07:15:14+00:00\",\"dateModified\":\"2026-04-22T09:51:49+00:00\",\"author\":{\"@id\":\"https:\/\/www.mes-allocs.fr\/guides\/#\/schema\/person\/9c38f3be41a0ddcd1e3fde5a3df713bf\"},\"description\":\"L\\u2019aide vacances de la CNRACL est un dispositif mis en place pour soutenir les retrait\\u00e9s de la fonction publique territoriale.\",\"inLanguage\":\"fr-FR\"},{\"@type\":\"Person\",\"@id\":\"https:\/\/www.mes-allocs.fr\/guides\/#\/schema\/person\/9c38f3be41a0ddcd1e3fde5a3df713bf\",\"name\":\"Sessime Ananou\",\"image\":{\"@type\":\"ImageObject\",\"@id\":\"https:\/\/www.mes-allocs.fr\/guides\/#personlogo\",\"inLanguage\":\"fr-FR\",\"url\":\"https:\/\/www.mes-allocs.fr\/guides\/wp-content\/uploads\/2023\/08\/IMG_8173-150x150.jpg\",\"caption\":\"Sessime Ananou\"},\"description\":\"Sessime est r\\u00e9dactrice chez Mes Allocs, sp\\u00e9cialis\\u00e9e sur le pouvoir d'achat. Elle rejoint l'\\u00e9quipe Mes Allocs en ao\\u00fbt 2023 afin de simplifier l'acc\\u00e8s \\u00e0 l'information sur les aides en g\\u00e9n\\u00e9ral.\"}]}<\/script>\n<!-- \/ Yoast SEO plugin. -->","amp_validity":null,"acf":{"faq":{"1":{"question":"Qui peut b\u00e9n\u00e9ficier de l'aide vacances de la CNRACL ?","answer":"Les retrait\u00e9s de la fonction publique affili\u00e9s \u00e0 la CNRACL, sous conditions de ressources."},"2":{"question":"Quel est le montant de l'aide vacances ?","answer":"Le montant varie en fonction des ressources et du type de s\u00e9jour, g\u00e9n\u00e9ralement entre 300 et 1 000 euros."},"3":{"question":"Quels s\u00e9jours sont \u00e9ligibles \u00e0 l'aide ?","answer":"Les s\u00e9jours en France, \u00e0 l\u2019\u00e9tranger ou des s\u00e9jours adapt\u00e9s pour personnes en situation de handicap."},"4":{"question":"Comment faire une demande d'aide vacances ?","answer":"Vous devez soumettre votre demande en ligne ou par courrier, avec les documents n\u00e9cessaires (identit\u00e9, revenus, etc.)."},"5":{"question":"Quels documents sont n\u00e9cessaires pour la demande ?","answer":"Carte d'identit\u00e9, avis d\u2019imposition, justificatif de retraite, et devis du s\u00e9jour."},"6":{"question":"Combien de temps faut-il pour obtenir une r\u00e9ponse ?","answer":"Le d\u00e9lai de traitement est g\u00e9n\u00e9ralement de 4 \u00e0 6 semaines apr\u00e8s d\u00e9p\u00f4t du dossier.\r\n\r\n\r\n\r\n\r\n"},"7":{"question":"","answer":""},"8":{"question":"","answer":""},"9":{"question":"","answer":""},"10":{"question":"","answer":""},"11":{"question":"","answer":""},"12":{"question":"","answer":""},"13":{"question":"","answer":""},"14":{"question":"","answer":""},"15":{"question":"","answer":""},"16":{"question":"","answer":""}}},"_links":{"self":[{"href":"https:\/\/www.mes-allocs.fr\/guides\/wp-json\/wp\/v2\/posts\/83278","targetHints":{"allow":["GET"]}}],"collection":[{"href":"https:\/\/www.mes-allocs.fr\/guides\/wp-json\/wp\/v2\/posts"}],"about":[{"href":"https:\/\/www.mes-allocs.fr\/guides\/wp-json\/wp\/v2\/types\/post"}],"author":[{"embeddable":true,"href":"https:\/\/www.mes-allocs.fr\/guides\/wp-json\/wp\/v2\/users\/26"}],"replies":[{"embeddable":true,"href":"https:\/\/www.mes-allocs.fr\/guides\/wp-json\/wp\/v2\/comments?post=83278"}],"version-history":[{"count":6,"href":"https:\/\/www.mes-allocs.fr\/guides\/wp-json\/wp\/v2\/posts\/83278\/revisions"}],"predecessor-version":[{"id":96403,"href":"https:\/\/www.mes-allocs.fr\/guides\/wp-json\/wp\/v2\/posts\/83278\/revisions\/96403"}],"wp:featuredmedia":[{"embeddable":true,"href":"https:\/\/www.mes-allocs.fr\/guides\/wp-json\/wp\/v2\/media\/54830"}],"wp:attachment":[{"href":"https:\/\/www.mes-allocs.fr\/guides\/wp-json\/wp\/v2\/media?parent=83278"}],"wp:term":[{"taxonomy":"category","embeddable":true,"href":"https:\/\/www.mes-allocs.fr\/guides\/wp-json\/wp\/v2\/categories?post=83278"},{"taxonomy":"post_tag","embeddable":true,"href":"https:\/\/www.mes-allocs.fr\/guides\/wp-json\/wp\/v2\/tags?post=83278"}],"curies":[{"name":"wp","href":"https:\/\/api.w.org\/{rel}","templated":true}]}}