{"id":83267,"date":"2024-09-27T12:16:36","date_gmt":"2024-09-27T10:16:36","guid":{"rendered":"https:\/\/www.mes-allocs.fr\/guides\/?p=83267"},"modified":"2026-04-22T10:51:49","modified_gmt":"2026-04-22T09:51:49","slug":"caf-aide-vacances-handicap","status":"publish","type":"post","link":"https:\/\/www.mes-allocs.fr\/guides\/aide-vacances\/caf-aide-vacances-handicap\/","title":{"rendered":"Les aides de la CAF pour les vacances des personnes en situation de handicap"},"content":{"rendered":"<p><img loading=\"lazy\" decoding=\"async\" class=\"alignnone wp-image-37014 size-full\" title=\"caf aide vacances handicap\" src=\"https:\/\/www.mes-allocs.fr\/guides\/wp-content\/uploads\/2021\/09\/Aide-handicape\u0301-e1631044717952.jpg\" alt=\"caf aide vacances handicap\" width=\"1280\" height=\"419\" srcset=\"https:\/\/www.mes-allocs.fr\/guides\/wp-content\/uploads\/2021\/09\/Aide-handicape\u0301-e1631044717952.jpg 1280w, https:\/\/www.mes-allocs.fr\/guides\/wp-content\/uploads\/2021\/09\/Aide-handicape\u0301-e1631044717952-300x98.jpg 300w, https:\/\/www.mes-allocs.fr\/guides\/wp-content\/uploads\/2021\/09\/Aide-handicape\u0301-e1631044717952-1024x335.jpg 1024w, https:\/\/www.mes-allocs.fr\/guides\/wp-content\/uploads\/2021\/09\/Aide-handicape\u0301-e1631044717952-768x251.jpg 768w, https:\/\/www.mes-allocs.fr\/guides\/wp-content\/uploads\/2021\/09\/Aide-handicape\u0301-e1631044717952-600x196.jpg 600w\" sizes=\"auto, (max-width: 1280px) 100vw, 1280px\" \/><\/p>\n<p>L\u2019acc\u00e8s aux vacances pour les personnes en situation de handicap peut repr\u00e9senter un co\u00fbt important pour les familles. C\u2019est pourquoi la Caisse d\u2019Allocations Familiales (CAF) propose diverses aides financi\u00e8res pour soutenir les projets de vacances adapt\u00e9s. Ces <a href=\"https:\/\/www.mes-allocs.fr\/guides\/aide-vacances\/\">aides aux vacances<\/a> visent \u00e0 encourager les familles \u00e0 offrir \u00e0 leurs proches handicap\u00e9s des moments de d\u00e9tente et d\u2019\u00e9panouissement tout en soulageant les charges financi\u00e8res. Dans cet article, nous explorerons les diff\u00e9rentes <strong>aides vacances de la CAF pour les personnes handicap\u00e9es<\/strong>, leurs crit\u00e8res d&rsquo;\u00e9ligibilit\u00e9 et les d\u00e9marches \u00e0 suivre pour en b\u00e9n\u00e9ficier.<\/p>\n<div class='cta-block'><div class='text'>Simulez toutes vos aides en 2 min.<\/div><a href='https:\/\/www.mes-allocs.fr\/ab-app?origin=guides\/wp-json\/wp\/v2\/posts\/83267' class='app-button fit'>Simulation gratuite<\/a><\/div>\n<h1>Les aides de la CAF pour les vacances des personnes handicap\u00e9es<\/h1>\n<h2>Aide aux vacances familiales (AVF)<\/h2>\n<p>L\u2019Aide aux Vacances Familiales (AVF) est un dispositif mis en place par la CAF pour permettre aux familles de partir en vacances avec leurs enfants, y compris ceux en situation de handicap. Cette <a href=\"https:\/\/www.mes-allocs.fr\/guides\/aide-vacances\/aide-vacances-caf\/\">aide aux vacances de la CAF<\/a> vise \u00e0 all\u00e9ger le co\u00fbt des s\u00e9jours en famille, car le budget des vacances peut \u00eatre difficile \u00e0 g\u00e9rer pour les foyers \u00e0 revenus modestes ou confront\u00e9s \u00e0 des frais suppl\u00e9mentaires li\u00e9s au handicap. L&rsquo;AVF contribue ainsi \u00e0 offrir des moments de d\u00e9tente, de loisirs et de repos \u00e0 des familles qui, autrement, n&rsquo;auraient peut-\u00eatre pas eu la possibilit\u00e9 de partir.<\/p>\n<p>Le montant de l&rsquo;AVF est calcul\u00e9 en fonction du quotient familial de la CAF, de la composition du foyer et des ressources. Il peut couvrir une partie du co\u00fbt des h\u00e9bergements agr\u00e9\u00e9s, tels que les centres de vacances, les villages de vacances ou les campings. Pour les familles avec une personne en situation de handicap, il est souvent recommand\u00e9 de choisir des \u00e9tablissements qui proposent des infrastructures adapt\u00e9es.<\/p>\n<h2>Les ch\u00e8ques-vacances<\/h2>\n<p>Les <a href=\"https:\/\/www.mes-allocs.fr\/guides\/aide-vacances\/cheque-vacances\/\">ch\u00e8ques-vacances<\/a> sont une autre forme d\u2019aide qui peut \u00eatre utilis\u00e9e pour financer des vacances adapt\u00e9es aux personnes en situation de handicap. Ce dispositif, accessible sous certaines conditions, permet aux b\u00e9n\u00e9ficiaires d\u2019utiliser des ch\u00e8ques pour r\u00e9gler les d\u00e9penses li\u00e9es \u00e0 leurs s\u00e9jours : h\u00e9bergement, transport, activit\u00e9s culturelles, etc.<\/p>\n<p>Les ch\u00e8ques-vacances peuvent \u00eatre utilis\u00e9s dans de nombreux \u00e9tablissements et pour des services de tourisme adapt\u00e9s aux personnes en situation de handicap. Ils sont \u00e9mis par l\u2019Agence Nationale pour les Ch\u00e8ques-Vacances (ANCV) et sont distribu\u00e9s aux personnes \u00e9ligibles gr\u00e2ce \u00e0 leur employeur ou, dans certains cas, par la CAF. Ces ch\u00e8ques sont particuli\u00e8rement utiles pour les familles ou les personnes handicap\u00e9es, car ils offrent une plus grande flexibilit\u00e9 dans le choix du s\u00e9jour et peuvent \u00eatre combin\u00e9s avec d&rsquo;autres aides financi\u00e8res.<\/p>\n<h2>Les dispositifs sp\u00e9cifiques r\u00e9gionaux<\/h2>\n<p>En plus des aides nationales, certaines CAF locales ou r\u00e9gionales proposent des dispositifs sp\u00e9cifiques pour soutenir les vacances des personnes en situation de handicap. Par exemple, certaines collectivit\u00e9s locales mettent en place des aides suppl\u00e9mentaires pour faciliter l&rsquo;acc\u00e8s aux infrastructures adapt\u00e9es dans leur r\u00e9gion. Ces aides peuvent couvrir des co\u00fbts sp\u00e9cifiques comme l&rsquo;accompagnement m\u00e9dical, les am\u00e9nagements sp\u00e9ciaux n\u00e9cessaires \u00e0 un s\u00e9jour accessible, ou encore le transport adapt\u00e9.<\/p>\n<p>Ces dispositifs r\u00e9gionaux viennent compl\u00e9ter l\u2019aide aux vacances familiales ou les ch\u00e8ques-vacances, et il est donc essentiel de se renseigner aupr\u00e8s de sa CAF locale pour savoir quelles aides sont disponibles. Certaines r\u00e9gions proposent \u00e9galement des partenariats avec des associations locales sp\u00e9cialis\u00e9es dans le handicap, afin de garantir que les vacances se d\u00e9roulent dans les meilleures conditions possibles.<\/p>\n<div class='cta-block'><div class='text'>Simulez toutes vos aides en 2 min.<\/div><a href='https:\/\/www.mes-allocs.fr\/ab-app?origin=guides\/wp-json\/wp\/v2\/posts\/83267' class='app-button fit'>Simulation gratuite<\/a><\/div>\n<div class=\"flex max-w-full flex-col flex-grow\">\n<div class=\"text-message flex w-full flex-col items-end gap-2 whitespace-normal break-words [.text-message+&amp;]:mt-5\" dir=\"auto\" data-message-author-role=\"assistant\" data-message-id=\"658610bc-e5d5-4dce-b67f-a307857942bc\">\n<div class=\"flex w-full flex-col gap-1 empty:hidden first:pt-[3px]\">\n<div class=\"markdown prose w-full break-words dark:prose-invert dark\">\n<h1>Les crit\u00e8res d\u2019\u00e9ligibilit\u00e9 pour b\u00e9n\u00e9ficier des aides vacances pour handicap\u00e9s<\/h1>\n<h2>Conditions li\u00e9es au handicap<\/h2>\n<p>Pour b\u00e9n\u00e9ficier des aides vacances de la CAF, il est n\u00e9cessaire que la personne handicap\u00e9e soit reconnue par l\u2019un des dispositifs officiels de reconnaissance du handicap, tels que l\u2019Allocation Adulte Handicap\u00e9 (AAH) ou la Prestation de Compensation du Handicap (PCH). Ces aides sont destin\u00e9es \u00e0 compenser les surco\u00fbts g\u00e9n\u00e9r\u00e9s par la n\u00e9cessit\u00e9 d\u2019un accompagnement ou d\u2019un \u00e9quipement sp\u00e9cifique pour partir en vacances.<\/p>\n<p>La reconnaissance du handicap doit \u00eatre formellement \u00e9tablie par la Maison D\u00e9partementale des Personnes Handicap\u00e9es (MDPH), qui d\u00e9termine le taux d\u2019incapacit\u00e9 et l\u2019\u00e9ligibilit\u00e9 \u00e0 certaines aides sociales. Sans ce justificatif, les demandes de soutien financier pour les vacances risquent d\u2019\u00eatre refus\u00e9es.<\/p>\n<h2>Conditions de ressources et de r\u00e9sidence<\/h2>\n<p>Les aides de la CAF, comme l\u2019AVF ou les ch\u00e8ques-vacances, sont soumises \u00e0 des conditions de ressources. En fonction du quotient familial, la CAF \u00e9value le niveau de soutien financier \u00e0 apporter. Les foyers \u00e0 faibles revenus ont ainsi plus de chances de b\u00e9n\u00e9ficier de ces aides. Le quotient familial est calcul\u00e9 en fonction des revenus du m\u00e9nage, du nombre d\u2019enfants \u00e0 charge, et d&rsquo;autres crit\u00e8res sp\u00e9cifiques.<\/p>\n<p>Il est aussi obligatoire d\u2019\u00eatre r\u00e9sident en France pour pr\u00e9tendre \u00e0 ces aides, et dans certains cas, la CAF de votre d\u00e9partement pourrait demander que le lieu de vacances soit \u00e9galement en France, bien que certains dispositifs permettent des s\u00e9jours \u00e0 l\u2019\u00e9tranger.<\/p>\n<h2>Crit\u00e8res sp\u00e9cifiques \u00e0 certaines aides<\/h2>\n<p>Certaines aides ont des crit\u00e8res d\u2019\u00e9ligibilit\u00e9 suppl\u00e9mentaires. Par exemple, pour b\u00e9n\u00e9ficier des ch\u00e8ques-vacances, certaines conditions peuvent varier selon l\u2019organisme qui les distribue (CAF, employeur, etc.). Il est \u00e9galement important de v\u00e9rifier si l\u2019aide est sp\u00e9cifiquement destin\u00e9e \u00e0 des projets individuels ou familiaux, et si elle s\u2019applique \u00e0 un certain type de s\u00e9jour, comme des vacances culturelles ou sportives.<\/p>\n<p>Certaines CAF r\u00e9gionales ont \u00e9galement des crit\u00e8res plus stricts, notamment sur le type de handicap ou la dur\u00e9e minimale du s\u00e9jour. Il est donc essentiel de consulter les crit\u00e8res sp\u00e9cifiques en amont de la demande pour \u00e9viter les mauvaises surprises.<\/p>\n<p><iframe loading=\"lazy\" title=\"Toutes les aides pour partir en vacances\" width=\"500\" height=\"281\" src=\"https:\/\/www.youtube.com\/embed\/VcVrxYolWwc?feature=oembed\" frameborder=\"0\" allow=\"accelerometer; autoplay; clipboard-write; encrypted-media; gyroscope; picture-in-picture; web-share\" referrerpolicy=\"strict-origin-when-cross-origin\" allowfullscreen><\/iframe><\/p>\n<h1>Comment demander une aide vacances \u00e0 la CAF ?<\/h1>\n<h2>\u00c9tape 1 : Rassembler les documents n\u00e9cessaires<\/h2>\n<p>Avant de faire une demande d\u2019aide, il est indispensable de r\u00e9unir l&rsquo;ensemble des documents n\u00e9cessaires \u00e0 l\u2019instruction de votre dossier. Cela inclut :<\/p>\n<ul>\n<li>Un justificatif de reconnaissance du handicap (certificat de la MDPH, attestation de l\u2019AAH ou de la PCH).<\/li>\n<li>Les justificatifs de ressources : avis d\u2019imposition, fiches de paie, d\u00e9claration de revenus CAF, etc.<\/li>\n<li>Les justificatifs de r\u00e9sidence : facture d\u2019\u00e9lectricit\u00e9, bail, etc.<\/li>\n<li>Des documents relatifs au projet de vacances : devis du s\u00e9jour, description des am\u00e9nagements pr\u00e9vus pour la personne en situation de handicap, attestation de r\u00e9servation d\u2019un s\u00e9jour dans un centre agr\u00e9\u00e9.<\/li>\n<\/ul>\n<p>Ces documents doivent \u00eatre \u00e0 jour et en r\u00e8gle, car un dossier incomplet ou mal rempli peut entra\u00eener un retard dans le traitement de la demande, voire un refus.<\/p>\n<h2>\u00c9tape 2 : Soumettre la demande en ligne ou par courrier<\/h2>\n<p>Une fois le dossier complet, il est possible de soumettre la demande directement en ligne via le portail de la CAF, ou par courrier postal en envoyant le dossier \u00e0 la CAF de votre d\u00e9partement. La proc\u00e9dure en ligne est souvent plus rapide et permet de suivre plus facilement l\u2019\u00e9volution de votre demande.<\/p>\n<p>Pour certaines aides comme les ch\u00e8ques-vacances, il peut \u00e9galement \u00eatre n\u00e9cessaire de passer par l\u2019employeur ou par un autre organisme interm\u00e9diaire. Veillez donc \u00e0 bien suivre les d\u00e9marches indiqu\u00e9es par la CAF ou l\u2019institution concern\u00e9e.<\/p>\n<h2>\u00c9tape 3 : Suivre l\u2019\u00e9volution de la demande<\/h2>\n<p>Apr\u00e8s soumission, il est crucial de suivre l\u2019\u00e9volution de votre demande. Vous pouvez consulter l\u2019\u00e9tat de votre dossier sur votre espace personnel CAF en ligne. Le traitement peut prendre plusieurs semaines, il est donc conseill\u00e9 de s\u2019y prendre bien \u00e0 l\u2019avance avant le d\u00e9part en vacances. En cas de probl\u00e8me (documents manquants, d\u00e9lai de traitement prolong\u00e9), la CAF peut \u00eatre contact\u00e9e directement via son site ou par t\u00e9l\u00e9phone pour des \u00e9claircissements.<\/p>\n<h1>Le montant et la nature des aides CAF pour les personnes en situation de handicap<\/h1>\n<h2>Montant des aides vacances<\/h2>\n<p>Le montant des aides vacances d\u00e9pend de plusieurs crit\u00e8res, notamment le quotient familial, la taille du foyer et le type de s\u00e9jour. Pour l\u2019Aide aux Vacances Familiales, le montant peut couvrir entre 30% et 50% du co\u00fbt total des vacances, avec un plafond selon la situation financi\u00e8re du foyer.<\/p>\n<p>Les ch\u00e8ques-vacances, quant \u00e0 eux, sont \u00e9mis en fonction du niveau de contribution de l\u2019employeur ou de la CAF, et peuvent repr\u00e9senter une somme significative \u00e0 utiliser pour le s\u00e9jour. Le montant exact d\u00e9pend de la participation de chaque partie (CAF, employeur, b\u00e9n\u00e9ficiaire).<\/p>\n<h2>Types de s\u00e9jours \u00e9ligibles<\/h2>\n<p>Les aides de la CAF sont destin\u00e9es \u00e0 financer des s\u00e9jours en centres de vacances, campings ou h\u00e9bergements agr\u00e9\u00e9s, o\u00f9 les infrastructures sont adapt\u00e9es aux personnes en situation de handicap. Ces s\u00e9jours peuvent \u00eatre individuels, familiaux ou en groupe, en France ou \u00e0 l\u2019\u00e9tranger (dans certains cas). Les vacances \u00e0 caract\u00e8re \u00e9ducatif, culturel ou sportif sont privil\u00e9gi\u00e9es, mais il est essentiel de s&rsquo;assurer que le s\u00e9jour r\u00e9pond aux crit\u00e8res d\u2019\u00e9ligibilit\u00e9 pr\u00e9cis\u00e9s par la CAF.<\/p>\n<h1>Les avantages des aides vacances pour les personnes en situation de handicap<\/h1>\n<h2>Am\u00e9lioration de la qualit\u00e9 de vie et bien-\u00eatre<\/h2>\n<p>Les vacances sont un moment crucial pour le bien-\u00eatre et l\u2019\u00e9panouissement des personnes en situation de handicap. Elles permettent de rompre avec le quotidien et d\u2019acc\u00e9der \u00e0 des activit\u00e9s de loisirs et de d\u00e9tente dans un cadre s\u00e9curis\u00e9 et adapt\u00e9. Pour beaucoup de familles, les aides de la CAF permettent de rendre ces moments accessibles malgr\u00e9 les difficult\u00e9s financi\u00e8res.<\/p>\n<h2>All\u00e8gement des charges financi\u00e8res<\/h2>\n<p>Les aides de la CAF contribuent \u00e0 soulager les familles en prenant en charge une partie des co\u00fbts suppl\u00e9mentaires li\u00e9s aux besoins sp\u00e9cifiques des personnes handicap\u00e9es (accompagnement, \u00e9quipement, am\u00e9nagements). Cela permet de rendre les vacances non seulement accessibles, mais aussi plus sereines pour les familles.<\/p>\n<h1>Conseils pour maximiser vos chances d\u2019obtenir une aide CAF<\/h1>\n<h2>V\u00e9rification des crit\u00e8res d\u2019\u00e9ligibilit\u00e9<\/h2>\n<p>Avant de soumettre une demande, il est crucial de v\u00e9rifier attentivement tous les crit\u00e8res d\u2019\u00e9ligibilit\u00e9 pour l\u2019aide souhait\u00e9e. Prenez soin de bien comprendre les exigences de chaque dispositif (AVF, ch\u00e8ques-vacances, aides r\u00e9gionales) afin de ne pas perdre de temps avec un dossier qui pourrait \u00eatre refus\u00e9 pour non-conformit\u00e9.<\/p>\n<h2>Structurer correctement son dossier<\/h2>\n<p>Un dossier bien structur\u00e9 et complet augmente vos chances d\u2019acceptation. Assurez-vous que tous les documents demand\u00e9s sont pr\u00e9sents, que les justificatifs sont \u00e0 jour, et que les informations sont lisibles et pr\u00e9cises. Il est \u00e9galement conseill\u00e9 de d\u00e9poser le dossier le plus t\u00f4t possible pour anticiper les \u00e9ventuels d\u00e9lais de traitement.<\/p>\n<\/div>\n<\/div>\n<\/div>\n<\/div>\n<div class='cta-block'><div class='text'>Simulez toutes vos aides en 2 min.<\/div><a href='https:\/\/www.mes-allocs.fr\/ab-app?origin=guides\/wp-json\/wp\/v2\/posts\/83267' class='app-button fit'>Simulation gratuite<\/a><\/div>\n","protected":false},"excerpt":{"rendered":"<p>L\u2019acc\u00e8s aux vacances pour les personnes en situation de handicap peut repr\u00e9senter un co\u00fbt important pour les familles. C\u2019est pourquoi la Caisse d\u2019Allocations Familiales (CAF) propose diverses aides financi\u00e8res pour soutenir les projets de vacances adapt\u00e9s. Ces aides aux vacances visent \u00e0 encourager les familles \u00e0 offrir \u00e0 leurs proches handicap\u00e9s des moments de d\u00e9tente [&hellip;]<\/p>\n","protected":false},"author":26,"featured_media":47738,"comment_status":"open","ping_status":"open","sticky":false,"template":"","format":"standard","meta":{"amp_status":"","footnotes":""},"categories":[38652],"tags":[],"class_list":["post-83267","post","type-post","status-publish","format-standard","has-post-thumbnail","hentry","category-aide-vacances"],"yoast_head":"<!-- This site is optimized with the Yoast SEO plugin v14.9 - https:\/\/yoast.com\/wordpress\/plugins\/seo\/ -->\n<title>Les aides de la CAF pour les vacances des personnes handicap\u00e9es<\/title>\n<meta name=\"description\" content=\"L\u2019acc\u00e8s aux vacances pour les personnes en situation de handicap peut repr\u00e9senter un co\u00fbt important. Mais la CAF est l\u00e0 pour vous aider !\" \/>\n<meta name=\"robots\" content=\"index, follow, max-snippet:-1, max-image-preview:large, max-video-preview:-1\" \/>\n<link rel=\"canonical\" href=\"https:\/\/www.mes-allocs.fr\/guides\/aide-vacances\/caf-aide-vacances-handicap\/\" \/>\n<meta property=\"og:locale\" content=\"fr_FR\" \/>\n<meta property=\"og:type\" content=\"article\" \/>\n<meta property=\"og:title\" content=\"Les aides de la CAF pour les vacances des personnes handicap\u00e9es\" \/>\n<meta property=\"og:description\" content=\"L\u2019acc\u00e8s aux vacances pour les personnes en situation de handicap peut repr\u00e9senter un co\u00fbt important. Mais la CAF est l\u00e0 pour vous aider !\" \/>\n<meta property=\"og:url\" content=\"https:\/\/www.mes-allocs.fr\/guides\/aide-vacances\/caf-aide-vacances-handicap\/\" \/>\n<meta property=\"og:site_name\" content=\"Mes-Allocs.fr\" \/>\n<meta property=\"article:published_time\" content=\"2024-09-27T10:16:36+00:00\" \/>\n<meta property=\"article:modified_time\" content=\"2026-04-22T09:51:49+00:00\" \/>\n<meta property=\"og:image\" content=\"https:\/\/www.mes-allocs.fr\/guides\/wp-content\/uploads\/2022\/03\/Quelle-amende-pour-un-stationnement-place-handicapee-3.jpg?wsr\" \/>\n\t<meta property=\"og:image:width\" content=\"612\" \/>\n\t<meta property=\"og:image:height\" content=\"408\" \/>\n<meta name=\"twitter:card\" content=\"summary_large_image\" \/>\n<script type=\"application\/ld+json\" class=\"yoast-schema-graph\">{\"@context\":\"https:\/\/schema.org\",\"@graph\":[{\"@type\":\"WebSite\",\"@id\":\"https:\/\/www.mes-allocs.fr\/guides\/#website\",\"url\":\"https:\/\/www.mes-allocs.fr\/guides\/\",\"name\":\"Mes-Allocs.fr\",\"description\":\"\",\"potentialAction\":[{\"@type\":\"SearchAction\",\"target\":\"https:\/\/www.mes-allocs.fr\/guides\/?s={search_term_string}\",\"query-input\":\"required name=search_term_string\"}],\"inLanguage\":\"fr-FR\"},{\"@type\":\"ImageObject\",\"@id\":\"https:\/\/www.mes-allocs.fr\/guides\/aide-vacances\/caf-aide-vacances-handicap\/#primaryimage\",\"inLanguage\":\"fr-FR\",\"url\":\"https:\/\/www.mes-allocs.fr\/guides\/wp-content\/uploads\/2022\/03\/Quelle-amende-pour-un-stationnement-place-handicapee-3.jpg?wsr\",\"width\":612,\"height\":408,\"caption\":\"caf aide vacances handicap\"},{\"@type\":\"WebPage\",\"@id\":\"https:\/\/www.mes-allocs.fr\/guides\/aide-vacances\/caf-aide-vacances-handicap\/#webpage\",\"url\":\"https:\/\/www.mes-allocs.fr\/guides\/aide-vacances\/caf-aide-vacances-handicap\/\",\"name\":\"Les aides de la CAF pour les vacances des personnes handicap\\u00e9es\",\"isPartOf\":{\"@id\":\"https:\/\/www.mes-allocs.fr\/guides\/#website\"},\"primaryImageOfPage\":{\"@id\":\"https:\/\/www.mes-allocs.fr\/guides\/aide-vacances\/caf-aide-vacances-handicap\/#primaryimage\"},\"datePublished\":\"2024-09-27T10:16:36+00:00\",\"dateModified\":\"2026-04-22T09:51:49+00:00\",\"author\":{\"@id\":\"https:\/\/www.mes-allocs.fr\/guides\/#\/schema\/person\/9c38f3be41a0ddcd1e3fde5a3df713bf\"},\"description\":\"L\\u2019acc\\u00e8s aux vacances pour les personnes en situation de handicap peut repr\\u00e9senter un co\\u00fbt important. Mais la CAF est l\\u00e0 pour vous aider !\",\"inLanguage\":\"fr-FR\"},{\"@type\":\"Person\",\"@id\":\"https:\/\/www.mes-allocs.fr\/guides\/#\/schema\/person\/9c38f3be41a0ddcd1e3fde5a3df713bf\",\"name\":\"Sessime Ananou\",\"image\":{\"@type\":\"ImageObject\",\"@id\":\"https:\/\/www.mes-allocs.fr\/guides\/#personlogo\",\"inLanguage\":\"fr-FR\",\"url\":\"https:\/\/www.mes-allocs.fr\/guides\/wp-content\/uploads\/2023\/08\/IMG_8173-150x150.jpg\",\"caption\":\"Sessime Ananou\"},\"description\":\"Sessime est r\\u00e9dactrice chez Mes Allocs, sp\\u00e9cialis\\u00e9e sur le pouvoir d'achat. Elle rejoint l'\\u00e9quipe Mes Allocs en ao\\u00fbt 2023 afin de simplifier l'acc\\u00e8s \\u00e0 l'information sur les aides en g\\u00e9n\\u00e9ral.\"}]}<\/script>\n<!-- \/ Yoast SEO plugin. -->","amp_validity":null,"acf":{"faq":{"1":{"question":"Quelles sont les aides vacances propos\u00e9es par la CAF pour les personnes handicap\u00e9es ?","answer":"La CAF propose notamment l\u2019Aide aux Vacances Familiales (AVF), les ch\u00e8ques-vacances et certaines aides r\u00e9gionales sp\u00e9cifiques."},"2":{"question":"Qui peut b\u00e9n\u00e9ficier des aides vacances de la CAF pour handicap ?","answer":" Les personnes en situation de handicap, reconnues par des organismes comme l\u2019AAH, peuvent b\u00e9n\u00e9ficier de ces aides sous certaines conditions de ressources."},"3":{"question":"Comment faire une demande d\u2019aide vacances \u00e0 la CAF ?","answer":"Il suffit de rassembler les justificatifs n\u00e9cessaires et de soumettre une demande en ligne ou par courrier aupr\u00e8s de votre CAF locale."},"4":{"question":"Quelles sont les conditions d\u2019\u00e9ligibilit\u00e9 pour recevoir une aide vacances de la CAF ? ","answer":"Les conditions incluent la reconnaissance du handicap, les ressources du foyer et la r\u00e9sidence en France."},"5":{"question":"Combien de temps faut-il pour que la CAF traite une demande d\u2019aide vacances ?","answer":"Le traitement des demandes peut prendre quelques semaines. Il est recommand\u00e9 de soumettre le dossier bien \u00e0 l\u2019avance."},"6":{"question":"Quels types de s\u00e9jours sont pris en charge par les aides vacances de la CAF ? ","answer":"Les s\u00e9jours familiaux, individuels ou collectifs adapt\u00e9s aux personnes en situation de handicap peuvent \u00eatre pris en charge."},"7":{"question":"","answer":""},"8":{"question":"","answer":""},"9":{"question":"","answer":""},"10":{"question":"","answer":""},"11":{"question":"","answer":""},"12":{"question":"","answer":""},"13":{"question":"","answer":""},"14":{"question":"","answer":""},"15":{"question":"","answer":""},"16":{"question":"","answer":""}}},"_links":{"self":[{"href":"https:\/\/www.mes-allocs.fr\/guides\/wp-json\/wp\/v2\/posts\/83267","targetHints":{"allow":["GET"]}}],"collection":[{"href":"https:\/\/www.mes-allocs.fr\/guides\/wp-json\/wp\/v2\/posts"}],"about":[{"href":"https:\/\/www.mes-allocs.fr\/guides\/wp-json\/wp\/v2\/types\/post"}],"author":[{"embeddable":true,"href":"https:\/\/www.mes-allocs.fr\/guides\/wp-json\/wp\/v2\/users\/26"}],"replies":[{"embeddable":true,"href":"https:\/\/www.mes-allocs.fr\/guides\/wp-json\/wp\/v2\/comments?post=83267"}],"version-history":[{"count":7,"href":"https:\/\/www.mes-allocs.fr\/guides\/wp-json\/wp\/v2\/posts\/83267\/revisions"}],"predecessor-version":[{"id":96399,"href":"https:\/\/www.mes-allocs.fr\/guides\/wp-json\/wp\/v2\/posts\/83267\/revisions\/96399"}],"wp:featuredmedia":[{"embeddable":true,"href":"https:\/\/www.mes-allocs.fr\/guides\/wp-json\/wp\/v2\/media\/47738"}],"wp:attachment":[{"href":"https:\/\/www.mes-allocs.fr\/guides\/wp-json\/wp\/v2\/media?parent=83267"}],"wp:term":[{"taxonomy":"category","embeddable":true,"href":"https:\/\/www.mes-allocs.fr\/guides\/wp-json\/wp\/v2\/categories?post=83267"},{"taxonomy":"post_tag","embeddable":true,"href":"https:\/\/www.mes-allocs.fr\/guides\/wp-json\/wp\/v2\/tags?post=83267"}],"curies":[{"name":"wp","href":"https:\/\/api.w.org\/{rel}","templated":true}]}}