{"id":83204,"date":"2024-09-24T14:31:56","date_gmt":"2024-09-24T12:31:56","guid":{"rendered":"https:\/\/www.mes-allocs.fr\/guides\/?p=83204"},"modified":"2026-04-22T10:51:50","modified_gmt":"2026-04-22T09:51:50","slug":"vacances-apprenantes","status":"publish","type":"post","link":"https:\/\/www.mes-allocs.fr\/guides\/aide-vacances\/aide-vacances-jeunes\/vacances-apprenantes\/","title":{"rendered":"Vacances apprenantes : un programme pour allier p\u00e9dagogie et loisirs pour les jeunes"},"content":{"rendered":"<p><img loading=\"lazy\" decoding=\"async\" class=\"alignnone wp-image-26500 \" title=\"vacances apprenantes\" src=\"https:\/\/www.mes-allocs.fr\/guides\/wp-content\/uploads\/2021\/05\/pexels-lukas-296302-e1727177299155.jpg\" alt=\"vacances apprenantes\" width=\"1384\" height=\"294\" srcset=\"https:\/\/www.mes-allocs.fr\/guides\/wp-content\/uploads\/2021\/05\/pexels-lukas-296302-e1727177299155.jpg 1280w, https:\/\/www.mes-allocs.fr\/guides\/wp-content\/uploads\/2021\/05\/pexels-lukas-296302-e1727177299155-300x64.jpg 300w, https:\/\/www.mes-allocs.fr\/guides\/wp-content\/uploads\/2021\/05\/pexels-lukas-296302-e1727177299155-1024x218.jpg 1024w, https:\/\/www.mes-allocs.fr\/guides\/wp-content\/uploads\/2021\/05\/pexels-lukas-296302-e1727177299155-768x163.jpg 768w, https:\/\/www.mes-allocs.fr\/guides\/wp-content\/uploads\/2021\/05\/pexels-lukas-296302-e1727177299155-600x128.jpg 600w\" sizes=\"auto, (max-width: 1384px) 100vw, 1384px\" \/><\/p>\n<div class=\"flex max-w-full flex-col flex-grow\">\n<div class=\"min-h-[20px] text-message flex w-full flex-col items-end gap-2 whitespace-normal break-words [.text-message+&amp;]:mt-5\" dir=\"auto\" data-message-author-role=\"assistant\" data-message-id=\"dfd54760-2d7e-438d-b784-8e4433f80406\">\n<div class=\"flex w-full flex-col gap-1 empty:hidden first:pt-[3px]\">\n<div class=\"markdown prose w-full break-words dark:prose-invert dark\">\n<p>Le programme <strong>Vacances apprenantes<\/strong> est une initiative qui permet aux jeunes de combiner vacances et apprentissage gr\u00e2ce \u00e0 des aides aux vacances sp\u00e9cialement con\u00e7ues pour favoriser l&rsquo;acc\u00e8s aux s\u00e9jours \u00e9ducatifs. Ce dispositif d&rsquo;<a href=\"https:\/\/www.mes-allocs.fr\/guides\/aide-vacances\/aide-vacances-jeunes\/\">aide au vacances pour les jeunes<\/a> offre aux enfants et adolescents l\u2019opportunit\u00e9 de participer \u00e0 des s\u00e9jours p\u00e9dagogiques pendant les p\u00e9riodes de vacances scolaires. En associant p\u00e9dagogie et loisirs, les Vacances apprenantes visent \u00e0 renforcer les connaissances des \u00e9l\u00e8ves, combler les lacunes scolaires et encourager leur \u00e9panouissement personnel dans un cadre stimulant. Gr\u00e2ce \u00e0 ces aides, les familles aux revenus modestes peuvent \u00e9galement profiter de ce programme, permettant ainsi aux jeunes de se reconnecter \u00e0 l\u2019apprentissage tout en b\u00e9n\u00e9ficiant de moments de d\u00e9tente et de d\u00e9couvertes.<\/p>\n<\/div>\n<\/div>\n<\/div>\n<\/div>\n<div class='cta-block'><div class='text'>Simulez toutes vos aides en 2 min.<\/div><a href='https:\/\/www.mes-allocs.fr\/ab-app?origin=guides\/wp-json\/wp\/v2\/posts\/83204' class='app-button fit'>Simulation gratuite<\/a><\/div>\n<h1>Qu\u2019est-ce que le dispositif vacances apprenantes ?<\/h1>\n<h2>D\u00e9finition et contexte de cr\u00e9ation<\/h2>\n<p>Le dispositif <strong>Vacances apprenantes<\/strong> a \u00e9t\u00e9 mis en place pour offrir aux enfants et adolescents des opportunit\u00e9s d&rsquo;apprentissage pendant les p\u00e9riodes de vacances scolaires. Ce programme associe activit\u00e9s p\u00e9dagogiques et loisirs pour permettre aux jeunes de renforcer leurs connaissances tout en profitant d\u2019un cadre stimulant et enrichissant. N\u00e9 d&rsquo;un besoin accru de soutien \u00e9ducatif, ce dispositif vise \u00e0 favoriser l&rsquo;\u00e9galit\u00e9 des chances, en particulier pour les \u00e9l\u00e8ves issus de milieux modestes ou ayant rencontr\u00e9 des difficult\u00e9s scolaires.<\/p>\n<p>Le programme Vacances apprenantes est une initiative gouvernementale lanc\u00e9e en <strong>2020<\/strong>, dans le contexte de la pand\u00e9mie de Covid-19. Apr\u00e8s une longue p\u00e9riode de fermeture des \u00e9coles, il est apparu n\u00e9cessaire de combler les lacunes scolaires accumul\u00e9es tout en permettant aux jeunes de retrouver des moments de socialisation et de d\u00e9couverte. L\u2019objectif est d\u2019offrir une r\u00e9ponse \u00e9ducative \u00e0 la <strong>d\u00e9scolarisation<\/strong> et au <strong>d\u00e9crochage scolaire<\/strong>, tout en offrant des vacances enrichissantes. Le dispositif a \u00e9t\u00e9 renouvel\u00e9 chaque ann\u00e9e en raison de son succ\u00e8s.<\/p>\n<h2>Objectifs des vacances apprenantes<\/h2>\n<p>Le principal objectif des Vacances apprenantes est de <strong>renforcer les acquis scolaires<\/strong> des \u00e9l\u00e8ves, notamment ceux qui ont rencontr\u00e9 des difficult\u00e9s pendant l\u2019ann\u00e9e. Cela inclut le d\u00e9veloppement de comp\u00e9tences acad\u00e9miques, mais aussi l\u2019\u00e9panouissement personnel \u00e0 travers des activit\u00e9s culturelles, sportives, et artistiques. Le dispositif cherche \u00e9galement \u00e0 <strong>r\u00e9duire les in\u00e9galit\u00e9s<\/strong> en offrant \u00e0 tous, et notamment aux jeunes issus de familles modestes, la possibilit\u00e9 de participer \u00e0 des <strong>s\u00e9jours \u00e9ducatifs de qualit\u00e9<\/strong>. Enfin, il permet de maintenir un lien avec le cadre scolaire tout en favorisant un apprentissage diff\u00e9rent, moins formel, et plus adapt\u00e9 aux vacances.<\/p>\n<h2>Quand ont lieu les vacances apprenantes ?<\/h2>\n<p>Les s\u00e9jours Vacances apprenantes sont propos\u00e9s lors des <strong>vacances scolaires<\/strong>, principalement pendant les grandes vacances d\u2019\u00e9t\u00e9. Cependant, certaines d\u00e9clinaisons sont \u00e9galement accessibles pendant les vacances d\u2019automne, d\u2019hiver et de printemps. Les s\u00e9jours peuvent durer de quelques jours \u00e0 plusieurs semaines, selon le programme choisi et les besoins \u00e9ducatifs des jeunes participants.<\/p>\n<div class='cta-block'><div class='text'>Simulez toutes vos aides en 2 min.<\/div><a href='https:\/\/www.mes-allocs.fr\/ab-app?origin=guides\/wp-json\/wp\/v2\/posts\/83204' class='app-button fit'>Simulation gratuite<\/a><\/div>\n<h1>Les types de s\u00e9jours propos\u00e9s dans le cadre des Vacances apprenantes<\/h1>\n<p>Le programme Vacances apprenantes se d\u00e9cline en plusieurs types de s\u00e9jours, chacun adapt\u00e9 \u00e0 des besoins sp\u00e9cifiques. Ces s\u00e9jours allient p\u00e9dagogie et loisirs pour un apprentissage ludique et progressif.<\/p>\n<h2>Les colonies de vacances apprenantes<\/h2>\n<p>Les <a href=\"https:\/\/www.mes-allocs.fr\/guides\/aide-vacances\/aide-vacances-jeunes\/vacances-apprenantes\/colo-apprenante\/\"><strong>colonies de vacances apprenantes<\/strong> <\/a>sont des s\u00e9jours qui m\u00ealent activit\u00e9s \u00e9ducatives et loisirs, permettant aux jeunes de profiter de vacances tout en consolidant leurs comp\u00e9tences scolaires. Encadr\u00e9es par des professionnels, ces colonies proposent des activit\u00e9s vari\u00e9es telles que des ateliers cr\u00e9atifs, des sorties nature, des activit\u00e9s sportives, tout en int\u00e9grant des moments d\u00e9di\u00e9s au soutien scolaire. Elles visent \u00e0 favoriser le vivre-ensemble et \u00e0 d\u00e9velopper la curiosit\u00e9 des jeunes.<\/p>\n<h2>Les stages de r\u00e9ussite scolaire<\/h2>\n<p>Les <a href=\"https:\/\/www.mes-allocs.fr\/guides\/aide-vacances\/aide-vacances-jeunes\/vacances-apprenantes\/stage-de-reussite\/\"><strong>stages de r\u00e9ussite scolaire<\/strong><\/a> sont sp\u00e9cifiquement con\u00e7us pour les \u00e9l\u00e8ves qui ont besoin de renforcer leurs acquis dans certaines mati\u00e8res comme le fran\u00e7ais, les math\u00e9matiques, ou les sciences. Ces stages sont organis\u00e9s pendant les vacances et sont encadr\u00e9s par des enseignants qualifi\u00e9s. L&rsquo;objectif est d&rsquo;aider les \u00e9l\u00e8ves \u00e0 <strong>reprendre confiance<\/strong> dans leurs capacit\u00e9s et \u00e0 am\u00e9liorer leurs comp\u00e9tences pour mieux aborder la rentr\u00e9e scolaire.<\/p>\n<h2>Les \u00e9coles ouvertes pendant les vacances<\/h2>\n<p>Le dispositif <a href=\"https:\/\/www.mes-allocs.fr\/guides\/aide-vacances\/aide-vacances-jeunes\/vacances-apprenantes\/ecole-ouverte\/\"><strong>\u00c9cole ouverte<\/strong><\/a> permet \u00e0 certains \u00e9tablissements de rester ouverts pendant les vacances pour accueillir les jeunes dans un cadre structur\u00e9 et \u00e9ducatif. Plusieurs formules existent :<\/p>\n<ul>\n<li><strong>Mon patrimoine \u00e0 v\u00e9lo<\/strong> : une activit\u00e9 \u00e9ducative et sportive qui permet aux \u00e9l\u00e8ves de d\u00e9couvrir le patrimoine de leur r\u00e9gion en parcourant des itin\u00e9raires \u00e0 v\u00e9lo, tout en renfor\u00e7ant leurs connaissances historiques et g\u00e9ographiques.<\/li>\n<li><strong>\u00c9cole ouverte buissonni\u00e8re<\/strong> : un programme ax\u00e9 sur des activit\u00e9s en plein air pour favoriser l\u2019apprentissage par la nature et l\u2019exploration, tout en d\u00e9veloppant l\u2019autonomie et la coop\u00e9ration entre les \u00e9l\u00e8ves.<\/li>\n<\/ul>\n<h2>L\u2019\u00e9t\u00e9 du pro<\/h2>\n<p><strong>L\u2019\u00e9t\u00e9 du pro<\/strong> est un autre volet du programme qui s&rsquo;adresse aux \u00e9l\u00e8ves des <strong>lyc\u00e9es professionnels<\/strong>. Il vise \u00e0 renforcer les comp\u00e9tences professionnelles des jeunes tout en leur permettant de participer \u00e0 des stages ou \u00e0 des ateliers pratiques dans leur domaine d\u2019\u00e9tudes. Ce dispositif est con\u00e7u pour aider les lyc\u00e9ens \u00e0 <strong>mieux pr\u00e9parer leur avenir professionnel <\/strong>tout en continuant \u00e0 apprendre dans un cadre estival.<\/p>\n<h2>Quartiers d&rsquo;\u00e9t\u00e9<\/h2>\n<p>L&rsquo;op\u00e9ration <strong>\u00ab\u00a0Quartier d&rsquo;\u00e9t\u00e9\u00a0\u00bb<\/strong> \u00e0 pour objectif de proposer chaque \u00e9t\u00e9 des activit\u00e9s pour les jeunes et leurs familles. Elle permet \u00e0 vos enfant de renforcer le lien social, de favoriser la culture, de sport et la d\u00e9couverte. Cela permet de consolider les initiatives d&rsquo;\u00e9t\u00e9 propos\u00e9es par les villes pour les enfants qui ne se rendent pas en vacances. Les communes pr\u00e9sentent les programmes \u00e0 la fin de l&rsquo;ann\u00e9e scolaire.<\/p>\n<h1>Les publics cibles et les crit\u00e8res d\u2019\u00e9ligibilit\u00e9<\/h1>\n<p>Le dispositif Vacances apprenantes s&rsquo;adresse \u00e0 un large public, mais certaines cat\u00e9gories de jeunes sont prioris\u00e9es en fonction de leur situation scolaire et sociale.<\/p>\n<h2>Qui peut b\u00e9n\u00e9ficier des vacances apprenantes ?<\/h2>\n<p>Le programme Vacances apprenantes est ouvert aux <strong>enfants et adolescents scolaris\u00e9s<\/strong> dans des \u00e9tablissements publics ou priv\u00e9s sous contrat, de l\u2019\u00e9cole primaire au lyc\u00e9e. Il s&rsquo;adresse particuli\u00e8rement aux \u00e9l\u00e8ves en difficult\u00e9 scolaire, aux jeunes issus de <strong>milieux d\u00e9favoris\u00e9s<\/strong>, ainsi qu\u2019aux enfants et adolescents en situation de <strong>d\u00e9crochage scolaire<\/strong>. Certains s\u00e9jours sont \u00e9galement propos\u00e9s aux \u00e9l\u00e8ves de lyc\u00e9e professionnel dans le cadre de l\u2019\u00e9t\u00e9 du pro.<\/p>\n<h2>Crit\u00e8res d\u2019\u00e9ligibilit\u00e9 et priorit\u00e9s d\u2019acc\u00e8s<\/h2>\n<p>L\u2019acc\u00e8s au programme est g\u00e9n\u00e9ralement <strong>prioritaire pour les \u00e9l\u00e8ves identifi\u00e9s par les enseignants<\/strong> ou les \u00e9tablissements comme ayant des besoins \u00e9ducatifs sp\u00e9cifiques. Cela inclut les jeunes issus de familles <strong>\u00e0 revenus modestes<\/strong>, les \u00e9l\u00e8ves en difficult\u00e9 scolaire, ou encore ceux confront\u00e9s \u00e0 des <strong>probl\u00e8mes sociaux<\/strong> ou \u00e9conomiques. Les \u00e9l\u00e8ves boursiers sont souvent prioritaires, et des aides financi\u00e8res sp\u00e9cifiques sont disponibles pour soutenir leur participation.<\/p>\n<p>Besoin d&rsquo;aide pour faire votre demande ? Mes Allocs peut vous accompagner pour constituer le <a href=\"https:\/\/www.mes-allocs.fr\/guides\/aide-vacances\/aide-vacances-jeunes\/vacances-apprenantes\/dossier-vacances-apprenantes\/\">dossier Vacances Apprenantes<\/a>.<\/p>\n<p><iframe loading=\"lazy\" title=\"Toutes les aides pour partir en vacances\" width=\"500\" height=\"281\" src=\"https:\/\/www.youtube.com\/embed\/VcVrxYolWwc?feature=oembed\" frameborder=\"0\" allow=\"accelerometer; autoplay; clipboard-write; encrypted-media; gyroscope; picture-in-picture; web-share\" referrerpolicy=\"strict-origin-when-cross-origin\" allowfullscreen><\/iframe><\/p>\n<h1>Le montant de l&rsquo;aide vacances apprenantes<\/h1>\n<h2>Un montant variable selon les situations financi\u00e8res<\/h2>\n<p>L&rsquo;aide apport\u00e9e dans le cadre des vacances apprenantes varie en fonction de la situation financi\u00e8re des familles et du type de s\u00e9jour choisi.<\/p>\n<p>La plupart des <strong>s\u00e9jours \u00e9ducatifs sont partiellement ou enti\u00e8rement financ\u00e9s<\/strong> par l&rsquo;\u00c9tat et les collectivit\u00e9s locales, rendant ces vacances accessibles m\u00eame aux familles \u00e0 faible revenu. Les enfants boursiers ou issus de familles modestes peuvent b\u00e9n\u00e9ficier de <strong>prises en charge compl\u00e8tes<\/strong> pour participer \u00e0 des colonies apprenantes, des stages de r\u00e9ussite, ou des \u00e9coles ouvertes.<\/p>\n<h2>Un montant variable selon les r\u00e9gions<\/h2>\n<p>Les montants exacts varient selon les <strong>r\u00e9gions<\/strong> et les <strong>organismes<\/strong> proposant les s\u00e9jours. Il est donc important de se renseigner aupr\u00e8s des \u00e9tablissements scolaires et des plateformes d\u00e9di\u00e9es pour conna\u00eetre les montants d&rsquo;aide auxquels les familles peuvent pr\u00e9tendre.<\/p>\n<h1>Modalit\u00e9s de mise en place des s\u00e9jours<\/h1>\n<h2>Comment s\u2019inscrire \u00e0 un s\u00e9jour vacances apprenantes ?<\/h2>\n<p>Pour <a href=\"https:\/\/www.mes-allocs.fr\/guides\/aide-vacances\/aide-vacances-jeunes\/vacances-apprenantes\/linscription-vacances-apprenantes\/\">inscrire un enfant \u00e0 un s\u00e9jour vacances apprenantes<\/a>, il suffit de se rapprocher de l\u2019\u00e9tablissement scolaire ou des structures locales (centres de loisirs, associations) qui organisent ces s\u00e9jours. Les parents peuvent \u00e9galement se renseigner aupr\u00e8s des <strong>collectivit\u00e9s locales<\/strong> ou consulter les plateformes en ligne proposant les diff\u00e9rents programmes disponibles.<\/p>\n<h2>Le co\u00fbt des s\u00e9jours et les aides financi\u00e8res disponibles<\/h2>\n<p>Le <strong>co\u00fbt des s\u00e9jours<\/strong> est en grande partie financ\u00e9 par l\u2019\u00c9tat, les collectivit\u00e9s, et parfois des organismes priv\u00e9s. Dans la plupart des cas, les familles modestes peuvent b\u00e9n\u00e9ficier de <strong>subventions<\/strong> ou de <strong>prises en charge totales ou partielles<\/strong>, r\u00e9duisant consid\u00e9rablement le co\u00fbt des vacances. Pour les familles non \u00e9ligibles \u00e0 une prise en charge compl\u00e8te, des <strong>aides financi\u00e8res suppl\u00e9mentaires<\/strong> peuvent \u00eatre sollicit\u00e9es via les <strong>allocations vacances<\/strong> ou les aides de la CAF.<\/p>\n<h1>Les alternatives et compl\u00e9ments aux vacances apprenantes<\/h1>\n<h2>Autres dispositifs \u00e9ducatifs pour les jeunes pendant les vacances<\/h2>\n<p>En dehors des Vacances apprenantes, plusieurs autres dispositifs permettent aux jeunes de b\u00e9n\u00e9ficier de s\u00e9jours \u00e9ducatifs pendant les vacances. Cela inclut des programmes organis\u00e9s par des <strong>associations locales<\/strong>, des <strong>colonies sportives<\/strong> ou culturelles, et des <strong>stages artistiques<\/strong> ou linguistiques. Ces programmes, bien qu\u2019ils ne fassent pas partie des Vacances apprenantes, visent \u00e0 promouvoir l\u2019apprentissage dans un cadre diff\u00e9rent.<\/p>\n<h2>Comment prolonger les apprentissages au-del\u00e0 des vacances ?<\/h2>\n<p>Les parents et les \u00e9ducateurs peuvent \u00e9galement <strong>prolonger les apprentissages<\/strong> initi\u00e9s pendant les vacances en encourageant les jeunes \u00e0 poursuivre leurs d\u00e9couvertes \u00e0 travers des activit\u00e9s extrascolaires, des lectures, ou encore des activit\u00e9s culturelles. De nombreuses ressources en ligne, comme des plateformes \u00e9ducatives et des mus\u00e9es virtuels, sont disponibles pour soutenir la continuit\u00e9 de l&rsquo;apprentissage.<\/p>\n<h1>Perspectives d\u2019\u00e9volution des vacances apprenantes<\/h1>\n<h2>Vers une extension du dispositif \u00e0 plus de p\u00e9riodes de vacances ?<\/h2>\n<p>Face au succ\u00e8s des Vacances apprenantes, une extension du dispositif \u00e0 d&rsquo;autres p\u00e9riodes de vacances scolaires est envisag\u00e9e. Les <strong>vacances de printemps<\/strong> et de <strong>fin d\u2019ann\u00e9e<\/strong> pourraient devenir des moments privil\u00e9gi\u00e9s pour offrir encore plus de s\u00e9jours \u00e9ducatifs et r\u00e9pondre \u00e0 une demande croissante.<\/p>\n<h2>Nouveaux publics cibles et am\u00e9lioration des contenus p\u00e9dagogiques<\/h2>\n<p>Pour l\u2019avenir, le programme pourrait \u00e9galement s&rsquo;ouvrir \u00e0 de <strong>nouveaux publics<\/strong>, notamment les jeunes adultes en formation ou les publics en insertion professionnelle. De plus, les contenus p\u00e9dagogiques pourraient \u00eatre diversifi\u00e9s pour inclure davantage de <strong>comp\u00e9tences num\u00e9riques<\/strong>, de <strong>formations citoyennes<\/strong>, ou encore d&rsquo;activit\u00e9s li\u00e9es \u00e0 l&rsquo;\u00e9cologie et au d\u00e9veloppement durable.<\/p>\n<div class='cta-block'><div class='text'>Simulez toutes vos aides en 2 min.<\/div><a href='https:\/\/www.mes-allocs.fr\/ab-app?origin=guides\/wp-json\/wp\/v2\/posts\/83204' class='app-button fit'>Simulation gratuite<\/a><\/div>\n","protected":false},"excerpt":{"rendered":"<p>Le programme Vacances apprenantes est une initiative qui permet aux jeunes de combiner vacances et apprentissage gr\u00e2ce \u00e0 des aides aux vacances sp\u00e9cialement con\u00e7ues pour favoriser l&rsquo;acc\u00e8s aux s\u00e9jours \u00e9ducatifs. Ce dispositif d&rsquo;aide au vacances pour les jeunes offre aux enfants et adolescents l\u2019opportunit\u00e9 de participer \u00e0 des s\u00e9jours p\u00e9dagogiques pendant les p\u00e9riodes de vacances [&hellip;]<\/p>\n","protected":false},"author":26,"featured_media":25970,"comment_status":"open","ping_status":"open","sticky":false,"template":"","format":"standard","meta":{"amp_status":"","footnotes":""},"categories":[38652,38728],"tags":[],"class_list":["post-83204","post","type-post","status-publish","format-standard","has-post-thumbnail","hentry","category-aide-vacances","category-aide-vacances-jeunes"],"yoast_head":"<!-- This site is optimized with the Yoast SEO plugin v14.9 - https:\/\/yoast.com\/wordpress\/plugins\/seo\/ -->\n<title>Vacances apprenantes : conditions, montants, d\u00e9marches<\/title>\n<meta name=\"description\" content=\"Le programme vacances apprenantes est une initiative qui permet aux jeunes de combiner vacances et apprentissage.\" \/>\n<meta name=\"robots\" content=\"index, follow, max-snippet:-1, max-image-preview:large, max-video-preview:-1\" \/>\n<link rel=\"canonical\" href=\"https:\/\/www.mes-allocs.fr\/guides\/aide-vacances\/aide-vacances-jeunes\/vacances-apprenantes\/\" \/>\n<meta property=\"og:locale\" content=\"fr_FR\" \/>\n<meta property=\"og:type\" content=\"article\" \/>\n<meta property=\"og:title\" content=\"Vacances apprenantes : conditions, montants, d\u00e9marches\" \/>\n<meta property=\"og:description\" content=\"Le programme vacances apprenantes est une initiative qui permet aux jeunes de combiner vacances et apprentissage.\" \/>\n<meta property=\"og:url\" content=\"https:\/\/www.mes-allocs.fr\/guides\/aide-vacances\/aide-vacances-jeunes\/vacances-apprenantes\/\" \/>\n<meta property=\"og:site_name\" content=\"Mes-Allocs.fr\" \/>\n<meta property=\"article:published_time\" content=\"2024-09-24T12:31:56+00:00\" \/>\n<meta property=\"article:modified_time\" content=\"2026-04-22T09:51:50+00:00\" \/>\n<meta property=\"og:image\" content=\"https:\/\/www.mes-allocs.fr\/guides\/wp-content\/uploads\/2021\/04\/pexels-aleksandar-pasaric-1285625.jpg?wsr\" \/>\n\t<meta property=\"og:image:width\" content=\"1280\" \/>\n\t<meta property=\"og:image:height\" content=\"853\" \/>\n<meta name=\"twitter:card\" content=\"summary_large_image\" \/>\n<script type=\"application\/ld+json\" class=\"yoast-schema-graph\">{\"@context\":\"https:\/\/schema.org\",\"@graph\":[{\"@type\":\"WebSite\",\"@id\":\"https:\/\/www.mes-allocs.fr\/guides\/#website\",\"url\":\"https:\/\/www.mes-allocs.fr\/guides\/\",\"name\":\"Mes-Allocs.fr\",\"description\":\"\",\"potentialAction\":[{\"@type\":\"SearchAction\",\"target\":\"https:\/\/www.mes-allocs.fr\/guides\/?s={search_term_string}\",\"query-input\":\"required name=search_term_string\"}],\"inLanguage\":\"fr-FR\"},{\"@type\":\"ImageObject\",\"@id\":\"https:\/\/www.mes-allocs.fr\/guides\/aide-vacances\/aide-vacances-jeunes\/vacances-apprenantes\/#primaryimage\",\"inLanguage\":\"fr-FR\",\"url\":\"https:\/\/www.mes-allocs.fr\/guides\/wp-content\/uploads\/2021\/04\/pexels-aleksandar-pasaric-1285625.jpg?wsr\",\"width\":1280,\"height\":853,\"caption\":\"vacances apprenantes\"},{\"@type\":\"WebPage\",\"@id\":\"https:\/\/www.mes-allocs.fr\/guides\/aide-vacances\/aide-vacances-jeunes\/vacances-apprenantes\/#webpage\",\"url\":\"https:\/\/www.mes-allocs.fr\/guides\/aide-vacances\/aide-vacances-jeunes\/vacances-apprenantes\/\",\"name\":\"Vacances apprenantes : conditions, montants, d\\u00e9marches\",\"isPartOf\":{\"@id\":\"https:\/\/www.mes-allocs.fr\/guides\/#website\"},\"primaryImageOfPage\":{\"@id\":\"https:\/\/www.mes-allocs.fr\/guides\/aide-vacances\/aide-vacances-jeunes\/vacances-apprenantes\/#primaryimage\"},\"datePublished\":\"2024-09-24T12:31:56+00:00\",\"dateModified\":\"2026-04-22T09:51:50+00:00\",\"author\":{\"@id\":\"https:\/\/www.mes-allocs.fr\/guides\/#\/schema\/person\/9c38f3be41a0ddcd1e3fde5a3df713bf\"},\"description\":\"Le programme vacances apprenantes est une initiative qui permet aux jeunes de combiner vacances et apprentissage.\",\"inLanguage\":\"fr-FR\"},{\"@type\":\"Person\",\"@id\":\"https:\/\/www.mes-allocs.fr\/guides\/#\/schema\/person\/9c38f3be41a0ddcd1e3fde5a3df713bf\",\"name\":\"Sessime Ananou\",\"image\":{\"@type\":\"ImageObject\",\"@id\":\"https:\/\/www.mes-allocs.fr\/guides\/#personlogo\",\"inLanguage\":\"fr-FR\",\"url\":\"https:\/\/www.mes-allocs.fr\/guides\/wp-content\/uploads\/2023\/08\/IMG_8173-150x150.jpg\",\"caption\":\"Sessime Ananou\"},\"description\":\"Sessime est r\\u00e9dactrice chez Mes Allocs, sp\\u00e9cialis\\u00e9e sur le pouvoir d'achat. Elle rejoint l'\\u00e9quipe Mes Allocs en ao\\u00fbt 2023 afin de simplifier l'acc\\u00e8s \\u00e0 l'information sur les aides en g\\u00e9n\\u00e9ral.\"}]}<\/script>\n<!-- \/ Yoast SEO plugin. -->","amp_validity":null,"acf":{"faq":{"1":{"question":"Qu'est-ce que le programme Vacances apprenantes ?","answer":"C'est un dispositif qui permet aux jeunes de participer \u00e0 des s\u00e9jours \u00e9ducatifs pendant les vacances, combinant apprentissage et loisirs."},"2":{"question":"Qui peut participer aux Vacances apprenantes ?","answer":"Les \u00e9l\u00e8ves du primaire, coll\u00e8ge et lyc\u00e9e, ainsi que les jeunes en situation de d\u00e9crochage scolaire.\r\n"},"3":{"question":"Quels types d'activit\u00e9s sont propos\u00e9s ?","answer":"Les activit\u00e9s sont vari\u00e9es, incluant des ateliers p\u00e9dagogiques, des sorties culturelles et des activit\u00e9s sportives."},"4":{"question":"Comment s'inscrire au programme Vacances apprenantes ?","answer":"Les inscriptions se font via les \u00e9tablissements scolaires ou les collectivit\u00e9s locales qui proposent ces s\u00e9jours."},"5":{"question":" Le programme est-il payant ?","answer":"Les s\u00e9jours peuvent \u00eatre gratuits ou \u00e0 tarifs r\u00e9duits, selon la situation financi\u00e8re des familles.\r\n"},"6":{"question":"Quel est l\u2019objectif des Vacances apprenantes ?","answer":"L\u2019objectif est de renforcer les acquis scolaires et de favoriser le d\u00e9veloppement personnel des jeunes dans un cadre ludique et \u00e9ducatif."},"7":{"question":"","answer":""},"8":{"question":"","answer":""},"9":{"question":"","answer":""},"10":{"question":"","answer":""},"11":{"question":"","answer":""},"12":{"question":"","answer":""},"13":{"question":"","answer":""},"14":{"question":"","answer":""},"15":{"question":"","answer":""},"16":{"question":"","answer":""}}},"_links":{"self":[{"href":"https:\/\/www.mes-allocs.fr\/guides\/wp-json\/wp\/v2\/posts\/83204","targetHints":{"allow":["GET"]}}],"collection":[{"href":"https:\/\/www.mes-allocs.fr\/guides\/wp-json\/wp\/v2\/posts"}],"about":[{"href":"https:\/\/www.mes-allocs.fr\/guides\/wp-json\/wp\/v2\/types\/post"}],"author":[{"embeddable":true,"href":"https:\/\/www.mes-allocs.fr\/guides\/wp-json\/wp\/v2\/users\/26"}],"replies":[{"embeddable":true,"href":"https:\/\/www.mes-allocs.fr\/guides\/wp-json\/wp\/v2\/comments?post=83204"}],"version-history":[{"count":10,"href":"https:\/\/www.mes-allocs.fr\/guides\/wp-json\/wp\/v2\/posts\/83204\/revisions"}],"predecessor-version":[{"id":100266,"href":"https:\/\/www.mes-allocs.fr\/guides\/wp-json\/wp\/v2\/posts\/83204\/revisions\/100266"}],"wp:featuredmedia":[{"embeddable":true,"href":"https:\/\/www.mes-allocs.fr\/guides\/wp-json\/wp\/v2\/media\/25970"}],"wp:attachment":[{"href":"https:\/\/www.mes-allocs.fr\/guides\/wp-json\/wp\/v2\/media?parent=83204"}],"wp:term":[{"taxonomy":"category","embeddable":true,"href":"https:\/\/www.mes-allocs.fr\/guides\/wp-json\/wp\/v2\/categories?post=83204"},{"taxonomy":"post_tag","embeddable":true,"href":"https:\/\/www.mes-allocs.fr\/guides\/wp-json\/wp\/v2\/tags?post=83204"}],"curies":[{"name":"wp","href":"https:\/\/api.w.org\/{rel}","templated":true}]}}