{"id":83011,"date":"2024-09-20T12:00:51","date_gmt":"2024-09-20T10:00:51","guid":{"rendered":"https:\/\/www.mes-allocs.fr\/guides\/?p=83011"},"modified":"2026-04-22T10:51:51","modified_gmt":"2026-04-22T09:51:51","slug":"condition-per","status":"publish","type":"post","link":"https:\/\/www.mes-allocs.fr\/guides\/plan-epargne-retraite\/condition-per\/","title":{"rendered":"Quelles sont les conditions pour avoir un plan \u00e9pargne retraite ?"},"content":{"rendered":"<p><img loading=\"lazy\" decoding=\"async\" class=\"alignnone wp-image-83013 size-full\" title=\"Condition PER\" src=\"https:\/\/www.mes-allocs.fr\/guides\/wp-content\/uploads\/2024\/09\/money-2696219_1280-e1726826389904.jpg\" alt=\"Condition PER \" width=\"1280\" height=\"272\" srcset=\"https:\/\/www.mes-allocs.fr\/guides\/wp-content\/uploads\/2024\/09\/money-2696219_1280-e1726826389904.jpg 1280w, https:\/\/www.mes-allocs.fr\/guides\/wp-content\/uploads\/2024\/09\/money-2696219_1280-e1726826389904-300x64.jpg 300w, https:\/\/www.mes-allocs.fr\/guides\/wp-content\/uploads\/2024\/09\/money-2696219_1280-e1726826389904-1024x218.jpg 1024w, https:\/\/www.mes-allocs.fr\/guides\/wp-content\/uploads\/2024\/09\/money-2696219_1280-e1726826389904-768x163.jpg 768w, https:\/\/www.mes-allocs.fr\/guides\/wp-content\/uploads\/2024\/09\/money-2696219_1280-e1726826389904-600x128.jpg 600w\" sizes=\"auto, (max-width: 1280px) 100vw, 1280px\" \/><\/p>\n<p>Un contrat d\u2019\u00e9pargne retraite permet \u00e0 un assur\u00e9 d\u2019\u00e9pargner tout au long de son parcours professionnel afin de percevoir un compl\u00e9ment de revenus lors de son d\u00e9part \u00e0 la retraite, sous forme de rente ou de capital. Ainsi, sur le march\u00e9, de nombreux acteurs proposent des <a href=\"https:\/\/www.mes-allocs.fr\/guides\/plan-epargne-retraite\/\">Plans d&rsquo;\u00c9pargne Retraite<\/a> adapt\u00e9s \u00e0 chaque profil. On vous explique les<strong> conditions pour avoir un plan d&rsquo;\u00e9pargne retraite<\/strong>.<\/p>\n<div class='cta-block'><div class='text'>Simulez toutes vos Aides en 2 min.<\/div><a href='https:\/\/www.mes-allocs.fr\/ab-app?origin=guides\/wp-json\/wp\/v2\/posts\/83011' class='app-button fit'>Simulation gratuite<\/a><\/div>\n<h1><strong>Qu\u2019est-ce qu\u2019un Plan d&rsquo;\u00c9pargne Retraite ?<\/strong><\/h1>\n<h2><strong>D\u00e9finition du Plan d&rsquo;\u00c9pargne Retraite (PER)<\/strong><\/h2>\n<p>Le Plan d&rsquo;\u00c9pargne Retraite (PER) est un dispositif d\u2019\u00e9pargne \u00e0 long terme instaur\u00e9 par la loi Pacte en 2019, qui vise \u00e0 pr\u00e9parer sa retraite de mani\u00e8re efficace tout en b\u00e9n\u00e9ficiant d\u2019avantages fiscaux. Ce produit remplace les anciens dispositifs comme le Plan d&rsquo;\u00c9pargne Retraite Populaire (PERP) et le contrat Madelin, dans une volont\u00e9 de simplification et de flexibilit\u00e9.<\/p>\n<p>Le PER se divise en trois cat\u00e9gories principales :<\/p>\n<ul>\n<li><strong>Le PER individuel<\/strong>, ouvert \u00e0 tous, salari\u00e9s ou non.<\/li>\n<li><strong>Le PER collectif<\/strong>, propos\u00e9 par l\u2019entreprise \u00e0 ses employ\u00e9s.<\/li>\n<li><strong>Le PER obligatoire<\/strong>, destin\u00e9 aux salari\u00e9s auxquels l\u2019entreprise impose une adh\u00e9sion.<\/li>\n<\/ul>\n<p>Chacun de ces PER offre des caract\u00e9ristiques sp\u00e9cifiques en termes de versements, de fiscalit\u00e9 et de modalit\u00e9s de sortie, mais leur objectif reste commun : accumuler un capital ou des rentes pour compl\u00e9ter les revenus \u00e0 la retraite.<\/p>\n<h2><strong>Les objectifs et avantages du Plan d&rsquo;\u00c9pargne Retraite<\/strong><\/h2>\n<p>Le PER r\u00e9pond \u00e0 deux objectifs principaux : <strong>anticiper la baisse de revenus \u00e0 la retraite<\/strong> et <strong>b\u00e9n\u00e9ficier d\u2019une optimisation fiscale<\/strong> durant la phase de constitution de l\u2019\u00e9pargne.<\/p>\n<ol>\n<li><strong>Constituer une \u00e9pargne \u00e0 long terme<\/strong> :<br \/>\nLe PER encourage les particuliers \u00e0 \u00e9pargner r\u00e9guli\u00e8rement, qu\u2019ils soient salari\u00e9s, ind\u00e9pendants ou m\u00eame retrait\u00e9s. Les sommes plac\u00e9es sont investies sur des supports vari\u00e9s, potentiellement performants, ce qui permet de faire fructifier l\u2019\u00e9pargne sur le long terme.<\/li>\n<li><strong>R\u00e9duire l\u2019imp\u00f4t sur le revenu<\/strong> :<br \/>\nLes versements volontaires effectu\u00e9s sur un PER sont, dans la plupart des cas, d\u00e9ductibles du revenu imposable (dans la limite des plafonds l\u00e9gaux). Cela repr\u00e9sente un avantage fiscal important, surtout pour les foyers ayant des revenus \u00e9lev\u00e9s. \u00c0 la sortie, la fiscalit\u00e9 d\u00e9pend du mode de retrait choisi (capital ou rente) et du type de PER souscrit.<\/li>\n<li><strong>Flexibilit\u00e9 accrue<\/strong> :<br \/>\nContrairement aux anciens dispositifs, le PER offre des options de sortie plus larges, notamment la possibilit\u00e9 de d\u00e9bloquer les fonds pour financer l\u2019achat de sa r\u00e9sidence principale ou en cas de coups durs (d\u00e9c\u00e8s, invalidit\u00e9, ch\u00f4mage de longue dur\u00e9e).<\/li>\n<\/ol>\n<p>En r\u00e9sum\u00e9, le PER s\u2019impose comme une solution moderne et adapt\u00e9e \u00e0 la gestion de l\u2019\u00e9pargne retraite, combinant s\u00e9curit\u00e9, performance et avantages fiscaux.<\/p>\n<h1>Quelles sont les conditions pour ouvrir un PER ?<\/h1>\n<h2><strong>Les conditions g\u00e9n\u00e9rales pour ouvrir un Plan d&rsquo;\u00c9pargne Retraite (PER)<\/strong><\/h2>\n<p>Le Plan d&rsquo;\u00c9pargne Retraite (PER) est accessible \u00e0 toute personne souhaitant constituer une \u00e9pargne pour pr\u00e9parer sa retraite, sans condition de statut ou de revenu. Cependant, quelques r\u00e8gles encadrent son ouverture et son fonctionnement :<\/p>\n<ol>\n<li><strong>\u00c2ge minimum<\/strong> :<br \/>\nPour ouvrir un PER, il faut \u00eatre majeur. En outre, il n&rsquo;y a pas d&rsquo;<a href=\"https:\/\/www.mes-allocs.fr\/guides\/plan-epargne-retraite\/condition-per\/age-limite-pour-ouvrir-un-per\/\">\u00e2ge limite pour ouvrir un PER<\/a>.<\/li>\n<li><strong>Lieu de r\u00e9sidence<\/strong> :<br \/>\nIl est n\u00e9cessaire de r\u00e9sider fiscalement en France pour b\u00e9n\u00e9ficier des avantages fiscaux associ\u00e9s au PER. Les expatri\u00e9s peuvent toutefois ouvrir un PER s\u2019ils conservent leur r\u00e9sidence fiscale fran\u00e7aise.<\/li>\n<li><strong>Nature des revenus<\/strong> :<br \/>\nBien que le PER soit accessible \u00e0 tous, il est particuli\u00e8rement int\u00e9ressant pour ceux ayant des revenus soumis \u00e0 l\u2019imp\u00f4t, car les versements volontaires peuvent \u00eatre d\u00e9ductibles du revenu imposable, dans la limite des plafonds pr\u00e9vus par la loi.<\/li>\n<li><strong>Structure souscriptrice<\/strong> :<br \/>\nUn PER peut \u00eatre ouvert aupr\u00e8s de diff\u00e9rents organismes financiers ou assureurs tels que les banques, mutuelles, institutions de pr\u00e9voyance ou courtiers sp\u00e9cialis\u00e9s.<\/li>\n<\/ol>\n<h2><strong>Les sp\u00e9cificit\u00e9s selon le type de PER<\/strong><\/h2>\n<p>Les conditions d\u2019ouverture varient l\u00e9g\u00e8rement en fonction des trois types de PER disponibles :<\/p>\n<ol>\n<li><strong>Le PER individuel (PERIN)<\/strong> :<br \/>\nCe dispositif est ouvert \u00e0 toutes les personnes, qu\u2019elles soient salari\u00e9es, ind\u00e9pendantes, demandeurs d\u2019emploi ou retrait\u00e9es. Il peut \u00eatre souscrit de mani\u00e8re autonome sans lien avec un employeur.<\/li>\n<li><strong>Le PER collectif (PERECO)<\/strong> :<br \/>\nPropos\u00e9 par l\u2019entreprise, ce plan est accessible \u00e0 tous les salari\u00e9s si une structure d\u2019\u00e9pargne collective est en place. La souscription est facultative, sauf si des dispositions sp\u00e9cifiques imposent une adh\u00e9sion automatique. Les anciens salari\u00e9s peuvent \u00e9galement conserver leur PER collectif sous certaines conditions.<\/li>\n<li><strong>Le PER obligatoire (PERO)<\/strong> :<br \/>\nCette version est r\u00e9serv\u00e9e aux salari\u00e9s pour lesquels l\u2019entreprise impose l\u2019ouverture du plan. Dans ce cas, l\u2019adh\u00e9sion est li\u00e9e au statut professionnel et l\u2019entreprise r\u00e9alise des versements obligatoires, en compl\u00e9ment des \u00e9ventuels versements volontaires du salari\u00e9.<\/li>\n<\/ol>\n<p>Vous souhaitez ouvrir un <a href=\"https:\/\/www.mes-allocs.fr\/guides\/plan-epargne-retraite\/condition-per\/per-independant\/\">PER en tant qu&rsquo;ind\u00e9pendant<\/a> ? Consultez notre article !<\/p>\n<div class='cta-block'><div class='text'>Simulez toutes vos Aides en 2 min.<\/div><a href='https:\/\/www.mes-allocs.fr\/ab-app?origin=guides\/wp-json\/wp\/v2\/posts\/83011' class='app-button fit'>Simulation gratuite<\/a><\/div>\n<h1>Questions fr\u00e9quentes sur l&rsquo;ouverture d&rsquo;un Plan d&rsquo;\u00c9pargne Retraite (PER)<\/h1>\n<h2><strong>A partir de quel \u00e2ge peut-on avoir un PER ?\u00a0<\/strong><\/h2>\n<p><span style=\"font-weight: 400;\">En pratique, il est possible d\u2019ouvrir un Plan d\u2019\u00c9pargne Retraite (PER) d\u00e8s 18 ans et ce jusqu\u2019\u00e0 68 ans. Cependant, d\u00e9buter un PER \u00e0 18 ans n\u2019est pas toujours optimal. \u00c0 cet \u00e2ge, les pr\u00e9occupations se tournent souvent vers les \u00e9tudes et les d\u00e9buts professionnels plut\u00f4t que la retraite. Entre 20 et 40 ans, les priorit\u00e9s changent, mais la retraite ne figure pas toujours en t\u00eate de liste. \u00c0 cet \u00e2ge, les individus pr\u00e9f\u00e8rent souvent \u00e9pargner sur des livrets (comme le livret A ou le LDDS) ou investir dans des projets comme l\u2019achat d\u2019une maison, des v\u00e9hicules, ou les d\u00e9penses li\u00e9es \u00e0 la famille. De plus, ouvrir un PER engendre des frais (d\u2019ouverture, de gestion, de conversion, etc.), ce qui peut ne pas \u00eatre compatible avec les autres d\u00e9penses courantes. Il est donc souvent conseill\u00e9 de consid\u00e9rer l\u2019ouverture d\u2019un PER autour de 40 ans, voire plus tard (\u00e0 50-55 ans), en fonction de votre \u00e9pargne de s\u00e9curit\u00e9, vos projets \u00e0 financer et votre parcours professionnel.<\/span><\/p>\n<h2><strong>Peut-on ouvrir plusieurs PER ?\u00a0<\/strong><\/h2>\n<p><span style=\"font-weight: 400;\">Il est tout \u00e0 fait possible d&rsquo;<a href=\"https:\/\/www.mes-allocs.fr\/guides\/plan-epargne-retraite\/condition-per\/avoir-plusieurs-per\/\">avoir plusieurs Plans d&rsquo;\u00c9pargne Retraite<\/a> (PER). Vous pouvez ainsi avoir diff\u00e9rents PER individuels ou PER d\u2019entreprise en fonction de vos objectifs financiers et de vos besoins sp\u00e9cifiques. Chaque PER est g\u00e9r\u00e9 s\u00e9par\u00e9ment, et vous devez suivre les conditions et les performances de chacun. Les versements effectu\u00e9s sur plusieurs PER sont cumul\u00e9s pour les avantages fiscaux, mais attention \u00e0 ne pas d\u00e9passer les plafonds de d\u00e9duction. Vous pouvez \u00e9galement transf\u00e9rer des fonds d\u2019un PER \u00e0 un autre pour optimiser la gestion de vos investissements.<\/span><\/p>\n<p><iframe loading=\"lazy\" title=\"Le Plan d&#039;\u00c9pargne Retraite (PER)\" width=\"500\" height=\"281\" src=\"https:\/\/www.youtube.com\/embed\/Dnp7M9qYKEk?feature=oembed\" frameborder=\"0\" allow=\"accelerometer; autoplay; clipboard-write; encrypted-media; gyroscope; picture-in-picture; web-share\" referrerpolicy=\"strict-origin-when-cross-origin\" allowfullscreen><\/iframe><\/p>\n<h1>Qui peut souscrire aux diff\u00e9rents types de Plans d&rsquo;\u00c9pargne Retraite (PER) ?<\/h1>\n<h2><strong>Qui peut souscrire \u00e0 un PER individuel ?<\/strong><\/h2>\n<p>Le PER individuel, \u00e9galement appel\u00e9 PERIN, est ouvert \u00e0 toute personne souhaitant \u00e9pargner pour la retraite, ind\u00e9pendamment de son statut professionnel ou de ses revenus.<\/p>\n<ul>\n<li><strong>Salari\u00e9s et ind\u00e9pendants<\/strong> : tous les actifs, qu\u2019ils soient en contrat salari\u00e9 ou travailleurs non-salari\u00e9s (artisans, commer\u00e7ants, professions lib\u00e9rales), peuvent y souscrire pour compl\u00e9ter leur future retraite.<\/li>\n<li><strong>Demandeurs d\u2019emploi<\/strong> : les personnes en situation de ch\u00f4mage peuvent \u00e9galement ouvrir un PER individuel pour anticiper leur retraite.<\/li>\n<li><strong>Retrait\u00e9s<\/strong> : bien que ce plan soit destin\u00e9 \u00e0 l\u2019\u00e9pargne retraite, il reste accessible aux retrait\u00e9s souhaitant continuer \u00e0 \u00e9pargner ou b\u00e9n\u00e9ficier des avantages fiscaux.<\/li>\n<li><strong>Mineurs<\/strong> : avec l\u2019accord des parents ou tuteurs l\u00e9gaux, un mineur pouvait souscrire \u00e0 un PER individuel avant 2024, souvent pour d\u00e9marrer une \u00e9pargne \u00e0 long terme d\u00e8s le plus jeune \u00e2ge. Mais depuis le 1er janvier 2024, l&rsquo;ouverture d&rsquo;un <a href=\"https:\/\/www.mes-allocs.fr\/guides\/plan-epargne-retraite\/condition-per\/per-mineur\/\">PER pour un mineur<\/a> n&rsquo;est plus possible.<\/li>\n<\/ul>\n<h2><strong>Qui peut souscrire \u00e0 un PER d\u2019entreprise collectif ?<\/strong><\/h2>\n<p>Le PER d\u2019entreprise collectif, \u00e9galement connu sous le sigle PERECO, est destin\u00e9 aux salari\u00e9s des entreprises ayant mis en place ce dispositif. L\u2019adh\u00e9sion \u00e0 ce type de PER d\u00e9pend de la politique de l\u2019entreprise :<\/p>\n<ul>\n<li><strong>Tous les salari\u00e9s<\/strong> : en principe, l\u2019ensemble des employ\u00e9s peut acc\u00e9der au PERECO si l\u2019entreprise le propose. Cependant, une condition d\u2019anciennet\u00e9, ne pouvant exc\u00e9der trois mois, peut \u00eatre exig\u00e9e.<\/li>\n<li><strong>Adh\u00e9sion automatique ou volontaire<\/strong> : certaines entreprises imposent une adh\u00e9sion automatique \u00e0 leurs salari\u00e9s, avec une possibilit\u00e9 de refus pour ceux qui ne souhaitent pas participer.<\/li>\n<li><strong>Anciens salari\u00e9s<\/strong> : les personnes ayant quitt\u00e9 l\u2019entreprise peuvent conserver leur PER collectif sous certaines conditions, notamment en l\u2019absence de transfert vers un autre plan.<\/li>\n<\/ul>\n<h2><strong>Qui est concern\u00e9 par le PER d\u2019entreprise obligatoire ?<\/strong><\/h2>\n<p>Le PER d\u2019entreprise obligatoire (PERO) est r\u00e9serv\u00e9 aux salari\u00e9s des entreprises qui imposent ce dispositif. Les r\u00e8gles d\u2019\u00e9ligibilit\u00e9 sont plus strictes et d\u00e9pendent de l\u2019employeur :<\/p>\n<ul>\n<li><strong>Salari\u00e9s vis\u00e9s par la mise en place<\/strong> : l\u2019entreprise d\u00e9cide des cat\u00e9gories de salari\u00e9s concern\u00e9es par le PER obligatoire, par exemple selon la classification hi\u00e9rarchique ou les conventions collectives.<\/li>\n<li><strong>Versements obligatoires de l\u2019employeur<\/strong> : l\u2019adh\u00e9sion est impos\u00e9e aux employ\u00e9s concern\u00e9s, et l\u2019entreprise effectue des versements r\u00e9guliers pour alimenter ce plan.<\/li>\n<li><strong>Possibilit\u00e9 de versements suppl\u00e9mentaires<\/strong> : les salari\u00e9s ont la possibilit\u00e9 d\u2019effectuer des versements volontaires en compl\u00e9ment des contributions de l\u2019employeur.<\/li>\n<\/ul>\n<div class='cta-block'><div class='text'>Simulez toutes vos Aides en 2 min.<\/div><a href='https:\/\/www.mes-allocs.fr\/ab-app?origin=guides\/wp-json\/wp\/v2\/posts\/83011' class='app-button fit'>Simulation gratuite<\/a><\/div>\n","protected":false},"excerpt":{"rendered":"<p>Un contrat d\u2019\u00e9pargne retraite permet \u00e0 un assur\u00e9 d\u2019\u00e9pargner tout au long de son parcours professionnel afin de percevoir un compl\u00e9ment de revenus lors de son d\u00e9part \u00e0 la retraite, sous forme de rente ou de capital. Ainsi, sur le march\u00e9, de nombreux acteurs proposent des Plans d&rsquo;\u00c9pargne Retraite adapt\u00e9s \u00e0 chaque profil. On vous [&hellip;]<\/p>\n","protected":false},"author":27,"featured_media":83012,"comment_status":"open","ping_status":"open","sticky":false,"template":"","format":"standard","meta":{"amp_status":"","footnotes":""},"categories":[22667],"tags":[],"class_list":["post-83011","post","type-post","status-publish","format-standard","has-post-thumbnail","hentry","category-plan-epargne-retraite"],"yoast_head":"<!-- This site is optimized with the Yoast SEO plugin v14.9 - https:\/\/yoast.com\/wordpress\/plugins\/seo\/ -->\n<title>Quelles sont les conditions pour ouvrir un Plan d&#039;\u00c9pargne Retraite ?<\/title>\n<meta name=\"description\" content=\"Un PER permet d\u2019\u00e9pargner tout au long de sa vie afin de percevoir un compl\u00e9ment de revenus. Mais quelles sont les conditions pour y acc\u00e9der ?\" \/>\n<meta name=\"robots\" content=\"index, follow, max-snippet:-1, max-image-preview:large, max-video-preview:-1\" \/>\n<link rel=\"canonical\" href=\"https:\/\/www.mes-allocs.fr\/guides\/plan-epargne-retraite\/condition-per\/\" \/>\n<meta property=\"og:locale\" content=\"fr_FR\" \/>\n<meta property=\"og:type\" content=\"article\" \/>\n<meta property=\"og:title\" content=\"Quelles sont les conditions pour ouvrir un Plan d&#039;\u00c9pargne Retraite ?\" \/>\n<meta property=\"og:description\" content=\"Un PER permet d\u2019\u00e9pargner tout au long de sa vie afin de percevoir un compl\u00e9ment de revenus. Mais quelles sont les conditions pour y acc\u00e9der ?\" \/>\n<meta property=\"og:url\" content=\"https:\/\/www.mes-allocs.fr\/guides\/plan-epargne-retraite\/condition-per\/\" \/>\n<meta property=\"og:site_name\" content=\"Mes-Allocs.fr\" \/>\n<meta property=\"article:published_time\" content=\"2024-09-20T10:00:51+00:00\" \/>\n<meta property=\"article:modified_time\" content=\"2026-04-22T09:51:51+00:00\" \/>\n<meta property=\"og:image\" content=\"https:\/\/www.mes-allocs.fr\/guides\/wp-content\/uploads\/2024\/09\/banknotes-7850299_1280.jpg?wsr\" \/>\n\t<meta property=\"og:image:width\" content=\"1280\" \/>\n\t<meta property=\"og:image:height\" content=\"852\" \/>\n<meta name=\"twitter:card\" content=\"summary_large_image\" \/>\n<script type=\"application\/ld+json\" class=\"yoast-schema-graph\">{\"@context\":\"https:\/\/schema.org\",\"@graph\":[{\"@type\":\"WebSite\",\"@id\":\"https:\/\/www.mes-allocs.fr\/guides\/#website\",\"url\":\"https:\/\/www.mes-allocs.fr\/guides\/\",\"name\":\"Mes-Allocs.fr\",\"description\":\"\",\"potentialAction\":[{\"@type\":\"SearchAction\",\"target\":\"https:\/\/www.mes-allocs.fr\/guides\/?s={search_term_string}\",\"query-input\":\"required name=search_term_string\"}],\"inLanguage\":\"fr-FR\"},{\"@type\":\"ImageObject\",\"@id\":\"https:\/\/www.mes-allocs.fr\/guides\/plan-epargne-retraite\/condition-per\/#primaryimage\",\"inLanguage\":\"fr-FR\",\"url\":\"https:\/\/www.mes-allocs.fr\/guides\/wp-content\/uploads\/2024\/09\/banknotes-7850299_1280.jpg?wsr\",\"width\":1280,\"height\":852,\"caption\":\"versement caf aide au temps libre\"},{\"@type\":\"WebPage\",\"@id\":\"https:\/\/www.mes-allocs.fr\/guides\/plan-epargne-retraite\/condition-per\/#webpage\",\"url\":\"https:\/\/www.mes-allocs.fr\/guides\/plan-epargne-retraite\/condition-per\/\",\"name\":\"Quelles sont les conditions pour ouvrir un Plan d'\\u00c9pargne Retraite ?\",\"isPartOf\":{\"@id\":\"https:\/\/www.mes-allocs.fr\/guides\/#website\"},\"primaryImageOfPage\":{\"@id\":\"https:\/\/www.mes-allocs.fr\/guides\/plan-epargne-retraite\/condition-per\/#primaryimage\"},\"datePublished\":\"2024-09-20T10:00:51+00:00\",\"dateModified\":\"2026-04-22T09:51:51+00:00\",\"author\":{\"@id\":\"https:\/\/www.mes-allocs.fr\/guides\/#\/schema\/person\/7a9b61e7b715d477066a9f941c0440c7\"},\"description\":\"Un PER permet d\\u2019\\u00e9pargner tout au long de sa vie afin de percevoir un compl\\u00e9ment de revenus. Mais quelles sont les conditions pour y acc\\u00e9der ?\",\"inLanguage\":\"fr-FR\"},{\"@type\":\"Person\",\"@id\":\"https:\/\/www.mes-allocs.fr\/guides\/#\/schema\/person\/7a9b61e7b715d477066a9f941c0440c7\",\"name\":\"L\\u00e9o Martin\",\"image\":{\"@type\":\"ImageObject\",\"@id\":\"https:\/\/www.mes-allocs.fr\/guides\/#personlogo\",\"inLanguage\":\"fr-FR\",\"url\":\"https:\/\/www.mes-allocs.fr\/guides\/wp-content\/uploads\/2023\/12\/1635317753781-e1701432075572-150x150.jpg\",\"caption\":\"L\\u00e9o Martin\"},\"description\":\"L\\u00e9o est r\\u00e9dacteur au sein de l'\\u00e9quipe Mes Allocs, sp\\u00e9cialis\\u00e9 sur les th\\u00e9matiques pouvoir d'achat et aides. Il rejoint Mes Allocs apr\\u00e8s une premi\\u00e8re exp\\u00e9rience en tant que journaliste chez La Gazette Cagnoise et Nice Presse.\",\"sameAs\":[\"https:\/\/www.linkedin.com\/in\/lo-martin-3429bb224\"]}]}<\/script>\n<!-- \/ Yoast SEO plugin. -->","amp_validity":null,"acf":{"faq":{"1":{"question":"Qui peut ouvrir un plan \u00e9pargne retraite ?","answer":"Tout particulier, qu'il soit salari\u00e9, ind\u00e9pendant ou sans emploi, peut souscrire un plan \u00e9pargne retraite."},"2":{"question":"Y a-t-il un \u00e2ge minimum pour souscrire ?","answer":"En g\u00e9n\u00e9ral, il n\u2019y a pas d\u2019\u00e2ge minimum, mais il est conseill\u00e9 de commencer d\u00e8s que possible pour maximiser les gains."},"3":{"question":"Faut-il \u00eatre r\u00e9sident fiscal en France ?","answer":"Oui, pour b\u00e9n\u00e9ficier des avantages fiscaux, il est n\u00e9cessaire d'\u00eatre r\u00e9sident fiscal en France.\r\n\r\n"},"4":{"question":"Est-il n\u00e9cessaire de cotiser r\u00e9guli\u00e8rement ?","answer":"Non, les versements peuvent \u00eatre libres ; vous pouvez choisir de cotiser r\u00e9guli\u00e8rement ou ponctuellement."},"5":{"question":"Y a-t-il un montant minimum \u00e0 verser ?","answer":"Cela d\u00e9pend des \u00e9tablissements, certains imposent un montant minimum de versement initial."},"6":{"question":"Les revenus ont-ils un impact sur l'ouverture du plan ?","answer":"Non, il n'y a pas de condition de revenus pour souscrire un plan \u00e9pargne retraite."},"7":{"question":"","answer":""},"8":{"question":"","answer":""},"9":{"question":"","answer":""},"10":{"question":"","answer":""},"11":{"question":"","answer":""},"12":{"question":"","answer":""},"13":{"question":"","answer":""},"14":{"question":"","answer":""},"15":{"question":"","answer":""},"16":{"question":"","answer":""}}},"_links":{"self":[{"href":"https:\/\/www.mes-allocs.fr\/guides\/wp-json\/wp\/v2\/posts\/83011","targetHints":{"allow":["GET"]}}],"collection":[{"href":"https:\/\/www.mes-allocs.fr\/guides\/wp-json\/wp\/v2\/posts"}],"about":[{"href":"https:\/\/www.mes-allocs.fr\/guides\/wp-json\/wp\/v2\/types\/post"}],"author":[{"embeddable":true,"href":"https:\/\/www.mes-allocs.fr\/guides\/wp-json\/wp\/v2\/users\/27"}],"replies":[{"embeddable":true,"href":"https:\/\/www.mes-allocs.fr\/guides\/wp-json\/wp\/v2\/comments?post=83011"}],"version-history":[{"count":10,"href":"https:\/\/www.mes-allocs.fr\/guides\/wp-json\/wp\/v2\/posts\/83011\/revisions"}],"predecessor-version":[{"id":97590,"href":"https:\/\/www.mes-allocs.fr\/guides\/wp-json\/wp\/v2\/posts\/83011\/revisions\/97590"}],"wp:featuredmedia":[{"embeddable":true,"href":"https:\/\/www.mes-allocs.fr\/guides\/wp-json\/wp\/v2\/media\/83012"}],"wp:attachment":[{"href":"https:\/\/www.mes-allocs.fr\/guides\/wp-json\/wp\/v2\/media?parent=83011"}],"wp:term":[{"taxonomy":"category","embeddable":true,"href":"https:\/\/www.mes-allocs.fr\/guides\/wp-json\/wp\/v2\/categories?post=83011"},{"taxonomy":"post_tag","embeddable":true,"href":"https:\/\/www.mes-allocs.fr\/guides\/wp-json\/wp\/v2\/tags?post=83011"}],"curies":[{"name":"wp","href":"https:\/\/api.w.org\/{rel}","templated":true}]}}