{"id":82994,"date":"2024-09-20T11:40:53","date_gmt":"2024-09-20T09:40:53","guid":{"rendered":"https:\/\/www.mes-allocs.fr\/guides\/?p=82994"},"modified":"2026-04-22T10:51:51","modified_gmt":"2026-04-22T09:51:51","slug":"vacaf-aide-transport","status":"publish","type":"post","link":"https:\/\/www.mes-allocs.fr\/guides\/aide-vacances\/vacaf\/vacaf-aide-transport\/","title":{"rendered":"VACAF 2025 : l&rsquo;aide au transport pour faciliter vos vacances"},"content":{"rendered":"<p><img loading=\"lazy\" decoding=\"async\" class=\"alignnone wp-image-82999 size-full\" title=\"vacaf aide au transport\" src=\"https:\/\/www.mes-allocs.fr\/guides\/wp-content\/uploads\/2024\/09\/beach-1836467_1280-e1726825167602.jpg\" alt=\"vacaf aide au transport\" width=\"1280\" height=\"236\" srcset=\"https:\/\/www.mes-allocs.fr\/guides\/wp-content\/uploads\/2024\/09\/beach-1836467_1280-e1726825167602.jpg 1280w, https:\/\/www.mes-allocs.fr\/guides\/wp-content\/uploads\/2024\/09\/beach-1836467_1280-e1726825167602-300x55.jpg 300w, https:\/\/www.mes-allocs.fr\/guides\/wp-content\/uploads\/2024\/09\/beach-1836467_1280-e1726825167602-1024x189.jpg 1024w, https:\/\/www.mes-allocs.fr\/guides\/wp-content\/uploads\/2024\/09\/beach-1836467_1280-e1726825167602-768x142.jpg 768w, https:\/\/www.mes-allocs.fr\/guides\/wp-content\/uploads\/2024\/09\/beach-1836467_1280-e1726825167602-600x111.jpg 600w\" sizes=\"auto, (max-width: 1280px) 100vw, 1280px\" \/><\/p>\n<div class=\"mb-2 flex gap-3 empty:hidden -ml-2\">\n<div class=\"items-center justify-start rounded-xl p-1 flex\">\n<div class=\"flex items-center\">\n<div class=\"flex max-w-full flex-col flex-grow\">\n<div class=\"min-h-8 text-message flex w-full flex-col items-end gap-2 whitespace-normal break-words [.text-message+&amp;]:mt-5\" dir=\"auto\" data-message-author-role=\"assistant\" data-message-id=\"09c0cc9d-6b2d-403e-a7b6-bf5a14aefb30\" data-message-model-slug=\"gpt-4o\">\n<div class=\"flex w-full flex-col gap-1 empty:hidden first:pt-[3px]\">\n<div class=\"markdown prose w-full break-words dark:prose-invert dark\">\n<p>Le programme <a href=\"https:\/\/www.mes-allocs.fr\/guides\/aide-vacances\/vacaf\/\">VACAF<\/a>, instaur\u00e9 par la Caisse d&rsquo;Allocations Familiales (CAF), est un dispositif d&rsquo;aide aux vacances qui vise \u00e0 soutenir les familles aux revenus modestes pour leur permettre de partir en vacances. En 2025, ce dispositif ne se limite pas \u00e0 la prise en charge des frais de s\u00e9jour, mais inclut \u00e9galement une <strong>aide au transport VACAF<\/strong>, facilitant ainsi l&rsquo;acc\u00e8s aux destinations de vacances pour ces familles. Gr\u00e2ce \u00e0 cette aide aux vacances, les familles peuvent non seulement r\u00e9duire les co\u00fbts li\u00e9s \u00e0 l&rsquo;h\u00e9bergement, mais \u00e9galement b\u00e9n\u00e9ficier d&rsquo;un soutien pour les frais de d\u00e9placement, rendant les vacances plus accessibles.<\/p>\n<\/div>\n<\/div>\n<\/div>\n<\/div>\n<div class=\"flex items-center pb-0\"><div class='cta-block'><div class='text'>Simulez toutes vos Aides en 2 min.<\/div><a href='https:\/\/www.mes-allocs.fr\/ab-app?origin=guides\/wp-json\/wp\/v2\/posts\/82994' class='app-button fit'>Simulation gratuite<\/a><\/div><\/div>\n<\/div>\n<\/div>\n<\/div>\n<h1><strong>Qu\u2019est-ce que le dispositif VACAF ?\u00a0<\/strong><\/h1>\n<h2>D\u00e9finition du dispositif VACAF<\/h2>\n<p>Le dispositif VACAF est une aide financi\u00e8re mise en place par la Caisse d&rsquo;Allocations Familiales (CAF) pour permettre aux familles \u00e0 revenus modestes de partir en vacances. Ce dispositif facilite l&rsquo;acc\u00e8s aux loisirs en prenant en charge une partie des frais de s\u00e9jour, notamment pour les h\u00e9bergements en centres de vacances, campings ou locations saisonni\u00e8res agr\u00e9\u00e9es par la CAF. En offrant une aide qui varie en fonction des ressources de la famille et de la composition du foyer, VACAF vise \u00e0 r\u00e9duire les in\u00e9galit\u00e9s d&rsquo;acc\u00e8s aux vacances. Il encourage \u00e9galement le d\u00e9veloppement des liens familiaux et sociaux en permettant aux familles de se retrouver dans un cadre convivial.<\/p>\n<div class=\"flex max-w-full flex-col flex-grow\">\n<div class=\"min-h-8 text-message flex w-full flex-col items-end gap-2 whitespace-normal break-words [.text-message+&amp;]:mt-5\" dir=\"auto\" data-message-author-role=\"assistant\" data-message-id=\"88c24f18-7717-498f-a7ce-3f2708d2911a\" data-message-model-slug=\"gpt-4o\">\n<div class=\"flex w-full flex-col gap-1 empty:hidden first:pt-[3px]\">\n<div class=\"markdown prose w-full break-words dark:prose-invert dark\">\n<h2>Un programme au service de l&rsquo;\u00e9panouissement des enfants et des familles<\/h2>\n<\/div>\n<\/div>\n<\/div>\n<\/div>\n<p>Ce programme est particuli\u00e8rement b\u00e9n\u00e9fique pour les enfants et les jeunes, favorisant leur \u00e9panouissement et leur bien-\u00eatre, tout en contribuant \u00e0 des moments de partage et de d\u00e9couverte. De plus, certaines r\u00e9gions mettent en avant des offres sp\u00e9ciales pour les b\u00e9n\u00e9ficiaires de VACAF, \u00e9largissant ainsi les choix de destinations et d&rsquo;activit\u00e9s.<\/p>\n<h1><strong>Quelles sont les conditions pour b\u00e9n\u00e9ficier de l&rsquo;aide au transport VACAF ?\u00a0<\/strong><\/h1>\n<h2>\u00c0 qui est destin\u00e9 l&rsquo;Aide aux Vacances Famille (AVF) ?<\/h2>\n<p><span style=\"font-weight: 400;\">L&rsquo;aide au transport de la CAF pour les vacances est exclusivement destin\u00e9e aux b\u00e9n\u00e9ficiaires de l&rsquo;Aide aux Vacances Familles (AVF). Si vous n&rsquo;avez pas re\u00e7u de notification concernant l&rsquo;AVF en d\u00e9but d&rsquo;ann\u00e9e, vous ne pourrez pas b\u00e9n\u00e9ficier de cette aide.<\/span><\/p>\n<p><span style=\"font-weight: 400;\">La CAF couvre uniquement les frais de transport vers un lieu de vacances labellis\u00e9 VACAF. Ainsi, m\u00eame si vous \u00eates b\u00e9n\u00e9ficiaire de l&rsquo;AVF, vous ne recevrez pas d&rsquo;aide pour des s\u00e9jours chez des proches ou dans des lieux non r\u00e9serv\u00e9s via VACAF. De plus, si vous divisez votre AVF pour plusieurs s\u00e9jours, l&rsquo;aide au transport ne sera accord\u00e9e que pour l&rsquo;un de ces s\u00e9jours.<\/span><\/p>\n<h2>Quelles sont les conditions sp\u00e9cifiques d\u2019acc\u00e8s au programme VACAF ?<\/h2>\n<p><span style=\"font-weight: 400;\">Les conditions sp\u00e9cifiques peuvent varier selon les d\u00e9partements, il est donc n\u00e9cessaire de consulter votre CAF pour plus de d\u00e9tails.<\/span><\/p>\n<p><span style=\"font-weight: 400;\">Les crit\u00e8res incluent :<\/span><\/p>\n<ul>\n<li style=\"font-weight: 400;\" aria-level=\"1\"><b>Conditions de ressources<\/b><span style=\"font-weight: 400;\"> : par exemple, la CAF d&rsquo;Ille-et-Vilaine fixe un quotient familial entre 0 et 800 euros, ou jusqu&rsquo;\u00e0 100 euros si vous b\u00e9n\u00e9ficiez de l&rsquo;AEEH. La CAF du Var impose un quotient familial entre 0 et 1000 euros, tandis que la CAF de Seine-et-Marne n&rsquo;a pas de plafond de ressources.<\/span><\/li>\n<li style=\"font-weight: 400;\" aria-level=\"1\"><b>Dates du s\u00e9jour VACAF<\/b><span style=\"font-weight: 400;\"> : certaines CAF, comme celles de l&rsquo;Oise, du Var ou de Seine-et-Marne, limitent l&rsquo;aide aux s\u00e9jours VACAF se d\u00e9roulant entre le 6 janvier et le 4 janvier 2026.<\/span><\/li>\n<\/ul>\n<p><span style=\"font-weight: 400;\">En r\u00e9sum\u00e9, l&rsquo;aide au transport de la CAF :<\/span><\/p>\n<ul>\n<li style=\"font-weight: 400;\" aria-level=\"1\"><b>Est r\u00e9serv\u00e9e aux b\u00e9n\u00e9ficiaires de l&rsquo;AVF<\/b><span style=\"font-weight: 400;\"> ;<\/span><\/li>\n<li style=\"font-weight: 400;\" aria-level=\"1\"><b>Couvre uniquement les trajets vers des lieux VACAF agr\u00e9\u00e9s<\/b><span style=\"font-weight: 400;\"> ;<\/span><\/li>\n<li style=\"font-weight: 400;\" aria-level=\"1\"><b>Est cumulable avec l&rsquo;AVF<\/b><span style=\"font-weight: 400;\"> ;<\/span><\/li>\n<li style=\"font-weight: 400;\" aria-level=\"1\"><b>Est vers\u00e9e automatiquement<\/b><span style=\"font-weight: 400;\"> sans d\u00e9marches suppl\u00e9mentaires ;<\/span><\/li>\n<li style=\"font-weight: 400;\" aria-level=\"1\"><b>L\u2019aide s&rsquo;applique \u00e0 tout type de transport<\/b><span style=\"font-weight: 400;\"> (train, voiture, car, etc.).<\/span><\/li>\n<\/ul>\n<p><iframe loading=\"lazy\" title=\"VACAF\" width=\"500\" height=\"281\" src=\"https:\/\/www.youtube.com\/embed\/pT6CFTGE1gw?feature=oembed\" frameborder=\"0\" allow=\"accelerometer; autoplay; clipboard-write; encrypted-media; gyroscope; picture-in-picture; web-share\" referrerpolicy=\"strict-origin-when-cross-origin\" allowfullscreen><\/iframe><\/p>\n<h1><strong>Montant et versement de l\u2019aide au transport VACAF\u00a0<\/strong><\/h1>\n<h2><strong>Quel est le montant de l\u2019aide VACAF ?\u00a0<\/strong><\/h2>\n<p><span style=\"font-weight: 400;\">Les CAF calculent l\u2019aide au transport pour les vacances en fonction de la distance entre votre domicile et votre destination, en se basant sur le trajet aller le plus court.<\/span><\/p>\n<p><span style=\"font-weight: 400;\">Les montants de cette aide varient d\u2019un d\u00e9partement \u00e0 l\u2019autre, avec des valeurs comprises entre 100 et 400 euros en moyenne.<\/span><\/p>\n<p><span style=\"font-weight: 400;\">Par exemple :<\/span><\/p>\n<ul>\n<li style=\"font-weight: 400;\" aria-level=\"1\"><span style=\"font-weight: 400;\">Dans les d\u00e9partements de la Gironde, du Rh\u00f4ne, de la Vend\u00e9e ou du Finist\u00e8re, l\u2019aide est de 100 euros pour une distance allant de 200 \u00e0 400 kilom\u00e8tres, et de 200 euros pour une distance sup\u00e9rieure \u00e0 400 kilom\u00e8tres.<\/span><\/li>\n<li style=\"font-weight: 400;\" aria-level=\"1\"><span style=\"font-weight: 400;\">Pour la CAF des Alpes-Maritimes : l\u2019aide est fix\u00e9e \u00e0 200 euros pour une distance de 200 \u00e0 400 kilom\u00e8tres, et \u00e0 400 euros pour un trajet exc\u00e9dant 400 kilom\u00e8tres.<\/span><\/li>\n<\/ul>\n<h2><strong>Comment est vers\u00e9e l\u2019aide au transport ?\u00a0<\/strong><\/h2>\n<p><span style=\"font-weight: 400;\">Concernant la date de versement de l&rsquo;aide au transport par la CAF, celle-ci est g\u00e9n\u00e9ralement effectu\u00e9e automatiquement sur le compte bancaire du b\u00e9n\u00e9ficiaire environ un mois avant le d\u00e9part en vacances. Cependant, il est important de noter que vous devez avoir pay\u00e9 les arrhes ou l&rsquo;acompte \u00e0 la structure de vacances labellis\u00e9e VACAF avant votre d\u00e9part pour pouvoir b\u00e9n\u00e9ficier de cette aide.<\/span><\/p>\n<h1><strong>Quelles sont les d\u00e9marches pour b\u00e9n\u00e9ficier de l\u2019aide VACAF ?\u00a0<\/strong><\/h1>\n<h2><strong>V\u00e9rification de l\u2019\u00e9ligibilit\u00e9 et notification automatique<\/strong><\/h2>\n<p>La premi\u00e8re \u00e9tape pour b\u00e9n\u00e9ficier de l&rsquo;aide VACAF consiste \u00e0 v\u00e9rifier si vous \u00eates \u00e9ligible au programme. En g\u00e9n\u00e9ral, cette \u00e9ligibilit\u00e9 repose sur le quotient familial, qui doit \u00eatre inf\u00e9rieur \u00e0 un seuil fix\u00e9 par votre CAF (souvent entre<strong> 500 et 1 000 euros<\/strong>, selon les d\u00e9partements). Si vous remplissez les conditions, la CAF vous enverra automatiquement une notification au d\u00e9but de l&rsquo;ann\u00e9e, g\u00e9n\u00e9ralement entre janvier et mars. Vous n&rsquo;avez donc aucune <a href=\"https:\/\/www.mes-allocs.fr\/guides\/aide-vacances\/vacaf\/demande-vacaf\/\">demande VACAF<\/a> \u00e0 effectuer. La notification vous informera que vous \u00eates \u00e9ligible \u00e0 l\u2019aide aux vacances, que ce soit pour l\u2019Aide aux Vacances Familiales (AVF) ou l\u2019Aide aux Vacances Enfants (AVE). Si vous ne recevez pas cette notification, vous pouvez v\u00e9rifier directement votre \u00e9ligibilit\u00e9 via votre compte en ligne sur le site de la CAF ou en contactant votre agence CAF locale.<\/p>\n<h2><strong>R\u00e9servation d\u2019un s\u00e9jour VACAF et formalit\u00e9s administratives<\/strong><\/h2>\n<p>Vous vous demandez <a href=\"https:\/\/www.mes-allocs.fr\/guides\/aide-vacances\/vacaf\/comment-reserver-vacaf\/\">comment r\u00e9server avec VACAF<\/a> ? C&rsquo;est simple, une fois la notification re\u00e7ue, vous pouvez proc\u00e9der \u00e0 la r\u00e9servation de vos vacances dans un centre agr\u00e9\u00e9 par le programme VACAF. Pour cela, il vous faudra choisir un \u00e9tablissement parmi la liste des partenaires VACAF. Lors de la r\u00e9servation, il vous sera demand\u00e9 de fournir plusieurs documents, tels que la notification VACAF, votre quotient familial et un justificatif de revenus si n\u00e9cessaire. Il est important de r\u00e9server votre s\u00e9jour dans les d\u00e9lais fix\u00e9s par votre CAF pour \u00e9viter toute perte d\u2019aide. La prise en charge par VACAF peut couvrir entre 30 % et 80 % du co\u00fbt total du s\u00e9jour, selon votre quotient familial et le type de s\u00e9jour choisi.<\/p>\n<p>En suivant ces deux \u00e9tapes, vous pourrez b\u00e9n\u00e9ficier de l&rsquo;aide VACAF et offrir \u00e0 votre famille des vacances \u00e0 moindre co\u00fbt.<\/p>\n<h1><strong>Quelles sont les autres aides pour les vacances ?\u00a0<\/strong><\/h1>\n<p><span style=\"font-weight: 400;\">Si vous avez un ou plusieurs enfants \u00e0 charge et des revenus modestes, vous pouvez \u00eatre \u00e9ligible \u00e0 l\u2019Aide aux Vacances Enfant (AVE). Cette aide, fournie par votre Caisse d\u2019Allocations Familiales (CAF) ou la Mutualit\u00e9 Sociale Agricole (MSA) si vous \u00eates affili\u00e9 au r\u00e9gime agricole, contribue au financement des loisirs pour vos enfants et peut \u00e9galement aider \u00e0 r\u00e9duire les co\u00fbts de garde en centre de loisirs ou en colonie de vacances.<\/span><\/p>\n<p><span style=\"font-weight: 400;\">L\u2019AVE se pr\u00e9sente sous forme de bons pr\u00e9pay\u00e9s \u00e0 utiliser aupr\u00e8s de prestataires de loisirs, et son montant d\u00e9pend de votre quotient familial ainsi que de la composition de votre foyer.<\/span><\/p>\n<p><span style=\"font-weight: 400;\">Le montant de l&rsquo;aide de la CAF pour les vacances varie selon plusieurs facteurs : les revenus familiaux, la composition du foyer (comme le nombre d\u2019enfants \u00e0 charge), et le type de vacances choisi (camping, g\u00eete, centre de loisirs, etc.). Plus votre quotient familial est \u00e9lev\u00e9, plus le montant de l&rsquo;aide diminue.<\/span><\/p>\n<p><span style=\"font-weight: 400;\">Chaque CAF d\u00e9finit un plafond pour l\u2019aide. Par exemple, dans le Val-de-Marne, les bons AVE sont attribu\u00e9s comme suit : 70 \u20ac pour un quotient familial de 0 \u00e0 320 \u20ac, 60 \u20ac pour 321 \u00e0 440 \u20ac, et 50 \u20ac pour 441 \u00e0 570 \u20ac.<\/span><\/p>\n<p><span style=\"font-weight: 400;\">Les conditions d\u2019utilisation varient selon les CAF mais peuvent inclure des s\u00e9jours dans des camps, colonies de vacances, g\u00eetes ou activit\u00e9s culturelles et sportives. Les bons AVE sont valables pendant un an \u00e0 partir de leur \u00e9mission, g\u00e9n\u00e9ralement entre janvier et mars, et doivent \u00eatre utilis\u00e9s pendant les vacances scolaires aupr\u00e8s de prestataires agr\u00e9\u00e9s par la CAF.<\/span><\/p>\n<div class='cta-block'><div class='text'>Simulez toutes vos Aides en 2 min.<\/div><a href='https:\/\/www.mes-allocs.fr\/ab-app?origin=guides\/wp-json\/wp\/v2\/posts\/82994' class='app-button fit'>Simulation gratuite<\/a><\/div>\n","protected":false},"excerpt":{"rendered":"<p>Le programme VACAF, instaur\u00e9 par la Caisse d&rsquo;Allocations Familiales (CAF), est un dispositif d&rsquo;aide aux vacances qui vise \u00e0 soutenir les familles aux revenus modestes pour leur permettre de partir en vacances. En 2025, ce dispositif ne se limite pas \u00e0 la prise en charge des frais de s\u00e9jour, mais inclut \u00e9galement une aide au [&hellip;]<\/p>\n","protected":false},"author":27,"featured_media":82998,"comment_status":"open","ping_status":"open","sticky":false,"template":"","format":"standard","meta":{"amp_status":"","footnotes":""},"categories":[38652,13],"tags":[],"class_list":["post-82994","post","type-post","status-publish","format-standard","has-post-thumbnail","hentry","category-aide-vacances","category-vacaf"],"yoast_head":"<!-- This site is optimized with the Yoast SEO plugin v14.9 - https:\/\/yoast.com\/wordpress\/plugins\/seo\/ -->\n<title>Aide au transport VACAF : conditions, montants, d\u00e9marches<\/title>\n<meta name=\"description\" content=\"Le dispositif VACAF est une aide pour permettre aux familles \u00e0 revenus modestes de partir en vacances. Explication de l&#039;aide au transport.\" \/>\n<meta name=\"robots\" content=\"index, follow, max-snippet:-1, max-image-preview:large, max-video-preview:-1\" \/>\n<link rel=\"canonical\" href=\"https:\/\/www.mes-allocs.fr\/guides\/aide-vacances\/vacaf\/vacaf-aide-transport\/\" \/>\n<meta property=\"og:locale\" content=\"fr_FR\" \/>\n<meta property=\"og:type\" content=\"article\" \/>\n<meta property=\"og:title\" content=\"Aide au transport VACAF : conditions, montants, d\u00e9marches\" \/>\n<meta property=\"og:description\" content=\"Le dispositif VACAF est une aide pour permettre aux familles \u00e0 revenus modestes de partir en vacances. Explication de l&#039;aide au transport.\" \/>\n<meta property=\"og:url\" content=\"https:\/\/www.mes-allocs.fr\/guides\/aide-vacances\/vacaf\/vacaf-aide-transport\/\" \/>\n<meta property=\"og:site_name\" content=\"Mes-Allocs.fr\" \/>\n<meta property=\"article:published_time\" content=\"2024-09-20T09:40:53+00:00\" \/>\n<meta property=\"article:modified_time\" content=\"2026-04-22T09:51:51+00:00\" \/>\n<meta property=\"og:image\" content=\"https:\/\/www.mes-allocs.fr\/guides\/wp-content\/uploads\/2024\/09\/automobile-176989_1280.jpg?wsr\" \/>\n\t<meta property=\"og:image:width\" content=\"1280\" \/>\n\t<meta property=\"og:image:height\" content=\"853\" \/>\n<meta name=\"twitter:card\" content=\"summary_large_image\" \/>\n<script type=\"application\/ld+json\" class=\"yoast-schema-graph\">{\"@context\":\"https:\/\/schema.org\",\"@graph\":[{\"@type\":\"WebSite\",\"@id\":\"https:\/\/www.mes-allocs.fr\/guides\/#website\",\"url\":\"https:\/\/www.mes-allocs.fr\/guides\/\",\"name\":\"Mes-Allocs.fr\",\"description\":\"\",\"potentialAction\":[{\"@type\":\"SearchAction\",\"target\":\"https:\/\/www.mes-allocs.fr\/guides\/?s={search_term_string}\",\"query-input\":\"required name=search_term_string\"}],\"inLanguage\":\"fr-FR\"},{\"@type\":\"ImageObject\",\"@id\":\"https:\/\/www.mes-allocs.fr\/guides\/aide-vacances\/vacaf\/vacaf-aide-transport\/#primaryimage\",\"inLanguage\":\"fr-FR\",\"url\":\"https:\/\/www.mes-allocs.fr\/guides\/wp-content\/uploads\/2024\/09\/automobile-176989_1280.jpg?wsr\",\"width\":1280,\"height\":853,\"caption\":\"vacaf aide au transport\"},{\"@type\":\"WebPage\",\"@id\":\"https:\/\/www.mes-allocs.fr\/guides\/aide-vacances\/vacaf\/vacaf-aide-transport\/#webpage\",\"url\":\"https:\/\/www.mes-allocs.fr\/guides\/aide-vacances\/vacaf\/vacaf-aide-transport\/\",\"name\":\"Aide au transport VACAF : conditions, montants, d\\u00e9marches\",\"isPartOf\":{\"@id\":\"https:\/\/www.mes-allocs.fr\/guides\/#website\"},\"primaryImageOfPage\":{\"@id\":\"https:\/\/www.mes-allocs.fr\/guides\/aide-vacances\/vacaf\/vacaf-aide-transport\/#primaryimage\"},\"datePublished\":\"2024-09-20T09:40:53+00:00\",\"dateModified\":\"2026-04-22T09:51:51+00:00\",\"author\":{\"@id\":\"https:\/\/www.mes-allocs.fr\/guides\/#\/schema\/person\/7a9b61e7b715d477066a9f941c0440c7\"},\"description\":\"Le dispositif VACAF est une aide pour permettre aux familles \\u00e0 revenus modestes de partir en vacances. Explication de l'aide au transport.\",\"inLanguage\":\"fr-FR\"},{\"@type\":\"Person\",\"@id\":\"https:\/\/www.mes-allocs.fr\/guides\/#\/schema\/person\/7a9b61e7b715d477066a9f941c0440c7\",\"name\":\"L\\u00e9o Martin\",\"image\":{\"@type\":\"ImageObject\",\"@id\":\"https:\/\/www.mes-allocs.fr\/guides\/#personlogo\",\"inLanguage\":\"fr-FR\",\"url\":\"https:\/\/www.mes-allocs.fr\/guides\/wp-content\/uploads\/2023\/12\/1635317753781-e1701432075572-150x150.jpg\",\"caption\":\"L\\u00e9o Martin\"},\"description\":\"L\\u00e9o est r\\u00e9dacteur au sein de l'\\u00e9quipe Mes Allocs, sp\\u00e9cialis\\u00e9 sur les th\\u00e9matiques pouvoir d'achat et aides. Il rejoint Mes Allocs apr\\u00e8s une premi\\u00e8re exp\\u00e9rience en tant que journaliste chez La Gazette Cagnoise et Nice Presse.\",\"sameAs\":[\"https:\/\/www.linkedin.com\/in\/lo-martin-3429bb224\"]}]}<\/script>\n<!-- \/ Yoast SEO plugin. -->","amp_validity":null,"acf":{"faq":{"1":{"question":"Qu'est-ce que l'aide au transport VACAF ?","answer":"C'est une aide financi\u00e8re pour r\u00e9duire les co\u00fbts de transport des familles \u00e0 revenus modestes lors de leurs vacances."},"2":{"question":"Qui peut en b\u00e9n\u00e9ficier ?","answer":"Les familles b\u00e9n\u00e9ficiant de l'aide VACAF pour leurs vacances peuvent \u00e9galement demander cette aide au transport."},"3":{"question":"Comment faire une demande ?","answer":"Il suffit de remplir un formulaire disponible sur le site de la CAF ou aupr\u00e8s de votre caisse locale."},"4":{"question":"Quel type de transport est couvert ?","answer":"L'aide peut couvrir les frais de transport en train, bus ou voiture, selon les modalit\u00e9s d\u00e9finies par la CAF."},"5":{"question":"Y a-t-il un montant maximum rembours\u00e9 ?","answer":"Oui, le montant varie selon les ressources de la famille et la distance parcourue."},"6":{"question":"Quand faut-il faire la demande ?","answer":"Il est conseill\u00e9 de faire la demande avant le d\u00e9part en vacances pour assurer le remboursement."},"7":{"question":"","answer":""},"8":{"question":"","answer":""},"9":{"question":"","answer":""},"10":{"question":"","answer":""},"11":{"question":"","answer":""},"12":{"question":"","answer":""},"13":{"question":"","answer":""},"14":{"question":"","answer":""},"15":{"question":"","answer":""},"16":{"question":"","answer":""}}},"_links":{"self":[{"href":"https:\/\/www.mes-allocs.fr\/guides\/wp-json\/wp\/v2\/posts\/82994","targetHints":{"allow":["GET"]}}],"collection":[{"href":"https:\/\/www.mes-allocs.fr\/guides\/wp-json\/wp\/v2\/posts"}],"about":[{"href":"https:\/\/www.mes-allocs.fr\/guides\/wp-json\/wp\/v2\/types\/post"}],"author":[{"embeddable":true,"href":"https:\/\/www.mes-allocs.fr\/guides\/wp-json\/wp\/v2\/users\/27"}],"replies":[{"embeddable":true,"href":"https:\/\/www.mes-allocs.fr\/guides\/wp-json\/wp\/v2\/comments?post=82994"}],"version-history":[{"count":10,"href":"https:\/\/www.mes-allocs.fr\/guides\/wp-json\/wp\/v2\/posts\/82994\/revisions"}],"predecessor-version":[{"id":96879,"href":"https:\/\/www.mes-allocs.fr\/guides\/wp-json\/wp\/v2\/posts\/82994\/revisions\/96879"}],"wp:featuredmedia":[{"embeddable":true,"href":"https:\/\/www.mes-allocs.fr\/guides\/wp-json\/wp\/v2\/media\/82998"}],"wp:attachment":[{"href":"https:\/\/www.mes-allocs.fr\/guides\/wp-json\/wp\/v2\/media?parent=82994"}],"wp:term":[{"taxonomy":"category","embeddable":true,"href":"https:\/\/www.mes-allocs.fr\/guides\/wp-json\/wp\/v2\/categories?post=82994"},{"taxonomy":"post_tag","embeddable":true,"href":"https:\/\/www.mes-allocs.fr\/guides\/wp-json\/wp\/v2\/tags?post=82994"}],"curies":[{"name":"wp","href":"https:\/\/api.w.org\/{rel}","templated":true}]}}