{"id":82977,"date":"2024-09-19T15:38:46","date_gmt":"2024-09-19T13:38:46","guid":{"rendered":"https:\/\/www.mes-allocs.fr\/guides\/?p=82977"},"modified":"2026-04-22T10:51:51","modified_gmt":"2026-04-22T09:51:51","slug":"depart-18-25-comment-en-beneficier","status":"publish","type":"post","link":"https:\/\/www.mes-allocs.fr\/guides\/aide-vacances\/aide-vacances-jeunes\/depart-18-25\/depart-18-25-comment-en-beneficier\/","title":{"rendered":"D\u00e9part 18:25 : comment b\u00e9n\u00e9ficier de l\u2019aide aux vacances pour les jeunes ?"},"content":{"rendered":"<p><img loading=\"lazy\" decoding=\"async\" class=\"alignnone wp-image-44845 size-full\" title=\"d\u00e9part 18 25 comment en b\u00e9n\u00e9ficier\" src=\"https:\/\/www.mes-allocs.fr\/guides\/wp-content\/uploads\/2022\/02\/jeunes--e1726750605109.jpeg\" alt=\"d\u00e9part 18 25 comment en b\u00e9n\u00e9ficier\" width=\"1125\" height=\"315\" srcset=\"https:\/\/www.mes-allocs.fr\/guides\/wp-content\/uploads\/2022\/02\/jeunes--e1726750605109.jpeg 1125w, https:\/\/www.mes-allocs.fr\/guides\/wp-content\/uploads\/2022\/02\/jeunes--e1726750605109-300x84.jpeg 300w, https:\/\/www.mes-allocs.fr\/guides\/wp-content\/uploads\/2022\/02\/jeunes--e1726750605109-1024x287.jpeg 1024w, https:\/\/www.mes-allocs.fr\/guides\/wp-content\/uploads\/2022\/02\/jeunes--e1726750605109-768x215.jpeg 768w, https:\/\/www.mes-allocs.fr\/guides\/wp-content\/uploads\/2022\/02\/jeunes--e1726750605109-600x168.jpeg 600w\" sizes=\"auto, (max-width: 1125px) 100vw, 1125px\" \/><\/p>\n<p>Les aides aux vacances rendent les s\u00e9jours de loisirs plus accessibles aux familles \u00e0 revenus modestes. Le programme <a href=\"https:\/\/www.mes-allocs.fr\/guides\/aide-vacances\/aide-vacances-jeunes\/depart-18-25\/\">d\u00e9part 18:25<\/a>, mis en place par l\u2019Agence Nationale pour les Ch\u00e8ques-Vacances (ANCV), a pour but de faciliter l\u2019acc\u00e8s aux vacances pour les jeunes de 18 \u00e0 25 ans. Que vous soyez \u00e9tudiant, salari\u00e9, en alternance ou en recherche d\u2019emploi, ce dispositif vous permet de profiter de s\u00e9jours \u00e0 tarifs r\u00e9duits. Gr\u00e2ce \u00e0 une aide financi\u00e8re adapt\u00e9e \u00e0 votre situation, vous pouvez d\u00e9couvrir de nouvelles destinations tout en ma\u00eetrisant votre budget. Dans cet article, nous vous expliquons <strong>comment b\u00e9n\u00e9ficier de l&rsquo;aide d\u00e9part 18:25<\/strong>.<\/p>\n<div class='cta-block'><div class='text'>Simulez toutes vos aides en 2 min.<\/div><a href='https:\/\/www.mes-allocs.fr\/ab-app?origin=guides\/wp-json\/wp\/v2\/posts\/82977' class='app-button fit'>Simulation gratuite<\/a><\/div>\n<h1>Qu\u2019est-ce que le dispositif d\u00e9part 18:25 ?<\/h1>\n<p>Le programme <strong>D\u00e9part 18:25<\/strong>, lanc\u00e9 par l\u2019Agence Nationale pour les Ch\u00e8ques-Vacances (ANCV), est con\u00e7u pour faciliter l\u2019acc\u00e8s aux vacances aux jeunes adultes \u00e2g\u00e9s de 18 \u00e0 25 ans. L\u2019objectif est de rendre les s\u00e9jours de loisirs plus accessibles aux jeunes, notamment ceux issus de familles \u00e0 revenus modestes, en leur proposant des aides financi\u00e8res pour partir en vacances \u00e0 moindre co\u00fbt.<\/p>\n<h2>Principe et objectif du programme 18:25<\/h2>\n<p>Le dispositif D\u00e9part 18:25 a pour but de <strong>favoriser l\u2019inclusion sociale<\/strong> en offrant aux jeunes la possibilit\u00e9 de d\u00e9couvrir de nouveaux horizons, m\u00eame s\u2019ils disposent de moyens financiers limit\u00e9s. Le principe est simple : gr\u00e2ce \u00e0 des aides de l&rsquo;ANCV, une grande partie du co\u00fbt du s\u00e9jour est prise en charge, permettant aux jeunes de profiter de vacances \u00e0 des tarifs largement r\u00e9duits. Cela contribue non seulement \u00e0 offrir un moment de d\u00e9tente, mais aussi \u00e0 soutenir l\u2019acc\u00e8s \u00e0 la culture, au sport, et \u00e0 la d\u00e9couverte du patrimoine, tout en renfor\u00e7ant les liens sociaux.<\/p>\n<h2>Qui peut en b\u00e9n\u00e9ficier ?<\/h2>\n<p>Le programme D\u00e9part 18:25 est destin\u00e9 \u00e0 <strong>tous les jeunes<\/strong> de 18 \u00e0 25 ans r\u00e9sidant en France. Que vous soyez \u00e9tudiant, salari\u00e9, en apprentissage ou \u00e0 la recherche d\u2019un emploi, vous pouvez pr\u00e9tendre \u00e0 ces aides, sous r\u00e9serve de r\u00e9pondre \u00e0 certains crit\u00e8res d\u2019\u00e9ligibilit\u00e9, notamment en termes de revenus. Les jeunes boursiers, ceux en alternance ou en service civique sont \u00e9galement \u00e9ligibles \u00e0 ce dispositif avantageux.<\/p>\n<div class='cta-block'><div class='text'>Simulez toutes vos aides en 2 min.<\/div><a href='https:\/\/www.mes-allocs.fr\/ab-app?origin=guides\/wp-json\/wp\/v2\/posts\/82977' class='app-button fit'>Simulation gratuite<\/a><\/div>\n<h1>Les crit\u00e8res d\u2019\u00e9ligibilit\u00e9 pour l&rsquo;aide d\u00e9part 18:25<\/h1>\n<p>Pour pouvoir b\u00e9n\u00e9ficier de l\u2019aide d\u00e9part 18:25, plusieurs conditions doivent \u00eatre remplies. Ces crit\u00e8res incluent l\u2019\u00e2ge, la situation professionnelle ou scolaire, et le niveau de revenus.<\/p>\n<h2>Conditions d\u2019\u00e2ge et de nationalit\u00e9<\/h2>\n<p>La premi\u00e8re condition d\u2019\u00e9ligibilit\u00e9 concerne l&rsquo;\u00e2ge : il faut \u00eatre \u00e2g\u00e9 de <strong>18 \u00e0 25 ans<\/strong> au moment de la demande. Le dispositif est r\u00e9serv\u00e9 aux jeunes adultes en cette tranche d\u2019\u00e2ge afin de favoriser l\u2019acc\u00e8s aux vacances d\u00e8s le d\u00e9but de la vie active ou pendant les \u00e9tudes. Il n\u2019y a pas de condition de nationalit\u00e9 particuli\u00e8re, mais vous devez <strong>r\u00e9sider en France<\/strong> de mani\u00e8re stable et r\u00e9guli\u00e8re, ce qui doit \u00eatre prouv\u00e9 par des documents comme un justificatif de domicile.<\/p>\n<h2>Conditions de revenus et situation professionnelle<\/h2>\n<p>Les crit\u00e8res d\u2019\u00e9ligibilit\u00e9 incluent \u00e9galement des <strong>conditions de revenus<\/strong>. Le programme est principalement destin\u00e9 aux jeunes aux <strong>revenus modestes<\/strong> ou en situation de pr\u00e9carit\u00e9. Votre <strong>revenu fiscal de r\u00e9f\u00e9rence<\/strong> est pris en compte pour \u00e9valuer si vous avez droit \u00e0 l\u2019aide. Si vous \u00eates rattach\u00e9 au foyer fiscal de vos parents, leur revenu sera \u00e9galement examin\u00e9.<\/p>\n<p>Les jeunes <strong>salari\u00e9s<\/strong>, en <strong>apprentissage<\/strong> ou en <strong>recherche d\u2019emploi<\/strong> sont \u00e9ligibles sous r\u00e9serve de ne pas d\u00e9passer un certain seuil de revenus. Les jeunes inscrits \u00e0 P\u00f4le Emploi, ou en contrat d\u2019apprentissage ou de professionnalisation peuvent \u00e9galement pr\u00e9tendre \u00e0 ces aides.<\/p>\n<h2>Cas des \u00e9tudiants boursiers et des jeunes en alternance<\/h2>\n<p>Les <strong>\u00e9tudiants boursiers<\/strong> b\u00e9n\u00e9ficient de conditions particuli\u00e8rement avantageuses dans le cadre du dispositif D\u00e9part 18:25. Leur statut de b\u00e9n\u00e9ficiaire de bourses du Crous ou d&rsquo;autres aides \u00e9tudiantes facilite grandement leur acc\u00e8s \u00e0 l\u2019aide.<\/p>\n<p>Les jeunes en <strong>alternance<\/strong> ou en <strong>contrat de professionnalisation<\/strong> sont \u00e9galement \u00e9ligibles au programme, \u00e0 condition que leurs revenus soient en dessous du plafond fix\u00e9 par l\u2019ANCV. Les crit\u00e8res prennent en compte l\u2019ensemble de la situation professionnelle et des revenus pour s\u2019assurer que les aides b\u00e9n\u00e9ficient \u00e0 ceux qui en ont le plus besoin.<\/p>\n<p>Pour trouver des offres de <a href=\"https:\/\/www.mes-allocs.fr\/guides\/aide-vacances\/aide-vacances-jeunes\/depart-18-25\/depart-18-25-soleil\/\">vacances au soleil \u00e9ligibles \u00e0 l\u2019aide d\u00e9part 18:25<\/a>, vous pouvez consulter les plateformes de r\u00e9servation partenaires du programme, comme les sites sp\u00e9cialis\u00e9s en s\u00e9jours pour jeunes.<\/p>\n<h1>Les d\u00e9marches pour b\u00e9n\u00e9ficier du programme d\u00e9part 18:25<\/h1>\n<p>Si vous \u00eates \u00e9ligible au programme, les d\u00e9marches pour b\u00e9n\u00e9ficier de l\u2019aide sont simples et accessibles. Voici comment proc\u00e9der.<\/p>\n<h2>O\u00f9 et comment faire la demande ?<\/h2>\n<p>La demande d\u2019aide se fait principalement <strong>en ligne<\/strong>, via le site officiel du programme D\u00e9part 18:25. Vous pouvez \u00e9galement passer par des <strong>agences partenaires<\/strong> qui proposent des s\u00e9jours \u00e9ligibles au dispositif. Il vous suffit de cr\u00e9er un compte et de remplir les formulaires d\u00e9di\u00e9s en fournissant les informations n\u00e9cessaires. Le processus est rapide et les aides peuvent \u00eatre attribu\u00e9es d\u00e8s que les justificatifs sont valid\u00e9s.<\/p>\n<h2>Les \u00e9tapes \u00e0 suivre sur les plateformes de r\u00e9servation<\/h2>\n<p>Une fois votre \u00e9ligibilit\u00e9 confirm\u00e9e, vous pouvez <strong>r\u00e9server votre s\u00e9jour<\/strong> directement sur les plateformes partenaires. Le site D\u00e9part 18:25 met \u00e0 disposition un large choix de s\u00e9jours (mer, montagne, campagne, etc.) avec des destinations vari\u00e9es en France et en Europe. Voici les principales \u00e9tapes :<\/p>\n<ol>\n<li><strong>Inscription sur le site D\u00e9part 18:25<\/strong> : cr\u00e9ez un compte en renseignant vos informations personnelles.<\/li>\n<li><strong>S\u00e9lection d\u2019un s\u00e9jour<\/strong> : parcourez les offres disponibles et choisissez un s\u00e9jour adapt\u00e9 \u00e0 vos pr\u00e9f\u00e9rences.<\/li>\n<li><strong>R\u00e9servation<\/strong> : une fois le s\u00e9jour choisi, suivez le processus de r\u00e9servation en ligne. L\u2019aide sera automatiquement d\u00e9duite du montant total de votre s\u00e9jour.<\/li>\n<\/ol>\n<h2>Les justificatifs \u00e0 fournir<\/h2>\n<p>Pour valider votre demande, plusieurs <a href=\"https:\/\/www.mes-allocs.fr\/guides\/aide-vacances\/aide-vacances-jeunes\/depart-18-25\/document-depart-18-25\/\"><strong>documents pour le D\u00e9part 18:25<\/strong><\/a> sont n\u00e9cessaires. Ces documents permettent de prouver votre \u00e9ligibilit\u00e9 :<\/p>\n<ul>\n<li><strong>Pi\u00e8ce d\u2019identit\u00e9<\/strong> : carte d\u2019identit\u00e9 ou passeport valide.<\/li>\n<li><strong>Justificatif de domicile<\/strong> : une facture r\u00e9cente ou une attestation d\u2019h\u00e9bergement.<\/li>\n<li><strong>Justificatif de revenus<\/strong> : votre avis d\u2019imposition ou de non-imposition, ainsi que les fiches de paie ou attestations P\u00f4le emploi.<\/li>\n<li><strong>Certificat de scolarit\u00e9<\/strong> ou <strong>attestation d\u2019alternance<\/strong> pour les \u00e9tudiants et jeunes en formation.<\/li>\n<\/ul>\n<p>Ces justificatifs doivent \u00eatre scann\u00e9s et envoy\u00e9s en ligne pour que votre dossier soit complet.<\/p>\n<p><iframe loading=\"lazy\" title=\"L&#039;aide D\u00e9part 18-25\" width=\"500\" height=\"281\" src=\"https:\/\/www.youtube.com\/embed\/ebHWqS5WzEY?feature=oembed\" frameborder=\"0\" allow=\"accelerometer; autoplay; clipboard-write; encrypted-media; gyroscope; picture-in-picture; web-share\" referrerpolicy=\"strict-origin-when-cross-origin\" allowfullscreen><\/iframe><\/p>\n<h1>Comment savoir si vous \u00eates \u00e9ligible \u00e0 l&rsquo;aide d\u00e9part 18:25 ?<\/h1>\n<p>Il est possible de v\u00e9rifier rapidement si vous \u00eates \u00e9ligible au programme gr\u00e2ce \u00e0 des outils en ligne et \u00e0 certaines plateformes sp\u00e9cialis\u00e9es.<\/p>\n<h2>Utilisation des simulateurs en ligne<\/h2>\n<p>Le moyen le plus simple de savoir si vous \u00eates \u00e9ligible au programme est d&rsquo;utiliser les <strong>simulateurs en ligne<\/strong>. Ces outils sont disponibles sur le site officiel D\u00e9part 18:25 et vous permettent, en renseignant quelques informations sur votre situation (\u00e2ge, revenus, statut), de savoir instantan\u00e9ment si vous pouvez b\u00e9n\u00e9ficier de l\u2019aide. Ces simulateurs sont gratuits et accessibles \u00e0 tous.<\/p>\n<h2>V\u00e9rification des crit\u00e8res sur Mes Allocs et autres plateformes<\/h2>\n<p>En plus du site officiel, des plateformes comme <strong>Mes Allocs<\/strong> permettent de v\u00e9rifier votre \u00e9ligibilit\u00e9. Ces sites regroupent plusieurs aides sociales, dont le programme D\u00e9part 18:25. En entrant vos informations sur ces plateformes, vous obtiendrez une \u00e9valuation pr\u00e9cise de vos droits, y compris pour cette aide sp\u00e9cifique. Vous pourrez \u00e9galement y trouver des conseils pour optimiser votre dossier et obtenir des aides compl\u00e9mentaires si vous y avez droit.<\/p>\n<p>Ces outils vous aident \u00e0 maximiser vos chances de b\u00e9n\u00e9ficier de l\u2019aide et \u00e0 planifier sereinement votre futur s\u00e9jour.<\/p>\n<div class='cta-block'><div class='text'>Simulez toutes vos aides en 2 min.<\/div><a href='https:\/\/www.mes-allocs.fr\/ab-app?origin=guides\/wp-json\/wp\/v2\/posts\/82977' class='app-button fit'>Simulation gratuite<\/a><\/div>\n","protected":false},"excerpt":{"rendered":"<p>Les aides aux vacances rendent les s\u00e9jours de loisirs plus accessibles aux familles \u00e0 revenus modestes. Le programme d\u00e9part 18:25, mis en place par l\u2019Agence Nationale pour les Ch\u00e8ques-Vacances (ANCV), a pour but de faciliter l\u2019acc\u00e8s aux vacances pour les jeunes de 18 \u00e0 25 ans. Que vous soyez \u00e9tudiant, salari\u00e9, en alternance ou en [&hellip;]<\/p>\n","protected":false},"author":26,"featured_media":45011,"comment_status":"open","ping_status":"open","sticky":false,"template":"","format":"standard","meta":{"amp_status":"","footnotes":""},"categories":[38652,38728,38782],"tags":[],"class_list":["post-82977","post","type-post","status-publish","format-standard","has-post-thumbnail","hentry","category-aide-vacances","category-aide-vacances-jeunes","category-depart-18-25"],"yoast_head":"<!-- This site is optimized with the Yoast SEO plugin v14.9 - https:\/\/yoast.com\/wordpress\/plugins\/seo\/ -->\n<title>Comment b\u00e9n\u00e9ficier de l&#039;aide D\u00e9part 18:25 ?<\/title>\n<meta name=\"description\" content=\"Dans cet article, nous vous expliquons comment b\u00e9n\u00e9ficier de cette aide et r\u00e9pondons aux questions fr\u00e9quentes sur le programme.\" \/>\n<meta name=\"robots\" content=\"index, follow, max-snippet:-1, max-image-preview:large, max-video-preview:-1\" \/>\n<link rel=\"canonical\" href=\"https:\/\/www.mes-allocs.fr\/guides\/aide-vacances\/aide-vacances-jeunes\/depart-18-25\/depart-18-25-comment-en-beneficier\/\" \/>\n<meta property=\"og:locale\" content=\"fr_FR\" \/>\n<meta property=\"og:type\" content=\"article\" \/>\n<meta property=\"og:title\" content=\"Comment b\u00e9n\u00e9ficier de l&#039;aide D\u00e9part 18:25 ?\" \/>\n<meta property=\"og:description\" content=\"Dans cet article, nous vous expliquons comment b\u00e9n\u00e9ficier de cette aide et r\u00e9pondons aux questions fr\u00e9quentes sur le programme.\" \/>\n<meta property=\"og:url\" content=\"https:\/\/www.mes-allocs.fr\/guides\/aide-vacances\/aide-vacances-jeunes\/depart-18-25\/depart-18-25-comment-en-beneficier\/\" \/>\n<meta property=\"og:site_name\" content=\"Mes-Allocs.fr\" \/>\n<meta property=\"article:published_time\" content=\"2024-09-19T13:38:46+00:00\" \/>\n<meta property=\"article:modified_time\" content=\"2026-04-22T09:51:51+00:00\" \/>\n<meta property=\"og:image\" content=\"https:\/\/www.mes-allocs.fr\/guides\/wp-content\/uploads\/2022\/02\/jeunes.jpeg?wsr\" \/>\n\t<meta property=\"og:image:width\" content=\"1125\" \/>\n\t<meta property=\"og:image:height\" content=\"750\" \/>\n<meta name=\"twitter:card\" content=\"summary_large_image\" \/>\n<script type=\"application\/ld+json\" class=\"yoast-schema-graph\">{\"@context\":\"https:\/\/schema.org\",\"@graph\":[{\"@type\":\"WebSite\",\"@id\":\"https:\/\/www.mes-allocs.fr\/guides\/#website\",\"url\":\"https:\/\/www.mes-allocs.fr\/guides\/\",\"name\":\"Mes-Allocs.fr\",\"description\":\"\",\"potentialAction\":[{\"@type\":\"SearchAction\",\"target\":\"https:\/\/www.mes-allocs.fr\/guides\/?s={search_term_string}\",\"query-input\":\"required name=search_term_string\"}],\"inLanguage\":\"fr-FR\"},{\"@type\":\"ImageObject\",\"@id\":\"https:\/\/www.mes-allocs.fr\/guides\/aide-vacances\/aide-vacances-jeunes\/depart-18-25\/depart-18-25-comment-en-beneficier\/#primaryimage\",\"inLanguage\":\"fr-FR\",\"url\":\"https:\/\/www.mes-allocs.fr\/guides\/wp-content\/uploads\/2022\/02\/jeunes.jpeg?wsr\",\"width\":1125,\"height\":750,\"caption\":\"comment reserver avec vacaf\"},{\"@type\":\"WebPage\",\"@id\":\"https:\/\/www.mes-allocs.fr\/guides\/aide-vacances\/aide-vacances-jeunes\/depart-18-25\/depart-18-25-comment-en-beneficier\/#webpage\",\"url\":\"https:\/\/www.mes-allocs.fr\/guides\/aide-vacances\/aide-vacances-jeunes\/depart-18-25\/depart-18-25-comment-en-beneficier\/\",\"name\":\"Comment b\\u00e9n\\u00e9ficier de l'aide D\\u00e9part 18:25 ?\",\"isPartOf\":{\"@id\":\"https:\/\/www.mes-allocs.fr\/guides\/#website\"},\"primaryImageOfPage\":{\"@id\":\"https:\/\/www.mes-allocs.fr\/guides\/aide-vacances\/aide-vacances-jeunes\/depart-18-25\/depart-18-25-comment-en-beneficier\/#primaryimage\"},\"datePublished\":\"2024-09-19T13:38:46+00:00\",\"dateModified\":\"2026-04-22T09:51:51+00:00\",\"author\":{\"@id\":\"https:\/\/www.mes-allocs.fr\/guides\/#\/schema\/person\/9c38f3be41a0ddcd1e3fde5a3df713bf\"},\"description\":\"Dans cet article, nous vous expliquons comment b\\u00e9n\\u00e9ficier de cette aide et r\\u00e9pondons aux questions fr\\u00e9quentes sur le programme.\",\"inLanguage\":\"fr-FR\"},{\"@type\":\"Person\",\"@id\":\"https:\/\/www.mes-allocs.fr\/guides\/#\/schema\/person\/9c38f3be41a0ddcd1e3fde5a3df713bf\",\"name\":\"Sessime Ananou\",\"image\":{\"@type\":\"ImageObject\",\"@id\":\"https:\/\/www.mes-allocs.fr\/guides\/#personlogo\",\"inLanguage\":\"fr-FR\",\"url\":\"https:\/\/www.mes-allocs.fr\/guides\/wp-content\/uploads\/2023\/08\/IMG_8173-150x150.jpg\",\"caption\":\"Sessime Ananou\"},\"description\":\"Sessime est r\\u00e9dactrice chez Mes Allocs, sp\\u00e9cialis\\u00e9e sur le pouvoir d'achat. Elle rejoint l'\\u00e9quipe Mes Allocs en ao\\u00fbt 2023 afin de simplifier l'acc\\u00e8s \\u00e0 l'information sur les aides en g\\u00e9n\\u00e9ral.\"}]}<\/script>\n<!-- \/ Yoast SEO plugin. -->","amp_validity":null,"acf":{"faq":{"1":{"question":"Qui peut b\u00e9n\u00e9ficier de l\u2019aide D\u00e9part 18:25 ?","answer":"Tous les jeunes \u00e2g\u00e9s de 18 \u00e0 25 ans, r\u00e9sidant en France et ayant des revenus modestes, peuvent en b\u00e9n\u00e9ficier."},"2":{"question":"Quels types de s\u00e9jours sont \u00e9ligibles ?","answer":"Les s\u00e9jours incluent des vacances en France ou en Europe, avec des offres allant de la mer \u00e0 la montagne, en passant par des s\u00e9jours urbains.\r\n"},"3":{"question":"Comment puis-je v\u00e9rifier mon \u00e9ligibilit\u00e9 ?","answer":"Il suffit de faire une simulation en ligne sur le site officiel du programme D\u00e9part 18:25."},"4":{"question":"Quel est le montant de l\u2019aide ?","answer":"Le montant varie en fonction de votre situation financi\u00e8re et familiale, mais il peut couvrir une partie importante du co\u00fbt du s\u00e9jour."},"5":{"question":" Quels documents dois-je fournir pour faire une demande ?","answer":"Vous devrez fournir une pi\u00e8ce d\u2019identit\u00e9, un justificatif de domicile, ainsi que des justificatifs de revenus."},"6":{"question":"Comment r\u00e9server un s\u00e9jour avec l\u2019aide D\u00e9part 18:25 ?","answer":"Une fois votre \u00e9ligibilit\u00e9 confirm\u00e9e, vous pouvez r\u00e9server directement en ligne sur le site D\u00e9part 18:25 en choisissant l\u2019offre de votre choix."},"7":{"question":"","answer":""},"8":{"question":"","answer":""},"9":{"question":"","answer":""},"10":{"question":"","answer":""},"11":{"question":"","answer":""},"12":{"question":"","answer":""},"13":{"question":"","answer":""},"14":{"question":"","answer":""},"15":{"question":"","answer":""},"16":{"question":"","answer":""}}},"_links":{"self":[{"href":"https:\/\/www.mes-allocs.fr\/guides\/wp-json\/wp\/v2\/posts\/82977","targetHints":{"allow":["GET"]}}],"collection":[{"href":"https:\/\/www.mes-allocs.fr\/guides\/wp-json\/wp\/v2\/posts"}],"about":[{"href":"https:\/\/www.mes-allocs.fr\/guides\/wp-json\/wp\/v2\/types\/post"}],"author":[{"embeddable":true,"href":"https:\/\/www.mes-allocs.fr\/guides\/wp-json\/wp\/v2\/users\/26"}],"replies":[{"embeddable":true,"href":"https:\/\/www.mes-allocs.fr\/guides\/wp-json\/wp\/v2\/comments?post=82977"}],"version-history":[{"count":4,"href":"https:\/\/www.mes-allocs.fr\/guides\/wp-json\/wp\/v2\/posts\/82977\/revisions"}],"predecessor-version":[{"id":96249,"href":"https:\/\/www.mes-allocs.fr\/guides\/wp-json\/wp\/v2\/posts\/82977\/revisions\/96249"}],"wp:featuredmedia":[{"embeddable":true,"href":"https:\/\/www.mes-allocs.fr\/guides\/wp-json\/wp\/v2\/media\/45011"}],"wp:attachment":[{"href":"https:\/\/www.mes-allocs.fr\/guides\/wp-json\/wp\/v2\/media?parent=82977"}],"wp:term":[{"taxonomy":"category","embeddable":true,"href":"https:\/\/www.mes-allocs.fr\/guides\/wp-json\/wp\/v2\/categories?post=82977"},{"taxonomy":"post_tag","embeddable":true,"href":"https:\/\/www.mes-allocs.fr\/guides\/wp-json\/wp\/v2\/tags?post=82977"}],"curies":[{"name":"wp","href":"https:\/\/api.w.org\/{rel}","templated":true}]}}