{"id":82892,"date":"2024-09-18T17:36:03","date_gmt":"2024-09-18T15:36:03","guid":{"rendered":"https:\/\/www.mes-allocs.fr\/guides\/?p=82892"},"modified":"2026-04-22T10:51:52","modified_gmt":"2026-04-22T09:51:52","slug":"depart-18-25-ski","status":"publish","type":"post","link":"https:\/\/www.mes-allocs.fr\/guides\/aide-vacances\/aide-vacances-jeunes\/depart-18-25\/depart-18-25-ski\/","title":{"rendered":"D\u00e9part 18:25 : profitez des vacances \u00e0 la montagne \u00e0 moindres co\u00fbts"},"content":{"rendered":"<p><img loading=\"lazy\" decoding=\"async\" class=\"alignnone wp-image-82931 \" title=\"d\u00e9part 18 25 ski\" src=\"https:\/\/www.mes-allocs.fr\/guides\/wp-content\/uploads\/2024\/09\/man-498473_640-2-e1726668293326.jpg\" alt=\"d\u00e9part 18 25 ski\" width=\"798\" height=\"253\" srcset=\"https:\/\/www.mes-allocs.fr\/guides\/wp-content\/uploads\/2024\/09\/man-498473_640-2-e1726668293326.jpg 640w, https:\/\/www.mes-allocs.fr\/guides\/wp-content\/uploads\/2024\/09\/man-498473_640-2-e1726668293326-300x95.jpg 300w, https:\/\/www.mes-allocs.fr\/guides\/wp-content\/uploads\/2024\/09\/man-498473_640-2-e1726668293326-600x190.jpg 600w\" sizes=\"auto, (max-width: 798px) 100vw, 798px\" \/><\/p>\n<p>Les aides aux vacances\u00a0 sont con\u00e7ues pour rendre les s\u00e9jours de loisirs plus accessibles aux familles avec des revenus modestes. Le dispositif <a href=\"https:\/\/www.mes-allocs.fr\/guides\/aide-vacances\/aide-vacances-jeunes\/depart-18-25\/\">d\u00e9part 18:25<\/a> offre aux jeunes de 18 \u00e0 25 ans l\u2019opportunit\u00e9 de partir en vacances, notamment \u00e0 la montagne, \u00e0 des tarifs r\u00e9duits. Gr\u00e2ce \u00e0 une aide financi\u00e8re allant jusqu&rsquo;\u00e0 200 \u20ac, ce programme permet \u00e0 ceux qui ont des revenus modestes de profiter des stations de ski ou des s\u00e9jours en montagne sans se ruiner. Que vous soyez \u00e9tudiant, en alternance, ou demandeur d&#8217;emploi, ce dispositif rend les vacances \u00e0 la montagne accessibles. D\u00e9couvrez tout sur l&rsquo;<strong>aide d\u00e9part 18:28 pour un s\u00e9jour au ski<\/strong> !<\/p>\n<div class='cta-block'><div class='text'>Simulez toutes vos aides en 2 min.<\/div><a href='https:\/\/www.mes-allocs.fr\/ab-app?origin=guides\/wp-json\/wp\/v2\/posts\/82892' class='app-button fit'>Simulation gratuite<\/a><\/div>\n<h1>Qu\u2019est-ce que l\u2019aide d\u00e9part 18:25 pour des vacances au ski ?<\/h1>\n<h2>Le principe du dispositif d\u00e9part 18:25<\/h2>\n<p>Le dispositif <strong>D\u00e9part 18:25<\/strong> est une aide cr\u00e9\u00e9e pour favoriser l\u2019acc\u00e8s aux vacances pour les jeunes \u00e2g\u00e9s de 18 \u00e0 25 ans, leur offrant ainsi la possibilit\u00e9 de profiter de s\u00e9jours \u00e0 tarifs r\u00e9duits. Ce programme, mis en place par l\u2019Agence Nationale pour les Ch\u00e8ques-Vacances (ANCV), a pour objectif d&rsquo;aider financi\u00e8rement les jeunes adultes \u00e0 partir en vacances, qu&rsquo;il s&rsquo;agisse de s\u00e9jours culturels, d\u00e9tente ou sportifs.<\/p>\n<p>Il est tr\u00e8s fr\u00e9quent que les jeunes utilisent le <a href=\"https:\/\/www.mes-allocs.fr\/guides\/aide-vacances\/aide-vacances-jeunes\/depart-18-25\/depart-18-25-soleil\/\">d\u00e9part 18:25 pour un s\u00e9jour au soleil<\/a>. Pour autant, le ski, une activit\u00e9 traditionnellement co\u00fbteuse, devient \u00e9galement accessible \u00e0 un plus grand nombre de jeunes gr\u00e2ce \u00e0 cette aide. En effet, le programme propose une <strong>r\u00e9duction pouvant atteindre jusqu\u2019\u00e0 250 \u20ac<\/strong>, appliqu\u00e9e directement lors de la r\u00e9servation du s\u00e9jour, sans que les b\u00e9n\u00e9ficiaires aient \u00e0 avancer l\u2019argent. Cela repr\u00e9sente un avantage financier consid\u00e9rable, surtout pour les jeunes \u00e0 revenus modestes, comme les \u00e9tudiants, les apprentis ou les jeunes en service civique, qui peuvent ainsi profiter de <strong>vacances \u00e0 la neige<\/strong> sans que cela ne p\u00e8se lourd sur leur budget.<\/p>\n<p>Cette <strong>r\u00e9duction imm\u00e9diate<\/strong> s\u2019applique dans le cadre d\u2019un partenariat avec des plateformes de r\u00e9servation en ligne, facilitant ainsi les d\u00e9marches. L\u2019aide est int\u00e9gr\u00e9e d\u00e8s le choix du s\u00e9jour, rendant l&rsquo;exp\u00e9rience fluide et rapide. Par ailleurs, l&rsquo;acc\u00e8s \u00e0 ce dispositif ne n\u00e9cessite pas de conditions complexes, si ce n&rsquo;est l&rsquo;\u00e2ge et des crit\u00e8res de ressources qui restent accessibles pour un grand nombre de jeunes.<\/p>\n<h2>L\u2019int\u00e9r\u00eat de l\u2019aide d\u00e9part 18:25 pour partir au ski<\/h2>\n<p>Gr\u00e2ce \u00e0 cette aide, les jeunes qui n\u2019auraient pas pu s\u2019offrir des vacances \u00e0 la montagne peuvent d\u00e9sormais profiter des pistes de ski \u00e0 des prix abordables. En plus de l\u2019aspect financier, le programme permet de d\u00e9couvrir des destinations de montagne et de s\u2019initier aux sports d&rsquo;hiver dans des stations qui proposent des tarifs n\u00e9goci\u00e9s, rendant les vacances \u00e0 la neige accessibles \u00e0 un plus grand nombre de jeunes.<\/p>\n<div class='cta-block'><div class='text'>Simulez toutes vos aides en 2 min.<\/div><a href='https:\/\/www.mes-allocs.fr\/ab-app?origin=guides\/wp-json\/wp\/v2\/posts\/82892' class='app-button fit'>Simulation gratuite<\/a><\/div>\n<h1>Conditions d\u2019\u00e9ligibilit\u00e9 au programme d\u00e9part 18:25<\/h1>\n<h2>Qui peut b\u00e9n\u00e9ficier de l\u2019aide d\u00e9part 18:25 ?<\/h2>\n<p>L\u2019aide est r\u00e9serv\u00e9e aux jeunes \u00e2g\u00e9s de <strong>18 \u00e0 25 ans<\/strong>, r\u00e9sidant en France. Les crit\u00e8res principaux pour b\u00e9n\u00e9ficier de cette aide incluent un <strong>revenu fiscal de r\u00e9f\u00e9rence (RFR) inf\u00e9rieur<\/strong> \u00e0 un certain seuil, et le fait d\u2019\u00eatre dans une situation sp\u00e9cifique, comme \u00eatre <strong>\u00e9tudiant, alternant, apprenti<\/strong>, ou encore <strong>demandeur d&#8217;emploi<\/strong>. Les jeunes en service civique ou ceux b\u00e9n\u00e9ficiant d\u2019une bourse peuvent aussi pr\u00e9tendre \u00e0 cette aide.<\/p>\n<h2>Quelles destinations de montagne sont couvertes par l\u2019aide ?<\/h2>\n<p>Le programme d\u00e9part 18:25 permet de partir dans de nombreuses <strong>stations de ski en France<\/strong> et dans certains pays de l\u2019UE. Les stations partenaires sont vari\u00e9es et accessibles pour tous les niveaux de ski, qu\u2019il s\u2019agisse de grandes stations comme <strong>Les Arcs<\/strong> ou des destinations moins connues mais tout aussi attractives. Les stations partenaires offrent des r\u00e9ductions et des tarifs adapt\u00e9s pour les b\u00e9n\u00e9ficiaires du programme.<\/p>\n<h1>Montants et modalit\u00e9s de l\u2019aide d\u00e9part 18:25 pour un s\u00e9jour au ski<\/h1>\n<h2>Quel est le montant de l\u2019aide pour un s\u00e9jour \u00e0 la montagne ?<\/h2>\n<p>Le montant de l\u2019aide peut aller jusqu\u2019\u00e0 <strong>250 \u20ac par personne<\/strong>. Ce montant est d\u00e9duit du prix total du s\u00e9jour d\u00e8s la r\u00e9servation sur les sites partenaires. Il n&rsquo;y a pas de versement direct de cette somme, l\u2019avantage se mat\u00e9rialise sous la forme d\u2019une r\u00e9duction imm\u00e9diate sur le co\u00fbt du s\u00e9jour, rendant les vacances au ski plus abordables.<\/p>\n<h2>Comment est vers\u00e9e l\u2019aide d\u00e9part 18:25 ?<\/h2>\n<p>L\u2019aide est appliqu\u00e9e automatiquement lors de la r\u00e9servation sur les plateformes partenaires. Il suffit de cocher l\u2019option d\u00e9part 18:25 lors de la finalisation de votre r\u00e9servation pour que le montant soit d\u00e9duit du prix total du s\u00e9jour. Il n\u2019est pas n\u00e9cessaire de remplir des d\u00e9marches complexes ou d\u2019attendre un versement sur son compte bancaire.<\/p>\n<p><iframe loading=\"lazy\" title=\"L&#039;aide D\u00e9part 18-25\" width=\"500\" height=\"281\" src=\"https:\/\/www.youtube.com\/embed\/ebHWqS5WzEY?feature=oembed\" frameborder=\"0\" allow=\"accelerometer; autoplay; clipboard-write; encrypted-media; gyroscope; picture-in-picture; web-share\" referrerpolicy=\"strict-origin-when-cross-origin\" allowfullscreen><\/iframe><\/p>\n<h1>Les \u00e9tapes pour r\u00e9server un s\u00e9jour au ski avec d\u00e9part 18:25<\/h1>\n<h2>Comment trouver des offres de ski avec d\u00e9part 18:25 ?<\/h2>\n<p>Les offres de s\u00e9jours au ski \u00e9ligibles \u00e0 l\u2019aide D\u00e9part 18:25 sont disponibles sur des <strong>plateformes de r\u00e9servation partenaires<\/strong> comme VVF, UCPA, et d\u2019autres sites sp\u00e9cialis\u00e9s dans les s\u00e9jours de vacances pour les jeunes. En utilisant ces plateformes, vous pouvez facilement s\u00e9lectionner un s\u00e9jour \u00e0 la montagne en filtrant les r\u00e9sultats pour trouver les offres compatibles avec le dispositif.<\/p>\n<h2>Les meilleures stations de ski \u00e0 petits prix<\/h2>\n<p>Si vous cherchez \u00e0 partir au ski tout en respectant votre budget, certaines stations offrent des <strong>s\u00e9jours \u00e9conomiques <\/strong>adapt\u00e9s aux jeunes. Voici une s\u00e9lection de quelques stations de ski \u00e0 petits prix :<\/p>\n<h3><strong>Stations de ski \u00e9conomiques en France<\/strong><\/h3>\n<ul>\n<li><strong>Les Orres<\/strong> : une station situ\u00e9e dans les Hautes-Alpes qui propose des tarifs attractifs pour les jeunes, avec un large choix de pistes pour d\u00e9butants comme pour skieurs confirm\u00e9s.<\/li>\n<li><strong>Le Grand-Bornand<\/strong> : dans les Alpes du Nord, cette station offre des paysages magnifiques et un forfait ski \u00e0 prix r\u00e9duit pour les jeunes, particuli\u00e8rement int\u00e9ressant pour les b\u00e9n\u00e9ficiaires de D\u00e9part 18:25.<\/li>\n<\/ul>\n<h3><strong>S\u00e9jours tout compris pour jeunes avec UCPA<\/strong><\/h3>\n<ul>\n<li><strong>UCPA Val d\u2019Is\u00e8re<\/strong> : un s\u00e9jour tout inclus (h\u00e9bergement, mat\u00e9riel, repas, cours de ski) pour d\u00e9couvrir l\u2019une des stations les plus pris\u00e9es des Alpes \u00e0 moindre co\u00fbt gr\u00e2ce aux offres r\u00e9serv\u00e9es aux 18-25 ans.<\/li>\n<li><strong>Les Contamines-Montjoie<\/strong> : id\u00e9al pour les amateurs de ski et de snowboard, cette station propose des s\u00e9jours \u00e0 tarifs r\u00e9duits avec un encadrement professionnel pour les jeunes.<\/li>\n<\/ul>\n<p>Ces stations et options permettent aux b\u00e9n\u00e9ficiaires de profiter des <strong>joies du ski<\/strong> sans se ruiner, tout en b\u00e9n\u00e9ficiant d&rsquo;un cadre de montagne exceptionnel.<\/p>\n<p>D\u00e9couvrez \u00a0les <a href=\"https:\/\/www.mes-allocs.fr\/guides\/aide-vacances\/aide-vacances-jeunes\/depart-18-25\/depart-18-25-avis\/\">avis des b\u00e9n\u00e9ficiaires sur le dispositif d\u00e9part 18:25<\/a>\u00a0!<\/p>\n<div class='cta-block'><div class='text'>Simulez toutes vos aides en 2 min.<\/div><a href='https:\/\/www.mes-allocs.fr\/ab-app?origin=guides\/wp-json\/wp\/v2\/posts\/82892' class='app-button fit'>Simulation gratuite<\/a><\/div>\n","protected":false},"excerpt":{"rendered":"<p>Les aides aux vacances\u00a0 sont con\u00e7ues pour rendre les s\u00e9jours de loisirs plus accessibles aux familles avec des revenus modestes. Le dispositif d\u00e9part 18:25 offre aux jeunes de 18 \u00e0 25 ans l\u2019opportunit\u00e9 de partir en vacances, notamment \u00e0 la montagne, \u00e0 des tarifs r\u00e9duits. Gr\u00e2ce \u00e0 une aide financi\u00e8re allant jusqu&rsquo;\u00e0 200 \u20ac, ce [&hellip;]<\/p>\n","protected":false},"author":26,"featured_media":37278,"comment_status":"open","ping_status":"open","sticky":false,"template":"","format":"standard","meta":{"amp_status":"","footnotes":""},"categories":[38652,38728,38782],"tags":[],"class_list":["post-82892","post","type-post","status-publish","format-standard","has-post-thumbnail","hentry","category-aide-vacances","category-aide-vacances-jeunes","category-depart-18-25"],"yoast_head":"<!-- This site is optimized with the Yoast SEO plugin v14.9 - https:\/\/yoast.com\/wordpress\/plugins\/seo\/ -->\n<title>D\u00e9part 18:25 s\u00e9jour au ski : conditions, montant, d\u00e9marches<\/title>\n<meta name=\"description\" content=\"Le d\u00e9part 18:25 permet \u00e0 ceux qui ont des revenus modestes de profiter des stations de ski ou des s\u00e9jours en montagne sans se ruiner.\" \/>\n<meta name=\"robots\" content=\"index, follow, max-snippet:-1, max-image-preview:large, max-video-preview:-1\" \/>\n<link rel=\"canonical\" href=\"https:\/\/www.mes-allocs.fr\/guides\/aide-vacances\/aide-vacances-jeunes\/depart-18-25\/depart-18-25-ski\/\" \/>\n<meta property=\"og:locale\" content=\"fr_FR\" \/>\n<meta property=\"og:type\" content=\"article\" \/>\n<meta property=\"og:title\" content=\"D\u00e9part 18:25 s\u00e9jour au ski : conditions, montant, d\u00e9marches\" \/>\n<meta property=\"og:description\" content=\"Le d\u00e9part 18:25 permet \u00e0 ceux qui ont des revenus modestes de profiter des stations de ski ou des s\u00e9jours en montagne sans se ruiner.\" \/>\n<meta property=\"og:url\" content=\"https:\/\/www.mes-allocs.fr\/guides\/aide-vacances\/aide-vacances-jeunes\/depart-18-25\/depart-18-25-ski\/\" \/>\n<meta property=\"og:site_name\" content=\"Mes-Allocs.fr\" \/>\n<meta property=\"article:published_time\" content=\"2024-09-18T15:36:03+00:00\" \/>\n<meta property=\"article:modified_time\" content=\"2026-04-22T09:51:52+00:00\" \/>\n<meta property=\"og:image\" content=\"https:\/\/www.mes-allocs.fr\/guides\/wp-content\/uploads\/2021\/09\/ski-.jpg?wsr\" \/>\n\t<meta property=\"og:image:width\" content=\"1133\" \/>\n\t<meta property=\"og:image:height\" content=\"750\" \/>\n<meta name=\"twitter:card\" content=\"summary_large_image\" \/>\n<script type=\"application\/ld+json\" class=\"yoast-schema-graph\">{\"@context\":\"https:\/\/schema.org\",\"@graph\":[{\"@type\":\"WebSite\",\"@id\":\"https:\/\/www.mes-allocs.fr\/guides\/#website\",\"url\":\"https:\/\/www.mes-allocs.fr\/guides\/\",\"name\":\"Mes-Allocs.fr\",\"description\":\"\",\"potentialAction\":[{\"@type\":\"SearchAction\",\"target\":\"https:\/\/www.mes-allocs.fr\/guides\/?s={search_term_string}\",\"query-input\":\"required name=search_term_string\"}],\"inLanguage\":\"fr-FR\"},{\"@type\":\"ImageObject\",\"@id\":\"https:\/\/www.mes-allocs.fr\/guides\/aide-vacances\/aide-vacances-jeunes\/depart-18-25\/depart-18-25-ski\/#primaryimage\",\"inLanguage\":\"fr-FR\",\"url\":\"https:\/\/www.mes-allocs.fr\/guides\/wp-content\/uploads\/2021\/09\/ski-.jpg?wsr\",\"width\":1133,\"height\":750,\"caption\":\"vacances vacaf ski\"},{\"@type\":\"WebPage\",\"@id\":\"https:\/\/www.mes-allocs.fr\/guides\/aide-vacances\/aide-vacances-jeunes\/depart-18-25\/depart-18-25-ski\/#webpage\",\"url\":\"https:\/\/www.mes-allocs.fr\/guides\/aide-vacances\/aide-vacances-jeunes\/depart-18-25\/depart-18-25-ski\/\",\"name\":\"D\\u00e9part 18:25 s\\u00e9jour au ski : conditions, montant, d\\u00e9marches\",\"isPartOf\":{\"@id\":\"https:\/\/www.mes-allocs.fr\/guides\/#website\"},\"primaryImageOfPage\":{\"@id\":\"https:\/\/www.mes-allocs.fr\/guides\/aide-vacances\/aide-vacances-jeunes\/depart-18-25\/depart-18-25-ski\/#primaryimage\"},\"datePublished\":\"2024-09-18T15:36:03+00:00\",\"dateModified\":\"2026-04-22T09:51:52+00:00\",\"author\":{\"@id\":\"https:\/\/www.mes-allocs.fr\/guides\/#\/schema\/person\/9c38f3be41a0ddcd1e3fde5a3df713bf\"},\"description\":\"Le d\\u00e9part 18:25 permet \\u00e0 ceux qui ont des revenus modestes de profiter des stations de ski ou des s\\u00e9jours en montagne sans se ruiner.\",\"inLanguage\":\"fr-FR\"},{\"@type\":\"Person\",\"@id\":\"https:\/\/www.mes-allocs.fr\/guides\/#\/schema\/person\/9c38f3be41a0ddcd1e3fde5a3df713bf\",\"name\":\"Sessime Ananou\",\"image\":{\"@type\":\"ImageObject\",\"@id\":\"https:\/\/www.mes-allocs.fr\/guides\/#personlogo\",\"inLanguage\":\"fr-FR\",\"url\":\"https:\/\/www.mes-allocs.fr\/guides\/wp-content\/uploads\/2023\/08\/IMG_8173-150x150.jpg\",\"caption\":\"Sessime Ananou\"},\"description\":\"Sessime est r\\u00e9dactrice chez Mes Allocs, sp\\u00e9cialis\\u00e9e sur le pouvoir d'achat. Elle rejoint l'\\u00e9quipe Mes Allocs en ao\\u00fbt 2023 afin de simplifier l'acc\\u00e8s \\u00e0 l'information sur les aides en g\\u00e9n\\u00e9ral.\"}]}<\/script>\n<!-- \/ Yoast SEO plugin. -->","amp_validity":null,"acf":{"faq":{"1":{"question":"Quand faut-il r\u00e9server pour profiter des meilleures offres \u00e0 la montagne ?","answer":"Il est conseill\u00e9 de r\u00e9server \u00e0 l\u2019avance, surtout pour les vacances d'hiver, afin d\u2019avoir acc\u00e8s aux meilleures destinations et aux prix les plus avantageux."},"2":{"question":"Peut-on partir en groupe avec l\u2019aide D\u00e9part 18:25 ?","answer":"Oui, il est possible de partir en groupe, mais chaque personne doit v\u00e9rifier son \u00e9ligibilit\u00e9 pour b\u00e9n\u00e9ficier de l\u2019aide."},"3":{"question":"Comment r\u00e9server un s\u00e9jour \u00e0 la montagne avec l\u2019aide D\u00e9part 18:25 ?","answer":"Il suffit de se rendre sur une plateforme partenaire, choisir une destination, et cocher l\u2019option D\u00e9part 18:25 pour b\u00e9n\u00e9ficier de la r\u00e9duction."},"4":{"question":"Quelles destinations de montagne sont \u00e9ligibles avec D\u00e9part 18:25 ?","answer":"Les s\u00e9jours propos\u00e9s sont en France et dans certains pays de l'UE, avec de nombreuses options dans les stations de montagne."},"5":{"question":"Combien d\u2019aide puis-je obtenir pour un s\u00e9jour \u00e0 la montagne ?","answer":"Vous pouvez b\u00e9n\u00e9ficier d'une aide pouvant aller jusqu\u2019\u00e0 200 \u20ac, directement d\u00e9duite du co\u00fbt total du s\u00e9jour lors de la r\u00e9servation."},"6":{"question":"Qui peut b\u00e9n\u00e9ficier de l\u2019aide D\u00e9part 18:25 pour des vacances \u00e0 la montagne ?","answer":"Le programme est destin\u00e9 aux jeunes \u00e2g\u00e9s de 18 \u00e0 25 ans, sous conditions de ressources, notamment pour les \u00e9tudiants, les jeunes en alternance, et les demandeurs d'emploi."},"7":{"question":"","answer":""},"8":{"question":"","answer":""},"9":{"question":"","answer":""},"10":{"question":"","answer":""},"11":{"question":"","answer":""},"12":{"question":"","answer":""},"13":{"question":"","answer":""},"14":{"question":"","answer":""},"15":{"question":"","answer":""},"16":{"question":"","answer":""}}},"_links":{"self":[{"href":"https:\/\/www.mes-allocs.fr\/guides\/wp-json\/wp\/v2\/posts\/82892","targetHints":{"allow":["GET"]}}],"collection":[{"href":"https:\/\/www.mes-allocs.fr\/guides\/wp-json\/wp\/v2\/posts"}],"about":[{"href":"https:\/\/www.mes-allocs.fr\/guides\/wp-json\/wp\/v2\/types\/post"}],"author":[{"embeddable":true,"href":"https:\/\/www.mes-allocs.fr\/guides\/wp-json\/wp\/v2\/users\/26"}],"replies":[{"embeddable":true,"href":"https:\/\/www.mes-allocs.fr\/guides\/wp-json\/wp\/v2\/comments?post=82892"}],"version-history":[{"count":8,"href":"https:\/\/www.mes-allocs.fr\/guides\/wp-json\/wp\/v2\/posts\/82892\/revisions"}],"predecessor-version":[{"id":96230,"href":"https:\/\/www.mes-allocs.fr\/guides\/wp-json\/wp\/v2\/posts\/82892\/revisions\/96230"}],"wp:featuredmedia":[{"embeddable":true,"href":"https:\/\/www.mes-allocs.fr\/guides\/wp-json\/wp\/v2\/media\/37278"}],"wp:attachment":[{"href":"https:\/\/www.mes-allocs.fr\/guides\/wp-json\/wp\/v2\/media?parent=82892"}],"wp:term":[{"taxonomy":"category","embeddable":true,"href":"https:\/\/www.mes-allocs.fr\/guides\/wp-json\/wp\/v2\/categories?post=82892"},{"taxonomy":"post_tag","embeddable":true,"href":"https:\/\/www.mes-allocs.fr\/guides\/wp-json\/wp\/v2\/tags?post=82892"}],"curies":[{"name":"wp","href":"https:\/\/api.w.org\/{rel}","templated":true}]}}