{"id":82888,"date":"2024-09-18T15:15:42","date_gmt":"2024-09-18T13:15:42","guid":{"rendered":"https:\/\/www.mes-allocs.fr\/guides\/?p=82888"},"modified":"2026-04-22T10:51:52","modified_gmt":"2026-04-22T09:51:52","slug":"depart-18-25-avis","status":"publish","type":"post","link":"https:\/\/www.mes-allocs.fr\/guides\/aide-vacances\/aide-vacances-jeunes\/depart-18-25\/depart-18-25-avis\/","title":{"rendered":"Avis sur le dispositif d\u00e9part 18:25 : t\u00e9moignages, critiques et bilan"},"content":{"rendered":"<p><img loading=\"lazy\" decoding=\"async\" class=\"aligncenter wp-image-28024 size-large\" title=\"d\u00e9part 18 25 soleil\" src=\"https:\/\/www.mes-allocs.fr\/guides\/wp-content\/uploads\/2021\/05\/pexels-sebastian-voortman-189349-1-e1741010968262-1024x348.jpg\" alt=\"d\u00e9part 18 25 soleil\" width=\"1024\" height=\"348\" srcset=\"https:\/\/www.mes-allocs.fr\/guides\/wp-content\/uploads\/2021\/05\/pexels-sebastian-voortman-189349-1-e1741010968262-1024x348.jpg 1024w, https:\/\/www.mes-allocs.fr\/guides\/wp-content\/uploads\/2021\/05\/pexels-sebastian-voortman-189349-1-e1741010968262-300x102.jpg 300w, https:\/\/www.mes-allocs.fr\/guides\/wp-content\/uploads\/2021\/05\/pexels-sebastian-voortman-189349-1-e1741010968262-768x261.jpg 768w, https:\/\/www.mes-allocs.fr\/guides\/wp-content\/uploads\/2021\/05\/pexels-sebastian-voortman-189349-1-e1741010968262-600x204.jpg 600w, https:\/\/www.mes-allocs.fr\/guides\/wp-content\/uploads\/2021\/05\/pexels-sebastian-voortman-189349-1-e1741010968262.jpg 1280w\" sizes=\"auto, (max-width: 1024px) 100vw, 1024px\" \/><\/p>\n<p>Les aides aux vacances sont con\u00e7ues pour rendre les s\u00e9jours de loisirs plus accessibles aux familles avec des revenus modestes. Le dispositif <a href=\"https:\/\/www.mes-allocs.fr\/guides\/aide-vacances\/aide-vacances-jeunes\/depart-18-25\/\">d\u00e9part 18:25<\/a> permet aux jeunes de 18 \u00e0 25 ans de b\u00e9n\u00e9ficier d&rsquo;aides financi\u00e8res pour partir en vacances \u00e0 prix r\u00e9duit. Cette initiative, mise en place par l&rsquo;Agence Nationale pour les Ch\u00e8ques-Vacances (ANCV), vise \u00e0 favoriser l&rsquo;acc\u00e8s aux vacances pour les jeunes, qu&rsquo;ils soient \u00e9tudiants, alternants, ou en recherche d&#8217;emploi. Dans cet article, d\u00e9couvrez les diff\u00e9rents <strong>avis sur l&rsquo;aide d\u00e9part 18:25<\/strong>, les critiques courantes, ainsi que le bilan global de ce dispositif.<\/p>\n<div class='cta-block'><div class='text'>Simulez toutes vos aides en 2 min.<\/div><a href='https:\/\/www.mes-allocs.fr\/ab-app?origin=guides\/wp-json\/wp\/v2\/posts\/82888' class='app-button fit'>Simulation gratuite<\/a><\/div>\n<h1>Pr\u00e9sentation du dispositif d\u00e9part 18:25<\/h1>\n<h2>Qu\u2019est-ce que le dispositif D\u00e9part 18:25 ?<\/h2>\n<p>Le dispositif <strong>d\u00e9part 18:25<\/strong> est une initiative lanc\u00e9e par l&rsquo;Agence Nationale pour les Ch\u00e8ques-Vacances (ANCV) pour encourager les jeunes \u00e2g\u00e9s de 18 \u00e0 25 ans \u00e0 partir en vacances, m\u00eame avec un budget limit\u00e9. Ce programme permet \u00e0 ces jeunes de b\u00e9n\u00e9ficier d&rsquo;une aide financi\u00e8re pouvant aller jusqu&rsquo;\u00e0 200 euros, directement d\u00e9duite du co\u00fbt de leur s\u00e9jour. Ce dispositif vise \u00e0 d\u00e9mocratiser l&rsquo;acc\u00e8s aux vacances pour les jeunes, notamment ceux en situation financi\u00e8re pr\u00e9caire, afin qu&rsquo;ils puissent d\u00e9couvrir de nouvelles destinations, se d\u00e9tendre et enrichir leur exp\u00e9rience personnelle.<\/p>\n<p>Le programme cible une population souvent exclue des dispositifs traditionnels de vacances, comme les \u00e9tudiants, les jeunes en alternance, ou ceux en situation d&#8217;emploi pr\u00e9caire. <strong>D\u00e9part 18:25<\/strong> leur offre ainsi la possibilit\u00e9 de profiter de s\u00e9jours en France ou dans certains pays de l\u2019Union Europ\u00e9enne \u00e0 des prix avantageux. Les partenaires de ce programme, notamment les plateformes de r\u00e9servation, collaborent pour proposer une gamme vari\u00e9e de destinations et d&rsquo;activit\u00e9s.<\/p>\n<h2>Comment fonctionne le dispositif ?<\/h2>\n<p>Le fonctionnement du dispositif <strong>d\u00e9part 18:25<\/strong> est simple et efficace. Les jeunes \u00e9ligibles, apr\u00e8s avoir v\u00e9rifi\u00e9 leur \u00e9ligibilit\u00e9 gr\u00e2ce \u00e0 un simulateur en ligne, peuvent se rendre sur l\u2019une des plateformes partenaires pour r\u00e9server leur s\u00e9jour. Lors de la r\u00e9servation, ils doivent cocher une option indiquant qu&rsquo;ils souhaitent b\u00e9n\u00e9ficier du programme <strong>d\u00e9part 18:25<\/strong>. Si leur \u00e9ligibilit\u00e9 est confirm\u00e9e, l&rsquo;aide financi\u00e8re est directement appliqu\u00e9e sous forme de r\u00e9duction sur le prix final du s\u00e9jour, jusqu\u2019\u00e0 200 euros.<\/p>\n<p>Ce mod\u00e8le est particuli\u00e8rement avantageux pour les b\u00e9n\u00e9ficiaires, car il leur permet de ne pas avancer d\u2019argent pour obtenir la r\u00e9duction. Les aides sont automatiquement d\u00e9duites du prix total, rendant le processus simple et accessible. Il n\u2019est pas n\u00e9cessaire de remplir des formulaires complexes ni d&rsquo;attendre un remboursement apr\u00e8s le s\u00e9jour. Le programme favorise ainsi une grande fluidit\u00e9 dans la r\u00e9servation des vacances pour les jeunes.<\/p>\n<h1>Avis des b\u00e9n\u00e9ficiaires du dispositif d\u00e9part 18:25<\/h1>\n<h2>T\u00e9moignages positifs des b\u00e9n\u00e9ficiaires<\/h2>\n<p>Beaucoup de jeunes ayant utilis\u00e9 le dispositif <strong>d\u00e9part 18:25<\/strong> t\u00e9moignent de son impact positif sur leurs vacances. Voici quelques retours d\u2019exp\u00e9rience reformul\u00e9s :<\/p>\n<p><strong>Sophie, 22 ans, \u00e9tudiante \u00e0 Toulouse<\/strong>, t\u00e9moigne :<br \/>\n<em>\u00ab\u00a0Gr\u00e2ce au dispositif D\u00e9part 18:25, j&rsquo;ai pu partir pour la premi\u00e8re fois \u00e0 la montagne avec des amis. Je n&rsquo;aurais jamais pu m&rsquo;offrir un s\u00e9jour au ski avec mon budget d&rsquo;\u00e9tudiante. L&rsquo;aide de 250 euros a fait toute la diff\u00e9rence, et tout le processus de r\u00e9servation a \u00e9t\u00e9 tr\u00e8s simple. Je recommande \u00e0 tous mes amis d&rsquo;en profiter !\u00a0\u00bb<\/em><\/p>\n<p><strong>Karim, 24 ans, en alternance \u00e0 Lyon<\/strong>, raconte :<br \/>\n<em>\u00ab\u00a0Avec mon petit salaire d\u2019alternant, c\u2019est difficile de se permettre des vacances. J\u2019ai d\u00e9couvert D\u00e9part 18:25 et j\u2019ai pu passer une semaine \u00e0 la mer \u00e0 un prix d\u00e9fiant toute concurrence. L&rsquo;aide est vraiment un coup de pouce important pour ceux qui gal\u00e8rent \u00e0 boucler leur budget vacances. \u00c7a m\u2019a permis de me ressourcer et de rencontrer des jeunes de toute la France.\u00a0\u00bb<\/em><\/p>\n<p>Ces t\u00e9moignages montrent l\u2019impact significatif du programme sur les jeunes, leur permettant de d\u00e9couvrir de nouvelles destinations \u00e0 des prix accessibles, tout en favorisant des moments de d\u00e9tente indispensables.<\/p>\n<h2>Critiques et pr\u00e9occupations exprim\u00e9es par les b\u00e9n\u00e9ficiaires du programme 18:25<\/h2>\n<p>Cependant, tout n\u2019est pas toujours parfait, et certaines critiques \u00e9mergent \u00e9galement concernant le programme. Voici quelques retours n\u00e9gatifs reformul\u00e9s :<\/p>\n<p><strong>Julien, 25 ans, demandeur d\u2019emploi<\/strong>, explique :<br \/>\n<em>\u00ab\u00a0Le programme est super en th\u00e9orie, mais j&rsquo;ai eu du mal \u00e0 trouver un s\u00e9jour compatible avec l&rsquo;aide. Les destinations disponibles \u00e9taient assez limit\u00e9es, et souvent les dates ne correspondaient pas \u00e0 mes disponibilit\u00e9s. C&rsquo;est un bon programme, mais il faudrait plus d&rsquo;offres et de flexibilit\u00e9.\u00a0\u00bb<\/em><\/p>\n<p><strong>Clara, 23 ans, apprentie<\/strong>, partage son avis :<br \/>\n<em>\u00ab\u00a0L&rsquo;aide est g\u00e9niale, mais j&rsquo;ai trouv\u00e9 le processus de validation de l&rsquo;\u00e9ligibilit\u00e9 un peu long. J&rsquo;avais r\u00e9serv\u00e9 un s\u00e9jour, et j&rsquo;ai d\u00fb attendre plusieurs jours avant de savoir si l&rsquo;aide allait \u00eatre appliqu\u00e9e. Ce serait bien que ce soit plus rapide pour \u00e9viter l&rsquo;incertitude.\u00a0\u00bb<\/em><\/p>\n<p>Ces critiques pointent principalement des probl\u00e8mes de flexibilit\u00e9 dans l\u2019offre et des lenteurs administratives, ce qui peut parfois cr\u00e9er des frustrations chez les jeunes utilisateurs.<\/p>\n<div class='cta-block'><div class='text'>Simulez toutes vos aides en 2 min.<\/div><a href='https:\/\/www.mes-allocs.fr\/ab-app?origin=guides\/wp-json\/wp\/v2\/posts\/82888' class='app-button fit'>Simulation gratuite<\/a><\/div>\n<h1>Comment trouver des avis de b\u00e9n\u00e9ficiaires du programme 18:25 ?<\/h1>\n<h2>O\u00f9 trouver des t\u00e9moignages sur les r\u00e9seaux sociaux ?<\/h2>\n<p>Les r\u00e9seaux sociaux sont une source pr\u00e9cieuse pour trouver des t\u00e9moignages et des avis sur le dispositif <strong>d\u00e9part 18:25<\/strong>. Sur des plateformes comme <strong>Facebook<\/strong>, <strong>Instagram<\/strong>, ou <strong>Twitter<\/strong>, de nombreux jeunes partagent leurs exp\u00e9riences sous forme de posts ou de stories. Vous pouvez notamment rechercher des hashtags comme #D\u00e9part1825 ou consulter des groupes d\u00e9di\u00e9s aux \u00e9tudiants ou jeunes travailleurs qui \u00e9changent sur les aides disponibles.<\/p>\n<p>Des communaut\u00e9s sur <strong>Reddit<\/strong> ou des forums sp\u00e9cialis\u00e9s peuvent \u00e9galement \u00eatre utiles. Des jeunes y partagent leurs exp\u00e9riences, posent des questions et donnent des conseils sur la fa\u00e7on de profiter au mieux du programme.<\/p>\n<h2>Les sites d\u2019avis v\u00e9rifi\u00e9s et forums de discussion<\/h2>\n<p>En plus des r\u00e9seaux sociaux, il existe des <strong>sites d\u2019avis v\u00e9rifi\u00e9s<\/strong> o\u00f9 les utilisateurs partagent leurs exp\u00e9riences de fa\u00e7on d\u00e9taill\u00e9e. Des plateformes comme <strong>Trustpilot<\/strong> ou <strong>Avis-v\u00e9rifi\u00e9s.com<\/strong> permettent de consulter des retours d\u2019exp\u00e9rience concrets et authentiques, souvent enrichis de d\u00e9tails sur le processus de r\u00e9servation et l\u2019utilisation de l\u2019aide <strong>D\u00e9part 18:25<\/strong>. De plus, les <strong>forums<\/strong> d\u00e9di\u00e9s aux voyages ou aux \u00e9tudiants sont une autre source pr\u00e9cieuse d\u2019avis.<\/p>\n<p><iframe loading=\"lazy\" title=\"L&#039;aide D\u00e9part 18-25\" width=\"500\" height=\"281\" src=\"https:\/\/www.youtube.com\/embed\/ebHWqS5WzEY?feature=oembed\" frameborder=\"0\" allow=\"accelerometer; autoplay; clipboard-write; encrypted-media; gyroscope; picture-in-picture; web-share\" referrerpolicy=\"strict-origin-when-cross-origin\" allowfullscreen><\/iframe><\/p>\n<div>\n<div>\n<h1>Comparaison avec d\u2019autres dispositifs similaires<\/h1>\n<h2>Comment le D\u00e9part 18:25 se compare-t-il \u00e0 d\u2019autres aides pour les jeunes ?<\/h2>\n<p>Le programme <strong>d\u00e9part 18:25<\/strong> se distingue des autres aides aux vacances pour les jeunes par sa simplicit\u00e9 et son ciblage sp\u00e9cifique sur la tranche d\u2019\u00e2ge des 18-25 ans. Contrairement \u00e0 d&rsquo;autres dispositifs comme les <strong>CAF Vacances<\/strong> ou les aides des comit\u00e9s d\u2019entreprise, qui impliquent parfois des d\u00e9marches administratives plus complexes ou des crit\u00e8res d\u2019\u00e9ligibilit\u00e9 stricts, <strong>d\u00e9part 18:25<\/strong> offre une solution imm\u00e9diate et facile \u00e0 utiliser, gr\u00e2ce \u00e0 sa r\u00e9duction automatique lors de la r\u00e9servation du s\u00e9jour.<\/p>\n<p>D\u2019un autre c\u00f4t\u00e9, le programme est un peu moins flexible que d\u2019autres dispositifs. Par exemple, certaines aides permettent une plus grande libert\u00e9 de choix dans les destinations et les types d\u2019h\u00e9bergement, alors que <strong>D\u00e9part 18:25<\/strong> se concentre sur une s\u00e9lection limit\u00e9e de s\u00e9jours propos\u00e9s par des partenaires. Ce qui reste un avantage pour certains (la facilit\u00e9 de s\u00e9lection) peut appara\u00eetre comme une contrainte pour d\u2019autres.<\/p>\n<h2>Quels enseignements peuvent \u00eatre tir\u00e9s des autres dispositifs ?<\/h2>\n<p>Les autres dispositifs, tels que les <strong>Aides Vacances Jeunes<\/strong> propos\u00e9es par certains comit\u00e9s d\u2019entreprise ou collectivit\u00e9s locales, ainsi que les <strong>Aides CAF<\/strong>, peuvent offrir une plus grande flexibilit\u00e9 en termes de choix de destination et de modalit\u00e9s de r\u00e9servation. Toutefois, ils exigent souvent des d\u00e9marches administratives plus lourdes et une gestion plus complexe de l\u2019aide, parfois sous forme de remboursement apr\u00e8s le s\u00e9jour.<\/p>\n<p>Par comparaison, <strong>d\u00e9part 18:25<\/strong> pr\u00e9sente l\u2019avantage d\u2019une proc\u00e9dure simplifi\u00e9e, d\u2019une application imm\u00e9diate de l\u2019aide et d\u2019un ciblage clair des jeunes en situation \u00e9conomique pr\u00e9caire. Les autres dispositifs mettent souvent plus de temps \u00e0 traiter les demandes, n\u00e9cessitant des dossiers plus complets ou des justificatifs suppl\u00e9mentaires.<\/p>\n<p>Le principal enseignement que l\u2019on peut tirer est que <strong>d\u00e9part 18:25<\/strong> est une solution accessible et rapide pour des vacances \u00e0 court terme, particuli\u00e8rement pour ceux qui ont peu de temps ou de moyens pour organiser un s\u00e9jour. Cependant, les jeunes qui souhaitent une plus grande vari\u00e9t\u00e9 de choix ou qui pr\u00e9voient des vacances plus longues pourraient pr\u00e9f\u00e9rer d&rsquo;autres aides plus flexibles, bien que plus complexes \u00e0 obtenir.<\/p>\n<\/div>\n<\/div>\n<div class='cta-block'><div class='text'>Simulez toutes vos aides en 2 min.<\/div><a href='https:\/\/www.mes-allocs.fr\/ab-app?origin=guides\/wp-json\/wp\/v2\/posts\/82888' class='app-button fit'>Simulation gratuite<\/a><\/div>\n","protected":false},"excerpt":{"rendered":"<p>Les aides aux vacances sont con\u00e7ues pour rendre les s\u00e9jours de loisirs plus accessibles aux familles avec des revenus modestes. Le dispositif d\u00e9part 18:25 permet aux jeunes de 18 \u00e0 25 ans de b\u00e9n\u00e9ficier d&rsquo;aides financi\u00e8res pour partir en vacances \u00e0 prix r\u00e9duit. Cette initiative, mise en place par l&rsquo;Agence Nationale pour les Ch\u00e8ques-Vacances (ANCV), [&hellip;]<\/p>\n","protected":false},"author":26,"featured_media":2897,"comment_status":"open","ping_status":"open","sticky":false,"template":"","format":"standard","meta":{"amp_status":"","footnotes":""},"categories":[38652,38728,38782],"tags":[],"class_list":["post-82888","post","type-post","status-publish","format-standard","has-post-thumbnail","hentry","category-aide-vacances","category-aide-vacances-jeunes","category-depart-18-25"],"yoast_head":"<!-- This site is optimized with the Yoast SEO plugin v14.9 - https:\/\/yoast.com\/wordpress\/plugins\/seo\/ -->\n<title>Avis sur le dispositif d\u00e9part 18:25 : t\u00e9moignages, critiques et bilan<\/title>\n<meta name=\"description\" content=\"Dans cet article, nous examinerons les avis des b\u00e9n\u00e9ficiaires, les critiques courantes, ainsi que le bilan global de ce dispositif.\" \/>\n<meta name=\"robots\" content=\"index, follow, max-snippet:-1, max-image-preview:large, max-video-preview:-1\" \/>\n<link rel=\"canonical\" href=\"https:\/\/www.mes-allocs.fr\/guides\/aide-vacances\/aide-vacances-jeunes\/depart-18-25\/depart-18-25-avis\/\" \/>\n<meta property=\"og:locale\" content=\"fr_FR\" \/>\n<meta property=\"og:type\" content=\"article\" \/>\n<meta property=\"og:title\" content=\"Avis sur le dispositif d\u00e9part 18:25 : t\u00e9moignages, critiques et bilan\" \/>\n<meta property=\"og:description\" content=\"Dans cet article, nous examinerons les avis des b\u00e9n\u00e9ficiaires, les critiques courantes, ainsi que le bilan global de ce dispositif.\" \/>\n<meta property=\"og:url\" content=\"https:\/\/www.mes-allocs.fr\/guides\/aide-vacances\/aide-vacances-jeunes\/depart-18-25\/depart-18-25-avis\/\" \/>\n<meta property=\"og:site_name\" content=\"Mes-Allocs.fr\" \/>\n<meta property=\"article:published_time\" content=\"2024-09-18T13:15:42+00:00\" \/>\n<meta property=\"article:modified_time\" content=\"2026-04-22T09:51:52+00:00\" \/>\n<meta property=\"og:image\" content=\"https:\/\/www.mes-allocs.fr\/guides\/wp-content\/uploads\/2019\/12\/ou-utliser-les-cheque-vacances-cette-annee.jpg?wsr\" \/>\n\t<meta property=\"og:image:width\" content=\"770\" \/>\n\t<meta property=\"og:image:height\" content=\"515\" \/>\n<meta name=\"twitter:card\" content=\"summary_large_image\" \/>\n<script type=\"application\/ld+json\" class=\"yoast-schema-graph\">{\"@context\":\"https:\/\/schema.org\",\"@graph\":[{\"@type\":\"WebSite\",\"@id\":\"https:\/\/www.mes-allocs.fr\/guides\/#website\",\"url\":\"https:\/\/www.mes-allocs.fr\/guides\/\",\"name\":\"Mes-Allocs.fr\",\"description\":\"\",\"potentialAction\":[{\"@type\":\"SearchAction\",\"target\":\"https:\/\/www.mes-allocs.fr\/guides\/?s={search_term_string}\",\"query-input\":\"required name=search_term_string\"}],\"inLanguage\":\"fr-FR\"},{\"@type\":\"ImageObject\",\"@id\":\"https:\/\/www.mes-allocs.fr\/guides\/aide-vacances\/aide-vacances-jeunes\/depart-18-25\/depart-18-25-avis\/#primaryimage\",\"inLanguage\":\"fr-FR\",\"url\":\"https:\/\/www.mes-allocs.fr\/guides\/wp-content\/uploads\/2019\/12\/ou-utliser-les-cheque-vacances-cette-annee.jpg?wsr\",\"width\":770,\"height\":515,\"caption\":\"ancv cheque vacances classic\"},{\"@type\":\"WebPage\",\"@id\":\"https:\/\/www.mes-allocs.fr\/guides\/aide-vacances\/aide-vacances-jeunes\/depart-18-25\/depart-18-25-avis\/#webpage\",\"url\":\"https:\/\/www.mes-allocs.fr\/guides\/aide-vacances\/aide-vacances-jeunes\/depart-18-25\/depart-18-25-avis\/\",\"name\":\"Avis sur le dispositif d\\u00e9part 18:25 : t\\u00e9moignages, critiques et bilan\",\"isPartOf\":{\"@id\":\"https:\/\/www.mes-allocs.fr\/guides\/#website\"},\"primaryImageOfPage\":{\"@id\":\"https:\/\/www.mes-allocs.fr\/guides\/aide-vacances\/aide-vacances-jeunes\/depart-18-25\/depart-18-25-avis\/#primaryimage\"},\"datePublished\":\"2024-09-18T13:15:42+00:00\",\"dateModified\":\"2026-04-22T09:51:52+00:00\",\"author\":{\"@id\":\"https:\/\/www.mes-allocs.fr\/guides\/#\/schema\/person\/9c38f3be41a0ddcd1e3fde5a3df713bf\"},\"description\":\"Dans cet article, nous examinerons les avis des b\\u00e9n\\u00e9ficiaires, les critiques courantes, ainsi que le bilan global de ce dispositif.\",\"inLanguage\":\"fr-FR\"},{\"@type\":\"Person\",\"@id\":\"https:\/\/www.mes-allocs.fr\/guides\/#\/schema\/person\/9c38f3be41a0ddcd1e3fde5a3df713bf\",\"name\":\"Sessime Ananou\",\"image\":{\"@type\":\"ImageObject\",\"@id\":\"https:\/\/www.mes-allocs.fr\/guides\/#personlogo\",\"inLanguage\":\"fr-FR\",\"url\":\"https:\/\/www.mes-allocs.fr\/guides\/wp-content\/uploads\/2023\/08\/IMG_8173-150x150.jpg\",\"caption\":\"Sessime Ananou\"},\"description\":\"Sessime est r\\u00e9dactrice chez Mes Allocs, sp\\u00e9cialis\\u00e9e sur le pouvoir d'achat. Elle rejoint l'\\u00e9quipe Mes Allocs en ao\\u00fbt 2023 afin de simplifier l'acc\\u00e8s \\u00e0 l'information sur les aides en g\\u00e9n\\u00e9ral.\"}]}<\/script>\n<!-- \/ Yoast SEO plugin. -->","amp_validity":null,"acf":{"faq":{"1":{"question":"Qui peut b\u00e9n\u00e9ficier du dispositif D\u00e9part 18:25 ?","answer":"Les jeunes \u00e2g\u00e9s de 18 \u00e0 25 ans, sous conditions de ressources, peuvent b\u00e9n\u00e9ficier de cette aide.\r\n"},"2":{"question":" Quels types de s\u00e9jours sont propos\u00e9s avec D\u00e9part 18:25 ?","answer":"Le dispositif permet de r\u00e9server des s\u00e9jours \u00e0 la mer, \u00e0 la montagne ou en ville, en France ou en Europe."},"3":{"question":"Quel est le montant du dispositif d\u00e9part 18:25 ?","answer":"Les jeunes b\u00e9n\u00e9ficient d'une aide allant jusqu\u2019\u00e0 200 euros, directement d\u00e9duite du montant du s\u00e9jour."},"4":{"question":"Quelles critiques sont souvent formul\u00e9es \u00e0 propos de D\u00e9part 18:25 ?","answer":"Les critiques concernent parfois la disponibilit\u00e9 limit\u00e9e des offres et les crit\u00e8res d\u2019\u00e9ligibilit\u00e9 jug\u00e9s restrictifs.\r\n"},"5":{"question":"Comment les jeunes \u00e9valuent-ils leur exp\u00e9rience avec D\u00e9part 18:25 ?","answer":"La plupart des jeunes appr\u00e9cient le dispositif pour les \u00e9conomies r\u00e9alis\u00e9es et la facilit\u00e9 de r\u00e9servation, malgr\u00e9 certaines limites."},"6":{"question":"Est-il possible de b\u00e9n\u00e9ficier de D\u00e9part 18:25 plusieurs fois ?","answer":"Oui, sous r\u00e9serve de remplir les crit\u00e8res d\u2019\u00e9ligibilit\u00e9, il est possible de b\u00e9n\u00e9ficier du dispositif \u00e0 plusieurs reprises."},"7":{"question":"","answer":""},"8":{"question":"","answer":""},"9":{"question":"","answer":""},"10":{"question":"","answer":""},"11":{"question":"","answer":""},"12":{"question":"","answer":""},"13":{"question":"","answer":""},"14":{"question":"","answer":""},"15":{"question":"","answer":""},"16":{"question":"","answer":""}}},"_links":{"self":[{"href":"https:\/\/www.mes-allocs.fr\/guides\/wp-json\/wp\/v2\/posts\/82888","targetHints":{"allow":["GET"]}}],"collection":[{"href":"https:\/\/www.mes-allocs.fr\/guides\/wp-json\/wp\/v2\/posts"}],"about":[{"href":"https:\/\/www.mes-allocs.fr\/guides\/wp-json\/wp\/v2\/types\/post"}],"author":[{"embeddable":true,"href":"https:\/\/www.mes-allocs.fr\/guides\/wp-json\/wp\/v2\/users\/26"}],"replies":[{"embeddable":true,"href":"https:\/\/www.mes-allocs.fr\/guides\/wp-json\/wp\/v2\/comments?post=82888"}],"version-history":[{"count":16,"href":"https:\/\/www.mes-allocs.fr\/guides\/wp-json\/wp\/v2\/posts\/82888\/revisions"}],"predecessor-version":[{"id":96223,"href":"https:\/\/www.mes-allocs.fr\/guides\/wp-json\/wp\/v2\/posts\/82888\/revisions\/96223"}],"wp:featuredmedia":[{"embeddable":true,"href":"https:\/\/www.mes-allocs.fr\/guides\/wp-json\/wp\/v2\/media\/2897"}],"wp:attachment":[{"href":"https:\/\/www.mes-allocs.fr\/guides\/wp-json\/wp\/v2\/media?parent=82888"}],"wp:term":[{"taxonomy":"category","embeddable":true,"href":"https:\/\/www.mes-allocs.fr\/guides\/wp-json\/wp\/v2\/categories?post=82888"},{"taxonomy":"post_tag","embeddable":true,"href":"https:\/\/www.mes-allocs.fr\/guides\/wp-json\/wp\/v2\/tags?post=82888"}],"curies":[{"name":"wp","href":"https:\/\/api.w.org\/{rel}","templated":true}]}}