{"id":82789,"date":"2024-09-16T17:04:51","date_gmt":"2024-09-16T15:04:51","guid":{"rendered":"https:\/\/www.mes-allocs.fr\/guides\/?p=82789"},"modified":"2026-04-22T10:51:53","modified_gmt":"2026-04-22T09:51:53","slug":"aide-vacances-caf-conditions","status":"publish","type":"post","link":"https:\/\/www.mes-allocs.fr\/guides\/aide-vacances\/aide-vacances-caf\/aide-vacances-caf-conditions\/","title":{"rendered":"Quelles sont les conditions pour b\u00e9n\u00e9ficier des aides vacances de la CAF ?"},"content":{"rendered":"<p><img loading=\"lazy\" decoding=\"async\" class=\"alignnone wp-image-27842 size-full\" title=\"aide vacances caf conditions\" src=\"https:\/\/www.mes-allocs.fr\/guides\/wp-content\/uploads\/2021\/05\/pexels-ben-mack-6775288-e1621975452271.jpg\" alt=\"aide vacances caf conditions\" width=\"1280\" height=\"473\" srcset=\"https:\/\/www.mes-allocs.fr\/guides\/wp-content\/uploads\/2021\/05\/pexels-ben-mack-6775288-e1621975452271.jpg 1280w, https:\/\/www.mes-allocs.fr\/guides\/wp-content\/uploads\/2021\/05\/pexels-ben-mack-6775288-e1621975452271-300x111.jpg 300w, https:\/\/www.mes-allocs.fr\/guides\/wp-content\/uploads\/2021\/05\/pexels-ben-mack-6775288-e1621975452271-1024x378.jpg 1024w, https:\/\/www.mes-allocs.fr\/guides\/wp-content\/uploads\/2021\/05\/pexels-ben-mack-6775288-e1621975452271-768x284.jpg 768w, https:\/\/www.mes-allocs.fr\/guides\/wp-content\/uploads\/2021\/05\/pexels-ben-mack-6775288-e1621975452271-600x222.jpg 600w\" sizes=\"auto, (max-width: 1280px) 100vw, 1280px\" \/><\/p>\n<p>Les <a href=\"https:\/\/www.mes-allocs.fr\/guides\/aide-vacances\/aide-vacances-caf\/\">aides aux vacances CAF<\/a> sont con\u00e7ues pour rendre les s\u00e9jours de loisirs plus accessibles aux familles avec des revenus modestes. Elles aident \u00e0 couvrir une partie des frais li\u00e9s aux vacances, que ce soit pour des s\u00e9jours en famille ou pour des colonies de vacances pour enfants. Cependant, pour b\u00e9n\u00e9ficier de ces aides, certaines conditions doivent \u00eatre remplies. Mes Allocs fait le point avec vous sur les <strong>conditions d&rsquo;\u00e9ligibilit\u00e9 aux aides vacances CAF<\/strong>.<\/p>\n<div class='cta-block'><div class='text'>Simulez toutes vos aides en 2 min.<\/div><a href='https:\/\/www.mes-allocs.fr\/ab-app?origin=guides\/wp-json\/wp\/v2\/posts\/82789' class='app-button fit'>Simulation gratuite<\/a><\/div>\n<h1>Les conditions d&rsquo;\u00e9ligibilit\u00e9 aux aides vacances CAF<\/h1>\n<h2>Quels crit\u00e8res financiers sont pris en compte pour b\u00e9n\u00e9ficier des aides vacances de la CAF ?<\/h2>\n<p>Pour d\u00e9terminer l\u2019\u00e9ligibilit\u00e9 aux aides vacances de la CAF, les crit\u00e8res financiers jouent un r\u00f4le crucial. La CAF \u00e9value les revenus du foyer pour d\u00e9cider si la famille peut b\u00e9n\u00e9ficier d\u2019une aide. Ces crit\u00e8res incluent principalement le quotient familial, qui est calcul\u00e9 en fonction des revenus du m\u00e9nage et du nombre de personnes \u00e0 charge.<\/p>\n<p>Le quotient familial permet d\u2019\u00e9tablir une hi\u00e9rarchie des besoins et d\u2019ajuster le <a href=\"https:\/\/www.mes-allocs.fr\/guides\/aide-vacances\/aide-vacances-caf\/montant-aide-vacances-caf\/\">montant des aides aux vacances CAF<\/a> en cons\u00e9quence. Plus le quotient familial est bas, plus le besoin d\u2019aide est jug\u00e9 important, ce qui peut se traduire par un montant d\u2019aide plus \u00e9lev\u00e9. Les revenus consid\u00e9r\u00e9s comprennent g\u00e9n\u00e9ralement les salaires, les pensions, les allocations et autres sources de revenu. Il est essentiel que les familles fournissent des justificatifs pr\u00e9cis pour permettre \u00e0 la CAF d\u2019\u00e9valuer correctement leur situation financi\u00e8re.<\/p>\n<h2>Quel r\u00f4le joue le quotient familial pour l\u2019attribution de l\u2019aide ?<\/h2>\n<p>Le quotient familial est un indicateur cl\u00e9 dans l\u2019attribution des aides vacances de la CAF. Il est calcul\u00e9 en divisant le revenu annuel du foyer par le nombre de parts fiscales, qui d\u00e9pend du nombre de personnes \u00e0 charge. Ce calcul permet de d\u00e9terminer le niveau de ressources disponibles pour chaque membre du foyer.<\/p>\n<p>Un quotient familial plus bas indique une situation financi\u00e8re plus modeste, ce qui donne g\u00e9n\u00e9ralement droit \u00e0 une aide plus importante. La CAF utilise ce quotient pour ajuster les aides de mani\u00e8re \u00e0 ce qu\u2019elles soient proportionnelles aux besoins des familles. Par cons\u00e9quent, le quotient familial est un facteur d\u00e9terminant pour acc\u00e9der aux aides vacances, et il est crucial que les informations fournies soient exactes et \u00e0 jour.<\/p>\n<h2>Quels sont les autres crit\u00e8res d\u2019\u00e9ligibilit\u00e9 (situation familiale, enfants, etc.) ?<\/h2>\n<p>En plus des crit\u00e8res financiers, plusieurs autres aspects sont pris en compte pour d\u00e9terminer l\u2019\u00e9ligibilit\u00e9 aux aides vacances de la CAF. La situation familiale est un crit\u00e8re important. Les aides peuvent varier en fonction du nombre d\u2019enfants \u00e0 charge, de leur \u00e2ge et de la situation de garde. Par exemple, les familles monoparentales ou les familles avec plusieurs enfants peuvent avoir des priorit\u00e9s sp\u00e9cifiques pour b\u00e9n\u00e9ficier des aides.<\/p>\n<p>Les aides sont \u00e9galement conditionn\u00e9es par le type de s\u00e9jour envisag\u00e9. Pour l\u2019Aide aux Vacances Familles (AVF), il est n\u00e9cessaire que la famille parte en vacances ensemble et que l\u2019h\u00e9bergement soit dans un \u00e9tablissement agr\u00e9\u00e9. Pour l\u2019Aide aux Vacances Enfants (AVE), l\u2019\u00e9ligibilit\u00e9 est li\u00e9e aux s\u00e9jours pour les enfants dans des centres de loisirs ou des colonies de vacances agr\u00e9\u00e9s. Les conditions peuvent aussi inclure des crit\u00e8res li\u00e9s \u00e0 la dur\u00e9e du s\u00e9jour et \u00e0 la p\u00e9riode de vacances choisie.<\/p>\n<p>L\u2019aide vacances de la CAF n\u2019est pas vers\u00e9e directement aux b\u00e9n\u00e9ficiaires, mais elle est d\u00e9duite du co\u00fbt total du s\u00e9jour.<\/p>\n<div class='cta-block'><div class='text'>Simulez toutes vos aides en 2 min.<\/div><a href='https:\/\/www.mes-allocs.fr\/ab-app?origin=guides\/wp-json\/wp\/v2\/posts\/82789' class='app-button fit'>Simulation gratuite<\/a><\/div>\n<h1>Les conditions d&rsquo;attribution sont-elles les m\u00eames pour l&rsquo;AVE et l&rsquo;AVF ?<\/h1>\n<h2>Conditions pour l\u2019Aide aux Vacances Enfants (AVE)<\/h2>\n<p>Pour b\u00e9n\u00e9ficier de l\u2019AVE, les familles doivent r\u00e9pondre \u00e0 des crit\u00e8res sp\u00e9cifiques concernant les s\u00e9jours des enfants. L\u2019AVE est destin\u00e9e \u00e0 aider \u00e0 financer des s\u00e9jours pour les enfants dans des colonies de vacances ou des centres de loisirs agr\u00e9\u00e9s par la CAF. Les crit\u00e8res financiers sont similaires \u00e0 ceux de l\u2019AVF, avec une attention particuli\u00e8re sur le quotient familial. Les conditions sp\u00e9cifiques incluent souvent des exigences sur l\u2019\u00e2ge des enfants et la dur\u00e9e du s\u00e9jour. L\u2019\u00e9tablissement doit \u00eatre agr\u00e9\u00e9 pour garantir que les s\u00e9jours respectent les standards de qualit\u00e9 requis.<\/p>\n<h2>Conditions pour l\u2019Aide aux Vacances Familles (AVF)<\/h2>\n<p>L\u2019AVF est con\u00e7ue pour soutenir les familles souhaitant partir en vacances ensemble. Les conditions d\u2019\u00e9ligibilit\u00e9 incluent des crit\u00e8res financiers bas\u00e9s sur le quotient familial, mais \u00e9galement des exigences sp\u00e9cifiques concernant l\u2019h\u00e9bergement. Pour b\u00e9n\u00e9ficier de l\u2019AVF, le s\u00e9jour doit \u00eatre r\u00e9serv\u00e9 dans un \u00e9tablissement agr\u00e9\u00e9 par la CAF. Les familles doivent \u00e9galement s\u2019assurer que les dates du s\u00e9jour correspondent aux p\u00e9riodes couvertes par l\u2019aide. Contrairement \u00e0 l\u2019AVE, qui se concentre sur les enfants, l\u2019AVF prend en compte l\u2019ensemble du foyer familial et la qualit\u00e9 de l\u2019h\u00e9bergement.<\/p>\n<p><iframe loading=\"lazy\" title=\"Toutes les aides pour partir en vacances\" width=\"500\" height=\"281\" src=\"https:\/\/www.youtube.com\/embed\/VcVrxYolWwc?feature=oembed\" frameborder=\"0\" allow=\"accelerometer; autoplay; clipboard-write; encrypted-media; gyroscope; picture-in-picture; web-share\" referrerpolicy=\"strict-origin-when-cross-origin\" allowfullscreen><\/iframe><\/p>\n<h1>Droits et obligations des b\u00e9n\u00e9ficiaires de l\u2019aide vacances CAF<\/h1>\n<p>Les b\u00e9n\u00e9ficiaires des aides vacances de la CAF ont \u00e0 la fois des droits et des obligations qu&rsquo;ils doivent respecter pour b\u00e9n\u00e9ficier de l\u2019aide de mani\u00e8re efficace et conforme aux r\u00e8gles \u00e9tablies.<\/p>\n<h2>Quels sont les droits des b\u00e9n\u00e9ficiaires ?<\/h2>\n<p>Les b\u00e9n\u00e9ficiaires des aides vacances de la CAF ont le droit de recevoir un soutien financier pour leurs s\u00e9jours en vacances, conform\u00e9ment aux conditions d\u2019\u00e9ligibilit\u00e9. Ce soutien peut couvrir une partie significative des frais d\u2019h\u00e9bergement et de s\u00e9jour, selon les aides demand\u00e9es et la situation financi\u00e8re de la famille. Les b\u00e9n\u00e9ficiaires ont \u00e9galement le droit de choisir des \u00e9tablissements agr\u00e9\u00e9s et de b\u00e9n\u00e9ficier de l\u2019aide dans les d\u00e9lais pr\u00e9vus par la CAF. Les aides doivent \u00eatre utilis\u00e9es pour les s\u00e9jours pour lesquels elles ont \u00e9t\u00e9 attribu\u00e9es, conform\u00e9ment aux conditions \u00e9tablies par la CAF.<\/p>\n<h2>Quelles sont les obligations des b\u00e9n\u00e9ficiaires ?<\/h2>\n<p>Les b\u00e9n\u00e9ficiaires doivent fournir des informations exactes et compl\u00e8tes lors de la <a href=\"https:\/\/www.mes-allocs.fr\/guides\/aide-vacances\/aide-vacances-caf\/demande-aide-vacances-caf\/\">demande d\u2019aides aux vacances CAF<\/a>, y compris les justificatifs de revenus et les d\u00e9tails sur les s\u00e9jours. Ils ont l\u2019obligation de respecter les conditions d\u2019utilisation des aides, telles que le choix d\u2019\u00e9tablissements agr\u00e9\u00e9s et le respect des p\u00e9riodes de s\u00e9jour. En cas de changement dans la situation familiale ou financi\u00e8re, les b\u00e9n\u00e9ficiaires doivent en informer la CAF pour ajuster l\u2019aide en cons\u00e9quence. Il est \u00e9galement n\u00e9cessaire de conserver les justificatifs de paiement et de r\u00e9servation pour prouver que l\u2019aide a \u00e9t\u00e9 utilis\u00e9e conform\u00e9ment aux r\u00e8gles.<\/p>\n<div class='cta-block'><div class='text'>Simulez toutes vos aides en 2 min.<\/div><a href='https:\/\/www.mes-allocs.fr\/ab-app?origin=guides\/wp-json\/wp\/v2\/posts\/82789' class='app-button fit'>Simulation gratuite<\/a><\/div>\n","protected":false},"excerpt":{"rendered":"<p>Les aides aux vacances CAF sont con\u00e7ues pour rendre les s\u00e9jours de loisirs plus accessibles aux familles avec des revenus modestes. Elles aident \u00e0 couvrir une partie des frais li\u00e9s aux vacances, que ce soit pour des s\u00e9jours en famille ou pour des colonies de vacances pour enfants. Cependant, pour b\u00e9n\u00e9ficier de ces aides, certaines [&hellip;]<\/p>\n","protected":false},"author":26,"featured_media":28024,"comment_status":"open","ping_status":"open","sticky":false,"template":"","format":"standard","meta":{"amp_status":"","footnotes":""},"categories":[38652,38670],"tags":[],"class_list":["post-82789","post","type-post","status-publish","format-standard","has-post-thumbnail","hentry","category-aide-vacances","category-aide-vacances-caf"],"yoast_head":"<!-- This site is optimized with the Yoast SEO plugin v14.9 - https:\/\/yoast.com\/wordpress\/plugins\/seo\/ -->\n<title>Quelles conditions pour b\u00e9n\u00e9ficier des aides vacances CAF ?<\/title>\n<meta name=\"description\" content=\"Les aides aux vacances de la CAFcouvrent une partie des frais de vacances. Pour en b\u00e9n\u00e9ficier, certaines conditions doivent \u00eatre remplies.\u00a0\" \/>\n<meta name=\"robots\" content=\"index, follow, max-snippet:-1, max-image-preview:large, max-video-preview:-1\" \/>\n<link rel=\"canonical\" href=\"https:\/\/www.mes-allocs.fr\/guides\/aide-vacances\/aide-vacances-caf\/aide-vacances-caf-conditions\/\" \/>\n<meta property=\"og:locale\" content=\"fr_FR\" \/>\n<meta property=\"og:type\" content=\"article\" \/>\n<meta property=\"og:title\" content=\"Quelles conditions pour b\u00e9n\u00e9ficier des aides vacances CAF ?\" \/>\n<meta property=\"og:description\" content=\"Les aides aux vacances de la CAFcouvrent une partie des frais de vacances. Pour en b\u00e9n\u00e9ficier, certaines conditions doivent \u00eatre remplies.\u00a0\" \/>\n<meta property=\"og:url\" content=\"https:\/\/www.mes-allocs.fr\/guides\/aide-vacances\/aide-vacances-caf\/aide-vacances-caf-conditions\/\" \/>\n<meta property=\"og:site_name\" content=\"Mes-Allocs.fr\" \/>\n<meta property=\"article:published_time\" content=\"2024-09-16T15:04:51+00:00\" \/>\n<meta property=\"article:modified_time\" content=\"2026-04-22T09:51:53+00:00\" \/>\n<meta property=\"og:image\" content=\"https:\/\/www.mes-allocs.fr\/guides\/wp-content\/uploads\/2021\/05\/pexels-sebastian-voortman-189349-1-e1741010968262.jpg?wsr\" \/>\n\t<meta property=\"og:image:width\" content=\"1280\" \/>\n\t<meta property=\"og:image:height\" content=\"435\" \/>\n<meta name=\"twitter:card\" content=\"summary_large_image\" \/>\n<script type=\"application\/ld+json\" class=\"yoast-schema-graph\">{\"@context\":\"https:\/\/schema.org\",\"@graph\":[{\"@type\":\"WebSite\",\"@id\":\"https:\/\/www.mes-allocs.fr\/guides\/#website\",\"url\":\"https:\/\/www.mes-allocs.fr\/guides\/\",\"name\":\"Mes-Allocs.fr\",\"description\":\"\",\"potentialAction\":[{\"@type\":\"SearchAction\",\"target\":\"https:\/\/www.mes-allocs.fr\/guides\/?s={search_term_string}\",\"query-input\":\"required name=search_term_string\"}],\"inLanguage\":\"fr-FR\"},{\"@type\":\"ImageObject\",\"@id\":\"https:\/\/www.mes-allocs.fr\/guides\/aide-vacances\/aide-vacances-caf\/aide-vacances-caf-conditions\/#primaryimage\",\"inLanguage\":\"fr-FR\",\"url\":\"https:\/\/www.mes-allocs.fr\/guides\/wp-content\/uploads\/2021\/05\/pexels-sebastian-voortman-189349-1-e1741010968262.jpg?wsr\",\"width\":1280,\"height\":435,\"caption\":\"d\\u00e9part 18 25 soleil\"},{\"@type\":\"WebPage\",\"@id\":\"https:\/\/www.mes-allocs.fr\/guides\/aide-vacances\/aide-vacances-caf\/aide-vacances-caf-conditions\/#webpage\",\"url\":\"https:\/\/www.mes-allocs.fr\/guides\/aide-vacances\/aide-vacances-caf\/aide-vacances-caf-conditions\/\",\"name\":\"Quelles conditions pour b\\u00e9n\\u00e9ficier des aides vacances CAF ?\",\"isPartOf\":{\"@id\":\"https:\/\/www.mes-allocs.fr\/guides\/#website\"},\"primaryImageOfPage\":{\"@id\":\"https:\/\/www.mes-allocs.fr\/guides\/aide-vacances\/aide-vacances-caf\/aide-vacances-caf-conditions\/#primaryimage\"},\"datePublished\":\"2024-09-16T15:04:51+00:00\",\"dateModified\":\"2026-04-22T09:51:53+00:00\",\"author\":{\"@id\":\"https:\/\/www.mes-allocs.fr\/guides\/#\/schema\/person\/9c38f3be41a0ddcd1e3fde5a3df713bf\"},\"description\":\"Les aides aux vacances de la CAFcouvrent une partie des frais de vacances. Pour en b\\u00e9n\\u00e9ficier, certaines conditions doivent \\u00eatre remplies.\\u00a0\",\"inLanguage\":\"fr-FR\"},{\"@type\":\"Person\",\"@id\":\"https:\/\/www.mes-allocs.fr\/guides\/#\/schema\/person\/9c38f3be41a0ddcd1e3fde5a3df713bf\",\"name\":\"Sessime Ananou\",\"image\":{\"@type\":\"ImageObject\",\"@id\":\"https:\/\/www.mes-allocs.fr\/guides\/#personlogo\",\"inLanguage\":\"fr-FR\",\"url\":\"https:\/\/www.mes-allocs.fr\/guides\/wp-content\/uploads\/2023\/08\/IMG_8173-150x150.jpg\",\"caption\":\"Sessime Ananou\"},\"description\":\"Sessime est r\\u00e9dactrice chez Mes Allocs, sp\\u00e9cialis\\u00e9e sur le pouvoir d'achat. Elle rejoint l'\\u00e9quipe Mes Allocs en ao\\u00fbt 2023 afin de simplifier l'acc\\u00e8s \\u00e0 l'information sur les aides en g\\u00e9n\\u00e9ral.\"}]}<\/script>\n<!-- \/ Yoast SEO plugin. -->","amp_validity":null,"acf":{"faq":{"1":{"question":"Quel est le crit\u00e8re principal pour b\u00e9n\u00e9ficier des aides vacances de la CAF ?","answer":"Le crit\u00e8re principal est le revenu du foyer. Les aides sont g\u00e9n\u00e9ralement attribu\u00e9es en fonction du quotient familial, qui prend en compte les ressources et le nombre de personnes \u00e0 charge dans la famille."},"2":{"question":" Les aides vacances de la CAF sont-elles disponibles pour toutes les familles ?","answer":"Non, elles sont r\u00e9serv\u00e9es aux familles dont les revenus ne d\u00e9passent pas un certain seuil. Les aides sont destin\u00e9es principalement aux foyers modestes."},"3":{"question":"Y a-t-il des conditions sp\u00e9cifiques pour obtenir l\u2019Aide aux Vacances Familles (AVF) ?","answer":"Oui, pour b\u00e9n\u00e9ficier de l\u2019AVF, il faut que la famille soit b\u00e9n\u00e9ficiaire des prestations familiales de la CAF et que le s\u00e9jour soit r\u00e9serv\u00e9 dans un \u00e9tablissement agr\u00e9\u00e9 Vacaf."},"4":{"question":"Quelles sont les conditions pour obtenir l\u2019Aide aux Vacances Enfants (AVE) ?","answer":"Pour l\u2019AVE, les conditions incluent la n\u00e9cessit\u00e9 d\u2019\u00eatre allocataire de la CAF et d\u2019inscrire l\u2019enfant dans un s\u00e9jour agr\u00e9\u00e9 (colonies ou centres de loisirs). L\u2019aide est attribu\u00e9e selon le quotient familial et les revenus du foyer."},"5":{"question":" Y a-t-il des conditions li\u00e9es \u00e0 la situation g\u00e9ographique pour obtenir ces aides ?","answer":"Non, les aides vacances de la CAF sont disponibles sur tout le territoire fran\u00e7ais, \u00e0 condition que les s\u00e9jours soient r\u00e9alis\u00e9s dans des \u00e9tablissements agr\u00e9\u00e9s Vacaf."},"6":{"question":"Les familles avec un seul parent peuvent-elles b\u00e9n\u00e9ficier des aides vacances ?","answer":"Oui, les familles monoparentales peuvent \u00e9galement b\u00e9n\u00e9ficier des aides vacances de la CAF, \u00e0 condition de remplir les crit\u00e8res de revenu et d\u2019\u00e9ligibilit\u00e9 sp\u00e9cifi\u00e9s par la CAF."},"7":{"question":"","answer":""},"8":{"question":"","answer":""},"9":{"question":"","answer":""},"10":{"question":"","answer":""},"11":{"question":"","answer":""},"12":{"question":"","answer":""},"13":{"question":"","answer":""},"14":{"question":"","answer":""},"15":{"question":"","answer":""},"16":{"question":"","answer":""}}},"_links":{"self":[{"href":"https:\/\/www.mes-allocs.fr\/guides\/wp-json\/wp\/v2\/posts\/82789","targetHints":{"allow":["GET"]}}],"collection":[{"href":"https:\/\/www.mes-allocs.fr\/guides\/wp-json\/wp\/v2\/posts"}],"about":[{"href":"https:\/\/www.mes-allocs.fr\/guides\/wp-json\/wp\/v2\/types\/post"}],"author":[{"embeddable":true,"href":"https:\/\/www.mes-allocs.fr\/guides\/wp-json\/wp\/v2\/users\/26"}],"replies":[{"embeddable":true,"href":"https:\/\/www.mes-allocs.fr\/guides\/wp-json\/wp\/v2\/comments?post=82789"}],"version-history":[{"count":7,"href":"https:\/\/www.mes-allocs.fr\/guides\/wp-json\/wp\/v2\/posts\/82789\/revisions"}],"predecessor-version":[{"id":96205,"href":"https:\/\/www.mes-allocs.fr\/guides\/wp-json\/wp\/v2\/posts\/82789\/revisions\/96205"}],"wp:featuredmedia":[{"embeddable":true,"href":"https:\/\/www.mes-allocs.fr\/guides\/wp-json\/wp\/v2\/media\/28024"}],"wp:attachment":[{"href":"https:\/\/www.mes-allocs.fr\/guides\/wp-json\/wp\/v2\/media?parent=82789"}],"wp:term":[{"taxonomy":"category","embeddable":true,"href":"https:\/\/www.mes-allocs.fr\/guides\/wp-json\/wp\/v2\/categories?post=82789"},{"taxonomy":"post_tag","embeddable":true,"href":"https:\/\/www.mes-allocs.fr\/guides\/wp-json\/wp\/v2\/tags?post=82789"}],"curies":[{"name":"wp","href":"https:\/\/api.w.org\/{rel}","templated":true}]}}