{"id":82771,"date":"2024-09-16T16:24:21","date_gmt":"2024-09-16T14:24:21","guid":{"rendered":"https:\/\/www.mes-allocs.fr\/guides\/?p=82771"},"modified":"2026-04-22T10:51:53","modified_gmt":"2026-04-22T09:51:53","slug":"montant-aide-vacances-caf","status":"publish","type":"post","link":"https:\/\/www.mes-allocs.fr\/guides\/aide-vacances\/aide-vacances-caf\/montant-aide-vacances-caf\/","title":{"rendered":"Quel est le montant des aides aux vacances de la CAF ?"},"content":{"rendered":"<p><img loading=\"lazy\" decoding=\"async\" class=\"alignnone wp-image-80429 size-full\" title=\"montant aide vacances caf\" src=\"https:\/\/www.mes-allocs.fr\/guides\/wp-content\/uploads\/2024\/06\/money-1005479_1280-1-e1719222248192.jpg\" alt=\"montant aide vacances caf\" width=\"1280\" height=\"294\" srcset=\"https:\/\/www.mes-allocs.fr\/guides\/wp-content\/uploads\/2024\/06\/money-1005479_1280-1-e1719222248192.jpg 1280w, https:\/\/www.mes-allocs.fr\/guides\/wp-content\/uploads\/2024\/06\/money-1005479_1280-1-e1719222248192-300x69.jpg 300w, https:\/\/www.mes-allocs.fr\/guides\/wp-content\/uploads\/2024\/06\/money-1005479_1280-1-e1719222248192-1024x235.jpg 1024w, https:\/\/www.mes-allocs.fr\/guides\/wp-content\/uploads\/2024\/06\/money-1005479_1280-1-e1719222248192-768x176.jpg 768w, https:\/\/www.mes-allocs.fr\/guides\/wp-content\/uploads\/2024\/06\/money-1005479_1280-1-e1719222248192-600x138.jpg 600w\" sizes=\"auto, (max-width: 1280px) 100vw, 1280px\" \/><\/p>\n<p>Les vacances repr\u00e9sentent un moment essentiel pour le bien-\u00eatre et la coh\u00e9sion des familles. Cependant, pour de nombreux foyers modestes, le montant des vacances peut \u00eatre un obstacle. C\u2019est pourquoi des <a href=\"https:\/\/www.mes-allocs.fr\/guides\/aide-vacances\/aide-vacances-caf\/\">aides aux vacances CAF<\/a> sont propos\u00e9es pour permettre \u00e0 un plus grand nombre de familles de partir en vacances. Cet article vous \u00e9claire sur les diff\u00e9rents <strong>montants des aides aux vacances CAF<\/strong> en 2025, ainsi que sur les d\u00e9marches \u00e0 suivre pour b\u00e9n\u00e9ficier de ces aides.<\/p>\n<div class='cta-block'><div class='text'>Simulez toutes vos aides en 2 min.<\/div><a href='https:\/\/www.mes-allocs.fr\/ab-app?origin=guides\/wp-json\/wp\/v2\/posts\/82771' class='app-button fit'>Simulation gratuite<\/a><\/div>\n<h1>Les diff\u00e9rents types d\u2019aides aux vacances propos\u00e9es par la CAF<\/h1>\n<h2>L\u2019Aide aux Vacances Familles (AVF)<\/h2>\n<p>L\u2019Aide aux Vacances Familles (AVF) est une aide financi\u00e8re d\u00e9di\u00e9e aux familles qui souhaitent partir en vacances ensemble. Elle est accord\u00e9e aux foyers modestes pour r\u00e9duire les frais de s\u00e9jours. L\u2019objectif est d\u2019encourager les d\u00e9parts en vacances pour des familles qui ne pourraient pas se le permettre autrement. Les <a href=\"https:\/\/www.mes-allocs.fr\/guides\/aide-vacances\/aide-vacances-caf\/aide-vacances-caf-conditions\/\">conditions d\u2019attribution des aides vacances CAF<\/a> d\u00e9pendent du quotient familial, qui est un indicateur calcul\u00e9 par la CAF en fonction des revenus du foyer et du nombre d\u2019enfants \u00e0 charge.<\/p>\n<h2>L\u2019Aide aux Vacances Enfants (AVE)<\/h2>\n<p>L\u2019Aide aux Vacances Enfants (AVE) s\u2019adresse sp\u00e9cifiquement aux familles souhaitant envoyer leurs enfants en colonies de vacances ou en s\u00e9jours \u00e9ducatifs. Cela permet aux jeunes de profiter de vacances enrichissantes et de d\u00e9couvrir de nouveaux horizons, tout en all\u00e9geant la charge financi\u00e8re pour les parents. Comme pour l\u2019AVF, l\u2019attribution de l\u2019AVE d\u00e9pend \u00e9galement du quotient familial.<\/p>\n<div class='cta-block'><div class='text'>Simulez toutes vos aides en 2 min.<\/div><a href='https:\/\/www.mes-allocs.fr\/ab-app?origin=guides\/wp-json\/wp\/v2\/posts\/82771' class='app-button fit'>Simulation gratuite<\/a><\/div>\n<h1>Montants des aides aux vacances de la CAF en 2025<\/h1>\n<p>Les aides aux vacances de la CAF sont con\u00e7ues pour rendre les vacances plus accessibles aux familles et aux enfants en situation de pr\u00e9carit\u00e9. Elles se composent de plusieurs dispositifs :<\/p>\n<h2>Fourchette de montants pour l\u2019Aide aux Vacances Familles (AVF)<\/h2>\n<p>En 2025, les montants de l\u2019Aide aux Vacances Familles varient en fonction du quotient familial. Les familles les plus modestes, avec un quotient familial en dessous de 600 \u20ac, peuvent b\u00e9n\u00e9ficier d\u2019une prise en charge pouvant aller jusqu&rsquo;\u00e0 60 % du co\u00fbt total du s\u00e9jour. Pour les foyers avec un quotient familial l\u00e9g\u00e8rement plus \u00e9lev\u00e9 (entre 600 \u20ac et 900 \u20ac), la participation de la CAF est r\u00e9duite, autour de 30 % \u00e0 40 % des frais de vacances. Le montant exact varie aussi selon la dur\u00e9e du s\u00e9jour, la destination choisie et les offres Vacaf disponibles dans le d\u00e9partement.<\/p>\n<h2>Montants de l\u2019Aide aux Vacances Enfants (AVE)<\/h2>\n<p>Le montant de l\u2019Aide aux Vacances Enfants en 2025 est \u00e9galement calcul\u00e9 en fonction du quotient familial. En g\u00e9n\u00e9ral, cette aide couvre entre 40% et 70%\u00a0 du co\u00fbt total du s\u00e9jour pour les enfants, selon les revenus des parents. Les montants et conditions varient selon les CAF d\u00e9partementales.<\/p>\n<h2>Comment est d\u00e9fini le montant des aides aux vacances de la CAF ?<\/h2>\n<p>Le montant des aides aux vacances de la CAF est principalement d\u00e9fini par deux crit\u00e8res : le quotient familial et le type de s\u00e9jour choisi. Le quotient familial est un indicateur qui permet de mesurer les ressources de la famille par rapport \u00e0 sa composition (nombre d\u2019enfants \u00e0 charge). Plus le quotient est bas, plus l\u2019aide attribu\u00e9e sera importante.<\/p>\n<p>Pour les s\u00e9jours familiaux (AVF), le montant est calcul\u00e9 en fonction du co\u00fbt global des vacances, de la dur\u00e9e du s\u00e9jour et des partenariats avec des organismes agr\u00e9\u00e9s Vacaf. Pour les s\u00e9jours enfants (AVE), l\u2019aide est d\u00e9termin\u00e9e en tenant compte du tarif du s\u00e9jour en colonie ou centre de loisirs, mais aussi du lieu de r\u00e9sidence de l\u2019enfant et de l\u2019organisme partenaire.<\/p>\n<p><iframe loading=\"lazy\" title=\"Toutes les aides pour partir en vacances\" width=\"500\" height=\"281\" src=\"https:\/\/www.youtube.com\/embed\/VcVrxYolWwc?feature=oembed\" frameborder=\"0\" allow=\"accelerometer; autoplay; clipboard-write; encrypted-media; gyroscope; picture-in-picture; web-share\" referrerpolicy=\"strict-origin-when-cross-origin\" allowfullscreen><\/iframe><\/p>\n<h1>Proc\u00e9dures et modalit\u00e9s de versement de l\u2019aide aux vacances CAF<\/h1>\n<h2>Comment faire la demande ?<\/h2>\n<p>Pour b\u00e9n\u00e9ficier des aides vacances de la CAF, les d\u00e9marches sont simples mais doivent respecter un calendrier pr\u00e9cis. Il est indispensable de v\u00e9rifier d\u2019abord son \u00e9ligibilit\u00e9 sur le site de la CAF ou directement via le portail Vacaf, accessible depuis l\u2019espace personnel de l\u2019allocataire. Ensuite, une fois le s\u00e9jour s\u00e9lectionn\u00e9 parmi les partenaires Vacaf, il suffit de remplir les formulaires de <a href=\"https:\/\/www.mes-allocs.fr\/guides\/aide-vacances\/aide-vacances-caf\/demande-aide-vacances-caf\/\">demande d&rsquo;aides aux vacances CAF<\/a>. Les formulaires se remplissent en ligne. Vous pouvez aussi contacter directement l\u2019organisme de vacances. Attention, certaines aides n\u00e9cessitent de s\u2019y prendre plusieurs mois \u00e0 l\u2019avance, surtout en p\u00e9riode estivale.<\/p>\n<h2>Modalit\u00e9s de versement de l\u2019aide<\/h2>\n<p>L\u2019aide vacances de la CAF n\u2019est pas vers\u00e9e directement aux b\u00e9n\u00e9ficiaires, mais elle est d\u00e9duite du co\u00fbt total du s\u00e9jour. La famille paye alors uniquement la part restante apr\u00e8s l\u2019application de l\u2019aide. Le versement est effectu\u00e9 par la CAF directement aupr\u00e8s de l\u2019organisme de vacances agr\u00e9\u00e9 Vacaf, une fois la r\u00e9servation confirm\u00e9e. Il est donc crucial de choisir un s\u00e9jour qui fait partie du r\u00e9seau Vacaf pour profiter de l\u2019aide.<\/p>\n<h1>Impact des aides aux vacances sur les familles b\u00e9n\u00e9ficiaires<\/h1>\n<h2>R\u00e9duction des co\u00fbts de vacances pour les foyers modestes<\/h2>\n<p>Les aides aux vacances de la CAF permettent \u00e0 de nombreuses familles modestes de partir en vacances, un luxe souvent inabordable sans cette aide. Ces subventions r\u00e9duisent consid\u00e9rablement les frais, rendant les s\u00e9jours accessibles \u00e0 des foyers aux revenus modestes, et contribuent ainsi \u00e0 leur bien-\u00eatre et \u00e0 celui des enfants. En all\u00e9geant cette charge financi\u00e8re, la CAF permet \u00e0 ces familles de s\u2019offrir un moment de r\u00e9pit et de renforcer les liens familiaux.<\/p>\n<h2>Cas particuliers et droits suppl\u00e9mentaires<\/h2>\n<p>En plus des aides classiques (AVF et AVE), certaines familles peuvent b\u00e9n\u00e9ficier de droits suppl\u00e9mentaires. Par exemple, les familles nombreuses ou monoparentales peuvent recevoir une aide plus importante, tout comme les familles ayant des enfants en situation de handicap. Il existe aussi des programmes sp\u00e9cifiques pour les jeunes en insertion ou les seniors, bien que ces derniers soient souvent rattach\u00e9s \u00e0 d\u2019autres dispositifs sociaux.<\/p>\n<div class=\"flex max-w-full flex-col flex-grow\">\n<div class=\"min-h-[20px] text-message flex w-full flex-col items-end gap-2 whitespace-normal break-words [.text-message+&amp;]:mt-5\" dir=\"auto\" data-message-author-role=\"assistant\" data-message-id=\"b956c96e-e305-41b6-86ab-b32b602209d3\">\n<div class=\"flex w-full flex-col gap-1 empty:hidden first:pt-[3px]\">\n<div class=\"markdown prose w-full break-words dark:prose-invert dark\">\n<p>Les aides aux vacances propos\u00e9es par la CAF en 2024, qu\u2019il s\u2019agisse de l\u2019Aide aux Vacances Familles (AVF) ou de l\u2019Aide aux Vacances Enfants (AVE), permettent \u00e0 de nombreuses familles de partir en vacances malgr\u00e9 des revenus modestes. Gr\u00e2ce \u00e0 des montants variables selon le quotient familial et les types de s\u00e9jours, ces aides sont une v\u00e9ritable bouff\u00e9e d\u2019air frais pour les foyers en difficult\u00e9. Que ce soit pour des s\u00e9jours familiaux ou des colonies de vacances pour les enfants, les d\u00e9marches pour en b\u00e9n\u00e9ficier sont simples et accessibles, rendant les vacances une r\u00e9alit\u00e9 pour un plus grand nombre de familles.<\/p>\n<\/div>\n<\/div>\n<\/div>\n<\/div>\n<div class='cta-block'><div class='text'>Simulez toutes vos aides en 2 min.<\/div><a href='https:\/\/www.mes-allocs.fr\/ab-app?origin=guides\/wp-json\/wp\/v2\/posts\/82771' class='app-button fit'>Simulation gratuite<\/a><\/div>\n","protected":false},"excerpt":{"rendered":"<p>Les vacances repr\u00e9sentent un moment essentiel pour le bien-\u00eatre et la coh\u00e9sion des familles. Cependant, pour de nombreux foyers modestes, le montant des vacances peut \u00eatre un obstacle. C\u2019est pourquoi des aides aux vacances CAF sont propos\u00e9es pour permettre \u00e0 un plus grand nombre de familles de partir en vacances. Cet article vous \u00e9claire sur [&hellip;]<\/p>\n","protected":false},"author":26,"featured_media":81691,"comment_status":"open","ping_status":"open","sticky":false,"template":"","format":"standard","meta":{"amp_status":"","footnotes":""},"categories":[38652,38670],"tags":[],"class_list":["post-82771","post","type-post","status-publish","format-standard","has-post-thumbnail","hentry","category-aide-vacances","category-aide-vacances-caf"],"yoast_head":"<!-- This site is optimized with the Yoast SEO plugin v14.9 - https:\/\/yoast.com\/wordpress\/plugins\/seo\/ -->\n<title>Quel est le montant des aides aux vacances CAF en 2025 ?<\/title>\n<meta name=\"description\" content=\"Le montant des vacances peut \u00eatre un obstacle. C\u2019est pourquoi la CAF (Caisse d\u2019Allocations Familiales) propose des aides sp\u00e9cifiques.\" \/>\n<meta name=\"robots\" content=\"index, follow, max-snippet:-1, max-image-preview:large, max-video-preview:-1\" \/>\n<link rel=\"canonical\" href=\"https:\/\/www.mes-allocs.fr\/guides\/aide-vacances\/aide-vacances-caf\/montant-aide-vacances-caf\/\" \/>\n<meta property=\"og:locale\" content=\"fr_FR\" \/>\n<meta property=\"og:type\" content=\"article\" \/>\n<meta property=\"og:title\" content=\"Quel est le montant des aides aux vacances CAF en 2025 ?\" \/>\n<meta property=\"og:description\" content=\"Le montant des vacances peut \u00eatre un obstacle. C\u2019est pourquoi la CAF (Caisse d\u2019Allocations Familiales) propose des aides sp\u00e9cifiques.\" \/>\n<meta property=\"og:url\" content=\"https:\/\/www.mes-allocs.fr\/guides\/aide-vacances\/aide-vacances-caf\/montant-aide-vacances-caf\/\" \/>\n<meta property=\"og:site_name\" content=\"Mes-Allocs.fr\" \/>\n<meta property=\"article:published_time\" content=\"2024-09-16T14:24:21+00:00\" \/>\n<meta property=\"article:modified_time\" content=\"2026-04-22T09:51:53+00:00\" \/>\n<meta property=\"og:image\" content=\"https:\/\/www.mes-allocs.fr\/guides\/wp-content\/uploads\/2024\/08\/money-1005479_1280.jpg?wsr\" \/>\n\t<meta property=\"og:image:width\" content=\"1280\" \/>\n\t<meta property=\"og:image:height\" content=\"826\" \/>\n<meta name=\"twitter:card\" content=\"summary_large_image\" \/>\n<script type=\"application\/ld+json\" class=\"yoast-schema-graph\">{\"@context\":\"https:\/\/schema.org\",\"@graph\":[{\"@type\":\"WebSite\",\"@id\":\"https:\/\/www.mes-allocs.fr\/guides\/#website\",\"url\":\"https:\/\/www.mes-allocs.fr\/guides\/\",\"name\":\"Mes-Allocs.fr\",\"description\":\"\",\"potentialAction\":[{\"@type\":\"SearchAction\",\"target\":\"https:\/\/www.mes-allocs.fr\/guides\/?s={search_term_string}\",\"query-input\":\"required name=search_term_string\"}],\"inLanguage\":\"fr-FR\"},{\"@type\":\"ImageObject\",\"@id\":\"https:\/\/www.mes-allocs.fr\/guides\/aide-vacances\/aide-vacances-caf\/montant-aide-vacances-caf\/#primaryimage\",\"inLanguage\":\"fr-FR\",\"url\":\"https:\/\/www.mes-allocs.fr\/guides\/wp-content\/uploads\/2024\/08\/money-1005479_1280.jpg?wsr\",\"width\":1280,\"height\":826,\"caption\":\"aide colonie de vacances\"},{\"@type\":\"WebPage\",\"@id\":\"https:\/\/www.mes-allocs.fr\/guides\/aide-vacances\/aide-vacances-caf\/montant-aide-vacances-caf\/#webpage\",\"url\":\"https:\/\/www.mes-allocs.fr\/guides\/aide-vacances\/aide-vacances-caf\/montant-aide-vacances-caf\/\",\"name\":\"Quel est le montant des aides aux vacances CAF en 2025 ?\",\"isPartOf\":{\"@id\":\"https:\/\/www.mes-allocs.fr\/guides\/#website\"},\"primaryImageOfPage\":{\"@id\":\"https:\/\/www.mes-allocs.fr\/guides\/aide-vacances\/aide-vacances-caf\/montant-aide-vacances-caf\/#primaryimage\"},\"datePublished\":\"2024-09-16T14:24:21+00:00\",\"dateModified\":\"2026-04-22T09:51:53+00:00\",\"author\":{\"@id\":\"https:\/\/www.mes-allocs.fr\/guides\/#\/schema\/person\/9c38f3be41a0ddcd1e3fde5a3df713bf\"},\"description\":\"Le montant des vacances peut \\u00eatre un obstacle. C\\u2019est pourquoi la CAF (Caisse d\\u2019Allocations Familiales) propose des aides sp\\u00e9cifiques.\",\"inLanguage\":\"fr-FR\"},{\"@type\":\"Person\",\"@id\":\"https:\/\/www.mes-allocs.fr\/guides\/#\/schema\/person\/9c38f3be41a0ddcd1e3fde5a3df713bf\",\"name\":\"Sessime Ananou\",\"image\":{\"@type\":\"ImageObject\",\"@id\":\"https:\/\/www.mes-allocs.fr\/guides\/#personlogo\",\"inLanguage\":\"fr-FR\",\"url\":\"https:\/\/www.mes-allocs.fr\/guides\/wp-content\/uploads\/2023\/08\/IMG_8173-150x150.jpg\",\"caption\":\"Sessime Ananou\"},\"description\":\"Sessime est r\\u00e9dactrice chez Mes Allocs, sp\\u00e9cialis\\u00e9e sur le pouvoir d'achat. Elle rejoint l'\\u00e9quipe Mes Allocs en ao\\u00fbt 2023 afin de simplifier l'acc\\u00e8s \\u00e0 l'information sur les aides en g\\u00e9n\\u00e9ral.\"}]}<\/script>\n<!-- \/ Yoast SEO plugin. -->","amp_validity":null,"acf":{"faq":{"1":{"question":"Quelles sont les aides vacances propos\u00e9es par la CAF ?","answer":"La CAF propose principalement deux types d\u2019aides aux vacances : l\u2019Aide aux Vacances Familles (AVF) pour les s\u00e9jours familiaux, et l\u2019Aide aux Vacances Enfants (AVE) pour les colonies ou centres de loisirs des enfants."},"2":{"question":"Quel est le montant de l\u2019Aide aux Vacances Familles (AVF) ?","answer":"Le montant de l\u2019AVF varie selon le quotient familial. Il peut couvrir entre 30 % et 60 % des frais de vacances, avec une prise en charge plus \u00e9lev\u00e9e pour les familles les plus modestes."},"3":{"question":"Quel est le montant de l\u2019Aide aux Vacances Enfants (AVE) ?","answer":"L\u2019AVE peut prendre en charge entre 50 % et 80 % du co\u00fbt des s\u00e9jours des enfants en colonies ou centres de vacances, avec une aide maximale pouvant atteindre 450 \u20ac par enfant selon les conditions."},"4":{"question":"Comment est calcul\u00e9 le montant des aides de la CAF ?","answer":"Le montant est calcul\u00e9 en fonction du quotient familial, des ressources du foyer et du type de s\u00e9jour choisi (famille ou enfant). Les aides sont proportionnelles aux revenus des b\u00e9n\u00e9ficiaires."},"5":{"question":"Comment est vers\u00e9e l\u2019aide aux vacances de la CAF ?","answer":"L\u2019aide n\u2019est pas vers\u00e9e directement aux familles. Elle est d\u00e9duite du co\u00fbt du s\u00e9jour, et la CAF verse directement le montant de l\u2019aide \u00e0 l\u2019organisme de vacances agr\u00e9\u00e9 Vacaf."},"6":{"question":"Peut-on cumuler plusieurs aides vacances de la CAF ?","answer":"Non, les aides ne sont pas cumulables. Une famille ne peut b\u00e9n\u00e9ficier que d\u2019une seule aide par type de s\u00e9jour (AVF ou AVE) par an."},"7":{"question":"","answer":""},"8":{"question":"","answer":""},"9":{"question":"","answer":""},"10":{"question":"","answer":""},"11":{"question":"","answer":""},"12":{"question":"","answer":""},"13":{"question":"","answer":""},"14":{"question":"","answer":""},"15":{"question":"","answer":""},"16":{"question":"","answer":""}}},"_links":{"self":[{"href":"https:\/\/www.mes-allocs.fr\/guides\/wp-json\/wp\/v2\/posts\/82771","targetHints":{"allow":["GET"]}}],"collection":[{"href":"https:\/\/www.mes-allocs.fr\/guides\/wp-json\/wp\/v2\/posts"}],"about":[{"href":"https:\/\/www.mes-allocs.fr\/guides\/wp-json\/wp\/v2\/types\/post"}],"author":[{"embeddable":true,"href":"https:\/\/www.mes-allocs.fr\/guides\/wp-json\/wp\/v2\/users\/26"}],"replies":[{"embeddable":true,"href":"https:\/\/www.mes-allocs.fr\/guides\/wp-json\/wp\/v2\/comments?post=82771"}],"version-history":[{"count":10,"href":"https:\/\/www.mes-allocs.fr\/guides\/wp-json\/wp\/v2\/posts\/82771\/revisions"}],"predecessor-version":[{"id":96204,"href":"https:\/\/www.mes-allocs.fr\/guides\/wp-json\/wp\/v2\/posts\/82771\/revisions\/96204"}],"wp:featuredmedia":[{"embeddable":true,"href":"https:\/\/www.mes-allocs.fr\/guides\/wp-json\/wp\/v2\/media\/81691"}],"wp:attachment":[{"href":"https:\/\/www.mes-allocs.fr\/guides\/wp-json\/wp\/v2\/media?parent=82771"}],"wp:term":[{"taxonomy":"category","embeddable":true,"href":"https:\/\/www.mes-allocs.fr\/guides\/wp-json\/wp\/v2\/categories?post=82771"},{"taxonomy":"post_tag","embeddable":true,"href":"https:\/\/www.mes-allocs.fr\/guides\/wp-json\/wp\/v2\/tags?post=82771"}],"curies":[{"name":"wp","href":"https:\/\/api.w.org\/{rel}","templated":true}]}}