{"id":82564,"date":"2024-09-12T15:27:41","date_gmt":"2024-09-12T13:27:41","guid":{"rendered":"https:\/\/www.mes-allocs.fr\/guides\/?p=82564"},"modified":"2026-04-22T10:51:53","modified_gmt":"2026-04-22T09:51:53","slug":"declarer-pension-invalidite-caf","status":"publish","type":"post","link":"https:\/\/www.mes-allocs.fr\/guides\/pension-invalidite\/demande-pension-invalidite\/declaration-pension-invalidite\/declarer-pension-invalidite-caf\/","title":{"rendered":"Faut-il d\u00e9clarer sa pension d&rsquo;invalidit\u00e9 \u00e0 la CAF ?"},"content":{"rendered":"<p><img loading=\"lazy\" decoding=\"async\" class=\"alignnone wp-image-26188 \" title=\"faut-il d\u00e9clarer pension invalidit\u00e9 \u00e0 la caf\" src=\"https:\/\/www.mes-allocs.fr\/guides\/wp-content\/uploads\/2021\/05\/Logo-CAF.jpg\" alt=\"faut-il d\u00e9clarer pension invalidit\u00e9 \u00e0 la caf\" width=\"840\" height=\"420\" srcset=\"https:\/\/www.mes-allocs.fr\/guides\/wp-content\/uploads\/2021\/05\/Logo-CAF.jpg 700w, https:\/\/www.mes-allocs.fr\/guides\/wp-content\/uploads\/2021\/05\/Logo-CAF-300x150.jpg 300w, https:\/\/www.mes-allocs.fr\/guides\/wp-content\/uploads\/2021\/05\/Logo-CAF-600x300.jpg 600w\" sizes=\"auto, (max-width: 840px) 100vw, 840px\" \/><\/p>\n<p><strong>La <a href=\"https:\/\/www.mes-allocs.fr\/guides\/pension-invalidite\/\">pension d\u2019invalidit\u00e9<\/a> est une prestation vers\u00e9e aux personnes qui, en raison de leur \u00e9tat de sant\u00e9, sont partiellement ou totalement incapables de travailler. Il est important de savoir comment cette pension interagit avec d\u2019autres aides sociales, notamment celles de la Caisse d&rsquo;Allocations Familiales (CAF). Vous vous demandez s\u00fbrement si vous devez d\u00e9clarer votre pension d\u2019invalidit\u00e9 \u00e0 la CAF et quelles en sont les cons\u00e9quences sur vos droits et allocations. Cet article r\u00e9pond \u00e0 ces questions courantes pour vous guider dans la gestion de vos prestations sociales.<\/strong><\/p>\n<div class='cta-block'><div class='text'>Simulez toutes vos aides en 2 min.<\/div><a href='https:\/\/www.mes-allocs.fr\/ab-app?origin=guides\/wp-json\/wp\/v2\/posts\/82564' class='app-button fit'>Simulation gratuite<\/a><\/div>\n<h1>Doit-on d\u00e9clarer la pension d&rsquo;invalidit\u00e9 \u00e0 la CAF ?<\/h1>\n<h2>Pourquoi d\u00e9clarer sa pension d\u2019invalidit\u00e9 \u00e0 la CAF ?<\/h2>\n<h3>Impact sur les droits aux prestations sociales<\/h3>\n<p>La pension d\u2019invalidit\u00e9 est une prestation vers\u00e9e aux personnes reconnues comme invalides, ce qui implique une diminution ou une incapacit\u00e9 \u00e0 exercer une activit\u00e9 professionnelle. Cependant, faire une <a href=\"https:\/\/www.mes-allocs.fr\/guides\/pension-invalidite\/demande-pension-invalidite\/\">demande de pension d&rsquo;invalidit\u00e9<\/a> a des impacts sur les droits \u00e0 d&rsquo;autres aides sociales, notamment celles distribu\u00e9es par la Caisse d&rsquo;Allocations Familiales (CAF).<\/p>\n<p>Les prestations de la CAF, comme l&rsquo;Allocation aux Adultes Handicap\u00e9s (AAH), l\u2019aide au logement (APL) ou encore le RSA, sont calcul\u00e9es en fonction des revenus des allocataires. La pension d\u2019invalidit\u00e9 est consid\u00e9r\u00e9e comme un revenu, et son montant peut influencer les prestations vers\u00e9es par la CAF. Si vous percevez une pension d\u2019invalidit\u00e9, il est donc essentiel de la d\u00e9clarer \u00e0 la CAF, car cela peut modifier le montant des allocations auxquelles vous avez droit. Dans certains cas, la non-d\u00e9claration pourrait entra\u00eener des paiements injustifi\u00e9s ou un recalcul r\u00e9troactif des prestations.<\/p>\n<p>En d\u00e9clarant correctement votre pension, vous assurez une gestion transparente de vos droits et vous \u00e9vitez tout risque de trop-per\u00e7u de la part de la CAF. La pension d\u2019invalidit\u00e9 peut, par exemple, diminuer l\u2019APL si elle fait passer le total de vos revenus au-del\u00e0 d\u2019un certain seuil.<\/p>\n<h2>Obligation l\u00e9gale<\/h2>\n<p>D\u00e9clarer sa pension d\u2019invalidit\u00e9 \u00e0 la CAF n\u2019est pas seulement une question de transparence, c&rsquo;est une obligation l\u00e9gale. Toute modification de situation financi\u00e8re, comme l\u2019obtention d\u2019une pension d\u2019invalidit\u00e9, doit \u00eatre signal\u00e9e \u00e0 la CAF dans les d\u00e9lais pr\u00e9vus. Cette obligation vise \u00e0 assurer une mise \u00e0 jour r\u00e9guli\u00e8re de votre dossier, afin de permettre \u00e0 la CAF d\u2019ajuster ses versements et de garantir que chaque allocataire per\u00e7oit ce \u00e0 quoi il a r\u00e9ellement droit.<\/p>\n<p>La non-d\u00e9claration peut \u00eatre consid\u00e9r\u00e9e comme une fraude aux prestations sociales, entra\u00eenant des sanctions allant de la demande de remboursement des sommes ind\u00fbment per\u00e7ues \u00e0 des poursuites judiciaires dans les cas les plus graves. Ainsi, la <a href=\"https:\/\/www.mes-allocs.fr\/guides\/pension-invalidite\/demande-pension-invalidite\/declaration-pension-invalidite\/\">d\u00e9claration de la pension d\u2019invalidit\u00e9<\/a> n\u2019est pas seulement n\u00e9cessaire pour ajuster vos prestations, mais aussi pour respecter vos obligations l\u00e9gales envers l&rsquo;administration.<\/p>\n<div class='cta-block'><div class='text'>Simulez toutes vos aides en 2 min.<\/div><a href='https:\/\/www.mes-allocs.fr\/ab-app?origin=guides\/wp-json\/wp\/v2\/posts\/82564' class='app-button fit'>Simulation gratuite<\/a><\/div>\n<h1>Comment d\u00e9clarer sa pension d\u2019invalidit\u00e9 \u00e0 la CAF ?<\/h1>\n<h2>Proc\u00e9dure de d\u00e9claration de la pension d\u2019invalidit\u00e9 \u00e0 la CAF<\/h2>\n<p>D\u00e9clarer votre pension d\u2019invalidit\u00e9 \u00e0 la CAF est une proc\u00e9dure relativement simple. Vous pouvez le faire de plusieurs mani\u00e8res : en ligne, par courrier ou directement aupr\u00e8s d\u2019un agent CAF dans une antenne locale.<\/p>\n<ul>\n<li><strong>En ligne<\/strong> : la plupart des d\u00e9clarations se font d\u00e9sormais via l\u2019espace personnel sur le site de la CAF. Apr\u00e8s vous \u00eatre connect\u00e9 \u00e0 votre compte, vous pouvez acc\u00e9der \u00e0 la rubrique \u00ab D\u00e9clarer un changement de situation \u00bb o\u00f9 vous pourrez indiquer que vous percevez d\u00e9sormais une pension d\u2019invalidit\u00e9.<\/li>\n<li><strong>Par courrier<\/strong> : si vous pr\u00e9f\u00e9rez la version papier, vous pouvez envoyer une lettre \u00e0 votre antenne CAF en joignant une copie de votre attestation de pension d\u2019invalidit\u00e9.<\/li>\n<li><strong>En personne<\/strong> : vous pouvez \u00e9galement vous rendre dans une antenne CAF pour effectuer cette d\u00e9marche en demandant \u00e0 rencontrer un conseiller.<\/li>\n<\/ul>\n<h2>Documents n\u00e9cessaires pour d\u00e9clarer la pension d\u2019invalidit\u00e9 \u00e0 la CAF<\/h2>\n<p>Afin de faciliter le traitement de votre demande, certains documents sont indispensables lors de la d\u00e9claration de votre pension d\u2019invalidit\u00e9 \u00e0 la CAF. Vous devez notamment fournir :<\/p>\n<ul>\n<li>L\u2019attestation de pension d\u00e9livr\u00e9e par votre caisse d\u2019assurance maladie ou par tout autre organisme qui vous verse cette pension.<\/li>\n<li>Vos derniers bulletins de paiement de la pension, permettant de justifier des montants per\u00e7us.<\/li>\n<li>Une d\u00e9claration de ressources actualis\u00e9e si vous percevez d\u2019autres revenus ou aides en parall\u00e8le de la pension d\u2019invalidit\u00e9.<\/li>\n<\/ul>\n<p>Ces documents permettront \u00e0 la CAF de calculer pr\u00e9cis\u00e9ment le montant de vos prestations, en tenant compte de votre pension d\u2019invalidit\u00e9.<\/p>\n<h2>\u00c9ch\u00e9ances de la d\u00e9claration de la pension d&rsquo;invalidit\u00e9 aupr\u00e8s de la CAF<\/h2>\n<p>La d\u00e9claration de votre pension d\u2019invalidit\u00e9 doit \u00eatre effectu\u00e9e d\u00e8s que vous commencez \u00e0 percevoir cette prestation. Il est recommand\u00e9 de ne pas attendre la prochaine mise \u00e0 jour trimestrielle de vos ressources pour informer la CAF. La d\u00e9claration doit \u00eatre faite imm\u00e9diatement apr\u00e8s le changement de situation. En r\u00e8gle g\u00e9n\u00e9rale, la CAF vous demandera de mettre \u00e0 jour votre situation tous les trois mois, et c\u2019est lors de cette r\u00e9vision p\u00e9riodique que vous devrez confirmer la perception de la pension.<\/p>\n<h2>Cons\u00e9quences de la d\u00e9claration sur les aides et prestations<\/h2>\n<h3>Ajustement des prestations<\/h3>\n<p>Une fois la pension d\u2019invalidit\u00e9 d\u00e9clar\u00e9e, la CAF ajustera vos prestations en cons\u00e9quence. Par exemple, si vous percevez une AAH, le montant pourrait \u00eatre revu \u00e0 la baisse en fonction des nouveaux revenus per\u00e7us via la pension d\u2019invalidit\u00e9. De m\u00eame, si vous b\u00e9n\u00e9ficiez d\u2019une aide au logement, celle-ci pourrait \u00eatre diminu\u00e9e si la pension fait augmenter vos revenus totaux au-del\u00e0 des plafonds.<\/p>\n<p>Il est important de noter que la pension d\u2019invalidit\u00e9 peut, dans certains cas, conduire \u00e0 une diminution des aides, mais elle ne les supprime pas n\u00e9cessairement. L\u2019ajustement des aides est calcul\u00e9 de mani\u00e8re progressive, en tenant compte de la totalit\u00e9 des revenus du foyer.<\/p>\n<h3>Gestion des erreurs ou omissions<\/h3>\n<p>En cas d&rsquo;erreur ou d&rsquo;omission dans la d\u00e9claration, la CAF proc\u00e9dera \u00e0 une r\u00e9gularisation des sommes vers\u00e9es. Si la pension d\u2019invalidit\u00e9 n\u2019a pas \u00e9t\u00e9 d\u00e9clar\u00e9e, la CAF pourrait r\u00e9clamer le remboursement des prestations vers\u00e9es en trop. Si l\u2019erreur est involontaire, une explication rapide aupr\u00e8s de la CAF peut permettre d\u2019\u00e9viter des sanctions plus graves, comme la suspension des prestations ou l\u2019application d\u2019int\u00e9r\u00eats de retard.<\/p>\n<p>Il est donc crucial de v\u00e9rifier l\u2019exactitude des informations fournies et de contacter imm\u00e9diatement la CAF en cas de doute ou d\u2019oubli.<\/p>\n<p><iframe loading=\"lazy\" title=\"La pension d&#039;invalidit\u00e9\" width=\"500\" height=\"281\" src=\"https:\/\/www.youtube.com\/embed\/_UJaa1UDtZs?feature=oembed\" frameborder=\"0\" allow=\"accelerometer; autoplay; clipboard-write; encrypted-media; gyroscope; picture-in-picture; web-share\" referrerpolicy=\"strict-origin-when-cross-origin\" allowfullscreen><\/iframe><\/p>\n<h1>Quelles sont les risques de ne pas d\u00e9clarer sa pension d&rsquo;invalidit\u00e9 \u00e0 la CAF ?<\/h1>\n<h2>Sanctions financi\u00e8res et administratives<\/h2>\n<p>Ne pas d\u00e9clarer sa pension d\u2019invalidit\u00e9 \u00e0 la CAF peut avoir des cons\u00e9quences financi\u00e8res lourdes. La CAF peut r\u00e9clamer les sommes vers\u00e9es ind\u00fbment si elle s\u2019aper\u00e7oit que vos revenus, incluant la pension, d\u00e9passent le plafond de ressources ouvrant droit aux allocations. Ce remboursement peut concerner plusieurs mois de prestations, entra\u00eenant une dette importante.<\/p>\n<p>De plus, si la non-d\u00e9claration est consid\u00e9r\u00e9e comme intentionnelle, des sanctions administratives peuvent \u00eatre appliqu\u00e9es. Il peut s\u2019agir de la suspension de certaines aides, d&rsquo;une exclusion temporaire ou permanente des dispositifs d\u2019aides sociales, voire d&rsquo;amendes pour fraude aux prestations sociales.<\/p>\n<h2>Risque juridique<\/h2>\n<p>Dans les cas les plus graves, lorsque la non-d\u00e9claration est d\u00e9lib\u00e9r\u00e9e et r\u00e9p\u00e9t\u00e9e, la CAF peut engager des poursuites judiciaires contre l\u2019allocataire. Cela pourrait entra\u00eener une condamnation p\u00e9nale, avec des peines variant selon la gravit\u00e9 de la fraude constat\u00e9e. Une enqu\u00eate peut \u00eatre ouverte pour fraude sociale, et cela peut \u00e9galement entra\u00eener une inscription sur une liste de fraudeurs, ce qui rendrait plus difficile l&rsquo;acc\u00e8s \u00e0 d&rsquo;autres prestations \u00e0 l&rsquo;avenir.<\/p>\n<div class='cta-block'><div class='text'>Simulez toutes vos aides en 2 min.<\/div><a href='https:\/\/www.mes-allocs.fr\/ab-app?origin=guides\/wp-json\/wp\/v2\/posts\/82564' class='app-button fit'>Simulation gratuite<\/a><\/div>\n<p>&nbsp;<\/p>\n","protected":false},"excerpt":{"rendered":"<p>La pension d\u2019invalidit\u00e9 est une prestation vers\u00e9e aux personnes qui, en raison de leur \u00e9tat de sant\u00e9, sont partiellement ou totalement incapables de travailler. Il est important de savoir comment cette pension interagit avec d\u2019autres aides sociales, notamment celles de la Caisse d&rsquo;Allocations Familiales (CAF). Vous vous demandez s\u00fbrement si vous devez d\u00e9clarer votre pension [&hellip;]<\/p>\n","protected":false},"author":26,"featured_media":0,"comment_status":"open","ping_status":"open","sticky":false,"template":"","format":"standard","meta":{"amp_status":"","footnotes":""},"categories":[38685,36696,35633],"tags":[],"class_list":["post-82564","post","type-post","status-publish","format-standard","hentry","category-declaration-pension-invalidite","category-demande-pension-invalidite","category-pension-invalidite"],"yoast_head":"<!-- This site is optimized with the Yoast SEO plugin v14.9 - https:\/\/yoast.com\/wordpress\/plugins\/seo\/ -->\n<title>Faut-il d\u00e9clarer sa pension d&#039;invalidit\u00e9 \u00e0 la CAF ? | Mes-Allocs.fr<\/title>\n<meta name=\"description\" content=\"Vous vous demandez s\u00fbrement si vous devez d\u00e9clarer votre pension d\u2019invalidit\u00e9 \u00e0 la CAF ? Cet article r\u00e9pond \u00e0 ces questions courantes.\" \/>\n<meta name=\"robots\" content=\"index, follow, max-snippet:-1, max-image-preview:large, max-video-preview:-1\" \/>\n<link rel=\"canonical\" href=\"https:\/\/www.mes-allocs.fr\/guides\/pension-invalidite\/demande-pension-invalidite\/declaration-pension-invalidite\/declarer-pension-invalidite-caf\/\" \/>\n<meta property=\"og:locale\" content=\"fr_FR\" \/>\n<meta property=\"og:type\" content=\"article\" \/>\n<meta property=\"og:title\" content=\"Faut-il d\u00e9clarer sa pension d&#039;invalidit\u00e9 \u00e0 la CAF ? | Mes-Allocs.fr\" \/>\n<meta property=\"og:description\" content=\"Vous vous demandez s\u00fbrement si vous devez d\u00e9clarer votre pension d\u2019invalidit\u00e9 \u00e0 la CAF ? Cet article r\u00e9pond \u00e0 ces questions courantes.\" \/>\n<meta property=\"og:url\" content=\"https:\/\/www.mes-allocs.fr\/guides\/pension-invalidite\/demande-pension-invalidite\/declaration-pension-invalidite\/declarer-pension-invalidite-caf\/\" \/>\n<meta property=\"og:site_name\" content=\"Mes-Allocs.fr\" \/>\n<meta property=\"article:published_time\" content=\"2024-09-12T13:27:41+00:00\" \/>\n<meta property=\"article:modified_time\" content=\"2026-04-22T09:51:53+00:00\" \/>\n<meta property=\"og:image\" content=\"https:\/\/www.mes-allocs.fr\/guides\/wp-content\/uploads\/2021\/05\/Logo-CAF.jpg\" \/>\n<meta name=\"twitter:card\" content=\"summary_large_image\" \/>\n<script type=\"application\/ld+json\" class=\"yoast-schema-graph\">{\"@context\":\"https:\/\/schema.org\",\"@graph\":[{\"@type\":\"WebSite\",\"@id\":\"https:\/\/www.mes-allocs.fr\/guides\/#website\",\"url\":\"https:\/\/www.mes-allocs.fr\/guides\/\",\"name\":\"Mes-Allocs.fr\",\"description\":\"\",\"potentialAction\":[{\"@type\":\"SearchAction\",\"target\":\"https:\/\/www.mes-allocs.fr\/guides\/?s={search_term_string}\",\"query-input\":\"required name=search_term_string\"}],\"inLanguage\":\"fr-FR\"},{\"@type\":\"ImageObject\",\"@id\":\"https:\/\/www.mes-allocs.fr\/guides\/pension-invalidite\/demande-pension-invalidite\/declaration-pension-invalidite\/declarer-pension-invalidite-caf\/#primaryimage\",\"inLanguage\":\"fr-FR\",\"url\":\"https:\/\/www.mes-allocs.fr\/guides\/wp-content\/uploads\/2021\/05\/Logo-CAF.jpg?wsr\",\"width\":700,\"height\":350,\"caption\":\"ch\\u00e8que vacances caf\"},{\"@type\":\"WebPage\",\"@id\":\"https:\/\/www.mes-allocs.fr\/guides\/pension-invalidite\/demande-pension-invalidite\/declaration-pension-invalidite\/declarer-pension-invalidite-caf\/#webpage\",\"url\":\"https:\/\/www.mes-allocs.fr\/guides\/pension-invalidite\/demande-pension-invalidite\/declaration-pension-invalidite\/declarer-pension-invalidite-caf\/\",\"name\":\"Faut-il d\\u00e9clarer sa pension d'invalidit\\u00e9 \\u00e0 la CAF ? | Mes-Allocs.fr\",\"isPartOf\":{\"@id\":\"https:\/\/www.mes-allocs.fr\/guides\/#website\"},\"primaryImageOfPage\":{\"@id\":\"https:\/\/www.mes-allocs.fr\/guides\/pension-invalidite\/demande-pension-invalidite\/declaration-pension-invalidite\/declarer-pension-invalidite-caf\/#primaryimage\"},\"datePublished\":\"2024-09-12T13:27:41+00:00\",\"dateModified\":\"2026-04-22T09:51:53+00:00\",\"author\":{\"@id\":\"https:\/\/www.mes-allocs.fr\/guides\/#\/schema\/person\/9c38f3be41a0ddcd1e3fde5a3df713bf\"},\"description\":\"Vous vous demandez s\\u00fbrement si vous devez d\\u00e9clarer votre pension d\\u2019invalidit\\u00e9 \\u00e0 la CAF ? Cet article r\\u00e9pond \\u00e0 ces questions courantes.\",\"inLanguage\":\"fr-FR\"},{\"@type\":\"Person\",\"@id\":\"https:\/\/www.mes-allocs.fr\/guides\/#\/schema\/person\/9c38f3be41a0ddcd1e3fde5a3df713bf\",\"name\":\"Sessime Ananou\",\"image\":{\"@type\":\"ImageObject\",\"@id\":\"https:\/\/www.mes-allocs.fr\/guides\/#personlogo\",\"inLanguage\":\"fr-FR\",\"url\":\"https:\/\/www.mes-allocs.fr\/guides\/wp-content\/uploads\/2023\/08\/IMG_8173-150x150.jpg\",\"caption\":\"Sessime Ananou\"},\"description\":\"Sessime est r\\u00e9dactrice chez Mes Allocs, sp\\u00e9cialis\\u00e9e sur le pouvoir d'achat. Elle rejoint l'\\u00e9quipe Mes Allocs en ao\\u00fbt 2023 afin de simplifier l'acc\\u00e8s \\u00e0 l'information sur les aides en g\\u00e9n\\u00e9ral.\"}]}<\/script>\n<!-- \/ Yoast SEO plugin. -->","amp_validity":null,"acf":{"faq":{"1":{"question":"Faut-il d\u00e9clarer la pension d\u2019invalidit\u00e9 \u00e0 la CAF ?","answer":"Oui, il est n\u00e9cessaire de d\u00e9clarer la pension d\u2019invalidit\u00e9 \u00e0 la CAF car elle est prise en compte dans le calcul de vos droits \u00e0 certaines prestations comme l\u2019Allocation aux Adultes Handicap\u00e9s (AAH) ou l\u2019aide au logement."},"2":{"question":" Pourquoi doit-on d\u00e9clarer la pension d\u2019invalidit\u00e9 \u00e0 la CAF ?","answer":"La CAF utilise l'ensemble de vos revenus pour d\u00e9terminer votre \u00e9ligibilit\u00e9 \u00e0 ses prestations. La pension d\u2019invalidit\u00e9 \u00e9tant consid\u00e9r\u00e9e comme un revenu, elle peut influencer les montants que vous percevrez au titre des allocations."},"3":{"question":"La pension d\u2019invalidit\u00e9 r\u00e9duit-elle mes droits aux allocations de la CAF ?","answer":"Cela d\u00e9pend des prestations que vous percevez. Par exemple, l\u2019AAH est soumise \u00e0 un plafond de revenus, et la pension d\u2019invalidit\u00e9 peut affecter le montant que vous recevez. Il est donc essentiel de v\u00e9rifier l'impact sur vos allocations."},"4":{"question":" Comment d\u00e9clarer ma pension d\u2019invalidit\u00e9 \u00e0 la CAF ?","answer":"Vous pouvez d\u00e9clarer vos revenus, y compris votre pension d\u2019invalidit\u00e9, via votre espace personnel sur le site de la CAF ou lors de la mise \u00e0 jour trimestrielle ou annuelle de vos revenus."},"5":{"question":"Quelles sont les cons\u00e9quences en cas de non-d\u00e9claration ?","answer":"Ne pas d\u00e9clarer votre pension d\u2019invalidit\u00e9 peut entra\u00eener un trop-per\u00e7u d\u2019allocations, que vous devrez rembourser. De plus, cela pourrait entra\u00eener des sanctions ou la suspension de certaines prestations."},"6":{"question":"Est-ce que la pension d\u2019invalidit\u00e9 est imposable et doit-elle \u00eatre d\u00e9clar\u00e9e aux imp\u00f4ts ?","answer":"La pension d\u2019invalidit\u00e9 est g\u00e9n\u00e9ralement exon\u00e9r\u00e9e d\u2019imp\u00f4t, mais elle doit tout de m\u00eame \u00eatre mentionn\u00e9e dans votre d\u00e9claration annuelle de revenus pour une prise en compte correcte de votre situation fiscale."},"7":{"question":"","answer":""},"8":{"question":"","answer":""},"9":{"question":"","answer":""},"10":{"question":"","answer":""},"11":{"question":"","answer":""},"12":{"question":"","answer":""},"13":{"question":"","answer":""},"14":{"question":"","answer":""},"15":{"question":"","answer":""},"16":{"question":"","answer":""}}},"_links":{"self":[{"href":"https:\/\/www.mes-allocs.fr\/guides\/wp-json\/wp\/v2\/posts\/82564","targetHints":{"allow":["GET"]}}],"collection":[{"href":"https:\/\/www.mes-allocs.fr\/guides\/wp-json\/wp\/v2\/posts"}],"about":[{"href":"https:\/\/www.mes-allocs.fr\/guides\/wp-json\/wp\/v2\/types\/post"}],"author":[{"embeddable":true,"href":"https:\/\/www.mes-allocs.fr\/guides\/wp-json\/wp\/v2\/users\/26"}],"replies":[{"embeddable":true,"href":"https:\/\/www.mes-allocs.fr\/guides\/wp-json\/wp\/v2\/comments?post=82564"}],"version-history":[{"count":6,"href":"https:\/\/www.mes-allocs.fr\/guides\/wp-json\/wp\/v2\/posts\/82564\/revisions"}],"predecessor-version":[{"id":94242,"href":"https:\/\/www.mes-allocs.fr\/guides\/wp-json\/wp\/v2\/posts\/82564\/revisions\/94242"}],"wp:attachment":[{"href":"https:\/\/www.mes-allocs.fr\/guides\/wp-json\/wp\/v2\/media?parent=82564"}],"wp:term":[{"taxonomy":"category","embeddable":true,"href":"https:\/\/www.mes-allocs.fr\/guides\/wp-json\/wp\/v2\/categories?post=82564"},{"taxonomy":"post_tag","embeddable":true,"href":"https:\/\/www.mes-allocs.fr\/guides\/wp-json\/wp\/v2\/tags?post=82564"}],"curies":[{"name":"wp","href":"https:\/\/api.w.org\/{rel}","templated":true}]}}