{"id":82475,"date":"2024-09-11T13:48:59","date_gmt":"2024-09-11T11:48:59","guid":{"rendered":"https:\/\/www.mes-allocs.fr\/guides\/?p=82475"},"modified":"2026-04-22T10:51:53","modified_gmt":"2026-04-22T09:51:53","slug":"pension-invalidite-fonction-publique","status":"publish","type":"post","link":"https:\/\/www.mes-allocs.fr\/guides\/pension-invalidite\/pension-invalidite-fonction-publique\/","title":{"rendered":"La pension d\u2019invalidit\u00e9 dans la fonction publique : droits, calcul et d\u00e9marches"},"content":{"rendered":"<p><img loading=\"lazy\" decoding=\"async\" class=\"alignnone wp-image-10769 size-full\" title=\"pension invalidit\u00e9 fonction publique\" src=\"https:\/\/www.mes-allocs.fr\/guides\/wp-content\/uploads\/2020\/08\/Cas-particulier-les-agents-de-la-fonction-publique-e1726054189718.jpg\" alt=\"pension invalidit\u00e9 fonction publique\" width=\"1280\" height=\"284\" srcset=\"https:\/\/www.mes-allocs.fr\/guides\/wp-content\/uploads\/2020\/08\/Cas-particulier-les-agents-de-la-fonction-publique-e1726054189718.jpg 1280w, https:\/\/www.mes-allocs.fr\/guides\/wp-content\/uploads\/2020\/08\/Cas-particulier-les-agents-de-la-fonction-publique-e1726054189718-300x67.jpg 300w, https:\/\/www.mes-allocs.fr\/guides\/wp-content\/uploads\/2020\/08\/Cas-particulier-les-agents-de-la-fonction-publique-e1726054189718-1024x227.jpg 1024w, https:\/\/www.mes-allocs.fr\/guides\/wp-content\/uploads\/2020\/08\/Cas-particulier-les-agents-de-la-fonction-publique-e1726054189718-768x170.jpg 768w, https:\/\/www.mes-allocs.fr\/guides\/wp-content\/uploads\/2020\/08\/Cas-particulier-les-agents-de-la-fonction-publique-e1726054189718-600x133.jpg 600w\" sizes=\"auto, (max-width: 1280px) 100vw, 1280px\" \/><\/p>\n<p><strong>La <a href=\"https:\/\/www.mes-allocs.fr\/guides\/pension-invalidite\/\">pension d\u2019invalidit\u00e9<\/a> dans la fonction publique est une aide accord\u00e9e aux fonctionnaires dont la capacit\u00e9 de travail est r\u00e9duite en raison d\u2019une maladie ou d\u2019un accident, qu\u2019il soit li\u00e9 ou non \u00e0 leur activit\u00e9 professionnelle. Cette pension vise \u00e0 compenser la perte de revenus des fonctionnaires concern\u00e9s, tout en leur offrant un soutien financier adapt\u00e9 \u00e0 leur situation. Il est important de conna\u00eetre les droits, les modalit\u00e9s de calcul, ainsi que les d\u00e9marches \u00e0 suivre pour en b\u00e9n\u00e9ficier. Cet article apporte des r\u00e9ponses aux questions fr\u00e9quentes sur le sujet.<\/strong><\/p>\n<div class='cta-block'><div class='text'>Simulez toutes vos aides en 2 min.<\/div><a href='https:\/\/www.mes-allocs.fr\/ab-app?origin=guides\/wp-json\/wp\/v2\/posts\/82475' class='app-button fit'>Simulation gratuite<\/a><\/div>\n<h1>D\u00e9finition et objectifs de la pension d\u2019invalidit\u00e9 dans la fonction publique<\/h1>\n<h2>Qu\u2019est-ce que la pension d\u2019invalidit\u00e9 dans la fonction publique ?<\/h2>\n<p>La pension d\u2019invalidit\u00e9 dans la fonction publique est une prestation accord\u00e9e aux agents publics dont la capacit\u00e9 de travail a \u00e9t\u00e9 r\u00e9duite de mani\u00e8re significative \u00e0 la suite d\u2019un accident ou d\u2019une maladie, qu&rsquo;ils soient d&rsquo;origine professionnelle ou non. Cette pension est destin\u00e9e \u00e0 compenser la perte de revenu d&rsquo;un fonctionnaire devenu inapte \u00e0 exercer son m\u00e9tier ou dont l&rsquo;efficacit\u00e9 au travail est gravement r\u00e9duite.<\/p>\n<p>Dans la fonction publique, l&rsquo;invalidit\u00e9 est reconnue lorsque l\u2019agent pr\u00e9sente un taux d\u2019incapacit\u00e9 d\u2019au moins 60 %. Ce taux est d\u00e9termin\u00e9 par un m\u00e9decin expert ou une commission m\u00e9dicale, et prend en compte l\u2019\u00e9tat de sant\u00e9 g\u00e9n\u00e9ral du fonctionnaire, son aptitude \u00e0 exercer ses fonctions habituelles, et la nature des s\u00e9quelles physiques ou psychiques. La pension d\u2019invalidit\u00e9 est vers\u00e9e sous forme de compensation financi\u00e8re, permettant \u00e0 l\u2019agent de maintenir un niveau de vie d\u00e9cent malgr\u00e9 sa perte de capacit\u00e9s professionnelles.<\/p>\n<h2>Conditions d\u2019attribution de la pension d\u2019invalidit\u00e9 dans la fonction publique<\/h2>\n<p>Pour b\u00e9n\u00e9ficier de la pension d\u2019invalidit\u00e9 dans la fonction publique, des crit\u00e8res diff\u00e9rents des <a href=\"https:\/\/www.mes-allocs.fr\/guides\/pension-invalidite\/pension-invalidite-conditions\/\">conditions de la pension d&rsquo;invalidit\u00e9<\/a> traditionnelle doivent \u00eatre remplis. Le premier, et le plus essentiel, est d&rsquo;avoir un taux d&rsquo;invalidit\u00e9 reconnu de 60 % ou plus. Ce taux est calcul\u00e9 par un m\u00e9decin agr\u00e9\u00e9 ou une commission m\u00e9dicale, qui \u00e9value les s\u00e9quelles laiss\u00e9es par l\u2019accident ou la maladie, ainsi que leur impact sur la capacit\u00e9 du fonctionnaire \u00e0 continuer son travail.<\/p>\n<p>Il existe deux types de reconnaissance de l\u2019invalidit\u00e9 dans la fonction publique : celle r\u00e9sultant d\u2019un accident ou d\u2019une maladie d\u2019origine professionnelle, et celle provenant d\u2019une cause non professionnelle. Dans les deux cas, la d\u00e9marche administrative reste similaire, mais les cons\u00e9quences sur le montant de la pension peuvent varier. Un accident de travail ou une maladie professionnelle peut, par exemple, ouvrir droit \u00e0 des majorations ou des avantages suppl\u00e9mentaires.<\/p>\n<div class='cta-block'><div class='text'>Simulez toutes vos aides en 2 min.<\/div><a href='https:\/\/www.mes-allocs.fr\/ab-app?origin=guides\/wp-json\/wp\/v2\/posts\/82475' class='app-button fit'>Simulation gratuite<\/a><\/div>\n<h1>Calcul et montants de la pension d\u2019invalidit\u00e9 dans la fonction publique<\/h1>\n<h2>M\u00e9thode de calcul de la pension d\u2019invalidit\u00e9 dans la fonction publique<\/h2>\n<p>Le calcul du <a href=\"https:\/\/www.mes-allocs.fr\/guides\/pension-invalidite\/montant-pension-invalidite\/\">montant de la pension d\u2019invalidit\u00e9<\/a> dans la fonction publique repose sur plusieurs facteurs, \u00e0 commencer par le traitement indiciaire du fonctionnaire au moment o\u00f9 il cesse ses fonctions. Le traitement indiciaire correspond au salaire de base auquel l&rsquo;agent avait droit, et il sert de r\u00e9f\u00e9rence pour d\u00e9terminer le montant de la pension.<\/p>\n<p>Le calcul de la pension se fait \u00e9galement en fonction de l&rsquo;anciennet\u00e9 du fonctionnaire. Chaque ann\u00e9e de service est prise en compte dans le calcul du montant global de la pension, ce qui permet de garantir un revenu plus \u00e9lev\u00e9 aux agents ayant travaill\u00e9 plus longtemps dans la fonction publique.<\/p>\n<p>Un autre \u00e9l\u00e9ment pris en compte est le taux d&rsquo;invalidit\u00e9. Ce taux influe directement sur le montant de la pension, plus celui-ci est \u00e9lev\u00e9, plus la pension sera importante. Par exemple, un taux d\u2019invalidit\u00e9 sup\u00e9rieur \u00e0 80 % peut entra\u00eener des majorations, notamment lorsque l\u2019invalidit\u00e9 entra\u00eene une incapacit\u00e9 totale d&rsquo;exercer un emploi.<\/p>\n<p>Dans les cas les plus graves, un fonctionnaire peut \u00e9galement percevoir une majoration pour tierce personne, destin\u00e9e \u00e0 compenser les d\u00e9penses li\u00e9es \u00e0 l\u2019assistance n\u00e9cessaire pour accomplir les actes de la vie quotidienne.<\/p>\n<p>Bon \u00e0 savoir : une <a href=\"https:\/\/www.mes-allocs.fr\/guides\/pension-invalidite\/pension-invalidite-fonction-publique\/revalorisation-pension-invalidite-fonction-publique\/\">revalorisation de la pension d&rsquo;invalidit\u00e9 dans la fonction publique<\/a> a \u00e9t\u00e9 effectu\u00e9e en 2025 !<\/p>\n<p><iframe loading=\"lazy\" title=\"La pension d&#039;invalidit\u00e9\" width=\"500\" height=\"281\" src=\"https:\/\/www.youtube.com\/embed\/_UJaa1UDtZs?feature=oembed\" frameborder=\"0\" allow=\"accelerometer; autoplay; clipboard-write; encrypted-media; gyroscope; picture-in-picture; web-share\" referrerpolicy=\"strict-origin-when-cross-origin\" allowfullscreen><\/iframe><\/p>\n<h2>Diff\u00e9rents types de pension d\u2019invalidit\u00e9 dans la fonction publique<\/h2>\n<p>Il existe plusieurs types de pensions d&rsquo;invalidit\u00e9 dans la fonction publique, selon la nature de l&rsquo;invalidit\u00e9 et son origine.<\/p>\n<ol>\n<li><strong>Pension d\u2019invalidit\u00e9 pour maladie non professionnelle<\/strong> : ce type de pension est attribu\u00e9 aux fonctionnaires dont l\u2019incapacit\u00e9 est due \u00e0 une maladie ou \u00e0 un accident survenu en dehors du cadre professionnel. Le montant de la pension est alors calcul\u00e9 en fonction du dernier traitement per\u00e7u et du taux d\u2019invalidit\u00e9.<\/li>\n<li><strong>Pension d\u2019invalidit\u00e9 pour accident ou maladie professionnelle<\/strong> : lorsque l\u2019invalidit\u00e9 r\u00e9sulte d\u2019un accident de travail ou d\u2019une maladie professionnelle, des dispositions sp\u00e9cifiques s\u2019appliquent. Le fonctionnaire peut b\u00e9n\u00e9ficier d&rsquo;une rente d\u2019accident de travail, en compl\u00e9ment de sa pension d&rsquo;invalidit\u00e9, pour compenser les s\u00e9quelles caus\u00e9es par l\u2019incident professionnel. Le montant de la pension est souvent plus \u00e9lev\u00e9 dans ces situations.<\/li>\n<li><strong>Invalidit\u00e9 partielle ou totale<\/strong> : selon le degr\u00e9 de l&rsquo;invalidit\u00e9, la pension peut \u00eatre partielle ou totale. Dans le cas d&rsquo;une invalidit\u00e9 partielle, le fonctionnaire peut continuer \u00e0 travailler, \u00e9ventuellement \u00e0 temps partiel, tout en percevant une pension compl\u00e9mentaire. Une invalidit\u00e9 totale donne droit \u00e0 une pension pleine.<\/li>\n<\/ol>\n<h1>D\u00e9marches administratives et droits des b\u00e9n\u00e9ficiaires de la pension d&rsquo;invalidit\u00e9 dans la fonction publique<\/h1>\n<p>Vous remplissez les conditions n\u00e9cessaires mais vous vous posez d\u00e9sormais la question de savoir <a href=\"https:\/\/www.mes-allocs.fr\/guides\/pension-invalidite\/pension-invalidite-fonction-publique\/comment-obtenir-pension-invalidite-fonction-publique\/\">comment obtenir une pension d&rsquo;invalidit\u00e9 dans la fonction publique<\/a> ? D\u00e9couvrez les d\u00e9marches \u00e0 accomplir.<\/p>\n<h2>Proc\u00e9dure de demande de la pension d\u2019invalidit\u00e9 dans la fonction publique<\/h2>\n<p>La demande de pension d\u2019invalidit\u00e9 dans la fonction publique doit \u00eatre adress\u00e9e \u00e0 l\u2019administration dont d\u00e9pend le fonctionnaire. Cette demande est accompagn\u00e9e d\u2019un dossier m\u00e9dical d\u00e9taill\u00e9, contenant des certificats et rapports \u00e9tablis par des m\u00e9decins agr\u00e9\u00e9s, justifiant l\u2019invalidit\u00e9 et le taux d&rsquo;incapacit\u00e9.<\/p>\n<p>Une fois la demande d\u00e9pos\u00e9e, le dossier est examin\u00e9 par une commission m\u00e9dicale qui \u00e9valuera l\u2019\u00e9tat de sant\u00e9 du fonctionnaire et d\u00e9terminera si le taux d\u2019invalidit\u00e9 justifie l\u2019attribution d\u2019une pension. Si la commission valide le dossier, l&rsquo;administration proc\u00e8de au calcul de la pension selon les modalit\u00e9s pr\u00e9c\u00e9demment d\u00e9crites.<\/p>\n<p>D\u00e9couvrez maintenant <a href=\"https:\/\/www.mes-allocs.fr\/guides\/pension-invalidite\/pension-invalidite-fonction-publique\/qui-verse-pension-invalidite-fonctionnaire\/\">qui verse la pension d&rsquo;invalidit\u00e9 d&rsquo;un fonctionnaire<\/a> !<\/p>\n<h2>Droits et avantages de la pension d\u2019invalidit\u00e9 dans la fonction publique<\/h2>\n<p>Les titulaires de la pension d\u2019invalidit\u00e9 b\u00e9n\u00e9ficient de plusieurs droits et avantages. Outre la compensation financi\u00e8re, la pension ouvre droit \u00e0 certaines exon\u00e9rations fiscales, telles que l&rsquo;exon\u00e9ration partielle ou totale de la taxe d&rsquo;habitation, ou encore des r\u00e9ductions sur la taxe fonci\u00e8re.<\/p>\n<p>Les b\u00e9n\u00e9ficiaires peuvent \u00e9galement acc\u00e9der \u00e0 des avantages sociaux, comme des aides pour l\u2019adaptation de leur logement ou des allocations sp\u00e9cifiques pour couvrir les frais li\u00e9s \u00e0 leur invalidit\u00e9. Ils conservent par ailleurs leurs droits \u00e0 la s\u00e9curit\u00e9 sociale et peuvent, dans certains cas, b\u00e9n\u00e9ficier de prestations sp\u00e9cifiques pour couvrir leurs besoins en soins.<\/p>\n<p>Les titulaires de pensions pour accident de travail ou maladie professionnelle peuvent en outre pr\u00e9tendre \u00e0 des indemnit\u00e9s compl\u00e9mentaires, notamment pour l&rsquo;assistance d&rsquo;une tierce personne ou pour l&rsquo;adaptation de leur environnement de vie en fonction de leur handicap.<\/p>\n<div><\/div>\n<div><div class='cta-block'><div class='text'>Simulez toutes vos aides en 2 min.<\/div><a href='https:\/\/www.mes-allocs.fr\/ab-app?origin=guides\/wp-json\/wp\/v2\/posts\/82475' class='app-button fit'>Simulation gratuite<\/a><\/div><\/div>\n","protected":false},"excerpt":{"rendered":"<p>La pension d\u2019invalidit\u00e9 dans la fonction publique est une aide accord\u00e9e aux fonctionnaires dont la capacit\u00e9 de travail est r\u00e9duite en raison d\u2019une maladie ou d\u2019un accident, qu\u2019il soit li\u00e9 ou non \u00e0 leur activit\u00e9 professionnelle. Cette pension vise \u00e0 compenser la perte de revenus des fonctionnaires concern\u00e9s, tout en leur offrant un soutien financier [&hellip;]<\/p>\n","protected":false},"author":26,"featured_media":32995,"comment_status":"open","ping_status":"open","sticky":false,"template":"","format":"standard","meta":{"amp_status":"","footnotes":""},"categories":[35633],"tags":[],"class_list":["post-82475","post","type-post","status-publish","format-standard","has-post-thumbnail","hentry","category-pension-invalidite"],"yoast_head":"<!-- This site is optimized with the Yoast SEO plugin v14.9 - https:\/\/yoast.com\/wordpress\/plugins\/seo\/ -->\n<title>Pension d\u2019invalidit\u00e9 dans la fonction publique : conditions et d\u00e9marches<\/title>\n<meta name=\"description\" content=\"La pension d\u2019invalidit\u00e9 dans la fonction publique est une aide accord\u00e9e aux fonctionnaires dont la capacit\u00e9 de travail est r\u00e9duite.\" \/>\n<meta name=\"robots\" content=\"index, follow, max-snippet:-1, max-image-preview:large, max-video-preview:-1\" \/>\n<link rel=\"canonical\" href=\"https:\/\/www.mes-allocs.fr\/guides\/pension-invalidite\/pension-invalidite-fonction-publique\/\" \/>\n<meta property=\"og:locale\" content=\"fr_FR\" \/>\n<meta property=\"og:type\" content=\"article\" \/>\n<meta property=\"og:title\" content=\"Pension d\u2019invalidit\u00e9 dans la fonction publique : conditions et d\u00e9marches\" \/>\n<meta property=\"og:description\" content=\"La pension d\u2019invalidit\u00e9 dans la fonction publique est une aide accord\u00e9e aux fonctionnaires dont la capacit\u00e9 de travail est r\u00e9duite.\" \/>\n<meta property=\"og:url\" content=\"https:\/\/www.mes-allocs.fr\/guides\/pension-invalidite\/pension-invalidite-fonction-publique\/\" \/>\n<meta property=\"og:site_name\" content=\"Mes-Allocs.fr\" \/>\n<meta property=\"article:published_time\" content=\"2024-09-11T11:48:59+00:00\" \/>\n<meta property=\"article:modified_time\" content=\"2026-04-22T09:51:53+00:00\" \/>\n<meta property=\"og:image\" content=\"https:\/\/www.mes-allocs.fr\/guides\/wp-content\/uploads\/2021\/07\/Quest-ce-que-lallocation-cho\u0302mage-pour-la-fonction-publique-.jpg?wsr\" \/>\n\t<meta property=\"og:image:width\" content=\"1280\" \/>\n\t<meta property=\"og:image:height\" content=\"853\" \/>\n<meta name=\"twitter:card\" content=\"summary_large_image\" \/>\n<script type=\"application\/ld+json\" class=\"yoast-schema-graph\">{\"@context\":\"https:\/\/schema.org\",\"@graph\":[{\"@type\":\"WebSite\",\"@id\":\"https:\/\/www.mes-allocs.fr\/guides\/#website\",\"url\":\"https:\/\/www.mes-allocs.fr\/guides\/\",\"name\":\"Mes-Allocs.fr\",\"description\":\"\",\"potentialAction\":[{\"@type\":\"SearchAction\",\"target\":\"https:\/\/www.mes-allocs.fr\/guides\/?s={search_term_string}\",\"query-input\":\"required name=search_term_string\"}],\"inLanguage\":\"fr-FR\"},{\"@type\":\"ImageObject\",\"@id\":\"https:\/\/www.mes-allocs.fr\/guides\/pension-invalidite\/pension-invalidite-fonction-publique\/#primaryimage\",\"inLanguage\":\"fr-FR\",\"url\":\"https:\/\/www.mes-allocs.fr\/guides\/wp-content\/uploads\/2021\/07\/Quest-ce-que-lallocation-cho\\u0302mage-pour-la-fonction-publique-.jpg?wsr\",\"width\":1280,\"height\":853,\"caption\":\"pension invalidit\\u00e9 fonction publique\"},{\"@type\":\"WebPage\",\"@id\":\"https:\/\/www.mes-allocs.fr\/guides\/pension-invalidite\/pension-invalidite-fonction-publique\/#webpage\",\"url\":\"https:\/\/www.mes-allocs.fr\/guides\/pension-invalidite\/pension-invalidite-fonction-publique\/\",\"name\":\"Pension d\\u2019invalidit\\u00e9 dans la fonction publique : conditions et d\\u00e9marches\",\"isPartOf\":{\"@id\":\"https:\/\/www.mes-allocs.fr\/guides\/#website\"},\"primaryImageOfPage\":{\"@id\":\"https:\/\/www.mes-allocs.fr\/guides\/pension-invalidite\/pension-invalidite-fonction-publique\/#primaryimage\"},\"datePublished\":\"2024-09-11T11:48:59+00:00\",\"dateModified\":\"2026-04-22T09:51:53+00:00\",\"author\":{\"@id\":\"https:\/\/www.mes-allocs.fr\/guides\/#\/schema\/person\/9c38f3be41a0ddcd1e3fde5a3df713bf\"},\"description\":\"La pension d\\u2019invalidit\\u00e9 dans la fonction publique est une aide accord\\u00e9e aux fonctionnaires dont la capacit\\u00e9 de travail est r\\u00e9duite.\",\"inLanguage\":\"fr-FR\"},{\"@type\":\"Person\",\"@id\":\"https:\/\/www.mes-allocs.fr\/guides\/#\/schema\/person\/9c38f3be41a0ddcd1e3fde5a3df713bf\",\"name\":\"Sessime Ananou\",\"image\":{\"@type\":\"ImageObject\",\"@id\":\"https:\/\/www.mes-allocs.fr\/guides\/#personlogo\",\"inLanguage\":\"fr-FR\",\"url\":\"https:\/\/www.mes-allocs.fr\/guides\/wp-content\/uploads\/2023\/08\/IMG_8173-150x150.jpg\",\"caption\":\"Sessime Ananou\"},\"description\":\"Sessime est r\\u00e9dactrice chez Mes Allocs, sp\\u00e9cialis\\u00e9e sur le pouvoir d'achat. Elle rejoint l'\\u00e9quipe Mes Allocs en ao\\u00fbt 2023 afin de simplifier l'acc\\u00e8s \\u00e0 l'information sur les aides en g\\u00e9n\\u00e9ral.\"}]}<\/script>\n<!-- \/ Yoast SEO plugin. -->","amp_validity":null,"acf":{"faq":{"1":{"question":"Qui peut b\u00e9n\u00e9ficier d'une pension d'invalidit\u00e9 dans la fonction publique ?","answer":"Tout fonctionnaire dont la capacit\u00e9 de travail est r\u00e9duite d\u2019au moins 60 % en raison d\u2019une maladie ou d\u2019un accident peut y pr\u00e9tendre.\r\n"},"2":{"question":"Comment est calcul\u00e9e la pension d\u2019invalidit\u00e9 pour un fonctionnaire ?","answer":" La pension est calcul\u00e9e en fonction du dernier traitement indiciaire du fonctionnaire, de son taux d\u2019invalidit\u00e9 et de la dur\u00e9e des services accomplis."},"3":{"question":"Un fonctionnaire peut-il cumuler sa pension d\u2019invalidit\u00e9 avec d'autres revenus ?","answer":"Oui, sous certaines conditions, il est possible de cumuler la pension avec d\u2019autres revenus ou allocations.\r\n"},"4":{"question":"Quelles sont les d\u00e9marches pour faire une demande de pension d\u2019invalidit\u00e9 dans la fonction publique ?","answer":" Le fonctionnaire doit adresser une demande \u00e0 son administration, accompagn\u00e9e de certificats m\u00e9dicaux justifiant son \u00e9tat d\u2019invalidit\u00e9."},"5":{"question":"La pension d\u2019invalidit\u00e9 est-elle imposable ?","answer":"Oui, la pension d\u2019invalidit\u00e9 vers\u00e9e aux fonctionnaires est soumise \u00e0 l\u2019imp\u00f4t sur le revenu, comme toute autre pension."},"6":{"question":" La pension d\u2019invalidit\u00e9 est-elle r\u00e9versible en cas de d\u00e9c\u00e8s ? ","answer":"Oui, en cas de d\u00e9c\u00e8s, la pension peut \u00eatre partiellement r\u00e9versible au b\u00e9n\u00e9fice des ayants droit, notamment du conjoint survivant."},"7":{"question":"","answer":""},"8":{"question":"","answer":""},"9":{"question":"","answer":""},"10":{"question":"","answer":""},"11":{"question":"","answer":""},"12":{"question":"","answer":""},"13":{"question":"","answer":""},"14":{"question":"","answer":""},"15":{"question":"","answer":""},"16":{"question":"","answer":""}}},"_links":{"self":[{"href":"https:\/\/www.mes-allocs.fr\/guides\/wp-json\/wp\/v2\/posts\/82475","targetHints":{"allow":["GET"]}}],"collection":[{"href":"https:\/\/www.mes-allocs.fr\/guides\/wp-json\/wp\/v2\/posts"}],"about":[{"href":"https:\/\/www.mes-allocs.fr\/guides\/wp-json\/wp\/v2\/types\/post"}],"author":[{"embeddable":true,"href":"https:\/\/www.mes-allocs.fr\/guides\/wp-json\/wp\/v2\/users\/26"}],"replies":[{"embeddable":true,"href":"https:\/\/www.mes-allocs.fr\/guides\/wp-json\/wp\/v2\/comments?post=82475"}],"version-history":[{"count":11,"href":"https:\/\/www.mes-allocs.fr\/guides\/wp-json\/wp\/v2\/posts\/82475\/revisions"}],"predecessor-version":[{"id":94207,"href":"https:\/\/www.mes-allocs.fr\/guides\/wp-json\/wp\/v2\/posts\/82475\/revisions\/94207"}],"wp:featuredmedia":[{"embeddable":true,"href":"https:\/\/www.mes-allocs.fr\/guides\/wp-json\/wp\/v2\/media\/32995"}],"wp:attachment":[{"href":"https:\/\/www.mes-allocs.fr\/guides\/wp-json\/wp\/v2\/media?parent=82475"}],"wp:term":[{"taxonomy":"category","embeddable":true,"href":"https:\/\/www.mes-allocs.fr\/guides\/wp-json\/wp\/v2\/categories?post=82475"},{"taxonomy":"post_tag","embeddable":true,"href":"https:\/\/www.mes-allocs.fr\/guides\/wp-json\/wp\/v2\/tags?post=82475"}],"curies":[{"name":"wp","href":"https:\/\/api.w.org\/{rel}","templated":true}]}}