{"id":82382,"date":"2024-09-10T18:22:17","date_gmt":"2024-09-10T16:22:17","guid":{"rendered":"https:\/\/www.mes-allocs.fr\/guides\/?p=82382"},"modified":"2026-04-22T10:51:54","modified_gmt":"2026-04-22T09:51:54","slug":"ma-prime-renov-renovation-ampleur","status":"publish","type":"post","link":"https:\/\/www.mes-allocs.fr\/guides\/aide-renovation\/ma-prime-renov-anah\/ma-prime-renov-renovation-ampleur\/","title":{"rendered":"Ma Prime R\u00e9nov&rsquo; r\u00e9novation d&rsquo;ampleur : conditions, montants, d\u00e9marches"},"content":{"rendered":"<p><img loading=\"lazy\" decoding=\"async\" class=\"alignnone wp-image-82413 size-full\" title=\"Maprimer\u00e9nov r\u00e9novation d'ampleur\" src=\"https:\/\/www.mes-allocs.fr\/guides\/wp-content\/uploads\/2024\/09\/paper-3152429_1280-e1725977243916.jpg\" alt=\"Maprimer\u00e9nov r\u00e9novation d'ampleur\" width=\"1280\" height=\"252\" srcset=\"https:\/\/www.mes-allocs.fr\/guides\/wp-content\/uploads\/2024\/09\/paper-3152429_1280-e1725977243916.jpg 1280w, https:\/\/www.mes-allocs.fr\/guides\/wp-content\/uploads\/2024\/09\/paper-3152429_1280-e1725977243916-300x59.jpg 300w, https:\/\/www.mes-allocs.fr\/guides\/wp-content\/uploads\/2024\/09\/paper-3152429_1280-e1725977243916-1024x202.jpg 1024w, https:\/\/www.mes-allocs.fr\/guides\/wp-content\/uploads\/2024\/09\/paper-3152429_1280-e1725977243916-768x151.jpg 768w, https:\/\/www.mes-allocs.fr\/guides\/wp-content\/uploads\/2024\/09\/paper-3152429_1280-e1725977243916-600x118.jpg 600w\" sizes=\"auto, (max-width: 1280px) 100vw, 1280px\" \/><\/p>\n<div class=\"flex-1 overflow-hidden\">\n<div class=\"h-full\">\n<div class=\"react-scroll-to-bottom--css-ntmgg-79elbk h-full\">\n<div class=\"react-scroll-to-bottom--css-ntmgg-1n7m0yu\">\n<div class=\"flex flex-col text-sm md:pb-9\">\n<article class=\"w-full text-token-text-primary focus-visible:outline-2 focus-visible:outline-offset-[-4px]\" dir=\"auto\" data-testid=\"conversation-turn-123\" data-scroll-anchor=\"true\">\n<div class=\"text-base py-[18px] px-3 md:px-4 m-auto w-full md:px-5 lg:px-1 xl:px-5\">\n<div class=\"mx-auto flex flex-1 gap-4 text-base md:gap-5 lg:gap-6 md:max-w-3xl lg:max-w-[40rem] xl:max-w-[48rem]\">\n<div class=\"group\/conversation-turn relative flex w-full min-w-0 flex-col agent-turn\">\n<div class=\"flex-col gap-1 md:gap-3\">\n<div class=\"flex max-w-full flex-col flex-grow\">\n<div class=\"min-h-[20px] text-message flex w-full flex-col items-end gap-2 whitespace-normal break-words [.text-message+&amp;]:mt-5\" dir=\"auto\" data-message-author-role=\"assistant\" data-message-id=\"9f634a05-b1f6-492e-a666-4b20984c522c\">\n<div class=\"flex w-full flex-col gap-1 empty:hidden first:pt-[3px]\">\n<div class=\"markdown prose w-full break-words dark:prose-invert dark\">\n<p><strong>MaPrimeR\u00e9nov\u2019 R\u00e9novation d\u2019ampleur offre une <a href=\"https:\/\/www.mes-allocs.fr\/guides\/aide-renovation\/\">aide \u00e0 la r\u00e9novation<\/a> significative pour financer des projets de r\u00e9novation \u00e9nerg\u00e9tique majeurs. Mes-Allocs vous explique les conditions d\u2019\u00e9ligibilit\u00e9, les montants accord\u00e9s, ainsi que les d\u00e9marches n\u00e9cessaires pour b\u00e9n\u00e9ficier de cette aide et optimiser vos travaux de r\u00e9novation.<\/strong><\/p>\n<\/div>\n<\/div>\n<\/div>\n<\/div>\n<\/div>\n<\/div>\n<\/div>\n<\/div>\n<\/article>\n<\/div>\n<\/div>\n<\/div>\n<\/div>\n<\/div>\n<div class='cta-block'><div class='text'>Simulez toutes vos Aides en 2 min.<\/div><a href='https:\/\/www.mes-allocs.fr\/ab-app?origin=guides\/wp-json\/wp\/v2\/posts\/82382' class='app-button fit'>Simulation gratuite<\/a><\/div>\n<p class=\"p1\"><div class='shortcode disclaimer'><div class='title'>Attention<\/div><div class='content'>\u00c0 compter du <b>30 septembre 2025<\/b>, le dispositif MaPrimeR\u00e9nov\u2019 pour les r\u00e9novations d\u2019ampleur est de nouveau accessible.<\/p>\n<p class=\"p1\">Attention, les modalit\u00e9s et conditions d\u2019attribution ont <b>\u00e9volu\u00e9<\/b>. Si vous envisagez une r\u00e9novation \u00e9nerg\u00e9tique, <b>simulez gratuitement<\/b> <b>votre \u00e9ligibilit\u00e9<\/b> \u00e0 MaPrimeR\u00e9nov\u2019 sur Mes-Allocs.fr. Un conseiller Mes Allocs peut aussi vous accompagner dans vos d\u00e9marches.<\/div><\/div><\/p>\n<h1><strong>Pr\u00e9sentation de MaPrimeR\u00e9nov\u2019 r\u00e9novation d\u2019ampleur<\/strong><\/h1>\n<h2><strong>Qu&rsquo;est-ce qu&rsquo;une r\u00e9novation d&rsquo;ampleur ?<\/strong><\/h2>\n<div class=\"flex max-w-full flex-col flex-grow\">\n<div class=\"min-h-[20px] text-message flex w-full flex-col items-end gap-2 whitespace-normal break-words [.text-message+&amp;]:mt-5\" dir=\"auto\" data-message-author-role=\"assistant\" data-message-id=\"4f5834d4-f0cd-4ec2-80b6-47d25ab316ef\">\n<div class=\"flex w-full flex-col gap-1 empty:hidden first:pt-[3px]\">\n<div class=\"markdown prose w-full break-words dark:prose-invert dark\">\n<p><strong>La r\u00e9novation d&rsquo;ampleur<\/strong> est particuli\u00e8rement recommand\u00e9e pour les logements ayant une <strong>consommation \u00e9nerg\u00e9tique<\/strong> importante. Elle consiste \u00e0 r\u00e9aliser plusieurs <strong>travaux compl\u00e9mentaires<\/strong>, comme <strong>l&rsquo;isolation des murs<\/strong> et du <strong>toit<\/strong>, afin d&rsquo;am\u00e9liorer le <strong>confort thermique<\/strong> en hiver comme en \u00e9t\u00e9. Cette approche permet non seulement d&rsquo;optimiser les <strong>performances \u00e9nerg\u00e9tiques<\/strong> du logement, mais aussi de r\u00e9aliser des <strong>\u00e9conomies significatives<\/strong> sur les factures d&rsquo;\u00e9nergie. En abordant plusieurs aspects de la r\u00e9novation simultan\u00e9ment, vous pouvez maximiser les <strong>gains \u00e9nerg\u00e9tiques<\/strong>, augmenter la <strong>valeur de votre bien immobilier<\/strong>, et r\u00e9duire votre <strong>empreinte carbone<\/strong>. Une r\u00e9novation d&rsquo;ampleur assure ainsi une <strong>efficacit\u00e9 \u00e9nerg\u00e9tique globale<\/strong> accrue et un <strong>confort durable<\/strong> tout au long de l&rsquo;ann\u00e9e.<\/p>\n<\/div>\n<\/div>\n<\/div>\n<\/div>\n<h2><strong>Quels sont les avantages d&rsquo;une r\u00e9novation d\u2019ampleur en 2025\u2009?<\/strong><\/h2>\n<p>En 2025, une <strong>r\u00e9novation d&rsquo;ampleur<\/strong> pr\u00e9sente plusieurs avantages cl\u00e9s :<\/p>\n<ul>\n<li><strong>R\u00e9duction des co\u00fbts \u00e9nerg\u00e9tiques<\/strong> : En am\u00e9liorant l&rsquo;isolation et en modernisant les syst\u00e8mes de chauffage et de climatisation, vous pouvez r\u00e9duire vos <strong>factures d&rsquo;\u00e9nergie<\/strong> de mani\u00e8re significative.<\/li>\n<li><strong>Confort thermique optimis\u00e9<\/strong> : La r\u00e9novation globale assure un meilleur <strong>confort int\u00e9rieur<\/strong>, en maintenant une temp\u00e9rature agr\u00e9able tout au long de l&rsquo;ann\u00e9e.<\/li>\n<li><strong>Augmentation de la valeur du bien<\/strong> : Une r\u00e9novation compl\u00e8te peut consid\u00e9rablement <strong>valoriser votre propri\u00e9t\u00e9<\/strong>, ce qui est b\u00e9n\u00e9fique si vous souhaitez la vendre ou la louer.<\/li>\n<li><strong>Diminution de l\u2019empreinte \u00e9cologique<\/strong> : En modernisant les \u00e9quipements et en am\u00e9liorant l&rsquo;efficacit\u00e9 \u00e9nerg\u00e9tique, vous contribuez \u00e0 r\u00e9duire votre <strong>impact environnemental<\/strong>.<\/li>\n<li><strong>Meilleure qualit\u00e9 de l&rsquo;air int\u00e9rieur<\/strong> : Une r\u00e9novation d&rsquo;ampleur permet souvent d\u2019installer des <strong>syst\u00e8mes de ventilation<\/strong> performants, am\u00e9liorant ainsi la <strong>qualit\u00e9 de l&rsquo;air<\/strong> dans votre logement.<\/li>\n<\/ul>\n<h2><strong>Qu&rsquo;est-ce que MaPrimeR\u00e9nov\u2019 r\u00e9novation d\u2019ampleur et comment l&rsquo;aide peut-elle vous aider \u00e0 financer vos travaux ?<\/strong><\/h2>\n<p>MaPrimeR\u00e9nov\u2019 R\u00e9novation d\u2019ampleur est une aide <a href=\"https:\/\/www.mes-allocs.fr\/guides\/aide-renovation\/ma-prime-renov-anah\/\">MaPrimeR\u00e9nov&rsquo; de l&rsquo;ANAH<\/a>, d\u00e9ploy\u00e9e par l&rsquo;\u00c9tat pour les projets de <strong>r\u00e9novation \u00e9nerg\u00e9tique significative<\/strong>. Elle vise \u00e0 financer des travaux importants permettant un <strong>am\u00e9lioration d&rsquo;au moins deux classes \u00e9nerg\u00e9tiques<\/strong> du logement. Ces projets incluent des interventions majeures telles que l\u2019isolation compl\u00e8te, le remplacement de syst\u00e8mes de chauffage, et l\u2019optimisation de la performance \u00e9nerg\u00e9tique globale.<\/p>\n<p>Cette aide peut vous aider a financer vos travaux de plusieurs moyens diff\u00e9rents :<\/p>\n<ul>\n<li><strong>Prise en charge des co\u00fbts<\/strong> : MaPrimeR\u00e9nov\u2019 peut couvrir jusqu\u2019\u00e0 <strong>80 % des d\u00e9penses totales<\/strong> li\u00e9es \u00e0 une r\u00e9novation d&rsquo;ampleur, rendant les grands projets de r\u00e9novation plus accessibles financi\u00e8rement.<\/li>\n<li><strong>Avance pour les m\u00e9nages modestes<\/strong> : Pour les m\u00e9nages aux <strong>revenus modestes<\/strong> et <strong>tr\u00e8s modestes<\/strong>, une avance peut \u00eatre accord\u00e9e, couvrant jusqu\u2019\u00e0 <strong>80 % du montant de la prime<\/strong>. Cela permet de financer les travaux en amont, avant leur r\u00e9alisation compl\u00e8te.<\/li>\n<\/ul>\n<p>En b\u00e9n\u00e9ficiant de cette aide, vous pouvez r\u00e9aliser des travaux de grande envergure, r\u00e9duisant vos <strong>factures d&rsquo;\u00e9nergie<\/strong>, am\u00e9liorant le <strong>confort<\/strong> de votre habitation, et diminuant votre <strong>empreinte \u00e9cologique<\/strong>.<\/p>\n<p><iframe loading=\"lazy\" src=\"\/\/www.youtube.com\/embed\/3Uf0lFAyLIQ\" width=\"560\" height=\"314\" allowfullscreen=\"allowfullscreen\"><\/iframe><\/p>\n<h1><strong>Quelles sont les conditions d\u2019\u00e9ligibilit\u00e9 de\u00a0 MaPrimeR\u00e9nov\u2019 r\u00e9novation d\u2019ampleur ?<\/strong><\/h1>\n<h2><strong>Les conditions li\u00e9es \u00e0 votre statut<\/strong><\/h2>\n<p class=\"my-2 [&amp;+p]:mt-4 [&amp;_strong:has(+br)]:inline-block [&amp;_strong:has(+br)]:pb-2\">\u00c0 partir de septembre 2025, MaPrimeR\u00e9nov\u2019 r\u00e9novation d\u2019ampleur est r\u00e9serv\u00e9e aux propri\u00e9taires occupants, bailleurs, et copropri\u00e9t\u00e9s disposant d\u2019un logement class\u00e9 E, F ou G au DPE (logement tr\u00e8s \u00e9nergivore) qui souhaitent r\u00e9aliser une r\u00e9novation globale avec plusieurs types de travaux.<\/p>\n<p>D\u00e9couvrez toutes les <a href=\"https:\/\/www.mes-allocs.fr\/guides\/aide-renovation\/ma-prime-renov-anah\/aides-isolation-exterieur-anah\/\">aides de l&rsquo;ANAH pour l&rsquo;isolation ext\u00e9rieure<\/a> de votre logement !<\/p>\n<h2><strong>Les conditions de revenus pour b\u00e9n\u00e9ficier de MaPrimeR\u00e9nov\u2019 r\u00e9novation d\u2019ampleur<\/strong><\/h2>\n<p class=\"my-2 [&amp;+p]:mt-4 [&amp;_strong:has(+br)]:inline-block [&amp;_strong:has(+br)]:pb-2\">Seuls les m\u00e9nages aux revenus tr\u00e8s modestes peuvent d\u00e9poser un dossier \u00e0 partir du 30 septembre 2025, avec un nombre de dossiers tr\u00e8s limit\u00e9 (13 000 jusqu\u2019\u00e0 la fin 2025). L\u2019aide couvre jusqu\u2019\u00e0 80% des travaux selon plafond (30 000 \u20ac pour un gain de 2 classes, 40 000 \u20ac pour un gain de 3 classes ou plus).<\/p>\n<h2><strong>L&rsquo;obligation d&rsquo;effectuer un audit \u00e9nerg\u00e9tique\u00a0<\/strong><\/h2>\n<div class=\"flex max-w-full flex-col flex-grow\">\n<div class=\"min-h-[20px] text-message flex w-full flex-col items-end gap-2 whitespace-normal break-words [.text-message+&amp;]:mt-5\" dir=\"auto\" data-message-author-role=\"assistant\" data-message-id=\"39e74176-2d0d-43cf-8415-06f77bc680c8\">\n<div class=\"flex w-full flex-col gap-1 empty:hidden first:pt-[3px]\">\n<div class=\"markdown prose w-full break-words dark:prose-invert dark\">\n<p>L\u2019audit \u00e9nerg\u00e9tique est une \u00e9tape cl\u00e9 pour b\u00e9n\u00e9ficier de MaPrimeR\u00e9nov&rsquo; r\u00e9novation d\u2019ampleur. Il permet d\u2019\u00e9valuer pr\u00e9cis\u00e9ment la performance \u00e9nerg\u00e9tique de votre logement et de d\u00e9terminer les travaux n\u00e9cessaires pour atteindre un gain de <strong>deux classes \u00e9nerg\u00e9tiques minimum<\/strong>. Cet audit doit \u00eatre r\u00e9alis\u00e9 par un professionnel certifi\u00e9, et il constitue un pr\u00e9alable obligatoire pour d\u00e9finir un plan de r\u00e9novation adapt\u00e9. Il sert \u00e0 prioriser les gestes de r\u00e9novation (comme l\u2019isolation des murs, des toitures ou le changement de chauffage) et garantit que les travaux financ\u00e9s r\u00e9pondent aux exigences de la prime.<\/p>\n<\/div>\n<\/div>\n<\/div>\n<\/div>\n<h1><strong>Quels sont les travaux pris en compte par MaPrimeR\u00e9nov\u2019 r\u00e9novation d\u2019ampleur ?<\/strong><\/h1>\n<h2><strong>Pour quels logements peut-on b\u00e9n\u00e9ficier de l&rsquo;aide ?<\/strong><\/h2>\n<div class=\"flex max-w-full flex-col flex-grow\">\n<div class=\"min-h-[20px] text-message flex w-full flex-col items-end gap-2 whitespace-normal break-words [.text-message+&amp;]:mt-5\" dir=\"auto\" data-message-author-role=\"assistant\" data-message-id=\"24db0039-5c56-485e-93cc-e60fd4d7181d\">\n<div class=\"flex w-full flex-col gap-1 empty:hidden first:pt-[3px]\">\n<div class=\"markdown prose w-full break-words dark:prose-invert dark\">\n<p>MaPrimeR\u00e9nov&rsquo; R\u00e9novation d&rsquo;ampleur est ouverte \u00e0 tous les propri\u00e9taires, qu&rsquo;ils soient occupants ou bailleurs. Elle s&rsquo;applique \u00e9galement \u00e0 tout d\u00e9tenteur d\u2019un <strong>droit r\u00e9el immobilier<\/strong> conf\u00e9rant l\u2019usage du logement, comme un usufruitier bailleur. Il est aussi possible de faire une demande de prime si vous \u00eates en cours d\u2019acquisition d\u2019un bien immobilier. Dans ce cas, il suffit de pr\u00e9senter une <strong>promesse synallagmatique de vente<\/strong> (compromis de vente) lors de la demande. Pour recevoir la prime, un justificatif de propri\u00e9t\u00e9 sera ensuite n\u00e9cessaire une fois la transaction finalis\u00e9e.<\/p>\n<\/div>\n<\/div>\n<\/div>\n<\/div>\n<h2><strong>Quels sont les travaux concern\u00e9s par l&rsquo;aide MaPrimeR\u00e9nov\u2019 r\u00e9novation d\u2019ampleur ?<\/strong><\/h2>\n<p>Contrairement \u00e0 l&rsquo;aide <a href=\"https:\/\/www.mes-allocs.fr\/guides\/aide-renovation\/ma-prime-renov-anah\/ma-prime-renov-parcours-par-geste\/\">MaPrimeR\u00e9nov&rsquo; Parcours par geste<\/a> qui n\u00e9cessite la r\u00e9alisation de \u00ab\u00a0mono\u00a0\u00bb gestes, MaPrimeR\u00e9nov\u2019 r\u00e9novation d\u2019ampleur inclut diff\u00e9rents gestes r\u00e9partis en plusieurs cat\u00e9gories, avec des travaux obligatoires et optionnels selon les besoins du logement. Voici une liste des types de travaux disponibles dans chaque cat\u00e9gorie.<\/p>\n<p>\u2022 <strong>Isolation thermique<\/strong> :<\/p>\n<ul>\n<li>Isolation des murs par l&rsquo;ext\u00e9rieur ou l&rsquo;int\u00e9rieur<\/li>\n<li>Isolation des rampants de toiture, combles perdus, planchers bas, et toitures terrasses<\/li>\n<li>Travaux obligatoires : au moins 2 gestes d\u2019isolation<\/li>\n<\/ul>\n<p>\u2022 <strong>Ouvertures<\/strong> :<\/p>\n<ul>\n<li>Porte d&rsquo;entr\u00e9e isolante, volets isolants<\/li>\n<li>Fen\u00eatre double ou triple vitrage<\/li>\n<\/ul>\n<p>\u2022 <strong>Chauffage<\/strong> :<\/p>\n<ul>\n<li>Chauffage solaire combin\u00e9, chaudi\u00e8res (buches, granul\u00e9s), chauffage \u00e9lectrique<\/li>\n<li>Po\u00eale \u00e0 buches, po\u00eale \u00e0 granul\u00e9s, insert ou foyer ferm\u00e9<\/li>\n<li>Pompe \u00e0 chaleur (air\/air, air\/eau, g\u00e9othermique)<\/li>\n<li>Radiateurs, robinets thermostatiques, r\u00e9gulation du chauffage<\/li>\n<li>Travaux compl\u00e9mentaires possibles<\/li>\n<\/ul>\n<p>\u2022 <strong>Eau chaude sanitaire<\/strong> :<\/p>\n<ul>\n<li>Chauffe-eau (\u00e9lectrique, solaire individuel, thermodynamique)<\/li>\n<li>Partie thermique d\u2019un panneau hybride, autres syst\u00e8mes d\u2019eau chaude<\/li>\n<\/ul>\n<p>\u2022 <strong>Ventilation<\/strong> :<\/p>\n<ul>\n<li>Syst\u00e8mes de VMC (autor\u00e9glable, double flux, hygror\u00e9glable)<\/li>\n<li>Autres dispositifs de ventilation<\/li>\n<\/ul>\n<p>\u2022 <strong>Confort d\u2019\u00e9t\u00e9<\/strong> :<\/p>\n<ul>\n<li>Protections solaires des fen\u00eatres<\/li>\n<li>Brasseurs d\u2019air fixes<\/li>\n<\/ul>\n<h1><strong>Quels sont les montants de MaPrimeR\u00e9nov\u2019 r\u00e9novation d\u2019ampleur ?<\/strong><\/h1>\n<p>L\u2019aide MaPrimeR\u00e9nov&rsquo; pour les r\u00e9novations d\u2019ampleur est calcul\u00e9e en fonction d\u2019un <strong>taux de prise en charge<\/strong> sur le montant hors taxes (HT) des travaux, selon les revenus des m\u00e9nages.<\/p>\n<p>Taux de prise en charge selon le gain \u00e9nerg\u00e9tique<\/p>\n<ul>\n<li><strong>Gain de 2 classes DPE<\/strong> : pour les m\u00e9nages tr\u00e8s modestes\u00a0 80 %, limite de\u00a0 30 000 \u20ac (HT)<\/li>\n<li><strong>Gain de 3 classes DPE<\/strong> : pour les m\u00e9nages tr\u00e8s modestes\u00a0 80 %, limite de 40 000 \u20ac (HT)<\/li>\n<\/ul>\n<div class='cta-block'><div class='text'>Simulez toutes vos Aides en 2 min.<\/div><a href='https:\/\/www.mes-allocs.fr\/ab-app?origin=guides\/wp-json\/wp\/v2\/posts\/82382' class='app-button fit'>Simulation gratuite<\/a><\/div>\n<h1><strong>Demander MaPrimeR\u00e9nov\u2019 r\u00e9novation d\u2019ampleur<\/strong><\/h1>\n<h2><strong>Comment faire la demande de MaPrimeR\u00e9nov\u2019 r\u00e9novation d\u2019ampleur ?<\/strong><\/h2>\n<p>Voici les principales \u00e9tapes et conditions pour b\u00e9n\u00e9ficier de MaPrimeR\u00e9nov&rsquo; R\u00e9novation d&rsquo;ampleur :<\/p>\n<div class=\"flex max-w-full flex-col flex-grow\">\n<div class=\"min-h-[20px] text-message flex w-full flex-col items-end gap-2 whitespace-normal break-words [.text-message+&amp;]:mt-5\" dir=\"auto\" data-message-author-role=\"assistant\" data-message-id=\"09a6f834-e26a-447b-a5ad-4ab41c766b87\">\n<div class=\"flex w-full flex-col gap-1 empty:hidden first:pt-[3px]\">\n<div class=\"markdown prose w-full break-words dark:prose-invert dark\">\n<ol>\n<li><strong>Accompagnement obligatoire<\/strong><br \/>\nVous devez \u00eatre accompagn\u00e9 par un <strong>Accompagnateur R\u00e9nov&rsquo;<\/strong> pour votre projet, pris en charge jusqu&rsquo;\u00e0 80 % selon vos revenus. Contactez un conseiller France R\u00e9nov&rsquo; pour trouver un accompagnateur.<\/li>\n<li><strong>Trouver un professionnel RGE<\/strong><br \/>\nLes travaux doivent \u00eatre r\u00e9alis\u00e9s par un <strong>professionnel RGE<\/strong> (hors raccordement \u00e0 un r\u00e9seau de chaleur). Il doit effectuer une visite pr\u00e9alable qui sera mentionn\u00e9e sur le devis et la facture.<\/li>\n<li><strong>Cr\u00e9er un compte MaPrimeR\u00e9nov&rsquo;<\/strong><br \/>\nCr\u00e9ez un compte sur le site MaPrimeR\u00e9nov&rsquo; pour soumettre votre demande. Vous pouvez mandater un tiers pour certaines d\u00e9marches, sauf pour la demande d&rsquo;avance.<\/li>\n<li><strong>Attendre la confirmation de l&rsquo;Anah<\/strong><br \/>\nLes travaux peuvent d\u00e9buter une fois l\u2019accus\u00e9 de r\u00e9ception re\u00e7u. Des exceptions existent pour les situations d\u2019urgence.<\/li>\n<li><strong>Signer le devis<\/strong><br \/>\nUne fois la prime confirm\u00e9e, signez le devis du professionnel choisi.<\/li>\n<li><strong>R\u00e9aliser les travaux<\/strong><br \/>\nTerminez les travaux dans un d\u00e9lai de <strong>3 ans<\/strong> (ou 1 an si avance). Des extensions peuvent \u00eatre accord\u00e9es en cas de probl\u00e8mes impr\u00e9vus.<\/li>\n<li><strong>Demander le solde<\/strong><br \/>\nTransmettez les documents en ligne pour recevoir le solde de la prime.<\/li>\n<li><strong>Pr\u00e9parer un \u00e9ventuel contr\u00f4le<\/strong><br \/>\nL\u2019Anah peut v\u00e9rifier la conformit\u00e9 des travaux. En cas de non-conformit\u00e9, vous devrez rembourser l&rsquo;aide.<\/li>\n<\/ol>\n<\/div>\n<\/div>\n<\/div>\n<\/div>\n<h2><strong>Quels sont les documents demand\u00e9s ?<\/strong><\/h2>\n<p>Pour d\u00e9poser une demande de <strong>MaPrimeR\u00e9nov\u2019 r\u00e9novation d&rsquo;ampleur<\/strong>, les documents suivants sont exig\u00e9s :<\/p>\n<ul>\n<li><strong>Justificatif d&rsquo;\u00e9tat civil et de naissance<\/strong> des membres du foyer<\/li>\n<li><strong>Dernier avis d&rsquo;imposition<\/strong> sur les revenus<\/li>\n<li><strong>Adresse e-mail<\/strong> pour le suivi de la demande<\/li>\n<li><strong>Devis du professionnel RGE<\/strong> choisi pour les travaux<\/li>\n<li><strong>Montant des autres aides ou subventions<\/strong> re\u00e7ues pour les m\u00eames travaux<\/li>\n<\/ul>\n<p>Ces pi\u00e8ces doivent \u00eatre fournies pour valider la demande.<\/p>\n<h2><strong>Combien de demandes MaPrimeR\u00e9nov&rsquo; r\u00e9novation d\u2019ampleur peut-on d\u00e9poser ?<\/strong><\/h2>\n<p>Vous pouvez faire une nouvelle demande de prime pour le m\u00eame logement en respectant deux conditions principales :<\/p>\n<ol>\n<li><strong>Versement de la premi\u00e8re prime<\/strong> : La prime de la demande pr\u00e9c\u00e9dente doit avoir \u00e9t\u00e9 int\u00e9gralement vers\u00e9e.<\/li>\n<li><strong>Limite de cumul<\/strong> : Le total des primes allou\u00e9es pour le m\u00eame logement ne doit pas d\u00e9passer 20 000 \u20ac sur une p\u00e9riode de cinq ans cons\u00e9cutifs.<\/li>\n<\/ol>\n<p>Ces r\u00e8gles permettent d&rsquo;assurer un suivi appropri\u00e9 et une r\u00e9partition \u00e9quitable des aides pour les r\u00e9novations. Assurez-vous \u00e9galement que les nouveaux travaux sont diff\u00e9rents de ceux pour lesquels vous avez d\u00e9j\u00e0 re\u00e7u une prime.<\/p>\n<h1><strong>Peut-on cumuler MaPrimeR\u00e9nov&rsquo; r\u00e9novation d\u2019ampleur avec d\u2019autres aides ?\u00a0<\/strong><\/h1>\n<div class=\"flex max-w-full flex-col flex-grow\">\n<div class=\"min-h-[20px] text-message flex w-full flex-col items-end gap-2 whitespace-normal break-words [.text-message+&amp;]:mt-5\" dir=\"auto\" data-message-author-role=\"assistant\" data-message-id=\"9b86556e-1139-4184-9984-8545de5d6df8\">\n<div class=\"flex w-full flex-col gap-1 empty:hidden first:pt-[3px]\">\n<div class=\"markdown prose w-full break-words dark:prose-invert dark\">\n<p>De mani\u00e8re g\u00e9n\u00e9rale, le <a href=\"https:\/\/www.mes-allocs.fr\/guides\/aide-renovation\/ma-prime-renov-anah\/cumul-anah-et-cee\/\">cumul ANAH et CEE<\/a> est possible. <strong>MaPrimeR\u00e9nov\u2019 R\u00e9novation d\u2019ampleur<\/strong> peut \u00eatre combin\u00e9e avec plusieurs autres aides comme la <strong>TVA \u00e0 taux r\u00e9duit<\/strong>, l\u2019<strong>Eco-PTZ<\/strong> (Eco Pr\u00eat \u00e0 Taux Z\u00e9ro), ainsi que les <strong>aides des collectivit\u00e9s locales<\/strong> et des <strong>fournisseurs d\u2019\u00e9nergie<\/strong>. Les <strong>Ch\u00e8ques \u00c9nergie<\/strong> et les <strong>aides Action Logement<\/strong> sont \u00e9galement compatibles avec cette aide. Cependant, <strong>MaPrimeR\u00e9nov\u2019 R\u00e9novation d\u2019ampleur<\/strong> ne peut pas \u00eatre cumul\u00e9e avec <strong>MaPrimeR\u00e9nov\u2019 Parcours accompagn\u00e9<\/strong> ni avec d\u2019autres aides de l\u2019<strong>ANAH<\/strong> ou de l\u2019<strong>ADEME<\/strong>.<\/p>\n<p>Vous souhaitez r\u00e9aliser des travaux d&rsquo;envergure ? Profitez de l&rsquo;aide <a href=\"https:\/\/www.mes-allocs.fr\/guides\/aide-renovation\/ma-prime-renov-anah\/maprimerenov-parcours-accompagne\/\">MaPrimeR\u00e9nov&rsquo; Parcours accompagn\u00e9<\/a> !<\/p>\n<div class='cta-block'><div class='text'>Simulez toutes vos Aides en 2 min.<\/div><a href='https:\/\/www.mes-allocs.fr\/ab-app?origin=guides\/wp-json\/wp\/v2\/posts\/82382' class='app-button fit'>Simulation gratuite<\/a><\/div>\n<\/div>\n<\/div>\n<\/div>\n<\/div>\n","protected":false},"excerpt":{"rendered":"<p>MaPrimeR\u00e9nov\u2019 R\u00e9novation d\u2019ampleur offre une aide \u00e0 la r\u00e9novation significative pour financer des projets de r\u00e9novation \u00e9nerg\u00e9tique majeurs. Mes-Allocs vous explique les conditions d\u2019\u00e9ligibilit\u00e9, les montants accord\u00e9s, ainsi que les d\u00e9marches n\u00e9cessaires pour b\u00e9n\u00e9ficier de cette aide et optimiser vos travaux de r\u00e9novation. Pr\u00e9sentation de MaPrimeR\u00e9nov\u2019 r\u00e9novation d\u2019ampleur Qu&rsquo;est-ce qu&rsquo;une r\u00e9novation d&rsquo;ampleur ? La r\u00e9novation [&hellip;]<\/p>\n","protected":false},"author":27,"featured_media":82412,"comment_status":"open","ping_status":"open","sticky":false,"template":"","format":"standard","meta":{"amp_status":"","footnotes":""},"categories":[8154,8776],"tags":[],"class_list":["post-82382","post","type-post","status-publish","format-standard","has-post-thumbnail","hentry","category-aide-renovation","category-ma-prime-renov-anah"],"yoast_head":"<!-- This site is optimized with the Yoast SEO plugin v14.9 - https:\/\/yoast.com\/wordpress\/plugins\/seo\/ -->\n<title>Ma Prime R\u00e9nov&#039; r\u00e9novation d&#039;ampleur : conditions, montants, d\u00e9marches<\/title>\n<meta name=\"description\" content=\"MaPrimeR\u00e9nov\u2019 R\u00e9novation d\u2019ampleur offre une aide significative pour financer des projets de r\u00e9novation \u00e9nerg\u00e9tique majeurs. Explications.\" \/>\n<meta name=\"robots\" content=\"index, follow, max-snippet:-1, max-image-preview:large, max-video-preview:-1\" \/>\n<link rel=\"canonical\" href=\"https:\/\/www.mes-allocs.fr\/guides\/aide-renovation\/ma-prime-renov-anah\/ma-prime-renov-renovation-ampleur\/\" \/>\n<meta property=\"og:locale\" content=\"fr_FR\" \/>\n<meta property=\"og:type\" content=\"article\" \/>\n<meta property=\"og:title\" content=\"Ma Prime R\u00e9nov&#039; r\u00e9novation d&#039;ampleur : conditions, montants, d\u00e9marches\" \/>\n<meta property=\"og:description\" content=\"MaPrimeR\u00e9nov\u2019 R\u00e9novation d\u2019ampleur offre une aide significative pour financer des projets de r\u00e9novation \u00e9nerg\u00e9tique majeurs. Explications.\" \/>\n<meta property=\"og:url\" content=\"https:\/\/www.mes-allocs.fr\/guides\/aide-renovation\/ma-prime-renov-anah\/ma-prime-renov-renovation-ampleur\/\" \/>\n<meta property=\"og:site_name\" content=\"Mes-Allocs.fr\" \/>\n<meta property=\"article:published_time\" content=\"2024-09-10T16:22:17+00:00\" \/>\n<meta property=\"article:modified_time\" content=\"2026-04-22T09:51:54+00:00\" \/>\n<meta property=\"og:image\" content=\"https:\/\/www.mes-allocs.fr\/guides\/wp-content\/uploads\/2024\/09\/traffic-sign-1443060_1280.jpg?wsr\" \/>\n\t<meta property=\"og:image:width\" content=\"1280\" \/>\n\t<meta property=\"og:image:height\" content=\"850\" \/>\n<meta name=\"twitter:card\" content=\"summary_large_image\" \/>\n<script type=\"application\/ld+json\" class=\"yoast-schema-graph\">{\"@context\":\"https:\/\/schema.org\",\"@graph\":[{\"@type\":\"WebSite\",\"@id\":\"https:\/\/www.mes-allocs.fr\/guides\/#website\",\"url\":\"https:\/\/www.mes-allocs.fr\/guides\/\",\"name\":\"Mes-Allocs.fr\",\"description\":\"\",\"potentialAction\":[{\"@type\":\"SearchAction\",\"target\":\"https:\/\/www.mes-allocs.fr\/guides\/?s={search_term_string}\",\"query-input\":\"required name=search_term_string\"}],\"inLanguage\":\"fr-FR\"},{\"@type\":\"ImageObject\",\"@id\":\"https:\/\/www.mes-allocs.fr\/guides\/aide-renovation\/ma-prime-renov-anah\/ma-prime-renov-renovation-ampleur\/#primaryimage\",\"inLanguage\":\"fr-FR\",\"url\":\"https:\/\/www.mes-allocs.fr\/guides\/wp-content\/uploads\/2024\/09\/traffic-sign-1443060_1280.jpg?wsr\",\"width\":1280,\"height\":850,\"caption\":\"Maprimer\\u00e9nov r\\u00e9novation d'ampleur\"},{\"@type\":\"WebPage\",\"@id\":\"https:\/\/www.mes-allocs.fr\/guides\/aide-renovation\/ma-prime-renov-anah\/ma-prime-renov-renovation-ampleur\/#webpage\",\"url\":\"https:\/\/www.mes-allocs.fr\/guides\/aide-renovation\/ma-prime-renov-anah\/ma-prime-renov-renovation-ampleur\/\",\"name\":\"Ma Prime R\\u00e9nov' r\\u00e9novation d'ampleur : conditions, montants, d\\u00e9marches\",\"isPartOf\":{\"@id\":\"https:\/\/www.mes-allocs.fr\/guides\/#website\"},\"primaryImageOfPage\":{\"@id\":\"https:\/\/www.mes-allocs.fr\/guides\/aide-renovation\/ma-prime-renov-anah\/ma-prime-renov-renovation-ampleur\/#primaryimage\"},\"datePublished\":\"2024-09-10T16:22:17+00:00\",\"dateModified\":\"2026-04-22T09:51:54+00:00\",\"author\":{\"@id\":\"https:\/\/www.mes-allocs.fr\/guides\/#\/schema\/person\/7a9b61e7b715d477066a9f941c0440c7\"},\"description\":\"MaPrimeR\\u00e9nov\\u2019 R\\u00e9novation d\\u2019ampleur offre une aide significative pour financer des projets de r\\u00e9novation \\u00e9nerg\\u00e9tique majeurs. Explications.\",\"inLanguage\":\"fr-FR\"},{\"@type\":\"Person\",\"@id\":\"https:\/\/www.mes-allocs.fr\/guides\/#\/schema\/person\/7a9b61e7b715d477066a9f941c0440c7\",\"name\":\"L\\u00e9o Martin\",\"image\":{\"@type\":\"ImageObject\",\"@id\":\"https:\/\/www.mes-allocs.fr\/guides\/#personlogo\",\"inLanguage\":\"fr-FR\",\"url\":\"https:\/\/www.mes-allocs.fr\/guides\/wp-content\/uploads\/2023\/12\/1635317753781-e1701432075572-150x150.jpg\",\"caption\":\"L\\u00e9o Martin\"},\"description\":\"L\\u00e9o est r\\u00e9dacteur au sein de l'\\u00e9quipe Mes Allocs, sp\\u00e9cialis\\u00e9 sur les th\\u00e9matiques pouvoir d'achat et aides. Il rejoint Mes Allocs apr\\u00e8s une premi\\u00e8re exp\\u00e9rience en tant que journaliste chez La Gazette Cagnoise et Nice Presse.\",\"sameAs\":[\"https:\/\/www.linkedin.com\/in\/lo-martin-3429bb224\"]}]}<\/script>\n<!-- \/ Yoast SEO plugin. -->","amp_validity":null,"acf":{"faq":{"1":{"question":"Quelles sont les conditions d\u2019\u00e9ligibilit\u00e9 pour MaPrimeR\u00e9nov\u2019 R\u00e9novation d\u2019ampleur ?","answer":"Il faut \u00eatre propri\u00e9taire d\u2019un logement de plus de 15 ans, r\u00e9aliser un gain d\u2019au moins 2 classes \u00e9nerg\u00e9tiques, et \u00eatre accompagn\u00e9 par un Accompagnateur R\u00e9nov\u2019."},"2":{"question":"Quels montants sont couverts par MaPrimeR\u00e9nov\u2019 R\u00e9novation d\u2019ampleur ?","answer":"L\u2019aide couvre de 30 % \u00e0 80 % des d\u00e9penses hors taxes, selon les revenus et le gain \u00e9nerg\u00e9tique, avec des plafonds allant de 40 000 \u20ac \u00e0 70 000 \u20ac."},"3":{"question":"Quelles aides peuvent \u00eatre combin\u00e9es avec MaPrimeR\u00e9nov\u2019 R\u00e9novation d\u2019ampleur ?","answer":"Vous pouvez combiner MaPrimeR\u00e9nov\u2019 avec les primes CEE, la TVA r\u00e9duite, l\u2019Eco-PTZ, ainsi que les aides locales, Ch\u00e8ques \u00c9nergie et Action Logement."},"4":{"question":"Quels documents sont n\u00e9cessaires pour faire une demande ?","answer":"Il faut fournir un devis, des justificatifs de revenus, et l\u2019accompagnement par un Accompagnateur R\u00e9nov\u2019, et cr\u00e9er un compte sur le site MaPrimeR\u00e9nov\u2019."},"5":{"question":"Quand pouvez-vous commencer les travaux ?","answer":"Les travaux ne peuvent commencer qu'apr\u00e8s r\u00e9ception de l\u2019accus\u00e9 de r\u00e9ception de l\u2019ANAH, sauf en cas d'urgence o\u00f9 une demande exceptionnelle peut \u00eatre faite."},"6":{"question":"Quels sont les d\u00e9lais pour terminer les travaux et recevoir la prime ?","answer":"Les travaux doivent \u00eatre achev\u00e9s dans les 3 ans suivant la notification de la prime, avec la possibilit\u00e9 de demander un d\u00e9lai suppl\u00e9mentaire en cas de circonstances exceptionnelles."},"7":{"question":"","answer":""},"8":{"question":"","answer":""},"9":{"question":"","answer":""},"10":{"question":"","answer":""},"11":{"question":"","answer":""},"12":{"question":"","answer":""},"13":{"question":"","answer":""},"14":{"question":"","answer":""},"15":{"question":"","answer":""},"16":{"question":"","answer":""}}},"_links":{"self":[{"href":"https:\/\/www.mes-allocs.fr\/guides\/wp-json\/wp\/v2\/posts\/82382","targetHints":{"allow":["GET"]}}],"collection":[{"href":"https:\/\/www.mes-allocs.fr\/guides\/wp-json\/wp\/v2\/posts"}],"about":[{"href":"https:\/\/www.mes-allocs.fr\/guides\/wp-json\/wp\/v2\/types\/post"}],"author":[{"embeddable":true,"href":"https:\/\/www.mes-allocs.fr\/guides\/wp-json\/wp\/v2\/users\/27"}],"replies":[{"embeddable":true,"href":"https:\/\/www.mes-allocs.fr\/guides\/wp-json\/wp\/v2\/comments?post=82382"}],"version-history":[{"count":15,"href":"https:\/\/www.mes-allocs.fr\/guides\/wp-json\/wp\/v2\/posts\/82382\/revisions"}],"predecessor-version":[{"id":104192,"href":"https:\/\/www.mes-allocs.fr\/guides\/wp-json\/wp\/v2\/posts\/82382\/revisions\/104192"}],"wp:featuredmedia":[{"embeddable":true,"href":"https:\/\/www.mes-allocs.fr\/guides\/wp-json\/wp\/v2\/media\/82412"}],"wp:attachment":[{"href":"https:\/\/www.mes-allocs.fr\/guides\/wp-json\/wp\/v2\/media?parent=82382"}],"wp:term":[{"taxonomy":"category","embeddable":true,"href":"https:\/\/www.mes-allocs.fr\/guides\/wp-json\/wp\/v2\/categories?post=82382"},{"taxonomy":"post_tag","embeddable":true,"href":"https:\/\/www.mes-allocs.fr\/guides\/wp-json\/wp\/v2\/tags?post=82382"}],"curies":[{"name":"wp","href":"https:\/\/api.w.org\/{rel}","templated":true}]}}