{"id":82352,"date":"2024-09-10T13:14:11","date_gmt":"2024-09-10T11:14:11","guid":{"rendered":"https:\/\/www.mes-allocs.fr\/guides\/?p=82352"},"modified":"2026-04-22T10:51:54","modified_gmt":"2026-04-22T09:51:54","slug":"differences-pension-invalidite-et-rente-accident-travail","status":"publish","type":"post","link":"https:\/\/www.mes-allocs.fr\/guides\/pension-invalidite\/differences-pension-invalidite-et-rente-accident-travail\/","title":{"rendered":"Quelle est la diff\u00e9rence entre pension d&rsquo;invalidit\u00e9 et rente accident du travail ?"},"content":{"rendered":"<p><img loading=\"lazy\" decoding=\"async\" class=\"alignnone wp-image-74369 size-full\" title=\"diff\u00e9rence entre pension d'invalidit\u00e9 et rente accident du travail\" src=\"https:\/\/www.mes-allocs.fr\/guides\/wp-content\/uploads\/2024\/02\/senior-citizens-1461424_1280-e1707492948452.jpg\" alt=\"diff\u00e9rence entre pension d'invalidit\u00e9 et rente accident du travail\" width=\"1280\" height=\"419\" srcset=\"https:\/\/www.mes-allocs.fr\/guides\/wp-content\/uploads\/2024\/02\/senior-citizens-1461424_1280-e1707492948452.jpg 1280w, https:\/\/www.mes-allocs.fr\/guides\/wp-content\/uploads\/2024\/02\/senior-citizens-1461424_1280-e1707492948452-300x98.jpg 300w, https:\/\/www.mes-allocs.fr\/guides\/wp-content\/uploads\/2024\/02\/senior-citizens-1461424_1280-e1707492948452-1024x335.jpg 1024w, https:\/\/www.mes-allocs.fr\/guides\/wp-content\/uploads\/2024\/02\/senior-citizens-1461424_1280-e1707492948452-768x251.jpg 768w, https:\/\/www.mes-allocs.fr\/guides\/wp-content\/uploads\/2024\/02\/senior-citizens-1461424_1280-e1707492948452-600x196.jpg 600w\" sizes=\"auto, (max-width: 1280px) 100vw, 1280px\" \/><\/p>\n<p><strong>La <a href=\"https:\/\/www.mes-allocs.fr\/guides\/pension-invalidite\/\">pension d&rsquo;invalidit\u00e9<\/a> et la rente accident du travail sont deux prestations destin\u00e9es \u00e0 soutenir financi\u00e8rement les personnes confront\u00e9es \u00e0 des incapacit\u00e9s de travail, mais elles r\u00e9pondent \u00e0 des situations distinctes. La pension d&rsquo;invalidit\u00e9 concerne les individus qui ne peuvent plus travailler en raison d&rsquo;une maladie ou d&rsquo;un accident non li\u00e9 \u00e0 leur activit\u00e9 professionnelle. En revanche, la rente accident du travail est sp\u00e9cifiquement destin\u00e9e aux travailleurs ayant subi des dommages dans le cadre de leur emploi. Comprendre les diff\u00e9rences entre ces deux types de rentes est essentiel pour d\u00e9terminer les droits et les d\u00e9marches \u00e0 suivre dans chaque situation. Cet article clarifie ces diff\u00e9rences pour vous aider \u00e0 naviguer dans les complexit\u00e9s de ces prestations.<\/strong><\/p>\n<div class='cta-block'><div class='text'>Simulez toutes vos aides en 2 min.<\/div><a href='https:\/\/www.mes-allocs.fr\/ab-app?origin=guides\/wp-json\/wp\/v2\/posts\/82352' class='app-button fit'>Simulation gratuite<\/a><\/div>\n<h1><strong>Quelle diff\u00e9rence entre incapacit\u00e9 et inaptitude ?<\/strong><\/h1>\n<div class=\"flex max-w-full flex-col flex-grow\">\n<div class=\"min-h-[20px] text-message flex w-full flex-col items-end gap-2 whitespace-normal break-words [.text-message+&amp;]:mt-5\" dir=\"auto\" data-message-author-role=\"assistant\" data-message-id=\"03ab1f9f-c4a2-43b6-ada7-1ce9caf147fc\">\n<div class=\"flex w-full flex-col gap-1 empty:hidden first:pt-[3px]\">\n<div class=\"markdown prose w-full break-words dark:prose-invert dark\">\n<h2>D\u00e9finition de l&rsquo;incapacit\u00e9<\/h2>\n<p>L\u2019incapacit\u00e9 se r\u00e9f\u00e8re \u00e0 une diminution partielle ou totale de la capacit\u00e9 \u00e0 accomplir des t\u00e2ches ou \u00e0 exercer des fonctions en raison d\u2019un probl\u00e8me de sant\u00e9, d&rsquo;une maladie ou d\u2019un accident. Elle est souvent \u00e9valu\u00e9e m\u00e9dicalement pour d\u00e9terminer l&rsquo;impact sur la vie quotidienne et la capacit\u00e9 de travail. Par exemple :<\/p>\n<ul>\n<li><strong>Incapacit\u00e9 temporaire :<\/strong> lorsque la personne ne peut pas travailler pendant une p\u00e9riode d\u00e9termin\u00e9e, souvent li\u00e9e \u00e0 une maladie aigu\u00eb ou \u00e0 une convalescence.<\/li>\n<li><strong>Incapacit\u00e9 permanente :<\/strong> lorsqu&rsquo;une personne est de mani\u00e8re durable incapable d&rsquo;exercer certaines activit\u00e9s ou fonctions en raison d&rsquo;une condition chronique ou d&rsquo;un handicap.<\/li>\n<\/ul>\n<p>L\u2019incapacit\u00e9 peut justifier des aides ou des prestations sp\u00e9cifiques, comme une pension d&rsquo;invalidit\u00e9, en fonction de son degr\u00e9 et de sa dur\u00e9e.<\/p>\n<h2>D\u00e9finition de l&rsquo;inaptitude<\/h2>\n<p>L\u2019inaptitude est un terme souvent utilis\u00e9 dans le contexte professionnel pour d\u00e9crire une situation o\u00f9 un salari\u00e9 n\u2019est plus en mesure de remplir les t\u00e2ches de son poste en raison d\u2019une condition de sant\u00e9 ou d\u2019une incapacit\u00e9. L\u2019inaptitude est g\u00e9n\u00e9ralement d\u00e9termin\u00e9e par un m\u00e9decin du travail et se divise en :<\/p>\n<ul>\n<li><strong>Inaptitude temporaire :<\/strong> lorsqu&rsquo;un salari\u00e9 est jug\u00e9 inapte pour une p\u00e9riode donn\u00e9e, souvent en attendant une am\u00e9lioration de son \u00e9tat de sant\u00e9 ou une r\u00e9habilitation.<\/li>\n<li><strong>Inaptitude permanente :<\/strong> lorsqu\u2019un salari\u00e9 est jug\u00e9 d\u00e9finitivement incapable d\u2019exercer son emploi actuel, ce qui peut entra\u00eener des ajustements professionnels ou un reclassement dans un autre poste.<\/li>\n<\/ul>\n<p>Contrairement \u00e0 l\u2019incapacit\u00e9, l\u2019inaptitude est directement li\u00e9e aux exigences du poste de travail et aux conditions sp\u00e9cifiques du milieu professionnel. Elle peut entra\u00eener des mesures telles que le reclassement professionnel ou, dans certains cas, une proc\u00e9dure de licenciement pour inaptitude.<\/p>\n<\/div>\n<\/div>\n<\/div>\n<\/div>\n<h1>D\u00e9finition et objectifs de la pension d\u2019invalidit\u00e9 et de la rente accident du travail<\/h1>\n<div>\n<h2>La pension d\u2019invalidit\u00e9<\/h2>\n<p>La pension d\u2019invalidit\u00e9 est une prestation destin\u00e9e \u00e0 compenser la perte de revenus pour les personnes qui, en raison d&rsquo;une maladie ou d&rsquo;un accident non li\u00e9 au travail, ne peuvent plus exercer leur activit\u00e9 professionnelle. Elle vise \u00e0 offrir un soutien financier aux individus dont la capacit\u00e9 de travail est diminu\u00e9e de mani\u00e8re significative et durable. Les objectifs principaux sont de garantir un revenu minimum pour vivre et de tenir compte du degr\u00e9 d\u2019incapacit\u00e9 (gr\u00e2ce aux <a href=\"https:\/\/www.mes-allocs.fr\/guides\/pension-invalidite\/categorie-pension-dinvalidite\/\">cat\u00e9gories d&rsquo;invalidit\u00e9<\/a>\u00a0d\u00e9finies) pour ajuster le montant de la pension.<\/p>\n<h2>La rente accident du travail<\/h2>\n<p>La rente accident du travail est une prestation accord\u00e9e aux travailleurs ayant subi un accident ou une maladie professionnelle, entra\u00eenant une incapacit\u00e9 de travail permanente. Elle vise \u00e0 compenser la perte de revenus li\u00e9e \u00e0 l&rsquo;incapacit\u00e9 r\u00e9sultante de l&rsquo;accident ou de la maladie survenue dans le cadre du travail. L&rsquo;objectif est d&rsquo;assurer une aide financi\u00e8re sp\u00e9cifique en fonction du degr\u00e9 de s\u00e9v\u00e9rit\u00e9 de l&rsquo;incapacit\u00e9 et des r\u00e9percussions sur la capacit\u00e9 \u00e0 travailler.<\/p>\n<h2>Quelles sont les diff\u00e9rences entre pension d\u2019invalidit\u00e9 et rente accident du travail ?<\/h2>\n<p>La principale diff\u00e9rence r\u00e9side dans l&rsquo;origine de l&rsquo;incapacit\u00e9 : la pension d\u2019invalidit\u00e9 est attribu\u00e9e pour des incapacit\u00e9s li\u00e9es \u00e0 des causes non professionnelles, tandis que la rente accident du travail est sp\u00e9cifiquement li\u00e9e aux accidents ou maladies survenus dans le cadre professionnel. Le calcul des montants et les conditions d&rsquo;attribution varient \u00e9galement, la rente \u00e9tant souvent ajust\u00e9e selon des bar\u00e8mes sp\u00e9cifiques aux accidents du travail.<\/p>\n<\/div>\n<div class='cta-block'><div class='text'>Simulez toutes vos aides en 2 min.<\/div><a href='https:\/\/www.mes-allocs.fr\/ab-app?origin=guides\/wp-json\/wp\/v2\/posts\/82352' class='app-button fit'>Simulation gratuite<\/a><\/div>\n<h1>Modalit\u00e9s de calcul et montants<\/h1>\n<h2>Calcul de la pension d\u2019invalidit\u00e9<\/h2>\n<p>Le <a href=\"https:\/\/www.mes-allocs.fr\/guides\/pension-invalidite\/montant-pension-invalidite\/\">montant de la pension d\u2019invalidit\u00e9<\/a> est calcul\u00e9 en fonction du salaire ant\u00e9rieur et du taux d\u2019incapacit\u00e9 d\u00e9termin\u00e9 par une commission m\u00e9dicale. Ce taux est g\u00e9n\u00e9ralement r\u00e9parti en cat\u00e9gories (de 1\u00e8re \u00e0 3\u00e8me) qui influencent le montant de la pension. Des crit\u00e8res suppl\u00e9mentaires peuvent inclure la dur\u00e9e de cotisation et les ajustements en fonction de l\u2019inflation.<\/p>\n<h2>Calcul de la rente accident du travail<\/h2>\n<p>La rente accident du travail est calcul\u00e9e en fonction du salaire de r\u00e9f\u00e9rence, du taux d&rsquo;incapacit\u00e9 d\u00e9termin\u00e9 par la S\u00e9curit\u00e9 sociale ou la caisse d&rsquo;assurance, et des bar\u00e8mes sp\u00e9cifiques aux accidents du travail. Les taux d\u2019incapacit\u00e9 et les majorations \u00e9ventuelles sont appliqu\u00e9s pour \u00e9tablir le montant final de la rente.<\/p>\n<p><iframe loading=\"lazy\" title=\"La pension d&#039;invalidit\u00e9\" width=\"500\" height=\"281\" src=\"https:\/\/www.youtube.com\/embed\/_UJaa1UDtZs?feature=oembed\" frameborder=\"0\" allow=\"accelerometer; autoplay; clipboard-write; encrypted-media; gyroscope; picture-in-picture; web-share\" referrerpolicy=\"strict-origin-when-cross-origin\" allowfullscreen><\/iframe><\/p>\n<h1>Cumul et compatibilit\u00e9 avec d\u2019autres prestations<\/h1>\n<h2>Peut-on cumuler pension d\u2019invalidit\u00e9 et rente accident du travail ?<\/h2>\n<p>En g\u00e9n\u00e9ral, les prestations de pension d&rsquo;invalidit\u00e9 et de rente accident du travail ne sont pas cumulables. Les b\u00e9n\u00e9ficiaires doivent choisir la prestation la plus favorable ou ajuster leurs droits en fonction des r\u00e8gles de cumul \u00e9tablies par les r\u00e9gulations en vigueur.<\/p>\n<h2>Cumul de la pension d\u2019invalidit\u00e9 avec d\u2019autres aides<\/h2>\n<p>Le <a href=\"https:\/\/www.mes-allocs.fr\/guides\/pension-invalidite\/cumul-pension-invalidite\/\">cumul de la pension d&rsquo;invalidit\u00e9<\/a> avec certaines aides sociales, telles que l\u2019Allocation Adulte Handicap\u00e9 (AAH), est possible &#8211; sous r\u00e9serve de respecter les plafonds de ressources et les conditions sp\u00e9cifiques d\u00e9finies par la l\u00e9gislation.<\/p>\n<h2>Cumul de la rente accident du travail avec d\u2019autres prestations<\/h2>\n<p>Le cumul de la rente accident du travail avec d&rsquo;autres prestations peut \u00e9galement \u00eatre soumis \u00e0 des conditions sp\u00e9cifiques, notamment en ce qui concerne les aides sociales ou les allocations ch\u00f4mage. Les r\u00e8gles varient selon les r\u00e9gulations en vigueur et les caract\u00e9ristiques individuelles du b\u00e9n\u00e9ficiaire.<\/p>\n<div class=\"flex max-w-full flex-col flex-grow\">\n<div class=\"min-h-[20px] text-message flex w-full flex-col items-end gap-2 whitespace-normal break-words [.text-message+&amp;]:mt-5\" dir=\"auto\" data-message-author-role=\"assistant\" data-message-id=\"08ed5071-bdc4-4157-bee8-c1c31f6711fa\">\n<div class=\"flex w-full flex-col gap-1 empty:hidden first:pt-[3px]\">\n<div class=\"markdown prose w-full break-words dark:prose-invert dark\">\n<h1>Gestion administrative et d\u00e9marches<\/h1>\n<h2>D\u00e9marches pour obtenir la pension d\u2019invalidit\u00e9<\/h2>\n<p>Pour obtenir une pension d\u2019invalidit\u00e9, il est n\u00e9cessaire de constituer un dossier comprenant des documents m\u00e9dicaux, des justificatifs de cotisations, et de soumettre une <a href=\"https:\/\/www.mes-allocs.fr\/guides\/pension-invalidite\/demande-pension-invalidite\/\">demande de pension d&rsquo;invalidit\u00e9<\/a> aupr\u00e8s de la S\u00e9curit\u00e9 sociale ou de l\u2019organisme comp\u00e9tent. La demande doit \u00eatre accompagn\u00e9e d\u2019un rapport m\u00e9dical d\u00e9taillant le degr\u00e9 d\u2019incapacit\u00e9.<\/p>\n<h2>D\u00e9marches pour obtenir la rente accident du travail<\/h2>\n<p>Obtenir une rente accident du travail implique de signaler l\u2019accident ou la maladie professionnelle \u00e0 la caisse d&rsquo;assurance, de fournir des preuves m\u00e9dicales et administratives, et de suivre une proc\u00e9dure d&rsquo;\u00e9valuation pour d\u00e9terminer le taux d&rsquo;incapacit\u00e9. Le dossier est examin\u00e9 par les autorit\u00e9s comp\u00e9tentes pour d\u00e9terminer le droit \u00e0 la rente et son montant.<\/p>\n<\/div>\n<\/div>\n<\/div>\n<\/div>\n<div class='cta-block'><div class='text'>Simulez toutes vos aides en 2 min.<\/div><a href='https:\/\/www.mes-allocs.fr\/ab-app?origin=guides\/wp-json\/wp\/v2\/posts\/82352' class='app-button fit'>Simulation gratuite<\/a><\/div>\n","protected":false},"excerpt":{"rendered":"<p>La pension d&rsquo;invalidit\u00e9 et la rente accident du travail sont deux prestations destin\u00e9es \u00e0 soutenir financi\u00e8rement les personnes confront\u00e9es \u00e0 des incapacit\u00e9s de travail, mais elles r\u00e9pondent \u00e0 des situations distinctes. La pension d&rsquo;invalidit\u00e9 concerne les individus qui ne peuvent plus travailler en raison d&rsquo;une maladie ou d&rsquo;un accident non li\u00e9 \u00e0 leur activit\u00e9 professionnelle. [&hellip;]<\/p>\n","protected":false},"author":26,"featured_media":72588,"comment_status":"open","ping_status":"open","sticky":false,"template":"","format":"standard","meta":{"amp_status":"","footnotes":""},"categories":[35633],"tags":[],"class_list":["post-82352","post","type-post","status-publish","format-standard","has-post-thumbnail","hentry","category-pension-invalidite"],"yoast_head":"<!-- This site is optimized with the Yoast SEO plugin v14.9 - https:\/\/yoast.com\/wordpress\/plugins\/seo\/ -->\n<title>Les diff\u00e9rences entre pension d&#039;invalidit\u00e9 et rente accident du travail<\/title>\n<meta name=\"description\" content=\"Comprendre les diff\u00e9rences entre la pension d&#039;invalidit\u00e9 et la rente accident du travail est essentiel pour d\u00e9terminer vos droits.\" \/>\n<meta name=\"robots\" content=\"index, follow, max-snippet:-1, max-image-preview:large, max-video-preview:-1\" \/>\n<link rel=\"canonical\" href=\"https:\/\/www.mes-allocs.fr\/guides\/pension-invalidite\/differences-pension-invalidite-et-rente-accident-travail\/\" \/>\n<meta property=\"og:locale\" content=\"fr_FR\" \/>\n<meta property=\"og:type\" content=\"article\" \/>\n<meta property=\"og:title\" content=\"Les diff\u00e9rences entre pension d&#039;invalidit\u00e9 et rente accident du travail\" \/>\n<meta property=\"og:description\" content=\"Comprendre les diff\u00e9rences entre la pension d&#039;invalidit\u00e9 et la rente accident du travail est essentiel pour d\u00e9terminer vos droits.\" \/>\n<meta property=\"og:url\" content=\"https:\/\/www.mes-allocs.fr\/guides\/pension-invalidite\/differences-pension-invalidite-et-rente-accident-travail\/\" \/>\n<meta property=\"og:site_name\" content=\"Mes-Allocs.fr\" \/>\n<meta property=\"article:published_time\" content=\"2024-09-10T11:14:11+00:00\" \/>\n<meta property=\"article:modified_time\" content=\"2026-04-22T09:51:54+00:00\" \/>\n<meta property=\"og:image\" content=\"https:\/\/www.mes-allocs.fr\/guides\/wp-content\/uploads\/2024\/01\/wheelchair-1595794_1280.jpg?wsr\" \/>\n\t<meta property=\"og:image:width\" content=\"1280\" \/>\n\t<meta property=\"og:image:height\" content=\"853\" \/>\n<meta name=\"twitter:card\" content=\"summary_large_image\" \/>\n<script type=\"application\/ld+json\" class=\"yoast-schema-graph\">{\"@context\":\"https:\/\/schema.org\",\"@graph\":[{\"@type\":\"WebSite\",\"@id\":\"https:\/\/www.mes-allocs.fr\/guides\/#website\",\"url\":\"https:\/\/www.mes-allocs.fr\/guides\/\",\"name\":\"Mes-Allocs.fr\",\"description\":\"\",\"potentialAction\":[{\"@type\":\"SearchAction\",\"target\":\"https:\/\/www.mes-allocs.fr\/guides\/?s={search_term_string}\",\"query-input\":\"required name=search_term_string\"}],\"inLanguage\":\"fr-FR\"},{\"@type\":\"ImageObject\",\"@id\":\"https:\/\/www.mes-allocs.fr\/guides\/pension-invalidite\/differences-pension-invalidite-et-rente-accident-travail\/#primaryimage\",\"inLanguage\":\"fr-FR\",\"url\":\"https:\/\/www.mes-allocs.fr\/guides\/wp-content\/uploads\/2024\/01\/wheelchair-1595794_1280.jpg?wsr\",\"width\":1280,\"height\":853,\"caption\":\"diff\\u00e9rence entre pension d'invalidit\\u00e9 et rente accident du travail\"},{\"@type\":\"WebPage\",\"@id\":\"https:\/\/www.mes-allocs.fr\/guides\/pension-invalidite\/differences-pension-invalidite-et-rente-accident-travail\/#webpage\",\"url\":\"https:\/\/www.mes-allocs.fr\/guides\/pension-invalidite\/differences-pension-invalidite-et-rente-accident-travail\/\",\"name\":\"Les diff\\u00e9rences entre pension d'invalidit\\u00e9 et rente accident du travail\",\"isPartOf\":{\"@id\":\"https:\/\/www.mes-allocs.fr\/guides\/#website\"},\"primaryImageOfPage\":{\"@id\":\"https:\/\/www.mes-allocs.fr\/guides\/pension-invalidite\/differences-pension-invalidite-et-rente-accident-travail\/#primaryimage\"},\"datePublished\":\"2024-09-10T11:14:11+00:00\",\"dateModified\":\"2026-04-22T09:51:54+00:00\",\"author\":{\"@id\":\"https:\/\/www.mes-allocs.fr\/guides\/#\/schema\/person\/9c38f3be41a0ddcd1e3fde5a3df713bf\"},\"description\":\"Comprendre les diff\\u00e9rences entre la pension d'invalidit\\u00e9 et la rente accident du travail est essentiel pour d\\u00e9terminer vos droits.\",\"inLanguage\":\"fr-FR\"},{\"@type\":\"Person\",\"@id\":\"https:\/\/www.mes-allocs.fr\/guides\/#\/schema\/person\/9c38f3be41a0ddcd1e3fde5a3df713bf\",\"name\":\"Sessime Ananou\",\"image\":{\"@type\":\"ImageObject\",\"@id\":\"https:\/\/www.mes-allocs.fr\/guides\/#personlogo\",\"inLanguage\":\"fr-FR\",\"url\":\"https:\/\/www.mes-allocs.fr\/guides\/wp-content\/uploads\/2023\/08\/IMG_8173-150x150.jpg\",\"caption\":\"Sessime Ananou\"},\"description\":\"Sessime est r\\u00e9dactrice chez Mes Allocs, sp\\u00e9cialis\\u00e9e sur le pouvoir d'achat. Elle rejoint l'\\u00e9quipe Mes Allocs en ao\\u00fbt 2023 afin de simplifier l'acc\\u00e8s \\u00e0 l'information sur les aides en g\\u00e9n\\u00e9ral.\"}]}<\/script>\n<!-- \/ Yoast SEO plugin. -->","amp_validity":null,"acf":{"faq":{"1":{"question":"Quelle est la principale diff\u00e9rence entre une pension d'invalidit\u00e9 et une rente accident du travail ?","answer":"La pension d'invalidit\u00e9 est vers\u00e9e en cas d'incapacit\u00e9 de travail due \u00e0 une maladie ou un accident non professionnel. La rente accident du travail est accord\u00e9e en cas d'incapacit\u00e9 r\u00e9sultant d'un accident survenu dans le cadre du travail.\r\n"},"2":{"question":"Quelles sont les conditions d\u2019attribution de la pension d\u2019invalidit\u00e9 ?","answer":"Elle est attribu\u00e9e aux personnes qui subissent une incapacit\u00e9 de travail suite \u00e0 une maladie ou un accident non li\u00e9 au travail, et qui remplissent les conditions de cotisation \u00e0 la S\u00e9curit\u00e9 sociale.\r\n"},"3":{"question":"Quelles sont les conditions d\u2019attribution de la rente accident du travail ?","answer":"La rente est accord\u00e9e aux travailleurs ayant subi un accident ou une maladie professionnelle, et elle est li\u00e9e \u00e0 l\u2019incapacit\u00e9 partielle ou totale r\u00e9sultant de cet incident."},"4":{"question":"Comment est calcul\u00e9e la pension d\u2019invalidit\u00e9 ?","answer":"Elle est calcul\u00e9e en fonction du salaire ant\u00e9rieur et du taux d\u2019invalidit\u00e9 \u00e9tabli par une commission m\u00e9dicale, avec des cat\u00e9gories allant de 1\u00e8re \u00e0 3\u00e8me.\r\n"},"5":{"question":"Comment est calcul\u00e9e la rente accident du travail ?","answer":"Elle est calcul\u00e9e en fonction du salaire de r\u00e9f\u00e9rence, du taux d'incapacit\u00e9, et des bar\u00e8mes sp\u00e9cifiques aux accidents du travail, souvent avec des majorations pour incapacit\u00e9 s\u00e9v\u00e8re."},"6":{"question":"Les deux prestations sont-elles cumulables ?","answer":"Non, en g\u00e9n\u00e9ral, les prestations ne sont pas cumulables. Les b\u00e9n\u00e9ficiaires doivent choisir la prestation la plus favorable ou voir leurs droits ajust\u00e9s en fonction des r\u00e8gles de cumul en vigueur.\r\n"},"7":{"question":"","answer":""},"8":{"question":"","answer":""},"9":{"question":"","answer":""},"10":{"question":"","answer":""},"11":{"question":"","answer":""},"12":{"question":"","answer":""},"13":{"question":"","answer":""},"14":{"question":"","answer":""},"15":{"question":"","answer":""},"16":{"question":"","answer":""}}},"_links":{"self":[{"href":"https:\/\/www.mes-allocs.fr\/guides\/wp-json\/wp\/v2\/posts\/82352","targetHints":{"allow":["GET"]}}],"collection":[{"href":"https:\/\/www.mes-allocs.fr\/guides\/wp-json\/wp\/v2\/posts"}],"about":[{"href":"https:\/\/www.mes-allocs.fr\/guides\/wp-json\/wp\/v2\/types\/post"}],"author":[{"embeddable":true,"href":"https:\/\/www.mes-allocs.fr\/guides\/wp-json\/wp\/v2\/users\/26"}],"replies":[{"embeddable":true,"href":"https:\/\/www.mes-allocs.fr\/guides\/wp-json\/wp\/v2\/comments?post=82352"}],"version-history":[{"count":6,"href":"https:\/\/www.mes-allocs.fr\/guides\/wp-json\/wp\/v2\/posts\/82352\/revisions"}],"predecessor-version":[{"id":94202,"href":"https:\/\/www.mes-allocs.fr\/guides\/wp-json\/wp\/v2\/posts\/82352\/revisions\/94202"}],"wp:featuredmedia":[{"embeddable":true,"href":"https:\/\/www.mes-allocs.fr\/guides\/wp-json\/wp\/v2\/media\/72588"}],"wp:attachment":[{"href":"https:\/\/www.mes-allocs.fr\/guides\/wp-json\/wp\/v2\/media?parent=82352"}],"wp:term":[{"taxonomy":"category","embeddable":true,"href":"https:\/\/www.mes-allocs.fr\/guides\/wp-json\/wp\/v2\/categories?post=82352"},{"taxonomy":"post_tag","embeddable":true,"href":"https:\/\/www.mes-allocs.fr\/guides\/wp-json\/wp\/v2\/tags?post=82352"}],"curies":[{"name":"wp","href":"https:\/\/api.w.org\/{rel}","templated":true}]}}