{"id":82340,"date":"2024-09-09T18:30:13","date_gmt":"2024-09-09T16:30:13","guid":{"rendered":"https:\/\/www.mes-allocs.fr\/guides\/?p=82340"},"modified":"2026-04-22T10:51:54","modified_gmt":"2026-04-22T09:51:54","slug":"comment-declarer-pension-invalidite-impots","status":"publish","type":"post","link":"https:\/\/www.mes-allocs.fr\/guides\/pension-invalidite\/pension-invalidite-imposable\/comment-declarer-pension-invalidite-impots\/","title":{"rendered":"Comment d\u00e9clarer sa pension d&rsquo;invalidit\u00e9 aux imp\u00f4ts ?"},"content":{"rendered":"<p><img loading=\"lazy\" decoding=\"async\" class=\"alignnone wp-image-44667 size-full\" title=\"comment d\u00e9clarer sa pension d'invalidit\u00e9 aux imp\u00f4ts\" src=\"https:\/\/www.mes-allocs.fr\/guides\/wp-content\/uploads\/2022\/02\/calcul-impots-e1644311558510.jpeg\" alt=\"comment d\u00e9clarer sa pension d'invalidit\u00e9 aux imp\u00f4ts\" width=\"1125\" height=\"393\" srcset=\"https:\/\/www.mes-allocs.fr\/guides\/wp-content\/uploads\/2022\/02\/calcul-impots-e1644311558510.jpeg 1125w, https:\/\/www.mes-allocs.fr\/guides\/wp-content\/uploads\/2022\/02\/calcul-impots-e1644311558510-300x105.jpeg 300w, https:\/\/www.mes-allocs.fr\/guides\/wp-content\/uploads\/2022\/02\/calcul-impots-e1644311558510-1024x358.jpeg 1024w, https:\/\/www.mes-allocs.fr\/guides\/wp-content\/uploads\/2022\/02\/calcul-impots-e1644311558510-768x268.jpeg 768w, https:\/\/www.mes-allocs.fr\/guides\/wp-content\/uploads\/2022\/02\/calcul-impots-e1644311558510-600x210.jpeg 600w\" sizes=\"auto, (max-width: 1125px) 100vw, 1125px\" \/><\/p>\n<p><strong>La <a href=\"https:\/\/www.mes-allocs.fr\/guides\/pension-invalidite\/\">pension d&rsquo;invalidit\u00e9<\/a> est une aide pr\u00e9cieuse pour compenser la perte de revenus due \u00e0 une incapacit\u00e9 de travail. Cependant, elle doit \u00eatre d\u00e9clar\u00e9e aux imp\u00f4ts comme tout autre revenu. Cet article a pour objectif d&rsquo;apporter des r\u00e9ponses aux questions les plus fr\u00e9quentes sur la d\u00e9claration de la pension d\u2019invalidit\u00e9. Cela vous aidera \u00e0 comprendre les \u00e9tapes \u00e0 suivre, les documents n\u00e9cessaires et les avantages fiscaux auxquels vous pourriez pr\u00e9tendre.<\/strong><\/p>\n<div class='cta-block'><div class='text'>Simulez toutes vos aides en 2 min.<\/div><a href='https:\/\/www.mes-allocs.fr\/ab-app?origin=guides\/wp-json\/wp\/v2\/posts\/82340' class='app-button fit'>Simulation gratuite<\/a><\/div>\n<h1>Les fondements de la pension d&rsquo;invalidit\u00e9 aux services des imp\u00f4ts<\/h1>\n<h2><strong>D\u00e9finition et objectifs de la pension d&rsquo;invalidit\u00e9<\/strong><\/h2>\n<p>La pension d&rsquo;invalidit\u00e9 est une prestation financi\u00e8re accord\u00e9e par la S\u00e9curit\u00e9 sociale \u00e0 une personne qui, en raison de sa sant\u00e9, n&rsquo;est plus capable de travailler ou ne peut plus exercer son emploi dans des conditions normales. Cette pension vise \u00e0 compenser la perte de revenus en fonction de la gravit\u00e9 de l&rsquo;invalidit\u00e9, \u00e9valu\u00e9e selon des crit\u00e8res m\u00e9dicaux. Elle se d\u00e9cline en trois cat\u00e9gories, d\u00e9finies par le degr\u00e9 de capacit\u00e9 restante \u00e0 travailler.<\/p>\n<ul>\n<li><strong>1\u00e8re cat\u00e9gorie :<\/strong> invalidit\u00e9 r\u00e9duisant la capacit\u00e9 de travail, mais permettant une activit\u00e9 professionnelle r\u00e9duite.<\/li>\n<li><strong>2\u00e8me cat\u00e9gorie :<\/strong> invalidit\u00e9 emp\u00eachant toute activit\u00e9 professionnelle.<\/li>\n<li><strong>3\u00e8me cat\u00e9gorie :<\/strong> invalidit\u00e9 n\u00e9cessitant l&rsquo;assistance d&rsquo;une tierce personne pour effectuer les actes essentiels de la vie quotidienne.<\/li>\n<\/ul>\n<h2><strong>Qui est concern\u00e9 par cette pension ?<\/strong><\/h2>\n<p>La pension d\u2019invalidit\u00e9 est destin\u00e9e \u00e0 toute personne ayant subi une alt\u00e9ration de sa capacit\u00e9 de travail ou de gain d&rsquo;au moins deux tiers en raison d&rsquo;une maladie ou d&rsquo;un accident. Pour \u00eatre \u00e9ligible, le demandeur doit \u00e9galement justifier d\u2019une certaine dur\u00e9e de cotisation \u00e0 la S\u00e9curit\u00e9 sociale avant l\u2019apparition de l&rsquo;invalidit\u00e9. Il est essentiel que l&rsquo;invalidit\u00e9 soit reconnue par un m\u00e9decin-conseil de l\u2019Assurance maladie.<\/p>\n<div class='cta-block'><div class='text'>Simulez toutes vos aides en 2 min.<\/div><a href='https:\/\/www.mes-allocs.fr\/ab-app?origin=guides\/wp-json\/wp\/v2\/posts\/82340' class='app-button fit'>Simulation gratuite<\/a><\/div>\n<h1>Proc\u00e9dure de d\u00e9claration de la pension d&rsquo;invalidit\u00e9<\/h1>\n<h2><strong>O\u00f9 et comment d\u00e9clarer la pension d&rsquo;invalidit\u00e9 dans le formulaire fiscal ?<\/strong><\/h2>\n<p>Bien que destin\u00e9e \u00e0 remplacer un revenu de travail perdu, la <a href=\"https:\/\/www.mes-allocs.fr\/guides\/pension-invalidite\/pension-invalidite-imposable\/\">pension d&rsquo;invalidit\u00e9 est imposable<\/a>. Elle doit \u00eatre inscrite dans la cat\u00e9gorie des \u00ab\u00a0pensions, retraites et rentes\u00a0\u00bb lors de la d\u00e9claration annuelle de revenus. Les montants per\u00e7us sur l\u2019ann\u00e9e doivent \u00eatre report\u00e9s dans les cases sp\u00e9cifiques du formulaire fiscal, habituellement les cases \u00ab\u00a01AS\u00a0\u00bb ou \u00ab\u00a01BS\u00a0\u00bb en fonction de la nature de la pension.<\/p>\n<p>L\u2019administration fiscale consid\u00e8re que la pension d\u2019invalidit\u00e9, bien que per\u00e7ue en raison d\u2019un \u00e9tat de sant\u00e9 d\u00e9grad\u00e9, constitue un revenu \u00e0 part enti\u00e8re, au m\u00eame titre que les pensions de retraite ou les rentes viag\u00e8res. Il est donc obligatoire de la d\u00e9clarer, quelle que soit la cat\u00e9gorie d\u2019invalidit\u00e9 concern\u00e9e.<\/p>\n<h2><strong>Quelles sont les \u00e9tapes \u00e0 suivre pour remplir correctement la d\u00e9claration ?<\/strong><\/h2>\n<p>Pour d\u00e9clarer correctement la pension d&rsquo;invalidit\u00e9, voici les principales \u00e9tapes \u00e0 suivre :<\/p>\n<ul>\n<li><strong>\u00c9tape 1 :<\/strong> rassembler les documents n\u00e9cessaires (bulletins de versement de la pension ou attestation annuelle de la S\u00e9curit\u00e9 sociale).<\/li>\n<li><strong>\u00c9tape 2 :<\/strong> identifier la rubrique \u00ab\u00a0pensions, retraites et rentes\u00a0\u00bb sur votre formulaire de d\u00e9claration.<\/li>\n<li><strong>\u00c9tape 3 :<\/strong> inscrire le montant total per\u00e7u durant l\u2019ann\u00e9e dans les cases correspondantes (1AS\/1BS pour les pensions imposables).<\/li>\n<li><strong>\u00c9tape 4 :<\/strong> v\u00e9rifier l&rsquo;exactitude des informations avant de valider la d\u00e9claration.<\/li>\n<\/ul>\n<p>La d\u00e9claration doit \u00eatre effectu\u00e9e chaque ann\u00e9e, m\u00eame si votre situation d&rsquo;invalidit\u00e9 reste inchang\u00e9e. Le fait de ne pas d\u00e9clarer cette pension peut entra\u00eener des sanctions fiscales, incluant des p\u00e9nalit\u00e9s et des majorations.<\/p>\n<p><iframe loading=\"lazy\" title=\"La pension d&#039;invalidit\u00e9\" width=\"500\" height=\"281\" src=\"https:\/\/www.youtube.com\/embed\/_UJaa1UDtZs?feature=oembed\" frameborder=\"0\" allow=\"accelerometer; autoplay; clipboard-write; encrypted-media; gyroscope; picture-in-picture; web-share\" referrerpolicy=\"strict-origin-when-cross-origin\" allowfullscreen><\/iframe><\/p>\n<h1>Quels sont les documents n\u00e9cessaires pour la d\u00e9claration de la pension d&rsquo;invalidit\u00e9 aux imp\u00f4ts ?<\/h1>\n<h2><strong>Les bulletins de pension et les attestations fiscales annuelles<\/strong><\/h2>\n<p>Pour d\u00e9clarer correctement votre pension d&rsquo;invalidit\u00e9, vous devez disposer de plusieurs documents fournis par la S\u00e9curit\u00e9 sociale. Tout d&rsquo;abord, les bulletins de pension d\u00e9taillent chaque versement effectu\u00e9 tout au long de l&rsquo;ann\u00e9e. Ensuite, l&rsquo;attestation fiscale annuelle r\u00e9capitule le montant total des sommes vers\u00e9es. Ces documents sont cruciaux pour la d\u00e9claration, car ils garantissent que les montants inscrits sur votre d\u00e9claration correspondent pr\u00e9cis\u00e9ment aux revenus que vous avez r\u00e9ellement per\u00e7us.<\/p>\n<h2><strong>Comment et o\u00f9 obtenir ces documents aupr\u00e8s des organismes comp\u00e9tents ?<\/strong><\/h2>\n<p>Les bulletins de pension et l&rsquo;attestation annuelle sont g\u00e9n\u00e9ralement envoy\u00e9s automatiquement par la S\u00e9curit\u00e9 sociale. Toutefois, si vous n&rsquo;avez pas re\u00e7u ces documents ou si vous les avez \u00e9gar\u00e9s, il est possible de les t\u00e9l\u00e9charger depuis votre espace personnel sur le site de l&rsquo;Assurance Maladie ou de les demander directement par t\u00e9l\u00e9phone ou en vous rendant \u00e0 votre caisse locale. Il est recommand\u00e9 de conserver ces documents pendant au moins trois ans, car ils peuvent \u00eatre demand\u00e9s en cas de contr\u00f4le fiscal.<\/p>\n<h1>Fiscalit\u00e9 et abattements de la pension d&rsquo;invalidit\u00e9<\/h1>\n<h2><strong>Explication de l\u2019abattement fiscal sp\u00e9cifique pour les personnes invalides<\/strong><\/h2>\n<p>Les personnes invalides b\u00e9n\u00e9ficiant d&rsquo;une pension peuvent \u00eatre \u00e9ligibles \u00e0 un abattement sp\u00e9cifique sur leur revenu imposable. Cet abattement est appliqu\u00e9 de mani\u00e8re automatique par l&rsquo;administration fiscale et vise \u00e0 r\u00e9duire le montant total soumis \u00e0 l&rsquo;imp\u00f4t, en reconnaissance des difficult\u00e9s financi\u00e8res et de sant\u00e9 rencontr\u00e9es par les personnes en situation d&rsquo;invalidit\u00e9. Pour \u00eatre \u00e9ligible \u00e0 cet abattement, le taux d\u2019invalidit\u00e9 doit \u00eatre sup\u00e9rieur \u00e0 40%. Le montant de cet abattement varie en fonction de la gravit\u00e9 de l\u2019invalidit\u00e9 et peut significativement r\u00e9duire l&rsquo;imp\u00f4t \u00e0 payer.<\/p>\n<h2><strong>Autres r\u00e9ductions fiscales possibles : frais m\u00e9dicaux, am\u00e9nagements de domicile<\/strong><\/h2>\n<p>En plus de l\u2019abattement sur le revenu imposable, les personnes invalides peuvent pr\u00e9tendre \u00e0 des r\u00e9ductions ou cr\u00e9dits d\u2019imp\u00f4t pour certaines d\u00e9penses sp\u00e9cifiques. Par exemple, les d\u00e9penses li\u00e9es \u00e0 l\u2019am\u00e9nagement de votre domicile pour le rendre accessible ou les frais engag\u00e9s pour une aide \u00e0 domicile peuvent donner droit \u00e0 des avantages fiscaux. Ces cr\u00e9dits d\u2019imp\u00f4t sont con\u00e7us pour all\u00e9ger le fardeau financier des personnes confront\u00e9es \u00e0 des frais suppl\u00e9mentaires en raison de leur invalidit\u00e9.<\/p>\n<h1>Impacts sur les autres aides sociales<\/h1>\n<h2><strong>Interaction entre la d\u00e9claration de la pension d\u2019invalidit\u00e9 et les aides sociales (AAH, APL)<\/strong><\/h2>\n<p>La pension d&rsquo;invalidit\u00e9, en tant que revenu imposable, peut influencer vos droits \u00e0 certaines aides sociales, telles que l&rsquo;Allocation Adulte Handicap\u00e9 (AAH) ou les aides au logement (APL). Ces aides sont souvent conditionn\u00e9es \u00e0 un plafond de ressources. Par cons\u00e9quent, l\u2019augmentation de votre revenu imposable due \u00e0 la pension d\u2019invalidit\u00e9 pourrait r\u00e9duire le montant de ces aides, voire les rendre inaccessibles. Il est essentiel de comprendre comment les d\u00e9clarations de revenus interagissent avec ces prestations afin de ne pas \u00eatre p\u00e9nalis\u00e9.<\/p>\n<h2><strong>Comment \u00e9viter de perdre certaines aides en raison de l&rsquo;imposition de la pension ?<\/strong><\/h2>\n<p>Pour \u00e9viter toute perte d\u2019aides sociales, il est important de suivre attentivement les montants per\u00e7us et de v\u00e9rifier si le cumul des aides et de la pension d&rsquo;invalidit\u00e9 respecte les plafonds de ressources. Si vous constatez que la pension pourrait affecter vos aides, il est possible de demander un recalcul des droits aupr\u00e8s des organismes concern\u00e9s ou d\u2019opter pour des strat\u00e9gies d\u2019optimisation fiscale. Cela peut impliquer le recours \u00e0 des cr\u00e9dits d\u2019imp\u00f4t ou l\u2019application d\u2019abattements suppl\u00e9mentaires pour r\u00e9duire le revenu imposable d\u00e9clar\u00e9.<\/p>\n<div class='cta-block'><div class='text'>Simulez toutes vos aides en 2 min.<\/div><a href='https:\/\/www.mes-allocs.fr\/ab-app?origin=guides\/wp-json\/wp\/v2\/posts\/82340' class='app-button fit'>Simulation gratuite<\/a><\/div>\n","protected":false},"excerpt":{"rendered":"<p>La pension d&rsquo;invalidit\u00e9 est une aide pr\u00e9cieuse pour compenser la perte de revenus due \u00e0 une incapacit\u00e9 de travail. Cependant, elle doit \u00eatre d\u00e9clar\u00e9e aux imp\u00f4ts comme tout autre revenu. Cet article a pour objectif d&rsquo;apporter des r\u00e9ponses aux questions les plus fr\u00e9quentes sur la d\u00e9claration de la pension d\u2019invalidit\u00e9. Cela vous aidera \u00e0 comprendre [&hellip;]<\/p>\n","protected":false},"author":26,"featured_media":25817,"comment_status":"open","ping_status":"open","sticky":false,"template":"","format":"standard","meta":{"amp_status":"","footnotes":""},"categories":[35633,38237],"tags":[],"class_list":["post-82340","post","type-post","status-publish","format-standard","has-post-thumbnail","hentry","category-pension-invalidite","category-pension-invalidite-imposable"],"yoast_head":"<!-- This site is optimized with the Yoast SEO plugin v14.9 - https:\/\/yoast.com\/wordpress\/plugins\/seo\/ -->\n<title>Comment d\u00e9clarer sa pension d&#039;invalidit\u00e9 aux imp\u00f4ts ? | Mes-Allocs.fr<\/title>\n<meta name=\"description\" content=\"La pension d&#039;invalidit\u00e9 doit \u00eatre d\u00e9clar\u00e9e aux imp\u00f4ts comme tout autre revenu. Cet article a pour objectif d&#039;apporter des r\u00e9ponses.\" \/>\n<meta name=\"robots\" content=\"index, follow, max-snippet:-1, max-image-preview:large, max-video-preview:-1\" \/>\n<link rel=\"canonical\" href=\"https:\/\/www.mes-allocs.fr\/guides\/pension-invalidite\/pension-invalidite-imposable\/comment-declarer-pension-invalidite-impots\/\" \/>\n<meta property=\"og:locale\" content=\"fr_FR\" \/>\n<meta property=\"og:type\" content=\"article\" \/>\n<meta property=\"og:title\" content=\"Comment d\u00e9clarer sa pension d&#039;invalidit\u00e9 aux imp\u00f4ts ? | Mes-Allocs.fr\" \/>\n<meta property=\"og:description\" content=\"La pension d&#039;invalidit\u00e9 doit \u00eatre d\u00e9clar\u00e9e aux imp\u00f4ts comme tout autre revenu. Cet article a pour objectif d&#039;apporter des r\u00e9ponses.\" \/>\n<meta property=\"og:url\" content=\"https:\/\/www.mes-allocs.fr\/guides\/pension-invalidite\/pension-invalidite-imposable\/comment-declarer-pension-invalidite-impots\/\" \/>\n<meta property=\"og:site_name\" content=\"Mes-Allocs.fr\" \/>\n<meta property=\"article:published_time\" content=\"2024-09-09T16:30:13+00:00\" \/>\n<meta property=\"article:modified_time\" content=\"2026-04-22T09:51:54+00:00\" \/>\n<meta property=\"og:image\" content=\"https:\/\/www.mes-allocs.fr\/guides\/wp-content\/uploads\/2021\/04\/income-tax-4097292_1280.jpg?wsr\" \/>\n\t<meta property=\"og:image:width\" content=\"1280\" \/>\n\t<meta property=\"og:image:height\" content=\"853\" \/>\n<meta name=\"twitter:card\" content=\"summary_large_image\" \/>\n<script type=\"application\/ld+json\" class=\"yoast-schema-graph\">{\"@context\":\"https:\/\/schema.org\",\"@graph\":[{\"@type\":\"WebSite\",\"@id\":\"https:\/\/www.mes-allocs.fr\/guides\/#website\",\"url\":\"https:\/\/www.mes-allocs.fr\/guides\/\",\"name\":\"Mes-Allocs.fr\",\"description\":\"\",\"potentialAction\":[{\"@type\":\"SearchAction\",\"target\":\"https:\/\/www.mes-allocs.fr\/guides\/?s={search_term_string}\",\"query-input\":\"required name=search_term_string\"}],\"inLanguage\":\"fr-FR\"},{\"@type\":\"ImageObject\",\"@id\":\"https:\/\/www.mes-allocs.fr\/guides\/pension-invalidite\/pension-invalidite-imposable\/comment-declarer-pension-invalidite-impots\/#primaryimage\",\"inLanguage\":\"fr-FR\",\"url\":\"https:\/\/www.mes-allocs.fr\/guides\/wp-content\/uploads\/2021\/04\/income-tax-4097292_1280.jpg?wsr\",\"width\":1280,\"height\":853,\"caption\":\"comment d\\u00e9clarer sa pension d'invalidit\\u00e9 aux imp\\u00f4ts\"},{\"@type\":\"WebPage\",\"@id\":\"https:\/\/www.mes-allocs.fr\/guides\/pension-invalidite\/pension-invalidite-imposable\/comment-declarer-pension-invalidite-impots\/#webpage\",\"url\":\"https:\/\/www.mes-allocs.fr\/guides\/pension-invalidite\/pension-invalidite-imposable\/comment-declarer-pension-invalidite-impots\/\",\"name\":\"Comment d\\u00e9clarer sa pension d'invalidit\\u00e9 aux imp\\u00f4ts ? | Mes-Allocs.fr\",\"isPartOf\":{\"@id\":\"https:\/\/www.mes-allocs.fr\/guides\/#website\"},\"primaryImageOfPage\":{\"@id\":\"https:\/\/www.mes-allocs.fr\/guides\/pension-invalidite\/pension-invalidite-imposable\/comment-declarer-pension-invalidite-impots\/#primaryimage\"},\"datePublished\":\"2024-09-09T16:30:13+00:00\",\"dateModified\":\"2026-04-22T09:51:54+00:00\",\"author\":{\"@id\":\"https:\/\/www.mes-allocs.fr\/guides\/#\/schema\/person\/9c38f3be41a0ddcd1e3fde5a3df713bf\"},\"description\":\"La pension d'invalidit\\u00e9 doit \\u00eatre d\\u00e9clar\\u00e9e aux imp\\u00f4ts comme tout autre revenu. Cet article a pour objectif d'apporter des r\\u00e9ponses.\",\"inLanguage\":\"fr-FR\"},{\"@type\":\"Person\",\"@id\":\"https:\/\/www.mes-allocs.fr\/guides\/#\/schema\/person\/9c38f3be41a0ddcd1e3fde5a3df713bf\",\"name\":\"Sessime Ananou\",\"image\":{\"@type\":\"ImageObject\",\"@id\":\"https:\/\/www.mes-allocs.fr\/guides\/#personlogo\",\"inLanguage\":\"fr-FR\",\"url\":\"https:\/\/www.mes-allocs.fr\/guides\/wp-content\/uploads\/2023\/08\/IMG_8173-150x150.jpg\",\"caption\":\"Sessime Ananou\"},\"description\":\"Sessime est r\\u00e9dactrice chez Mes Allocs, sp\\u00e9cialis\\u00e9e sur le pouvoir d'achat. Elle rejoint l'\\u00e9quipe Mes Allocs en ao\\u00fbt 2023 afin de simplifier l'acc\\u00e8s \\u00e0 l'information sur les aides en g\\u00e9n\\u00e9ral.\"}]}<\/script>\n<!-- \/ Yoast SEO plugin. -->","amp_validity":null,"acf":{"faq":{"1":{"question":"Dois-je d\u00e9clarer ma pension d\u2019invalidit\u00e9 aux imp\u00f4ts ?","answer":"Oui, la pension d\u2019invalidit\u00e9 doit \u00eatre d\u00e9clar\u00e9e comme un revenu dans la rubrique \"pensions et rentes\" de votre d\u00e9claration d'imp\u00f4ts.\r\n"},"2":{"question":"O\u00f9 dois-je inscrire le montant de ma pension d\u2019invalidit\u00e9 dans ma d\u00e9claration ?","answer":"Le montant de la pension d\u2019invalidit\u00e9 doit \u00eatre inscrit dans la section d\u00e9di\u00e9e aux \"pensions, retraites et rentes\" du formulaire de d\u00e9claration de revenus."},"3":{"question":"Quels documents dois-je fournir pour d\u00e9clarer ma pension d\u2019invalidit\u00e9 ?","answer":"Vous devez conserver les bulletins de pension ou l'attestation annuelle fournie par votre caisse de S\u00e9curit\u00e9 sociale, indiquant le total des sommes per\u00e7ues durant l'ann\u00e9e.\r\n"},"4":{"question":"La pension d\u2019invalidit\u00e9 est-elle soumise au pr\u00e9l\u00e8vement \u00e0 la source ?","answer":"Non, la pension d\u2019invalidit\u00e9 n\u2019est pas soumise au pr\u00e9l\u00e8vement \u00e0 la source. Elle doit donc \u00eatre d\u00e9clar\u00e9e annuellement, et l'imp\u00f4t est calcul\u00e9 lors de la d\u00e9claration.\r\n\r\n"},"5":{"question":"Existe-t-il des abattements fiscaux pour les personnes percevant une pension d\u2019invalidit\u00e9 ?","answer":"Oui, les personnes invalides peuvent b\u00e9n\u00e9ficier d\u2019un abattement sp\u00e9cifique sur leur revenu imposable, en fonction de leur degr\u00e9 d\u2019invalidit\u00e9."},"6":{"question":"L\u2019imposition de ma pension d\u2019invalidit\u00e9 affectera-t-elle mes autres aides sociales ?","answer":"Oui, cela peut affecter certaines aides sociales comme l'Allocation Adulte Handicap\u00e9 (AAH) ou les aides au logement, qui sont soumises \u00e0 des conditions de ressources."},"7":{"question":"","answer":""},"8":{"question":"","answer":""},"9":{"question":"","answer":""},"10":{"question":"","answer":""},"11":{"question":"","answer":""},"12":{"question":"","answer":""},"13":{"question":"","answer":""},"14":{"question":"","answer":""},"15":{"question":"","answer":""},"16":{"question":"","answer":""}}},"_links":{"self":[{"href":"https:\/\/www.mes-allocs.fr\/guides\/wp-json\/wp\/v2\/posts\/82340","targetHints":{"allow":["GET"]}}],"collection":[{"href":"https:\/\/www.mes-allocs.fr\/guides\/wp-json\/wp\/v2\/posts"}],"about":[{"href":"https:\/\/www.mes-allocs.fr\/guides\/wp-json\/wp\/v2\/types\/post"}],"author":[{"embeddable":true,"href":"https:\/\/www.mes-allocs.fr\/guides\/wp-json\/wp\/v2\/users\/26"}],"replies":[{"embeddable":true,"href":"https:\/\/www.mes-allocs.fr\/guides\/wp-json\/wp\/v2\/comments?post=82340"}],"version-history":[{"count":5,"href":"https:\/\/www.mes-allocs.fr\/guides\/wp-json\/wp\/v2\/posts\/82340\/revisions"}],"predecessor-version":[{"id":94225,"href":"https:\/\/www.mes-allocs.fr\/guides\/wp-json\/wp\/v2\/posts\/82340\/revisions\/94225"}],"wp:featuredmedia":[{"embeddable":true,"href":"https:\/\/www.mes-allocs.fr\/guides\/wp-json\/wp\/v2\/media\/25817"}],"wp:attachment":[{"href":"https:\/\/www.mes-allocs.fr\/guides\/wp-json\/wp\/v2\/media?parent=82340"}],"wp:term":[{"taxonomy":"category","embeddable":true,"href":"https:\/\/www.mes-allocs.fr\/guides\/wp-json\/wp\/v2\/categories?post=82340"},{"taxonomy":"post_tag","embeddable":true,"href":"https:\/\/www.mes-allocs.fr\/guides\/wp-json\/wp\/v2\/tags?post=82340"}],"curies":[{"name":"wp","href":"https:\/\/api.w.org\/{rel}","templated":true}]}}