{"id":82296,"date":"2024-09-09T16:56:38","date_gmt":"2024-09-09T14:56:38","guid":{"rendered":"https:\/\/www.mes-allocs.fr\/guides\/?p=82296"},"modified":"2026-04-22T10:51:54","modified_gmt":"2026-04-22T09:51:54","slug":"pension-invalidite-imposable","status":"publish","type":"post","link":"https:\/\/www.mes-allocs.fr\/guides\/pension-invalidite\/pension-invalidite-imposable\/","title":{"rendered":"Est-ce que la pension invalidit\u00e9 est imposable ?"},"content":{"rendered":"<div id=\"attachment_72008\" style=\"width: 1290px\" class=\"wp-caption alignnone\"><img loading=\"lazy\" decoding=\"async\" aria-describedby=\"caption-attachment-72008\" class=\"wp-image-72008 size-full\" title=\"pension invalidit\u00e9 imposable\" src=\"https:\/\/www.mes-allocs.fr\/guides\/wp-content\/uploads\/2023\/12\/money-256312_1280-e1703841818948.jpg\" alt=\"pension invalidit\u00e9 imposable\" width=\"1280\" height=\"454\" srcset=\"https:\/\/www.mes-allocs.fr\/guides\/wp-content\/uploads\/2023\/12\/money-256312_1280-e1703841818948.jpg 1280w, https:\/\/www.mes-allocs.fr\/guides\/wp-content\/uploads\/2023\/12\/money-256312_1280-e1703841818948-300x106.jpg 300w, https:\/\/www.mes-allocs.fr\/guides\/wp-content\/uploads\/2023\/12\/money-256312_1280-e1703841818948-1024x363.jpg 1024w, https:\/\/www.mes-allocs.fr\/guides\/wp-content\/uploads\/2023\/12\/money-256312_1280-e1703841818948-768x272.jpg 768w, https:\/\/www.mes-allocs.fr\/guides\/wp-content\/uploads\/2023\/12\/money-256312_1280-e1703841818948-600x213.jpg 600w\" sizes=\"auto, (max-width: 1280px) 100vw, 1280px\" \/><p id=\"caption-attachment-72008\" class=\"wp-caption-text\"><strong style=\"font-size: 16px;\">La <a href=\"https:\/\/www.mes-allocs.fr\/guides\/pension-invalidite\/\">pension d&rsquo;invalidit\u00e9<\/a> est une aide financi\u00e8re destin\u00e9e aux personnes dont la capacit\u00e9 de travail est r\u00e9duite d&rsquo;au moins deux tiers en raison d&rsquo;une maladie ou d&rsquo;un accident. Ce soutien vise \u00e0 compenser la perte de revenus due \u00e0 l&rsquo;incapacit\u00e9 partielle ou totale de travailler. Cependant, beaucoup de b\u00e9n\u00e9ficiaires se demandent si cette pension est soumise \u00e0 l&rsquo;imp\u00f4t sur le revenu. Cet article a pour but de r\u00e9pondre aux questions les plus fr\u00e9quentes concernant l&rsquo;imposition de la pension d&rsquo;invalidit\u00e9.<\/strong><\/p><\/div>\n<div class='cta-block'><div class='text'>Simulez toutes vos aides en 2 min.<\/div><a href='https:\/\/www.mes-allocs.fr\/ab-app?origin=guides\/wp-json\/wp\/v2\/posts\/82296' class='app-button fit'>Simulation gratuite<\/a><\/div>\n<h1>D\u00e9finition la pension d&rsquo;invalidit\u00e9 ?<\/h1>\n<h2><strong>Qu\u2019est-ce que la pension d\u2019invalidit\u00e9 ?<\/strong><\/h2>\n<p>La pension d\u2019invalidit\u00e9 est une prestation vers\u00e9e aux assur\u00e9s sociaux qui, en raison de leur \u00e9tat de sant\u00e9, voient leur capacit\u00e9 de travail ou de gain r\u00e9duite d&rsquo;au moins deux tiers. Cette aide est un revenu de remplacement destin\u00e9 \u00e0 compenser la perte de salaire ou de revenu professionnel pour les personnes devenues partiellement ou totalement inaptes \u00e0 travailler.<\/p>\n<p>Il existe trois <a href=\"https:\/\/www.mes-allocs.fr\/guides\/pension-invalidite\/categorie-pension-dinvalidite\/\">cat\u00e9gories de pension d&rsquo;invalidit\u00e9<\/a> :<\/p>\n<ul>\n<li><strong>1\u00e8re cat\u00e9gorie<\/strong> : le b\u00e9n\u00e9ficiaire est capable d\u2019exercer une activit\u00e9 professionnelle l\u00e9g\u00e8re.<\/li>\n<li><strong>2\u00e8me cat\u00e9gorie<\/strong> : le b\u00e9n\u00e9ficiaire est dans l&rsquo;incapacit\u00e9 totale d&rsquo;exercer une activit\u00e9 professionnelle.<\/li>\n<li><strong>3\u00e8me cat\u00e9gorie<\/strong> : le b\u00e9n\u00e9ficiaire est non seulement dans l&rsquo;incapacit\u00e9 totale de travailler, mais il a \u00e9galement besoin de l&rsquo;aide d&rsquo;une tierce personne pour accomplir les actes quotidiens de la vie.<\/li>\n<\/ul>\n<h2><strong>La pension d\u2019invalidit\u00e9 comme revenu de remplacement<\/strong><\/h2>\n<p>La pension d&rsquo;invalidit\u00e9 est consid\u00e9r\u00e9e comme un revenu de remplacement similaire aux pensions de retraite ou aux allocations ch\u00f4mage. \u00c0 ce titre, elle entre dans la cat\u00e9gorie des revenus imposables, sous r\u00e9serve des r\u00e8gles fiscales en vigueur.<\/p>\n<h1>Le r\u00e9gime fiscal de la pension d\u2019invalidit\u00e9<\/h1>\n<h2><strong>Imposabilit\u00e9 de la pension d\u2019invalidit\u00e9<\/strong><\/h2>\n<p>Oui, la pension d\u2019invalidit\u00e9 est soumise \u00e0 l\u2019imp\u00f4t sur le revenu, de la m\u00eame mani\u00e8re que les autres pensions et revenus de remplacement. Cela signifie que chaque ann\u00e9e, lors de la d\u00e9claration fiscale, le montant per\u00e7u au titre de la pension d&rsquo;invalidit\u00e9 doit \u00eatre d\u00e9clar\u00e9.<\/p>\n<h2><strong>Traitement fiscal selon la cat\u00e9gorie d&rsquo;invalidit\u00e9<\/strong><\/h2>\n<p>Toutes les cat\u00e9gories de pensions d&rsquo;invalidit\u00e9 (1\u00e8re, 2\u00e8me et 3\u00e8me cat\u00e9gories) sont imposables sans distinction. Cependant, les b\u00e9n\u00e9ficiaires de pensions de 3\u00e8me cat\u00e9gorie, qui n\u00e9cessitent l&rsquo;assistance d&rsquo;une tierce personne, peuvent avoir droit \u00e0 des majorations ou des r\u00e9ductions fiscales sp\u00e9cifiques.<\/p>\n<h2><strong>Imposition des autres prestations li\u00e9es \u00e0 l&rsquo;invalidit\u00e9<\/strong><\/h2>\n<p>D&rsquo;autres prestations per\u00e7ues par les personnes invalides, comme les allocations sp\u00e9cifiques ou les rentes accident du travail, peuvent \u00e9galement \u00eatre soumises \u00e0 l&rsquo;imp\u00f4t. Il est important de v\u00e9rifier la nature de chaque aide pour s\u2019assurer qu\u2019elle est correctement d\u00e9clar\u00e9e.<\/p>\n<div class='cta-block'><div class='text'>Simulez toutes vos aides en 2 min.<\/div><a href='https:\/\/www.mes-allocs.fr\/ab-app?origin=guides\/wp-json\/wp\/v2\/posts\/82296' class='app-button fit'>Simulation gratuite<\/a><\/div>\n<h1>D\u00e9claration de la pension d&rsquo;invalidit\u00e9<\/h1>\n<h2><strong>La proc\u00e9dure de d\u00e9claration fiscale<\/strong><\/h2>\n<p>La pension d\u2019invalidit\u00e9 doit imp\u00e9rativement \u00eatre d\u00e9clar\u00e9e aux imp\u00f4ts comme un revenu, m\u00eame si elle est destin\u00e9e \u00e0 compenser une perte de capacit\u00e9 de travail. Elle est inscrite dans la cat\u00e9gorie des \u00ab\u00a0pensions et rentes\u00a0\u00bb sur la d\u00e9claration de revenus annuelle. Cette cat\u00e9gorie englobe les pensions de retraite, les pensions d\u2019invalidit\u00e9 ainsi que d\u2019autres revenus de remplacement.<\/p>\n<p>Il est important de d\u00e9clarer int\u00e9gralement le montant per\u00e7u au titre de la pension d&rsquo;invalidit\u00e9, y compris les majorations ou les compl\u00e9ments \u00e9ventuellement vers\u00e9s, comme l&rsquo;allocation pour tierce personne. Ce montant est alors ajout\u00e9 aux autres revenus per\u00e7us par le foyer, et entre dans le calcul de l&rsquo;imp\u00f4t sur le revenu. N\u00e9gliger de d\u00e9clarer ce revenu peut entra\u00eener des p\u00e9nalit\u00e9s, des r\u00e9gularisations ult\u00e9rieures, ou des recalculs de l\u2019imp\u00f4t.<\/p>\n<h2><strong>Quels sont les documents n\u00e9cessaires pour la d\u00e9claration ?<\/strong><\/h2>\n<p>Pour bien remplir sa d\u00e9claration de revenus, le b\u00e9n\u00e9ficiaire de la pension d\u2019invalidit\u00e9 doit \u00eatre en possession de certains documents sp\u00e9cifiques fournis par l\u2019organisme payeur, g\u00e9n\u00e9ralement la caisse de S\u00e9curit\u00e9 sociale. Ces documents incluent :<\/p>\n<ul>\n<li><strong>Les relev\u00e9s de pension<\/strong> : ce sont les bulletins de paiement \u00e9mis chaque mois ou chaque trimestre par la caisse, indiquant le montant total per\u00e7u.<\/li>\n<li><strong>L\u2019attestation fiscale annuelle<\/strong> : fournie par l&rsquo;organisme payeur, elle r\u00e9capitule le montant total des sommes per\u00e7ues sur l\u2019ann\u00e9e civile. C&rsquo;est ce montant qui doit \u00eatre report\u00e9 sur la d\u00e9claration fiscale.<\/li>\n<\/ul>\n<p>Ces documents sont indispensables pour garantir l&rsquo;exactitude de la d\u00e9claration. Il est fortement recommand\u00e9 de les conserver tout au long de l\u2019ann\u00e9e et de les v\u00e9rifier soigneusement avant de remplir la d\u00e9claration. Cela permet d\u2019\u00e9viter des erreurs qui pourraient entra\u00eener un redressement fiscal.<\/p>\n<p>Retrouvez notre article pour savoir comment <a href=\"https:\/\/www.mes-allocs.fr\/guides\/pension-invalidite\/pension-invalidite-imposable\/comment-declarer-pension-invalidite-impots\/\">comment d\u00e9clarer la pension d&rsquo;invalidit\u00e9<\/a> !<\/p>\n<p><iframe loading=\"lazy\" title=\"La pension d&#039;invalidit\u00e9\" width=\"500\" height=\"281\" src=\"https:\/\/www.youtube.com\/embed\/_UJaa1UDtZs?feature=oembed\" frameborder=\"0\" allow=\"accelerometer; autoplay; clipboard-write; encrypted-media; gyroscope; picture-in-picture; web-share\" referrerpolicy=\"strict-origin-when-cross-origin\" allowfullscreen><\/iframe><\/p>\n<p>&nbsp;<\/p>\n<h1>Les abattements et r\u00e9ductions fiscales<\/h1>\n<h2><strong>Abattement fiscal pour les personnes invalides<\/strong><\/h2>\n<p>Les personnes invalides peuvent b\u00e9n\u00e9ficier d&rsquo;un abattement sp\u00e9cifique sur leur revenu imposable, ce qui permet de r\u00e9duire la base sur laquelle est calcul\u00e9 l\u2019imp\u00f4t. Cet abattement varie en fonction du degr\u00e9 d&rsquo;invalidit\u00e9 :<\/p>\n<ul>\n<li><strong>Invalidit\u00e9 reconnue<\/strong> : les contribuables invalides, c&rsquo;est-\u00e0-dire ceux dont le taux d&rsquo;invalidit\u00e9 est sup\u00e9rieur \u00e0 40%, b\u00e9n\u00e9ficient d&rsquo;un abattement automatique appliqu\u00e9 lors du calcul de l\u2019imp\u00f4t sur le revenu.<\/li>\n<li><strong>Montant de l&rsquo;abattement<\/strong> : le montant de cet abattement est fixe, mais il peut \u00e9voluer en fonction de la l\u00e9gislation fiscale en vigueur. Il est appliqu\u00e9 directement sur les revenus imposables, r\u00e9duisant ainsi le montant de l&rsquo;imp\u00f4t \u00e0 payer.<\/li>\n<\/ul>\n<p>L\u2019abattement est accord\u00e9 sans qu&rsquo;il soit n\u00e9cessaire d&rsquo;en faire la demande chaque ann\u00e9e. Une fois l&rsquo;invalidit\u00e9 reconnue par les autorit\u00e9s fiscales, l&rsquo;abattement est appliqu\u00e9 de fa\u00e7on automatique tant que la situation d&rsquo;invalidit\u00e9 persiste.<\/p>\n<h2><strong>Autres r\u00e9ductions ou cr\u00e9dits d\u2019imp\u00f4t pour les personnes invalides<\/strong><\/h2>\n<p>En plus de cet abattement sp\u00e9cifique, les personnes invalides peuvent \u00e9galement b\u00e9n\u00e9ficier de divers cr\u00e9dits d\u2019imp\u00f4t ou r\u00e9ductions fiscales li\u00e9s \u00e0 certaines d\u00e9penses :<\/p>\n<ul>\n<li><strong>Am\u00e9nagement du domicile<\/strong> : les travaux effectu\u00e9s pour adapter le logement \u00e0 la situation de handicap (rampe d\u2019acc\u00e8s, \u00e9largissement des portes, installation de mat\u00e9riel sp\u00e9cialis\u00e9) peuvent donner droit \u00e0 un cr\u00e9dit d\u2019imp\u00f4t.<\/li>\n<li><strong>Frais d\u2019assistance \u00e0 domicile<\/strong> : les personnes invalides employant une aide \u00e0 domicile ou faisant appel \u00e0 un service d\u2019assistance peuvent \u00e9galement b\u00e9n\u00e9ficier d&rsquo;un cr\u00e9dit d&rsquo;imp\u00f4t. Ce cr\u00e9dit permet de r\u00e9cup\u00e9rer une partie des frais engag\u00e9s pour ces services.<\/li>\n<li><strong>\u00c9quipements m\u00e9dicaux<\/strong> : l&rsquo;achat d&rsquo;\u00e9quipements m\u00e9dicaux sp\u00e9cifiques, comme des fauteuils roulants ou des \u00e9quipements de t\u00e9l\u00e9assistance, peut \u00e9galement \u00eatre \u00e9ligible \u00e0 des avantages fiscaux.<\/li>\n<\/ul>\n<p>Ces dispositifs sont con\u00e7us pour all\u00e9ger la charge fiscale des personnes en situation de handicap, en prenant en compte les d\u00e9penses suppl\u00e9mentaires li\u00e9es \u00e0 leur condition.<\/p>\n<div class='cta-block'><div class='text'>Simulez toutes vos aides en 2 min.<\/div><a href='https:\/\/www.mes-allocs.fr\/ab-app?origin=guides\/wp-json\/wp\/v2\/posts\/82296' class='app-button fit'>Simulation gratuite<\/a><\/div>\n","protected":false},"excerpt":{"rendered":"<p>D\u00e9finition la pension d&rsquo;invalidit\u00e9 ? Qu\u2019est-ce que la pension d\u2019invalidit\u00e9 ? La pension d\u2019invalidit\u00e9 est une prestation vers\u00e9e aux assur\u00e9s sociaux qui, en raison de leur \u00e9tat de sant\u00e9, voient leur capacit\u00e9 de travail ou de gain r\u00e9duite d&rsquo;au moins deux tiers. Cette aide est un revenu de remplacement destin\u00e9 \u00e0 compenser la perte de [&hellip;]<\/p>\n","protected":false},"author":26,"featured_media":57952,"comment_status":"open","ping_status":"open","sticky":false,"template":"","format":"standard","meta":{"amp_status":"","footnotes":""},"categories":[35633],"tags":[],"class_list":["post-82296","post","type-post","status-publish","format-standard","has-post-thumbnail","hentry","category-pension-invalidite"],"yoast_head":"<!-- This site is optimized with the Yoast SEO plugin v14.9 - https:\/\/yoast.com\/wordpress\/plugins\/seo\/ -->\n<title>Fiscalit\u00e9 relative \u00e0 la pension d&#039;invalidit\u00e9 : l&#039;aide est-elle imposable ?<\/title>\n<meta name=\"description\" content=\"Beaucoup de b\u00e9n\u00e9ficiaires se demandent si la pension d&#039;invalidit\u00e9 est soumise \u00e0 l&#039;imp\u00f4t sur le revenu. Mes Allocs vous explique.\" \/>\n<meta name=\"robots\" content=\"index, follow, max-snippet:-1, max-image-preview:large, max-video-preview:-1\" \/>\n<link rel=\"canonical\" href=\"https:\/\/www.mes-allocs.fr\/guides\/pension-invalidite\/pension-invalidite-imposable\/\" \/>\n<meta property=\"og:locale\" content=\"fr_FR\" \/>\n<meta property=\"og:type\" content=\"article\" \/>\n<meta property=\"og:title\" content=\"Fiscalit\u00e9 relative \u00e0 la pension d&#039;invalidit\u00e9 : l&#039;aide est-elle imposable ?\" \/>\n<meta property=\"og:description\" content=\"Beaucoup de b\u00e9n\u00e9ficiaires se demandent si la pension d&#039;invalidit\u00e9 est soumise \u00e0 l&#039;imp\u00f4t sur le revenu. Mes Allocs vous explique.\" \/>\n<meta property=\"og:url\" content=\"https:\/\/www.mes-allocs.fr\/guides\/pension-invalidite\/pension-invalidite-imposable\/\" \/>\n<meta property=\"og:site_name\" content=\"Mes-Allocs.fr\" \/>\n<meta property=\"article:published_time\" content=\"2024-09-09T14:56:38+00:00\" \/>\n<meta property=\"article:modified_time\" content=\"2026-04-22T09:51:54+00:00\" \/>\n<meta property=\"og:image\" content=\"https:\/\/www.mes-allocs.fr\/guides\/wp-content\/uploads\/2022\/11\/Comment-payer-les-impots-en-ligne-3.jpeg?wsr\" \/>\n\t<meta property=\"og:image:width\" content=\"612\" \/>\n\t<meta property=\"og:image:height\" content=\"408\" \/>\n<meta name=\"twitter:card\" content=\"summary_large_image\" \/>\n<script type=\"application\/ld+json\" class=\"yoast-schema-graph\">{\"@context\":\"https:\/\/schema.org\",\"@graph\":[{\"@type\":\"WebSite\",\"@id\":\"https:\/\/www.mes-allocs.fr\/guides\/#website\",\"url\":\"https:\/\/www.mes-allocs.fr\/guides\/\",\"name\":\"Mes-Allocs.fr\",\"description\":\"\",\"potentialAction\":[{\"@type\":\"SearchAction\",\"target\":\"https:\/\/www.mes-allocs.fr\/guides\/?s={search_term_string}\",\"query-input\":\"required name=search_term_string\"}],\"inLanguage\":\"fr-FR\"},{\"@type\":\"ImageObject\",\"@id\":\"https:\/\/www.mes-allocs.fr\/guides\/pension-invalidite\/pension-invalidite-imposable\/#primaryimage\",\"inLanguage\":\"fr-FR\",\"url\":\"https:\/\/www.mes-allocs.fr\/guides\/wp-content\/uploads\/2022\/11\/Comment-payer-les-impots-en-ligne-3.jpeg?wsr\",\"width\":612,\"height\":408,\"caption\":\"pension invalidit\\u00e9 imposable\"},{\"@type\":\"WebPage\",\"@id\":\"https:\/\/www.mes-allocs.fr\/guides\/pension-invalidite\/pension-invalidite-imposable\/#webpage\",\"url\":\"https:\/\/www.mes-allocs.fr\/guides\/pension-invalidite\/pension-invalidite-imposable\/\",\"name\":\"Fiscalit\\u00e9 relative \\u00e0 la pension d'invalidit\\u00e9 : l'aide est-elle imposable ?\",\"isPartOf\":{\"@id\":\"https:\/\/www.mes-allocs.fr\/guides\/#website\"},\"primaryImageOfPage\":{\"@id\":\"https:\/\/www.mes-allocs.fr\/guides\/pension-invalidite\/pension-invalidite-imposable\/#primaryimage\"},\"datePublished\":\"2024-09-09T14:56:38+00:00\",\"dateModified\":\"2026-04-22T09:51:54+00:00\",\"author\":{\"@id\":\"https:\/\/www.mes-allocs.fr\/guides\/#\/schema\/person\/9c38f3be41a0ddcd1e3fde5a3df713bf\"},\"description\":\"Beaucoup de b\\u00e9n\\u00e9ficiaires se demandent si la pension d'invalidit\\u00e9 est soumise \\u00e0 l'imp\\u00f4t sur le revenu. Mes Allocs vous explique.\",\"inLanguage\":\"fr-FR\"},{\"@type\":\"Person\",\"@id\":\"https:\/\/www.mes-allocs.fr\/guides\/#\/schema\/person\/9c38f3be41a0ddcd1e3fde5a3df713bf\",\"name\":\"Sessime Ananou\",\"image\":{\"@type\":\"ImageObject\",\"@id\":\"https:\/\/www.mes-allocs.fr\/guides\/#personlogo\",\"inLanguage\":\"fr-FR\",\"url\":\"https:\/\/www.mes-allocs.fr\/guides\/wp-content\/uploads\/2023\/08\/IMG_8173-150x150.jpg\",\"caption\":\"Sessime Ananou\"},\"description\":\"Sessime est r\\u00e9dactrice chez Mes Allocs, sp\\u00e9cialis\\u00e9e sur le pouvoir d'achat. Elle rejoint l'\\u00e9quipe Mes Allocs en ao\\u00fbt 2023 afin de simplifier l'acc\\u00e8s \\u00e0 l'information sur les aides en g\\u00e9n\\u00e9ral.\"}]}<\/script>\n<!-- \/ Yoast SEO plugin. -->","amp_validity":null,"acf":{"faq":{"1":{"question":" La pension d\u2019invalidit\u00e9 est-elle soumise \u00e0 l\u2019imp\u00f4t sur le revenu ?","answer":"Oui, la pension d\u2019invalidit\u00e9 est soumise \u00e0 l\u2019imp\u00f4t sur le revenu, comme les autres revenus de remplacement."},"2":{"question":" Existe-t-il des exceptions \u00e0 l\u2019imposition de la pension d\u2019invalidit\u00e9 ?","answer":"Non, il n\u2019y a pas d\u2019exceptions g\u00e9n\u00e9rales. Cependant, des dispositifs sp\u00e9cifiques (comme l'abattement fiscal pour les personnes invalides) peuvent all\u00e9ger la charge fiscale."},"3":{"question":"Comment d\u00e9clarer la pension d'invalidit\u00e9 aux imp\u00f4ts ?","answer":"La pension d'invalidit\u00e9 doit \u00eatre d\u00e9clar\u00e9e dans la cat\u00e9gorie des pensions et rentes lors de la d\u00e9claration annuelle de revenus."},"4":{"question":"La pension d\u2019invalidit\u00e9 de 3\u00e8me cat\u00e9gorie est-elle imposable ?","answer":"Oui, toutes les cat\u00e9gories de pensions d'invalidit\u00e9, y compris celles de 3\u00e8me cat\u00e9gorie, sont imposables."},"5":{"question":"L'imp\u00f4t est-il pr\u00e9lev\u00e9 directement sur la pension d\u2019invalidit\u00e9 ?","answer":"Non, la pension n\u2019est pas pr\u00e9lev\u00e9e \u00e0 la source. Vous devez l\u2019inclure dans votre d\u00e9claration d\u2019imp\u00f4ts pour qu\u2019elle soit prise en compte dans le calcul global de votre revenu imposable.\r\n"},"6":{"question":"Existe-t-il un abattement fiscal pour les personnes invalides ?","answer":"Oui, un abattement sp\u00e9cifique est pr\u00e9vu pour les personnes invalides sur leurs revenus imposables, en fonction du taux d\u2019invalidit\u00e9 et des conditions fiscales."},"7":{"question":"","answer":""},"8":{"question":"","answer":""},"9":{"question":"","answer":""},"10":{"question":"","answer":""},"11":{"question":"","answer":""},"12":{"question":"","answer":""},"13":{"question":"","answer":""},"14":{"question":"","answer":""},"15":{"question":"","answer":""},"16":{"question":"","answer":""}}},"_links":{"self":[{"href":"https:\/\/www.mes-allocs.fr\/guides\/wp-json\/wp\/v2\/posts\/82296","targetHints":{"allow":["GET"]}}],"collection":[{"href":"https:\/\/www.mes-allocs.fr\/guides\/wp-json\/wp\/v2\/posts"}],"about":[{"href":"https:\/\/www.mes-allocs.fr\/guides\/wp-json\/wp\/v2\/types\/post"}],"author":[{"embeddable":true,"href":"https:\/\/www.mes-allocs.fr\/guides\/wp-json\/wp\/v2\/users\/26"}],"replies":[{"embeddable":true,"href":"https:\/\/www.mes-allocs.fr\/guides\/wp-json\/wp\/v2\/comments?post=82296"}],"version-history":[{"count":6,"href":"https:\/\/www.mes-allocs.fr\/guides\/wp-json\/wp\/v2\/posts\/82296\/revisions"}],"predecessor-version":[{"id":94224,"href":"https:\/\/www.mes-allocs.fr\/guides\/wp-json\/wp\/v2\/posts\/82296\/revisions\/94224"}],"wp:featuredmedia":[{"embeddable":true,"href":"https:\/\/www.mes-allocs.fr\/guides\/wp-json\/wp\/v2\/media\/57952"}],"wp:attachment":[{"href":"https:\/\/www.mes-allocs.fr\/guides\/wp-json\/wp\/v2\/media?parent=82296"}],"wp:term":[{"taxonomy":"category","embeddable":true,"href":"https:\/\/www.mes-allocs.fr\/guides\/wp-json\/wp\/v2\/categories?post=82296"},{"taxonomy":"post_tag","embeddable":true,"href":"https:\/\/www.mes-allocs.fr\/guides\/wp-json\/wp\/v2\/tags?post=82296"}],"curies":[{"name":"wp","href":"https:\/\/api.w.org\/{rel}","templated":true}]}}