{"id":82291,"date":"2024-09-09T13:42:13","date_gmt":"2024-09-09T11:42:13","guid":{"rendered":"https:\/\/www.mes-allocs.fr\/guides\/?p=82291"},"modified":"2026-04-22T10:51:55","modified_gmt":"2026-04-22T09:51:55","slug":"prime-licenciement-inaptitude-et-pension-invalidite","status":"publish","type":"post","link":"https:\/\/www.mes-allocs.fr\/guides\/pension-invalidite\/cumul-pension-invalidite\/prime-licenciement-inaptitude-et-pension-invalidite\/","title":{"rendered":"La prime de licenciement pour inaptitude et la pension d&rsquo;invalidit\u00e9"},"content":{"rendered":"<p><img loading=\"lazy\" decoding=\"async\" class=\"alignnone wp-image-71090 size-full\" title=\"prime de licenciement pour inaptitude et pension d'invalidit\u00e9\" src=\"https:\/\/www.mes-allocs.fr\/guides\/wp-content\/uploads\/2023\/11\/pension-dinvalidite-1-e1700492810183.jpg\" alt=\"prime de licenciement pour inaptitude et pension d'invalidit\u00e9\" width=\"1280\" height=\"339\" srcset=\"https:\/\/www.mes-allocs.fr\/guides\/wp-content\/uploads\/2023\/11\/pension-dinvalidite-1-e1700492810183.jpg 1280w, https:\/\/www.mes-allocs.fr\/guides\/wp-content\/uploads\/2023\/11\/pension-dinvalidite-1-e1700492810183-300x79.jpg 300w, https:\/\/www.mes-allocs.fr\/guides\/wp-content\/uploads\/2023\/11\/pension-dinvalidite-1-e1700492810183-1024x271.jpg 1024w, https:\/\/www.mes-allocs.fr\/guides\/wp-content\/uploads\/2023\/11\/pension-dinvalidite-1-e1700492810183-768x203.jpg 768w, https:\/\/www.mes-allocs.fr\/guides\/wp-content\/uploads\/2023\/11\/pension-dinvalidite-1-e1700492810183-600x159.jpg 600w\" sizes=\"auto, (max-width: 1280px) 100vw, 1280px\" \/><\/p>\n<p><strong>La prime de licenciement pour inaptitude et la <a href=\"https:\/\/www.mes-allocs.fr\/guides\/pension-invalidite\/\">pension d&rsquo;invalidit\u00e9<\/a> sont deux dispositifs distincts destin\u00e9s \u00e0 apporter une aide financi\u00e8re aux travailleurs en incapacit\u00e9. Lorsqu&rsquo;une personne est licenci\u00e9e pour inaptitude, elle peut avoir droit \u00e0 une prime sp\u00e9cifique en plus de percevoir une pension d&rsquo;invalidit\u00e9 si elle a perdu au moins deux tiers de sa capacit\u00e9 de travail. Cependant, les r\u00e8gles entourant ces deux dispositifs peuvent pr\u00eater \u00e0 confusion, notamment en ce qui concerne leur cumul et leur impact l&rsquo;un sur l&rsquo;autre. Cet article a pour objectif de r\u00e9pondre aux principales questions que l\u2019on peut se poser sur la prime de licenciement pour inaptitude et la pension d&rsquo;invalidit\u00e9.<\/strong><\/p>\n<div class='cta-block'><div class='text'>Simulez toutes vos aides en 2 min.<\/div><a href='https:\/\/www.mes-allocs.fr\/ab-app?origin=guides\/wp-json\/wp\/v2\/posts\/82291' class='app-button fit'>Simulation gratuite<\/a><\/div>\n<h1>Tout savoir sur la prime de licenciement pour inaptitude et la pension d&rsquo;invalidit\u00e9<\/h1>\n<h2>La prime de licenciement pour inaptitude<\/h2>\n<h3>D\u00e9finition et objectifs de la prime de licenciement pour inaptitude<\/h3>\n<p>La prime de licenciement pour inaptitude est une indemnit\u00e9 vers\u00e9e au salari\u00e9 dont le contrat de travail est rompu en raison de son inaptitude \u00e0 occuper son poste, reconnue par un m\u00e9decin du travail. Elle est destin\u00e9e \u00e0 compenser la perte d&#8217;emploi li\u00e9e \u00e0 une incapacit\u00e9 \u00e0 exercer ses fonctions pour des raisons de sant\u00e9.<\/p>\n<p>Ce type de licenciement peut survenir \u00e0 la suite d\u2019un accident du travail, d\u2019une maladie professionnelle, ou de toute autre condition m\u00e9dicale jug\u00e9e incompatible avec la poursuite de l\u2019activit\u00e9 professionnelle. Dans certains cas, l&rsquo;inaptitude peut \u00eatre d\u2019origine non-professionnelle, mais elle ouvre n\u00e9anmoins droit \u00e0 cette indemnit\u00e9 sous certaines conditions.<\/p>\n<h3>Quelles sont les conditions d&rsquo;\u00e9ligibilit\u00e9 \u00e0 la prime de licenciement pour inaptitude ?<\/h3>\n<p>Pour qu&rsquo;un licenciement pour inaptitude donne lieu au versement d&rsquo;une prime, plusieurs conditions doivent \u00eatre remplies :<\/p>\n<ul>\n<li>\u00a0L\u2019inaptitude doit \u00eatre reconnue par un m\u00e9decin du travail apr\u00e8s deux examens m\u00e9dicaux espac\u00e9s d\u2019au moins 15 jours, ou imm\u00e9diatement dans les cas o\u00f9 la continuit\u00e9 de l&#8217;emploi mettrait la sant\u00e9 du salari\u00e9 en danger.<\/li>\n<li>\u00a0L\u2019employeur est tenu de rechercher un reclassement adapt\u00e9 aux capacit\u00e9s du salari\u00e9 avant de proc\u00e9der au licenciement. Si aucun poste n\u2019est disponible ou si le salari\u00e9 refuse une offre jug\u00e9e raisonnable, le licenciement pour inaptitude est valid\u00e9.<\/li>\n<\/ul>\n<h3>Le calcul de la prime de licenciement pour inaptitude<\/h3>\n<p>Le calcul de la prime de licenciement pour inaptitude est similaire \u00e0 celui d\u2019une indemnit\u00e9 de licenciement classique. Il d\u00e9pend de plusieurs crit\u00e8res :<\/p>\n<ul>\n<li>Plus l&rsquo;anciennet\u00e9 est \u00e9lev\u00e9e, plus la prime sera cons\u00e9quente.<\/li>\n<li>La prime est calcul\u00e9e en fonction de la moyenne des salaires bruts per\u00e7us au cours des trois ou douze derniers mois.<\/li>\n<\/ul>\n<p>Pour les salari\u00e9s licenci\u00e9s \u00e0 la suite d\u2019une inaptitude d&rsquo;origine non-professionnelle, la prime est au moins \u00e9gale \u00e0 celle per\u00e7ue en cas de licenciement \u00e9conomique. Si l&rsquo;inaptitude r\u00e9sulte d&rsquo;un accident du travail ou d&rsquo;une maladie professionnelle, l&rsquo;indemnit\u00e9 est doubl\u00e9e.<\/p>\n<h2>La pension d\u2019invalidit\u00e9<\/h2>\n<h3>D\u00e9finition et objectifs de de la pension d\u2019invalidit\u00e9<\/h3>\n<p>La pension d&rsquo;invalidit\u00e9 est une prestation vers\u00e9e par la S\u00e9curit\u00e9 sociale aux travailleurs dont la capacit\u00e9 de travail ou de gain a \u00e9t\u00e9 r\u00e9duite d&rsquo;au moins deux tiers \u00e0 cause d&rsquo;une maladie ou d&rsquo;un accident non professionnel. Elle a pour objectif de compenser la perte de revenus en cas de r\u00e9duction significative de la capacit\u00e9 \u00e0 travailler.<\/p>\n<h3>Quelles sont les conditions d&rsquo;\u00e9ligibilit\u00e9 de la pension d\u2019invalidit\u00e9 ?<\/h3>\n<p>Pour b\u00e9n\u00e9ficier de la pension d&rsquo;invalidit\u00e9, les conditions suivantes doivent \u00eatre remplies :<\/p>\n<ul>\n<li>Le b\u00e9n\u00e9ficiaire doit avoir perdu au moins deux tiers de sa capacit\u00e9 \u00e0 exercer une activit\u00e9 professionnelle.<\/li>\n<li>Il est n\u00e9cessaire d\u2019avoir cotis\u00e9 \u00e0 la S\u00e9curit\u00e9 sociale pendant un certain temps et sous certaines conditions avant la survenue de l&rsquo;invalidit\u00e9.<\/li>\n<\/ul>\n<h3>Les cat\u00e9gories de pension d\u2019invalidit\u00e9<\/h3>\n<p>Il existe trois cat\u00e9gories de pension d\u2019invalidit\u00e9, d\u00e9termin\u00e9es en fonction du niveau d\u2019incapacit\u00e9 :<\/p>\n<ul>\n<li><strong>1\u00e8re cat\u00e9gorie<\/strong> : le b\u00e9n\u00e9ficiaire est capable d&rsquo;exercer une activit\u00e9 professionnelle l\u00e9g\u00e8re.<\/li>\n<li><strong>2\u00e8me cat\u00e9gorie<\/strong> : le b\u00e9n\u00e9ficiaire est dans l&rsquo;incapacit\u00e9 totale d\u2019exercer une activit\u00e9 professionnelle.<\/li>\n<li><strong>3\u00e8me cat\u00e9gorie<\/strong> : le b\u00e9n\u00e9ficiaire est incapable de travailler et n\u00e9cessite l&rsquo;assistance d&rsquo;une tierce personne pour accomplir les actes de la vie quotidienne.<\/li>\n<\/ul>\n<p>La pension est calcul\u00e9e sur la base du salaire moyen des 10 meilleures ann\u00e9es de travail, et le montant vers\u00e9 d\u00e9pend de la cat\u00e9gorie d\u2019invalidit\u00e9. En premi\u00e8re et deuxi\u00e8me cat\u00e9gories, la pension est \u00e9gale \u00e0 30 % et 50 % du salaire moyen respectivement, tandis que dans la troisi\u00e8me cat\u00e9gorie, la pension est major\u00e9e pour tenir compte des besoins en aide humaine.<\/p>\n<p><iframe loading=\"lazy\" title=\"La pension d&#039;invalidit\u00e9\" width=\"500\" height=\"281\" src=\"https:\/\/www.youtube.com\/embed\/_UJaa1UDtZs?feature=oembed\" frameborder=\"0\" allow=\"accelerometer; autoplay; clipboard-write; encrypted-media; gyroscope; picture-in-picture; web-share\" referrerpolicy=\"strict-origin-when-cross-origin\" allowfullscreen><\/iframe><\/p>\n<p>&nbsp;<\/p>\n<h1>Le cumul de la prime de licenciement pour inaptitude et de la pension d&rsquo;invalidit\u00e9<\/h1>\n<h2>La compatibilit\u00e9 des deux dispositifs<\/h2>\n<p>Il est tout \u00e0 fait possible de <a href=\"https:\/\/www.mes-allocs.fr\/guides\/pension-invalidite\/cumul-pension-invalidite\/\">cumuler la pension d&rsquo;invalidit\u00e9<\/a> avec la prime de licenciement pour inaptitude, car ces deux aides r\u00e9pondent \u00e0 des objectifs distincts. La prime de licenciement pour inaptitude vise \u00e0 compenser la perte de l\u2019emploi, tandis que la pension d\u2019invalidit\u00e9 compense la perte de revenus li\u00e9e \u00e0 la r\u00e9duction de la capacit\u00e9 de travail. Il n\u2019y a donc pas d\u2019incompatibilit\u00e9 l\u00e9gale entre ces deux dispositifs.<\/p>\n<h2>Quels sont les impacts potentiels de ces aides ?<\/h2>\n<p>Le montant de la prime de licenciement n\u2019affecte pas celui de la pension d&rsquo;invalidit\u00e9. Cependant, il est important de noter que certaines aides sociales compl\u00e9mentaires, comme l&rsquo;Allocation Adulte Handicap\u00e9 (AAH), peuvent \u00eatre affect\u00e9es par le cumul des revenus li\u00e9s \u00e0 la prime et \u00e0 la pension. Il est donc essentiel de se renseigner sur les impacts sp\u00e9cifiques aupr\u00e8s des organismes concern\u00e9s.<\/p>\n<h2>Les cas sp\u00e9cifiques : maladie professionnelle ou accident du travail<\/h2>\n<p>Si l\u2019inaptitude est li\u00e9e \u00e0 une maladie professionnelle ou \u00e0 un accident du travail, le montant des deux prestations peut \u00eatre plus favorable. Par exemple, la prime de licenciement est doubl\u00e9e dans ces situations, tandis que la pension d\u2019invalidit\u00e9 peut inclure des majorations sp\u00e9cifiques.<\/p>\n<div class='cta-block'><div class='text'>Simulez toutes vos aides en 2 min.<\/div><a href='https:\/\/www.mes-allocs.fr\/ab-app?origin=guides\/wp-json\/wp\/v2\/posts\/82291' class='app-button fit'>Simulation gratuite<\/a><\/div>\n<h1>Quelles sont les d\u00e9marches administratives et recommandations ?<\/h1>\n<h2>Les d\u00e9marches pour obtenir la prime de licenciement pour inaptitude<\/h2>\n<p>Pour obtenir la prime de licenciement pour inaptitude, le salari\u00e9 doit se rapprocher de son employeur et fournir les documents n\u00e9cessaires (avis d&rsquo;inaptitude du m\u00e9decin du travail, justification des recherches de reclassement). Il est important de veiller \u00e0 ce que les conditions de licenciement soient respect\u00e9es afin de b\u00e9n\u00e9ficier de la prime dans les meilleures conditions.<\/p>\n<h2>Comment demander et maintenir la pension d&rsquo;invalidit\u00e9 ?<\/h2>\n<p>La demande de pension d&rsquo;invalidit\u00e9 s\u2019effectue aupr\u00e8s de la Caisse Primaire d&rsquo;Assurance Maladie (CPAM). Un certificat m\u00e9dical est n\u00e9cessaire pour \u00e9valuer la capacit\u00e9 de travail et d\u00e9terminer la cat\u00e9gorie d\u2019invalidit\u00e9. La pension peut \u00eatre r\u00e9vis\u00e9e en fonction de l\u2019\u00e9volution de l\u2019\u00e9tat de sant\u00e9 du b\u00e9n\u00e9ficiaire.<\/p>\n<p>Il est recommand\u00e9 de se faire accompagner par un avocat, un syndicat, ou une association sp\u00e9cialis\u00e9e dans les droits des personnes handicap\u00e9es pour garantir une bonne gestion du cumul des aides. Ces professionnels peuvent aider \u00e0 naviguer les d\u00e9marches administratives et \u00e0 obtenir des conseils personnalis\u00e9s.<\/p>\n<div class='cta-block'><div class='text'>Simulez toutes vos aides en 2 min.<\/div><a href='https:\/\/www.mes-allocs.fr\/ab-app?origin=guides\/wp-json\/wp\/v2\/posts\/82291' class='app-button fit'>Simulation gratuite<\/a><\/div>\n","protected":false},"excerpt":{"rendered":"<p>La prime de licenciement pour inaptitude et la pension d&rsquo;invalidit\u00e9 sont deux dispositifs distincts destin\u00e9s \u00e0 apporter une aide financi\u00e8re aux travailleurs en incapacit\u00e9. Lorsqu&rsquo;une personne est licenci\u00e9e pour inaptitude, elle peut avoir droit \u00e0 une prime sp\u00e9cifique en plus de percevoir une pension d&rsquo;invalidit\u00e9 si elle a perdu au moins deux tiers de sa [&hellip;]<\/p>\n","protected":false},"author":26,"featured_media":105246,"comment_status":"open","ping_status":"open","sticky":false,"template":"","format":"standard","meta":{"amp_status":"","footnotes":""},"categories":[37397,35633],"tags":[],"class_list":["post-82291","post","type-post","status-publish","format-standard","has-post-thumbnail","hentry","category-cumul-pension-invalidite","category-pension-invalidite"],"yoast_head":"<!-- This site is optimized with the Yoast SEO plugin v14.9 - https:\/\/yoast.com\/wordpress\/plugins\/seo\/ -->\n<title>La prime de licenciement pour inaptitude et la pension d&#039;invalidit\u00e9<\/title>\n<meta name=\"description\" content=\"Lorsqu&#039;une personne est licenci\u00e9e pour inaptitude, elle peut avoir droit \u00e0 une prime sp\u00e9cifique en plus de percevoir une pension d&#039;invalidit\u00e9.\" \/>\n<meta name=\"robots\" content=\"index, follow, max-snippet:-1, max-image-preview:large, max-video-preview:-1\" \/>\n<link rel=\"canonical\" href=\"https:\/\/www.mes-allocs.fr\/guides\/pension-invalidite\/cumul-pension-invalidite\/prime-licenciement-inaptitude-et-pension-invalidite\/\" \/>\n<meta property=\"og:locale\" content=\"fr_FR\" \/>\n<meta property=\"og:type\" content=\"article\" \/>\n<meta property=\"og:title\" content=\"La prime de licenciement pour inaptitude et la pension d&#039;invalidit\u00e9\" \/>\n<meta property=\"og:description\" content=\"Lorsqu&#039;une personne est licenci\u00e9e pour inaptitude, elle peut avoir droit \u00e0 une prime sp\u00e9cifique en plus de percevoir une pension d&#039;invalidit\u00e9.\" \/>\n<meta property=\"og:url\" content=\"https:\/\/www.mes-allocs.fr\/guides\/pension-invalidite\/cumul-pension-invalidite\/prime-licenciement-inaptitude-et-pension-invalidite\/\" \/>\n<meta property=\"og:site_name\" content=\"Mes-Allocs.fr\" \/>\n<meta property=\"article:published_time\" content=\"2024-09-09T11:42:13+00:00\" \/>\n<meta property=\"article:modified_time\" content=\"2026-04-22T09:51:55+00:00\" \/>\n<meta property=\"og:image\" content=\"https:\/\/www.mes-allocs.fr\/guides\/wp-content\/uploads\/2024\/09\/prime-licenciement-pour-inaptitude-pension-invalidite.jpg?wsr\" \/>\n\t<meta property=\"og:image:width\" content=\"1920\" \/>\n\t<meta property=\"og:image:height\" content=\"1080\" \/>\n<meta name=\"twitter:card\" content=\"summary_large_image\" \/>\n<script type=\"application\/ld+json\" class=\"yoast-schema-graph\">{\"@context\":\"https:\/\/schema.org\",\"@graph\":[{\"@type\":\"WebSite\",\"@id\":\"https:\/\/www.mes-allocs.fr\/guides\/#website\",\"url\":\"https:\/\/www.mes-allocs.fr\/guides\/\",\"name\":\"Mes-Allocs.fr\",\"description\":\"\",\"potentialAction\":[{\"@type\":\"SearchAction\",\"target\":\"https:\/\/www.mes-allocs.fr\/guides\/?s={search_term_string}\",\"query-input\":\"required name=search_term_string\"}],\"inLanguage\":\"fr-FR\"},{\"@type\":\"ImageObject\",\"@id\":\"https:\/\/www.mes-allocs.fr\/guides\/pension-invalidite\/cumul-pension-invalidite\/prime-licenciement-inaptitude-et-pension-invalidite\/#primaryimage\",\"inLanguage\":\"fr-FR\",\"url\":\"https:\/\/www.mes-allocs.fr\/guides\/wp-content\/uploads\/2024\/09\/prime-licenciement-pour-inaptitude-pension-invalidite.jpg?wsr\",\"width\":1920,\"height\":1080,\"caption\":\"prime licenciement pour inaptitude pension invalidite\"},{\"@type\":\"WebPage\",\"@id\":\"https:\/\/www.mes-allocs.fr\/guides\/pension-invalidite\/cumul-pension-invalidite\/prime-licenciement-inaptitude-et-pension-invalidite\/#webpage\",\"url\":\"https:\/\/www.mes-allocs.fr\/guides\/pension-invalidite\/cumul-pension-invalidite\/prime-licenciement-inaptitude-et-pension-invalidite\/\",\"name\":\"La prime de licenciement pour inaptitude et la pension d'invalidit\\u00e9\",\"isPartOf\":{\"@id\":\"https:\/\/www.mes-allocs.fr\/guides\/#website\"},\"primaryImageOfPage\":{\"@id\":\"https:\/\/www.mes-allocs.fr\/guides\/pension-invalidite\/cumul-pension-invalidite\/prime-licenciement-inaptitude-et-pension-invalidite\/#primaryimage\"},\"datePublished\":\"2024-09-09T11:42:13+00:00\",\"dateModified\":\"2026-04-22T09:51:55+00:00\",\"author\":{\"@id\":\"https:\/\/www.mes-allocs.fr\/guides\/#\/schema\/person\/9c38f3be41a0ddcd1e3fde5a3df713bf\"},\"description\":\"Lorsqu'une personne est licenci\\u00e9e pour inaptitude, elle peut avoir droit \\u00e0 une prime sp\\u00e9cifique en plus de percevoir une pension d'invalidit\\u00e9.\",\"inLanguage\":\"fr-FR\"},{\"@type\":\"Person\",\"@id\":\"https:\/\/www.mes-allocs.fr\/guides\/#\/schema\/person\/9c38f3be41a0ddcd1e3fde5a3df713bf\",\"name\":\"Sessime Ananou\",\"image\":{\"@type\":\"ImageObject\",\"@id\":\"https:\/\/www.mes-allocs.fr\/guides\/#personlogo\",\"inLanguage\":\"fr-FR\",\"url\":\"https:\/\/www.mes-allocs.fr\/guides\/wp-content\/uploads\/2023\/08\/IMG_8173-150x150.jpg\",\"caption\":\"Sessime Ananou\"},\"description\":\"Sessime est r\\u00e9dactrice chez Mes Allocs, sp\\u00e9cialis\\u00e9e sur le pouvoir d'achat. Elle rejoint l'\\u00e9quipe Mes Allocs en ao\\u00fbt 2023 afin de simplifier l'acc\\u00e8s \\u00e0 l'information sur les aides en g\\u00e9n\\u00e9ral.\"}]}<\/script>\n<!-- \/ Yoast SEO plugin. -->","amp_validity":null,"acf":{"faq":{"1":{"question":"Peut-on percevoir une prime de licenciement pour inaptitude et une pension d\u2019invalidit\u00e9 en m\u00eame temps ?","answer":"Oui, il est possible de cumuler la prime de licenciement pour inaptitude et la pension d\u2019invalidit\u00e9, car elles r\u00e9pondent \u00e0 des objectifs diff\u00e9rents."},"2":{"question":" Comment est calcul\u00e9e la prime de licenciement pour inaptitude ?","answer":"La prime de licenciement pour inaptitude est g\u00e9n\u00e9ralement calcul\u00e9e de la m\u00eame mani\u00e8re qu'une prime de licenciement \u00e9conomique, bas\u00e9e sur l'anciennet\u00e9 et le salaire de l'employ\u00e9."},"3":{"question":"L\u2019inaptitude doit-elle \u00eatre reconnue par un m\u00e9decin du travail pour toucher la prime ?","answer":"Oui, l\u2019inaptitude doit \u00eatre reconnue par le m\u00e9decin du travail pour que le licenciement pour inaptitude soit valide et pour pouvoir b\u00e9n\u00e9ficier de la prime."},"4":{"question":"La pension d'invalidit\u00e9 impacte-t-elle le montant de la prime de licenciement pour inaptitude ?","answer":"Non, la pension d'invalidit\u00e9 n\u2019affecte pas le montant de la prime de licenciement, car ce sont deux dispositifs distincts."},"5":{"question":"Le licenciement pour inaptitude est-il syst\u00e9matiquement suivi du versement d\u2019une prime de licenciement ?","answer":"Non, la prime est due uniquement si l'inaptitude n'est pas due \u00e0 une faute grave du salari\u00e9 ou \u00e0 un comportement fautif.\r\n"},"6":{"question":"Le montant de la pension d\u2019invalidit\u00e9 change-t-il apr\u00e8s un licenciement pour inaptitude ?","answer":"Non, le montant de la pension d\u2019invalidit\u00e9 ne change pas suite \u00e0 un licenciement pour inaptitude, elle est calcul\u00e9e en fonction du degr\u00e9 d'invalidit\u00e9 et des revenus ant\u00e9rieurs."},"7":{"question":"","answer":""},"8":{"question":"","answer":""},"9":{"question":"","answer":""},"10":{"question":"","answer":""},"11":{"question":"","answer":""},"12":{"question":"","answer":""},"13":{"question":"","answer":""},"14":{"question":"","answer":""},"15":{"question":"","answer":""},"16":{"question":"","answer":""}}},"_links":{"self":[{"href":"https:\/\/www.mes-allocs.fr\/guides\/wp-json\/wp\/v2\/posts\/82291","targetHints":{"allow":["GET"]}}],"collection":[{"href":"https:\/\/www.mes-allocs.fr\/guides\/wp-json\/wp\/v2\/posts"}],"about":[{"href":"https:\/\/www.mes-allocs.fr\/guides\/wp-json\/wp\/v2\/types\/post"}],"author":[{"embeddable":true,"href":"https:\/\/www.mes-allocs.fr\/guides\/wp-json\/wp\/v2\/users\/26"}],"replies":[{"embeddable":true,"href":"https:\/\/www.mes-allocs.fr\/guides\/wp-json\/wp\/v2\/comments?post=82291"}],"version-history":[{"count":7,"href":"https:\/\/www.mes-allocs.fr\/guides\/wp-json\/wp\/v2\/posts\/82291\/revisions"}],"predecessor-version":[{"id":94223,"href":"https:\/\/www.mes-allocs.fr\/guides\/wp-json\/wp\/v2\/posts\/82291\/revisions\/94223"}],"wp:featuredmedia":[{"embeddable":true,"href":"https:\/\/www.mes-allocs.fr\/guides\/wp-json\/wp\/v2\/media\/105246"}],"wp:attachment":[{"href":"https:\/\/www.mes-allocs.fr\/guides\/wp-json\/wp\/v2\/media?parent=82291"}],"wp:term":[{"taxonomy":"category","embeddable":true,"href":"https:\/\/www.mes-allocs.fr\/guides\/wp-json\/wp\/v2\/categories?post=82291"},{"taxonomy":"post_tag","embeddable":true,"href":"https:\/\/www.mes-allocs.fr\/guides\/wp-json\/wp\/v2\/tags?post=82291"}],"curies":[{"name":"wp","href":"https:\/\/api.w.org\/{rel}","templated":true}]}}