{"id":81908,"date":"2024-08-30T17:55:14","date_gmt":"2024-08-30T15:55:14","guid":{"rendered":"https:\/\/www.mes-allocs.fr\/guides\/?p=81908"},"modified":"2026-04-22T10:51:57","modified_gmt":"2026-04-22T09:51:57","slug":"conge-grave-maladie-et-pension-invalidite","status":"publish","type":"post","link":"https:\/\/www.mes-allocs.fr\/guides\/pension-invalidite\/cumul-pension-invalidite\/conge-grave-maladie-et-pension-invalidite\/","title":{"rendered":"Le cong\u00e9 pour grave maladie et la pension d\u2019invalidit\u00e9"},"content":{"rendered":"<p><img loading=\"lazy\" decoding=\"async\" class=\"alignnone wp-image-14498 size-full\" title=\"cong\u00e9 grave maladie et pension d'invalidit\u00e9\" src=\"https:\/\/www.mes-allocs.fr\/guides\/wp-content\/uploads\/2020\/11\/Que-faire-en-cas-darre\u0302t-maladie-cho\u0302mage-non-indemnise\u0301--e1725031291891.jpg\" alt=\"cong\u00e9 grave maladie et pension d'invalidit\u00e9\" width=\"1280\" height=\"339\" srcset=\"https:\/\/www.mes-allocs.fr\/guides\/wp-content\/uploads\/2020\/11\/Que-faire-en-cas-darre\u0302t-maladie-cho\u0302mage-non-indemnise\u0301--e1725031291891.jpg 1280w, https:\/\/www.mes-allocs.fr\/guides\/wp-content\/uploads\/2020\/11\/Que-faire-en-cas-darre\u0302t-maladie-cho\u0302mage-non-indemnise\u0301--e1725031291891-300x79.jpg 300w, https:\/\/www.mes-allocs.fr\/guides\/wp-content\/uploads\/2020\/11\/Que-faire-en-cas-darre\u0302t-maladie-cho\u0302mage-non-indemnise\u0301--e1725031291891-1024x271.jpg 1024w, https:\/\/www.mes-allocs.fr\/guides\/wp-content\/uploads\/2020\/11\/Que-faire-en-cas-darre\u0302t-maladie-cho\u0302mage-non-indemnise\u0301--e1725031291891-768x203.jpg 768w, https:\/\/www.mes-allocs.fr\/guides\/wp-content\/uploads\/2020\/11\/Que-faire-en-cas-darre\u0302t-maladie-cho\u0302mage-non-indemnise\u0301--e1725031291891-600x159.jpg 600w\" sizes=\"auto, (max-width: 1280px) 100vw, 1280px\" \/><\/p>\n<p><strong>Le cong\u00e9 pour grave maladie et la <a href=\"https:\/\/www.mes-allocs.fr\/guides\/pension-invalidite\/\">pension d\u2019invalidit\u00e9<\/a> sont deux dispositifs distincts destin\u00e9s \u00e0 soutenir les individus confront\u00e9s \u00e0 des situations de sant\u00e9 s\u00e9v\u00e8res. Le cong\u00e9 pour grave maladie permet aux travailleurs de b\u00e9n\u00e9ficier d&rsquo;un arr\u00eat de travail prolong\u00e9 en cas de maladie grave, tandis que la pension d&rsquo;invalidit\u00e9 est une prestation destin\u00e9e aux personnes dont l&rsquo;incapacit\u00e9 permanente les emp\u00eache d&rsquo;exercer une activit\u00e9 professionnelle. Il est essentiel de comprendre comment ces deux dispositifs interagissent, notamment en termes de droits, d\u2019impact sur les prestations et des d\u00e9marches n\u00e9cessaires pour leur gestion. Cet article vous guide \u00e0 travers les aspects essentiels de ce cumul, en abordant les conditions de chaque dispositif, les implications pour les droits et les d\u00e9marches administratives requises.<\/strong><\/p>\n<div class='cta-block'><div class='text'>Simulez toutes vos aides en 2 min.<\/div><a href='https:\/\/www.mes-allocs.fr\/ab-app?origin=guides\/wp-json\/wp\/v2\/posts\/81908' class='app-button fit'>Simulation gratuite<\/a><\/div>\n<h1>D\u00e9finition d&rsquo;un <strong>cong\u00e9 pour grave maladie ?<\/strong><\/h1>\n<h2><strong>Qu&rsquo;est-ce qu&rsquo;un cong\u00e9 pour grave maladie, et quelles sont ses conditions d\u2019attribution ?<\/strong><\/h2>\n<p>Le <strong>cong\u00e9 pour grave maladie<\/strong> est un dispositif permettant aux salari\u00e9s, en particulier ceux du secteur public mais \u00e9galement parfois du priv\u00e9 selon les conventions collectives, de b\u00e9n\u00e9ficier d\u2019un arr\u00eat de travail prolong\u00e9 en cas de maladie grave. Ce cong\u00e9 s&rsquo;adresse g\u00e9n\u00e9ralement aux travailleurs souffrant d&rsquo;une affection longue dur\u00e9e (ALD), c\u2019est-\u00e0-dire une maladie ou une pathologie qui n\u00e9cessite des soins continus sur une p\u00e9riode longue et qui compromet leur capacit\u00e9 de travailler. Il peut durer jusqu&rsquo;\u00e0 trois ans, avec une possibilit\u00e9 de renouvellement selon les situations, et garantit souvent le maintien partiel ou total du salaire pendant cette p\u00e9riode.<\/p>\n<p>Pour \u00eatre \u00e9ligible \u00e0 ce cong\u00e9, le salari\u00e9 doit pr\u00e9senter un certificat m\u00e9dical d\u00e9taill\u00e9 \u00e9manant d\u2019un m\u00e9decin ou d\u2019un sp\u00e9cialiste qui atteste la gravit\u00e9 de la maladie. Le dossier est ensuite \u00e9valu\u00e9 par l\u2019employeur ou les organismes de s\u00e9curit\u00e9 sociale comp\u00e9tents. Ce cong\u00e9 vise \u00e0 offrir un soutien tant financier que professionnel pendant cette p\u00e9riode difficile, en prot\u00e9geant le salari\u00e9 contre la perte d&#8217;emploi imm\u00e9diate.<\/p>\n<h2><strong>Quelle est la nature de la pension d&rsquo;invalidit\u00e9 et comment est-elle attribu\u00e9e ?<\/strong><\/h2>\n<p>La <strong>pension d&rsquo;invalidit\u00e9<\/strong>, quant \u00e0 elle, est une prestation vers\u00e9e par la s\u00e9curit\u00e9 sociale pour compenser une incapacit\u00e9 permanente \u00e0 exercer une activit\u00e9 professionnelle. Contrairement au cong\u00e9 pour grave maladie, elle est accord\u00e9e lorsque la personne est d\u00e9finitivement ou durablement incapable de travailler. La pension est accord\u00e9e apr\u00e8s \u00e9valuation m\u00e9dicale et peut \u00eatre attribu\u00e9e dans trois cat\u00e9gories en fonction du degr\u00e9 d&rsquo;incapacit\u00e9 :<\/p>\n<ul>\n<li><strong>1\u00e8re cat\u00e9gorie<\/strong> : L\u2019assur\u00e9 est encore capable de travailler mais avec des limitations (incapacit\u00e9 partielle).<\/li>\n<li><strong>2\u00e8me cat\u00e9gorie<\/strong> : L\u2019assur\u00e9 est totalement incapable d\u2019exercer une activit\u00e9 professionnelle.<\/li>\n<li><strong>3\u00e8me cat\u00e9gorie<\/strong> : L\u2019assur\u00e9 est non seulement totalement incapable de travailler, mais n\u00e9cessite \u00e9galement l\u2019aide d\u2019une tierce personne pour accomplir les actes de la vie quotidienne.<\/li>\n<\/ul>\n<p>La pension d&rsquo;invalidit\u00e9 est calcul\u00e9e en fonction des revenus ant\u00e9rieurs de l\u2019assur\u00e9 et peut \u00eatre r\u00e9\u00e9valu\u00e9e p\u00e9riodiquement en fonction de l&rsquo;\u00e9volution de l&rsquo;\u00e9tat de sant\u00e9. Le processus de demande n\u00e9cessite des documents m\u00e9dicaux et administratifs justifiant l&rsquo;invalidit\u00e9 ainsi qu\u2019une \u00e9valuation effectu\u00e9e par un m\u00e9decin conseil de la s\u00e9curit\u00e9 sociale.<\/p>\n<div class='cta-block'><div class='text'>Simulez toutes vos aides en 2 min.<\/div><a href='https:\/\/www.mes-allocs.fr\/ab-app?origin=guides\/wp-json\/wp\/v2\/posts\/81908' class='app-button fit'>Simulation gratuite<\/a><\/div>\n<h1>Impact du cong\u00e9 pour grave maladie sur la pension d\u2019invalidit\u00e9<\/h1>\n<h2><strong>Est-il possible de cumuler cong\u00e9 pour grave maladie et pension d\u2019invalidit\u00e9 ?<\/strong><\/h2>\n<p>Il est possible de <a href=\"https:\/\/www.mes-allocs.fr\/guides\/pension-invalidite\/cumul-pension-invalidite\/\">cumuler une pension d&rsquo;invalidit\u00e9<\/a> et d&rsquo;\u00eatre en cong\u00e9 pour grave maladie, mais cette situation est relativement complexe. Le <strong>cong\u00e9 pour grave maladie<\/strong> est consid\u00e9r\u00e9 comme une solution temporaire pour permettre \u00e0 la personne de se r\u00e9tablir, tandis que la <strong>pension d&rsquo;invalidit\u00e9<\/strong> est con\u00e7ue pour les cas o\u00f9 une incapacit\u00e9 permanente est reconnue. En d\u2019autres termes, le cong\u00e9 pour grave maladie s&rsquo;applique pour une p\u00e9riode d\u00e9termin\u00e9e, alors que la pension d&rsquo;invalidit\u00e9 est per\u00e7ue dans des cas d&rsquo;incapacit\u00e9 permanente.<\/p>\n<p>Dans certaines situations, au terme du cong\u00e9 pour grave maladie, si l\u2019\u00e9tat de sant\u00e9 de l\u2019assur\u00e9 ne s\u2019am\u00e9liore pas, ce dernier pourrait \u00eatre \u00e9ligible \u00e0 une pension d\u2019invalidit\u00e9. Il peut \u00e9galement arriver que, pendant le cong\u00e9 pour grave maladie, si l&rsquo;incapacit\u00e9 permanente est reconnue avant la fin du cong\u00e9, l&rsquo;assur\u00e9 soit transf\u00e9r\u00e9 vers le r\u00e9gime de la pension d&rsquo;invalidit\u00e9.<\/p>\n<h2><strong>Comment le cong\u00e9 pour grave maladie influence-t-il les droits \u00e0 la pension d\u2019invalidit\u00e9 ?<\/strong><\/h2>\n<p>Le <strong>cumul des droits<\/strong> est une pr\u00e9occupation majeure lorsque vous percevez des indemnit\u00e9s pendant un cong\u00e9 pour grave maladie tout en \u00e9tant \u00e9ligible \u00e0 une pension d&rsquo;invalidit\u00e9. En g\u00e9n\u00e9ral, les indemnit\u00e9s journali\u00e8res per\u00e7ues durant ce cong\u00e9 ne sont pas directement affect\u00e9es par la pension d\u2019invalidit\u00e9, et vice versa. Toutefois, lorsque vous percevez une pension d\u2019invalidit\u00e9 et des indemnit\u00e9s journali\u00e8res simultan\u00e9ment, des <strong>ajustements<\/strong> peuvent \u00eatre n\u00e9cessaires pour garantir que vous ne perceviez pas de <strong>prestations ind\u00fbment cumul\u00e9es<\/strong>.<\/p>\n<p>Il est \u00e9galement important de signaler tout changement dans votre \u00e9tat de sant\u00e9 ou de travail \u00e0 votre caisse d\u2019assurance maladie pour \u00e9viter des erreurs de calcul qui pourraient conduire \u00e0 des trop-per\u00e7us que vous seriez ensuite oblig\u00e9 de rembourser.<\/p>\n<p><iframe loading=\"lazy\" title=\"La pension d&#039;invalidit\u00e9\" width=\"500\" height=\"281\" src=\"https:\/\/www.youtube.com\/embed\/_UJaa1UDtZs?feature=oembed\" frameborder=\"0\" allow=\"accelerometer; autoplay; clipboard-write; encrypted-media; gyroscope; picture-in-picture; web-share\" referrerpolicy=\"strict-origin-when-cross-origin\" allowfullscreen><\/iframe><\/p>\n<h1>D\u00e9marches administratives \u00e0 effectuer<\/h1>\n<h2><strong>Comment d\u00e9clarer un cong\u00e9 pour grave maladie et une pension d\u2019invalidit\u00e9 simultan\u00e9ment ?<\/strong><\/h2>\n<p>Si vous \u00eates en cong\u00e9 pour grave maladie et que votre \u00e9tat de sant\u00e9 se d\u00e9grade au point de justifier une pension d\u2019invalidit\u00e9, plusieurs d\u00e9marches administratives doivent \u00eatre effectu\u00e9es.<\/p>\n<ol>\n<li><strong>D\u00e9claration aupr\u00e8s de la S\u00e9curit\u00e9 Sociale<\/strong> : vous devez d\u00e9clarer \u00e0 votre caisse d&rsquo;assurance maladie que vous \u00eates en arr\u00eat de travail pour grave maladie. Simultan\u00e9ment, si vous souhaitez demander une pension d\u2019invalidit\u00e9, il est n\u00e9cessaire de remplir le formulaire de demande de pension, accompagn\u00e9 d\u2019un certificat m\u00e9dical du m\u00e9decin traitant attestant de l\u2019incapacit\u00e9 permanente de travailler.<\/li>\n<li><strong>Documentation m\u00e9dicale<\/strong> : vous devrez fournir des <strong>certificats m\u00e9dicaux d\u00e9taill\u00e9s<\/strong> et <strong>des bilans de sant\u00e9<\/strong> pour \u00e9tayer la gravit\u00e9 de votre maladie ou de votre invalidit\u00e9. Ces documents seront ensuite \u00e9valu\u00e9s par le m\u00e9decin conseil de la s\u00e9curit\u00e9 sociale pour d\u00e9terminer si vous r\u00e9pondez aux crit\u00e8res d&rsquo;attribution de la pension d\u2019invalidit\u00e9.<\/li>\n<\/ol>\n<h2><strong>Quelle est l\u2019importance de la coordination entre le cong\u00e9 pour grave maladie et la pension d&rsquo;invalidit\u00e9 ?<\/strong><\/h2>\n<p>La coordination entre les deux dispositifs est cruciale pour \u00e9viter des <strong>chevauchements<\/strong> ou <strong>erreurs administratives<\/strong>. Si vous \u00eates \u00e9ligible \u00e0 la pension d&rsquo;invalidit\u00e9 alors que vous \u00eates en cong\u00e9 pour grave maladie, vous devez imp\u00e9rativement informer les diff\u00e9rents organismes comp\u00e9tents, comme votre employeur, la s\u00e9curit\u00e9 sociale, et \u00e9ventuellement les compl\u00e9mentaires sant\u00e9 ou pr\u00e9voyance. Une mauvaise coordination ou une n\u00e9gligence administrative pourrait entra\u00eener une <strong>suspension des prestations<\/strong>, des <strong>p\u00e9nalit\u00e9s financi\u00e8res<\/strong>, ou des <strong>demandes de remboursement de prestations per\u00e7ues \u00e0 tort<\/strong>.<\/p>\n<p>Pour g\u00e9rer cette coordination efficacement, il est souvent conseill\u00e9 de se faire accompagner par un <strong>conseiller social<\/strong> ou de faire appel \u00e0 un <strong>service juridique sp\u00e9cialis\u00e9<\/strong> dans les questions de droit de la s\u00e9curit\u00e9 sociale.<\/p>\n<h1>Risques et cons\u00e9quences de non-d\u00e9claration ou de fausse d\u00e9claration<\/h1>\n<h2><strong>Quelles sanctions financi\u00e8res en cas de non-d\u00e9claration ou de fausse d\u00e9claration ?<\/strong><\/h2>\n<p>Ne pas d\u00e9clarer un changement de situation ou fournir des informations erron\u00e9es lors d&rsquo;un cong\u00e9 pour grave maladie ou d&rsquo;une demande de pension d&rsquo;invalidit\u00e9 peut entra\u00eener des <strong>sanctions financi\u00e8res importantes<\/strong>. L&rsquo;organisme de s\u00e9curit\u00e9 sociale peut d\u00e9cider de suspendre vos droits ou exiger le <strong>remboursement de prestations ind\u00fbment per\u00e7ues<\/strong>.<\/p>\n<p>Par exemple, si vous percevez \u00e0 la fois des indemnit\u00e9s journali\u00e8res pour grave maladie et une pension d&rsquo;invalidit\u00e9 sans avoir correctement d\u00e9clar\u00e9 vos revenus ou votre \u00e9tat de sant\u00e9, vous pouvez \u00eatre contraint de <strong>rembourser des sommes importantes<\/strong>, avec en plus des <strong>p\u00e9nalit\u00e9s financi\u00e8res<\/strong>.<\/p>\n<h2><strong>Quels sont les risques administratifs et leurs impacts sur les prestations futures ?<\/strong><\/h2>\n<p>Outre les sanctions financi\u00e8res, la non-d\u00e9claration ou la fausse d\u00e9claration peut \u00e9galement entra\u00eener des <strong>complications administratives<\/strong> qui pourraient retarder le traitement de vos droits ou avoir des <strong>r\u00e9percussions sur vos prestations futures<\/strong>. Vous pourriez \u00e9galement perdre le b\u00e9n\u00e9fice de certaines aides sociales ou allocations, ou voir votre pension d&rsquo;invalidit\u00e9 suspendue jusqu&rsquo;\u00e0 clarification de votre situation. De plus, si des <strong>erreurs administratives<\/strong> surviennent, elles pourraient affecter n\u00e9gativement le montant de la pension ou des prestations que vous recevez, vous privant ainsi des ressources financi\u00e8res n\u00e9cessaires pendant des p\u00e9riodes o\u00f9 vous en avez le plus besoin.<\/p>\n<div class='cta-block'><div class='text'>Simulez toutes vos aides en 2 min.<\/div><a href='https:\/\/www.mes-allocs.fr\/ab-app?origin=guides\/wp-json\/wp\/v2\/posts\/81908' class='app-button fit'>Simulation gratuite<\/a><\/div>\n","protected":false},"excerpt":{"rendered":"<p>Le cong\u00e9 pour grave maladie et la pension d\u2019invalidit\u00e9 sont deux dispositifs distincts destin\u00e9s \u00e0 soutenir les individus confront\u00e9s \u00e0 des situations de sant\u00e9 s\u00e9v\u00e8res. Le cong\u00e9 pour grave maladie permet aux travailleurs de b\u00e9n\u00e9ficier d&rsquo;un arr\u00eat de travail prolong\u00e9 en cas de maladie grave, tandis que la pension d&rsquo;invalidit\u00e9 est une prestation destin\u00e9e aux [&hellip;]<\/p>\n","protected":false},"author":26,"featured_media":56082,"comment_status":"open","ping_status":"open","sticky":false,"template":"","format":"standard","meta":{"amp_status":"","footnotes":""},"categories":[37397,35633],"tags":[],"class_list":["post-81908","post","type-post","status-publish","format-standard","has-post-thumbnail","hentry","category-cumul-pension-invalidite","category-pension-invalidite"],"yoast_head":"<!-- This site is optimized with the Yoast SEO plugin v14.9 - https:\/\/yoast.com\/wordpress\/plugins\/seo\/ -->\n<title>Le cong\u00e9 pour grave maladie et la pension d\u2019invalidit\u00e9 | Mes-Allocs.fr<\/title>\n<meta name=\"description\" content=\"Le cong\u00e9 pour grave maladie et la pension d\u2019invalidit\u00e9 sont deux dispositifs destin\u00e9s \u00e0 soutenir les individus en situation de sant\u00e9 s\u00e9v\u00e8re.\" \/>\n<meta name=\"robots\" content=\"index, follow, max-snippet:-1, max-image-preview:large, max-video-preview:-1\" \/>\n<link rel=\"canonical\" href=\"https:\/\/www.mes-allocs.fr\/guides\/pension-invalidite\/cumul-pension-invalidite\/conge-grave-maladie-et-pension-invalidite\/\" \/>\n<meta property=\"og:locale\" content=\"fr_FR\" \/>\n<meta property=\"og:type\" content=\"article\" \/>\n<meta property=\"og:title\" content=\"Le cong\u00e9 pour grave maladie et la pension d\u2019invalidit\u00e9 | Mes-Allocs.fr\" \/>\n<meta property=\"og:description\" content=\"Le cong\u00e9 pour grave maladie et la pension d\u2019invalidit\u00e9 sont deux dispositifs destin\u00e9s \u00e0 soutenir les individus en situation de sant\u00e9 s\u00e9v\u00e8re.\" \/>\n<meta property=\"og:url\" content=\"https:\/\/www.mes-allocs.fr\/guides\/pension-invalidite\/cumul-pension-invalidite\/conge-grave-maladie-et-pension-invalidite\/\" \/>\n<meta property=\"og:site_name\" content=\"Mes-Allocs.fr\" \/>\n<meta property=\"article:published_time\" content=\"2024-08-30T15:55:14+00:00\" \/>\n<meta property=\"article:modified_time\" content=\"2026-04-22T09:51:57+00:00\" \/>\n<meta property=\"og:image\" content=\"https:\/\/www.mes-allocs.fr\/guides\/wp-content\/uploads\/2022\/09\/online-marketing-hIgeoQjS_iE-unsplash-e1662472164489.jpg?wsr\" \/>\n\t<meta property=\"og:image:width\" content=\"1920\" \/>\n\t<meta property=\"og:image:height\" content=\"1080\" \/>\n<meta name=\"twitter:card\" content=\"summary_large_image\" \/>\n<script type=\"application\/ld+json\" class=\"yoast-schema-graph\">{\"@context\":\"https:\/\/schema.org\",\"@graph\":[{\"@type\":\"WebSite\",\"@id\":\"https:\/\/www.mes-allocs.fr\/guides\/#website\",\"url\":\"https:\/\/www.mes-allocs.fr\/guides\/\",\"name\":\"Mes-Allocs.fr\",\"description\":\"\",\"potentialAction\":[{\"@type\":\"SearchAction\",\"target\":\"https:\/\/www.mes-allocs.fr\/guides\/?s={search_term_string}\",\"query-input\":\"required name=search_term_string\"}],\"inLanguage\":\"fr-FR\"},{\"@type\":\"ImageObject\",\"@id\":\"https:\/\/www.mes-allocs.fr\/guides\/pension-invalidite\/cumul-pension-invalidite\/conge-grave-maladie-et-pension-invalidite\/#primaryimage\",\"inLanguage\":\"fr-FR\",\"url\":\"https:\/\/www.mes-allocs.fr\/guides\/wp-content\/uploads\/2022\/09\/online-marketing-hIgeoQjS_iE-unsplash-e1662472164489.jpg?wsr\",\"width\":1920,\"height\":1080,\"caption\":\"cong\\u00e9 grave maladie et pension d'invalidit\\u00e9\"},{\"@type\":\"WebPage\",\"@id\":\"https:\/\/www.mes-allocs.fr\/guides\/pension-invalidite\/cumul-pension-invalidite\/conge-grave-maladie-et-pension-invalidite\/#webpage\",\"url\":\"https:\/\/www.mes-allocs.fr\/guides\/pension-invalidite\/cumul-pension-invalidite\/conge-grave-maladie-et-pension-invalidite\/\",\"name\":\"Le cong\\u00e9 pour grave maladie et la pension d\\u2019invalidit\\u00e9 | Mes-Allocs.fr\",\"isPartOf\":{\"@id\":\"https:\/\/www.mes-allocs.fr\/guides\/#website\"},\"primaryImageOfPage\":{\"@id\":\"https:\/\/www.mes-allocs.fr\/guides\/pension-invalidite\/cumul-pension-invalidite\/conge-grave-maladie-et-pension-invalidite\/#primaryimage\"},\"datePublished\":\"2024-08-30T15:55:14+00:00\",\"dateModified\":\"2026-04-22T09:51:57+00:00\",\"author\":{\"@id\":\"https:\/\/www.mes-allocs.fr\/guides\/#\/schema\/person\/9c38f3be41a0ddcd1e3fde5a3df713bf\"},\"description\":\"Le cong\\u00e9 pour grave maladie et la pension d\\u2019invalidit\\u00e9 sont deux dispositifs destin\\u00e9s \\u00e0 soutenir les individus en situation de sant\\u00e9 s\\u00e9v\\u00e8re.\",\"inLanguage\":\"fr-FR\"},{\"@type\":\"Person\",\"@id\":\"https:\/\/www.mes-allocs.fr\/guides\/#\/schema\/person\/9c38f3be41a0ddcd1e3fde5a3df713bf\",\"name\":\"Sessime Ananou\",\"image\":{\"@type\":\"ImageObject\",\"@id\":\"https:\/\/www.mes-allocs.fr\/guides\/#personlogo\",\"inLanguage\":\"fr-FR\",\"url\":\"https:\/\/www.mes-allocs.fr\/guides\/wp-content\/uploads\/2023\/08\/IMG_8173-150x150.jpg\",\"caption\":\"Sessime Ananou\"},\"description\":\"Sessime est r\\u00e9dactrice chez Mes Allocs, sp\\u00e9cialis\\u00e9e sur le pouvoir d'achat. Elle rejoint l'\\u00e9quipe Mes Allocs en ao\\u00fbt 2023 afin de simplifier l'acc\\u00e8s \\u00e0 l'information sur les aides en g\\u00e9n\\u00e9ral.\"}]}<\/script>\n<!-- \/ Yoast SEO plugin. -->","amp_validity":null,"acf":{"faq":{"1":{"question":" Qu'est-ce qu'un cong\u00e9 pour grave maladie et comment est-il accord\u00e9 ?","answer":"Un cong\u00e9 pour grave maladie est un arr\u00eat de travail prolong\u00e9 accord\u00e9 aux salari\u00e9s qui souffrent d'une maladie grave ou d'une affection n\u00e9cessitant un traitement de longue dur\u00e9e. Ce cong\u00e9 est g\u00e9n\u00e9ralement accord\u00e9 apr\u00e8s un certain nombre d'ann\u00e9es de service et sur pr\u00e9sentation d'un certificat m\u00e9dical d\u00e9taillant la gravit\u00e9 de la maladie. Le salari\u00e9 peut b\u00e9n\u00e9ficier d'une r\u00e9mun\u00e9ration maintenue ou d'indemnit\u00e9s journali\u00e8res selon la l\u00e9gislation en vigueur et les conventions collectives applicables."},"2":{"question":" Peut-on percevoir une pension d'invalidit\u00e9 pendant un cong\u00e9 pour grave maladie ?","answer":"Oui, il est possible de percevoir une pension d\u2019invalidit\u00e9 pendant un cong\u00e9 pour grave maladie, mais cela d\u00e9pend des conditions sp\u00e9cifiques \u00e0 chaque situation. La pension d'invalidit\u00e9 est destin\u00e9e aux personnes ayant une incapacit\u00e9 permanente \u00e0 travailler, tandis que le cong\u00e9 pour grave maladie est accord\u00e9 pour une incapacit\u00e9 temporaire. Si votre \u00e9tat de sant\u00e9 se d\u00e9t\u00e9riore au point de justifier une pension d'invalidit\u00e9, vous pouvez faire une demande de pension d\u2019invalidit\u00e9 tout en \u00e9tant en cong\u00e9 pour grave maladie."},"3":{"question":"Quels sont les impacts du cong\u00e9 pour grave maladie sur le montant de la pension d'invalidit\u00e9 ?","answer":"Le montant de la pension d'invalidit\u00e9 ne devrait pas \u00eatre directement affect\u00e9 par le cong\u00e9 pour grave maladie, car ce sont deux dispositifs distincts. Cependant, les indemnit\u00e9s journali\u00e8res re\u00e7ues pendant le cong\u00e9 peuvent \u00eatre prises en compte pour le calcul des droits futurs \u00e0 la pension d'invalidit\u00e9 si elles influencent vos revenus ou votre situation de travail. Il est important de signaler toute \u00e9volution de votre \u00e9tat de sant\u00e9 aux organismes comp\u00e9tents pour \u00e9viter des erreurs de calcul."},"4":{"question":" Comment le cong\u00e9 pour grave maladie affecte-t-il les droits \u00e0 la pension d'invalidit\u00e9 ?","answer":"Le cong\u00e9 pour grave maladie n'affecte pas directement vos droits \u00e0 la pension d\u2019invalidit\u00e9, mais il peut influencer la date \u00e0 laquelle vous pouvez faire une demande de pension d\u2019invalidit\u00e9. En effet, si vous \u00eates en cong\u00e9 pour grave maladie et que votre \u00e9tat de sant\u00e9 ne s\u2019am\u00e9liore pas, vous devrez attendre la fin de ce cong\u00e9 pour \u00e9valuer si vous remplissez les conditions n\u00e9cessaires pour une pension d\u2019invalidit\u00e9. Les deux dispositifs sont g\u00e9n\u00e9ralement ind\u00e9pendants, mais une coordination avec les services sociaux est n\u00e9cessaire pour \u00e9viter des chevauchements ou des complications administratives."},"5":{"question":" Quelles d\u00e9marches administratives doivent \u00eatre effectu\u00e9es lors du cumul d'un cong\u00e9 pour grave maladie et d'une pension d'invalidit\u00e9 ?","answer":"Lors du cumul d'un cong\u00e9 pour grave maladie avec une demande de pension d\u2019invalidit\u00e9, plusieurs d\u00e9marches administratives sont n\u00e9cessaires :\r\n\r\nD\u00e9claration aupr\u00e8s de la s\u00e9curit\u00e9 sociale : Vous devez informer la caisse d\u2019assurance maladie de votre situation et fournir tous les documents n\u00e9cessaires, y compris les certificats m\u00e9dicaux et les justificatifs de votre cong\u00e9.\r\nDemande de pension d'invalidit\u00e9 : Vous devez faire une demande officielle de pension d\u2019invalidit\u00e9 aupr\u00e8s de la caisse primaire d\u2019assurance maladie (CPAM) ou du service comp\u00e9tent. Cette demande doit \u00eatre accompagn\u00e9e de documents m\u00e9dicaux attestant de votre incapacit\u00e9 permanente.\r\nSuivi de la situation : Assurez-vous de suivre r\u00e9guli\u00e8rement l'\u00e9volution de votre demande et de tenir inform\u00e9s les organismes concern\u00e9s de toute mise \u00e0 jour concernant votre \u00e9tat de sant\u00e9 ou votre situation professionnelle."},"6":{"question":"Quels sont les risques de non-d\u00e9claration ou de fausse d\u00e9claration concernant le cong\u00e9 pour grave maladie et la pension d'invalidit\u00e9 ?","answer":"La non-d\u00e9claration ou la fausse d\u00e9claration concernant le cong\u00e9 pour grave maladie et la pension d'invalidit\u00e9 peut entra\u00eener des sanctions significatives :\r\n\r\nSanctions financi\u00e8res : Vous pourriez \u00eatre tenu de rembourser des prestations ind\u00fbment per\u00e7ues ou faire face \u00e0 des p\u00e9nalit\u00e9s financi\u00e8res.\r\nSuspension de prestations : Les prestations peuvent \u00eatre suspendues jusqu'\u00e0 ce que la situation soit clarifi\u00e9e.\r\nProbl\u00e8mes administratifs : Des complications administratives peuvent survenir, entra\u00eenant des retards dans la gestion de vos droits ou des erreurs dans le calcul des prestations."},"7":{"question":"","answer":""},"8":{"question":"","answer":""},"9":{"question":"","answer":""},"10":{"question":"","answer":""},"11":{"question":"","answer":""},"12":{"question":"","answer":""},"13":{"question":"","answer":""},"14":{"question":"","answer":""},"15":{"question":"","answer":""},"16":{"question":"","answer":""}}},"_links":{"self":[{"href":"https:\/\/www.mes-allocs.fr\/guides\/wp-json\/wp\/v2\/posts\/81908","targetHints":{"allow":["GET"]}}],"collection":[{"href":"https:\/\/www.mes-allocs.fr\/guides\/wp-json\/wp\/v2\/posts"}],"about":[{"href":"https:\/\/www.mes-allocs.fr\/guides\/wp-json\/wp\/v2\/types\/post"}],"author":[{"embeddable":true,"href":"https:\/\/www.mes-allocs.fr\/guides\/wp-json\/wp\/v2\/users\/26"}],"replies":[{"embeddable":true,"href":"https:\/\/www.mes-allocs.fr\/guides\/wp-json\/wp\/v2\/comments?post=81908"}],"version-history":[{"count":5,"href":"https:\/\/www.mes-allocs.fr\/guides\/wp-json\/wp\/v2\/posts\/81908\/revisions"}],"predecessor-version":[{"id":94222,"href":"https:\/\/www.mes-allocs.fr\/guides\/wp-json\/wp\/v2\/posts\/81908\/revisions\/94222"}],"wp:featuredmedia":[{"embeddable":true,"href":"https:\/\/www.mes-allocs.fr\/guides\/wp-json\/wp\/v2\/media\/56082"}],"wp:attachment":[{"href":"https:\/\/www.mes-allocs.fr\/guides\/wp-json\/wp\/v2\/media?parent=81908"}],"wp:term":[{"taxonomy":"category","embeddable":true,"href":"https:\/\/www.mes-allocs.fr\/guides\/wp-json\/wp\/v2\/categories?post=81908"},{"taxonomy":"post_tag","embeddable":true,"href":"https:\/\/www.mes-allocs.fr\/guides\/wp-json\/wp\/v2\/tags?post=81908"}],"curies":[{"name":"wp","href":"https:\/\/api.w.org\/{rel}","templated":true}]}}