{"id":81905,"date":"2024-08-30T17:17:41","date_gmt":"2024-08-30T15:17:41","guid":{"rendered":"https:\/\/www.mes-allocs.fr\/guides\/?p=81905"},"modified":"2026-04-22T10:51:57","modified_gmt":"2026-04-22T09:51:57","slug":"pension-invalidite-et-arret-maladie","status":"publish","type":"post","link":"https:\/\/www.mes-allocs.fr\/guides\/pension-invalidite\/cumul-pension-invalidite\/pension-invalidite-et-arret-maladie\/","title":{"rendered":"Cumul pension d&rsquo;invalidit\u00e9 et arr\u00eat maladie : conditions et implications"},"content":{"rendered":"<p><img loading=\"lazy\" decoding=\"async\" class=\"alignnone wp-image-73587 size-full\" title=\"pension invalidit\u00e9 et arret maladie\" src=\"https:\/\/www.mes-allocs.fr\/guides\/wp-content\/uploads\/2024\/01\/healing-4054923_1280-e1725028921345.jpg\" alt=\"pension invalidit\u00e9 et arret maladie\" width=\"1280\" height=\"329\" srcset=\"https:\/\/www.mes-allocs.fr\/guides\/wp-content\/uploads\/2024\/01\/healing-4054923_1280-e1725028921345.jpg 1280w, https:\/\/www.mes-allocs.fr\/guides\/wp-content\/uploads\/2024\/01\/healing-4054923_1280-e1725028921345-300x77.jpg 300w, https:\/\/www.mes-allocs.fr\/guides\/wp-content\/uploads\/2024\/01\/healing-4054923_1280-e1725028921345-1024x263.jpg 1024w, https:\/\/www.mes-allocs.fr\/guides\/wp-content\/uploads\/2024\/01\/healing-4054923_1280-e1725028921345-768x197.jpg 768w, https:\/\/www.mes-allocs.fr\/guides\/wp-content\/uploads\/2024\/01\/healing-4054923_1280-e1725028921345-600x154.jpg 600w\" sizes=\"auto, (max-width: 1280px) 100vw, 1280px\" \/><\/p>\n<p><strong>Le cumul d&rsquo;une <a href=\"https:\/\/www.mes-allocs.fr\/guides\/pension-invalidite\/\">pension d&rsquo;invalidit\u00e9<\/a> avec un arr\u00eat maladie est une question complexe qui m\u00e9rite une attention particuli\u00e8re. En France, la pension d\u2019invalidit\u00e9 est accord\u00e9e aux personnes dont la capacit\u00e9 de travail est r\u00e9duite de mani\u00e8re significative en raison d&rsquo;une maladie ou d\u2019un accident. Lorsqu&rsquo;un individu d\u00e9j\u00e0 en pension d&rsquo;invalidit\u00e9 rencontre une nouvelle maladie ou une aggravation de son \u00e9tat, il peut se retrouver en situation d&rsquo;arr\u00eat maladie. Cette situation pose des questions sur la compatibilit\u00e9 entre ces deux types de prestations et sur leurs implications administratives et financi\u00e8res. Cet article explore les conditions dans lesquelles ces deux aides peuvent \u00eatre cumul\u00e9es, leurs impacts sur les droits de l\u2019assur\u00e9 et les d\u00e9marches n\u00e9cessaires.<\/strong><\/p>\n<div class='cta-block'><div class='text'>Simulez toutes vos aides en 2 min.<\/div><a href='https:\/\/www.mes-allocs.fr\/ab-app?origin=guides\/wp-json\/wp\/v2\/posts\/81905' class='app-button fit'>Simulation gratuite<\/a><\/div>\n<h1><strong>Peut-on cumuler une pension d&rsquo;invalidit\u00e9 avec un arr\u00eat maladie ?<\/strong><\/h1>\n<h2><strong>Principe de cumul<\/strong><\/h2>\n<p>Le <a href=\"https:\/\/www.mes-allocs.fr\/guides\/pension-invalidite\/cumul-pension-invalidite\/pension-invalidite-arret-maladie\/\">cumul d&rsquo;une pension d&rsquo;invalidit\u00e9<\/a> avec des indemnit\u00e9s journali\u00e8res pour arr\u00eat maladie est g\u00e9n\u00e9ralement possible, sous certaines conditions. La pension d&rsquo;invalidit\u00e9 est vers\u00e9e en raison d&rsquo;une incapacit\u00e9 permanente \u00e0 travailler, tandis que l&rsquo;arr\u00eat maladie concerne une incapacit\u00e9 temporaire. Lorsqu&rsquo;une personne per\u00e7oit d\u00e9j\u00e0 une pension d&rsquo;invalidit\u00e9 et se retrouve en arr\u00eat maladie pour une nouvelle pathologie ou une aggravation de son \u00e9tat de sant\u00e9, elle peut percevoir \u00e0 la fois sa pension d&rsquo;invalidit\u00e9 et des indemnit\u00e9s journali\u00e8res.<\/p>\n<h2><strong>Conditions sp\u00e9cifiques<\/strong><\/h2>\n<p>Pour que ce cumul soit valide, l\u2019arr\u00eat maladie doit \u00eatre d\u00fb \u00e0 une condition de sant\u00e9 distincte ou \u00e0 une aggravation significative de la condition existante qui n&rsquo;est pas d\u00e9j\u00e0 prise en compte par la pension d&rsquo;invalidit\u00e9. Par exemple, si une personne b\u00e9n\u00e9ficiaire d&rsquo;une pension d&rsquo;invalidit\u00e9 pour une invalidit\u00e9 permanente due \u00e0 un accident se retrouve en arr\u00eat maladie \u00e0 cause d&rsquo;une infection ou d&rsquo;une autre maladie non li\u00e9e \u00e0 l&rsquo;accident, elle pourra recevoir des indemnit\u00e9s journali\u00e8res sans que cela affecte sa pension d\u2019invalidit\u00e9.<\/p>\n<div class='cta-block'><div class='text'>Simulez toutes vos aides en 2 min.<\/div><a href='https:\/\/www.mes-allocs.fr\/ab-app?origin=guides\/wp-json\/wp\/v2\/posts\/81905' class='app-button fit'>Simulation gratuite<\/a><\/div>\n<h1><strong>Calcul et impact des indemnit\u00e9s journali\u00e8res sur la pension d&rsquo;invalidit\u00e9<\/strong><\/h1>\n<h2><strong>Calcul des indemnit\u00e9s journali\u00e8res<\/strong><\/h2>\n<p>Les indemnit\u00e9s journali\u00e8res pour arr\u00eat maladie sont calcul\u00e9es en fonction du salaire brut per\u00e7u avant l\u2019arr\u00eat de travail. Elles sont g\u00e9n\u00e9ralement \u00e9gales \u00e0 un pourcentage de ce salaire et sont vers\u00e9es pour compenser la perte de revenus pendant la p\u00e9riode d\u2019arr\u00eat maladie. En parall\u00e8le, la pension d&rsquo;invalidit\u00e9 continue d&rsquo;\u00eatre vers\u00e9e pour compenser la perte de capacit\u00e9 de travail permanente. Il est important de noter que les indemnit\u00e9s journali\u00e8res ne se substituent pas \u00e0 la pension d&rsquo;invalidit\u00e9 mais viennent en compl\u00e9ment pour la p\u00e9riode d&rsquo;incapacit\u00e9 temporaire.<\/p>\n<h2><strong>Ajustements potentiels<\/strong><\/h2>\n<p>Dans certains cas, les indemnit\u00e9s journali\u00e8res peuvent \u00eatre ajust\u00e9es si la pension d&rsquo;invalidit\u00e9 est consid\u00e9r\u00e9e comme un revenu de remplacement. Les caisses d&rsquo;assurance maladie peuvent r\u00e9\u00e9valuer le montant des indemnit\u00e9s journali\u00e8res en tenant compte de la pension d&rsquo;invalidit\u00e9 per\u00e7ue. Toutefois, cela ne signifie pas que la pension d&rsquo;invalidit\u00e9 sera modifi\u00e9e ; les deux prestations sont trait\u00e9es s\u00e9par\u00e9ment, mais leur cumul peut avoir des implications sur le montant total des indemnit\u00e9s journali\u00e8res vers\u00e9es.<\/p>\n<h1><strong>D\u00e9marches administratives n\u00e9cessaires<\/strong><\/h1>\n<h2><strong>D\u00e9claration de l&rsquo;arr\u00eat maladie<\/strong><\/h2>\n<p>Lorsqu\u2019une personne percevant une pension d\u2019invalidit\u00e9 se retrouve en arr\u00eat maladie, il est imp\u00e9ratif de d\u00e9clarer cet arr\u00eat \u00e0 la caisse d\u2019assurance maladie. La d\u00e9claration doit inclure les certificats m\u00e9dicaux attestant de l\u2019incapacit\u00e9 de travailler ainsi que toute autre documentation requise. Cette d\u00e9marche est essentielle pour garantir le versement des indemnit\u00e9s journali\u00e8res et pour assurer une gestion correcte des prestations.<\/p>\n<h2><strong>Coordination entre les organismes<\/strong><\/h2>\n<p>Il est \u00e9galement important d\u2019informer la caisse d\u2019invalidit\u00e9 de la situation d&rsquo;arr\u00eat maladie. Cette coordination entre les organismes assure une gestion coh\u00e9rente des prestations et \u00e9vite les risques de double paiement ou de remboursements indus. En cas de doute, il est conseill\u00e9 de contacter les services administratifs pour obtenir des pr\u00e9cisions sur les proc\u00e9dures \u00e0 suivre.<\/p>\n<div class=\"flex max-w-full flex-col flex-grow\">\n<div class=\"min-h-[20px] text-message flex w-full flex-col items-end gap-2 break-words [.text-message+&amp;]:mt-5 overflow-x-auto whitespace-normal\" dir=\"auto\" data-message-author-role=\"assistant\" data-message-id=\"9d11e2b7-e487-4c90-b316-12a3c870e624\">\n<div class=\"flex w-full flex-col gap-1 empty:hidden first:pt-[3px]\">\n<div class=\"markdown prose w-full break-words dark:prose-invert dark\">\n<h1><strong>Sanctions et cons\u00e9quences de la non-d\u00e9claration<\/strong><\/h1>\n<h2><strong>Sanctions administratives<\/strong><\/h2>\n<p>La non-d\u00e9claration d\u2019un arr\u00eat maladie tout en percevant une pension d&rsquo;invalidit\u00e9 peut entra\u00eener diverses sanctions administratives. Les organismes sociaux peuvent demander le remboursement des prestations ind\u00fbment per\u00e7ues ou appliquer des p\u00e9nalit\u00e9s financi\u00e8res. Une omission ou une d\u00e9claration incorrecte peut \u00e9galement entra\u00eener des complications dans la gestion des droits et des prestations.<\/p>\n<h2><strong>Cons\u00e9quences financi\u00e8res<\/strong><\/h2>\n<p>En plus des sanctions administratives, la non-d\u00e9claration peut avoir des cons\u00e9quences financi\u00e8res significatives. Les indemnit\u00e9s journali\u00e8res non d\u00e9clar\u00e9es peuvent ne pas \u00eatre vers\u00e9es, ou leur montant peut \u00eatre r\u00e9ajust\u00e9 en fonction des prestations d\u00e9j\u00e0 per\u00e7ues. Il est donc crucial de suivre les proc\u00e9dures de d\u00e9claration pour \u00e9viter des impacts n\u00e9gatifs sur les finances personnelles.<\/p>\n<p><iframe loading=\"lazy\" title=\"La pension d&#039;invalidit\u00e9\" width=\"500\" height=\"281\" src=\"https:\/\/www.youtube.com\/embed\/_UJaa1UDtZs?feature=oembed\" frameborder=\"0\" allow=\"accelerometer; autoplay; clipboard-write; encrypted-media; gyroscope; picture-in-picture; web-share\" referrerpolicy=\"strict-origin-when-cross-origin\" allowfullscreen><\/iframe><\/p>\n<h1><strong>Impact sur les droits \u00e0 d\u2019autres prestations<\/strong><\/h1>\n<h2>Cumul avec d&rsquo;autres aides<\/h2>\n<p><strong>1. Impact sur les aides sociales<\/strong><\/p>\n<p>La perception d\u2019une pension d\u2019invalidit\u00e9 et d\u2019indemnit\u00e9s journali\u00e8res peut influencer le montant et l\u2019\u00e9ligibilit\u00e9 \u00e0 d&rsquo;autres aides sociales. En g\u00e9n\u00e9ral, ces aides sont calcul\u00e9es en fonction des revenus totaux du foyer, qui incluent \u00e0 la fois la pension d&rsquo;invalidit\u00e9 et les indemnit\u00e9s journali\u00e8res. Voici quelques exemples de la mani\u00e8re dont ces aides peuvent \u00eatre affect\u00e9es :<\/p>\n<ul>\n<li><strong>Allocation de Solidarit\u00e9 aux Personnes \u00c2g\u00e9es (ASPA)<\/strong> : l\u2019ASPA est une aide destin\u00e9e \u00e0 garantir un revenu minimum aux personnes \u00e2g\u00e9es ayant de faibles ressources. Lorsque vous percevez une pension d\u2019invalidit\u00e9 et des indemnit\u00e9s journali\u00e8res, ces revenus sont pris en compte dans le calcul de vos ressources. Si votre revenu total d\u00e9passe le plafond fix\u00e9 pour l&rsquo;ASPA, votre droit \u00e0 cette allocation peut \u00eatre r\u00e9duit ou supprim\u00e9.<\/li>\n<li><strong>Aide Personnalis\u00e9e au Logement (APL)<\/strong> : les APL sont accord\u00e9es en fonction des revenus du foyer. Les indemnit\u00e9s journali\u00e8res per\u00e7ues peuvent augmenter votre revenu total, ce qui pourrait affecter le montant de l\u2019APL auquel vous avez droit. Il est important de d\u00e9clarer ces indemnit\u00e9s \u00e0 la Caisse d\u2019Allocations Familiales (CAF) pour ajuster correctement le montant de l\u2019aide au logement.<\/li>\n<li><strong>Revenu de Solidarit\u00e9 Active (RSA)<\/strong> : comme pour les autres aides, le RSA prend en compte l&rsquo;ensemble des ressources du foyer. La pension d&rsquo;invalidit\u00e9 et les indemnit\u00e9s journali\u00e8res s&rsquo;ajoutent aux autres revenus, et peuvent influencer le montant du RSA que vous pouvez recevoir.<\/li>\n<\/ul>\n<p><strong>2. Ajustements possibles<\/strong><\/p>\n<p>Les organismes de prestations sociales peuvent ajuster le montant des aides en fonction des revenus d\u00e9clar\u00e9s. Si vous commencez \u00e0 percevoir des indemnit\u00e9s journali\u00e8res en plus de votre pension d&rsquo;invalidit\u00e9, il est crucial de mettre \u00e0 jour vos informations aupr\u00e8s des organismes concern\u00e9s pour \u00e9viter des paiements indus ou des ajustements r\u00e9troactifs. En cas de non-d\u00e9claration ou de d\u00e9claration incorrecte, des d\u00e9marches administratives peuvent \u00eatre n\u00e9cessaires pour rectifier la situation.<\/p>\n<h2>Effets sur les prestations futures<\/h2>\n<p><strong>1. R\u00e9\u00e9valuation des droits<\/strong><\/p>\n<p>Le cumul de la pension d\u2019invalidit\u00e9 avec des indemnit\u00e9s journali\u00e8res n&rsquo;affecte g\u00e9n\u00e9ralement pas vos droits futurs \u00e0 la pension d&rsquo;invalidit\u00e9 elle-m\u00eame ou \u00e0 d&rsquo;autres prestations tant que les d\u00e9clarations sont correctement effectu\u00e9es. Cependant, plusieurs aspects doivent \u00eatre pris en compte :<\/p>\n<ul>\n<li><strong>R\u00e9visions de la pension d\u2019invalidit\u00e9<\/strong> : lorsque vous percevez des indemnit\u00e9s journali\u00e8res, il peut y avoir une r\u00e9\u00e9valuation de votre pension d&rsquo;invalidit\u00e9 si ces indemnit\u00e9s sont li\u00e9es \u00e0 une aggravation de votre \u00e9tat de sant\u00e9 ou \u00e0 une condition distincte de celle qui justifie votre pension d\u2019invalidit\u00e9. Cette r\u00e9\u00e9valuation peut affecter le montant de votre pension si l&rsquo;organisme de s\u00e9curit\u00e9 sociale consid\u00e8re que votre \u00e9tat de sant\u00e9 a chang\u00e9.<\/li>\n<li><strong>Demandes de nouvelles prestations<\/strong> : si vous demandez de nouvelles prestations sociales ou des ajustements \u00e0 des prestations existantes, comme l\u2019ASPA ou l\u2019APL, les indemnit\u00e9s journali\u00e8res et la pension d\u2019invalidit\u00e9 seront prises en compte dans le calcul des droits. Il est essentiel de fournir des informations compl\u00e8tes et pr\u00e9cises pour \u00e9viter des complications ou des refus.<\/li>\n<\/ul>\n<p><strong>2. Implications fiscales<\/strong><\/p>\n<p>Les revenus combin\u00e9s de la pension d&rsquo;invalidit\u00e9 et des indemnit\u00e9s journali\u00e8res peuvent avoir des implications fiscales, notamment pour la d\u00e9claration de revenus. Ces revenus peuvent influencer le montant des imp\u00f4ts \u00e0 payer, en fonction des seuils d&rsquo;imposition et des d\u00e9ductions applicables. Il est recommand\u00e9 de consulter un conseiller fiscal pour g\u00e9rer au mieux les aspects fiscaux de votre situation.<\/p>\n<p>Bon \u00e0 savoir : les <a href=\"https:\/\/www.mes-allocs.fr\/guides\/pension-invalidite\/cumul-pension-invalidite\/caf-pension-invalidite\/\">aides CAF et la pension d&rsquo;invalidit\u00e9<\/a> sont cumulables. Simulez d\u00e8s maintenant vos droits !<\/p>\n<\/div>\n<\/div>\n<\/div>\n<\/div>\n<div class=\"mt-1 flex gap-3 empty:hidden -ml-2\">\n<div class=\"items-center justify-start rounded-xl p-1 flex\">\n<div class=\"flex items-center\">\n<div class=\"flex items-center pb-0\">\n<div class=\"[&amp;_svg]:h-full [&amp;_svg]:w-full icon-md h-4 w-4\"><div class='cta-block'><div class='text'>Simulez toutes vos aides en 2 min.<\/div><a href='https:\/\/www.mes-allocs.fr\/ab-app?origin=guides\/wp-json\/wp\/v2\/posts\/81905' class='app-button fit'>Simulation gratuite<\/a><\/div><\/div>\n<\/div>\n<\/div>\n<\/div>\n<\/div>\n","protected":false},"excerpt":{"rendered":"<p>Le cumul d&rsquo;une pension d&rsquo;invalidit\u00e9 avec un arr\u00eat maladie est une question complexe qui m\u00e9rite une attention particuli\u00e8re. En France, la pension d\u2019invalidit\u00e9 est accord\u00e9e aux personnes dont la capacit\u00e9 de travail est r\u00e9duite de mani\u00e8re significative en raison d&rsquo;une maladie ou d\u2019un accident. Lorsqu&rsquo;un individu d\u00e9j\u00e0 en pension d&rsquo;invalidit\u00e9 rencontre une nouvelle maladie ou [&hellip;]<\/p>\n","protected":false},"author":26,"featured_media":73588,"comment_status":"open","ping_status":"open","sticky":false,"template":"","format":"standard","meta":{"amp_status":"","footnotes":""},"categories":[37397,35633],"tags":[],"class_list":["post-81905","post","type-post","status-publish","format-standard","has-post-thumbnail","hentry","category-cumul-pension-invalidite","category-pension-invalidite"],"yoast_head":"<!-- This site is optimized with the Yoast SEO plugin v14.9 - https:\/\/yoast.com\/wordpress\/plugins\/seo\/ -->\n<title>Cumul pension d&#039;invalidit\u00e9 et arr\u00eat maladie : conditions et implications<\/title>\n<meta name=\"description\" content=\"Le cumul d&#039;une pension d&#039;invalidit\u00e9 avec un arr\u00eat maladie est une question complexe qui m\u00e9rite une attention particuli\u00e8re.\" \/>\n<meta name=\"robots\" content=\"index, follow, max-snippet:-1, max-image-preview:large, max-video-preview:-1\" \/>\n<link rel=\"canonical\" href=\"https:\/\/www.mes-allocs.fr\/guides\/pension-invalidite\/cumul-pension-invalidite\/pension-invalidite-et-arret-maladie\/\" \/>\n<meta property=\"og:locale\" content=\"fr_FR\" \/>\n<meta property=\"og:type\" content=\"article\" \/>\n<meta property=\"og:title\" content=\"Cumul pension d&#039;invalidit\u00e9 et arr\u00eat maladie : conditions et implications\" \/>\n<meta property=\"og:description\" content=\"Le cumul d&#039;une pension d&#039;invalidit\u00e9 avec un arr\u00eat maladie est une question complexe qui m\u00e9rite une attention particuli\u00e8re.\" \/>\n<meta property=\"og:url\" content=\"https:\/\/www.mes-allocs.fr\/guides\/pension-invalidite\/cumul-pension-invalidite\/pension-invalidite-et-arret-maladie\/\" \/>\n<meta property=\"og:site_name\" content=\"Mes-Allocs.fr\" \/>\n<meta property=\"article:published_time\" content=\"2024-08-30T15:17:41+00:00\" \/>\n<meta property=\"article:modified_time\" content=\"2026-04-22T09:51:57+00:00\" \/>\n<meta property=\"og:image\" content=\"https:\/\/www.mes-allocs.fr\/guides\/wp-content\/uploads\/2024\/01\/sick-841165_1280.jpg?wsr\" \/>\n\t<meta property=\"og:image:width\" content=\"1280\" \/>\n\t<meta property=\"og:image:height\" content=\"853\" \/>\n<meta name=\"twitter:card\" content=\"summary_large_image\" \/>\n<script type=\"application\/ld+json\" class=\"yoast-schema-graph\">{\"@context\":\"https:\/\/schema.org\",\"@graph\":[{\"@type\":\"WebSite\",\"@id\":\"https:\/\/www.mes-allocs.fr\/guides\/#website\",\"url\":\"https:\/\/www.mes-allocs.fr\/guides\/\",\"name\":\"Mes-Allocs.fr\",\"description\":\"\",\"potentialAction\":[{\"@type\":\"SearchAction\",\"target\":\"https:\/\/www.mes-allocs.fr\/guides\/?s={search_term_string}\",\"query-input\":\"required name=search_term_string\"}],\"inLanguage\":\"fr-FR\"},{\"@type\":\"ImageObject\",\"@id\":\"https:\/\/www.mes-allocs.fr\/guides\/pension-invalidite\/cumul-pension-invalidite\/pension-invalidite-et-arret-maladie\/#primaryimage\",\"inLanguage\":\"fr-FR\",\"url\":\"https:\/\/www.mes-allocs.fr\/guides\/wp-content\/uploads\/2024\/01\/sick-841165_1280.jpg?wsr\",\"width\":1280,\"height\":853,\"caption\":\"pension invalidit\\u00e9 et arret maladie\"},{\"@type\":\"WebPage\",\"@id\":\"https:\/\/www.mes-allocs.fr\/guides\/pension-invalidite\/cumul-pension-invalidite\/pension-invalidite-et-arret-maladie\/#webpage\",\"url\":\"https:\/\/www.mes-allocs.fr\/guides\/pension-invalidite\/cumul-pension-invalidite\/pension-invalidite-et-arret-maladie\/\",\"name\":\"Cumul pension d'invalidit\\u00e9 et arr\\u00eat maladie : conditions et implications\",\"isPartOf\":{\"@id\":\"https:\/\/www.mes-allocs.fr\/guides\/#website\"},\"primaryImageOfPage\":{\"@id\":\"https:\/\/www.mes-allocs.fr\/guides\/pension-invalidite\/cumul-pension-invalidite\/pension-invalidite-et-arret-maladie\/#primaryimage\"},\"datePublished\":\"2024-08-30T15:17:41+00:00\",\"dateModified\":\"2026-04-22T09:51:57+00:00\",\"author\":{\"@id\":\"https:\/\/www.mes-allocs.fr\/guides\/#\/schema\/person\/9c38f3be41a0ddcd1e3fde5a3df713bf\"},\"description\":\"Le cumul d'une pension d'invalidit\\u00e9 avec un arr\\u00eat maladie est une question complexe qui m\\u00e9rite une attention particuli\\u00e8re.\",\"inLanguage\":\"fr-FR\"},{\"@type\":\"Person\",\"@id\":\"https:\/\/www.mes-allocs.fr\/guides\/#\/schema\/person\/9c38f3be41a0ddcd1e3fde5a3df713bf\",\"name\":\"Sessime Ananou\",\"image\":{\"@type\":\"ImageObject\",\"@id\":\"https:\/\/www.mes-allocs.fr\/guides\/#personlogo\",\"inLanguage\":\"fr-FR\",\"url\":\"https:\/\/www.mes-allocs.fr\/guides\/wp-content\/uploads\/2023\/08\/IMG_8173-150x150.jpg\",\"caption\":\"Sessime Ananou\"},\"description\":\"Sessime est r\\u00e9dactrice chez Mes Allocs, sp\\u00e9cialis\\u00e9e sur le pouvoir d'achat. Elle rejoint l'\\u00e9quipe Mes Allocs en ao\\u00fbt 2023 afin de simplifier l'acc\\u00e8s \\u00e0 l'information sur les aides en g\\u00e9n\\u00e9ral.\"}]}<\/script>\n<!-- \/ Yoast SEO plugin. -->","amp_validity":null,"acf":{"faq":{"1":{"question":" Peut-on cumuler une pension d'invalidit\u00e9 avec un arr\u00eat maladie ?","answer":"Oui, il est possible de cumuler une pension d\u2019invalidit\u00e9 avec un arr\u00eat maladie, mais cela d\u00e9pend de la situation sp\u00e9cifique de l\u2019individu et de l\u2019\u00e9volution de son \u00e9tat de sant\u00e9. La pension d\u2019invalidit\u00e9 est destin\u00e9e \u00e0 compenser une incapacit\u00e9 permanente, tandis que l\u2019arr\u00eat maladie vise \u00e0 couvrir une incapacit\u00e9 temporaire. Si un assur\u00e9 est d\u00e9j\u00e0 en pension d\u2019invalidit\u00e9 et se retrouve en arr\u00eat maladie en raison d\u2019une nouvelle condition ou d'une aggravation de son \u00e9tat, il peut percevoir \u00e0 la fois la pension d\u2019invalidit\u00e9 et les indemnit\u00e9s journali\u00e8res pour arr\u00eat maladie, sous certaines conditions."},"2":{"question":"Quelles sont les conditions pour cumuler ces deux prestations ?","answer":"Pour cumuler une pension d\u2019invalidit\u00e9 et des indemnit\u00e9s journali\u00e8res pour arr\u00eat maladie, il faut que l\u2019arr\u00eat maladie soit d\u00fb \u00e0 une nouvelle pathologie ou \u00e0 une aggravation de l\u2019\u00e9tat de sant\u00e9 qui n\u2019\u00e9tait pas d\u00e9j\u00e0 couvert par la pension d\u2019invalidit\u00e9. La pension d'invalidit\u00e9 est g\u00e9n\u00e9ralement maintenue pendant la p\u00e9riode d'arr\u00eat maladie. Cependant, les indemnit\u00e9s journali\u00e8res pour arr\u00eat maladie peuvent \u00eatre r\u00e9duites ou suspendues si la pension d'invalidit\u00e9 est consid\u00e9r\u00e9e comme \u00e9quivalente \u00e0 un revenu de remplacement."},"3":{"question":"Comment les indemnit\u00e9s journali\u00e8res sont-elles calcul\u00e9es lorsqu'on per\u00e7oit d\u00e9j\u00e0 une pension d'invalidit\u00e9 ?","answer":"Les indemnit\u00e9s journali\u00e8res pour arr\u00eat maladie sont calcul\u00e9es en fonction du salaire ant\u00e9rieur \u00e0 l\u2019arr\u00eat de travail et de la dur\u00e9e de l\u2019arr\u00eat maladie. Si vous percevez d\u00e9j\u00e0 une pension d'invalidit\u00e9, les indemnit\u00e9s journali\u00e8res peuvent \u00eatre ajust\u00e9es. En g\u00e9n\u00e9ral, la pension d'invalidit\u00e9 ne modifie pas le calcul des indemnit\u00e9s journali\u00e8res, mais des ajustements peuvent \u00eatre faits si le cumul d\u00e9passe un certain plafond ou si les indemnit\u00e9s journali\u00e8res sont consid\u00e9r\u00e9es comme un revenu suppl\u00e9mentaire."},"4":{"question":"Les indemnit\u00e9s journali\u00e8res peuvent-elles remplacer la pension d'invalidit\u00e9 pendant un arr\u00eat maladie ?","answer":"Non, les indemnit\u00e9s journali\u00e8res ne remplacent pas la pension d\u2019invalidit\u00e9. En cas d\u2019arr\u00eat maladie, les indemnit\u00e9s journali\u00e8res sont vers\u00e9es en plus de la pension d\u2019invalidit\u00e9, sauf si elles sont destin\u00e9es \u00e0 compenser la m\u00eame incapacit\u00e9 ou si les montants combin\u00e9s d\u00e9passent les plafonds pr\u00e9vus. La pension d\u2019invalidit\u00e9 continue \u00e0 \u00eatre vers\u00e9e pour compenser la perte de capacit\u00e9 de travail permanente, tandis que les indemnit\u00e9s journali\u00e8res couvrent la perte de revenu temporaire due \u00e0 l\u2019arr\u00eat maladie."},"5":{"question":"Quelles d\u00e9marches doivent \u00eatre effectu\u00e9es pour cumuler ces deux prestations ?","answer":"Il est important de signaler \u00e0 votre caisse d\u2019assurance maladie votre situation de cumul d\u00e8s que vous vous retrouvez en arr\u00eat maladie tout en percevant une pension d\u2019invalidit\u00e9. Vous devrez fournir les certificats m\u00e9dicaux n\u00e9cessaires et toute documentation requise pour justifier de votre \u00e9tat de sant\u00e9 et de la n\u00e9cessit\u00e9 de l\u2019arr\u00eat maladie. Vous devez \u00e9galement informer votre caisse d\u2019invalidit\u00e9 de l\u2019arr\u00eat maladie pour assurer une gestion correcte de vos prestations."},"6":{"question":"Quelles sont les cons\u00e9quences de la non-d\u00e9claration d\u2019un arr\u00eat maladie tout en percevant une pension d\u2019invalidit\u00e9 ?","answer":"La non-d\u00e9claration d'un arr\u00eat maladie peut entra\u00eener des cons\u00e9quences telles que le remboursement des prestations ind\u00fbment per\u00e7ues ou des sanctions financi\u00e8res. En ne signalant pas un arr\u00eat maladie, vous risquez de ne pas recevoir les indemnit\u00e9s journali\u00e8res auxquelles vous pourriez avoir droit, ou pire, de voir votre pension d\u2019invalidit\u00e9 r\u00e9\u00e9valu\u00e9e de mani\u00e8re d\u00e9favorable. Il est donc crucial de faire toutes les d\u00e9clarations n\u00e9cessaires en temps voulu pour \u00e9viter des complications administratives et financi\u00e8res."},"7":{"question":"","answer":""},"8":{"question":"","answer":""},"9":{"question":"","answer":""},"10":{"question":"","answer":""},"11":{"question":"","answer":""},"12":{"question":"","answer":""},"13":{"question":"","answer":""},"14":{"question":"","answer":""},"15":{"question":"","answer":""},"16":{"question":"","answer":""}}},"_links":{"self":[{"href":"https:\/\/www.mes-allocs.fr\/guides\/wp-json\/wp\/v2\/posts\/81905","targetHints":{"allow":["GET"]}}],"collection":[{"href":"https:\/\/www.mes-allocs.fr\/guides\/wp-json\/wp\/v2\/posts"}],"about":[{"href":"https:\/\/www.mes-allocs.fr\/guides\/wp-json\/wp\/v2\/types\/post"}],"author":[{"embeddable":true,"href":"https:\/\/www.mes-allocs.fr\/guides\/wp-json\/wp\/v2\/users\/26"}],"replies":[{"embeddable":true,"href":"https:\/\/www.mes-allocs.fr\/guides\/wp-json\/wp\/v2\/comments?post=81905"}],"version-history":[{"count":4,"href":"https:\/\/www.mes-allocs.fr\/guides\/wp-json\/wp\/v2\/posts\/81905\/revisions"}],"predecessor-version":[{"id":94221,"href":"https:\/\/www.mes-allocs.fr\/guides\/wp-json\/wp\/v2\/posts\/81905\/revisions\/94221"}],"wp:featuredmedia":[{"embeddable":true,"href":"https:\/\/www.mes-allocs.fr\/guides\/wp-json\/wp\/v2\/media\/73588"}],"wp:attachment":[{"href":"https:\/\/www.mes-allocs.fr\/guides\/wp-json\/wp\/v2\/media?parent=81905"}],"wp:term":[{"taxonomy":"category","embeddable":true,"href":"https:\/\/www.mes-allocs.fr\/guides\/wp-json\/wp\/v2\/categories?post=81905"},{"taxonomy":"post_tag","embeddable":true,"href":"https:\/\/www.mes-allocs.fr\/guides\/wp-json\/wp\/v2\/tags?post=81905"}],"curies":[{"name":"wp","href":"https:\/\/api.w.org\/{rel}","templated":true}]}}