{"id":81902,"date":"2024-08-30T16:26:47","date_gmt":"2024-08-30T14:26:47","guid":{"rendered":"https:\/\/www.mes-allocs.fr\/guides\/?p=81902"},"modified":"2026-04-22T10:51:57","modified_gmt":"2026-04-22T09:51:57","slug":"apl-et-pension-invalidite","status":"publish","type":"post","link":"https:\/\/www.mes-allocs.fr\/guides\/pension-invalidite\/cumul-pension-invalidite\/caf-et-pension-invalidite\/apl-et-pension-invalidite\/","title":{"rendered":"Cumul APL et pension d&rsquo;invalidit\u00e9 : conditions, montants et d\u00e9marches"},"content":{"rendered":"<p><img loading=\"lazy\" decoding=\"async\" class=\"alignnone wp-image-50941 \" title=\"apl et pension invalidit\u00e9\" src=\"https:\/\/www.mes-allocs.fr\/guides\/wp-content\/uploads\/2022\/05\/Aide-au-demenagement-Mobili-Jeune2-e1725024096163.jpg\" alt=\"apl et pension invalidit\u00e9\" width=\"863\" height=\"213\" \/><\/p>\n<p><strong>Le cumul de l&rsquo;Allocation de Logement Sociale (APL) et de la <a href=\"https:\/\/www.mes-allocs.fr\/guides\/pension-invalidite\/\">pension d&rsquo;invalidit\u00e9<\/a> est une question importante pour les personnes invalides cherchant \u00e0 am\u00e9liorer leur situation financi\u00e8re tout en b\u00e9n\u00e9ficiant d&rsquo;une aide pour leur logement. La compatibilit\u00e9 entre ces deux aides d\u00e9pend de plusieurs facteurs, tels que les ressources du foyer, la cat\u00e9gorie d&rsquo;invalidit\u00e9 et les plafonds fix\u00e9s par la CAF. Il est essentiel de comprendre les conditions d&rsquo;\u00e9ligibilit\u00e9, les montants accord\u00e9s et les d\u00e9marches \u00e0 entreprendre pour b\u00e9n\u00e9ficier de ce cumul.<\/strong><\/p>\n<div class='cta-block'><div class='text'>Simulez toutes vos aides en 2 min.<\/div><a href='https:\/\/www.mes-allocs.fr\/ab-app?origin=guides\/wp-json\/wp\/v2\/posts\/81902' class='app-button fit'>Simulation gratuite<\/a><\/div>\n<h1><strong>Est-il possible de cumuler l&rsquo;APL et la pension d&rsquo;invalidit\u00e9 ?<\/strong><\/h1>\n<h2><strong>Les principes du cumul<\/strong><\/h2>\n<p>Il est tout \u00e0 fait possible de <a href=\"https:\/\/www.mes-allocs.fr\/guides\/pension-invalidite\/cumul-pension-invalidite\/\">cumuler la pension d\u2019invalidit\u00e9<\/a> et l&rsquo;APL. Le droit \u00e0 l&rsquo;APL est \u00e9valu\u00e9 en fonction des ressources globales du foyer, qui incluent la pension d\u2019invalidit\u00e9 per\u00e7ue par la personne concern\u00e9e. Toutefois, ce cumul est soumis \u00e0 certaines conditions de ressources et d\u00e9pend \u00e9galement de la composition du foyer ainsi que du montant de la pension.<\/p>\n<h2><strong>Conditions sp\u00e9cifiques<\/strong><\/h2>\n<p>Les conditions pour pouvoir b\u00e9n\u00e9ficier du cumul reposent principalement sur des crit\u00e8res de ressources. Si le revenu global du foyer (y compris la pension d&rsquo;invalidit\u00e9) est inf\u00e9rieur aux seuils fix\u00e9s par la CAF, alors l&rsquo;individu peut pr\u00e9tendre \u00e0 l&rsquo;APL. \u00c0 ce titre, la pension d\u2019invalidit\u00e9 est per\u00e7ue comme un revenu, mais des ajustements sont faits pour tenir compte de la sp\u00e9cificit\u00e9 de cette aide.<\/p>\n<p>D\u00e9couvrez comment cumuler <a href=\"https:\/\/www.mes-allocs.fr\/guides\/pension-invalidite\/cumul-pension-invalidite\/caf-pension-invalidite\/\">CAF et pension d&rsquo;invalidit\u00e9<\/a> !<\/p>\n<div class='cta-block'><div class='text'>Simulez toutes vos aides en 2 min.<\/div><a href='https:\/\/www.mes-allocs.fr\/ab-app?origin=guides\/wp-json\/wp\/v2\/posts\/81902' class='app-button fit'>Simulation gratuite<\/a><\/div>\n<h1><strong>Quels sont les montants d&rsquo;APL cumulables avec une pension d&rsquo;invalidit\u00e9 ?<\/strong><\/h1>\n<h2><strong>Montants standards de l\u2019APL<\/strong><\/h2>\n<p>Le montant de l&rsquo;APL varie selon les situations. En g\u00e9n\u00e9ral, pour les personnes en situation de handicap ou d\u2019invalidit\u00e9, l\u2019APL peut aller de 100 \u20ac \u00e0 350 \u20ac par mois, en fonction des revenus du foyer, du montant du loyer, du nombre de personnes \u00e0 charge et de la zone g\u00e9ographique. Le montant est calcul\u00e9 selon un bar\u00e8me pr\u00e9cis, qui prend en compte le niveau de vie dans la r\u00e9gion et les revenus per\u00e7us.<\/p>\n<h2><strong>Ajustements li\u00e9s \u00e0 la pension d&rsquo;invalidit\u00e9<\/strong><\/h2>\n<p>Lorsque l\u2019on per\u00e7oit une pension d\u2019invalidit\u00e9, cette somme est prise en compte dans le calcul des ressources globales du m\u00e9nage. Cela signifie que plus la pension est \u00e9lev\u00e9e, moins le montant de l&rsquo;APL sera important. Toutefois, certaines aides ou compl\u00e9ments de ressources peuvent \u00eatre partiellement exclus du calcul pour ne pas p\u00e9naliser les personnes d\u00e9j\u00e0 en situation difficile.<\/p>\n<h1><strong>Quelles d\u00e9marches effectuer pour b\u00e9n\u00e9ficier de l&rsquo;APL et de la pension d&rsquo;invalidit\u00e9 ?<\/strong><\/h1>\n<h2><strong>Demande d&rsquo;APL<\/strong><\/h2>\n<p>Pour b\u00e9n\u00e9ficier de l&rsquo;APL tout en \u00e9tant titulaire d&rsquo;une pension d&rsquo;invalidit\u00e9, il est n\u00e9cessaire de faire une demande aupr\u00e8s de la CAF. Cette demande peut se faire en ligne via le site officiel de la CAF, o\u00f9 il est possible de simuler le montant de l&rsquo;APL auquel on pourrait avoir droit. Les pi\u00e8ces justificatives \u00e0 fournir incluent notamment le montant de la pension d&rsquo;invalidit\u00e9, les relev\u00e9s de ressources et des justificatifs de logement (bail, quittances de loyer, etc.).<\/p>\n<h2><strong>Actualisation des ressources aupr\u00e8s de la CAF<\/strong><\/h2>\n<p>L\u2019un des aspects essentiels pour b\u00e9n\u00e9ficier de l\u2019APL est de maintenir \u00e0 jour ses informations aupr\u00e8s de la CAF. Cela signifie qu\u2019\u00e0 chaque changement de revenu ou de situation (modification de la pension d\u2019invalidit\u00e9, changement d\u2019emploi, etc.), il est n\u00e9cessaire d\u2019actualiser ses informations. Si la personne ne le fait pas, elle risque de se voir demander un remboursement d\u2019aides ind\u00fbment per\u00e7ues, ou de perdre ses droits \u00e0 l&rsquo;APL.<\/p>\n<h1><strong>Quelles sont les obligations de d\u00e9claration lors du cumul APL et pension d&rsquo;invalidit\u00e9 ?<\/strong><\/h1>\n<h2><strong>D\u00e9claration des ressources<\/strong><\/h2>\n<p>Chaque ann\u00e9e, la CAF demande aux b\u00e9n\u00e9ficiaires de l\u2019APL de d\u00e9clarer leurs revenus pour actualiser leurs droits. Cette d\u00e9claration inclut la pension d\u2019invalidit\u00e9. Il est imp\u00e9ratif de ne pas oublier cette \u00e9tape, sous peine de voir ses droits suspendus ou r\u00e9\u00e9valu\u00e9s \u00e0 la baisse. Les erreurs de d\u00e9claration ou omissions peuvent entra\u00eener des sanctions financi\u00e8res ou des demandes de remboursement.<\/p>\n<h2><strong>Sanctions en cas de non-d\u00e9claration<\/strong><\/h2>\n<p>En cas de non-d\u00e9claration ou de fausse d\u00e9claration des ressources, la CAF peut proc\u00e9der \u00e0 des ajustements r\u00e9troactifs des aides vers\u00e9es. Cela peut inclure le remboursement des aides re\u00e7ues ou m\u00eame des p\u00e9nalit\u00e9s financi\u00e8res si une fraude est constat\u00e9e. Dans des cas plus graves, des sanctions administratives suppl\u00e9mentaires peuvent \u00eatre appliqu\u00e9es.<\/p>\n<p><iframe loading=\"lazy\" title=\"La pension d&#039;invalidit\u00e9\" width=\"500\" height=\"281\" src=\"https:\/\/www.youtube.com\/embed\/_UJaa1UDtZs?feature=oembed\" frameborder=\"0\" allow=\"accelerometer; autoplay; clipboard-write; encrypted-media; gyroscope; picture-in-picture; web-share\" referrerpolicy=\"strict-origin-when-cross-origin\" allowfullscreen><\/iframe><\/p>\n<h1><strong>Quelles sont les implications fiscales du cumul APL et pension d&rsquo;invalidit\u00e9 ?<\/strong><\/h1>\n<h2>I<strong>mpact fiscal du cumul<\/strong><\/h2>\n<p>Le cumul de l\u2019APL et de la pension d\u2019invalidit\u00e9 a \u00e9galement des implications fiscales. Bien que la pension d&rsquo;invalidit\u00e9 soit g\u00e9n\u00e9ralement exon\u00e9r\u00e9e d&rsquo;imp\u00f4ts sur le revenu, elle doit n\u00e9anmoins \u00eatre d\u00e9clar\u00e9e. L\u2019APL, quant \u00e0 elle, n\u2019est pas imposable, mais elle peut avoir un impact sur certaines aides ou exon\u00e9rations fiscales en fonction des ressources totales du foyer.<\/p>\n<h2><strong>Compatibilit\u00e9 avec d&rsquo;autres aides<\/strong><\/h2>\n<p>Il est possible de cumuler l&rsquo;APL et la pension d\u2019invalidit\u00e9 avec d\u2019autres aides sociales, comme l\u2019AAH (Allocation Adulte Handicap\u00e9). Cependant, chaque cumul doit respecter les plafonds de ressources. Une attention particuli\u00e8re doit \u00eatre port\u00e9e aux cons\u00e9quences fiscales, notamment en mati\u00e8re de d\u00e9clarations de revenus et de droits \u00e0 la r\u00e9version ou autres prestations sociales.<\/p>\n<h1><strong>Comment d\u00e9clarer le cumul de la pension d&rsquo;invalidit\u00e9 et des allocations logement ?<\/strong><\/h1>\n<h2><strong>D\u00e9marches aupr\u00e8s de la CAF<\/strong><\/h2>\n<p>Il est obligatoire d\u2019informer la CAF de la perception de la pension d\u2019invalidit\u00e9 lors de la demande d\u2019APL. Pour garantir une gestion correcte des aides, les b\u00e9n\u00e9ficiaires doivent fournir toutes les informations n\u00e9cessaires et respecter les proc\u00e9dures administratives mises en place. La non-d\u00e9claration de la pension d\u2019invalidit\u00e9 peut entra\u00eener des ajustements de droits.<\/p>\n<h2><strong>Les cons\u00e9quences en cas de non-d\u00e9claration<\/strong><\/h2>\n<p>En cas de non-d\u00e9claration des ressources, des sanctions peuvent \u00eatre appliqu\u00e9es. Cela peut inclure le remboursement de sommes per\u00e7ues ind\u00fbment et l\u2019application de p\u00e9nalit\u00e9s financi\u00e8res. De plus, la CAF peut r\u00e9\u00e9valuer les droits \u00e0 l&rsquo;APL de mani\u00e8re r\u00e9troactive.<\/p>\n<p>Le cumul de l&rsquo;APL et de la pension d&rsquo;invalidit\u00e9 est possible sous certaines conditions de ressources et d\u00e9pend des d\u00e9marches administratives effectu\u00e9es correctement. La CAF ajuste les montants en fonction des revenus globaux du foyer, incluant la pension d\u2019invalidit\u00e9, et chaque changement de situation doit \u00eatre imm\u00e9diatement signal\u00e9 pour \u00e9viter des sanctions. Le cumul permet aux personnes en situation d\u2019invalidit\u00e9 de b\u00e9n\u00e9ficier d\u2019une aide pr\u00e9cieuse pour all\u00e9ger les charges li\u00e9es au logement, mais il est crucial de bien comprendre les conditions et de respecter les obligations de d\u00e9claration.<\/p>\n<p>Vous \u00eates b\u00e9n\u00e9ficiaire d&rsquo;autres aides CAF ? D\u00e9couvrez notamment comment cumuler <a href=\"https:\/\/www.mes-allocs.fr\/guides\/pension-invalidite\/cumul-pension-invalidite\/rsa-pension-invalidite\/\">RSA et pension d&rsquo;invalidit\u00e9<\/a> !<\/p>\n<div class='cta-block'><div class='text'>Simulez toutes vos aides en 2 min.<\/div><a href='https:\/\/www.mes-allocs.fr\/ab-app?origin=guides\/wp-json\/wp\/v2\/posts\/81902' class='app-button fit'>Simulation gratuite<\/a><\/div>\n","protected":false},"excerpt":{"rendered":"<p>Le cumul de l&rsquo;Allocation de Logement Sociale (APL) et de la pension d&rsquo;invalidit\u00e9 est une question importante pour les personnes invalides cherchant \u00e0 am\u00e9liorer leur situation financi\u00e8re tout en b\u00e9n\u00e9ficiant d&rsquo;une aide pour leur logement. La compatibilit\u00e9 entre ces deux aides d\u00e9pend de plusieurs facteurs, tels que les ressources du foyer, la cat\u00e9gorie d&rsquo;invalidit\u00e9 et [&hellip;]<\/p>\n","protected":false},"author":26,"featured_media":46872,"comment_status":"open","ping_status":"open","sticky":false,"template":"","format":"standard","meta":{"amp_status":"","footnotes":""},"categories":[38738,37397,35633],"tags":[],"class_list":["post-81902","post","type-post","status-publish","format-standard","has-post-thumbnail","hentry","category-caf-et-pension-invalidite","category-cumul-pension-invalidite","category-pension-invalidite"],"yoast_head":"<!-- This site is optimized with the Yoast SEO plugin v14.9 - https:\/\/yoast.com\/wordpress\/plugins\/seo\/ -->\n<title>Cumul APL et pension d&#039;invalidit\u00e9 : conditions, montants et d\u00e9marches<\/title>\n<meta name=\"description\" content=\"Le cumul de l&#039;Allocation de Logement Sociale (APL) et de la pension d&#039;invalidit\u00e9 est une question importante pour les personnes invalides.\" \/>\n<meta name=\"robots\" content=\"index, follow, max-snippet:-1, max-image-preview:large, max-video-preview:-1\" \/>\n<link rel=\"canonical\" href=\"https:\/\/www.mes-allocs.fr\/guides\/pension-invalidite\/cumul-pension-invalidite\/caf-et-pension-invalidite\/apl-et-pension-invalidite\/\" \/>\n<meta property=\"og:locale\" content=\"fr_FR\" \/>\n<meta property=\"og:type\" content=\"article\" \/>\n<meta property=\"og:title\" content=\"Cumul APL et pension d&#039;invalidit\u00e9 : conditions, montants et d\u00e9marches\" \/>\n<meta property=\"og:description\" content=\"Le cumul de l&#039;Allocation de Logement Sociale (APL) et de la pension d&#039;invalidit\u00e9 est une question importante pour les personnes invalides.\" \/>\n<meta property=\"og:url\" content=\"https:\/\/www.mes-allocs.fr\/guides\/pension-invalidite\/cumul-pension-invalidite\/caf-et-pension-invalidite\/apl-et-pension-invalidite\/\" \/>\n<meta property=\"og:site_name\" content=\"Mes-Allocs.fr\" \/>\n<meta property=\"article:published_time\" content=\"2024-08-30T14:26:47+00:00\" \/>\n<meta property=\"article:modified_time\" content=\"2026-04-22T09:51:57+00:00\" \/>\n<meta property=\"og:image\" content=\"https:\/\/www.mes-allocs.fr\/guides\/wp-content\/uploads\/2022\/03\/pexels-cottonbro-4554249-1-scaled-e1647528541512.jpg?wsr\" \/>\n\t<meta property=\"og:image:width\" content=\"1708\" \/>\n\t<meta property=\"og:image:height\" content=\"1433\" \/>\n<meta name=\"twitter:card\" content=\"summary_large_image\" \/>\n<script type=\"application\/ld+json\" class=\"yoast-schema-graph\">{\"@context\":\"https:\/\/schema.org\",\"@graph\":[{\"@type\":\"WebSite\",\"@id\":\"https:\/\/www.mes-allocs.fr\/guides\/#website\",\"url\":\"https:\/\/www.mes-allocs.fr\/guides\/\",\"name\":\"Mes-Allocs.fr\",\"description\":\"\",\"potentialAction\":[{\"@type\":\"SearchAction\",\"target\":\"https:\/\/www.mes-allocs.fr\/guides\/?s={search_term_string}\",\"query-input\":\"required name=search_term_string\"}],\"inLanguage\":\"fr-FR\"},{\"@type\":\"ImageObject\",\"@id\":\"https:\/\/www.mes-allocs.fr\/guides\/pension-invalidite\/cumul-pension-invalidite\/caf-et-pension-invalidite\/apl-et-pension-invalidite\/#primaryimage\",\"inLanguage\":\"fr-FR\",\"url\":\"https:\/\/www.mes-allocs.fr\/guides\/wp-content\/uploads\/2022\/03\/pexels-cottonbro-4554249-1-scaled-e1647528541512.jpg?wsr\",\"width\":1708,\"height\":1433,\"caption\":\"apl et pension invalidit\\u00e9\"},{\"@type\":\"WebPage\",\"@id\":\"https:\/\/www.mes-allocs.fr\/guides\/pension-invalidite\/cumul-pension-invalidite\/caf-et-pension-invalidite\/apl-et-pension-invalidite\/#webpage\",\"url\":\"https:\/\/www.mes-allocs.fr\/guides\/pension-invalidite\/cumul-pension-invalidite\/caf-et-pension-invalidite\/apl-et-pension-invalidite\/\",\"name\":\"Cumul APL et pension d'invalidit\\u00e9 : conditions, montants et d\\u00e9marches\",\"isPartOf\":{\"@id\":\"https:\/\/www.mes-allocs.fr\/guides\/#website\"},\"primaryImageOfPage\":{\"@id\":\"https:\/\/www.mes-allocs.fr\/guides\/pension-invalidite\/cumul-pension-invalidite\/caf-et-pension-invalidite\/apl-et-pension-invalidite\/#primaryimage\"},\"datePublished\":\"2024-08-30T14:26:47+00:00\",\"dateModified\":\"2026-04-22T09:51:57+00:00\",\"author\":{\"@id\":\"https:\/\/www.mes-allocs.fr\/guides\/#\/schema\/person\/9c38f3be41a0ddcd1e3fde5a3df713bf\"},\"description\":\"Le cumul de l'Allocation de Logement Sociale (APL) et de la pension d'invalidit\\u00e9 est une question importante pour les personnes invalides.\",\"inLanguage\":\"fr-FR\"},{\"@type\":\"Person\",\"@id\":\"https:\/\/www.mes-allocs.fr\/guides\/#\/schema\/person\/9c38f3be41a0ddcd1e3fde5a3df713bf\",\"name\":\"Sessime Ananou\",\"image\":{\"@type\":\"ImageObject\",\"@id\":\"https:\/\/www.mes-allocs.fr\/guides\/#personlogo\",\"inLanguage\":\"fr-FR\",\"url\":\"https:\/\/www.mes-allocs.fr\/guides\/wp-content\/uploads\/2023\/08\/IMG_8173-150x150.jpg\",\"caption\":\"Sessime Ananou\"},\"description\":\"Sessime est r\\u00e9dactrice chez Mes Allocs, sp\\u00e9cialis\\u00e9e sur le pouvoir d'achat. Elle rejoint l'\\u00e9quipe Mes Allocs en ao\\u00fbt 2023 afin de simplifier l'acc\\u00e8s \\u00e0 l'information sur les aides en g\\u00e9n\\u00e9ral.\"}]}<\/script>\n<!-- \/ Yoast SEO plugin. -->","amp_validity":null,"acf":{"faq":{"1":{"question":"Peut-on cumuler l'APL avec une pension d'invalidit\u00e9 ?","answer":"Oui, il est possible de cumuler l'APL avec une pension d'invalidit\u00e9, mais cela d\u00e9pend du montant des revenus du foyer. La CAF prend en compte l'ensemble des ressources, y compris la pension d'invalidit\u00e9, pour calculer le montant de l'APL."},"2":{"question":"Quel est le montant maximum d'APL que l'on peut percevoir en compl\u00e9ment de la pension d'invalidit\u00e9 ?","answer":" Le montant de l'APL varie selon plusieurs crit\u00e8res, dont les ressources du m\u00e9nage, le type de logement, et la zone g\u00e9ographique. En moyenne, l'APL peut varier entre 100 \u20ac et 350 \u20ac par mois. Pour les personnes en pension d'invalidit\u00e9, ce montant est ajust\u00e9 en fonction des revenus totaux d\u00e9clar\u00e9s."},"3":{"question":"Quelles sont les conditions pour cumuler APL et pension d'invalidit\u00e9 ? ","answer":"Les conditions pour cumuler l'APL avec une pension d'invalidit\u00e9 incluent la justification d'un revenu modeste, le respect des plafonds de ressources fix\u00e9s par la CAF, ainsi que l'occupation d'un logement \u00e9ligible (propri\u00e9taire, locataire ou h\u00e9berg\u00e9 dans un \u00e9tablissement)."},"4":{"question":"Comment calculer le montant de l'APL lorsqu\u2019on per\u00e7oit une pension d'invalidit\u00e9 ?","answer":" La CAF calcule l'APL en fonction des revenus du foyer, y compris la pension d'invalidit\u00e9, et de plusieurs autres facteurs comme la composition du foyer, la nature du logement, et la zone g\u00e9ographique. Il est possible de simuler le montant sur le site de la CAF."},"5":{"question":"Quelles d\u00e9marches effectuer pour demander l'APL en \u00e9tant b\u00e9n\u00e9ficiaire d'une pension d'invalidit\u00e9 ?","answer":"Pour demander l'APL, il faut d\u00e9poser une demande en ligne sur le site de la CAF ou via une agence locale. Il est n\u00e9cessaire de fournir des documents tels que le justificatif de pension d'invalidit\u00e9, les relev\u00e9s de ressources, et un justificatif de logement (bail, quittances de loyer)."},"6":{"question":"La pension d'invalidit\u00e9 a-t-elle un impact sur le montant de l'APL ? ","answer":"Oui, la pension d'invalidit\u00e9 est comptabilis\u00e9e comme une ressource par la CAF lors du calcul de l'APL. Plus les revenus sont \u00e9lev\u00e9s, moins le montant de l'APL est important, car elle vise \u00e0 aider principalement les m\u00e9nages \u00e0 faibles revenus."},"7":{"question":"","answer":""},"8":{"question":"","answer":""},"9":{"question":"","answer":""},"10":{"question":"","answer":""},"11":{"question":"","answer":""},"12":{"question":"","answer":""},"13":{"question":"","answer":""},"14":{"question":"","answer":""},"15":{"question":"","answer":""},"16":{"question":"","answer":""}}},"_links":{"self":[{"href":"https:\/\/www.mes-allocs.fr\/guides\/wp-json\/wp\/v2\/posts\/81902","targetHints":{"allow":["GET"]}}],"collection":[{"href":"https:\/\/www.mes-allocs.fr\/guides\/wp-json\/wp\/v2\/posts"}],"about":[{"href":"https:\/\/www.mes-allocs.fr\/guides\/wp-json\/wp\/v2\/types\/post"}],"author":[{"embeddable":true,"href":"https:\/\/www.mes-allocs.fr\/guides\/wp-json\/wp\/v2\/users\/26"}],"replies":[{"embeddable":true,"href":"https:\/\/www.mes-allocs.fr\/guides\/wp-json\/wp\/v2\/comments?post=81902"}],"version-history":[{"count":4,"href":"https:\/\/www.mes-allocs.fr\/guides\/wp-json\/wp\/v2\/posts\/81902\/revisions"}],"predecessor-version":[{"id":94240,"href":"https:\/\/www.mes-allocs.fr\/guides\/wp-json\/wp\/v2\/posts\/81902\/revisions\/94240"}],"wp:featuredmedia":[{"embeddable":true,"href":"https:\/\/www.mes-allocs.fr\/guides\/wp-json\/wp\/v2\/media\/46872"}],"wp:attachment":[{"href":"https:\/\/www.mes-allocs.fr\/guides\/wp-json\/wp\/v2\/media?parent=81902"}],"wp:term":[{"taxonomy":"category","embeddable":true,"href":"https:\/\/www.mes-allocs.fr\/guides\/wp-json\/wp\/v2\/categories?post=81902"},{"taxonomy":"post_tag","embeddable":true,"href":"https:\/\/www.mes-allocs.fr\/guides\/wp-json\/wp\/v2\/tags?post=81902"}],"curies":[{"name":"wp","href":"https:\/\/api.w.org\/{rel}","templated":true}]}}