{"id":81899,"date":"2024-08-30T14:54:03","date_gmt":"2024-08-30T12:54:03","guid":{"rendered":"https:\/\/www.mes-allocs.fr\/guides\/?p=81899"},"modified":"2026-04-22T10:51:57","modified_gmt":"2026-04-22T09:51:57","slug":"pension-invalidite-reprise-activite-salariee","status":"publish","type":"post","link":"https:\/\/www.mes-allocs.fr\/guides\/pension-invalidite\/cumul-pension-invalidite\/pension-invalidite-reprise-activite-salariee\/","title":{"rendered":"Pension d&rsquo;invalidit\u00e9 et reprise d&rsquo;une activit\u00e9 salari\u00e9e : comment \u00e7a marche ?"},"content":{"rendered":"<p><img loading=\"lazy\" decoding=\"async\" class=\"alignnone wp-image-81884 size-full\" title=\"pension invalidit\u00e9 et reprise d'une activit\u00e9 salari\u00e9e\" src=\"https:\/\/www.mes-allocs.fr\/guides\/wp-content\/uploads\/2024\/08\/business-962355_1280-e1725007892646.jpg\" alt=\"pension invalidit\u00e9 et reprise d'une activit\u00e9 salari\u00e9e\" width=\"1280\" height=\"236\" srcset=\"https:\/\/www.mes-allocs.fr\/guides\/wp-content\/uploads\/2024\/08\/business-962355_1280-e1725007892646.jpg 1280w, https:\/\/www.mes-allocs.fr\/guides\/wp-content\/uploads\/2024\/08\/business-962355_1280-e1725007892646-300x55.jpg 300w, https:\/\/www.mes-allocs.fr\/guides\/wp-content\/uploads\/2024\/08\/business-962355_1280-e1725007892646-1024x189.jpg 1024w, https:\/\/www.mes-allocs.fr\/guides\/wp-content\/uploads\/2024\/08\/business-962355_1280-e1725007892646-768x142.jpg 768w, https:\/\/www.mes-allocs.fr\/guides\/wp-content\/uploads\/2024\/08\/business-962355_1280-e1725007892646-600x111.jpg 600w\" sizes=\"auto, (max-width: 1280px) 100vw, 1280px\" \/><\/p>\n<p><strong>La <a href=\"https:\/\/www.mes-allocs.fr\/guides\/pension-invalidite\/\">pension d&rsquo;invalidit\u00e9<\/a> est une aide financi\u00e8re vers\u00e9e aux personnes dont la capacit\u00e9 de travail est r\u00e9duite de fa\u00e7on significative \u00e0 cause d&rsquo;une maladie ou d&rsquo;un accident. Cependant, il est possible que, malgr\u00e9 l&rsquo;invalidit\u00e9, le b\u00e9n\u00e9ficiaire souhaite ou puisse reprendre une activit\u00e9 salari\u00e9e. Cette situation soul\u00e8ve plusieurs questions concernant la compatibilit\u00e9 entre la pension d\u2019invalidit\u00e9 et le retour \u00e0 l\u2019emploi, notamment sur les impacts sur la pension, les obligations d\u00e9claratives et les droits sociaux.<\/strong><\/p>\n<div class='cta-block'><div class='text'>Simulez toutes vos aides en 2 min.<\/div><a href='https:\/\/www.mes-allocs.fr\/ab-app?origin=guides\/wp-json\/wp\/v2\/posts\/81899' class='app-button fit'>Simulation gratuite<\/a><\/div>\n<h1><strong>Est-il possible de cumuler une pension d&rsquo;invalidit\u00e9 avec un emploi ?<\/strong><\/h1>\n<h2><strong>Le principe de compatibilit\u00e9 : le travail autoris\u00e9 sous conditions<\/strong><\/h2>\n<p>La reprise d&rsquo;une activit\u00e9 salari\u00e9e est possible tout en percevant une pension d&rsquo;invalidit\u00e9, tant que l&rsquo;activit\u00e9 est compatible avec l\u2019\u00e9tat de sant\u00e9 du b\u00e9n\u00e9ficiaire. Aucune loi n\u2019interdit ce <a href=\"https:\/\/www.mes-allocs.fr\/guides\/pension-invalidite\/cumul-pension-invalidite\/\">cumul avec la pension d&rsquo;invalidit\u00e9<\/a>, mais il est encadr\u00e9 par certaines conditions, notamment financi\u00e8res. Il est important de v\u00e9rifier que l\u2019emploi envisag\u00e9 n&rsquo;aggrave pas l&rsquo;invalidit\u00e9.<\/p>\n<h2><strong>Les cat\u00e9gories d\u2019invalidit\u00e9 et les r\u00e8gles sp\u00e9cifiques<\/strong><\/h2>\n<p>La pension d\u2019invalidit\u00e9 est class\u00e9e en trois cat\u00e9gories, qui correspondent \u00e0 diff\u00e9rents niveaux d\u2019incapacit\u00e9. Pour la 1\u00e8re cat\u00e9gorie (capacit\u00e9 r\u00e9duite mais possibilit\u00e9 de travailler), la reprise est plus simple. En revanche, les r\u00e8gles sont plus strictes pour les invalides de 2e et 3e cat\u00e9gories, notamment en termes d&rsquo;ajustement de la pension.<\/p>\n<h2><strong>Cas particulier : l&rsquo;auto-entrepreneuriat et la pension d&rsquo;invalidit\u00e9<\/strong><\/h2>\n<p>L&rsquo;auto-entrepreneuriat peut \u00eatre une option pour les b\u00e9n\u00e9ficiaires de la pension d&rsquo;invalidit\u00e9, mais il comporte des sp\u00e9cificit\u00e9s, notamment concernant la d\u00e9claration des revenus et le calcul de la pension ajust\u00e9e en fonction du chiffre d\u2019affaires.<\/p>\n<div class='cta-block'><div class='text'>Simulez toutes vos aides en 2 min.<\/div><a href='https:\/\/www.mes-allocs.fr\/ab-app?origin=guides\/wp-json\/wp\/v2\/posts\/81899' class='app-button fit'>Simulation gratuite<\/a><\/div>\n<h1><strong>Comment la reprise d&rsquo;une activit\u00e9 affecte-t-elle le montant de la pension d\u2019invalidit\u00e9 ?<\/strong><\/h1>\n<h2><strong>Les seuils de revenus : explication du salaire de comparaison<\/strong><\/h2>\n<p>Le montant de la pension d\u2019invalidit\u00e9 peut \u00eatre r\u00e9duit si le revenu cumul\u00e9 (salaire + pension) d\u00e9passe un certain seuil appel\u00e9 \u00ab\u00a0salaire de comparaison\u00a0\u00bb. Ce dernier correspond au salaire moyen per\u00e7u avant l\u2019invalidit\u00e9. Si les revenus professionnels d\u00e9passent ce montant, la pension peut \u00eatre ajust\u00e9e \u00e0 la baisse.<\/p>\n<h2><strong>Le calcul des ajustements de la pension selon les cat\u00e9gories d\u2019invalidit\u00e9<\/strong><\/h2>\n<p>Le calcul varie selon la cat\u00e9gorie d&rsquo;invalidit\u00e9. Pour la 1\u00e8re cat\u00e9gorie, la pension peut \u00eatre partiellement r\u00e9duite, tandis que pour les 2e et 3e cat\u00e9gories, la pension peut \u00eatre suspendue si les revenus d\u00e9passent un certain plafond.<\/p>\n<h2><strong>Exemple pratique d&rsquo;ajustement de la pension en fonction du revenu<\/strong><\/h2>\n<p>Prenons l\u2019exemple d\u2019un salari\u00e9 en invalidit\u00e9 de 2e cat\u00e9gorie, qui reprend un emploi \u00e0 temps partiel avec un salaire de 15 000 \u20ac par an. Si ce montant, ajout\u00e9 \u00e0 sa pension, d\u00e9passe son ancien salaire de comparaison, la pension sera ajust\u00e9e en cons\u00e9quence.<\/p>\n<p><iframe loading=\"lazy\" title=\"La pension d&#039;invalidit\u00e9\" width=\"500\" height=\"281\" src=\"https:\/\/www.youtube.com\/embed\/_UJaa1UDtZs?feature=oembed\" frameborder=\"0\" allow=\"accelerometer; autoplay; clipboard-write; encrypted-media; gyroscope; picture-in-picture; web-share\" referrerpolicy=\"strict-origin-when-cross-origin\" allowfullscreen><\/iframe><\/p>\n<h1><strong>Quels types d&#8217;emploi sont compatibles avec la pension d&rsquo;invalidit\u00e9 ?<\/strong><\/h1>\n<h2><strong>Les emplois adapt\u00e9s \u00e0 la situation m\u00e9dicale : explication des compatibilit\u00e9s<\/strong><\/h2>\n<p>Les emplois compatibles d\u00e9pendent de l\u2019\u00e9tat de sant\u00e9 du b\u00e9n\u00e9ficiaire. Il est souvent conseill\u00e9 de privil\u00e9gier des activit\u00e9s qui n&rsquo;exigent pas de grands efforts physiques ou qui peuvent \u00eatre adapt\u00e9es en fonction de la capacit\u00e9 du travailleur.<\/p>\n<h2><strong>Les contr\u00f4les m\u00e9dicaux et leur impact sur la reprise d&rsquo;activit\u00e9<\/strong><\/h2>\n<p>Le m\u00e9decin-conseil de la caisse d&rsquo;assurance maladie peut effectuer un contr\u00f4le m\u00e9dical pour s&rsquo;assurer que l&rsquo;activit\u00e9 reprise ne compromet pas l&rsquo;\u00e9tat de sant\u00e9 du b\u00e9n\u00e9ficiaire. En cas de reprise d&rsquo;une activit\u00e9 inadapt\u00e9e, la pension pourrait \u00eatre suspendue.<\/p>\n<h2><strong>Les m\u00e9tiers \u00e0 \u00e9viter : conseils pratiques bas\u00e9s sur l\u2019\u00e9tat de sant\u00e9<\/strong><\/h2>\n<p>Il est fortement d\u00e9conseill\u00e9 d\u2019exercer des m\u00e9tiers incompatibles avec l\u2019invalidit\u00e9, par exemple des travaux physiques intensifs ou des m\u00e9tiers \u00e0 risques.<\/p>\n<div class=\"flex max-w-full flex-col flex-grow\">\n<div class=\"min-h-[20px] text-message flex w-full flex-col items-end gap-2 break-words [.text-message+&amp;]:mt-5 overflow-x-auto whitespace-normal\" dir=\"auto\" data-message-author-role=\"assistant\" data-message-id=\"d4bff06b-a68e-4b00-905e-2e1bf251c232\">\n<div class=\"flex w-full flex-col gap-1 empty:hidden first:pt-[3px]\">\n<div class=\"markdown prose w-full break-words dark:prose-invert dark\">\n<h1><strong>Quelles sont les obligations administratives lors de la reprise d\u2019activit\u00e9 ?<\/strong><\/h1>\n<h2><strong>D\u00e9clarer ses revenus \u00e0 la caisse d\u2019assurance maladie<\/strong><\/h2>\n<p><strong>L\u2019importance de la d\u00e9claration de revenus<\/strong><\/p>\n<p>Lors de la reprise d\u2019une activit\u00e9 salari\u00e9e ou ind\u00e9pendante, il est obligatoire de d\u00e9clarer vos nouveaux revenus \u00e0 la caisse d\u2019assurance maladie. Cette d\u00e9claration est essentielle pour permettre un r\u00e9ajustement de votre pension d\u2019invalidit\u00e9 en fonction de vos nouvelles ressources. En effet, la pension d\u2019invalidit\u00e9 est calcul\u00e9e sur la base de la perte de capacit\u00e9 de travail et du niveau de revenu ant\u00e9rieur. Lorsque vous reprenez une activit\u00e9, que ce soit \u00e0 temps partiel ou \u00e0 temps plein, la caisse doit \u00eatre inform\u00e9e pour \u00e9valuer si votre pension doit \u00eatre partiellement ou totalement ajust\u00e9e.<\/p>\n<p><strong>Le formulaire de d\u00e9claration<\/strong><\/p>\n<p>Un formulaire sp\u00e9cifique, fourni par la caisse d\u2019assurance maladie, doit \u00eatre rempli \u00e0 chaque reprise ou modification d\u2019activit\u00e9. Ce document demande des informations sur la nature de l\u2019emploi, les heures travaill\u00e9es, et le montant des revenus per\u00e7us. Il est crucial de respecter les d\u00e9lais de d\u00e9claration, g\u00e9n\u00e9ralement mensuels ou trimestriels, pour \u00e9viter des retards dans l\u2019ajustement de la pension et d\u2019\u00e9ventuelles p\u00e9nalit\u00e9s.<\/p>\n<p><strong>Cons\u00e9quences en cas d\u2019oubli<\/strong><\/p>\n<p>Oublier ou n\u00e9gliger de d\u00e9clarer vos revenus peut entra\u00eener une s\u00e9rie de complications. Non seulement vous risquez d\u2019\u00eatre contraint de rembourser les sommes per\u00e7ues en trop, mais cela pourrait aussi impacter vos droits futurs, notamment en cas d\u2019une \u00e9ventuelle nouvelle invalidit\u00e9 ou d\u2019un besoin de recalcul de votre pension.<\/p>\n<h2><strong>Sanctions en cas de non-d\u00e9claration ou fausse d\u00e9claration<\/strong><\/h2>\n<p><strong>R\u00e9cup\u00e9ration des prestations ind\u00fbment per\u00e7ues<\/strong><\/p>\n<p>Si vous ne d\u00e9clarez pas la reprise d\u2019une activit\u00e9, ou si vous fournissez de fausses informations sur vos revenus, la caisse d\u2019assurance maladie peut vous demander de rembourser les montants ind\u00fbment per\u00e7us. Ces remboursements peuvent porter sur plusieurs mois, voire plusieurs ann\u00e9es de pension per\u00e7ue \u00e0 tort. De plus, ces sommes peuvent \u00eatre r\u00e9cup\u00e9r\u00e9es de mani\u00e8re r\u00e9troactive, ce qui peut mettre en difficult\u00e9 financi\u00e8re les b\u00e9n\u00e9ficiaires de la pension.<\/p>\n<p><strong>P\u00e9nalit\u00e9s financi\u00e8res et sanctions<\/strong><\/p>\n<p>Outre la r\u00e9cup\u00e9ration des prestations, des p\u00e9nalit\u00e9s financi\u00e8res peuvent \u00e9galement \u00eatre appliqu\u00e9es. La caisse peut vous infliger des amendes pour non-respect de vos obligations d\u00e9claratives. Ces amendes varient en fonction du montant des sommes non d\u00e9clar\u00e9es et du pr\u00e9judice subi par l\u2019organisme social. Par ailleurs, une fausse d\u00e9claration volontaire peut \u00eatre consid\u00e9r\u00e9e comme une fraude, ce qui peut entra\u00eener des poursuites judiciaires, voire la suspension temporaire ou d\u00e9finitive de vos droits \u00e0 la pension d\u2019invalidit\u00e9.<\/p>\n<p><strong>Suspension de la pension<\/strong><\/p>\n<p>Enfin, la non-d\u00e9claration ou la fausse d\u00e9claration peut entra\u00eener la suspension temporaire ou d\u00e9finitive de votre pension. Si les autorit\u00e9s estiment que vous n&rsquo;avez pas respect\u00e9 les r\u00e8gles, elles peuvent d\u00e9cider d\u2019interrompre vos versements jusqu\u2019\u00e0 ce que la situation soit r\u00e9gularis\u00e9e. Cela pourrait engendrer une perte de revenu importante pendant cette p\u00e9riode.<\/p>\n<h2><strong>Les d\u00e9marches sp\u00e9cifiques pour les auto-entrepreneurs ou ind\u00e9pendants<\/strong><\/h2>\n<p><strong>Obligations pour les travailleurs ind\u00e9pendants<\/strong><\/p>\n<p>Les travailleurs ind\u00e9pendants, y compris les auto-entrepreneurs, doivent \u00e9galement d\u00e9clarer leurs revenus, mais les d\u00e9marches diff\u00e8rent l\u00e9g\u00e8rement de celles des salari\u00e9s. En tant qu\u2019ind\u00e9pendant, vous devez informer la caisse d\u2019assurance maladie de votre activit\u00e9 et de vos gains via l\u2019URSSAF (Union de Recouvrement des cotisations de S\u00e9curit\u00e9 Sociale et d&rsquo;Allocations Familiales). Il est crucial d\u2019effectuer cette d\u00e9claration chaque trimestre ou chaque ann\u00e9e, selon votre r\u00e9gime fiscal.<\/p>\n<p><strong>D\u00e9claration des revenus professionnels<\/strong><\/p>\n<p>Les revenus \u00e0 d\u00e9clarer pour les auto-entrepreneurs incluent le chiffre d&rsquo;affaires r\u00e9alis\u00e9, m\u00eame si celui-ci est faible. La caisse d\u2019assurance maladie prend en compte ce chiffre d\u2019affaires pour d\u00e9terminer si la pension d\u2019invalidit\u00e9 doit \u00eatre ajust\u00e9e. Notez que m\u00eame les revenus modestes peuvent avoir un impact sur la pension, surtout s\u2019ils sont r\u00e9guliers.<\/p>\n<p><strong>Risques de suspension en cas de non-d\u00e9claration<\/strong><\/p>\n<p>Si vous ne d\u00e9clarez pas vos revenus en tant qu\u2019ind\u00e9pendant, votre pension d\u2019invalidit\u00e9 peut \u00eatre suspendue. La caisse d\u2019assurance maladie a le droit de demander des justificatifs de revenus pour v\u00e9rifier l&rsquo;exactitude des informations fournies. En l\u2019absence de d\u00e9claration ou en cas d&rsquo;incoh\u00e9rences, les versements de la pension peuvent \u00eatre interrompus jusqu&rsquo;\u00e0 r\u00e9gularisation compl\u00e8te de la situation.<\/p>\n<p><strong>Particularit\u00e9s fiscales et sociales<\/strong><\/p>\n<p>Pour les ind\u00e9pendants, il est \u00e9galement important de comprendre que les d\u00e9clarations aupr\u00e8s de l\u2019URSSAF peuvent avoir des r\u00e9percussions fiscales et sociales. Ne pas d\u00e9clarer correctement ses revenus peut \u00e9galement entra\u00eener des redressements fiscaux, en plus des sanctions sur la pension d\u2019invalidit\u00e9.<\/p>\n<p>Bon \u00e0 savoir : si vous perdez subitement votre emploi, sachez que <a href=\"https:\/\/www.mes-allocs.fr\/guides\/pension-invalidite\/cumul-pension-invalidite\/pension-invalidite-et-chomage\/\">pension d&rsquo;invalidit\u00e9 et ch\u00f4mage<\/a> sont cumulables.<\/p>\n<\/div>\n<\/div>\n<\/div>\n<\/div>\n<div class='cta-block'><div class='text'>Simulez toutes vos aides en 2 min.<\/div><a href='https:\/\/www.mes-allocs.fr\/ab-app?origin=guides\/wp-json\/wp\/v2\/posts\/81899' class='app-button fit'>Simulation gratuite<\/a><\/div>\n","protected":false},"excerpt":{"rendered":"<p>La pension d&rsquo;invalidit\u00e9 est une aide financi\u00e8re vers\u00e9e aux personnes dont la capacit\u00e9 de travail est r\u00e9duite de fa\u00e7on significative \u00e0 cause d&rsquo;une maladie ou d&rsquo;un accident. Cependant, il est possible que, malgr\u00e9 l&rsquo;invalidit\u00e9, le b\u00e9n\u00e9ficiaire souhaite ou puisse reprendre une activit\u00e9 salari\u00e9e. Cette situation soul\u00e8ve plusieurs questions concernant la compatibilit\u00e9 entre la pension d\u2019invalidit\u00e9 [&hellip;]<\/p>\n","protected":false},"author":26,"featured_media":81804,"comment_status":"open","ping_status":"open","sticky":false,"template":"","format":"standard","meta":{"amp_status":"","footnotes":""},"categories":[37397,35633],"tags":[],"class_list":["post-81899","post","type-post","status-publish","format-standard","has-post-thumbnail","hentry","category-cumul-pension-invalidite","category-pension-invalidite"],"yoast_head":"<!-- This site is optimized with the Yoast SEO plugin v14.9 - https:\/\/yoast.com\/wordpress\/plugins\/seo\/ -->\n<title>Pension d&#039;invalidit\u00e9 et reprise d&#039;une activit\u00e9 salari\u00e9e : conditions et impacts<\/title>\n<meta name=\"description\" content=\"Il est possible que, malgr\u00e9 l&#039;invalidit\u00e9, le b\u00e9n\u00e9ficiaire souhaite ou puisse reprendre une activit\u00e9 salari\u00e9e. Mais quel est l&#039;impact ?\" \/>\n<meta name=\"robots\" content=\"index, follow, max-snippet:-1, max-image-preview:large, max-video-preview:-1\" \/>\n<link rel=\"canonical\" href=\"https:\/\/www.mes-allocs.fr\/guides\/pension-invalidite\/cumul-pension-invalidite\/pension-invalidite-reprise-activite-salariee\/\" \/>\n<meta property=\"og:locale\" content=\"fr_FR\" \/>\n<meta property=\"og:type\" content=\"article\" \/>\n<meta property=\"og:title\" content=\"Pension d&#039;invalidit\u00e9 et reprise d&#039;une activit\u00e9 salari\u00e9e : conditions et impacts\" \/>\n<meta property=\"og:description\" content=\"Il est possible que, malgr\u00e9 l&#039;invalidit\u00e9, le b\u00e9n\u00e9ficiaire souhaite ou puisse reprendre une activit\u00e9 salari\u00e9e. Mais quel est l&#039;impact ?\" \/>\n<meta property=\"og:url\" content=\"https:\/\/www.mes-allocs.fr\/guides\/pension-invalidite\/cumul-pension-invalidite\/pension-invalidite-reprise-activite-salariee\/\" \/>\n<meta property=\"og:site_name\" content=\"Mes-Allocs.fr\" \/>\n<meta property=\"article:published_time\" content=\"2024-08-30T12:54:03+00:00\" \/>\n<meta property=\"article:modified_time\" content=\"2026-04-22T09:51:57+00:00\" \/>\n<meta property=\"og:image\" content=\"https:\/\/www.mes-allocs.fr\/guides\/wp-content\/uploads\/2024\/08\/man-5806013_1280.jpg?wsr\" \/>\n\t<meta property=\"og:image:width\" content=\"1280\" \/>\n\t<meta property=\"og:image:height\" content=\"853\" \/>\n<meta name=\"twitter:card\" content=\"summary_large_image\" \/>\n<script type=\"application\/ld+json\" class=\"yoast-schema-graph\">{\"@context\":\"https:\/\/schema.org\",\"@graph\":[{\"@type\":\"WebSite\",\"@id\":\"https:\/\/www.mes-allocs.fr\/guides\/#website\",\"url\":\"https:\/\/www.mes-allocs.fr\/guides\/\",\"name\":\"Mes-Allocs.fr\",\"description\":\"\",\"potentialAction\":[{\"@type\":\"SearchAction\",\"target\":\"https:\/\/www.mes-allocs.fr\/guides\/?s={search_term_string}\",\"query-input\":\"required name=search_term_string\"}],\"inLanguage\":\"fr-FR\"},{\"@type\":\"ImageObject\",\"@id\":\"https:\/\/www.mes-allocs.fr\/guides\/pension-invalidite\/cumul-pension-invalidite\/pension-invalidite-reprise-activite-salariee\/#primaryimage\",\"inLanguage\":\"fr-FR\",\"url\":\"https:\/\/www.mes-allocs.fr\/guides\/wp-content\/uploads\/2024\/08\/man-5806013_1280.jpg?wsr\",\"width\":1280,\"height\":853,\"caption\":\"pension invalidit\\u00e9 et reprise d'une activit\\u00e9 salari\\u00e9e\"},{\"@type\":\"WebPage\",\"@id\":\"https:\/\/www.mes-allocs.fr\/guides\/pension-invalidite\/cumul-pension-invalidite\/pension-invalidite-reprise-activite-salariee\/#webpage\",\"url\":\"https:\/\/www.mes-allocs.fr\/guides\/pension-invalidite\/cumul-pension-invalidite\/pension-invalidite-reprise-activite-salariee\/\",\"name\":\"Pension d'invalidit\\u00e9 et reprise d'une activit\\u00e9 salari\\u00e9e : conditions et impacts\",\"isPartOf\":{\"@id\":\"https:\/\/www.mes-allocs.fr\/guides\/#website\"},\"primaryImageOfPage\":{\"@id\":\"https:\/\/www.mes-allocs.fr\/guides\/pension-invalidite\/cumul-pension-invalidite\/pension-invalidite-reprise-activite-salariee\/#primaryimage\"},\"datePublished\":\"2024-08-30T12:54:03+00:00\",\"dateModified\":\"2026-04-22T09:51:57+00:00\",\"author\":{\"@id\":\"https:\/\/www.mes-allocs.fr\/guides\/#\/schema\/person\/9c38f3be41a0ddcd1e3fde5a3df713bf\"},\"description\":\"Il est possible que, malgr\\u00e9 l'invalidit\\u00e9, le b\\u00e9n\\u00e9ficiaire souhaite ou puisse reprendre une activit\\u00e9 salari\\u00e9e. Mais quel est l'impact ?\",\"inLanguage\":\"fr-FR\"},{\"@type\":\"Person\",\"@id\":\"https:\/\/www.mes-allocs.fr\/guides\/#\/schema\/person\/9c38f3be41a0ddcd1e3fde5a3df713bf\",\"name\":\"Sessime Ananou\",\"image\":{\"@type\":\"ImageObject\",\"@id\":\"https:\/\/www.mes-allocs.fr\/guides\/#personlogo\",\"inLanguage\":\"fr-FR\",\"url\":\"https:\/\/www.mes-allocs.fr\/guides\/wp-content\/uploads\/2023\/08\/IMG_8173-150x150.jpg\",\"caption\":\"Sessime Ananou\"},\"description\":\"Sessime est r\\u00e9dactrice chez Mes Allocs, sp\\u00e9cialis\\u00e9e sur le pouvoir d'achat. Elle rejoint l'\\u00e9quipe Mes Allocs en ao\\u00fbt 2023 afin de simplifier l'acc\\u00e8s \\u00e0 l'information sur les aides en g\\u00e9n\\u00e9ral.\"}]}<\/script>\n<!-- \/ Yoast SEO plugin. -->","amp_validity":null,"acf":{"faq":{"1":{"question":"Est-il possible de travailler en percevant une pension d'invalidit\u00e9 ?","answer":"Oui, il est possible de cumuler une pension d\u2019invalidit\u00e9 avec un salaire. Le travail est autoris\u00e9 tant que votre \u00e9tat de sant\u00e9 le permet, et il n'y a pas d'interdiction l\u00e9gale \u00e0 la reprise d'une activit\u00e9 salari\u00e9e. Toutefois, le montant de la pension peut \u00eatre ajust\u00e9 en fonction des revenus tir\u00e9s de cette activit\u00e9."},"2":{"question":"La pension d\u2019invalidit\u00e9 est-elle r\u00e9duite en cas de reprise d\u2019une activit\u00e9 salari\u00e9e ?","answer":"Cela d\u00e9pend de la cat\u00e9gorie de votre invalidit\u00e9 et du montant de votre nouveau salaire. En g\u00e9n\u00e9ral, si vos revenus professionnels d\u00e9passent un certain seuil, votre pension d'invalidit\u00e9 peut \u00eatre r\u00e9duite voire suspendue. La r\u00e8gle de cumul pr\u00e9cise que si votre nouveau revenu et votre pension exc\u00e8dent votre ancien salaire de r\u00e9f\u00e9rence, la pension peut \u00eatre ajust\u00e9e."},"3":{"question":"Quels types d\u2019emploi sont compatibles avec la pension d'invalidit\u00e9 ? ","answer":" Il n'y a pas de restrictions sp\u00e9cifiques sur le type d'emploi, tant que l'activit\u00e9 exerc\u00e9e est compatible avec votre \u00e9tat de sant\u00e9. Cependant, la caisse d'assurance maladie peut demander un contr\u00f4le m\u00e9dical pour v\u00e9rifier que la nature de votre travail est adapt\u00e9e \u00e0 votre situation d'invalidit\u00e9.\r\n"},"4":{"question":"Quelles sont les obligations d\u00e9claratives en cas de reprise d'activit\u00e9 ? ","answer":"Vous devez informer votre caisse d'assurance maladie de votre reprise d'activit\u00e9 salari\u00e9e. Vous devez d\u00e9clarer vos revenus afin qu'un r\u00e9examen de votre situation puisse \u00eatre effectu\u00e9. En cas de non-d\u00e9claration, vous risquez de devoir rembourser des sommes per\u00e7ues ind\u00fbment ou de voir vos droits recalcul\u00e9s r\u00e9troactivement."},"5":{"question":"Est-ce que reprendre une activit\u00e9 peut entra\u00eener la suppression de la pension d'invalidit\u00e9 ?","answer":"La pension d'invalidit\u00e9 peut \u00eatre suspendue si vos nouveaux revenus d\u00e9passent un certain seuil, ou si un contr\u00f4le m\u00e9dical montre que votre capacit\u00e9 de travail est suffisante pour ne plus justifier la pension. Toutefois, elle peut \u00eatre r\u00e9tablie si vos revenus diminuent \u00e0 nouveau ou si votre \u00e9tat de sant\u00e9 se d\u00e9t\u00e9riore.\r\n"},"6":{"question":"Quel impact la reprise d\u2019une activit\u00e9 salari\u00e9e a-t-elle sur les autres prestations sociales ?","answer":"Reprendre une activit\u00e9 peut affecter certaines prestations comme l\u2019Allocation Adulte Handicap\u00e9 (AAH) ou l\u2019Allocation de Solidarit\u00e9 aux Personnes \u00c2g\u00e9es (ASPA). Ces aides sont souvent calcul\u00e9es en fonction de vos revenus globaux, donc il est important de v\u00e9rifier aupr\u00e8s de chaque organisme pour conna\u00eetre les impacts sp\u00e9cifiques."},"7":{"question":"","answer":""},"8":{"question":"","answer":""},"9":{"question":"","answer":""},"10":{"question":"","answer":""},"11":{"question":"","answer":""},"12":{"question":"","answer":""},"13":{"question":"","answer":""},"14":{"question":"","answer":""},"15":{"question":"","answer":""},"16":{"question":"","answer":""}}},"_links":{"self":[{"href":"https:\/\/www.mes-allocs.fr\/guides\/wp-json\/wp\/v2\/posts\/81899","targetHints":{"allow":["GET"]}}],"collection":[{"href":"https:\/\/www.mes-allocs.fr\/guides\/wp-json\/wp\/v2\/posts"}],"about":[{"href":"https:\/\/www.mes-allocs.fr\/guides\/wp-json\/wp\/v2\/types\/post"}],"author":[{"embeddable":true,"href":"https:\/\/www.mes-allocs.fr\/guides\/wp-json\/wp\/v2\/users\/26"}],"replies":[{"embeddable":true,"href":"https:\/\/www.mes-allocs.fr\/guides\/wp-json\/wp\/v2\/comments?post=81899"}],"version-history":[{"count":6,"href":"https:\/\/www.mes-allocs.fr\/guides\/wp-json\/wp\/v2\/posts\/81899\/revisions"}],"predecessor-version":[{"id":94220,"href":"https:\/\/www.mes-allocs.fr\/guides\/wp-json\/wp\/v2\/posts\/81899\/revisions\/94220"}],"wp:featuredmedia":[{"embeddable":true,"href":"https:\/\/www.mes-allocs.fr\/guides\/wp-json\/wp\/v2\/media\/81804"}],"wp:attachment":[{"href":"https:\/\/www.mes-allocs.fr\/guides\/wp-json\/wp\/v2\/media?parent=81899"}],"wp:term":[{"taxonomy":"category","embeddable":true,"href":"https:\/\/www.mes-allocs.fr\/guides\/wp-json\/wp\/v2\/categories?post=81899"},{"taxonomy":"post_tag","embeddable":true,"href":"https:\/\/www.mes-allocs.fr\/guides\/wp-json\/wp\/v2\/tags?post=81899"}],"curies":[{"name":"wp","href":"https:\/\/api.w.org\/{rel}","templated":true}]}}