{"id":81879,"date":"2024-08-29T18:10:18","date_gmt":"2024-08-29T16:10:18","guid":{"rendered":"https:\/\/www.mes-allocs.fr\/guides\/?p=81879"},"modified":"2026-04-22T10:51:58","modified_gmt":"2026-04-22T09:51:58","slug":"pension-invalidite-et-prime-exceptionnelle","status":"publish","type":"post","link":"https:\/\/www.mes-allocs.fr\/guides\/pension-invalidite\/cumul-pension-invalidite\/pension-invalidite-et-prime-exceptionnelle\/","title":{"rendered":"Peut-on cumuler pension d&rsquo;invalidit\u00e9 et prime exceptionnelle ?"},"content":{"rendered":"<p><img loading=\"lazy\" decoding=\"async\" class=\"alignnone wp-image-81740 size-full\" title=\"pension invalidit\u00e9 et prime exceptionnelle\" src=\"https:\/\/www.mes-allocs.fr\/guides\/wp-content\/uploads\/2024\/08\/euro-1557431_1280-e1724674082938.jpg\" alt=\"pension invalidit\u00e9 et prime exceptionnelle\" width=\"1280\" height=\"300\" srcset=\"https:\/\/www.mes-allocs.fr\/guides\/wp-content\/uploads\/2024\/08\/euro-1557431_1280-e1724674082938.jpg 1280w, https:\/\/www.mes-allocs.fr\/guides\/wp-content\/uploads\/2024\/08\/euro-1557431_1280-e1724674082938-300x70.jpg 300w, https:\/\/www.mes-allocs.fr\/guides\/wp-content\/uploads\/2024\/08\/euro-1557431_1280-e1724674082938-1024x240.jpg 1024w, https:\/\/www.mes-allocs.fr\/guides\/wp-content\/uploads\/2024\/08\/euro-1557431_1280-e1724674082938-768x180.jpg 768w, https:\/\/www.mes-allocs.fr\/guides\/wp-content\/uploads\/2024\/08\/euro-1557431_1280-e1724674082938-600x141.jpg 600w\" sizes=\"auto, (max-width: 1280px) 100vw, 1280px\" \/><\/p>\n<p><strong>La <a href=\"https:\/\/www.mes-allocs.fr\/guides\/pension-invalidite\/\">pension d&rsquo;invalidit\u00e9<\/a> est une allocation destin\u00e9e \u00e0 compenser la perte de revenus due \u00e0 une incapacit\u00e9 de travail r\u00e9sultant d&rsquo;une maladie ou d&rsquo;un accident. De leur c\u00f4t\u00e9, les primes exceptionnelles, comme les primes de performance ou de fin d&rsquo;ann\u00e9e vers\u00e9es par les employeurs, sont des revenus suppl\u00e9mentaires qui peuvent varier en fonction des circonstances et des performances individuelles. La question de savoir si l&rsquo;on peut cumuler une pension d&rsquo;invalidit\u00e9 avec une prime exceptionnelle est cruciale pour les b\u00e9n\u00e9ficiaires qui pourraient se retrouver dans une situation o\u00f9 des revenus additionnels sont per\u00e7us. Cet article explore les implications de ce cumul, les r\u00e8gles \u00e0 respecter et les \u00e9ventuelles cons\u00e9quences sur les droits aux prestations sociales.<\/strong><\/p>\n<div class='cta-block'><div class='text'>Simulez toutes vos aides en 2 min.<\/div><a href='https:\/\/www.mes-allocs.fr\/ab-app?origin=guides\/wp-json\/wp\/v2\/posts\/81879' class='app-button fit'>Simulation gratuite<\/a><\/div>\n<h1>Peut-on cumuler une pension d&rsquo;invalidit\u00e9 et une prime exceptionnelle ?<\/h1>\n<h2><strong>Cumul autoris\u00e9 : r\u00e9glementations g\u00e9n\u00e9rales<\/strong><\/h2>\n<p>Oui, il est g\u00e9n\u00e9ralement possible de <a href=\"https:\/\/www.mes-allocs.fr\/guides\/pension-invalidite\/cumul-pension-invalidite\/\">cumuler une pension d&rsquo;invalidit\u00e9<\/a> avec une prime exceptionnelle. La pension d\u2019invalidit\u00e9 est calcul\u00e9e en fonction de la perte de capacit\u00e9 de travail, et les primes exceptionnelles ne sont pas prises en compte dans ce calcul. En th\u00e9orie, la r\u00e9ception d&rsquo;une prime exceptionnelle n\u2019affecte pas le montant de la pension d&rsquo;invalidit\u00e9.<\/p>\n<h2><strong>Conditions sp\u00e9cifiques \u00e0 v\u00e9rifier<\/strong><\/h2>\n<p>Bien que le cumul soit autoris\u00e9, il est crucial de v\u00e9rifier si d&rsquo;autres aides ou prestations sociales que vous percevez sont soumises \u00e0 des conditions de ressources. Par exemple, certaines aides sociales peuvent \u00eatre impact\u00e9es par l&rsquo;augmentation des revenus totaux due \u00e0 la prime exceptionnelle.<\/p>\n<div class='cta-block'><div class='text'>Simulez toutes vos aides en 2 min.<\/div><a href='https:\/\/www.mes-allocs.fr\/ab-app?origin=guides\/wp-json\/wp\/v2\/posts\/81879' class='app-button fit'>Simulation gratuite<\/a><\/div>\n<h1>Impact de la prime exceptionnelle sur la pension d&rsquo;invalidit\u00e9<\/h1>\n<h2><strong>Effets directs sur la pension d&rsquo;invalidit\u00e9<\/strong><\/h2>\n<p>La prime exceptionnelle elle-m\u00eame n\u2019affecte pas directement le montant de la pension d&rsquo;invalidit\u00e9, car cette derni\u00e8re est d\u00e9termin\u00e9e par le taux d&rsquo;incapacit\u00e9 de travail et non par les revenus suppl\u00e9mentaires. Cependant, il est important de noter que les r\u00e8gles sp\u00e9cifiques peuvent varier en fonction des circonstances individuelles.<\/p>\n<h2><strong>Impact sur d\u2019autres aides sociales<\/strong><\/h2>\n<p>Certaines aides sociales, comme l&rsquo;Allocation Adulte Handicap\u00e9 (AAH) ou l&rsquo;Allocation Suppl\u00e9mentaire d&rsquo;Invalidit\u00e9 (ASI), sont bas\u00e9es sur les ressources totales du m\u00e9nage. Par cons\u00e9quent, la r\u00e9ception d\u2019une prime exceptionnelle peut faire augmenter vos revenus globaux et r\u00e9duire ou supprimer ces aides, si les plafonds de ressources sont d\u00e9pass\u00e9s.<\/p>\n<h1>Comment d\u00e9clarer une prime exceptionnelle tout en percevant une pension d&rsquo;invalidit\u00e9 ?<\/h1>\n<h2><strong>D\u00e9marches aupr\u00e8s des organismes sociaux<\/strong><\/h2>\n<p>Il est essentiel de d\u00e9clarer la r\u00e9ception de toute prime exceptionnelle \u00e0 votre caisse d&rsquo;assurance maladie ou \u00e0 tout autre organisme responsable de la gestion de votre pension d&rsquo;invalidit\u00e9. Cette d\u00e9claration permet de maintenir une transparence totale et d\u2019\u00e9viter des probl\u00e8mes administratifs ou des sanctions.<\/p>\n<h2><strong>D\u00e9claration aux services fiscaux<\/strong><\/h2>\n<p>Outre les organismes sociaux, les primes exceptionnelles doivent \u00e9galement \u00eatre d\u00e9clar\u00e9es aux services fiscaux dans le cadre de vos revenus annuels. Assurez-vous de bien conserver tous les documents justificatifs relatifs \u00e0 la prime re\u00e7ue.<\/p>\n<p><iframe loading=\"lazy\" title=\"La pension d&#039;invalidit\u00e9\" width=\"500\" height=\"281\" src=\"https:\/\/www.youtube.com\/embed\/_UJaa1UDtZs?feature=oembed\" frameborder=\"0\" allow=\"accelerometer; autoplay; clipboard-write; encrypted-media; gyroscope; picture-in-picture; web-share\" referrerpolicy=\"strict-origin-when-cross-origin\" allowfullscreen><\/iframe><\/p>\n<h1>Risques et cons\u00e9quences de la non-d\u00e9claration de la prime exceptionnelle<\/h1>\n<h2>Risques administratifs<\/h2>\n<p>La non-d\u00e9claration d\u2019une prime exceptionnelle per\u00e7ue alors que vous b\u00e9n\u00e9ficiez d&rsquo;une pension d&rsquo;invalidit\u00e9 peut entra\u00eener des complications administratives majeures. Les organismes sociaux, comme les caisses d&rsquo;assurance maladie, effectuent r\u00e9guli\u00e8rement des contr\u00f4les pour v\u00e9rifier la conformit\u00e9 des d\u00e9clarations faites par les allocataires.<\/p>\n<ol>\n<li><strong>R\u00e9cup\u00e9ration des aides sociales<\/strong><br \/>\nSi un organisme social d\u00e9couvre que vous avez per\u00e7u une prime exceptionnelle non d\u00e9clar\u00e9e, cela peut entra\u00eener une r\u00e9\u00e9valuation de vos droits aux prestations sociales. Dans certains cas, cette r\u00e9\u00e9valuation peut aboutir \u00e0 la suppression de certaines aides ou \u00e0 la demande de remboursement des prestations per\u00e7ues. Par exemple, si la prime fait augmenter vos revenus au-del\u00e0 des plafonds de ressources fix\u00e9s pour certaines aides comme l&rsquo;Allocation Suppl\u00e9mentaire d&rsquo;Invalidit\u00e9 (ASI) ou l&rsquo;Allocation Adulte Handicap\u00e9 (AAH), l&rsquo;organisme pourrait vous demander de restituer les montants ind\u00fbment per\u00e7us.<\/li>\n<li><strong>P\u00e9nalit\u00e9s financi\u00e8res<\/strong><br \/>\nEn cas de manquement \u00e0 vos obligations d\u00e9claratives, des p\u00e9nalit\u00e9s financi\u00e8res peuvent \u00eatre impos\u00e9es. Selon la l\u00e9gislation en vigueur, les sanctions peuvent \u00eatre sous forme d&rsquo;amendes administratives, souvent calcul\u00e9es en pourcentage des sommes non d\u00e9clar\u00e9es. Ces amendes peuvent consid\u00e9rablement augmenter le co\u00fbt r\u00e9el de la prime per\u00e7ue si elles ne sont pas pay\u00e9es en temps et en heure.<\/li>\n<li><strong>Proc\u00e9dures de contr\u00f4le et v\u00e9rifications suppl\u00e9mentaires<\/strong><br \/>\nLa non-d\u00e9claration d&rsquo;une prime exceptionnelle peut entra\u00eener des contr\u00f4les approfondis sur l\u2019ensemble de votre dossier. Cela signifie que non seulement votre prime sera r\u00e9examin\u00e9e, mais vos autres revenus et prestations \u00e9galement. Ces contr\u00f4les peuvent \u00eatre source de stress et de difficult\u00e9s suppl\u00e9mentaires. Si des irr\u00e9gularit\u00e9s sont constat\u00e9es, cela peut prolonger la suspension de certaines aides, en attendant la r\u00e9gularisation du dossier.<\/li>\n<li><strong>Suspension ou r\u00e9duction des prestations<\/strong><br \/>\nDans les cas les plus graves, les prestations peuvent \u00eatre temporairement suspendues jusqu&rsquo;\u00e0 ce que votre situation soit clarifi\u00e9e. Cela signifie que vous pourriez perdre, pendant une p\u00e9riode, les versements de votre pension d&rsquo;invalidit\u00e9 ou d&rsquo;autres aides sociales. Ces interruptions peuvent rendre plus difficile la gestion de vos finances personnelles et impacter votre stabilit\u00e9 \u00e9conomique.<\/li>\n<\/ol>\n<h2>\u00a0Cons\u00e9quences fiscales<\/h2>\n<p>La non-d\u00e9claration d&rsquo;une prime exceptionnelle peut \u00e9galement avoir des cons\u00e9quences fiscales significatives. Il est important de se rappeler que toutes les primes doivent \u00eatre incluses dans vos revenus d\u00e9clar\u00e9s \u00e0 l&rsquo;administration fiscale, m\u00eame si elles sont per\u00e7ues de mani\u00e8re ponctuelle.<\/p>\n<ol>\n<li><strong>P\u00e9nalit\u00e9s pour non-d\u00e9claration de revenus<\/strong><br \/>\nEn omettant de d\u00e9clarer une prime exceptionnelle, vous risquez d&rsquo;\u00eatre redevable de p\u00e9nalit\u00e9s fiscales. En g\u00e9n\u00e9ral, le fisc impose des sanctions pour omission ou sous-d\u00e9claration de revenus, qui peuvent repr\u00e9senter entre 10 % et 80 % des sommes non d\u00e9clar\u00e9es, selon la gravit\u00e9 de l&rsquo;infraction. Le fisc peut \u00e9galement exiger le paiement des int\u00e9r\u00eats de retard, augmentant ainsi le montant total que vous devrez r\u00e9gler.<\/li>\n<li><strong>R\u00e9gularisations fiscales tardives<\/strong><br \/>\nSi l&rsquo;administration fiscale d\u00e9tecte l\u2019omission apr\u00e8s que vous ayez re\u00e7u votre avis d\u2019imposition, elle peut proc\u00e9der \u00e0 des r\u00e9gularisations tardives. Cela signifie que vous pourriez \u00eatre contraint de payer des imp\u00f4ts suppl\u00e9mentaires, parfois avec des majorations, sur des revenus que vous n&rsquo;aviez pas inclus initialement. Ces r\u00e9gularisations peuvent s\u2019av\u00e9rer complexes, avec des ajustements r\u00e9troactifs sur plusieurs ann\u00e9es de d\u00e9clarations fiscales.<\/li>\n<li><strong>Contr\u00f4les fiscaux accrus<\/strong><br \/>\nLa non-d\u00e9claration d&rsquo;une prime exceptionnelle peut \u00e9galement d\u00e9clencher un contr\u00f4le fiscal plus large sur l&rsquo;ensemble de vos revenus. En effet, l\u2019administration fiscale, en d\u00e9couvrant une omission, peut d\u00e9cider d&rsquo;analyser de mani\u00e8re plus approfondie l\u2019ensemble de vos d\u00e9clarations fiscales pass\u00e9es. Cela pourrait d\u00e9boucher sur la mise en lumi\u00e8re d&rsquo;autres irr\u00e9gularit\u00e9s, cr\u00e9ant des difficult\u00e9s suppl\u00e9mentaires.<\/li>\n<li><strong>Complexit\u00e9 des d\u00e9marches fiscales<\/strong><br \/>\nEn cas de redressement, les d\u00e9marches de r\u00e9gularisation peuvent s\u2019av\u00e9rer complexes et fastidieuses. Vous devrez peut-\u00eatre fournir des justificatifs d\u00e9taill\u00e9s, r\u00e9pondre \u00e0 des demandes d&rsquo;explications, voire engager un expert-comptable pour r\u00e9soudre le diff\u00e9rend avec l&rsquo;administration fiscale. Ces d\u00e9marches peuvent \u00eatre chronophages et entra\u00eener des frais suppl\u00e9mentaires, compliquant davantage la gestion de vos finances personnelles.<\/li>\n<li><strong>Risques d\u2019accumulation des dettes fiscales<\/strong><br \/>\nSi vous \u00eates dans l\u2019incapacit\u00e9 de r\u00e9gulariser votre situation rapidement, vous risquez de vous retrouver face \u00e0 une accumulation de dettes fiscales. Cela peut engendrer des poursuites judiciaires pour recouvrement de la part des services fiscaux, avec \u00e9ventuellement des saisies sur salaire ou sur vos autres revenus.<\/li>\n<\/ol>\n<h1>Exemples pratiques et conseils<\/h1>\n<h2><strong>Cas pratiques de cumul<\/strong><\/h2>\n<p>Pour illustrer, prenons le cas d\u2019un b\u00e9n\u00e9ficiaire de pension d\u2019invalidit\u00e9 qui re\u00e7oit une prime exceptionnelle de fin d&rsquo;ann\u00e9e. Si ce b\u00e9n\u00e9ficiaire per\u00e7oit \u00e9galement l\u2019AAH, il devra v\u00e9rifier si le montant total de ses revenus d\u00e9passe le plafond de ressources pour cette aide. En cas de d\u00e9passement, l&rsquo;AAH pourrait \u00eatre r\u00e9duite ou supprim\u00e9e.<\/p>\n<h2><strong>Conseils pour g\u00e9rer le cumul de revenus<\/strong><\/h2>\n<p>Il est conseill\u00e9 de consulter un conseiller social ou un expert fiscal pour bien comprendre les implications de la r\u00e9ception d\u2019une prime exceptionnelle sur vos aides sociales et fiscales. Gardez une documentation compl\u00e8te et mettez \u00e0 jour r\u00e9guli\u00e8rement vos informations aupr\u00e8s des organismes concern\u00e9s.<\/p>\n<p>Le cumul d&rsquo;une pension d&rsquo;invalidit\u00e9 avec une prime exceptionnelle est g\u00e9n\u00e9ralement possible sans impact direct sur le montant de la pension. Cependant, il est crucial de d\u00e9clarer correctement toute prime re\u00e7ue pour \u00e9viter des complications avec les aides sociales et les obligations fiscales. La gestion transparente de vos revenus garantit que vos droits sont maintenus et que vous restez en conformit\u00e9 avec les r\u00e9glementations en vigueur. Pour toute question ou doute sp\u00e9cifique, n&rsquo;h\u00e9sitez pas \u00e0 consulter des experts en gestion sociale et fiscale.<\/p>\n<div class='cta-block'><div class='text'>Simulez toutes vos aides en 2 min.<\/div><a href='https:\/\/www.mes-allocs.fr\/ab-app?origin=guides\/wp-json\/wp\/v2\/posts\/81879' class='app-button fit'>Simulation gratuite<\/a><\/div>\n<p>&nbsp;<\/p>\n","protected":false},"excerpt":{"rendered":"<p>La pension d&rsquo;invalidit\u00e9 est une allocation destin\u00e9e \u00e0 compenser la perte de revenus due \u00e0 une incapacit\u00e9 de travail r\u00e9sultant d&rsquo;une maladie ou d&rsquo;un accident. De leur c\u00f4t\u00e9, les primes exceptionnelles, comme les primes de performance ou de fin d&rsquo;ann\u00e9e vers\u00e9es par les employeurs, sont des revenus suppl\u00e9mentaires qui peuvent varier en fonction des circonstances [&hellip;]<\/p>\n","protected":false},"author":26,"featured_media":80562,"comment_status":"open","ping_status":"open","sticky":false,"template":"","format":"standard","meta":{"amp_status":"","footnotes":""},"categories":[37397,35633],"tags":[],"class_list":["post-81879","post","type-post","status-publish","format-standard","has-post-thumbnail","hentry","category-cumul-pension-invalidite","category-pension-invalidite"],"yoast_head":"<!-- This site is optimized with the Yoast SEO plugin v14.9 - https:\/\/yoast.com\/wordpress\/plugins\/seo\/ -->\n<title>Peut-on cumuler pension d&#039;invalidit\u00e9 et prime exceptionnelle ?<\/title>\n<meta name=\"description\" content=\"La question de savoir si l&#039;on peut cumuler une pension d&#039;invalidit\u00e9 avec une prime exceptionnelle est cruciale pour les b\u00e9n\u00e9ficiaires.\" \/>\n<meta name=\"robots\" content=\"index, follow, max-snippet:-1, max-image-preview:large, max-video-preview:-1\" \/>\n<link rel=\"canonical\" href=\"https:\/\/www.mes-allocs.fr\/guides\/pension-invalidite\/cumul-pension-invalidite\/pension-invalidite-et-prime-exceptionnelle\/\" \/>\n<meta property=\"og:locale\" content=\"fr_FR\" \/>\n<meta property=\"og:type\" content=\"article\" \/>\n<meta property=\"og:title\" content=\"Peut-on cumuler pension d&#039;invalidit\u00e9 et prime exceptionnelle ?\" \/>\n<meta property=\"og:description\" content=\"La question de savoir si l&#039;on peut cumuler une pension d&#039;invalidit\u00e9 avec une prime exceptionnelle est cruciale pour les b\u00e9n\u00e9ficiaires.\" \/>\n<meta property=\"og:url\" content=\"https:\/\/www.mes-allocs.fr\/guides\/pension-invalidite\/cumul-pension-invalidite\/pension-invalidite-et-prime-exceptionnelle\/\" \/>\n<meta property=\"og:site_name\" content=\"Mes-Allocs.fr\" \/>\n<meta property=\"article:published_time\" content=\"2024-08-29T16:10:18+00:00\" \/>\n<meta property=\"article:modified_time\" content=\"2026-04-22T09:51:58+00:00\" \/>\n<meta property=\"og:image\" content=\"https:\/\/www.mes-allocs.fr\/guides\/wp-content\/uploads\/2024\/06\/dollar-bill-2462388_1280.jpg?wsr\" \/>\n\t<meta property=\"og:image:width\" content=\"1280\" \/>\n\t<meta property=\"og:image:height\" content=\"853\" \/>\n<meta name=\"twitter:card\" content=\"summary_large_image\" \/>\n<script type=\"application\/ld+json\" class=\"yoast-schema-graph\">{\"@context\":\"https:\/\/schema.org\",\"@graph\":[{\"@type\":\"WebSite\",\"@id\":\"https:\/\/www.mes-allocs.fr\/guides\/#website\",\"url\":\"https:\/\/www.mes-allocs.fr\/guides\/\",\"name\":\"Mes-Allocs.fr\",\"description\":\"\",\"potentialAction\":[{\"@type\":\"SearchAction\",\"target\":\"https:\/\/www.mes-allocs.fr\/guides\/?s={search_term_string}\",\"query-input\":\"required name=search_term_string\"}],\"inLanguage\":\"fr-FR\"},{\"@type\":\"ImageObject\",\"@id\":\"https:\/\/www.mes-allocs.fr\/guides\/pension-invalidite\/cumul-pension-invalidite\/pension-invalidite-et-prime-exceptionnelle\/#primaryimage\",\"inLanguage\":\"fr-FR\",\"url\":\"https:\/\/www.mes-allocs.fr\/guides\/wp-content\/uploads\/2024\/06\/dollar-bill-2462388_1280.jpg?wsr\",\"width\":1280,\"height\":853,\"caption\":\"pension invalidit\\u00e9 et prime exceptionnelle\"},{\"@type\":\"WebPage\",\"@id\":\"https:\/\/www.mes-allocs.fr\/guides\/pension-invalidite\/cumul-pension-invalidite\/pension-invalidite-et-prime-exceptionnelle\/#webpage\",\"url\":\"https:\/\/www.mes-allocs.fr\/guides\/pension-invalidite\/cumul-pension-invalidite\/pension-invalidite-et-prime-exceptionnelle\/\",\"name\":\"Peut-on cumuler pension d'invalidit\\u00e9 et prime exceptionnelle ?\",\"isPartOf\":{\"@id\":\"https:\/\/www.mes-allocs.fr\/guides\/#website\"},\"primaryImageOfPage\":{\"@id\":\"https:\/\/www.mes-allocs.fr\/guides\/pension-invalidite\/cumul-pension-invalidite\/pension-invalidite-et-prime-exceptionnelle\/#primaryimage\"},\"datePublished\":\"2024-08-29T16:10:18+00:00\",\"dateModified\":\"2026-04-22T09:51:58+00:00\",\"author\":{\"@id\":\"https:\/\/www.mes-allocs.fr\/guides\/#\/schema\/person\/9c38f3be41a0ddcd1e3fde5a3df713bf\"},\"description\":\"La question de savoir si l'on peut cumuler une pension d'invalidit\\u00e9 avec une prime exceptionnelle est cruciale pour les b\\u00e9n\\u00e9ficiaires.\",\"inLanguage\":\"fr-FR\"},{\"@type\":\"Person\",\"@id\":\"https:\/\/www.mes-allocs.fr\/guides\/#\/schema\/person\/9c38f3be41a0ddcd1e3fde5a3df713bf\",\"name\":\"Sessime Ananou\",\"image\":{\"@type\":\"ImageObject\",\"@id\":\"https:\/\/www.mes-allocs.fr\/guides\/#personlogo\",\"inLanguage\":\"fr-FR\",\"url\":\"https:\/\/www.mes-allocs.fr\/guides\/wp-content\/uploads\/2023\/08\/IMG_8173-150x150.jpg\",\"caption\":\"Sessime Ananou\"},\"description\":\"Sessime est r\\u00e9dactrice chez Mes Allocs, sp\\u00e9cialis\\u00e9e sur le pouvoir d'achat. Elle rejoint l'\\u00e9quipe Mes Allocs en ao\\u00fbt 2023 afin de simplifier l'acc\\u00e8s \\u00e0 l'information sur les aides en g\\u00e9n\\u00e9ral.\"}]}<\/script>\n<!-- \/ Yoast SEO plugin. -->","amp_validity":null,"acf":{"faq":{"1":{"question":"Puis-je recevoir une prime exceptionnelle tout en percevant une pension d'invalidit\u00e9 ? ","answer":"Oui, il est possible de recevoir une prime exceptionnelle en plus de votre pension d'invalidit\u00e9. La pension d'invalidit\u00e9 est calcul\u00e9e en fonction de votre incapacit\u00e9 de travail et ne d\u00e9pend pas directement des primes ou autres revenus exceptionnels. Cependant, il est important de bien d\u00e9clarer tous les revenus re\u00e7us pour \u00e9viter tout probl\u00e8me administratif."},"2":{"question":"La perception d'une prime exceptionnelle affecte-t-elle le montant de ma pension d'invalidit\u00e9 ?","answer":"Non, la pension d'invalidit\u00e9 elle-m\u00eame n'est pas affect\u00e9e par la r\u00e9ception d'une prime exceptionnelle, car elle est bas\u00e9e sur votre incapacit\u00e9 de travail et non sur vos revenus. Cependant, si vous percevez d'autres aides sociales ou allocations qui sont soumises \u00e0 des conditions de ressources, ces primes peuvent avoir un impact sur le montant de ces aides.\r\n"},"3":{"question":"Dois-je d\u00e9clarer la prime exceptionnelle aux organismes sociaux qui versent ma pension d'invalidit\u00e9 ? ","answer":" Oui, il est conseill\u00e9 de d\u00e9clarer toute prime exceptionnelle que vous recevez \u00e0 votre caisse d'assurance maladie ou aux organismes comp\u00e9tents pour la gestion de vos aides sociales. Cela garantit que toutes les informations concernant vos revenus sont \u00e0 jour et conformes aux exigences l\u00e9gales."},"4":{"question":"La prime exceptionnelle peut-elle avoir un impact sur d'autres aides sociales que je re\u00e7ois ?","answer":"Oui, certaines aides sociales sont soumises \u00e0 des conditions de ressources. Par exemple, si vous percevez l'Allocation Adulte Handicap\u00e9 (AAH) ou l'Allocation Suppl\u00e9mentaire d'Invalidit\u00e9 (ASI), la prime exceptionnelle peut faire augmenter vos revenus globaux et affecter le montant de ces prestations."},"5":{"question":"Quels sont les risques si je ne d\u00e9clare pas une prime exceptionnelle re\u00e7ue ?","answer":"Ne pas d\u00e9clarer une prime exceptionnelle peut entra\u00eener des complications administratives et des sanctions. Les organismes sociaux peuvent demander le remboursement des prestations ind\u00fbment per\u00e7ues, appliquer des p\u00e9nalit\u00e9s ou engager des proc\u00e9dures de contr\u00f4le. La transparence est essentielle pour \u00e9viter des probl\u00e8mes futurs."},"6":{"question":"Y a-t-il des r\u00e8gles sp\u00e9cifiques pour la d\u00e9claration des primes exceptionnelles ?","answer":"Les primes exceptionnelles doivent \u00eatre d\u00e9clar\u00e9es dans le cadre de vos revenus, comme indiqu\u00e9 par les r\u00e8gles fiscales et sociales en vigueur. Assurez-vous de conserver les documents justificatifs et de les fournir aux organismes concern\u00e9s si n\u00e9cessaire. V\u00e9rifiez les modalit\u00e9s de d\u00e9claration aupr\u00e8s de votre caisse d'assurance maladie ou de l'administration fiscale pour \u00eatre en conformit\u00e9 avec les exigences l\u00e9gales."},"7":{"question":"","answer":""},"8":{"question":"","answer":""},"9":{"question":"","answer":""},"10":{"question":"","answer":""},"11":{"question":"","answer":""},"12":{"question":"","answer":""},"13":{"question":"","answer":""},"14":{"question":"","answer":""},"15":{"question":"","answer":""},"16":{"question":"","answer":""}}},"_links":{"self":[{"href":"https:\/\/www.mes-allocs.fr\/guides\/wp-json\/wp\/v2\/posts\/81879","targetHints":{"allow":["GET"]}}],"collection":[{"href":"https:\/\/www.mes-allocs.fr\/guides\/wp-json\/wp\/v2\/posts"}],"about":[{"href":"https:\/\/www.mes-allocs.fr\/guides\/wp-json\/wp\/v2\/types\/post"}],"author":[{"embeddable":true,"href":"https:\/\/www.mes-allocs.fr\/guides\/wp-json\/wp\/v2\/users\/26"}],"replies":[{"embeddable":true,"href":"https:\/\/www.mes-allocs.fr\/guides\/wp-json\/wp\/v2\/comments?post=81879"}],"version-history":[{"count":4,"href":"https:\/\/www.mes-allocs.fr\/guides\/wp-json\/wp\/v2\/posts\/81879\/revisions"}],"predecessor-version":[{"id":94219,"href":"https:\/\/www.mes-allocs.fr\/guides\/wp-json\/wp\/v2\/posts\/81879\/revisions\/94219"}],"wp:featuredmedia":[{"embeddable":true,"href":"https:\/\/www.mes-allocs.fr\/guides\/wp-json\/wp\/v2\/media\/80562"}],"wp:attachment":[{"href":"https:\/\/www.mes-allocs.fr\/guides\/wp-json\/wp\/v2\/media?parent=81879"}],"wp:term":[{"taxonomy":"category","embeddable":true,"href":"https:\/\/www.mes-allocs.fr\/guides\/wp-json\/wp\/v2\/categories?post=81879"},{"taxonomy":"post_tag","embeddable":true,"href":"https:\/\/www.mes-allocs.fr\/guides\/wp-json\/wp\/v2\/tags?post=81879"}],"curies":[{"name":"wp","href":"https:\/\/api.w.org\/{rel}","templated":true}]}}