{"id":81868,"date":"2024-08-29T17:07:35","date_gmt":"2024-08-29T15:07:35","guid":{"rendered":"https:\/\/www.mes-allocs.fr\/guides\/?p=81868"},"modified":"2026-04-22T10:51:58","modified_gmt":"2026-04-22T09:51:58","slug":"cumul-pension-invalidite-pension-reversion","status":"publish","type":"post","link":"https:\/\/www.mes-allocs.fr\/guides\/pension-invalidite\/cumul-pension-invalidite\/cumul-pension-invalidite-pension-reversion\/","title":{"rendered":"Peut-on cumuler pension d&rsquo;invalidit\u00e9 et pension de r\u00e9version ?"},"content":{"rendered":"<p><img loading=\"lazy\" decoding=\"async\" class=\"alignnone wp-image-81422 size-full\" title=\"cumul pension d'invalidit\u00e9 et pension de reversion\" src=\"https:\/\/www.mes-allocs.fr\/guides\/wp-content\/uploads\/2024\/07\/money-3481699_1280-e1722432681551.jpg\" alt=\"cumul pension d'invalidit\u00e9 et pension de reversion\" width=\"1280\" height=\"307\" \/><\/p>\n<p><strong>La <a href=\"https:\/\/www.mes-allocs.fr\/guides\/pension-invalidite\/\">pension d&rsquo;invalidit\u00e9<\/a> et la pension de r\u00e9version sont deux dispositifs d&rsquo;aide financi\u00e8re destin\u00e9s \u00e0 r\u00e9pondre \u00e0 des situations sp\u00e9cifiques : l&rsquo;invalidit\u00e9 pour la premi\u00e8re, et le d\u00e9c\u00e8s du conjoint pour la seconde. \u00a0Cependant, de nombreuses personnes s&rsquo;interrogent sur la possibilit\u00e9 de cumuler ces deux pensions et sur les conditions associ\u00e9es. Ce cumul est possible dans certains cas, mais il est encadr\u00e9 par des r\u00e8gles sp\u00e9cifiques, notamment concernant les plafonds de revenus.\u00a0<\/strong><\/p>\n<div class='cta-block'><div class='text'>Simulez toutes vos aides en 2 min.<\/div><a href='https:\/\/www.mes-allocs.fr\/ab-app?origin=guides\/wp-json\/wp\/v2\/posts\/81868' class='app-button fit'>Simulation gratuite<\/a><\/div>\n<h1>Qu&rsquo;est-ce que la pension d&rsquo;invalidit\u00e9 et la pension de r\u00e9version ?<\/h1>\n<h2><strong>Qu&rsquo;est-ce que la pension d&rsquo;invalidit\u00e9 ?<\/strong><\/h2>\n<p>La pension d&rsquo;invalidit\u00e9 est une allocation vers\u00e9e aux personnes ayant une incapacit\u00e9 de travail en raison d&rsquo;une maladie ou d&rsquo;un accident non professionnel. Elle est destin\u00e9e \u00e0 compenser la perte de revenus r\u00e9sultant de cette incapacit\u00e9 partielle ou totale. Il existe trois cat\u00e9gories de pension d&rsquo;invalidit\u00e9, correspondant \u00e0 diff\u00e9rents niveaux d&rsquo;incapacit\u00e9 :<\/p>\n<ul>\n<li><strong>1\u00e8re cat\u00e9gorie<\/strong> : incapacit\u00e9 partielle (capacit\u00e9 de travail r\u00e9duite).<\/li>\n<li><strong>2\u00e8me cat\u00e9gorie<\/strong> : incapacit\u00e9 totale (impossibilit\u00e9 d&rsquo;exercer une activit\u00e9 professionnelle).<\/li>\n<li><strong>3\u00e8me cat\u00e9gorie<\/strong> : incapacit\u00e9 totale avec besoin d&rsquo;assistance d&rsquo;une tierce personne.<\/li>\n<\/ul>\n<h2><strong>Qu&rsquo;est-ce que la pension de r\u00e9version ?<\/strong><\/h2>\n<p>La pension de r\u00e9version est une allocation vers\u00e9e au conjoint survivant d&rsquo;une personne d\u00e9c\u00e9d\u00e9e qui percevait ou aurait pu percevoir une pension de retraite. Elle correspond g\u00e9n\u00e9ralement \u00e0 54 % de la pension de retraite du d\u00e9funt. Toutefois, le versement de cette pension d\u00e9pend de certains crit\u00e8res, notamment le montant des revenus du conjoint survivant, et est soumise \u00e0 des plafonds de ressources.<\/p>\n<div class='cta-block'><div class='text'>Simulez toutes vos aides en 2 min.<\/div><a href='https:\/\/www.mes-allocs.fr\/ab-app?origin=guides\/wp-json\/wp\/v2\/posts\/81868' class='app-button fit'>Simulation gratuite<\/a><\/div>\n<h1>Est-il possible de cumuler une pension d&rsquo;invalidit\u00e9 et une pension de r\u00e9version ?<\/h1>\n<h2><strong>Le cumul est-il autoris\u00e9 par la loi ?<\/strong><\/h2>\n<p>Le <a href=\"https:\/\/www.mes-allocs.fr\/guides\/pension-invalidite\/cumul-pension-invalidite\/\">cumul d&rsquo;une pension d&rsquo;invalidit\u00e9<\/a> et d&rsquo;une pension de r\u00e9version est autoris\u00e9. Cependant, des restrictions existent en fonction des ressources du b\u00e9n\u00e9ficiaire. La pension d&rsquo;invalidit\u00e9 est prise en compte dans le calcul des ressources globales du b\u00e9n\u00e9ficiaire pour d\u00e9terminer l&rsquo;\u00e9ligibilit\u00e9 \u00e0 la pension de r\u00e9version.<\/p>\n<h2><strong>Quelles sont les r\u00e8gles qui encadrent ce cumul ?<\/strong><\/h2>\n<p>Le cumul est encadr\u00e9 par des r\u00e8gles strictes. Pour recevoir une pension de r\u00e9version, les revenus du b\u00e9n\u00e9ficiaire ne doivent pas d\u00e9passer un certain plafond, qui est fix\u00e9 \u00e0 24 710,40 euros par an pour une personne seule en 2025. Ce plafond inclut la pension d&rsquo;invalidit\u00e9 et d&rsquo;autres sources de revenus. Si ce plafond est d\u00e9pass\u00e9, la pension de r\u00e9version peut \u00eatre r\u00e9duite ou supprim\u00e9e.<\/p>\n<div class='cta-block'><div class='text'>Simulez toutes vos aides en 2 min.<\/div><a href='https:\/\/www.mes-allocs.fr\/ab-app?origin=guides\/wp-json\/wp\/v2\/posts\/81868' class='app-button fit'>Simulation gratuite<\/a><\/div>\n<h1>Comment la pension d&rsquo;invalidit\u00e9 impacte-t-elle la pension de r\u00e9version ?<\/h1>\n<h2><strong>La pension d&rsquo;invalidit\u00e9 entre-t-elle dans le calcul des ressources pour la pension de r\u00e9version ?<\/strong><\/h2>\n<p>Oui, la pension d&rsquo;invalidit\u00e9 est incluse dans le calcul des ressources pour \u00e9valuer si le b\u00e9n\u00e9ficiaire a droit \u00e0 la pension de r\u00e9version. Cela signifie que le montant de la pension d&rsquo;invalidit\u00e9 peut influencer directement le montant de la pension de r\u00e9version per\u00e7ue.<\/p>\n<h2><strong>Existe-t-il des exceptions o\u00f9 le cumul est plafonn\u00e9 ou r\u00e9duit ?<\/strong><\/h2>\n<p>Il n&rsquo;y a pas d&rsquo;exception : toutes les ressources, y compris la pension d&rsquo;invalidit\u00e9, sont prises en compte pour le calcul de la pension de r\u00e9version. Si les revenus totaux, y compris la pension d&rsquo;invalidit\u00e9, d\u00e9passent le plafond de ressources, la pension de r\u00e9version est ajust\u00e9e ou suspendue.<\/p>\n<p><iframe loading=\"lazy\" title=\"La pension d&#039;invalidit\u00e9\" width=\"500\" height=\"281\" src=\"https:\/\/www.youtube.com\/embed\/_UJaa1UDtZs?feature=oembed\" frameborder=\"0\" allow=\"accelerometer; autoplay; clipboard-write; encrypted-media; gyroscope; picture-in-picture; web-share\" referrerpolicy=\"strict-origin-when-cross-origin\" allowfullscreen><\/iframe><\/p>\n<h1>Comment se fait la d\u00e9claration de la pension d&rsquo;invalidit\u00e9 lors de la demande de pension de r\u00e9version ?<\/h1>\n<h2><strong>Quels sont les documents \u00e0 fournir ?<\/strong><\/h2>\n<p>Lors de la demande de pension de r\u00e9version, il est imp\u00e9ratif de fournir toutes les informations concernant les revenus, y compris la pension d&rsquo;invalidit\u00e9. Il faudra joindre des justificatifs de ressources (bulletins de pension, avis d&rsquo;imposition, etc.) pour que l&rsquo;organisme gestionnaire puisse d\u00e9terminer votre \u00e9ligibilit\u00e9 et le montant de la r\u00e9version.<\/p>\n<h2><strong>Que se passe-t-il si mes revenus \u00e9voluent apr\u00e8s avoir commenc\u00e9 \u00e0 percevoir la r\u00e9version ?<\/strong><\/h2>\n<p>Il est obligatoire de d\u00e9clarer tout changement de situation financi\u00e8re \u00e0 la caisse de retraite. Si vos revenus, y compris la pension d&rsquo;invalidit\u00e9, augmentent et d\u00e9passent le plafond de ressources, la pension de r\u00e9version sera recalcul\u00e9e. Si ce d\u00e9passement n&rsquo;est pas signal\u00e9, vous risquez d&rsquo;avoir \u00e0 rembourser les montants per\u00e7us ind\u00fbment.<\/p>\n<h1>La cat\u00e9gorie de la pension d&rsquo;invalidit\u00e9 a-t-elle un impact sur le cumul avec la pension de r\u00e9version ?<\/h1>\n<h2><strong>Les diff\u00e9rentes cat\u00e9gories de pension d&rsquo;invalidit\u00e9 influencent-elles les droits \u00e0 r\u00e9version ?<\/strong><\/h2>\n<p>La cat\u00e9gorie de votre pension d&rsquo;invalidit\u00e9 (1\u00e8re, 2\u00e8me ou 3\u00e8me cat\u00e9gorie) peut influencer vos ressources totales, mais elle n&rsquo;a pas d&rsquo;impact direct sur les conditions de cumul avec la pension de r\u00e9version. Ce qui compte, c&rsquo;est le montant de vos revenus globaux.<\/p>\n<h2><strong>Comment la cat\u00e9gorie peut-elle affecter le montant cumul\u00e9 ?<\/strong><\/h2>\n<p>Les cat\u00e9gories de pension d&rsquo;invalidit\u00e9 repr\u00e9sentent des niveaux de gravit\u00e9 diff\u00e9rents et, par cons\u00e9quent, des montants diff\u00e9rents. Plus le montant de votre pension d&rsquo;invalidit\u00e9 est \u00e9lev\u00e9 (particuli\u00e8rement dans les cat\u00e9gories 2 et 3), plus il y a de chances que vous atteigniez le plafond de ressources fix\u00e9 pour la pension de r\u00e9version, ce qui pourrait r\u00e9duire ou \u00e9liminer cette derni\u00e8re.<\/p>\n<h1>Quels sont les impacts fiscaux et sociaux du cumul pension d&rsquo;invalidit\u00e9 et pension de r\u00e9version ?<\/h1>\n<h2><strong>Le cumul affecte-t-il les imp\u00f4ts ?<\/strong><\/h2>\n<p>Le cumul des deux pensions peut avoir un impact sur votre imposition globale. La pension de r\u00e9version est g\u00e9n\u00e9ralement imposable, tandis que la pension d&rsquo;invalidit\u00e9 peut, sous certaines conditions, \u00eatre exon\u00e9r\u00e9e d&rsquo;imp\u00f4ts. Le cumul des deux peut donc entra\u00eener une hausse de votre revenu imposable, selon votre situation.<\/p>\n<h2><strong>Ce cumul a-t-il des cons\u00e9quences sur d&rsquo;autres aides sociales ?<\/strong><\/h2>\n<p>Le cumul de la pension d&rsquo;invalidit\u00e9 et de la pension de r\u00e9version peut affecter votre \u00e9ligibilit\u00e9 \u00e0 d&rsquo;autres aides sociales, telles que l&rsquo;Allocation de solidarit\u00e9 aux personnes \u00e2g\u00e9es (Aspa). La pension d&rsquo;invalidit\u00e9 et la pension de r\u00e9version sont comptabilis\u00e9es dans les revenus, ce qui peut diminuer ou supprimer l&rsquo;acc\u00e8s \u00e0 certaines aides si les plafonds de revenus sont d\u00e9pass\u00e9s.<\/p>\n<p>En r\u00e9sum\u00e9, il est possible de cumuler une pension d&rsquo;invalidit\u00e9 avec une pension de r\u00e9version, sous certaines conditions strictement encadr\u00e9es par la l\u00e9gislation. Le montant de la pension d&rsquo;invalidit\u00e9, combin\u00e9 \u00e0 d&rsquo;autres ressources, est d\u00e9terminant pour l&rsquo;obtention et le calcul de la pension de r\u00e9version. Si les revenus globaux, incluant la pension d&rsquo;invalidit\u00e9, d\u00e9passent le plafond fix\u00e9, le montant de la pension de r\u00e9version peut \u00eatre r\u00e9duit voire supprim\u00e9.<\/p>\n","protected":false},"excerpt":{"rendered":"<p>La pension d&rsquo;invalidit\u00e9 et la pension de r\u00e9version sont deux dispositifs d&rsquo;aide financi\u00e8re destin\u00e9s \u00e0 r\u00e9pondre \u00e0 des situations sp\u00e9cifiques : l&rsquo;invalidit\u00e9 pour la premi\u00e8re, et le d\u00e9c\u00e8s du conjoint pour la seconde. \u00a0Cependant, de nombreuses personnes s&rsquo;interrogent sur la possibilit\u00e9 de cumuler ces deux pensions et sur les conditions associ\u00e9es. Ce cumul est possible [&hellip;]<\/p>\n","protected":false},"author":26,"featured_media":81650,"comment_status":"open","ping_status":"open","sticky":false,"template":"","format":"standard","meta":{"amp_status":"","footnotes":""},"categories":[37397,35633],"tags":[],"class_list":["post-81868","post","type-post","status-publish","format-standard","has-post-thumbnail","hentry","category-cumul-pension-invalidite","category-pension-invalidite"],"yoast_head":"<!-- This site is optimized with the Yoast SEO plugin v14.9 - https:\/\/yoast.com\/wordpress\/plugins\/seo\/ -->\n<title>Peut-on cumuler pension d&#039;invalidit\u00e9 et pension de reversion ?<\/title>\n<meta name=\"description\" content=\"Cumuler pension d\u2019invalidit\u00e9 et pension de reversion est possible et d\u00e9pend de plusieurs facteurs comme le montant de la pension per\u00e7ue.\" \/>\n<meta name=\"robots\" content=\"index, follow, max-snippet:-1, max-image-preview:large, max-video-preview:-1\" \/>\n<link rel=\"canonical\" href=\"https:\/\/www.mes-allocs.fr\/guides\/pension-invalidite\/cumul-pension-invalidite\/cumul-pension-invalidite-pension-reversion\/\" \/>\n<meta property=\"og:locale\" content=\"fr_FR\" \/>\n<meta property=\"og:type\" content=\"article\" \/>\n<meta property=\"og:title\" content=\"Peut-on cumuler pension d&#039;invalidit\u00e9 et pension de reversion ?\" \/>\n<meta property=\"og:description\" content=\"Cumuler pension d\u2019invalidit\u00e9 et pension de reversion est possible et d\u00e9pend de plusieurs facteurs comme le montant de la pension per\u00e7ue.\" \/>\n<meta property=\"og:url\" content=\"https:\/\/www.mes-allocs.fr\/guides\/pension-invalidite\/cumul-pension-invalidite\/cumul-pension-invalidite-pension-reversion\/\" \/>\n<meta property=\"og:site_name\" content=\"Mes-Allocs.fr\" \/>\n<meta property=\"article:published_time\" content=\"2024-08-29T15:07:35+00:00\" \/>\n<meta property=\"article:modified_time\" content=\"2026-04-22T09:51:58+00:00\" \/>\n<meta property=\"og:image\" content=\"https:\/\/www.mes-allocs.fr\/guides\/wp-content\/uploads\/2024\/08\/euro-6547061_1280.jpg?wsr\" \/>\n\t<meta property=\"og:image:width\" content=\"1280\" \/>\n\t<meta property=\"og:image:height\" content=\"853\" \/>\n<meta name=\"twitter:card\" content=\"summary_large_image\" \/>\n<script type=\"application\/ld+json\" class=\"yoast-schema-graph\">{\"@context\":\"https:\/\/schema.org\",\"@graph\":[{\"@type\":\"WebSite\",\"@id\":\"https:\/\/www.mes-allocs.fr\/guides\/#website\",\"url\":\"https:\/\/www.mes-allocs.fr\/guides\/\",\"name\":\"Mes-Allocs.fr\",\"description\":\"\",\"potentialAction\":[{\"@type\":\"SearchAction\",\"target\":\"https:\/\/www.mes-allocs.fr\/guides\/?s={search_term_string}\",\"query-input\":\"required name=search_term_string\"}],\"inLanguage\":\"fr-FR\"},{\"@type\":\"ImageObject\",\"@id\":\"https:\/\/www.mes-allocs.fr\/guides\/pension-invalidite\/cumul-pension-invalidite\/cumul-pension-invalidite-pension-reversion\/#primaryimage\",\"inLanguage\":\"fr-FR\",\"url\":\"https:\/\/www.mes-allocs.fr\/guides\/wp-content\/uploads\/2024\/08\/euro-6547061_1280.jpg?wsr\",\"width\":1280,\"height\":853,\"caption\":\"aide aux vacances msa\"},{\"@type\":\"WebPage\",\"@id\":\"https:\/\/www.mes-allocs.fr\/guides\/pension-invalidite\/cumul-pension-invalidite\/cumul-pension-invalidite-pension-reversion\/#webpage\",\"url\":\"https:\/\/www.mes-allocs.fr\/guides\/pension-invalidite\/cumul-pension-invalidite\/cumul-pension-invalidite-pension-reversion\/\",\"name\":\"Peut-on cumuler pension d'invalidit\\u00e9 et pension de reversion ?\",\"isPartOf\":{\"@id\":\"https:\/\/www.mes-allocs.fr\/guides\/#website\"},\"primaryImageOfPage\":{\"@id\":\"https:\/\/www.mes-allocs.fr\/guides\/pension-invalidite\/cumul-pension-invalidite\/cumul-pension-invalidite-pension-reversion\/#primaryimage\"},\"datePublished\":\"2024-08-29T15:07:35+00:00\",\"dateModified\":\"2026-04-22T09:51:58+00:00\",\"author\":{\"@id\":\"https:\/\/www.mes-allocs.fr\/guides\/#\/schema\/person\/9c38f3be41a0ddcd1e3fde5a3df713bf\"},\"description\":\"Cumuler pension d\\u2019invalidit\\u00e9 et pension de reversion est possible et d\\u00e9pend de plusieurs facteurs comme le montant de la pension per\\u00e7ue.\",\"inLanguage\":\"fr-FR\"},{\"@type\":\"Person\",\"@id\":\"https:\/\/www.mes-allocs.fr\/guides\/#\/schema\/person\/9c38f3be41a0ddcd1e3fde5a3df713bf\",\"name\":\"Sessime Ananou\",\"image\":{\"@type\":\"ImageObject\",\"@id\":\"https:\/\/www.mes-allocs.fr\/guides\/#personlogo\",\"inLanguage\":\"fr-FR\",\"url\":\"https:\/\/www.mes-allocs.fr\/guides\/wp-content\/uploads\/2023\/08\/IMG_8173-150x150.jpg\",\"caption\":\"Sessime Ananou\"},\"description\":\"Sessime est r\\u00e9dactrice chez Mes Allocs, sp\\u00e9cialis\\u00e9e sur le pouvoir d'achat. Elle rejoint l'\\u00e9quipe Mes Allocs en ao\\u00fbt 2023 afin de simplifier l'acc\\u00e8s \\u00e0 l'information sur les aides en g\\u00e9n\\u00e9ral.\"}]}<\/script>\n<!-- \/ Yoast SEO plugin. -->","amp_validity":null,"acf":{"faq":{"1":{"question":"Est-il possible de cumuler une pension d'invalidit\u00e9 et une pension de r\u00e9version ?","answer":"Oui, il est possible de cumuler une pension d'invalidit\u00e9 avec une pension de r\u00e9version. Cependant, le cumul est soumis \u00e0 des conditions, notamment concernant les ressources du b\u00e9n\u00e9ficiaire. La pension de r\u00e9version est soumise \u00e0 des plafonds de revenus, et la pension d'invalidit\u00e9 est incluse dans le calcul des ressources pour d\u00e9terminer l'\u00e9ligibilit\u00e9 \u00e0 la pension de r\u00e9version."},"2":{"question":"Quels sont les plafonds de revenus pour percevoir une pension de r\u00e9version en cumul avec une pension d'invalidit\u00e9 ?","answer":"Pour b\u00e9n\u00e9ficier de la pension de r\u00e9version, vos revenus ne doivent pas d\u00e9passer un certain plafond. En 2025, ce plafond est fix\u00e9 \u00e0 24 710 euros par an pour une personne seule. La pension d'invalidit\u00e9 que vous percevez est prise en compte dans le calcul de vos revenus totaux. Si vos revenus globaux, pension d'invalidit\u00e9 incluse, d\u00e9passent ce plafond, votre pension de r\u00e9version pourrait \u00eatre r\u00e9duite ou supprim\u00e9e."},"3":{"question":"La pension d'invalidit\u00e9 influence-t-elle le montant de la pension de r\u00e9version ?","answer":"Oui, la pension d'invalidit\u00e9 influence le montant de la pension de r\u00e9version. Si vos revenus, y compris votre pension d'invalidit\u00e9, d\u00e9passent le plafond de ressources, votre pension de r\u00e9version sera ajust\u00e9e en cons\u00e9quence. Elle sera diminu\u00e9e ou non vers\u00e9e si vous exc\u00e9dez les plafonds de revenus autoris\u00e9s."},"4":{"question":"La cat\u00e9gorie de la pension d'invalidit\u00e9 a-t-elle un impact sur le cumul avec la pension de r\u00e9version ?","answer":"La cat\u00e9gorie de votre pension d'invalidit\u00e9 (1\u00e8re, 2\u00e8me ou 3\u00e8me cat\u00e9gorie) peut avoir un impact indirect sur le cumul avec la pension de r\u00e9version en influen\u00e7ant le montant de vos ressources totales. Plus votre pension d'invalidit\u00e9 est \u00e9lev\u00e9e, plus elle risque de vous rapprocher, voire de d\u00e9passer le plafond de ressources fix\u00e9 pour la pension de r\u00e9version."},"5":{"question":"Faut-il d\u00e9clarer sa pension d'invalidit\u00e9 pour percevoir la pension de r\u00e9version ?","answer":"Oui, il est obligatoire de d\u00e9clarer tous vos revenus, y compris la pension d'invalidit\u00e9, lors de votre demande de pension de r\u00e9version. La Caisse nationale d'assurance vieillesse (CNAV) ou tout autre organisme comp\u00e9tent \u00e9valuera l'ensemble de vos ressources pour d\u00e9terminer si vous pouvez b\u00e9n\u00e9ficier de la r\u00e9version et, si oui, \u00e0 quel montant."},"6":{"question":"Que se passe-t-il si mes revenus d\u00e9passent le plafond de ressources apr\u00e8s avoir commenc\u00e9 \u00e0 percevoir la pension de r\u00e9version ?","answer":"Si vos revenus, y compris la pension d'invalidit\u00e9, d\u00e9passent le plafond de ressources apr\u00e8s avoir commenc\u00e9 \u00e0 percevoir la pension de r\u00e9version, il est possible que le montant de la r\u00e9version soit ajust\u00e9 ou suspendu. Il est important de signaler tout changement de situation \u00e0 l'organisme gestionnaire pour \u00e9viter de devoir rembourser des montants per\u00e7us \u00e0 tort."},"7":{"question":"","answer":""},"8":{"question":"","answer":""},"9":{"question":"","answer":""},"10":{"question":"","answer":""},"11":{"question":"","answer":""},"12":{"question":"","answer":""},"13":{"question":"","answer":""},"14":{"question":"","answer":""},"15":{"question":"","answer":""},"16":{"question":"","answer":""}}},"_links":{"self":[{"href":"https:\/\/www.mes-allocs.fr\/guides\/wp-json\/wp\/v2\/posts\/81868","targetHints":{"allow":["GET"]}}],"collection":[{"href":"https:\/\/www.mes-allocs.fr\/guides\/wp-json\/wp\/v2\/posts"}],"about":[{"href":"https:\/\/www.mes-allocs.fr\/guides\/wp-json\/wp\/v2\/types\/post"}],"author":[{"embeddable":true,"href":"https:\/\/www.mes-allocs.fr\/guides\/wp-json\/wp\/v2\/users\/26"}],"replies":[{"embeddable":true,"href":"https:\/\/www.mes-allocs.fr\/guides\/wp-json\/wp\/v2\/comments?post=81868"}],"version-history":[{"count":7,"href":"https:\/\/www.mes-allocs.fr\/guides\/wp-json\/wp\/v2\/posts\/81868\/revisions"}],"predecessor-version":[{"id":94217,"href":"https:\/\/www.mes-allocs.fr\/guides\/wp-json\/wp\/v2\/posts\/81868\/revisions\/94217"}],"wp:featuredmedia":[{"embeddable":true,"href":"https:\/\/www.mes-allocs.fr\/guides\/wp-json\/wp\/v2\/media\/81650"}],"wp:attachment":[{"href":"https:\/\/www.mes-allocs.fr\/guides\/wp-json\/wp\/v2\/media?parent=81868"}],"wp:term":[{"taxonomy":"category","embeddable":true,"href":"https:\/\/www.mes-allocs.fr\/guides\/wp-json\/wp\/v2\/categories?post=81868"},{"taxonomy":"post_tag","embeddable":true,"href":"https:\/\/www.mes-allocs.fr\/guides\/wp-json\/wp\/v2\/tags?post=81868"}],"curies":[{"name":"wp","href":"https:\/\/api.w.org\/{rel}","templated":true}]}}