{"id":81843,"date":"2024-08-28T17:54:24","date_gmt":"2024-08-28T15:54:24","guid":{"rendered":"https:\/\/www.mes-allocs.fr\/guides\/?p=81843"},"modified":"2026-04-22T10:51:58","modified_gmt":"2026-04-22T09:51:58","slug":"pension-invalidite-et-chomage","status":"publish","type":"post","link":"https:\/\/www.mes-allocs.fr\/guides\/pension-invalidite\/cumul-pension-invalidite\/pension-invalidite-et-chomage\/","title":{"rendered":"Peut-on cumuler pension d&rsquo;invalidit\u00e9 et ch\u00f4mage ?"},"content":{"rendered":"<p><img loading=\"lazy\" decoding=\"async\" class=\"alignnone wp-image-77774 size-full\" title=\"pension invalidit\u00e9 et chomage\" src=\"https:\/\/www.mes-allocs.fr\/guides\/wp-content\/uploads\/2024\/05\/park-5528190_1280-e1714985786883.jpg\" alt=\"pension invalidit\u00e9 et chomage\" width=\"1280\" height=\"332\" srcset=\"https:\/\/www.mes-allocs.fr\/guides\/wp-content\/uploads\/2024\/05\/park-5528190_1280-e1714985786883.jpg 1280w, https:\/\/www.mes-allocs.fr\/guides\/wp-content\/uploads\/2024\/05\/park-5528190_1280-e1714985786883-300x78.jpg 300w, https:\/\/www.mes-allocs.fr\/guides\/wp-content\/uploads\/2024\/05\/park-5528190_1280-e1714985786883-1024x266.jpg 1024w, https:\/\/www.mes-allocs.fr\/guides\/wp-content\/uploads\/2024\/05\/park-5528190_1280-e1714985786883-768x199.jpg 768w, https:\/\/www.mes-allocs.fr\/guides\/wp-content\/uploads\/2024\/05\/park-5528190_1280-e1714985786883-600x156.jpg 600w\" sizes=\"auto, (max-width: 1280px) 100vw, 1280px\" \/><\/p>\n<p><strong>Le cumul d\u2019une pension d\u2019invalidit\u00e9 avec des allocations ch\u00f4mage est un sujet complexe qui suscite beaucoup de questions. La <a href=\"https:\/\/www.mes-allocs.fr\/guides\/pension-invalidite\/\">pension d\u2019invalidit\u00e9<\/a> est destin\u00e9e \u00e0 compenser une incapacit\u00e9 de travailler due \u00e0 une condition m\u00e9dicale, tandis que les allocations ch\u00f4mage soutiennent financi\u00e8rement les personnes ayant perdu leur emploi malgr\u00e9 leur capacit\u00e9 de travailler. Dans certains cas, il est possible de cumuler ces deux types de prestations, mais des conditions sp\u00e9cifiques doivent \u00eatre respect\u00e9es. Cet article explore les modalit\u00e9s de ce cumul, les conditions \u00e0 remplir, et les implications potentielles pour les b\u00e9n\u00e9ficiaires.<\/strong><\/p>\n<div class='cta-block'><div class='text'>Simulez toutes vos aides en 2 min.<\/div><a href='https:\/\/www.mes-allocs.fr\/ab-app?origin=guides\/wp-json\/wp\/v2\/posts\/81843' class='app-button fit'>Simulation gratuite<\/a><\/div>\n<h1>Qu&rsquo;est-ce qu&rsquo;une pension d&rsquo;invalidit\u00e9 et quelles sont ses conditions d&rsquo;attribution ?<\/h1>\n<h2><strong>D\u00e9finition de la pension d&rsquo;invalidit\u00e9<\/strong><\/h2>\n<p>La pension d&rsquo;invalidit\u00e9 est une prestation destin\u00e9e \u00e0 compenser une incapacit\u00e9 \u00e0 travailler due \u00e0 des probl\u00e8mes de sant\u00e9. Elle est attribu\u00e9e lorsque la capacit\u00e9 de travail est r\u00e9duite de fa\u00e7on significative en raison d&rsquo;une maladie ou d&rsquo;un accident, et ce, g\u00e9n\u00e9ralement apr\u00e8s un examen m\u00e9dical approfondi. Elle se divise en plusieurs cat\u00e9gories selon le degr\u00e9 d&rsquo;incapacit\u00e9.<\/p>\n<h2><strong>Conditions d&rsquo;attribution de la pension d&rsquo;invalidit\u00e9\u00a0<\/strong><\/h2>\n<p>Pour percevoir une pension d&rsquo;invalidit\u00e9, il faut :<\/p>\n<ul>\n<li>Avoir cotis\u00e9 un certain nombre de trimestres \u00e0 la s\u00e9curit\u00e9 sociale.<\/li>\n<li>Avoir un taux d&rsquo;incapacit\u00e9 au moins \u00e9gal \u00e0 66 % pour les invalidit\u00e9s de 1\u00e8re cat\u00e9gorie, ou 50 % pour les invalidit\u00e9s de 2\u00e8me cat\u00e9gorie.<\/li>\n<li>\u00catre dans l\u2019incapacit\u00e9 de poursuivre une activit\u00e9 professionnelle r\u00e9mun\u00e9ratrice.<\/li>\n<\/ul>\n<div class='cta-block'><div class='text'>Simulez toutes vos aides en 2 min.<\/div><a href='https:\/\/www.mes-allocs.fr\/ab-app?origin=guides\/wp-json\/wp\/v2\/posts\/81843' class='app-button fit'>Simulation gratuite<\/a><\/div>\n<h1>Qu&rsquo;est-ce que les allocations ch\u00f4mage et quelles sont les conditions pour les percevoir ?<\/h1>\n<h2><strong>D\u00e9finition des allocations ch\u00f4mage<\/strong><\/h2>\n<p>Les allocations ch\u00f4mage sont des prestations vers\u00e9es aux personnes qui ont perdu leur emploi et qui remplissent les conditions pour b\u00e9n\u00e9ficier de l\u2019assurance ch\u00f4mage. Elles visent \u00e0 soutenir financi\u00e8rement les demandeurs d&#8217;emploi pendant leur recherche de travail.<\/p>\n<h2><strong>Conditions pour b\u00e9n\u00e9ficier des allocations ch\u00f4mage<\/strong><\/h2>\n<p>Pour recevoir des allocations ch\u00f4mage, il faut :<\/p>\n<ul>\n<li>\u00catre inscrit comme demandeur d&#8217;emploi aupr\u00e8s de P\u00f4le emploi.<\/li>\n<li>Avoir travaill\u00e9 un nombre minimum d\u2019heures ou de jours au cours des p\u00e9riodes pr\u00e9c\u00e9dentes (variable selon les r\u00e9gimes et les pays).<\/li>\n<li>\u00catre en recherche active d&#8217;emploi, sauf en cas d&rsquo;incapacit\u00e9 reconnue.<\/li>\n<\/ul>\n<h1>Est-il possible de cumuler une pension d&rsquo;invalidit\u00e9 avec des allocations ch\u00f4mage ?<\/h1>\n<h2><strong>Les r\u00e8gles g\u00e9n\u00e9rales de cumul<\/strong><\/h2>\n<p>En principe, il est possible de <a href=\"https:\/\/www.mes-allocs.fr\/guides\/pension-invalidite\/cumul-pension-invalidite\/\">cumuler une pension d&rsquo;invalidit\u00e9<\/a> avec des allocations ch\u00f4mage, \u00e0 condition de respecter les crit\u00e8res d\u2019\u00e9ligibilit\u00e9 pour chaque prestation. La pension d\u2019invalidit\u00e9 est destin\u00e9e \u00e0 compenser une incapacit\u00e9 \u00e0 travailler en raison de probl\u00e8mes de sant\u00e9, tandis que les allocations ch\u00f4mage visent \u00e0 soutenir ceux qui ont perdu leur emploi sans \u00eatre n\u00e9cessairement en incapacit\u00e9 de travailler.<\/p>\n<h2><strong>Conditions sp\u00e9cifiques pour le cumul<\/strong><\/h2>\n<p>Vous devez \u00eatre en capacit\u00e9 de prouver que vous \u00eates en recherche active d&#8217;emploi tout en percevant une pension d&rsquo;invalidit\u00e9. La pension d\u2019invalidit\u00e9 n&rsquo;est g\u00e9n\u00e9ralement pas affect\u00e9e par la perception des allocations ch\u00f4mage, mais les r\u00e8gles peuvent varier.<\/p>\n<h1>Quelles sont les implications fiscales du cumul de la pension d&rsquo;invalidit\u00e9 et des allocations ch\u00f4mage ?<\/h1>\n<h2><strong>Imposition des prestations<\/strong><\/h2>\n<p>Les pensions d&rsquo;invalidit\u00e9 et les allocations ch\u00f4mage sont soumises \u00e0 l\u2019imp\u00f4t sur le revenu. La pension d&rsquo;invalidit\u00e9 peut \u00eatre exon\u00e9r\u00e9e de certaines cotisations sociales, mais les allocations ch\u00f4mage sont int\u00e9gralement soumises \u00e0 l&rsquo;imp\u00f4t.<\/p>\n<h2><strong>Impact sur la d\u00e9claration fiscale<\/strong><\/h2>\n<p>Lors du cumul, vous devez d\u00e9clarer l\u2019ensemble de vos revenus, incluant \u00e0 la fois la pension d&rsquo;invalidit\u00e9 et les allocations ch\u00f4mage. Cela peut influencer le montant total de vos imp\u00f4ts.<\/p>\n<p><iframe loading=\"lazy\" title=\"La pension d&#039;invalidit\u00e9\" width=\"500\" height=\"281\" src=\"https:\/\/www.youtube.com\/embed\/_UJaa1UDtZs?feature=oembed\" frameborder=\"0\" allow=\"accelerometer; autoplay; clipboard-write; encrypted-media; gyroscope; picture-in-picture; web-share\" referrerpolicy=\"strict-origin-when-cross-origin\" allowfullscreen><\/iframe><\/p>\n<h1>Que faire si votre situation de sant\u00e9 \u00e9volue pendant la p\u00e9riode de cumul ?<\/h1>\n<h2><strong>Changement de situation de sant\u00e9<\/strong><\/h2>\n<p>Si votre \u00e9tat de sant\u00e9 s\u2019am\u00e9liore et que vous retrouvez un emploi, vous devez informer les deux organismes : P\u00f4le emploi et la caisse d&rsquo;assurance maladie. Cette \u00e9volution peut entra\u00eener une r\u00e9vision de vos allocations ch\u00f4mage et de votre pension d&rsquo;invalidit\u00e9.<\/p>\n<h2><strong>R\u00e9vision des prestations<\/strong><\/h2>\n<p>La caisse d&rsquo;assurance maladie pourrait r\u00e9\u00e9valuer votre pension d&rsquo;invalidit\u00e9, tandis que P\u00f4le emploi ajustera ou suspendra vos allocations ch\u00f4mage en fonction de votre nouvelle situation professionnelle.<\/p>\n<h1>Comment d\u00e9clarer le cumul de la pension d&rsquo;invalidit\u00e9 et des allocations ch\u00f4mage ?<\/h1>\n<p>Le processus de d\u00e9claration du cumul de la pension d\u2019invalidit\u00e9 et des allocations ch\u00f4mage est essentiel pour garantir que vos prestations sont correctement g\u00e9r\u00e9es et que vous restez en conformit\u00e9 avec les r\u00e9glementations en vigueur. Voici les \u00e9tapes d\u00e9taill\u00e9es \u00e0 suivre pour effectuer ces d\u00e9clarations aupr\u00e8s des organismes concern\u00e9s :<\/p>\n<h2>D\u00e9marches aupr\u00e8s de P\u00f4le emploi<\/h2>\n<ol>\n<li><strong>Informer P\u00f4le emploi de la perception de la pension d&rsquo;invalidit\u00e9<\/strong>\n<ul>\n<li><strong>Pr\u00e9paration des documents<\/strong> : rassemblez les documents n\u00e9cessaires concernant votre pension d&rsquo;invalidit\u00e9, tels que les attestations ou les notifications re\u00e7ues de votre caisse d&rsquo;assurance maladie. Assurez-vous que toutes les informations sont \u00e0 jour et exactes.<\/li>\n<li><strong>Prise de contact<\/strong> : contactez votre conseiller P\u00f4le emploi pour les informer officiellement de votre situation. Vous pouvez le faire en ligne via votre espace personnel ou en prenant rendez-vous pour une rencontre en personne.<\/li>\n<li><strong>D\u00e9claration de la pension<\/strong> : lors de votre d\u00e9claration, fournissez toutes les informations pertinentes sur le montant de votre pension d\u2019invalidit\u00e9, la date de d\u00e9but de la pension, et toute autre information requise. P\u00f4le emploi doit \u00eatre inform\u00e9 pour adapter vos droits aux allocations ch\u00f4mage en cons\u00e9quence.<\/li>\n<li><strong>Mise \u00e0 jour des dossiers<\/strong> : assurez-vous que votre dossier est mis \u00e0 jour dans le syst\u00e8me de P\u00f4le emploi. Cette mise \u00e0 jour est cruciale pour que vos allocations ch\u00f4mage soient correctement calcul\u00e9es et ajust\u00e9es, le cas \u00e9ch\u00e9ant.<\/li>\n<\/ul>\n<\/li>\n<li><strong>Respect des proc\u00e9dures administratives<\/strong>\n<ul>\n<li><strong>Suivi r\u00e9gulier<\/strong> : v\u00e9rifiez r\u00e9guli\u00e8rement votre espace personnel sur le site de P\u00f4le emploi pour vous assurer que les informations sont bien prises en compte et que vos allocations sont correctement calcul\u00e9es.<\/li>\n<li><strong>D\u00e9claration mensuelle<\/strong> : lorsque vous recevez vos allocations ch\u00f4mage, vous devez continuer \u00e0 faire votre d\u00e9claration mensuelle en incluant toutes les informations pertinentes concernant vos revenus, y compris votre pension d\u2019invalidit\u00e9.<\/li>\n<li><strong>Gestion des ajustements<\/strong> : si P\u00f4le emploi ajuste vos allocations en raison du cumul, assurez-vous de bien comprendre ces ajustements et de demander des explications si n\u00e9cessaire. V\u00e9rifiez que ces ajustements sont correctement refl\u00e9t\u00e9s dans vos paiements mensuels.<\/li>\n<\/ul>\n<\/li>\n<\/ol>\n<h2>D\u00e9marches aupr\u00e8s de la caisse d&rsquo;assurance maladie<\/h2>\n<ol>\n<li><strong>Signaler le montant des allocations ch\u00f4mage<\/strong>\n<ul>\n<li><strong>Communication avec la caisse d&rsquo;assurance maladie<\/strong> : informez votre caisse d&rsquo;assurance maladie de la r\u00e9ception des allocations ch\u00f4mage en leur fournissant les d\u00e9tails pr\u00e9cis du montant per\u00e7u, ainsi que toute autre information pertinente. Cela peut \u00eatre fait par courrier, en ligne, ou lors d&rsquo;un rendez-vous avec un conseiller.<\/li>\n<li><strong>Documentation n\u00e9cessaire<\/strong> : soumettez toute documentation requise prouvant le montant des allocations ch\u00f4mage que vous recevez, comme les relev\u00e9s ou les notifications de P\u00f4le emploi. Ces documents aideront \u00e0 assurer une gestion pr\u00e9cise de votre pension d\u2019invalidit\u00e9.<\/li>\n<li><strong>Mise \u00e0 jour de votre dossier<\/strong> : assurez-vous que votre dossier est mis \u00e0 jour pour refl\u00e9ter correctement votre situation actuelle. Cela permet d&rsquo;\u00e9viter tout probl\u00e8me de conformit\u00e9 et de garantir que votre pension d&rsquo;invalidit\u00e9 continue \u00e0 \u00eatre vers\u00e9e correctement.<\/li>\n<\/ul>\n<\/li>\n<li><strong>Pr\u00e9vention des probl\u00e8mes de conformit\u00e9<\/strong>\n<ul>\n<li><strong>V\u00e9rification r\u00e9guli\u00e8re<\/strong> : consultez r\u00e9guli\u00e8rement les communications de votre caisse d&rsquo;assurance maladie pour v\u00e9rifier que votre pension d\u2019invalidit\u00e9 est correctement calcul\u00e9e en fonction de vos d\u00e9clarations.<\/li>\n<li><strong>Corrections \u00e9ventuelles<\/strong> : si vous constatez des erreurs ou des incoh\u00e9rences dans le montant de votre pension d\u2019invalidit\u00e9 en raison du cumul avec les allocations ch\u00f4mage, signalez-les imm\u00e9diatement \u00e0 votre caisse d&rsquo;assurance maladie pour correction.<\/li>\n<li><strong>Demande d&rsquo;informations<\/strong> : n\u2019h\u00e9sitez pas \u00e0 poser des questions ou \u00e0 demander des clarifications concernant le calcul et la gestion de votre pension d&rsquo;invalidit\u00e9 en cas de doute. Les conseillers de la caisse peuvent vous fournir des conseils et des informations sur les d\u00e9marches \u00e0 suivre.<\/li>\n<\/ul>\n<\/li>\n<\/ol>\n<div class='cta-block'><div class='text'>Simulez toutes vos aides en 2 min.<\/div><a href='https:\/\/www.mes-allocs.fr\/ab-app?origin=guides\/wp-json\/wp\/v2\/posts\/81843' class='app-button fit'>Simulation gratuite<\/a><\/div>\n","protected":false},"excerpt":{"rendered":"<p>Le cumul d\u2019une pension d\u2019invalidit\u00e9 avec des allocations ch\u00f4mage est un sujet complexe qui suscite beaucoup de questions. La pension d\u2019invalidit\u00e9 est destin\u00e9e \u00e0 compenser une incapacit\u00e9 de travailler due \u00e0 une condition m\u00e9dicale, tandis que les allocations ch\u00f4mage soutiennent financi\u00e8rement les personnes ayant perdu leur emploi malgr\u00e9 leur capacit\u00e9 de travailler. Dans certains cas, [&hellip;]<\/p>\n","protected":false},"author":26,"featured_media":37783,"comment_status":"open","ping_status":"open","sticky":false,"template":"","format":"standard","meta":{"amp_status":"","footnotes":""},"categories":[37397,35633],"tags":[],"class_list":["post-81843","post","type-post","status-publish","format-standard","has-post-thumbnail","hentry","category-cumul-pension-invalidite","category-pension-invalidite"],"yoast_head":"<!-- This site is optimized with the Yoast SEO plugin v14.9 - https:\/\/yoast.com\/wordpress\/plugins\/seo\/ -->\n<title>Peut-on cumuler pension d&#039;invalidit\u00e9 et ch\u00f4mage ? | Mes-Allocs.fr<\/title>\n<meta name=\"description\" content=\"Le cumul d\u2019une pension d\u2019invalidit\u00e9 avec des allocations ch\u00f4mage est un sujet complexe qui suscite beaucoup de questions.\" \/>\n<meta name=\"robots\" content=\"index, follow, max-snippet:-1, max-image-preview:large, max-video-preview:-1\" \/>\n<link rel=\"canonical\" href=\"https:\/\/www.mes-allocs.fr\/guides\/pension-invalidite\/cumul-pension-invalidite\/pension-invalidite-et-chomage\/\" \/>\n<meta property=\"og:locale\" content=\"fr_FR\" \/>\n<meta property=\"og:type\" content=\"article\" \/>\n<meta property=\"og:title\" content=\"Peut-on cumuler pension d&#039;invalidit\u00e9 et ch\u00f4mage ? | Mes-Allocs.fr\" \/>\n<meta property=\"og:description\" content=\"Le cumul d\u2019une pension d\u2019invalidit\u00e9 avec des allocations ch\u00f4mage est un sujet complexe qui suscite beaucoup de questions.\" \/>\n<meta property=\"og:url\" content=\"https:\/\/www.mes-allocs.fr\/guides\/pension-invalidite\/cumul-pension-invalidite\/pension-invalidite-et-chomage\/\" \/>\n<meta property=\"og:site_name\" content=\"Mes-Allocs.fr\" \/>\n<meta property=\"article:published_time\" content=\"2024-08-28T15:54:24+00:00\" \/>\n<meta property=\"article:modified_time\" content=\"2026-04-22T09:51:58+00:00\" \/>\n<meta property=\"og:image\" content=\"https:\/\/www.mes-allocs.fr\/guides\/wp-content\/uploads\/2019\/07\/Chomage-technique-quels-sont-vos-droits-.jpg?wsr\" \/>\n\t<meta property=\"og:image:width\" content=\"1280\" \/>\n\t<meta property=\"og:image:height\" content=\"853\" \/>\n<meta name=\"twitter:card\" content=\"summary_large_image\" \/>\n<script type=\"application\/ld+json\" class=\"yoast-schema-graph\">{\"@context\":\"https:\/\/schema.org\",\"@graph\":[{\"@type\":\"WebSite\",\"@id\":\"https:\/\/www.mes-allocs.fr\/guides\/#website\",\"url\":\"https:\/\/www.mes-allocs.fr\/guides\/\",\"name\":\"Mes-Allocs.fr\",\"description\":\"\",\"potentialAction\":[{\"@type\":\"SearchAction\",\"target\":\"https:\/\/www.mes-allocs.fr\/guides\/?s={search_term_string}\",\"query-input\":\"required name=search_term_string\"}],\"inLanguage\":\"fr-FR\"},{\"@type\":\"ImageObject\",\"@id\":\"https:\/\/www.mes-allocs.fr\/guides\/pension-invalidite\/cumul-pension-invalidite\/pension-invalidite-et-chomage\/#primaryimage\",\"inLanguage\":\"fr-FR\",\"url\":\"https:\/\/www.mes-allocs.fr\/guides\/wp-content\/uploads\/2019\/07\/Chomage-technique-quels-sont-vos-droits-.jpg?wsr\",\"width\":1280,\"height\":853,\"caption\":\"pension invalidit\\u00e9 et chomage\"},{\"@type\":\"WebPage\",\"@id\":\"https:\/\/www.mes-allocs.fr\/guides\/pension-invalidite\/cumul-pension-invalidite\/pension-invalidite-et-chomage\/#webpage\",\"url\":\"https:\/\/www.mes-allocs.fr\/guides\/pension-invalidite\/cumul-pension-invalidite\/pension-invalidite-et-chomage\/\",\"name\":\"Peut-on cumuler pension d'invalidit\\u00e9 et ch\\u00f4mage ? | Mes-Allocs.fr\",\"isPartOf\":{\"@id\":\"https:\/\/www.mes-allocs.fr\/guides\/#website\"},\"primaryImageOfPage\":{\"@id\":\"https:\/\/www.mes-allocs.fr\/guides\/pension-invalidite\/cumul-pension-invalidite\/pension-invalidite-et-chomage\/#primaryimage\"},\"datePublished\":\"2024-08-28T15:54:24+00:00\",\"dateModified\":\"2026-04-22T09:51:58+00:00\",\"author\":{\"@id\":\"https:\/\/www.mes-allocs.fr\/guides\/#\/schema\/person\/9c38f3be41a0ddcd1e3fde5a3df713bf\"},\"description\":\"Le cumul d\\u2019une pension d\\u2019invalidit\\u00e9 avec des allocations ch\\u00f4mage est un sujet complexe qui suscite beaucoup de questions.\",\"inLanguage\":\"fr-FR\"},{\"@type\":\"Person\",\"@id\":\"https:\/\/www.mes-allocs.fr\/guides\/#\/schema\/person\/9c38f3be41a0ddcd1e3fde5a3df713bf\",\"name\":\"Sessime Ananou\",\"image\":{\"@type\":\"ImageObject\",\"@id\":\"https:\/\/www.mes-allocs.fr\/guides\/#personlogo\",\"inLanguage\":\"fr-FR\",\"url\":\"https:\/\/www.mes-allocs.fr\/guides\/wp-content\/uploads\/2023\/08\/IMG_8173-150x150.jpg\",\"caption\":\"Sessime Ananou\"},\"description\":\"Sessime est r\\u00e9dactrice chez Mes Allocs, sp\\u00e9cialis\\u00e9e sur le pouvoir d'achat. Elle rejoint l'\\u00e9quipe Mes Allocs en ao\\u00fbt 2023 afin de simplifier l'acc\\u00e8s \\u00e0 l'information sur les aides en g\\u00e9n\\u00e9ral.\"}]}<\/script>\n<!-- \/ Yoast SEO plugin. -->","amp_validity":null,"acf":{"faq":{"1":{"question":"Est-il possible de cumuler une pension d'invalidit\u00e9 avec des allocations ch\u00f4mage ?","answer":"Oui, il est possible de cumuler une pension d'invalidit\u00e9 avec des allocations ch\u00f4mage, mais cela d\u00e9pend de plusieurs facteurs. En g\u00e9n\u00e9ral, vous pouvez recevoir les deux prestations simultan\u00e9ment si vous remplissez les conditions d\u2019\u00e9ligibilit\u00e9 pour chaque prestation. Cependant, les r\u00e8gles peuvent varier selon la situation sp\u00e9cifique et les d\u00e9cisions des organismes de s\u00e9curit\u00e9 sociale et d\u2019assurance ch\u00f4mage. Il est essentiel de v\u00e9rifier aupr\u00e8s des autorit\u00e9s comp\u00e9tentes pour votre cas particulier.\r\n"},"2":{"question":"Quelles sont les conditions \u00e0 remplir pour cumuler une pension d'invalidit\u00e9 et des allocations ch\u00f4mage ?","answer":"Pour cumuler une pension d'invalidit\u00e9 avec des allocations ch\u00f4mage, vous devez r\u00e9pondre aux conditions suivantes :\r\n\r\n\u00catre en situation d'incapacit\u00e9 de travail : Votre pension d'invalidit\u00e9 est attribu\u00e9e en raison de votre incapacit\u00e9 \u00e0 travailler.\r\n\u00catre inscrit comme demandeur d'emploi : Vous devez \u00eatre enregistr\u00e9 \u00e0 P\u00f4le emploi ou \u00e0 l\u2019organisme \u00e9quivalent comme demandeur d'emploi.\r\nRechercher activement un emploi : Pour recevoir des allocations ch\u00f4mage, vous devez prouver que vous \u00eates en recherche active d'emploi, sauf si votre invalidit\u00e9 vous emp\u00eache de le faire.\r\nRespecter les conditions sp\u00e9cifiques : Les r\u00e8gles peuvent varier en fonction des r\u00e9gimes et des situations personnelles."},"3":{"question":" La pension d'invalidit\u00e9 est-elle affect\u00e9e par le fait de percevoir des allocations ch\u00f4mage ?","answer":"En g\u00e9n\u00e9ral, le fait de percevoir des allocations ch\u00f4mage n'affecte pas le montant de la pension d'invalidit\u00e9. La pension d'invalidit\u00e9 est calcul\u00e9e en fonction de votre incapacit\u00e9 \u00e0 travailler, tandis que les allocations ch\u00f4mage sont bas\u00e9es sur votre situation d'emploi. Cependant, il est important de signaler \u00e0 votre caisse d'assurance maladie toute nouvelle source de revenu, comme les allocations ch\u00f4mage, pour \u00e9viter tout malentendu ou ajustement ult\u00e9rieur."},"4":{"question":"Quelles sont les implications fiscales du cumul de la pension d'invalidit\u00e9 et des allocations ch\u00f4mage ?","answer":"Les pensions d'invalidit\u00e9 et les allocations ch\u00f4mage sont toutes deux soumises \u00e0 l'imp\u00f4t sur le revenu, bien que les pensions d'invalidit\u00e9 puissent \u00eatre exon\u00e9r\u00e9es de certaines cotisations sociales comme la CSG et la CRDS. Lorsque vous cumulez ces prestations, vous devez d\u00e9clarer l'ensemble de vos revenus dans votre d\u00e9claration fiscale. Le cumul peut influencer le montant total de vos imp\u00f4ts en fonction de votre revenu global."},"5":{"question":"Que se passe-t-il si ma situation de sant\u00e9 \u00e9volue et que je retrouve un emploi pendant que je per\u00e7ois ces deux prestations ?","answer":"Si vous retrouvez un emploi alors que vous percevez \u00e0 la fois une pension d'invalidit\u00e9 et des allocations ch\u00f4mage, plusieurs sc\u00e9narios peuvent se produire :\r\n\r\nImpact sur les allocations ch\u00f4mage : Vous devrez informer P\u00f4le emploi de votre nouvelle situation. En fonction de votre emploi et de vos revenus, vos allocations ch\u00f4mage peuvent \u00eatre ajust\u00e9es ou suspendues.\r\nR\u00e9vision de la pension d'invalidit\u00e9 : Votre pension d\u2019invalidit\u00e9 pourrait \u00eatre r\u00e9\u00e9valu\u00e9e si vous retrouvez une activit\u00e9 professionnelle qui modifie votre situation d'incapacit\u00e9. Vous devrez signaler tout changement \u00e0 votre caisse d'assurance maladie."},"6":{"question":" Comment faire pour signaler un cumul de pension d'invalidit\u00e9 et d'allocations ch\u00f4mage aux autorit\u00e9s comp\u00e9tentes ?","answer":"Pour signaler ce cumul, vous devez :\r\n\r\nContacter P\u00f4le emploi : Informez votre conseiller de votre situation et fournissez toute documentation n\u00e9cessaire sur votre pension d'invalidit\u00e9.\r\nInformer la caisse d'assurance maladie : Signalez le montant des allocations ch\u00f4mage que vous recevez pour assurer une gestion correcte de vos prestations de pension d'invalidit\u00e9.\r\nSuivre les proc\u00e9dures administratives : Respectez toutes les d\u00e9marches administratives requises pour maintenir la conformit\u00e9 avec les r\u00e8gles en vigueur."},"7":{"question":"","answer":""},"8":{"question":"","answer":""},"9":{"question":"","answer":""},"10":{"question":"","answer":""},"11":{"question":"","answer":""},"12":{"question":"","answer":""},"13":{"question":"","answer":""},"14":{"question":"","answer":""},"15":{"question":"","answer":""},"16":{"question":"","answer":""}}},"_links":{"self":[{"href":"https:\/\/www.mes-allocs.fr\/guides\/wp-json\/wp\/v2\/posts\/81843","targetHints":{"allow":["GET"]}}],"collection":[{"href":"https:\/\/www.mes-allocs.fr\/guides\/wp-json\/wp\/v2\/posts"}],"about":[{"href":"https:\/\/www.mes-allocs.fr\/guides\/wp-json\/wp\/v2\/types\/post"}],"author":[{"embeddable":true,"href":"https:\/\/www.mes-allocs.fr\/guides\/wp-json\/wp\/v2\/users\/26"}],"replies":[{"embeddable":true,"href":"https:\/\/www.mes-allocs.fr\/guides\/wp-json\/wp\/v2\/comments?post=81843"}],"version-history":[{"count":5,"href":"https:\/\/www.mes-allocs.fr\/guides\/wp-json\/wp\/v2\/posts\/81843\/revisions"}],"predecessor-version":[{"id":94215,"href":"https:\/\/www.mes-allocs.fr\/guides\/wp-json\/wp\/v2\/posts\/81843\/revisions\/94215"}],"wp:featuredmedia":[{"embeddable":true,"href":"https:\/\/www.mes-allocs.fr\/guides\/wp-json\/wp\/v2\/media\/37783"}],"wp:attachment":[{"href":"https:\/\/www.mes-allocs.fr\/guides\/wp-json\/wp\/v2\/media?parent=81843"}],"wp:term":[{"taxonomy":"category","embeddable":true,"href":"https:\/\/www.mes-allocs.fr\/guides\/wp-json\/wp\/v2\/categories?post=81843"},{"taxonomy":"post_tag","embeddable":true,"href":"https:\/\/www.mes-allocs.fr\/guides\/wp-json\/wp\/v2\/tags?post=81843"}],"curies":[{"name":"wp","href":"https:\/\/api.w.org\/{rel}","templated":true}]}}