{"id":81801,"date":"2024-08-27T16:28:47","date_gmt":"2024-08-27T14:28:47","guid":{"rendered":"https:\/\/www.mes-allocs.fr\/guides\/?p=81801"},"modified":"2026-04-22T10:51:59","modified_gmt":"2026-04-22T09:51:59","slug":"caf-et-pension-invalidite","status":"publish","type":"post","link":"https:\/\/www.mes-allocs.fr\/guides\/pension-invalidite\/cumul-pension-invalidite\/caf-et-pension-invalidite\/","title":{"rendered":"CAF et pension d\u2019invalidit\u00e9 : quels sont vos droits en 2026 ?"},"content":{"rendered":"<p><img loading=\"lazy\" decoding=\"async\" class=\"alignnone wp-image-44886 \" title=\"caf et pension invalidit\u00e9\" src=\"https:\/\/www.mes-allocs.fr\/guides\/wp-content\/uploads\/2022\/02\/Doit-on-declarer-la-bourse-a-la-caf--e1724767205589.jpg\" alt=\"caf et pension invalidit\u00e9\" width=\"868\" height=\"186\" srcset=\"https:\/\/www.mes-allocs.fr\/guides\/wp-content\/uploads\/2022\/02\/Doit-on-declarer-la-bourse-a-la-caf--e1724767205589.jpg 719w, https:\/\/www.mes-allocs.fr\/guides\/wp-content\/uploads\/2022\/02\/Doit-on-declarer-la-bourse-a-la-caf--e1724767205589-300x64.jpg 300w, https:\/\/www.mes-allocs.fr\/guides\/wp-content\/uploads\/2022\/02\/Doit-on-declarer-la-bourse-a-la-caf--e1724767205589-600x129.jpg 600w\" sizes=\"auto, (max-width: 868px) 100vw, 868px\" \/><\/p>\n<p>[Mis \u00e0 jour le 19\/12\/2025] Si vous \u00eates en situation d\u2019incapacit\u00e9 et que vous souhaitez b\u00e9n\u00e9ficier d\u2019autres revenus, vous pouvez <a href=\"https:\/\/www.mes-allocs.fr\/guides\/pension-invalidite\/cumul-pension-invalidite\/\">cumuler votre pension d\u2019invalidit\u00e9<\/a> avec certains dispositifs. Mais pouvez-vous <b>cumuler la pension d\u2019invalidit\u00e9 et les aides de la CAF<\/b> ? On vous explique.<\/p>\n<div class='cta-block'><div class='text'>Simulez toutes vos aides en 2 min.<\/div><a href='https:\/\/www.mes-allocs.fr\/ab-app?origin=guides\/wp-json\/wp\/v2\/posts\/81801' class='app-button fit'>Simulation gratuite<\/a><\/div>\n<h1>Peut-on cumuler les aides de la CAF et la pension d\u2019invalidit\u00e9 ?<\/h1>\n<p><b>Oui<\/b>, vous pouvez cumuler une pension d\u2019invalidit\u00e9 avec certaines aides de la CAF, \u00e0 condition de respecter les r\u00e8gles de compatibilit\u00e9. Les principales aides concern\u00e9es sont l\u2019Allocation Adulte Handicap\u00e9 (AAH), le RSA, les aides au logement et la prime d\u2019activit\u00e9.<\/p>\n<h1>Pension d\u2019invalidit\u00e9 et aides de la CAF : quels sont les crit\u00e8res ?<\/h1>\n<p>Pour cumuler la pension d\u2019invalidit\u00e9 avec les aides de la CAF, les crit\u00e8res suivants doivent \u00eatre respect\u00e9s :<\/p>\n<ul>\n<li aria-level=\"1\">Les ressources totales du foyer, incluant la pension d\u2019invalidit\u00e9, doivent rester <b>sous les plafonds fix\u00e9s par la CAF<\/b> pour chaque aide.<\/li>\n<li aria-level=\"1\">Vous avez un <b>certain degr\u00e9 d\u2019incapacit\u00e9<\/b> dont d\u00e9pend le versement de certaines aides, comme la prime d\u2019activit\u00e9<\/li>\n<\/ul>\n<h1>Pension d\u2019invalidit\u00e9 : quelles sont les aides de la CAF cumulables ?<\/h1>\n<h2>AAH et pension d\u2019invalidit\u00e9<\/h2>\n<p><b>Oui<\/b>, l\u2019AAH est cumulable avec la pension d\u2019invalidit\u00e9. L\u2019AAH compl\u00e8te votre pension d\u2019invalidit\u00e9 si cette derni\u00e8re est inf\u00e9rieure au montant maximal de l\u2019AAH (1 033,32 \u20ac mensuel). Votre capacit\u00e9 d\u2019invalidit\u00e9 doit \u00eatre<b> sup\u00e9rieure ou \u00e9gale \u00e0 80 %<\/b> (ou 50-79% avec restriction d\u2019emploi). Les deux aides sont cumulables, <b>ind\u00e9pendamment de votre cat\u00e9gorie d\u2019invalidit\u00e9.<\/b><\/p>\n<h2>RSA et pension d\u2019invalidit\u00e9<\/h2>\n<p><b>Oui<\/b>, vous pouvez <a href=\"https:\/\/www.mes-allocs.fr\/guides\/pension-invalidite\/cumul-pension-invalidite\/caf-et-pension-invalidite\/rsa-et-pension-invalidite\/\">cumuler le Revenu de Solidarit\u00e9 Active et la pension d\u2019invalidit\u00e9<\/a>. Pour cela, vous devez <b>respecter le plafond de ressources du RSA<\/b> (646,52 \u20ac\/mois pour une personne seule sans enfant en 2025).<\/p>\n<p>Attention cependant : la pension d\u2019invalidit\u00e9 compte comme un revenu et est donc incluse dans le calcul du RSA. Si l\u2019ensemble de vos ressources d\u00e9passe le plafond autoris\u00e9, vous ne pourrez pas b\u00e9n\u00e9ficier de cette aide.<\/p>\n<div class='shortcode important'><div class='title'>Important<\/div><div class='content'>Pour calculer le RSA, la CAF tient compte de <b>tous les revenus du foyer<\/b>, et pas seulement de ceux du demandeur : si vous vivez en couple, les revenus de votre conjoint ou conjointe sont aussi pris en compte.<\/div><\/div>\n<h2>Aides au logement et pension d\u2019invalidit\u00e9<\/h2>\n<p><b>Oui<\/b>, vous pouvez par exemple <a href=\"https:\/\/www.mes-allocs.fr\/guides\/pension-invalidite\/cumul-pension-invalidite\/caf-et-pension-invalidite\/apl-et-pension-invalidite\/\">cumuler les APL et la pension d\u2019invalidit\u00e9<\/a>. Vos ressources imposables (incluant la pension d\u2019invalidit\u00e9) doivent \u00eatre <b>inf\u00e9rieures aux seuils de la CAF<\/b>. Ces seuils varient selon la zone g\u00e9ographique o\u00f9 vous vivez, la composition de votre famille et le loyer.<\/p>\n<h2>Prime d\u2019activit\u00e9 et pension d\u2019invalidit\u00e9<\/h2>\n<p><b>Oui<\/b>, vous pouvez cumuler la prime d\u2019activit\u00e9 et la pension d\u2019invalidit\u00e9. Vous devez cependant travailler et percevoir des revenus faibles (incluant la pension d\u2019invalidit\u00e9). Le cumul n\u2019est donc <b>possible que si votre invalidit\u00e9 est de cat\u00e9gorie 1 <\/b>car si vous \u00eates en cat\u00e9gorie 2 ou 3, vous ne pouvez pas travailler.<\/p>\n<p>Le plafond de la prime d\u2019activit\u00e9 est de 1,5 fois le montant du SMIC, donc 2 139,45 \u20ac net. Si le total de vos revenus d\u00e9passent ce plafond, vous ne pouvez pas toucher la prime d\u2019activit\u00e9.<\/p>\n<div class='cta-block'><div class='text'>Simulez toutes vos aides en 2 min.<\/div><a href='https:\/\/www.mes-allocs.fr\/ab-app?origin=guides\/wp-json\/wp\/v2\/posts\/81801' class='app-button fit'>Simulation gratuite<\/a><\/div>\n<h1>Tableau r\u00e9capitulatif des aides cumulables avec la pension d\u2019invalidit\u00e9<\/h1>\n\n<div class=\"wpdt-c row wpDataTableContainerSimpleTable wpDataTables wpDataTablesWrapper\n\"\n    >\n    <table id=\"wpdtSimpleTable-759\"\n           class=\"wpdtSimpleTable wpDataTable\"\n           data-column=\"4\"\n           data-rows=\"5\"\n           data-wpID=\"759\"\n           data-responsive=\"0\"\n           data-has-header=\"0\">\n\n                    <tbody>        <tr class=\"wpdt-cell-row \" >\n                            <td class=\"wpdt-cell wpdt-bc-F3F9FE wpdt-bold\"\n                                    data-cell-id=\"A1\"\n                data-col-index=\"0\"\n                data-row-index=\"0\"\n                style=\" width:25%;                padding:10px;\"\n                >\n                                Aides                <\/td>\n                                            <td class=\"wpdt-cell wpdt-bc-F3F9FE wpdt-bold\"\n                                    data-cell-id=\"B1\"\n                data-col-index=\"1\"\n                data-row-index=\"0\"\n                style=\" width:25%;                padding:10px;\"\n                >\n                                Cumul possible ?                <\/td>\n                                            <td class=\"wpdt-cell wpdt-bc-F3F9FE wpdt-bold\"\n                                    data-cell-id=\"C1\"\n                data-col-index=\"2\"\n                data-row-index=\"0\"\n                style=\" width:25%;                padding:10px;\"\n                >\n                                Seuil maximum                <\/td>\n                                            <td class=\"wpdt-cell wpdt-bc-F3F9FE wpdt-bold\"\n                                    data-cell-id=\"D1\"\n                data-col-index=\"3\"\n                data-row-index=\"0\"\n                style=\" width:25%;                padding:10px;\"\n                >\n                                Cat\u00e9gorie concern\u00e9e                <\/td>\n                                        <\/tr>\n                            <tr class=\"wpdt-cell-row \" >\n                            <td class=\"wpdt-cell \"\n                                    data-cell-id=\"A2\"\n                data-col-index=\"0\"\n                data-row-index=\"1\"\n                style=\"                padding:10px;\"\n                >\n                                AAH                <\/td>\n                                            <td class=\"wpdt-cell \"\n                                    data-cell-id=\"B2\"\n                data-col-index=\"1\"\n                data-row-index=\"1\"\n                style=\"                padding:10px;\"\n                >\n                                Oui (comme compl\u00e9ment)                <\/td>\n                                            <td class=\"wpdt-cell \"\n                                    data-cell-id=\"C2\"\n                data-col-index=\"2\"\n                data-row-index=\"1\"\n                style=\"                padding:10px;\"\n                >\n                                1 033,32 \u20ac                <\/td>\n                                            <td class=\"wpdt-cell \"\n                                    data-cell-id=\"D2\"\n                data-col-index=\"3\"\n                data-row-index=\"1\"\n                style=\"                padding:10px;\"\n                >\n                                Cat\u00e9gorie 1,2 et 3                <\/td>\n                                        <\/tr>\n                            <tr class=\"wpdt-cell-row \" >\n                            <td class=\"wpdt-cell \"\n                                    data-cell-id=\"A3\"\n                data-col-index=\"0\"\n                data-row-index=\"2\"\n                style=\"                padding:10px;\"\n                >\n                                RSA                <\/td>\n                                            <td class=\"wpdt-cell \"\n                                    data-cell-id=\"B3\"\n                data-col-index=\"1\"\n                data-row-index=\"2\"\n                style=\"                padding:10px;\"\n                >\n                                Oui (si < montant du RSA)                <\/td>\n                                            <td class=\"wpdt-cell \"\n                                    data-cell-id=\"C3\"\n                data-col-index=\"2\"\n                data-row-index=\"2\"\n                style=\"                padding:10px;\"\n                >\n                                646,52 \u20ac                <\/td>\n                                            <td class=\"wpdt-cell \"\n                                    data-cell-id=\"D3\"\n                data-col-index=\"3\"\n                data-row-index=\"2\"\n                style=\"                padding:10px;\"\n                >\n                                Cat\u00e9gorie 1,2 et 3                <\/td>\n                                        <\/tr>\n                            <tr class=\"wpdt-cell-row \" >\n                            <td class=\"wpdt-cell \"\n                                    data-cell-id=\"A4\"\n                data-col-index=\"0\"\n                data-row-index=\"3\"\n                style=\"                padding:10px;\"\n                >\n                                APL                <\/td>\n                                            <td class=\"wpdt-cell \"\n                                    data-cell-id=\"B4\"\n                data-col-index=\"1\"\n                data-row-index=\"3\"\n                style=\"                padding:10px;\"\n                >\n                                Oui                <\/td>\n                                            <td class=\"wpdt-cell \"\n                                    data-cell-id=\"C4\"\n                data-col-index=\"2\"\n                data-row-index=\"3\"\n                style=\"                padding:10px;\"\n                >\n                                150-300 \u20ac                <\/td>\n                                            <td class=\"wpdt-cell \"\n                                    data-cell-id=\"D4\"\n                data-col-index=\"3\"\n                data-row-index=\"3\"\n                style=\"                padding:10px;\"\n                >\n                                Cat\u00e9gorie 1,2 et 3                <\/td>\n                                        <\/tr>\n                            <tr class=\"wpdt-cell-row \" >\n                            <td class=\"wpdt-cell \"\n                                    data-cell-id=\"A5\"\n                data-col-index=\"0\"\n                data-row-index=\"4\"\n                style=\"                padding:10px;\"\n                >\n                                Prime d\u2019activit\u00e9                <\/td>\n                                            <td class=\"wpdt-cell \"\n                                    data-cell-id=\"B5\"\n                data-col-index=\"1\"\n                data-row-index=\"4\"\n                style=\"                padding:10px;\"\n                >\n                                Oui (si vous travaillez)                <\/td>\n                                            <td class=\"wpdt-cell \"\n                                    data-cell-id=\"C5\"\n                data-col-index=\"2\"\n                data-row-index=\"4\"\n                style=\"                padding:10px;\"\n                >\n                                633,21 \u20ac                <\/td>\n                                            <td class=\"wpdt-cell \"\n                                    data-cell-id=\"D5\"\n                data-col-index=\"3\"\n                data-row-index=\"4\"\n                style=\"                padding:10px;\"\n                >\n                                Cat\u00e9gorie 1 uniquement                <\/td>\n                                        <\/tr>\n                    <\/table>\n<\/div><style id='wpdt-custom-style-759'>\n.wpdt-bc-F3F9FE { background-color: #F3F9FE !important;}\n<\/style>\n\n<h1>Quelle influence mon type d\u2019invalidit\u00e9 a sur le cumul avec les aides CAF ?<\/h1>\n<p>Votre cat\u00e9gorie d\u2019invalidit\u00e9 peut influencer le cumul ou non des aides :<\/p>\n<ul>\n<li aria-level=\"1\"><b>Cat\u00e9gorie 1<\/b> : Vous pouvez cumuler plus facilement votre pension d\u2019invalidit\u00e9 avec les aides de la CAF, notamment la prime d\u2019activit\u00e9, si vous travaillez<\/li>\n<li aria-level=\"1\"><b>Cat\u00e9gorie 2<\/b> : Le cumul avec \u200b\u200bvotre pension d\u2019invalidit\u00e9 est possible si les plafonds de ressources sont respect\u00e9s.<\/li>\n<li aria-level=\"1\"><b>Cat\u00e9gorie 3<\/b> : Le cumul de votre pension d\u2019invalidit\u00e9 est aussi possible avec les aides de la CAF, mais le cumul avec la prime d\u2019activit\u00e9 est impossible car vous ne pouvez pas travailler si vous \u00eates dans cette cat\u00e9gorie.<\/li>\n<\/ul>\n<h1>Quelles autres aides sont cumulables avec une pension d\u2019invalidit\u00e9 ?<\/h1>\n<h2>ASI et pension d\u2019invalidit\u00e9<\/h2>\n<p><b>Oui<\/b>, vous pouvez <a href=\"https:\/\/www.mes-allocs.fr\/guides\/pension-invalidite\/cumul-pension-invalidite\/asi-et-pension-invalidite\/\">cumuler l\u2019Allocation suppl\u00e9mentaire d&rsquo;invalidit\u00e9 et la pension d\u2019invalidit\u00e9<\/a>, bien qu\u2019il ne s\u2019agisse pas d\u2019une aide de la CAF. Les conditions sont aussi une question de revenus : ils ne doivent <b>pas d\u00e9passer 914,85 \u20ac tous les mois<\/b> si vous \u00eates seul(e) et <b>1 601,00 \u20ac tous les mois<\/b> si vous vivez en couple (mari\u00e9, pacs\u00e9 ou en concubinage). L\u2019ASI sert de <b>compl\u00e9ment<\/b> pour votre pension d\u2019invalidit\u00e9.<\/p>\n<h2>PCH et pension d\u2019invalidit\u00e9<\/h2>\n<p><b>Oui<\/b>, vous pouvez cumuler la Prestation de compensation du handicap (PCH) et la pension d\u2019invalidit\u00e9, m\u00eame si ce n\u2019est pas une aide de la CAF. Contrairement \u00e0 d\u2019autres aides cumulables, il n\u2019y a <b>pas de conditions de ressources<\/b>. Vous devez avoir une difficult\u00e9 totale pour accomplir une activit\u00e9 essentielle du quotidien, c\u2019est-\u00e0-dire \u00eatre incapable de la r\u00e9aliser seul (ou deux activit\u00e9s essentielles avec beaucoup de difficult\u00e9)<\/p>\n<h2>RQTH et pension d\u2019invalidit\u00e9<\/h2>\n<p><b>Oui<\/b>, vous pouvez accumuler la Reconnaissance de la qualit\u00e9 de travailleur handicap\u00e9 (RQTH) et la pension d\u2019invalidit\u00e9. Qu\u2019importe votre cat\u00e9gorie d\u2019incapacit\u00e9 pour cela, vous devez essentiellement <b>\u00eatre en \u00e2ge de pouvoir encore postuler sur le march\u00e9 du travai<\/b>l. Il n\u2019y a<b> pas de conditions de ressources<\/b> \u00e0 respecter.<\/p>\n<h1>Vos questions sur la pension d\u2019invalidit\u00e9 et la CAF<\/h1>\n<h2>Invalidit\u00e9 cat\u00e9gorie 2 droit CAF : avez-vous des aides sp\u00e9cifiques ?<\/h2>\n<p><b>Non<\/b>, vous n\u2019avez <b>pas d\u2019aide CAF sp\u00e9cifique<\/b> si vous \u00eates en invalidit\u00e9 de cat\u00e9gorie 2. Il s\u2019agit des m\u00eames que pour les autres cat\u00e9gories d\u2019invalidit\u00e9.<\/p>\n<h2>Faut-il d\u00e9clarer la pension d\u2019invalidit\u00e9 \u00e0 la CAF ?<\/h2>\n<p><b>Oui<\/b>, la pension d\u2019invalidit\u00e9 doit obligatoirement \u00eatre d\u00e9clar\u00e9e \u00e0 la CAF, car elle est <b>consid\u00e9r\u00e9e comme un revenu<\/b>. Cela permet de calculer correctement vos aides (AAH, RSA, APL, etc.) et d\u2019\u00e9viter les trop-per\u00e7us ; Si vous ne d\u00e9clarez pas le versement de la pension d\u2019invalidit\u00e9, vous risquez de devoir rembourser la CAF voire vous pouvez \u00eatre poursuivi(e) pour fraude.<\/p>\n<h2>Comment d\u00e9clarer l\u2019invalidit\u00e9 \u00e0 la CAF ?<\/h2>\n<p>Vous devez d\u00e9clarer la pension d\u2019invalidit\u00e9 \u00e0 la CAF d\u00e8s que vous la percevez. Pour cela, vous devez vous connecter sur caf.fr, dans <b>\u201cMes d\u00e9marches\u201d<\/b> puis vous rendre sur <b>\u201cD\u00e9claration de ressources trimestrielle\u201d<\/b>. C\u2019est l\u00e0 que vous devrez indiquer le montant brut mensuel per\u00e7u (multipli\u00e9 par 3 pour le trimestre), dans la rubrique <b>\u201cPrestations S\u00e9curit\u00e9 sociale\u201d<\/b>.<\/p>\n<h2>Abattement CAF invalidit\u00e9 : comment \u00e7a marche ?<\/h2>\n<p>La CAF n&rsquo;applique<b> pas d&rsquo;abattement automatique<\/b> sp\u00e9cifique sur la pension d\u2019invalidit\u00e9 pour le calcul de vos aides, contrairement aux imp\u00f4ts sur le revenu. La pension est d\u00e9clar\u00e9e en montant brut et <b>enti\u00e8rement prise en compte comme revenu du foyer<\/b>.<\/p>\n<div class='shortcode summary'><div class='title'>En r\u00e9sum\u00e9 :<\/div><div class='content'><ul><li>La pension d\u2019invalidit\u00e9 est <b>cumulable<\/b> avec plusieurs aides de la CAF (AAH, RSA, aides au logement, prime d\u2019activit\u00e9), sous <b>conditions de ressources<\/b>.<\/li><li>Elle doit obligatoirement \u00eatre d\u00e9clar\u00e9e \u00e0 la CAF car elle est <b>compt\u00e9e comme un revenu du foyer<\/b>.<\/li><li>La cat\u00e9gorie d\u2019invalidit\u00e9 influence surtout l\u2019acc\u00e8s \u00e0 la prime d\u2019activit\u00e9, r\u00e9serv\u00e9e aux personnes pouvant encore travailler.<\/li><li><b>D\u2019autres aides hors CAF<\/b>, comme l\u2019ASI, la PCH ou la RQTH, peuvent \u00e9galement \u00eatre cumul\u00e9es selon des crit\u00e8res sp\u00e9cifiques.<\/li><\/ul><\/div><\/div>\n<div class='cta-block'><div class='text'>Simulez toutes vos aides en 2 min.<\/div><a href='https:\/\/www.mes-allocs.fr\/ab-app?origin=guides\/wp-json\/wp\/v2\/posts\/81801' class='app-button fit'>Simulation gratuite<\/a><\/div>\n","protected":false},"excerpt":{"rendered":"<p>[Mis \u00e0 jour le 19\/12\/2025] Si vous \u00eates en situation d\u2019incapacit\u00e9 et que vous souhaitez b\u00e9n\u00e9ficier d\u2019autres revenus, vous pouvez cumuler votre pension d\u2019invalidit\u00e9 avec certains dispositifs. Mais pouvez-vous cumuler la pension d\u2019invalidit\u00e9 et les aides de la CAF ? On vous explique. Peut-on cumuler les aides de la CAF et la pension d\u2019invalidit\u00e9 ? [&hellip;]<\/p>\n","protected":false},"author":26,"featured_media":44887,"comment_status":"open","ping_status":"open","sticky":false,"template":"","format":"standard","meta":{"amp_status":"","footnotes":""},"categories":[37397,35633],"tags":[],"class_list":["post-81801","post","type-post","status-publish","format-standard","has-post-thumbnail","hentry","category-cumul-pension-invalidite","category-pension-invalidite"],"yoast_head":"<!-- This site is optimized with the Yoast SEO plugin v14.9 - https:\/\/yoast.com\/wordpress\/plugins\/seo\/ -->\n<title>CAF et pension d\u2019invalidit\u00e9 : quels sont vos droits en 2026 ?<\/title>\n<meta name=\"description\" content=\"Vous percevez une pension d&#039;invalidit\u00e9 en 2026 ? Vous pouvez la cumuler avec les aides de la CAF. Mais lesquelles exactement ? Explications.\" \/>\n<meta name=\"robots\" content=\"index, follow, max-snippet:-1, max-image-preview:large, max-video-preview:-1\" \/>\n<link rel=\"canonical\" href=\"https:\/\/www.mes-allocs.fr\/guides\/pension-invalidite\/cumul-pension-invalidite\/caf-et-pension-invalidite\/\" \/>\n<meta property=\"og:locale\" content=\"fr_FR\" \/>\n<meta property=\"og:type\" content=\"article\" \/>\n<meta property=\"og:title\" content=\"CAF et pension d\u2019invalidit\u00e9 : quels sont vos droits en 2026 ?\" \/>\n<meta property=\"og:description\" content=\"Vous percevez une pension d&#039;invalidit\u00e9 en 2026 ? Vous pouvez la cumuler avec les aides de la CAF. Mais lesquelles exactement ? Explications.\" \/>\n<meta property=\"og:url\" content=\"https:\/\/www.mes-allocs.fr\/guides\/pension-invalidite\/cumul-pension-invalidite\/caf-et-pension-invalidite\/\" \/>\n<meta property=\"og:site_name\" content=\"Mes-Allocs.fr\" \/>\n<meta property=\"article:published_time\" content=\"2024-08-27T14:28:47+00:00\" \/>\n<meta property=\"article:modified_time\" content=\"2026-04-22T09:51:59+00:00\" \/>\n<meta property=\"og:image\" content=\"https:\/\/www.mes-allocs.fr\/guides\/wp-content\/uploads\/2022\/02\/Doit-on-declarer-la-bourse-a-la-caf-2.jpg?wsr\" \/>\n\t<meta property=\"og:image:width\" content=\"720\" \/>\n\t<meta property=\"og:image:height\" content=\"480\" \/>\n<meta name=\"twitter:card\" content=\"summary_large_image\" \/>\n<script type=\"application\/ld+json\" class=\"yoast-schema-graph\">{\"@context\":\"https:\/\/schema.org\",\"@graph\":[{\"@type\":\"WebSite\",\"@id\":\"https:\/\/www.mes-allocs.fr\/guides\/#website\",\"url\":\"https:\/\/www.mes-allocs.fr\/guides\/\",\"name\":\"Mes-Allocs.fr\",\"description\":\"\",\"potentialAction\":[{\"@type\":\"SearchAction\",\"target\":\"https:\/\/www.mes-allocs.fr\/guides\/?s={search_term_string}\",\"query-input\":\"required name=search_term_string\"}],\"inLanguage\":\"fr-FR\"},{\"@type\":\"ImageObject\",\"@id\":\"https:\/\/www.mes-allocs.fr\/guides\/pension-invalidite\/cumul-pension-invalidite\/caf-et-pension-invalidite\/#primaryimage\",\"inLanguage\":\"fr-FR\",\"url\":\"https:\/\/www.mes-allocs.fr\/guides\/wp-content\/uploads\/2022\/02\/Doit-on-declarer-la-bourse-a-la-caf-2.jpg?wsr\",\"width\":720,\"height\":480,\"caption\":\"caf et pension invalidit\\u00e9\"},{\"@type\":\"WebPage\",\"@id\":\"https:\/\/www.mes-allocs.fr\/guides\/pension-invalidite\/cumul-pension-invalidite\/caf-et-pension-invalidite\/#webpage\",\"url\":\"https:\/\/www.mes-allocs.fr\/guides\/pension-invalidite\/cumul-pension-invalidite\/caf-et-pension-invalidite\/\",\"name\":\"CAF et pension d\\u2019invalidit\\u00e9 : quels sont vos droits en 2026 ?\",\"isPartOf\":{\"@id\":\"https:\/\/www.mes-allocs.fr\/guides\/#website\"},\"primaryImageOfPage\":{\"@id\":\"https:\/\/www.mes-allocs.fr\/guides\/pension-invalidite\/cumul-pension-invalidite\/caf-et-pension-invalidite\/#primaryimage\"},\"datePublished\":\"2024-08-27T14:28:47+00:00\",\"dateModified\":\"2026-04-22T09:51:59+00:00\",\"author\":{\"@id\":\"https:\/\/www.mes-allocs.fr\/guides\/#\/schema\/person\/9c38f3be41a0ddcd1e3fde5a3df713bf\"},\"description\":\"Vous percevez une pension d'invalidit\\u00e9 en 2026 ? Vous pouvez la cumuler avec les aides de la CAF. Mais lesquelles exactement ? Explications.\",\"inLanguage\":\"fr-FR\"},{\"@type\":\"Person\",\"@id\":\"https:\/\/www.mes-allocs.fr\/guides\/#\/schema\/person\/9c38f3be41a0ddcd1e3fde5a3df713bf\",\"name\":\"Sessime Ananou\",\"image\":{\"@type\":\"ImageObject\",\"@id\":\"https:\/\/www.mes-allocs.fr\/guides\/#personlogo\",\"inLanguage\":\"fr-FR\",\"url\":\"https:\/\/www.mes-allocs.fr\/guides\/wp-content\/uploads\/2023\/08\/IMG_8173-150x150.jpg\",\"caption\":\"Sessime Ananou\"},\"description\":\"Sessime est r\\u00e9dactrice chez Mes Allocs, sp\\u00e9cialis\\u00e9e sur le pouvoir d'achat. Elle rejoint l'\\u00e9quipe Mes Allocs en ao\\u00fbt 2023 afin de simplifier l'acc\\u00e8s \\u00e0 l'information sur les aides en g\\u00e9n\\u00e9ral.\"}]}<\/script>\n<!-- \/ Yoast SEO plugin. -->","amp_validity":null,"acf":{"faq":{"1":{"question":"Quelles aides de la CAF peuvent \u00eatre cumul\u00e9es avec une pension d'invalidit\u00e9 ?","answer":"Les aides de la CAF pouvant \u00eatre cumul\u00e9es avec une pension d'invalidit\u00e9 incluent principalement l\u2019Allocation de Retour \u00e0 l'Emploi (ARE), l\u2019Allocation Adulte Handicap\u00e9 (AAH) et les prestations familiales."},"2":{"question":"Quelles sont les conditions pour cumuler une pension d'invalidit\u00e9 avec l'AAH ?","answer":"L\u2019AAH est cumulable avec la pension d\u2019invalidit\u00e9 si celle-ci est inf\u00e9rieure au montant maximal de l\u2019AAH (1 033,32 \u20ac par mois). Il faut aussi avoir un taux d\u2019incapacit\u00e9 d\u2019au moins 80 %, ou compris entre 50 % et 79 % avec une restriction substantielle et durable d\u2019acc\u00e8s \u00e0 l\u2019emploi."},"3":{"question":"Comment les aides de la CAF sont-elles impact\u00e9es par la pension d'invalidit\u00e9 ?","answer":"La pension d\u2019invalidit\u00e9 est consid\u00e9r\u00e9e comme un revenu par la CAF et doit \u00eatre d\u00e9clar\u00e9e. Elle est enti\u00e8rement prise en compte dans le calcul des aides, ce qui peut r\u00e9duire ou supprimer certaines prestations si les plafonds de ressources sont d\u00e9pass\u00e9s."},"4":{"question":"Quelles d\u00e9marches administratives doivent \u00eatre effectu\u00e9es pour cumuler ces aides ?","answer":"Vous devez obligatoirement d\u00e9clarer votre pension d\u2019invalidit\u00e9 \u00e0 la CAF, car elle est consid\u00e9r\u00e9e comme un revenu. Cette d\u00e9claration se fait sur caf.fr, dans \u00ab Mes d\u00e9marches \u00bb, via la d\u00e9claration de ressources trimestrielle, en indiquant le montant brut que vous avez per\u00e7u."},"5":{"question":"Quels sont les plafonds de revenus \u00e0 respecter pour le cumul des aides ?","answer":"Les plafonds de revenus d\u00e9pendent de l\u2019aide concern\u00e9e et incluent la pension d\u2019invalidit\u00e9 dans les ressources du foyer. "},"6":{"question":"Que faire en cas de changement de situation ?","answer":"Si votre situation change, vous devez le signaler \u00e0 la CAF afin d\u2019actualiser le calcul de vos aides. Cela passe par la d\u00e9claration des ressources, notamment de la pension d\u2019invalidit\u00e9, via la d\u00e9claration de ressources trimestrielle sur caf.fr."},"7":{"question":"","answer":""},"8":{"question":"","answer":""},"9":{"question":"","answer":""},"10":{"question":"","answer":""},"11":{"question":"","answer":""},"12":{"question":"","answer":""},"13":{"question":"","answer":""},"14":{"question":"","answer":""},"15":{"question":"","answer":""},"16":{"question":"","answer":""}}},"_links":{"self":[{"href":"https:\/\/www.mes-allocs.fr\/guides\/wp-json\/wp\/v2\/posts\/81801","targetHints":{"allow":["GET"]}}],"collection":[{"href":"https:\/\/www.mes-allocs.fr\/guides\/wp-json\/wp\/v2\/posts"}],"about":[{"href":"https:\/\/www.mes-allocs.fr\/guides\/wp-json\/wp\/v2\/types\/post"}],"author":[{"embeddable":true,"href":"https:\/\/www.mes-allocs.fr\/guides\/wp-json\/wp\/v2\/users\/26"}],"replies":[{"embeddable":true,"href":"https:\/\/www.mes-allocs.fr\/guides\/wp-json\/wp\/v2\/comments?post=81801"}],"version-history":[{"count":10,"href":"https:\/\/www.mes-allocs.fr\/guides\/wp-json\/wp\/v2\/posts\/81801\/revisions"}],"predecessor-version":[{"id":106834,"href":"https:\/\/www.mes-allocs.fr\/guides\/wp-json\/wp\/v2\/posts\/81801\/revisions\/106834"}],"wp:featuredmedia":[{"embeddable":true,"href":"https:\/\/www.mes-allocs.fr\/guides\/wp-json\/wp\/v2\/media\/44887"}],"wp:attachment":[{"href":"https:\/\/www.mes-allocs.fr\/guides\/wp-json\/wp\/v2\/media?parent=81801"}],"wp:term":[{"taxonomy":"category","embeddable":true,"href":"https:\/\/www.mes-allocs.fr\/guides\/wp-json\/wp\/v2\/categories?post=81801"},{"taxonomy":"post_tag","embeddable":true,"href":"https:\/\/www.mes-allocs.fr\/guides\/wp-json\/wp\/v2\/tags?post=81801"}],"curies":[{"name":"wp","href":"https:\/\/api.w.org\/{rel}","templated":true}]}}