{"id":81459,"date":"2024-07-31T15:19:18","date_gmt":"2024-07-31T13:19:18","guid":{"rendered":"https:\/\/www.mes-allocs.fr\/guides\/?p=81459"},"modified":"2026-04-22T10:52:02","modified_gmt":"2026-04-22T09:52:02","slug":"augmentation-pension-invalidite","status":"publish","type":"post","link":"https:\/\/www.mes-allocs.fr\/guides\/pension-invalidite\/montant-pension-invalidite\/augmentation-pension-invalidite\/","title":{"rendered":"Revalorisation pension invalidit\u00e9 2026 : quelle augmentation ?"},"content":{"rendered":"<p><img loading=\"lazy\" decoding=\"async\" class=\"alignnone wp-image-35051 size-full\" title=\"augmentation pension invalidit\u00e9 2024\" src=\"https:\/\/www.mes-allocs.fr\/guides\/wp-content\/uploads\/2021\/08\/Je-souhaite-devenir-kinesitherapeute-quel-sera-mon-salaire--e1722429239908.jpg\" alt=\"augmentation pension invalidit\u00e9 2024\" width=\"1280\" height=\"236\" srcset=\"https:\/\/www.mes-allocs.fr\/guides\/wp-content\/uploads\/2021\/08\/Je-souhaite-devenir-kinesitherapeute-quel-sera-mon-salaire--e1722429239908.jpg 1280w, https:\/\/www.mes-allocs.fr\/guides\/wp-content\/uploads\/2021\/08\/Je-souhaite-devenir-kinesitherapeute-quel-sera-mon-salaire--e1722429239908-300x55.jpg 300w, https:\/\/www.mes-allocs.fr\/guides\/wp-content\/uploads\/2021\/08\/Je-souhaite-devenir-kinesitherapeute-quel-sera-mon-salaire--e1722429239908-1024x189.jpg 1024w, https:\/\/www.mes-allocs.fr\/guides\/wp-content\/uploads\/2021\/08\/Je-souhaite-devenir-kinesitherapeute-quel-sera-mon-salaire--e1722429239908-768x142.jpg 768w, https:\/\/www.mes-allocs.fr\/guides\/wp-content\/uploads\/2021\/08\/Je-souhaite-devenir-kinesitherapeute-quel-sera-mon-salaire--e1722429239908-600x111.jpg 600w\" sizes=\"auto, (max-width: 1280px) 100vw, 1280px\" \/><\/p>\n<p>[Mis \u00e0 jour le 21\/04\/2026] Vous percevez une pension d&rsquo;invalidit\u00e9 et vous vous demandez si son montant va augmenter en 2026\u00a0? Bonne nouvelle\u00a0: la <strong>revalorisation de la pension d&rsquo;invalidit\u00e9<\/strong> est effective depuis le 1er avril 2026. On vous explique de combien augmente le <a href=\"https:\/\/www.mes-allocs.fr\/guides\/pension-invalidite\/montant-pension-invalidite\/\">montant de la pension d&rsquo;invalidit\u00e9<\/a>, quels r\u00e9gimes sont concern\u00e9s et \u00e0 partir de quand le nouveau montant sera vers\u00e9.<\/p>\n<div class='cta-block'><div class='text'>Simulez toutes vos aides en 2 min.<\/div><a href='https:\/\/www.mes-allocs.fr\/ab-app?origin=guides\/wp-json\/wp\/v2\/posts\/81459' class='app-button fit'>Simulation gratuite<\/a><\/div>\n<h1>Quelle est la date de la revalorisation de la pension invalidit\u00e9 en 2026 ?<\/h1>\n<p>La revalorisation de la pension d&rsquo;invalidit\u00e9 est entr\u00e9e en vigueur le <strong>1er avril 2026<\/strong>. Elle s&rsquo;applique automatiquement : vous n&rsquo;avez aucune d\u00e9marche \u00e0 effectuer pour en b\u00e9n\u00e9ficier. Le taux de revalorisation est fix\u00e9 \u00e0 <strong>0,8 %<\/strong> pour l&rsquo;ensemble des prestations d&rsquo;invalidit\u00e9. Ce taux s&rsquo;applique notamment aux pensions d&rsquo;invalidit\u00e9, aux rentes viag\u00e8res d&rsquo;invalidit\u00e9, \u00e0 la majoration tierce personne et aux allocations temporaires d&rsquo;invalidit\u00e9.<\/p>\n<div class='shortcode important'><div class='title'>Important<\/div><div class='content'>La revalorisation est calcul\u00e9e sur le montant brut de votre pension. Elle est appliqu\u00e9e directement par votre caisse, sans que vous ayez \u00e0 en faire la demande.<\/div><\/div>\n<h1>Revalorisation pension invalidit\u00e9 CPAM 2026 (r\u00e9gime g\u00e9n\u00e9ral)<\/h1>\n<p>Pour les assur\u00e9s relevant du r\u00e9gime g\u00e9n\u00e9ral, c&rsquo;est la CPAM qui verse la pension d&rsquo;invalidit\u00e9. Le montant de la pension varie selon la cat\u00e9gorie d&rsquo;invalidit\u00e9 dans laquelle vous \u00eates class\u00e9(e) par le m\u00e9decin-conseil de votre caisse.<\/p>\n<h2>Revalorisation pension invalidit\u00e9 cat\u00e9gorie 1 : quel nouveau montant\u00a0?<\/h2>\n<p>La <strong>cat\u00e9gorie 1<\/strong> concerne les personnes invalides capables d&rsquo;exercer une activit\u00e9 r\u00e9mun\u00e9r\u00e9e. La pension est calcul\u00e9e \u00e0 hauteur de <strong>30 % du salaire annuel moyen<\/strong> (bas\u00e9 sur les 10 meilleures ann\u00e9es de salaire).<\/p>\n<p>Apr\u00e8s la revalorisation de 0,8 % au 1er avril 2026, les montants mensuels applicables sont les suivants\u00a0:<\/p>\n\n<div class=\"wpdt-c row wpDataTableContainerSimpleTable wpDataTables wpDataTablesWrapper\n wdtscroll\"\n    >\n    <table id=\"wpdtSimpleTable-840\"\n           class=\"wpdtSimpleTable wpDataTable\"\n           data-column=\"3\"\n           data-rows=\"3\"\n           data-wpID=\"840\"\n           data-responsive=\"0\"\n           data-has-header=\"1\">\n\n                    <thead>        <tr class=\"wpdt-cell-row \" >\n                            <th class=\"wpdt-cell wpdt-bc-F3F9FE wpdt-bold\"\n                                    data-cell-id=\"A1\"\n                data-col-index=\"0\"\n                data-row-index=\"0\"\n                style=\" width:163px;                padding:10px;\"\n                >\n                                Montant                <\/th>\n                                            <th class=\"wpdt-cell wpdt-bc-F3F9FE wpdt-bold\"\n                                    data-cell-id=\"B1\"\n                data-col-index=\"1\"\n                data-row-index=\"0\"\n                style=\" width:180px;                padding:10px;\"\n                >\n                                Avant le 1er avril 2026                <\/th>\n                                            <th class=\"wpdt-cell wpdt-bc-F3F9FE wpdt-bold\"\n                                    data-cell-id=\"C1\"\n                data-col-index=\"2\"\n                data-row-index=\"0\"\n                style=\" width:150px;                padding:10px;\"\n                >\n                                Apr\u00e8s le 1er avril 2026                <\/th>\n                                        <\/tr>\n                    <tbody>        <tr class=\"wpdt-cell-row \" >\n                            <td class=\"wpdt-cell \"\n                                    data-cell-id=\"A2\"\n                data-col-index=\"0\"\n                data-row-index=\"1\"\n                style=\"                padding:10px;\"\n                >\n                                Minimum mensuel                <\/td>\n                                            <td class=\"wpdt-cell \"\n                                    data-cell-id=\"B2\"\n                data-col-index=\"1\"\n                data-row-index=\"1\"\n                style=\"                padding:10px;\"\n                >\n                                335,62 \u20ac                <\/td>\n                                            <td class=\"wpdt-cell \"\n                                    data-cell-id=\"C2\"\n                data-col-index=\"2\"\n                data-row-index=\"1\"\n                style=\"                padding:10px;\"\n                >\n                                338,31 \u20ac                <\/td>\n                                        <\/tr>\n                            <tr class=\"wpdt-cell-row \" >\n                            <td class=\"wpdt-cell \"\n                                    data-cell-id=\"A3\"\n                data-col-index=\"0\"\n                data-row-index=\"2\"\n                style=\"                padding:10px;\"\n                >\n                                Maximum mensuel                <\/td>\n                                            <td class=\"wpdt-cell \"\n                                    data-cell-id=\"B3\"\n                data-col-index=\"1\"\n                data-row-index=\"2\"\n                style=\"                padding:10px;\"\n                >\n                                1 191,95 \u20ac                <\/td>\n                                            <td class=\"wpdt-cell \"\n                                    data-cell-id=\"C3\"\n                data-col-index=\"2\"\n                data-row-index=\"2\"\n                style=\"                padding:10px;\"\n                >\n                                1\u00a0201,50 \u20ac                <\/td>\n                                        <\/tr>\n                    <\/table>\n<\/div><style id='wpdt-custom-style-840'>\n.wpdt-bc-F3F9FE { background-color: #F3F9FE !important;}\n<\/style>\n\n<div class='shortcode tips'><div class='title'>Exemple<\/div><div class='content'>Vous \u00eates class\u00e9(e) en cat\u00e9gorie 1 et vous perceviez jusqu&rsquo;ici le minimum de 335,62 \u20ac par mois. Apr\u00e8s la revalorisation, vous percevrez 338,31 \u20ac, soit environ 2,69 \u20ac de plus par mois.<\/div><\/div>\n<h2>Revalorisation pension invalidit\u00e9 cat\u00e9gorie 2 : quel nouveau montant\u00a0?<\/h2>\n<p>La <strong>cat\u00e9gorie 2<\/strong> concerne les personnes absolument incapables d&rsquo;exercer une profession quelconque. La pension est calcul\u00e9e \u00e0 hauteur de <strong>50 % du salaire annuel moyen<\/strong>.<\/p>\n<p>Apr\u00e8s la revalorisation de 0,8 %, les montants mensuels sont les suivants\u00a0:<\/p>\n\n<div class=\"wpdt-c row wpDataTableContainerSimpleTable wpDataTables wpDataTablesWrapper\n wdtscroll\"\n    >\n    <table id=\"wpdtSimpleTable-841\"\n           class=\"wpdtSimpleTable wpDataTable\"\n           data-column=\"3\"\n           data-rows=\"3\"\n           data-wpID=\"841\"\n           data-responsive=\"0\"\n           data-has-header=\"1\">\n\n                    <thead>        <tr class=\"wpdt-cell-row \" >\n                            <th class=\"wpdt-cell wpdt-bc-F3F9FE wpdt-bold\"\n                                    data-cell-id=\"A1\"\n                data-col-index=\"0\"\n                data-row-index=\"0\"\n                style=\" width:163px;                padding:10px;\"\n                >\n                                Montant                <\/th>\n                                            <th class=\"wpdt-cell wpdt-bc-F3F9FE wpdt-bold\"\n                                    data-cell-id=\"B1\"\n                data-col-index=\"1\"\n                data-row-index=\"0\"\n                style=\" width:180px;                padding:10px;\"\n                >\n                                Avant le 1er avril 2026                <\/th>\n                                            <th class=\"wpdt-cell wpdt-bc-F3F9FE wpdt-bold\"\n                                    data-cell-id=\"C1\"\n                data-col-index=\"2\"\n                data-row-index=\"0\"\n                style=\" width:150px;                padding:10px;\"\n                >\n                                Apr\u00e8s le 1er avril 2026                <\/th>\n                                        <\/tr>\n                    <tbody>        <tr class=\"wpdt-cell-row \" >\n                            <td class=\"wpdt-cell \"\n                                    data-cell-id=\"A2\"\n                data-col-index=\"0\"\n                data-row-index=\"1\"\n                style=\"                padding:10px;\"\n                >\n                                Minimum mensuel                <\/td>\n                                            <td class=\"wpdt-cell \"\n                                    data-cell-id=\"B2\"\n                data-col-index=\"1\"\n                data-row-index=\"1\"\n                style=\"                padding:10px;\"\n                >\n                                335,62 \u20ac                <\/td>\n                                            <td class=\"wpdt-cell \"\n                                    data-cell-id=\"C2\"\n                data-col-index=\"2\"\n                data-row-index=\"1\"\n                style=\"                padding:10px;\"\n                >\n                                338,31 \u20ac                <\/td>\n                                        <\/tr>\n                            <tr class=\"wpdt-cell-row \" >\n                            <td class=\"wpdt-cell \"\n                                    data-cell-id=\"A3\"\n                data-col-index=\"0\"\n                data-row-index=\"2\"\n                style=\"                padding:10px;\"\n                >\n                                Maximum mensuel                <\/td>\n                                            <td class=\"wpdt-cell \"\n                                    data-cell-id=\"B3\"\n                data-col-index=\"1\"\n                data-row-index=\"2\"\n                style=\"                padding:10px;\"\n                >\n                                1 986,50 \u20ac                <\/td>\n                                            <td class=\"wpdt-cell \"\n                                    data-cell-id=\"C3\"\n                data-col-index=\"2\"\n                data-row-index=\"2\"\n                style=\"                padding:10px;\"\n                >\n                                2\u00a0002,50 \u20ac                <\/td>\n                                        <\/tr>\n                    <\/table>\n<\/div><style id='wpdt-custom-style-841'>\n.wpdt-bc-F3F9FE { background-color: #F3F9FE !important;}\n<\/style>\n\n<h2>Revalorisation pension invalidit\u00e9 cat\u00e9gorie 3 : quel nouveau montant ?<\/h2>\n<p>La <strong>cat\u00e9gorie 3<\/strong> concerne les personnes incapables d&rsquo;exercer une profession et qui ont besoin d&rsquo;une tierce personne pour les actes ordinaires de la vie. La pension de base reste calcul\u00e9e \u00e0 <strong>50 % du salaire annuel moyen<\/strong>, mais elle est <strong>major\u00e9e de 40 % suppl\u00e9mentaires<\/strong> au titre de la majoration tierce personne.<\/p>\n\n<div class=\"wpdt-c row wpDataTableContainerSimpleTable wpDataTables wpDataTablesWrapper\n wdtscroll\"\n    >\n    <table id=\"wpdtSimpleTable-842\"\n           class=\"wpdtSimpleTable wpDataTable\"\n           data-column=\"3\"\n           data-rows=\"3\"\n           data-wpID=\"842\"\n           data-responsive=\"0\"\n           data-has-header=\"1\">\n\n                    <thead>        <tr class=\"wpdt-cell-row \" >\n                            <th class=\"wpdt-cell wpdt-bc-F3F9FE wpdt-bold\"\n                                    data-cell-id=\"A1\"\n                data-col-index=\"0\"\n                data-row-index=\"0\"\n                style=\" width:163px;                padding:10px;\"\n                >\n                                Montant                <\/th>\n                                            <th class=\"wpdt-cell wpdt-bc-F3F9FE wpdt-bold\"\n                                    data-cell-id=\"B1\"\n                data-col-index=\"1\"\n                data-row-index=\"0\"\n                style=\" width:180px;                padding:10px;\"\n                >\n                                Avant le 1er avril 2026                <\/th>\n                                            <th class=\"wpdt-cell wpdt-bc-F3F9FE wpdt-bold\"\n                                    data-cell-id=\"C1\"\n                data-col-index=\"2\"\n                data-row-index=\"0\"\n                style=\" width:150px;                padding:10px;\"\n                >\n                                Apr\u00e8s le 1er avril 2026                <\/th>\n                                        <\/tr>\n                    <tbody>        <tr class=\"wpdt-cell-row \" >\n                            <td class=\"wpdt-cell \"\n                                    data-cell-id=\"A2\"\n                data-col-index=\"0\"\n                data-row-index=\"1\"\n                style=\"                padding:10px;\"\n                >\n                                Minimum mensuel                <\/td>\n                                            <td class=\"wpdt-cell \"\n                                    data-cell-id=\"B2\"\n                data-col-index=\"1\"\n                data-row-index=\"1\"\n                style=\"                padding:10px;\"\n                >\n                                1\u00a0623,55 \u20ac                <\/td>\n                                            <td class=\"wpdt-cell \"\n                                    data-cell-id=\"C2\"\n                data-col-index=\"2\"\n                data-row-index=\"1\"\n                style=\"                padding:10px;\"\n                >\n                                1\u00a0636,76 \u20ac                <\/td>\n                                        <\/tr>\n                            <tr class=\"wpdt-cell-row \" >\n                            <td class=\"wpdt-cell \"\n                                    data-cell-id=\"A3\"\n                data-col-index=\"0\"\n                data-row-index=\"2\"\n                style=\"                padding:10px;\"\n                >\n                                Maximum mensuel                <\/td>\n                                            <td class=\"wpdt-cell \"\n                                    data-cell-id=\"B3\"\n                data-col-index=\"1\"\n                data-row-index=\"2\"\n                style=\"                padding:10px;\"\n                >\n                                3\u00a0274,57 \u20ac                <\/td>\n                                            <td class=\"wpdt-cell \"\n                                    data-cell-id=\"C3\"\n                data-col-index=\"2\"\n                data-row-index=\"2\"\n                style=\"                padding:10px;\"\n                >\n                                3\u00a0300,95 \u20ac                <\/td>\n                                        <\/tr>\n                    <\/table>\n<\/div><style id='wpdt-custom-style-842'>\n.wpdt-bc-F3F9FE { background-color: #F3F9FE !important;}\n<\/style>\n\n<div class='shortcode disclaimer'><div class='title'>Attention<\/div><div class='content'>Les montants indiqu\u00e9s sont des valeurs de r\u00e9f\u00e9rence officielles. Le montant r\u00e9ellement vers\u00e9 d\u00e9pend de votre situation personnelle (salaire annuel moyen, cat\u00e9gorie d&rsquo;invalidit\u00e9, \u00e9ventuels revenus d&rsquo;activit\u00e9). Seule une simulation personnalis\u00e9e permet de conna\u00eetre votre montant exact.<\/div><\/div>\n<div class='cta-block'><div class='text'>Simulez toutes vos aides en 2 min.<\/div><a href='https:\/\/www.mes-allocs.fr\/ab-app?origin=guides\/wp-json\/wp\/v2\/posts\/81459' class='app-button fit'>Simulation gratuite<\/a><\/div>\n<h1>Revalorisation pension invalidit\u00e9 : les cas particulier<\/h1>\n<h2>Quelle augmentation pour les travailleurs ind\u00e9pendants ?<\/h2>\n<p>Les travailleurs ind\u00e9pendants (artisans, commer\u00e7ants, professions lib\u00e9rales) rel\u00e8vent depuis 2020 du r\u00e9gime g\u00e9n\u00e9ral de la S\u00e9curit\u00e9 sociale pour leur protection sociale, y compris en mati\u00e8re d&rsquo;invalidit\u00e9. La <strong>revalorisation de 0,8 % au 1er avril 2026<\/strong> s&rsquo;applique donc \u00e9galement \u00e0 leurs pensions d&rsquo;invalidit\u00e9, selon les m\u00eames r\u00e8gles de cat\u00e9gorisation et les m\u00eames montants plancher et plafond que ceux du r\u00e9gime g\u00e9n\u00e9ral.<\/p>\n<h2>Quelle augmentation pour le r\u00e9gime des salari\u00e9s agricoles ?<\/h2>\n<p>Les salari\u00e9s agricoles d\u00e9pendent de la <strong>Mutualit\u00e9 Sociale Agricole (MSA)<\/strong> pour la gestion de leur pension d&rsquo;invalidit\u00e9. La revalorisation de 0,8 % au 1er avril 2026 s&rsquo;applique \u00e9galement aux pensions vers\u00e9es par la MSA, selon les m\u00eames modalit\u00e9s que le r\u00e9gime g\u00e9n\u00e9ral.<\/p>\n<p>Les cat\u00e9gories d&rsquo;invalidit\u00e9 (1, 2 ou 3) sont identiques, et les montants plancher et plafond sont les m\u00eames.<\/p>\n<h2>Quelle augmentation pour les fonctionnaires territoriaux et hospitaliers (CNRACL) ?<\/h2>\n<p>La <strong>CNRACL<\/strong> (Caisse Nationale de Retraite des Agents des Collectivit\u00e9s Locales) couvre les fonctionnaires territoriaux et hospitaliers. Les pensions d&rsquo;invalidit\u00e9 relevant de ce r\u00e9gime sp\u00e9cial sont elles aussi concern\u00e9es par la revalorisation au 1er avril 2026.<\/p>\n<p><iframe loading=\"lazy\" title=\"La pension d&#039;invalidit\u00e9\" width=\"500\" height=\"281\" src=\"https:\/\/www.youtube.com\/embed\/_UJaa1UDtZs?feature=oembed\" frameborder=\"0\" allow=\"accelerometer; autoplay; clipboard-write; encrypted-media; gyroscope; picture-in-picture; web-share\" referrerpolicy=\"strict-origin-when-cross-origin\" allowfullscreen><\/iframe><\/p>\n<h1>A partir de quand s&rsquo;applique la revalorisation\u00a0?<\/h1>\n<p>La revalorisation est officiellement entr\u00e9e en vigueur le <strong>1er avril 2026<\/strong>. Elle s&rsquo;applique donc sur<strong>\u00a0le paiement de la pension du mois d&rsquo;avril<\/strong>, c&rsquo;est-\u00e0-dire sur le versement que vous recevrez courant avril ou d\u00e9but mai selon votre r\u00e9gime et la date habituelle de vos paiements.<\/p>\n<p>Vous n&rsquo;avez rien \u00e0 faire pour en b\u00e9n\u00e9ficier\u00a0: la mise \u00e0 jour est automatique. En revanche, si vous constatez que le montant vers\u00e9 ne tient pas compte de la revalorisation apr\u00e8s le mois d&rsquo;avril, contactez directement votre caisse (CPAM, MSA ou CNRACL selon votre situation).<\/p>\n<h1>Revalorisation de la pension d&rsquo;invalidit\u00e9 suite \u00e0 l&rsquo;aggravation de l&rsquo;\u00e9tat de sant\u00e9 : est-ce possible\u00a0?<\/h1>\n<p><strong>Oui<\/strong>, il est tout \u00e0 fait possible d&rsquo;obtenir une revalorisation de sa pension d&rsquo;invalidit\u00e9 suite \u00e0 une aggravation de l&rsquo;\u00e9tat de sant\u00e9. Cette revalorisation est ind\u00e9pendante des revalorisations annuelles r\u00e9glement\u00e9es comme celle du 1er avril 2026.<\/p>\n<p>Si votre \u00e9tat de sant\u00e9 se d\u00e9grade et que vous passez d&rsquo;une cat\u00e9gorie d&rsquo;invalidit\u00e9 \u00e0 une cat\u00e9gorie sup\u00e9rieure (par exemple de la 1\u00e8re \u00e0 la 2e, ou de la 2e \u00e0 la 3e), votre pension sera recalcul\u00e9e \u00e0 la hausse. C&rsquo;est le m\u00e9decin-conseil de votre caisse qui \u00e9value votre \u00e9tat et d\u00e9cide du nouveau classement.<\/p>\n<p>Le classement en cat\u00e9gorie n&rsquo;est pas fig\u00e9 dans le temps. Il peut \u00e9voluer \u00e0 la hausse comme \u00e0 la baisse selon les contr\u00f4les m\u00e9dicaux r\u00e9alis\u00e9s par votre caisse. Si vous estimez que votre \u00e9tat de sant\u00e9 s&rsquo;est aggrav\u00e9 et que votre classification ne refl\u00e8te plus votre situation r\u00e9elle, vous pouvez <strong>demander une r\u00e9\u00e9valuation \u00e0 votre CPAM ou \u00e0 votre MSA<\/strong>.<\/p>\n<div class='shortcode tips'><div class='title'>Exemple<\/div><div class='content'>Vous \u00eates actuellement class\u00e9(e) en cat\u00e9gorie 1 et vous percevez une pension mensuelle de 900 \u20ac. Suite \u00e0 une aggravation de votre maladie, le m\u00e9decin-conseil vous reclasse en cat\u00e9gorie 2. Votre pension pourrait alors atteindre jusqu&rsquo;\u00e0 2\u00a0002,50 \u20ac par mois, selon votre salaire annuel moyen de r\u00e9f\u00e9rence.<\/div><\/div>\n<h1>Quelle est la prochaine augmentation de la pension invalidit\u00e9\u00a0?<\/h1>\n<p>Les pensions d&rsquo;invalidit\u00e9 sont revaloris\u00e9es chaque ann\u00e9e, en principe au <strong>1er avril<\/strong>. Le taux de revalorisation est fix\u00e9 par d\u00e9cret et bas\u00e9 sur l&rsquo;\u00e9volution de l&rsquo;inflation mesur\u00e9e par l&rsquo;INSEE.<\/p>\n<p>La prochaine revalorisation devrait donc intervenir au <strong>1er avril 2027<\/strong>. Le taux applicable n&rsquo;est pas encore connu \u00e0 ce stade\u00a0: il sera d\u00e9termin\u00e9 en fonction de l&rsquo;\u00e9volution des prix \u00e0 la consommation constat\u00e9e sur l&rsquo;ann\u00e9e \u00e9coul\u00e9e.<\/p>\n<div class='shortcode summary'><div class='title'>En r\u00e9sum\u00e9 :<\/div><div class='content'><ul><li>La <strong>revalorisation de la pension d&rsquo;invalidit\u00e9<\/strong> est effective depuis le <strong>1er avril 2026<\/strong>, avec un taux de <strong>0,8 %<\/strong>.<\/li><li>Elle concerne les r\u00e9gimes g\u00e9n\u00e9ral (CPAM), agricole (MSA) et les fonctionnaires (CNRACL), ainsi que les anciens travailleurs ind\u00e9pendants.<\/li><li>Les nouveaux montants mensuels sont : <strong>cat\u00e9gorie 1<\/strong> entre 338,31 \u20ac et 1\u00a0201,50 \u20ac\u00a0; <strong>cat\u00e9gorie 2<\/strong> entre 338,31 \u20ac et 2\u00a0002,50 \u20ac\u00a0; <strong>cat\u00e9gorie 3<\/strong> entre 1\u00a0636,76 \u20ac et 3\u00a0300,95 \u20ac.<\/li><li>Aucune d\u00e9marche n&rsquo;est n\u00e9cessaire\u00a0: la revalorisation est appliqu\u00e9e automatiquement sur le paiement du mois d&rsquo;avril.<\/li><li>En cas d&rsquo;aggravation de l&rsquo;\u00e9tat de sant\u00e9, un reclassement en cat\u00e9gorie sup\u00e9rieure reste possible et peut entra\u00eener une hausse plus importante de la pension.<\/li><\/ul><\/div><\/div>\n<div class='cta-block'><div class='text'>Simulez toutes vos aides en 2 min.<\/div><a href='https:\/\/www.mes-allocs.fr\/ab-app?origin=guides\/wp-json\/wp\/v2\/posts\/81459' class='app-button fit'>Simulation gratuite<\/a><\/div>\n","protected":false},"excerpt":{"rendered":"<p>[Mis \u00e0 jour le 21\/04\/2026] Vous percevez une pension d&rsquo;invalidit\u00e9 et vous vous demandez si son montant va augmenter en 2026\u00a0? Bonne nouvelle\u00a0: la revalorisation de la pension d&rsquo;invalidit\u00e9 est effective depuis le 1er avril 2026. On vous explique de combien augmente le montant de la pension d&rsquo;invalidit\u00e9, quels r\u00e9gimes sont concern\u00e9s et \u00e0 partir [&hellip;]<\/p>\n","protected":false},"author":26,"featured_media":34919,"comment_status":"open","ping_status":"open","sticky":false,"template":"","format":"standard","meta":{"amp_status":"","footnotes":""},"categories":[36818,35633],"tags":[],"class_list":["post-81459","post","type-post","status-publish","format-standard","has-post-thumbnail","hentry","category-montant-pension-invalidite","category-pension-invalidite"],"yoast_head":"<!-- This site is optimized with the Yoast SEO plugin v14.9 - https:\/\/yoast.com\/wordpress\/plugins\/seo\/ -->\n<title>Revalorisation pension invalidit\u00e9 2026 : quelle augmentation ?<\/title>\n<meta name=\"description\" content=\"La pension d&#039;invalidit\u00e9 a \u00e9t\u00e9 revaloris\u00e9e de 0,8 % au 1er avril 2026. D\u00e9couvrez les nouveaux montants selon votre invalidit\u00e9.\" \/>\n<meta name=\"robots\" content=\"index, follow, max-snippet:-1, max-image-preview:large, max-video-preview:-1\" \/>\n<link rel=\"canonical\" href=\"https:\/\/www.mes-allocs.fr\/guides\/pension-invalidite\/montant-pension-invalidite\/augmentation-pension-invalidite\/\" \/>\n<meta property=\"og:locale\" content=\"fr_FR\" \/>\n<meta property=\"og:type\" content=\"article\" \/>\n<meta property=\"og:title\" content=\"Revalorisation pension invalidit\u00e9 2026 : quelle augmentation ?\" \/>\n<meta property=\"og:description\" content=\"La pension d&#039;invalidit\u00e9 a \u00e9t\u00e9 revaloris\u00e9e de 0,8 % au 1er avril 2026. D\u00e9couvrez les nouveaux montants selon votre invalidit\u00e9.\" \/>\n<meta property=\"og:url\" content=\"https:\/\/www.mes-allocs.fr\/guides\/pension-invalidite\/montant-pension-invalidite\/augmentation-pension-invalidite\/\" \/>\n<meta property=\"og:site_name\" content=\"Mes-Allocs.fr\" \/>\n<meta property=\"article:published_time\" content=\"2024-07-31T13:19:18+00:00\" \/>\n<meta property=\"article:modified_time\" content=\"2026-04-22T09:52:02+00:00\" \/>\n<meta property=\"og:image\" content=\"https:\/\/www.mes-allocs.fr\/guides\/wp-content\/uploads\/2021\/08\/Quel-est-le-salaire-dune-styliste-ongulaire-.jpg?wsr\" \/>\n\t<meta property=\"og:image:width\" content=\"1280\" \/>\n\t<meta property=\"og:image:height\" content=\"853\" \/>\n<meta name=\"twitter:card\" content=\"summary_large_image\" \/>\n<script type=\"application\/ld+json\" class=\"yoast-schema-graph\">{\"@context\":\"https:\/\/schema.org\",\"@graph\":[{\"@type\":\"WebSite\",\"@id\":\"https:\/\/www.mes-allocs.fr\/guides\/#website\",\"url\":\"https:\/\/www.mes-allocs.fr\/guides\/\",\"name\":\"Mes-Allocs.fr\",\"description\":\"\",\"potentialAction\":[{\"@type\":\"SearchAction\",\"target\":\"https:\/\/www.mes-allocs.fr\/guides\/?s={search_term_string}\",\"query-input\":\"required name=search_term_string\"}],\"inLanguage\":\"fr-FR\"},{\"@type\":\"ImageObject\",\"@id\":\"https:\/\/www.mes-allocs.fr\/guides\/pension-invalidite\/montant-pension-invalidite\/augmentation-pension-invalidite\/#primaryimage\",\"inLanguage\":\"fr-FR\",\"url\":\"https:\/\/www.mes-allocs.fr\/guides\/wp-content\/uploads\/2021\/08\/Quel-est-le-salaire-dune-styliste-ongulaire-.jpg?wsr\",\"width\":1280,\"height\":853,\"caption\":\"augmentation pension invalidit\\u00e9 2024\"},{\"@type\":\"WebPage\",\"@id\":\"https:\/\/www.mes-allocs.fr\/guides\/pension-invalidite\/montant-pension-invalidite\/augmentation-pension-invalidite\/#webpage\",\"url\":\"https:\/\/www.mes-allocs.fr\/guides\/pension-invalidite\/montant-pension-invalidite\/augmentation-pension-invalidite\/\",\"name\":\"Revalorisation pension invalidit\\u00e9 2026 : quelle augmentation ?\",\"isPartOf\":{\"@id\":\"https:\/\/www.mes-allocs.fr\/guides\/#website\"},\"primaryImageOfPage\":{\"@id\":\"https:\/\/www.mes-allocs.fr\/guides\/pension-invalidite\/montant-pension-invalidite\/augmentation-pension-invalidite\/#primaryimage\"},\"datePublished\":\"2024-07-31T13:19:18+00:00\",\"dateModified\":\"2026-04-22T09:52:02+00:00\",\"author\":{\"@id\":\"https:\/\/www.mes-allocs.fr\/guides\/#\/schema\/person\/9c38f3be41a0ddcd1e3fde5a3df713bf\"},\"description\":\"La pension d'invalidit\\u00e9 a \\u00e9t\\u00e9 revaloris\\u00e9e de 0,8 % au 1er avril 2026. D\\u00e9couvrez les nouveaux montants selon votre invalidit\\u00e9.\",\"inLanguage\":\"fr-FR\"},{\"@type\":\"Person\",\"@id\":\"https:\/\/www.mes-allocs.fr\/guides\/#\/schema\/person\/9c38f3be41a0ddcd1e3fde5a3df713bf\",\"name\":\"Sessime Ananou\",\"image\":{\"@type\":\"ImageObject\",\"@id\":\"https:\/\/www.mes-allocs.fr\/guides\/#personlogo\",\"inLanguage\":\"fr-FR\",\"url\":\"https:\/\/www.mes-allocs.fr\/guides\/wp-content\/uploads\/2023\/08\/IMG_8173-150x150.jpg\",\"caption\":\"Sessime Ananou\"},\"description\":\"Sessime est r\\u00e9dactrice chez Mes Allocs, sp\\u00e9cialis\\u00e9e sur le pouvoir d'achat. Elle rejoint l'\\u00e9quipe Mes Allocs en ao\\u00fbt 2023 afin de simplifier l'acc\\u00e8s \\u00e0 l'information sur les aides en g\\u00e9n\\u00e9ral.\"}]}<\/script>\n<!-- \/ Yoast SEO plugin. -->","amp_validity":null,"acf":{"faq":{"1":{"question":"Quelle est la revalorisation de ma pension d'invalidit\u00e9 en 2026 ?","answer":"Les pensions d'invalidit\u00e9 sont revaloris\u00e9es de 0,8 % depuis le 1er avril 2026. Cette hausse s'applique automatiquement \u00e0 tous les b\u00e9n\u00e9ficiaires, sans d\u00e9marche \u00e0 effectuer."},"2":{"question":"Quand sont revaloris\u00e9es les pensions d'invalidit\u00e9 ?","answer":"Les pensions d'invalidit\u00e9 sont revaloris\u00e9es chaque ann\u00e9e au 1er avril. Le taux est fix\u00e9 par d\u00e9cret en fonction de l'\u00e9volution de l'inflation. La revalorisation est visible sur le paiement du mois d'avril.\r\n"},"3":{"question":"Est-ce que la pension d'invalidit\u00e9 cat\u00e9gorie 2 va augmenter ?","answer":"Oui. La pension d'invalidit\u00e9 de cat\u00e9gorie 2 a \u00e9t\u00e9 revaloris\u00e9e de 0,8 % au 1er avril 2026. Le montant mensuel maximum atteint d\u00e9sormais 2 002,50 \u20ac, contre 1 986,50 \u20ac auparavant.\r\n"},"4":{"question":"Quelle invalidit\u00e9 pour un cancer ?","answer":"Un cancer peut ouvrir droit \u00e0 une pension d'invalidit\u00e9 de cat\u00e9gorie 1, 2 ou 3 selon votre capacit\u00e9 \u00e0 travailler. C'est le m\u00e9decin-conseil de votre CPAM qui d\u00e9termine la cat\u00e9gorie, apr\u00e8s \u00e9valuation de votre \u00e9tat de sant\u00e9 et de votre situation professionnelle. Il n'existe pas de liste de pathologies ouvrant automatiquement droit \u00e0 l'invalidit\u00e9 : c'est bien votre incapacit\u00e9 \u00e0 travailler qui est \u00e9valu\u00e9e.\r\n"},"5":{"question":"Quels types de cancers donnent droit \u00e0 une invalidit\u00e9 ?","answer":"Aucun type de cancer ne donne automatiquement droit \u00e0 une pension d'invalidit\u00e9. Ce qui compte, c'est l'impact du cancer sur votre capacit\u00e9 \u00e0 exercer une activit\u00e9 professionnelle. Ainsi, un cancer du sein, un cancer colorectal, une leuc\u00e9mie ou toute autre pathologie canc\u00e9reuse peut ouvrir des droits \u00e0 l'invalidit\u00e9 si la maladie ou les traitements r\u00e9duisent significativement votre aptitude au travail. Le m\u00e9decin-conseil de votre CPAM reste le seul \u00e0 en d\u00e9cider.\r\n"},"6":{"question":"Quelle aide financi\u00e8re quand on a un cancer ?","answer":"Plusieurs aides peuvent \u00eatre mobilis\u00e9es en cas de cancer : la pension d'invalidit\u00e9, les indemnit\u00e9s journali\u00e8res en cas d'arr\u00eat de travail prolong\u00e9, l'AAH (Allocation aux Adultes Handicap\u00e9s) si un taux d'incapacit\u00e9 est reconnu, ou encore des aides locales et associatives sp\u00e9cifiques. Les droits d\u00e9pendent de votre situation personnelle : une simulation sur Mes Allocs permet de savoir rapidement \u00e0 quoi vous pouvez pr\u00e9tendre."},"7":{"question":"","answer":""},"8":{"question":"","answer":""},"9":{"question":"","answer":""},"10":{"question":"","answer":""},"11":{"question":"","answer":""},"12":{"question":"","answer":""},"13":{"question":"","answer":""},"14":{"question":"","answer":""},"15":{"question":"","answer":""},"16":{"question":"","answer":""}}},"_links":{"self":[{"href":"https:\/\/www.mes-allocs.fr\/guides\/wp-json\/wp\/v2\/posts\/81459","targetHints":{"allow":["GET"]}}],"collection":[{"href":"https:\/\/www.mes-allocs.fr\/guides\/wp-json\/wp\/v2\/posts"}],"about":[{"href":"https:\/\/www.mes-allocs.fr\/guides\/wp-json\/wp\/v2\/types\/post"}],"author":[{"embeddable":true,"href":"https:\/\/www.mes-allocs.fr\/guides\/wp-json\/wp\/v2\/users\/26"}],"replies":[{"embeddable":true,"href":"https:\/\/www.mes-allocs.fr\/guides\/wp-json\/wp\/v2\/comments?post=81459"}],"version-history":[{"count":9,"href":"https:\/\/www.mes-allocs.fr\/guides\/wp-json\/wp\/v2\/posts\/81459\/revisions"}],"predecessor-version":[{"id":112217,"href":"https:\/\/www.mes-allocs.fr\/guides\/wp-json\/wp\/v2\/posts\/81459\/revisions\/112217"}],"wp:featuredmedia":[{"embeddable":true,"href":"https:\/\/www.mes-allocs.fr\/guides\/wp-json\/wp\/v2\/media\/34919"}],"wp:attachment":[{"href":"https:\/\/www.mes-allocs.fr\/guides\/wp-json\/wp\/v2\/media?parent=81459"}],"wp:term":[{"taxonomy":"category","embeddable":true,"href":"https:\/\/www.mes-allocs.fr\/guides\/wp-json\/wp\/v2\/categories?post=81459"},{"taxonomy":"post_tag","embeddable":true,"href":"https:\/\/www.mes-allocs.fr\/guides\/wp-json\/wp\/v2\/tags?post=81459"}],"curies":[{"name":"wp","href":"https:\/\/api.w.org\/{rel}","templated":true}]}}