{"id":81446,"date":"2024-07-30T13:17:18","date_gmt":"2024-07-30T11:17:18","guid":{"rendered":"https:\/\/www.mes-allocs.fr\/guides\/?p=81446"},"modified":"2026-04-22T10:52:02","modified_gmt":"2026-04-22T09:52:02","slug":"csg-pension-invalidite","status":"publish","type":"post","link":"https:\/\/www.mes-allocs.fr\/guides\/pension-invalidite\/montant-pension-invalidite\/csg-pension-invalidite\/","title":{"rendered":"Tout savoir sur la CSG appliqu\u00e9e aux pensions d&rsquo;invalidit\u00e9"},"content":{"rendered":"<p><img loading=\"lazy\" decoding=\"async\" class=\"alignnone wp-image-80446 size-full\" title=\"csg sur pension invalidit\u00e9\" src=\"https:\/\/www.mes-allocs.fr\/guides\/wp-content\/uploads\/2024\/06\/wallet-867568_1280-e1722335219904.jpg\" alt=\"csg sur pension invalidit\u00e9\" width=\"1280\" height=\"329\" \/><\/p>\n<p><strong>La Contribution Sociale G\u00e9n\u00e9ralis\u00e9e (CSG) est un imp\u00f4t essentiel en France, con\u00e7u pour financer la s\u00e9curit\u00e9 sociale et assurer la couverture des d\u00e9penses de sant\u00e9, des retraites et d&rsquo;autres prestations sociales. Pour les b\u00e9n\u00e9ficiaires de <a href=\"https:\/\/www.mes-allocs.fr\/guides\/pension-invalidite\/\">pension d\u2019invalidit\u00e9<\/a>, la CSG constitue une d\u00e9duction importante qui affecte directement le montant net per\u00e7u. Comprendre comment la CSG est appliqu\u00e9e \u00e0 ces pensions est crucial pour g\u00e9rer efficacement son budget et s\u2019assurer que les pr\u00e9l\u00e8vements sont corrects. Cet article vous fournira des r\u00e9ponses compl\u00e8tes et utiles pour mieux naviguer dans ce syst\u00e8me complexe.<\/strong><\/p>\n<div class='cta-block'><div class='text'>Simulez toutes vos aides en 2 min.<\/div><a href='https:\/\/www.mes-allocs.fr\/ab-app?origin=guides\/wp-json\/wp\/v2\/posts\/81446' class='app-button fit'>Simulation gratuite<\/a><\/div>\n<h1>Changement de statut : de la pension d\u2019invalidit\u00e9 \u00e0 la retraite<\/h1>\n<h2><strong>Les conditions de passage \u00e0 la retraite<\/strong><\/h2>\n<p>Le passage de la pension d\u2019invalidit\u00e9 \u00e0 la retraite se produit g\u00e9n\u00e9ralement lorsque le b\u00e9n\u00e9ficiaire atteint l\u2019\u00e2ge l\u00e9gal de la retraite. En France, cet \u00e2ge est fix\u00e9 \u00e0 62 ans pour les personnes n\u00e9es apr\u00e8s 1955. Cependant, des exceptions peuvent exister pour les personnes ayant commenc\u00e9 \u00e0 travailler tr\u00e8s jeunes ou ayant une carri\u00e8re longue. Il est important de v\u00e9rifier les conditions sp\u00e9cifiques qui peuvent s&rsquo;appliquer en fonction du r\u00e9gime de retraite dont le b\u00e9n\u00e9ficiaire rel\u00e8ve.<\/p>\n<p>Pour pouvoir b\u00e9n\u00e9ficier d\u2019une retraite \u00e0 taux plein, les assur\u00e9s doivent avoir valid\u00e9 un nombre suffisant de trimestres de cotisation. Pendant la p\u00e9riode de pension d\u2019invalidit\u00e9, des trimestres peuvent \u00eatre valid\u00e9s, mais ces p\u00e9riodes peuvent ne pas toujours couvrir l\u2019int\u00e9gralit\u00e9 des exigences n\u00e9cessaires pour obtenir une retraite \u00e0 taux plein. Les personnes qui ont \u00e9t\u00e9 reconnues invalides peuvent avoir des trimestres suppl\u00e9mentaires attribu\u00e9s, ce qui peut compenser les interruptions de carri\u00e8re.<\/p>\n<h2><strong>L&rsquo;impact de la dur\u00e9e de cotisation<\/strong><\/h2>\n<p>La dur\u00e9e de cotisation est un facteur crucial pour d\u00e9terminer le montant de la retraite. Les p\u00e9riodes de pension d\u2019invalidit\u00e9 sont g\u00e9n\u00e9ralement consid\u00e9r\u00e9es comme des p\u00e9riodes valid\u00e9es pour le calcul de la retraite. Cela signifie que les ann\u00e9es durant lesquelles une personne a per\u00e7u une pension d\u2019invalidit\u00e9 sont prises en compte dans le calcul de la dur\u00e9e totale de cotisation.<\/p>\n<p>Cependant, il est important de noter que les p\u00e9riodes d&rsquo;invalidit\u00e9 ne sont pas toujours prises en compte de la m\u00eame mani\u00e8re que les p\u00e9riodes de travail effectif. Dans certains cas, ces p\u00e9riodes peuvent \u00eatre valid\u00e9es \u00e0 un taux r\u00e9duit ou avec des ajustements sp\u00e9cifiques. Cela peut influencer le montant final de la retraite.<\/p>\n<div class='cta-block'><div class='text'>Simulez toutes vos aides en 2 min.<\/div><a href='https:\/\/www.mes-allocs.fr\/ab-app?origin=guides\/wp-json\/wp\/v2\/posts\/81446' class='app-button fit'>Simulation gratuite<\/a><\/div>\n<h1>Calcul du montant de la retraite<\/h1>\n<h2><strong>Base de calcul pour la retraite<\/strong><\/h2>\n<p>Le montant de la retraite est d\u00e9termin\u00e9 en fonction de plusieurs crit\u00e8res, dont le revenu moyen des meilleures ann\u00e9es de carri\u00e8re et le nombre de trimestres valid\u00e9s. Pour les personnes ayant b\u00e9n\u00e9fici\u00e9 d&rsquo;une pension d\u2019invalidit\u00e9, les p\u00e9riodes durant lesquelles elles ont per\u00e7u cette pension sont prises en compte dans le calcul du revenu de r\u00e9f\u00e9rence. Cependant, les montants per\u00e7us pendant la p\u00e9riode d\u2019invalidit\u00e9 peuvent influencer le revenu moyen utilis\u00e9 pour le calcul de la retraite.<\/p>\n<p>La pension d\u2019invalidit\u00e9 est g\u00e9n\u00e9ralement calcul\u00e9e en fonction du revenu ant\u00e9rieur \u00e0 l\u2019invalidit\u00e9, mais le montant de la retraite sera bas\u00e9 sur les cotisations effectu\u00e9es durant la carri\u00e8re. Les trimestres valid\u00e9s pendant la p\u00e9riode d\u2019invalidit\u00e9 contribuent au calcul, mais ils peuvent ne pas refl\u00e9ter enti\u00e8rement le revenu pr\u00e9c\u00e9dent.<\/p>\n<h2><strong>Comparaison avec les pensions de retraite standard<\/strong><\/h2>\n<p>Les pensions de retraite standard sont bas\u00e9es sur le revenu moyen des meilleures ann\u00e9es de carri\u00e8re et le nombre total de trimestres valid\u00e9s. En comparaison, les pensions d&rsquo;invalidit\u00e9 peuvent avoir un impact diff\u00e9rent sur le calcul de la retraite en raison des montants per\u00e7us durant la p\u00e9riode d&rsquo;invalidit\u00e9. Les pensions d&rsquo;invalidit\u00e9 peuvent ne pas refl\u00e9ter le revenu ant\u00e9rieur complet, ce qui peut entra\u00eener des ajustements lors du calcul de la retraite.<\/p>\n<p>Les diff\u00e9rences peuvent \u00e9galement varier en fonction du r\u00e9gime de retraite sp\u00e9cifique (r\u00e9gime g\u00e9n\u00e9ral, fonction publique, etc.), et les ajustements peuvent \u00eatre effectu\u00e9s en fonction des r\u00e8gles sp\u00e9cifiques \u00e0 chaque r\u00e9gime.<\/p>\n<p>Le <a href=\"https:\/\/www.mes-allocs.fr\/guides\/pension-invalidite\/montant-pension-invalidite\/\">montant de la pension d\u2019invalidit\u00e9<\/a> peut varier en fonction de divers facteurs, notamment le taux d\u2019incapacit\u00e9.<\/p>\n<p><iframe loading=\"lazy\" title=\"La pension d&#039;invalidit\u00e9\" width=\"500\" height=\"281\" src=\"https:\/\/www.youtube.com\/embed\/_UJaa1UDtZs?feature=oembed\" frameborder=\"0\" allow=\"accelerometer; autoplay; clipboard-write; encrypted-media; gyroscope; picture-in-picture; web-share\" referrerpolicy=\"strict-origin-when-cross-origin\" allowfullscreen><\/iframe><\/p>\n<h1>Effets des p\u00e9riodes d\u2019invalidit\u00e9 sur la retraite<\/h1>\n<h2><strong>R\u00e9percussions des indemnit\u00e9s d\u2019invalidit\u00e9 sur la retraite<\/strong><\/h2>\n<p>Les indemnit\u00e9s d\u2019invalidit\u00e9 ont un impact direct sur le montant de la retraite. Les p\u00e9riodes durant lesquelles une personne re\u00e7oit une pension d\u2019invalidit\u00e9 peuvent \u00eatre valid\u00e9es comme trimestres de cotisation, mais la fa\u00e7on dont elles sont prises en compte peut varier. Par exemple, les trimestres valid\u00e9s pendant une p\u00e9riode d&rsquo;invalidit\u00e9 peuvent \u00eatre comptabilis\u00e9s comme des p\u00e9riodes de cotisation, mais ils ne refl\u00e8tent pas toujours le revenu effectif.<\/p>\n<p>Des ajustements peuvent \u00eatre n\u00e9cessaires pour compenser les variations dans les revenus pendant la p\u00e9riode d\u2019invalidit\u00e9. Les personnes ayant b\u00e9n\u00e9fici\u00e9 de pensions d\u2019invalidit\u00e9 peuvent se retrouver avec un montant de retraite inf\u00e9rieur \u00e0 celui qu&rsquo;elles auraient per\u00e7u sans interruption de carri\u00e8re, en raison de la nature des prestations d\u2019invalidit\u00e9.<\/p>\n<h2><strong>Mesures de compensation<\/strong><\/h2>\n<p>Pour compenser les effets des p\u00e9riodes d\u2019invalidit\u00e9 sur le montant de la retraite, des mesures de compensation peuvent \u00eatre mises en place. Par exemple, des dispositifs de rattrapage peuvent \u00eatre disponibles pour ajuster les droits \u00e0 la retraite en fonction des p\u00e9riodes d\u2019invalidit\u00e9. Les r\u00e9gimes de retraite peuvent offrir des possibilit\u00e9s d&rsquo;ajustement pour les p\u00e9riodes pendant lesquelles les assur\u00e9s ont per\u00e7u des indemnit\u00e9s d\u2019invalidit\u00e9, afin de garantir une pension \u00e9quitable.<\/p>\n<p>Il est recommand\u00e9 de consulter les services de retraite pour v\u00e9rifier les mesures de compensation applicables et s\u2019assurer que les p\u00e9riodes d\u2019invalidit\u00e9 ont \u00e9t\u00e9 correctement prises en compte dans le calcul de la retraite.<\/p>\n<h1>Les aides et ressources pour les b\u00e9n\u00e9ficiaires de pensions d\u2019invalidit\u00e9<\/h1>\n<h2><strong>Informations et conseils pour la transition<\/strong><\/h2>\n<p>La transition de la pension d\u2019invalidit\u00e9 \u00e0 la retraite peut \u00eatre complexe, et il est crucial de se renseigner sur les d\u00e9tails sp\u00e9cifiques pour garantir une transition fluide. Les organismes de s\u00e9curit\u00e9 sociale et les caisses de retraite offrent des informations et des conseils sur les proc\u00e9dures et les crit\u00e8res de calcul de la retraite apr\u00e8s une pension d\u2019invalidit\u00e9. Il est conseill\u00e9 de contacter ces organismes bien avant la date de d\u00e9part \u00e0 la retraite pour s&rsquo;assurer que toutes les d\u00e9marches sont correctement effectu\u00e9es.<\/p>\n<p>Des conseillers sp\u00e9cialis\u00e9s peuvent \u00e9galement aider \u00e0 pr\u00e9parer la transition, \u00e0 comprendre les impacts financiers et \u00e0 g\u00e9rer les d\u00e9marches administratives n\u00e9cessaires.<\/p>\n<h2><strong>L&rsquo;assistance administrative et juridique<\/strong><\/h2>\n<p>Pour les personnes confront\u00e9es \u00e0 des difficult\u00e9s ou des incertitudes concernant le montant de leur retraite apr\u00e8s une pension d\u2019invalidit\u00e9, une assistance administrative et juridique peut \u00eatre n\u00e9cessaire. Les services d\u2019assistance juridique sp\u00e9cialis\u00e9s en droit de la s\u00e9curit\u00e9 sociale peuvent aider \u00e0 r\u00e9soudre les litiges, contester des d\u00e9cisions erron\u00e9es ou obtenir des ajustements n\u00e9cessaires.<\/p>\n<p>Des associations sp\u00e9cialis\u00e9es dans le soutien aux personnes handicap\u00e9es peuvent \u00e9galement offrir des conseils pratiques et un soutien pour naviguer dans les d\u00e9marches administratives et juridiques li\u00e9es \u00e0 la retraite.<\/p>\n<h1>\u00c9tudes de cas et exemples pratiques<\/h1>\n<h2><strong>Cas de b\u00e9n\u00e9ficiaires avec carri\u00e8res incompl\u00e8tes<\/strong><\/h2>\n<p>Les situations des b\u00e9n\u00e9ficiaires de pensions d\u2019invalidit\u00e9 peuvent varier en fonction des interruptions de carri\u00e8re et des p\u00e9riodes de cotisation. Par exemple, une personne ayant travaill\u00e9 20 ans avant de devenir invalide et ayant per\u00e7u une pension d&rsquo;invalidit\u00e9 pendant 10 ans pourrait avoir une retraite calcul\u00e9e diff\u00e9remment par rapport \u00e0 quelqu\u2019un ayant une carri\u00e8re continue. Des exemples pratiques permettent d\u2019illustrer comment ces variations affectent le montant final de la retraite.<\/p>\n<h2><strong>Sc\u00e9narios de calculs compar\u00e9s<\/strong><\/h2>\n<p>Comparaison des montants de retraite dans diff\u00e9rents sc\u00e9narios, tels que les impacts de diff\u00e9rentes dur\u00e9es de pension d\u2019invalidit\u00e9 ou les variations de revenus ant\u00e9rieurs. Ces sc\u00e9narios peuvent aider \u00e0 comprendre comment les pensions d\u2019invalidit\u00e9 influencent le montant de la retraite et comment des ajustements peuvent \u00eatre appliqu\u00e9s.<\/p>\n<div class='cta-block'><div class='text'>Simulez toutes vos aides en 2 min.<\/div><a href='https:\/\/www.mes-allocs.fr\/ab-app?origin=guides\/wp-json\/wp\/v2\/posts\/81446' class='app-button fit'>Simulation gratuite<\/a><\/div>\n","protected":false},"excerpt":{"rendered":"<p>La Contribution Sociale G\u00e9n\u00e9ralis\u00e9e (CSG) est un imp\u00f4t essentiel en France, con\u00e7u pour financer la s\u00e9curit\u00e9 sociale et assurer la couverture des d\u00e9penses de sant\u00e9, des retraites et d&rsquo;autres prestations sociales. Pour les b\u00e9n\u00e9ficiaires de pension d\u2019invalidit\u00e9, la CSG constitue une d\u00e9duction importante qui affecte directement le montant net per\u00e7u. Comprendre comment la CSG est [&hellip;]<\/p>\n","protected":false},"author":26,"featured_media":80562,"comment_status":"open","ping_status":"open","sticky":false,"template":"","format":"standard","meta":{"amp_status":"","footnotes":""},"categories":[36818,35633],"tags":[],"class_list":["post-81446","post","type-post","status-publish","format-standard","has-post-thumbnail","hentry","category-montant-pension-invalidite","category-pension-invalidite"],"yoast_head":"<!-- This site is optimized with the Yoast SEO plugin v14.9 - https:\/\/yoast.com\/wordpress\/plugins\/seo\/ -->\n<title>Tout savoir sur la CSG appliqu\u00e9e aux pensions d&#039;invalidit\u00e9<\/title>\n<meta name=\"description\" content=\"La CSG affecte directement le montant net per\u00e7u. Comprendre comment la CSG est appliqu\u00e9e \u00e0 ces pensions est crucial.\" \/>\n<meta name=\"robots\" content=\"index, follow, max-snippet:-1, max-image-preview:large, max-video-preview:-1\" \/>\n<link rel=\"canonical\" href=\"https:\/\/www.mes-allocs.fr\/guides\/pension-invalidite\/montant-pension-invalidite\/csg-pension-invalidite\/\" \/>\n<meta property=\"og:locale\" content=\"fr_FR\" \/>\n<meta property=\"og:type\" content=\"article\" \/>\n<meta property=\"og:title\" content=\"Tout savoir sur la CSG appliqu\u00e9e aux pensions d&#039;invalidit\u00e9\" \/>\n<meta property=\"og:description\" content=\"La CSG affecte directement le montant net per\u00e7u. Comprendre comment la CSG est appliqu\u00e9e \u00e0 ces pensions est crucial.\" \/>\n<meta property=\"og:url\" content=\"https:\/\/www.mes-allocs.fr\/guides\/pension-invalidite\/montant-pension-invalidite\/csg-pension-invalidite\/\" \/>\n<meta property=\"og:site_name\" content=\"Mes-Allocs.fr\" \/>\n<meta property=\"article:published_time\" content=\"2024-07-30T11:17:18+00:00\" \/>\n<meta property=\"article:modified_time\" content=\"2026-04-22T09:52:02+00:00\" \/>\n<meta property=\"og:image\" content=\"https:\/\/www.mes-allocs.fr\/guides\/wp-content\/uploads\/2024\/06\/dollar-bill-2462388_1280.jpg?wsr\" \/>\n\t<meta property=\"og:image:width\" content=\"1280\" \/>\n\t<meta property=\"og:image:height\" content=\"853\" \/>\n<meta name=\"twitter:card\" content=\"summary_large_image\" \/>\n<script type=\"application\/ld+json\" class=\"yoast-schema-graph\">{\"@context\":\"https:\/\/schema.org\",\"@graph\":[{\"@type\":\"WebSite\",\"@id\":\"https:\/\/www.mes-allocs.fr\/guides\/#website\",\"url\":\"https:\/\/www.mes-allocs.fr\/guides\/\",\"name\":\"Mes-Allocs.fr\",\"description\":\"\",\"potentialAction\":[{\"@type\":\"SearchAction\",\"target\":\"https:\/\/www.mes-allocs.fr\/guides\/?s={search_term_string}\",\"query-input\":\"required name=search_term_string\"}],\"inLanguage\":\"fr-FR\"},{\"@type\":\"ImageObject\",\"@id\":\"https:\/\/www.mes-allocs.fr\/guides\/pension-invalidite\/montant-pension-invalidite\/csg-pension-invalidite\/#primaryimage\",\"inLanguage\":\"fr-FR\",\"url\":\"https:\/\/www.mes-allocs.fr\/guides\/wp-content\/uploads\/2024\/06\/dollar-bill-2462388_1280.jpg?wsr\",\"width\":1280,\"height\":853,\"caption\":\"pension invalidit\\u00e9 et prime exceptionnelle\"},{\"@type\":\"WebPage\",\"@id\":\"https:\/\/www.mes-allocs.fr\/guides\/pension-invalidite\/montant-pension-invalidite\/csg-pension-invalidite\/#webpage\",\"url\":\"https:\/\/www.mes-allocs.fr\/guides\/pension-invalidite\/montant-pension-invalidite\/csg-pension-invalidite\/\",\"name\":\"Tout savoir sur la CSG appliqu\\u00e9e aux pensions d'invalidit\\u00e9\",\"isPartOf\":{\"@id\":\"https:\/\/www.mes-allocs.fr\/guides\/#website\"},\"primaryImageOfPage\":{\"@id\":\"https:\/\/www.mes-allocs.fr\/guides\/pension-invalidite\/montant-pension-invalidite\/csg-pension-invalidite\/#primaryimage\"},\"datePublished\":\"2024-07-30T11:17:18+00:00\",\"dateModified\":\"2026-04-22T09:52:02+00:00\",\"author\":{\"@id\":\"https:\/\/www.mes-allocs.fr\/guides\/#\/schema\/person\/9c38f3be41a0ddcd1e3fde5a3df713bf\"},\"description\":\"La CSG affecte directement le montant net per\\u00e7u. Comprendre comment la CSG est appliqu\\u00e9e \\u00e0 ces pensions est crucial.\",\"inLanguage\":\"fr-FR\"},{\"@type\":\"Person\",\"@id\":\"https:\/\/www.mes-allocs.fr\/guides\/#\/schema\/person\/9c38f3be41a0ddcd1e3fde5a3df713bf\",\"name\":\"Sessime Ananou\",\"image\":{\"@type\":\"ImageObject\",\"@id\":\"https:\/\/www.mes-allocs.fr\/guides\/#personlogo\",\"inLanguage\":\"fr-FR\",\"url\":\"https:\/\/www.mes-allocs.fr\/guides\/wp-content\/uploads\/2023\/08\/IMG_8173-150x150.jpg\",\"caption\":\"Sessime Ananou\"},\"description\":\"Sessime est r\\u00e9dactrice chez Mes Allocs, sp\\u00e9cialis\\u00e9e sur le pouvoir d'achat. Elle rejoint l'\\u00e9quipe Mes Allocs en ao\\u00fbt 2023 afin de simplifier l'acc\\u00e8s \\u00e0 l'information sur les aides en g\\u00e9n\\u00e9ral.\"}]}<\/script>\n<!-- \/ Yoast SEO plugin. -->","amp_validity":null,"acf":{"faq":{"1":{"question":" Qu'est-ce que la Contribution Sociale G\u00e9n\u00e9ralis\u00e9e (CSG) et comment s'applique-t-elle aux pensions d'invalidit\u00e9 ?","answer":" La Contribution Sociale G\u00e9n\u00e9ralis\u00e9e (CSG) est un imp\u00f4t destin\u00e9 \u00e0 financer la s\u00e9curit\u00e9 sociale en France. Elle est pr\u00e9lev\u00e9e sur une large gamme de revenus, y compris les pensions d'invalidit\u00e9. Pour les pensions d'invalidit\u00e9, la CSG est pr\u00e9lev\u00e9e sur le montant brut de la pension, ce qui signifie que les b\u00e9n\u00e9ficiaires voient une partie de leur pension r\u00e9duite pour contribuer au financement de la protection sociale."},"2":{"question":"Quel est le taux de CSG appliqu\u00e9 aux pensions d'invalidit\u00e9 ?","answer":"Le taux de la CSG appliqu\u00e9 aux pensions d'invalidit\u00e9 d\u00e9pend du revenu fiscal de r\u00e9f\u00e9rence du b\u00e9n\u00e9ficiaire. En 2025, le taux standard est de 9,2% pour les pensions d'invalidit\u00e9. Cependant, si le revenu fiscal de r\u00e9f\u00e9rence est inf\u00e9rieur \u00e0 un certain seuil, le taux peut \u00eatre r\u00e9duit \u00e0 3,8% ou m\u00eame exempt\u00e9 de CSG. Ces taux peuvent \u00eatre r\u00e9vis\u00e9s annuellement, donc il est conseill\u00e9 de v\u00e9rifier les taux actuels aupr\u00e8s des organismes de s\u00e9curit\u00e9 sociale."},"3":{"question":"Les pensions d'invalidit\u00e9 sont-elles enti\u00e8rement soumises \u00e0 la CSG ?","answer":"Non, toutes les pensions d'invalidit\u00e9 ne sont pas enti\u00e8rement soumises \u00e0 la CSG. Il existe des exon\u00e9rations ou des r\u00e9ductions pour les personnes ayant des revenus faibles ou certains types de pensions sp\u00e9cifiques. Par exemple, les personnes b\u00e9n\u00e9ficiaires de l'Allocation aux Adultes Handicap\u00e9s (AAH) peuvent \u00eatre exon\u00e9r\u00e9es de CSG sur la portion de leur revenu consid\u00e9r\u00e9e comme un minimum garanti."},"4":{"question":"Comment la CSG est-elle pr\u00e9lev\u00e9e sur les pensions d'invalidit\u00e9 ?","answer":"La CSG est pr\u00e9lev\u00e9e directement sur le montant brut de la pension d'invalidit\u00e9 avant que le montant net soit vers\u00e9 au b\u00e9n\u00e9ficiaire. Les organismes de s\u00e9curit\u00e9 sociale ou les caisses de pension sont responsables du calcul et du pr\u00e9l\u00e8vement de la CSG. Les b\u00e9n\u00e9ficiaires voient cette d\u00e9duction appara\u00eetre sur leurs relev\u00e9s de pension mensuels."},"5":{"question":"Que faire si je pense avoir \u00e9t\u00e9 pr\u00e9lev\u00e9 \u00e0 tort ou si je ne comprends pas le montant de la CSG sur ma pension ?","answer":" Si vous avez des doutes sur le pr\u00e9l\u00e8vement de la CSG ou si vous pensez avoir \u00e9t\u00e9 pr\u00e9lev\u00e9 \u00e0 tort, vous devez contacter l\u2019organisme payeur de votre pension d'invalidit\u00e9. Vous pouvez demander un relev\u00e9 d\u00e9taill\u00e9 des pr\u00e9l\u00e8vements ou une r\u00e9vision de votre dossier. Si n\u00e9cessaire, vous pouvez \u00e9galement faire appel \u00e0 un conseiller juridique sp\u00e9cialis\u00e9 en s\u00e9curit\u00e9 sociale pour vous aider \u00e0 r\u00e9soudre le probl\u00e8me."},"6":{"question":" Existe-t-il des aides ou des recours disponibles pour les personnes confront\u00e9es \u00e0 des difficult\u00e9s financi\u00e8res dues \u00e0 la CSG sur leur pension d'invalidit\u00e9 ?","answer":"Oui, il existe plusieurs aides et recours pour les personnes qui \u00e9prouvent des difficult\u00e9s financi\u00e8res en raison des pr\u00e9l\u00e8vements de la CSG. Les b\u00e9n\u00e9ficiaires de pensions d\u2019invalidit\u00e9 peuvent v\u00e9rifier s'ils sont \u00e9ligibles \u00e0 des exon\u00e9rations ou des r\u00e9ductions de CSG en fonction de leurs revenus. De plus, il est possible de demander des aides sociales suppl\u00e9mentaires ou de contacter des associations sp\u00e9cialis\u00e9es dans le soutien aux personnes handicap\u00e9es pour obtenir des conseils et des ressources suppl\u00e9mentaires."},"7":{"question":"","answer":""},"8":{"question":"","answer":""},"9":{"question":"","answer":""},"10":{"question":"","answer":""},"11":{"question":"","answer":""},"12":{"question":"","answer":""},"13":{"question":"","answer":""},"14":{"question":"","answer":""},"15":{"question":"","answer":""},"16":{"question":"","answer":""}}},"_links":{"self":[{"href":"https:\/\/www.mes-allocs.fr\/guides\/wp-json\/wp\/v2\/posts\/81446","targetHints":{"allow":["GET"]}}],"collection":[{"href":"https:\/\/www.mes-allocs.fr\/guides\/wp-json\/wp\/v2\/posts"}],"about":[{"href":"https:\/\/www.mes-allocs.fr\/guides\/wp-json\/wp\/v2\/types\/post"}],"author":[{"embeddable":true,"href":"https:\/\/www.mes-allocs.fr\/guides\/wp-json\/wp\/v2\/users\/26"}],"replies":[{"embeddable":true,"href":"https:\/\/www.mes-allocs.fr\/guides\/wp-json\/wp\/v2\/comments?post=81446"}],"version-history":[{"count":7,"href":"https:\/\/www.mes-allocs.fr\/guides\/wp-json\/wp\/v2\/posts\/81446\/revisions"}],"predecessor-version":[{"id":94252,"href":"https:\/\/www.mes-allocs.fr\/guides\/wp-json\/wp\/v2\/posts\/81446\/revisions\/94252"}],"wp:featuredmedia":[{"embeddable":true,"href":"https:\/\/www.mes-allocs.fr\/guides\/wp-json\/wp\/v2\/media\/80562"}],"wp:attachment":[{"href":"https:\/\/www.mes-allocs.fr\/guides\/wp-json\/wp\/v2\/media?parent=81446"}],"wp:term":[{"taxonomy":"category","embeddable":true,"href":"https:\/\/www.mes-allocs.fr\/guides\/wp-json\/wp\/v2\/categories?post=81446"},{"taxonomy":"post_tag","embeddable":true,"href":"https:\/\/www.mes-allocs.fr\/guides\/wp-json\/wp\/v2\/tags?post=81446"}],"curies":[{"name":"wp","href":"https:\/\/api.w.org\/{rel}","templated":true}]}}