{"id":81430,"date":"2024-07-29T16:03:14","date_gmt":"2024-07-29T14:03:14","guid":{"rendered":"https:\/\/www.mes-allocs.fr\/guides\/?p=81430"},"modified":"2026-04-22T10:52:03","modified_gmt":"2026-04-22T09:52:03","slug":"montant-pension-invalidite","status":"publish","type":"post","link":"https:\/\/www.mes-allocs.fr\/guides\/pension-invalidite\/montant-pension-invalidite\/","title":{"rendered":"Quel est le montant de la pension d\u2019invalidit\u00e9 de la CPAM ?"},"content":{"rendered":"<p><img loading=\"lazy\" decoding=\"async\" class=\"alignnone wp-image-71102 size-full\" title=\"montant pension invalidit\u00e9\" src=\"https:\/\/www.mes-allocs.fr\/guides\/wp-content\/uploads\/2023\/11\/pension-invalidite-categorie-1-e1700498845937.jpg\" alt=\"montant pension invalidit\u00e9\" width=\"1280\" height=\"310\" srcset=\"https:\/\/www.mes-allocs.fr\/guides\/wp-content\/uploads\/2023\/11\/pension-invalidite-categorie-1-e1700498845937.jpg 1280w, https:\/\/www.mes-allocs.fr\/guides\/wp-content\/uploads\/2023\/11\/pension-invalidite-categorie-1-e1700498845937-300x73.jpg 300w, https:\/\/www.mes-allocs.fr\/guides\/wp-content\/uploads\/2023\/11\/pension-invalidite-categorie-1-e1700498845937-1024x248.jpg 1024w, https:\/\/www.mes-allocs.fr\/guides\/wp-content\/uploads\/2023\/11\/pension-invalidite-categorie-1-e1700498845937-768x186.jpg 768w, https:\/\/www.mes-allocs.fr\/guides\/wp-content\/uploads\/2023\/11\/pension-invalidite-categorie-1-e1700498845937-600x145.jpg 600w\" sizes=\"auto, (max-width: 1280px) 100vw, 1280px\" \/><\/p>\n<p><strong>Le montant de la <a href=\"https:\/\/www.mes-allocs.fr\/guides\/pension-invalidite\/\">pension d\u2019invalidit\u00e9<\/a> peut varier en fonction de divers facteurs, notamment le taux d\u2019incapacit\u00e9, les cotisations ant\u00e9rieures, et les plafonds r\u00e9glementaires en vigueur. De plus, comme pour d\u2019autres prestations sociales, des r\u00e8gles sp\u00e9cifiques encadrent le calcul, les pr\u00e9l\u00e8vements et les possibilit\u00e9s de cumul avec d\u2019autres revenus. D\u00e9couvrez dans cet article, les informations claires sur le calcul du montant, les seuils applicables, et les r\u00e8gles de cumul, afin de vous guider dans vos d\u00e9marches et vous permettre de mieux appr\u00e9hender vos droits.<\/strong><\/p>\n<div class='cta-block'><div class='text'>Simulez toutes vos Aides en 2 min.<\/div><a href='https:\/\/www.mes-allocs.fr\/ab-app?origin=guides\/wp-json\/wp\/v2\/posts\/81430' class='app-button fit'>Simulation gratuite<\/a><\/div>\n<h1>Comprendre la pension d&rsquo;invalidit\u00e9<\/h1>\n<h2>Qu&rsquo;est-ce que la pension d&rsquo;invalidit\u00e9 ?<\/h2>\n<p>La pension d&rsquo;invalidit\u00e9 est une prestation sociale destin\u00e9e \u00e0 compenser la perte de revenus pour les personnes dont la capacit\u00e9 de travail est r\u00e9duite en raison d&rsquo;une maladie ou d&rsquo;un accident. En France, elle est attribu\u00e9e par la S\u00e9curit\u00e9 sociale aux assur\u00e9s sociaux qui ne peuvent plus exercer leur profession ou un emploi quelconque en raison de leur \u00e9tat de sant\u00e9.<\/p>\n<h2>Quelles sont les cat\u00e9gories de pension d\u2019invalidit\u00e9 ?<\/h2>\n<p>Les pensions d&rsquo;invalidit\u00e9 sont class\u00e9es en trois cat\u00e9gories en fonction du degr\u00e9 d&rsquo;incapacit\u00e9 :<\/p>\n<ol>\n<li><strong>1\u00e8re cat\u00e9gorie<\/strong> : invalidit\u00e9 partielle. La personne est partiellement incapable de travailler mais peut encore exercer une activit\u00e9 professionnelle avec des restrictions.<\/li>\n<li><strong>2\u00e8me cat\u00e9gorie<\/strong> : invalidit\u00e9 totale mais avec une capacit\u00e9 de travail partielle dans un autre emploi. La personne ne peut plus exercer son m\u00e9tier habituel, mais peut exercer un autre emploi.<\/li>\n<li><strong>3\u00e8me cat\u00e9gorie<\/strong> : invalidit\u00e9 totale et incapacit\u00e9 \u00e0 tout travail. La personne est totalement incapable de travailler et a besoin de l\u2019assistance d\u2019une tierce personne pour les actes de la vie quotidienne.<\/li>\n<\/ol>\n<p>Les <a href=\"https:\/\/www.mes-allocs.fr\/guides\/pension-invalidite\/categorie-pension-dinvalidite\/\">cat\u00e9gories de la pension d&rsquo;invalidit\u00e9<\/a> entrainent donc des diff\u00e9rences pour les b\u00e9n\u00e9ficiaires.<\/p>\n<h1>Comment est calcul\u00e9 le montant de la pension d\u2019invalidit\u00e9 ?<\/h1>\n<h2>Quels \u00e9l\u00e9ments sont pris en compte dans le calcul ?<\/h2>\n<p>Le montant de la pension d&rsquo;invalidit\u00e9 est calcul\u00e9 en fonction de plusieurs \u00e9l\u00e9ments :<\/p>\n<ul>\n<li><strong>Les revenus ant\u00e9rieurs<\/strong> : les salaires per\u00e7us avant l\u2019arr\u00eat de travail sont pris en compte.<\/li>\n<li><strong>Le taux d&rsquo;incapacit\u00e9<\/strong> : le degr\u00e9 d&rsquo;incapacit\u00e9 d\u00e9termine la cat\u00e9gorie de la pension.<\/li>\n<li><strong>La dur\u00e9e de cotisation<\/strong> :le nombre de trimestres cotis\u00e9s influence le calcul de la pension.<\/li>\n<\/ul>\n<h2>Comment est d\u00e9termin\u00e9 le revenu annuel moyen ?<\/h2>\n<p>Le revenu annuel moyen est calcul\u00e9 \u00e0 partir des salaires des ann\u00e9es pr\u00e9c\u00e9dentes, g\u00e9n\u00e9ralement sur les 10 meilleures ann\u00e9es de revenus cotis\u00e9s. Ces revenus sont ajust\u00e9s pour refl\u00e9ter la perte de capacit\u00e9 de travail. La S\u00e9curit\u00e9 sociale calcule un revenu de r\u00e9f\u00e9rence qui sert de base pour le calcul de la pension.<\/p>\n<h2>Quel pourcentage est appliqu\u00e9 en fonction de la cat\u00e9gorie ?<\/h2>\n<ul>\n<li><strong>1\u00e8re cat\u00e9gorie<\/strong> : un pourcentage de la base de calcul est appliqu\u00e9, g\u00e9n\u00e9ralement inf\u00e9rieur \u00e0 celui de la 2\u00e8me et 3\u00e8me cat\u00e9gories.<\/li>\n<li><strong>2\u00e8me cat\u00e9gorie<\/strong> : un pourcentage plus \u00e9lev\u00e9 est appliqu\u00e9, refl\u00e9tant une incapacit\u00e9 plus grande.<\/li>\n<li><strong>3\u00e8me cat\u00e9gorie<\/strong> : ue pourcentage appliqu\u00e9 est le plus \u00e9lev\u00e9, en tenant compte de l\u2019incapacit\u00e9 totale et des besoins d\u2019assistance.<\/li>\n<\/ul>\n<div class='cta-block'><div class='text'>Simulez toutes vos Aides en 2 min.<\/div><a href='https:\/\/www.mes-allocs.fr\/ab-app?origin=guides\/wp-json\/wp\/v2\/posts\/81430' class='app-button fit'>Simulation gratuite<\/a><\/div>\n<h1>Quel est le montant minimum et maximum de la pension d\u2019invalidit\u00e9 ?<\/h1>\n<h2>Quels sont les montants minimums selon les cat\u00e9gories ?<\/h2>\n<p>Les montants minimums varient en fonction des cat\u00e9gories :<\/p>\n<ul>\n<li><strong>1\u00e8re cat\u00e9gorie<\/strong> : le montant minimum est ajust\u00e9 en fonction des revenus ant\u00e9rieurs et de la base de calcul.<\/li>\n<li><strong>2\u00e8me cat\u00e9gorie<\/strong> : un montant minimum plus \u00e9lev\u00e9 est garanti pour compenser la perte de revenus plus importante.<\/li>\n<li><strong>3\u00e8me cat\u00e9gorie<\/strong> : le montant minimum est le plus \u00e9lev\u00e9, tenant compte de la perte totale de capacit\u00e9 et des besoins d\u2019assistance.<\/li>\n<\/ul>\n<h2>Quels sont les montants maximums autoris\u00e9s ?<\/h2>\n<p>Les montants maximums sont d\u00e9finis par les bar\u00e8mes de la S\u00e9curit\u00e9 sociale et sont ajust\u00e9s chaque ann\u00e9e. Les montants maximums augmentent g\u00e9n\u00e9ralement avec le co\u00fbt de la vie et sont plus \u00e9lev\u00e9s pour les cat\u00e9gories avec une incapacit\u00e9 plus s\u00e9v\u00e8re.<\/p>\n<p><iframe loading=\"lazy\" title=\"La pension d&#039;invalidit\u00e9\" width=\"500\" height=\"281\" src=\"https:\/\/www.youtube.com\/embed\/_UJaa1UDtZs?feature=oembed\" frameborder=\"0\" allow=\"accelerometer; autoplay; clipboard-write; encrypted-media; gyroscope; picture-in-picture; web-share\" referrerpolicy=\"strict-origin-when-cross-origin\" allowfullscreen><\/iframe><\/p>\n<h1>Exemples de calculs de pension d\u2019invalidit\u00e9<\/h1>\n<h2>Comment calculer la pension pour la 1\u00e8re cat\u00e9gorie ?<\/h2>\n<p>Pour la 1\u00e8re cat\u00e9gorie, le <a href=\"https:\/\/www.mes-allocs.fr\/guides\/pension-invalidite\/montant-pension-invalidite\/calcul-pension-invalidite\/\">calcul de la pension d&rsquo;invalidit\u00e9<\/a> se base sur un pourcentage des revenus ant\u00e9rieurs, ajust\u00e9 pour refl\u00e9ter l&rsquo;incapacit\u00e9 partielle. Par exemple, si le revenu annuel moyen est de 20 000 \u20ac et que le pourcentage est de 30 %, la pension annuelle pourrait \u00eatre de 6 000 \u20ac.<\/p>\n<h2>Comment calculer la pension pour la 2\u00e8me cat\u00e9gorie ?<\/h2>\n<p>Pour la 2\u00e8me cat\u00e9gorie, le calcul est similaire mais avec un pourcentage plus \u00e9lev\u00e9. Si le revenu annuel moyen est de 20 000 \u20ac et que le pourcentage est de 50 %, la pension annuelle pourrait \u00eatre de 10 000 \u20ac.<\/p>\n<h2>Comment calculer la pension pour la 3\u00e8me cat\u00e9gorie ?<\/h2>\n<p>Pour la 3\u00e8me cat\u00e9gorie, le pourcentage appliqu\u00e9 est le plus \u00e9lev\u00e9. Si le revenu annuel moyen est de 20 000 \u20ac et que le pourcentage est de 80 %, la pension annuelle pourrait \u00eatre de 16 000 \u20ac, plus une allocation pour la tierce personne si n\u00e9cessaire.<\/p>\n<h1>Quels facteurs peuvent influencer le montant de la pension d&rsquo;invalidit\u00e9 ?<\/h1>\n<h2>Comment la dur\u00e9e de cotisation affecte-t-elle le montant ?<\/h2>\n<p>La dur\u00e9e de cotisation affecte directement le montant de la pension. Plus l&rsquo;assur\u00e9 a cotis\u00e9 longtemps, plus le montant de la pension peut \u00eatre \u00e9lev\u00e9. Des trimestres de cotisation insuffisants peuvent r\u00e9duire le montant accord\u00e9.<\/p>\n<h2>Quel impact ont les changements de situation personnelle ?<\/h2>\n<p>Les changements de situation personnelle, comme un mariage, un divorce, ou des modifications dans les besoins d\u2019assistance, peuvent influencer le montant de la pension. Des ajustements peuvent \u00eatre faits en fonction de la nouvelle situation personnelle et des besoins sp\u00e9cifiques.<\/p>\n<h1>Comment v\u00e9rifier le montant de votre pension d\u2019invalidit\u00e9 ?<\/h1>\n<h2>O\u00f9 trouver des informations sur votre pension ?<\/h2>\n<p>Les informations sur le montant de votre pension peuvent \u00eatre trouv\u00e9es dans les courriers officiels envoy\u00e9s par la S\u00e9curit\u00e9 sociale ou en contactant directement votre caisse d\u2019assurance maladie. Vous pouvez \u00e9galement consulter votre compte en ligne sur le site de l&rsquo;Assurance Maladie.<\/p>\n<h2>Comment utiliser les outils de simulation en ligne ?<\/h2>\n<p>Les outils en ligne de <a href=\"https:\/\/www.mes-allocs.fr\/guides\/pension-invalidite\/simulation-pension-invalidite\/\">simulation de pension d&rsquo;invalidit\u00e9<\/a>\u00a0permettent d\u2019estimer le montant de la pension d\u2019invalidit\u00e9 en entrant des informations sur les revenus, la dur\u00e9e de cotisation, et le degr\u00e9 d\u2019incapacit\u00e9. Ces outils sont disponibles sur les sites des organismes de s\u00e9curit\u00e9 sociale et offrent une estimation bas\u00e9e sur les donn\u00e9es actuelles.<\/p>\n<h1>Que faire en cas de contestation du montant de la pension d\u2019invalidit\u00e9 ?<\/h1>\n<h2>Quelles sont les proc\u00e9dures en cas de d\u00e9saccord ?<\/h2>\n<p>En cas de d\u00e9saccord avec le montant de la pension, vous pouvez introduire un recours aupr\u00e8s de la Commission de Recours Amiable (CRA) de votre caisse d\u2019assurance maladie. Si le recours est rejet\u00e9, il est possible de saisir le Tribunal des Affaires de S\u00e9curit\u00e9 Sociale (TASS).<\/p>\n<h2>Qui peut vous aider en cas de litige ?<\/h2>\n<p>Pour les litiges li\u00e9s \u00e0 la pension d\u2019invalidit\u00e9, vous pouvez faire appel \u00e0 des associations sp\u00e9cialis\u00e9es dans la d\u00e9fense des droits des personnes handicap\u00e9es, \u00e0 des avocats sp\u00e9cialis\u00e9s en droit de la s\u00e9curit\u00e9 sociale ou \u00e0 des conseillers juridiques de votre caisse d\u2019assurance maladie.<\/p>\n<div class='cta-block'><div class='text'>Simulez toutes vos Aides en 2 min.<\/div><a href='https:\/\/www.mes-allocs.fr\/ab-app?origin=guides\/wp-json\/wp\/v2\/posts\/81430' class='app-button fit'>Simulation gratuite<\/a><\/div>\n","protected":false},"excerpt":{"rendered":"<p>Le montant de la pension d\u2019invalidit\u00e9 peut varier en fonction de divers facteurs, notamment le taux d\u2019incapacit\u00e9, les cotisations ant\u00e9rieures, et les plafonds r\u00e9glementaires en vigueur. De plus, comme pour d\u2019autres prestations sociales, des r\u00e8gles sp\u00e9cifiques encadrent le calcul, les pr\u00e9l\u00e8vements et les possibilit\u00e9s de cumul avec d\u2019autres revenus. D\u00e9couvrez dans cet article, les informations [&hellip;]<\/p>\n","protected":false},"author":26,"featured_media":105283,"comment_status":"open","ping_status":"open","sticky":false,"template":"","format":"standard","meta":{"amp_status":"","footnotes":""},"categories":[35633],"tags":[],"class_list":["post-81430","post","type-post","status-publish","format-standard","has-post-thumbnail","hentry","category-pension-invalidite"],"yoast_head":"<!-- This site is optimized with the Yoast SEO plugin v14.9 - https:\/\/yoast.com\/wordpress\/plugins\/seo\/ -->\n<title>Quel est le montant de la pension d\u2019invalidit\u00e9 de la CPAM ?<\/title>\n<meta name=\"description\" content=\"Le montant de la pension d\u2019invalidit\u00e9 peut varier en fonction de divers facteurs, notamment le taux d\u2019incapacit\u00e9.\" \/>\n<meta name=\"robots\" content=\"index, follow, max-snippet:-1, max-image-preview:large, max-video-preview:-1\" \/>\n<link rel=\"canonical\" href=\"https:\/\/www.mes-allocs.fr\/guides\/pension-invalidite\/montant-pension-invalidite\/\" \/>\n<meta property=\"og:locale\" content=\"fr_FR\" \/>\n<meta property=\"og:type\" content=\"article\" \/>\n<meta property=\"og:title\" content=\"Quel est le montant de la pension d\u2019invalidit\u00e9 de la CPAM ?\" \/>\n<meta property=\"og:description\" content=\"Le montant de la pension d\u2019invalidit\u00e9 peut varier en fonction de divers facteurs, notamment le taux d\u2019incapacit\u00e9.\" \/>\n<meta property=\"og:url\" content=\"https:\/\/www.mes-allocs.fr\/guides\/pension-invalidite\/montant-pension-invalidite\/\" \/>\n<meta property=\"og:site_name\" content=\"Mes-Allocs.fr\" \/>\n<meta property=\"article:published_time\" content=\"2024-07-29T14:03:14+00:00\" \/>\n<meta property=\"article:modified_time\" content=\"2026-04-22T09:52:03+00:00\" \/>\n<meta property=\"og:image\" content=\"https:\/\/www.mes-allocs.fr\/guides\/wp-content\/uploads\/2024\/07\/montant-pension-invalidite.jpg?wsr\" \/>\n\t<meta property=\"og:image:width\" content=\"1280\" \/>\n\t<meta property=\"og:image:height\" content=\"853\" \/>\n<meta name=\"twitter:card\" content=\"summary_large_image\" \/>\n<script type=\"application\/ld+json\" class=\"yoast-schema-graph\">{\"@context\":\"https:\/\/schema.org\",\"@graph\":[{\"@type\":\"WebSite\",\"@id\":\"https:\/\/www.mes-allocs.fr\/guides\/#website\",\"url\":\"https:\/\/www.mes-allocs.fr\/guides\/\",\"name\":\"Mes-Allocs.fr\",\"description\":\"\",\"potentialAction\":[{\"@type\":\"SearchAction\",\"target\":\"https:\/\/www.mes-allocs.fr\/guides\/?s={search_term_string}\",\"query-input\":\"required name=search_term_string\"}],\"inLanguage\":\"fr-FR\"},{\"@type\":\"ImageObject\",\"@id\":\"https:\/\/www.mes-allocs.fr\/guides\/pension-invalidite\/montant-pension-invalidite\/#primaryimage\",\"inLanguage\":\"fr-FR\",\"url\":\"https:\/\/www.mes-allocs.fr\/guides\/wp-content\/uploads\/2024\/07\/montant-pension-invalidite.jpg?wsr\",\"width\":1280,\"height\":853,\"caption\":\"montant pension invalidite\"},{\"@type\":\"WebPage\",\"@id\":\"https:\/\/www.mes-allocs.fr\/guides\/pension-invalidite\/montant-pension-invalidite\/#webpage\",\"url\":\"https:\/\/www.mes-allocs.fr\/guides\/pension-invalidite\/montant-pension-invalidite\/\",\"name\":\"Quel est le montant de la pension d\\u2019invalidit\\u00e9 de la CPAM ?\",\"isPartOf\":{\"@id\":\"https:\/\/www.mes-allocs.fr\/guides\/#website\"},\"primaryImageOfPage\":{\"@id\":\"https:\/\/www.mes-allocs.fr\/guides\/pension-invalidite\/montant-pension-invalidite\/#primaryimage\"},\"datePublished\":\"2024-07-29T14:03:14+00:00\",\"dateModified\":\"2026-04-22T09:52:03+00:00\",\"author\":{\"@id\":\"https:\/\/www.mes-allocs.fr\/guides\/#\/schema\/person\/9c38f3be41a0ddcd1e3fde5a3df713bf\"},\"description\":\"Le montant de la pension d\\u2019invalidit\\u00e9 peut varier en fonction de divers facteurs, notamment le taux d\\u2019incapacit\\u00e9.\",\"inLanguage\":\"fr-FR\"},{\"@type\":\"Person\",\"@id\":\"https:\/\/www.mes-allocs.fr\/guides\/#\/schema\/person\/9c38f3be41a0ddcd1e3fde5a3df713bf\",\"name\":\"Sessime Ananou\",\"image\":{\"@type\":\"ImageObject\",\"@id\":\"https:\/\/www.mes-allocs.fr\/guides\/#personlogo\",\"inLanguage\":\"fr-FR\",\"url\":\"https:\/\/www.mes-allocs.fr\/guides\/wp-content\/uploads\/2023\/08\/IMG_8173-150x150.jpg\",\"caption\":\"Sessime Ananou\"},\"description\":\"Sessime est r\\u00e9dactrice chez Mes Allocs, sp\\u00e9cialis\\u00e9e sur le pouvoir d'achat. Elle rejoint l'\\u00e9quipe Mes Allocs en ao\\u00fbt 2023 afin de simplifier l'acc\\u00e8s \\u00e0 l'information sur les aides en g\\u00e9n\\u00e9ral.\"}]}<\/script>\n<!-- \/ Yoast SEO plugin. -->","amp_validity":null,"acf":{"faq":{"1":{"question":"Qu\u2019est-ce que la pension d\u2019invalidit\u00e9 de la CPAM ?","answer":"La pension d\u2019invalidit\u00e9 de la CPAM est une prestation vers\u00e9e aux assur\u00e9s sociaux qui ne peuvent plus exercer une activit\u00e9 professionnelle en raison d\u2019une invalidit\u00e9 reconnue. Elle vise \u00e0 compenser en partie la perte de revenus due \u00e0 l\u2019incapacit\u00e9 de travail. Elle est attribu\u00e9e sur la base des cotisations sociales et du degr\u00e9 d'incapacit\u00e9 \u00e9valu\u00e9."},"2":{"question":"Comment est calcul\u00e9 le montant de la pension d\u2019invalidit\u00e9 ?","answer":"Le revenu de remplacement : En g\u00e9n\u00e9ral, il est \u00e9gal \u00e0 un pourcentage de la base de calcul, souvent proche du revenu moyen ant\u00e9rieur.\r\nLe taux d\u2019incapacit\u00e9 : La pension est calcul\u00e9e en fonction du taux d'incapacit\u00e9 d\u00e9termin\u00e9 par le m\u00e9decin expert de la CPAM.\r\nLa dur\u00e9e de cotisation : Plus la dur\u00e9e de cotisation est longue, plus le montant de la pension peut \u00eatre \u00e9lev\u00e9, dans la limite des plafonds fix\u00e9s par la l\u00e9gislation."},"3":{"question":"Quel est le montant minimum de la pension d\u2019invalidit\u00e9 ?","answer":"En 2025, le montant minimum de la pension d\u2019invalidit\u00e9 pour une invalidit\u00e9 totale est 1 219,73 \u20ac par mois, ce qui correspond au montant du SMIC brut. Ce montant est revaloris\u00e9 chaque ann\u00e9e. Pour une invalidit\u00e9 partielle, le montant est ajust\u00e9 proportionnellement au taux d\u2019incapacit\u00e9."},"4":{"question":"Y a-t-il un plafond pour le montant de la pension d\u2019invalidit\u00e9 ?","answer":"Oui, il existe un plafond pour la pension d\u2019invalidit\u00e9. En g\u00e9n\u00e9ral, le montant de la pension ne peut pas d\u00e9passer un certain pourcentage du salaire moyen pris en compte pour le calcul, ni d\u00e9passer un montant maximum fix\u00e9 par la l\u00e9gislation. En 2025, le plafond est d'environ 1 900 \u20ac brut par mois."},"5":{"question":"Est-ce que la pension d\u2019invalidit\u00e9 est soumise \u00e0 des pr\u00e9l\u00e8vements sociaux ?","answer":"Oui, la pension d\u2019invalidit\u00e9 est soumise \u00e0 des pr\u00e9l\u00e8vements sociaux. Elle est notamment soumise aux contributions sociales comme la CSG (Contribution Sociale G\u00e9n\u00e9ralis\u00e9e) et la CRDS (Contribution au Remboursement de la Dette Sociale), qui sont pr\u00e9lev\u00e9es directement \u00e0 la source."},"6":{"question":"La pension d\u2019invalidit\u00e9 peut-elle \u00eatre cumul\u00e9e avec d\u2019autres revenus ?","answer":"Oui, la pension d\u2019invalidit\u00e9 peut \u00eatre cumul\u00e9e avec d\u2019autres revenus, mais des r\u00e8gles de cumul s\u2019appliquent. Par exemple, des revenus issus d'une activit\u00e9 professionnelle, de rentes, ou d'autres prestations peuvent \u00eatre pris en compte, mais un plafond global de ressources peut \u00eatre appliqu\u00e9 pour \u00e9viter des cumuls trop \u00e9lev\u00e9s. Il est conseill\u00e9 de v\u00e9rifier les conditions pr\u00e9cises aupr\u00e8s de la CPAM ou d\u2019un conseiller en assurance maladie."},"7":{"question":"","answer":""},"8":{"question":"","answer":""},"9":{"question":"","answer":""},"10":{"question":"","answer":""},"11":{"question":"","answer":""},"12":{"question":"","answer":""},"13":{"question":"","answer":""},"14":{"question":"","answer":""},"15":{"question":"","answer":""},"16":{"question":"","answer":""}}},"_links":{"self":[{"href":"https:\/\/www.mes-allocs.fr\/guides\/wp-json\/wp\/v2\/posts\/81430","targetHints":{"allow":["GET"]}}],"collection":[{"href":"https:\/\/www.mes-allocs.fr\/guides\/wp-json\/wp\/v2\/posts"}],"about":[{"href":"https:\/\/www.mes-allocs.fr\/guides\/wp-json\/wp\/v2\/types\/post"}],"author":[{"embeddable":true,"href":"https:\/\/www.mes-allocs.fr\/guides\/wp-json\/wp\/v2\/users\/26"}],"replies":[{"embeddable":true,"href":"https:\/\/www.mes-allocs.fr\/guides\/wp-json\/wp\/v2\/comments?post=81430"}],"version-history":[{"count":8,"href":"https:\/\/www.mes-allocs.fr\/guides\/wp-json\/wp\/v2\/posts\/81430\/revisions"}],"predecessor-version":[{"id":94248,"href":"https:\/\/www.mes-allocs.fr\/guides\/wp-json\/wp\/v2\/posts\/81430\/revisions\/94248"}],"wp:featuredmedia":[{"embeddable":true,"href":"https:\/\/www.mes-allocs.fr\/guides\/wp-json\/wp\/v2\/media\/105283"}],"wp:attachment":[{"href":"https:\/\/www.mes-allocs.fr\/guides\/wp-json\/wp\/v2\/media?parent=81430"}],"wp:term":[{"taxonomy":"category","embeddable":true,"href":"https:\/\/www.mes-allocs.fr\/guides\/wp-json\/wp\/v2\/categories?post=81430"},{"taxonomy":"post_tag","embeddable":true,"href":"https:\/\/www.mes-allocs.fr\/guides\/wp-json\/wp\/v2\/tags?post=81430"}],"curies":[{"name":"wp","href":"https:\/\/api.w.org\/{rel}","templated":true}]}}