{"id":81199,"date":"2024-07-19T11:15:45","date_gmt":"2024-07-19T09:15:45","guid":{"rendered":"https:\/\/www.mes-allocs.fr\/guides\/?p=81199"},"modified":"2026-04-22T10:52:04","modified_gmt":"2026-04-22T09:52:04","slug":"declaration-pension-invalidite","status":"publish","type":"post","link":"https:\/\/www.mes-allocs.fr\/guides\/pension-invalidite\/demande-pension-invalidite\/declaration-pension-invalidite\/","title":{"rendered":"D\u00e9claration de la pension d&rsquo;invalidit\u00e9 : comment \u00e7a marche ?"},"content":{"rendered":"<p><img loading=\"lazy\" decoding=\"async\" class=\"alignnone wp-image-45472 size-full\" title=\"d\u00e9claration pension invalidit\u00e9\" src=\"https:\/\/www.mes-allocs.fr\/guides\/wp-content\/uploads\/2022\/02\/CAF-Que-faire-en-cas-derreur-sur-ma-declaration-1-2-e1721378590838.jpg\" alt=\"d\u00e9claration pension invalidit\u00e9\" width=\"1880\" height=\"470\" srcset=\"https:\/\/www.mes-allocs.fr\/guides\/wp-content\/uploads\/2022\/02\/CAF-Que-faire-en-cas-derreur-sur-ma-declaration-1-2-e1721378590838.jpg 1880w, https:\/\/www.mes-allocs.fr\/guides\/wp-content\/uploads\/2022\/02\/CAF-Que-faire-en-cas-derreur-sur-ma-declaration-1-2-e1721378590838-300x75.jpg 300w, https:\/\/www.mes-allocs.fr\/guides\/wp-content\/uploads\/2022\/02\/CAF-Que-faire-en-cas-derreur-sur-ma-declaration-1-2-e1721378590838-1024x256.jpg 1024w, https:\/\/www.mes-allocs.fr\/guides\/wp-content\/uploads\/2022\/02\/CAF-Que-faire-en-cas-derreur-sur-ma-declaration-1-2-e1721378590838-768x192.jpg 768w, https:\/\/www.mes-allocs.fr\/guides\/wp-content\/uploads\/2022\/02\/CAF-Que-faire-en-cas-derreur-sur-ma-declaration-1-2-e1721378590838-1536x384.jpg 1536w, https:\/\/www.mes-allocs.fr\/guides\/wp-content\/uploads\/2022\/02\/CAF-Que-faire-en-cas-derreur-sur-ma-declaration-1-2-e1721378590838-600x150.jpg 600w\" sizes=\"auto, (max-width: 1880px) 100vw, 1880px\" \/><\/p>\n<p><strong>La d\u00e9claration d&rsquo;une <a href=\"https:\/\/www.mes-allocs.fr\/guides\/pension-invalidite\/\">pension d&rsquo;invalidit\u00e9<\/a> est une d\u00e9marche essentielle pour toute personne dont la capacit\u00e9 de travail est r\u00e9duite en raison de probl\u00e8mes de sant\u00e9. Cette proc\u00e9dure permet de b\u00e9n\u00e9ficier d\u2019une aide financi\u00e8re pour compenser la perte de revenus li\u00e9e \u00e0 l&rsquo;incapacit\u00e9 de travailler. Cependant, il est important de bien comprendre le fonctionnement de cette d\u00e9claration pour garantir une prise en charge ad\u00e9quate. Dans cet article, nous r\u00e9pondons aux questions fr\u00e9quemment pos\u00e9es concernant la d\u00e9claration d&rsquo;une pension d&rsquo;invalidit\u00e9 afin de vous aider \u00e0 naviguer efficacement \u00e0 travers ce processus administratif crucial.<\/strong><\/p>\n<div class='cta-block'><div class='text'>Simulez toutes vos Aides en 2 min.<\/div><a href='https:\/\/www.mes-allocs.fr\/ab-app?origin=guides\/wp-json\/wp\/v2\/posts\/81199' class='app-button fit'>Simulation gratuite<\/a><\/div>\n<h1>Comprendre la pension d\u2019invalidit\u00e9<\/h1>\n<h2>Qu\u2019est-ce que la pension d\u2019invalidit\u00e9 ?<\/h2>\n<p>La pension d&rsquo;invalidit\u00e9 est une prestation vers\u00e9e par l&rsquo;Assurance Maladie aux personnes qui, en raison de leur \u00e9tat de sant\u00e9, ne peuvent plus exercer une activit\u00e9 professionnelle dans des conditions normales. Elle est destin\u00e9e \u00e0 compenser partiellement la perte de revenus r\u00e9sultant de cette incapacit\u00e9. Apr\u00e8s une <a href=\"https:\/\/www.mes-allocs.fr\/guides\/pension-invalidite\/demande-pension-invalidite\/\">demande de pension d&rsquo;invalidit\u00e9<\/a>, cette derni\u00e8re est accord\u00e9e apr\u00e8s \u00e9valuation par un m\u00e9decin-conseil de la S\u00e9curit\u00e9 Sociale qui d\u00e9termine le taux d&rsquo;invalidit\u00e9 et la cat\u00e9gorie d&rsquo;invalidit\u00e9, laquelle influence le montant de la pension.<\/p>\n<h2>Qui peut b\u00e9n\u00e9ficier de la pension d\u2019invalidit\u00e9 ?<\/h2>\n<p>Pour b\u00e9n\u00e9ficier de la pension d\u2019invalidit\u00e9, il faut remplir plusieurs conditions. D\u2019abord, la personne doit \u00eatre affili\u00e9e \u00e0 l&rsquo;Assurance Maladie et avoir cotis\u00e9 pendant une dur\u00e9e minimale. Ensuite, elle doit pr\u00e9senter une r\u00e9duction de sa capacit\u00e9 de travail ou de gain d\u2019au moins deux tiers. Enfin, l\u2019invalidit\u00e9 doit \u00eatre m\u00e9dicalement constat\u00e9e avant l&rsquo;\u00e2ge l\u00e9gal de la retraite. Les cat\u00e9gories d\u2019invalidit\u00e9 sont d\u00e9finies en fonction du degr\u00e9 d\u2019incapacit\u00e9 et de la possibilit\u00e9 de reprendre une activit\u00e9 professionnelle.<\/p>\n<div class='cta-block'><div class='text'>Simulez toutes vos Aides en 2 min.<\/div><a href='https:\/\/www.mes-allocs.fr\/ab-app?origin=guides\/wp-json\/wp\/v2\/posts\/81199' class='app-button fit'>Simulation gratuite<\/a><\/div>\n<h1>Pourquoi d\u00e9clarer la pension d\u2019invalidit\u00e9 ?<\/h1>\n<h2>Importance de la d\u00e9claration pour les b\u00e9n\u00e9ficiaires<\/h2>\n<p>D\u00e9clarer la pension d&rsquo;invalidit\u00e9 est crucial pour plusieurs raisons. Cela permet d&rsquo;assurer la continuit\u00e9 des droits \u00e0 prestation et d&rsquo;\u00e9viter des interruptions de paiement. De plus, la d\u00e9claration permet de mettre \u00e0 jour les informations concernant la situation personnelle et professionnelle du b\u00e9n\u00e9ficiaire, ce qui peut influencer le montant de la pension. Une d\u00e9claration pr\u00e9cise et \u00e0 jour garantit que le b\u00e9n\u00e9ficiaire re\u00e7oit le montant auquel il a droit.<\/p>\n<h2>Cons\u00e9quences en cas de non-d\u00e9claration de la pension d&rsquo;invalidit\u00e9<\/h2>\n<p>La non-d\u00e9claration de la pension d&rsquo;invalidit\u00e9 peut entra\u00eener plusieurs cons\u00e9quences n\u00e9gatives. Tout d&rsquo;abord, le non-respect des obligations d\u00e9claratives peut conduire \u00e0 la suspension des paiements. Ensuite, en cas de contr\u00f4le, des erreurs ou omissions dans la d\u00e9claration peuvent engendrer des p\u00e9nalit\u00e9s, voire des demandes de remboursement pour des sommes ind\u00fbment per\u00e7ues. Enfin, la non-d\u00e9claration peut affecter d&rsquo;autres droits sociaux, comme les aides au logement ou les allocations familiales, qui sont souvent calcul\u00e9es en fonction des ressources d\u00e9clar\u00e9es.<\/p>\n<h1>Comment d\u00e9clarer la pension d\u2019invalidit\u00e9 ?<\/h1>\n<h2>Documents n\u00e9cessaires pour la d\u00e9claration<\/h2>\n<p>Pour d\u00e9clarer la pension d&rsquo;invalidit\u00e9, plusieurs documents sont n\u00e9cessaires. Parmi eux :<\/p>\n<ul>\n<li>Une pi\u00e8ce d&rsquo;identit\u00e9.<\/li>\n<li>Le formulaire de demande de pension d&rsquo;invalidit\u00e9, t\u00e9l\u00e9chargeable sur le site de l&rsquo;Assurance Maladie ou disponible en agence.<\/li>\n<li>Un certificat m\u00e9dical d\u00e9taillant l&rsquo;\u00e9tat de sant\u00e9 et pr\u00e9cisant l&rsquo;incapacit\u00e9 de travail.<\/li>\n<li>Les justificatifs des revenus et des cotisations \u00e0 la s\u00e9curit\u00e9 sociale.<\/li>\n<li>Tout autre document pertinent, comme des rapports d&rsquo;examen m\u00e9dical ou des bilans de sant\u00e9 r\u00e9cents.<\/li>\n<\/ul>\n<h2>\u00c9tapes \u00e0 suivre pour remplir la d\u00e9claration<\/h2>\n<p>La d\u00e9claration de la pension d&rsquo;invalidit\u00e9 se fait en plusieurs \u00e9tapes :<\/p>\n<ol>\n<li>T\u00e9l\u00e9charger et remplir le formulaire de demande.<\/li>\n<li>Joindre les documents m\u00e9dicaux et administratifs n\u00e9cessaires.<\/li>\n<li>Envoyer le dossier complet \u00e0 la caisse d&rsquo;Assurance Maladie.<\/li>\n<li>Attendre la convocation pour une \u00e9valuation m\u00e9dicale, si n\u00e9cessaire.<\/li>\n<li>R\u00e9pondre \u00e0 toute demande d&rsquo;information compl\u00e9mentaire de la part de l&rsquo;Assurance Maladie.<\/li>\n<\/ol>\n<p><iframe loading=\"lazy\" title=\"La pension d&#039;invalidit\u00e9\" width=\"500\" height=\"281\" src=\"https:\/\/www.youtube.com\/embed\/_UJaa1UDtZs?feature=oembed\" frameborder=\"0\" allow=\"accelerometer; autoplay; clipboard-write; encrypted-media; gyroscope; picture-in-picture; web-share\" referrerpolicy=\"strict-origin-when-cross-origin\" allowfullscreen><\/iframe><\/p>\n<h1>O\u00f9 et quand d\u00e9clarer la pension d\u2019invalidit\u00e9 ?<\/h1>\n<h2>Les diff\u00e9rents organismes aupr\u00e8s desquels d\u00e9clarer la pension d&rsquo;invalidit\u00e9<\/h2>\n<p>La d\u00e9claration de la pension d&rsquo;invalidit\u00e9 doit \u00eatre faite aupr\u00e8s de la caisse primaire d&rsquo;assurance maladie (CPAM) \u00e0 laquelle l&rsquo;assur\u00e9 est affili\u00e9. Les travailleurs ind\u00e9pendants doivent se tourner vers leur caisse de protection sociale respective. Il est \u00e9galement possible de s&rsquo;adresser aux organismes de s\u00e9curit\u00e9 sociale pour les fonctionnaires, comme le SRE (Service des Retraites de l&rsquo;\u00c9tat) ou la CNRACL pour les agents territoriaux et hospitaliers.<\/p>\n<h2>Fr\u00e9quence et d\u00e9lais de d\u00e9claration<\/h2>\n<p>La d\u00e9claration initiale doit \u00eatre faite d\u00e8s que l&rsquo;\u00e9tat de sant\u00e9 justifie une incapacit\u00e9 de travail prolong\u00e9e. Par la suite, des d\u00e9clarations p\u00e9riodiques peuvent \u00eatre requises, notamment en cas de r\u00e9vision de l&rsquo;invalidit\u00e9. Il est important de respecter les d\u00e9lais indiqu\u00e9s par l&rsquo;Assurance Maladie pour \u00e9viter des interruptions de paiement. En cas de changement de situation (professionnelle, familiale, m\u00e9dicale), une d\u00e9claration imm\u00e9diate est n\u00e9cessaire.<\/p>\n<div class=\"flex flex-grow flex-col max-w-full\">\n<div class=\"min-h-[20px] text-message flex w-full flex-col items-end gap-2 whitespace-pre-wrap break-words [.text-message+&amp;]:mt-5 overflow-x-auto\" dir=\"auto\" data-message-author-role=\"assistant\" data-message-id=\"36ba6a06-e8cc-4d03-8480-2fc4ac0f937a\">\n<div class=\"flex w-full flex-col gap-1 empty:hidden first:pt-[3px]\">\n<div class=\"markdown prose w-full break-words dark:prose-invert dark\">\n<h1>Proc\u00e9dure de d\u00e9claration en ligne de la pension d&rsquo;invalidit\u00e9<\/h1>\n<h2>Utilisation du compte Ameli<\/h2>\n<p>Le compte Ameli permet de simplifier la d\u00e9claration de la pension d&rsquo;invalidit\u00e9 en ligne. Pour ce faire, il faut se connecter \u00e0 son compte personnel sur le site ameli.fr, acc\u00e9der \u00e0 la rubrique d\u00e9di\u00e9e aux prestations, et suivre les instructions pour remplir et soumettre le formulaire de demande. Les documents n\u00e9cessaires peuvent \u00eatre t\u00e9l\u00e9charg\u00e9s directement sur la plateforme.<\/p>\n<h2>Avantages de la d\u00e9claration en ligne<\/h2>\n<p>La d\u00e9claration en ligne pr\u00e9sente plusieurs avantages :<\/p>\n<ul>\n<li>Rapidit\u00e9 et simplicit\u00e9 du processus.<\/li>\n<li>Acc\u00e8s \u00e0 des formulaires pr\u00e9remplis avec les informations d\u00e9j\u00e0 enregistr\u00e9es.<\/li>\n<li>Possibilit\u00e9 de suivre l&rsquo;\u00e9tat de la demande en temps r\u00e9el.<\/li>\n<li>R\u00e9duction des d\u00e9lais de traitement gr\u00e2ce \u00e0 la num\u00e9risation des documents.<\/li>\n<\/ul>\n<h1>Proc\u00e9dure de d\u00e9claration par courrier ou en personne<\/h1>\n<h2>Adresse et contacts de la CPAM<\/h2>\n<p>Pour d\u00e9clarer la pension d&rsquo;invalidit\u00e9 par courrier, il est essentiel d&rsquo;envoyer les documents \u00e0 l&rsquo;adresse de la CPAM de son lieu de r\u00e9sidence. Les coordonn\u00e9es exactes sont disponibles sur le site de l&rsquo;Assurance Maladie ou dans les agences locales. Il est conseill\u00e9 d&rsquo;envoyer le courrier en recommand\u00e9 avec accus\u00e9 de r\u00e9ception pour garantir la bonne r\u00e9ception du dossier.<\/p>\n<h2>Instructions pour la d\u00e9claration en personne<\/h2>\n<p>La d\u00e9claration en personne peut se faire en se rendant directement dans une agence de la CPAM. Il est recommand\u00e9 de prendre rendez-vous \u00e0 l&rsquo;avance pour \u00e9viter une longue attente. Lors de la visite, il est important d&rsquo;apporter tous les documents n\u00e9cessaires et de demander un r\u00e9c\u00e9piss\u00e9 de d\u00e9p\u00f4t du dossier.<\/p>\n<h1>Que faire en cas de probl\u00e8me avec la d\u00e9claration de la pension d&rsquo;invalidit\u00e9\u00a0?<\/h1>\n<h2>Erreurs courantes \u00e0 \u00e9viter<\/h2>\n<p>Certaines erreurs courantes peuvent retarder ou compromettre la d\u00e9claration de la pension d&rsquo;invalidit\u00e9 :<\/p>\n<ul>\n<li>Omettre des informations importantes ou fournir des documents incomplets.<\/li>\n<li>Ne pas respecter les d\u00e9lais de d\u00e9claration.<\/li>\n<li>Ne pas mettre \u00e0 jour les informations en cas de changement de situation. Pour \u00e9viter ces erreurs, il est crucial de lire attentivement les instructions et de v\u00e9rifier plusieurs fois le dossier avant de l&rsquo;envoyer.<\/li>\n<\/ul>\n<h2>Solutions et recours en cas de litige<\/h2>\n<p>En cas de probl\u00e8me avec la d\u00e9claration, il existe plusieurs solutions :<\/p>\n<ul>\n<li>Contacter la CPAM pour obtenir des clarifications et des explications sur les d\u00e9marches \u00e0 suivre.<\/li>\n<li>Faire appel \u00e0 un m\u00e9diateur de l&rsquo;Assurance Maladie en cas de litige persistant.<\/li>\n<li>Recourir aux services d&rsquo;un avocat sp\u00e9cialis\u00e9 en droit social pour des situations complexes ou des recours juridiques.<\/li>\n<\/ul>\n<h1>Assistance pour la d\u00e9claration de la pension d\u2019invalidit\u00e9<\/h1>\n<h2>Aide des associations et des conseillers<\/h2>\n<p>De nombreuses associations offrent un soutien aux personnes en situation d&rsquo;invalidit\u00e9 pour les aider dans leurs d\u00e9marches administratives. Ces associations peuvent fournir des conseils pratiques, aider \u00e0 remplir les formulaires et accompagner les b\u00e9n\u00e9ficiaires dans leurs relations avec l&rsquo;Assurance Maladie. Il est possible de trouver ces associations via des recherches en ligne ou en contactant des centres sociaux locaux.<\/p>\n<h2>Services propos\u00e9s par Mes Allocs et autres organismes d\u2019accompagnement<\/h2>\n<p>Mes Allocs et d&rsquo;autres organismes sp\u00e9cialis\u00e9s proposent des services d&rsquo;accompagnement personnalis\u00e9s pour la d\u00e9claration de la pension d&rsquo;invalidit\u00e9. Ces services incluent :<\/p>\n<ul>\n<li>Des conseils sur l&rsquo;\u00e9ligibilit\u00e9 et la pr\u00e9paration du dossier.<\/li>\n<li>Une aide \u00e0 la r\u00e9daction et \u00e0 la soumission des formulaires.<\/li>\n<li>Un suivi des d\u00e9marches administratives et des recours en cas de probl\u00e8me. Ces organismes sont souvent accessibles via des plateformes en ligne, des applications mobiles, ou par t\u00e9l\u00e9phone, offrant ainsi une assistance rapide et efficace.<\/li>\n<\/ul>\n<p>De nombreux b\u00e9n\u00e9ficiaires se demandent : <a href=\"https:\/\/www.mes-allocs.fr\/guides\/pension-invalidite\/demande-pension-invalidite\/declaration-pension-invalidite\/declarer-pension-invalidite-caf\/\">faut-il d\u00e9clarer sa pension d&rsquo;invalidit\u00e9 \u00e0 la CAF<\/a> ? La r\u00e9ponse est oui, il s&rsquo;agit m\u00eame d&rsquo;une obligation l\u00e9gale.<\/p>\n<\/div>\n<\/div>\n<\/div>\n<\/div>\n<div class='cta-block'><div class='text'>Simulez toutes vos Aides en 2 min.<\/div><a href='https:\/\/www.mes-allocs.fr\/ab-app?origin=guides\/wp-json\/wp\/v2\/posts\/81199' class='app-button fit'>Simulation gratuite<\/a><\/div>\n","protected":false},"excerpt":{"rendered":"<p>La d\u00e9claration d&rsquo;une pension d&rsquo;invalidit\u00e9 est une d\u00e9marche essentielle pour toute personne dont la capacit\u00e9 de travail est r\u00e9duite en raison de probl\u00e8mes de sant\u00e9. Cette proc\u00e9dure permet de b\u00e9n\u00e9ficier d\u2019une aide financi\u00e8re pour compenser la perte de revenus li\u00e9e \u00e0 l&rsquo;incapacit\u00e9 de travailler. Cependant, il est important de bien comprendre le fonctionnement de cette [&hellip;]<\/p>\n","protected":false},"author":26,"featured_media":45474,"comment_status":"open","ping_status":"open","sticky":false,"template":"","format":"standard","meta":{"amp_status":"","footnotes":""},"categories":[36696,35633],"tags":[],"class_list":["post-81199","post","type-post","status-publish","format-standard","has-post-thumbnail","hentry","category-demande-pension-invalidite","category-pension-invalidite"],"yoast_head":"<!-- This site is optimized with the Yoast SEO plugin v14.9 - https:\/\/yoast.com\/wordpress\/plugins\/seo\/ -->\n<title>D\u00e9claration de la pension d&#039;invalidit\u00e9 : comment \u00e7a marche ?<\/title>\n<meta name=\"description\" content=\"La d\u00e9claration d&#039;une pension d&#039;invalidit\u00e9 est une d\u00e9marche essentielle pour toute personne dont la capacit\u00e9 de travail est r\u00e9duite.\" \/>\n<meta name=\"robots\" content=\"index, follow, max-snippet:-1, max-image-preview:large, max-video-preview:-1\" \/>\n<link rel=\"canonical\" href=\"https:\/\/www.mes-allocs.fr\/guides\/pension-invalidite\/demande-pension-invalidite\/declaration-pension-invalidite\/\" \/>\n<meta property=\"og:locale\" content=\"fr_FR\" \/>\n<meta property=\"og:type\" content=\"article\" \/>\n<meta property=\"og:title\" content=\"D\u00e9claration de la pension d&#039;invalidit\u00e9 : comment \u00e7a marche ?\" \/>\n<meta property=\"og:description\" content=\"La d\u00e9claration d&#039;une pension d&#039;invalidit\u00e9 est une d\u00e9marche essentielle pour toute personne dont la capacit\u00e9 de travail est r\u00e9duite.\" \/>\n<meta property=\"og:url\" content=\"https:\/\/www.mes-allocs.fr\/guides\/pension-invalidite\/demande-pension-invalidite\/declaration-pension-invalidite\/\" \/>\n<meta property=\"og:site_name\" content=\"Mes-Allocs.fr\" \/>\n<meta property=\"article:published_time\" content=\"2024-07-19T09:15:45+00:00\" \/>\n<meta property=\"article:modified_time\" content=\"2026-04-22T09:52:04+00:00\" \/>\n<meta property=\"og:image\" content=\"https:\/\/www.mes-allocs.fr\/guides\/wp-content\/uploads\/2022\/02\/CAF-Que-faire-en-cas-derreur-sur-ma-declaration-1-4.jpg?wsr\" \/>\n\t<meta property=\"og:image:width\" content=\"1880\" \/>\n\t<meta property=\"og:image:height\" content=\"1255\" \/>\n<meta name=\"twitter:card\" content=\"summary_large_image\" \/>\n<script type=\"application\/ld+json\" class=\"yoast-schema-graph\">{\"@context\":\"https:\/\/schema.org\",\"@graph\":[{\"@type\":\"WebSite\",\"@id\":\"https:\/\/www.mes-allocs.fr\/guides\/#website\",\"url\":\"https:\/\/www.mes-allocs.fr\/guides\/\",\"name\":\"Mes-Allocs.fr\",\"description\":\"\",\"potentialAction\":[{\"@type\":\"SearchAction\",\"target\":\"https:\/\/www.mes-allocs.fr\/guides\/?s={search_term_string}\",\"query-input\":\"required name=search_term_string\"}],\"inLanguage\":\"fr-FR\"},{\"@type\":\"ImageObject\",\"@id\":\"https:\/\/www.mes-allocs.fr\/guides\/pension-invalidite\/demande-pension-invalidite\/declaration-pension-invalidite\/#primaryimage\",\"inLanguage\":\"fr-FR\",\"url\":\"https:\/\/www.mes-allocs.fr\/guides\/wp-content\/uploads\/2022\/02\/CAF-Que-faire-en-cas-derreur-sur-ma-declaration-1-4.jpg?wsr\",\"width\":1880,\"height\":1255,\"caption\":\"d\\u00e9claration pension invalidit\\u00e9\"},{\"@type\":\"WebPage\",\"@id\":\"https:\/\/www.mes-allocs.fr\/guides\/pension-invalidite\/demande-pension-invalidite\/declaration-pension-invalidite\/#webpage\",\"url\":\"https:\/\/www.mes-allocs.fr\/guides\/pension-invalidite\/demande-pension-invalidite\/declaration-pension-invalidite\/\",\"name\":\"D\\u00e9claration de la pension d'invalidit\\u00e9 : comment \\u00e7a marche ?\",\"isPartOf\":{\"@id\":\"https:\/\/www.mes-allocs.fr\/guides\/#website\"},\"primaryImageOfPage\":{\"@id\":\"https:\/\/www.mes-allocs.fr\/guides\/pension-invalidite\/demande-pension-invalidite\/declaration-pension-invalidite\/#primaryimage\"},\"datePublished\":\"2024-07-19T09:15:45+00:00\",\"dateModified\":\"2026-04-22T09:52:04+00:00\",\"author\":{\"@id\":\"https:\/\/www.mes-allocs.fr\/guides\/#\/schema\/person\/9c38f3be41a0ddcd1e3fde5a3df713bf\"},\"description\":\"La d\\u00e9claration d'une pension d'invalidit\\u00e9 est une d\\u00e9marche essentielle pour toute personne dont la capacit\\u00e9 de travail est r\\u00e9duite.\",\"inLanguage\":\"fr-FR\"},{\"@type\":\"Person\",\"@id\":\"https:\/\/www.mes-allocs.fr\/guides\/#\/schema\/person\/9c38f3be41a0ddcd1e3fde5a3df713bf\",\"name\":\"Sessime Ananou\",\"image\":{\"@type\":\"ImageObject\",\"@id\":\"https:\/\/www.mes-allocs.fr\/guides\/#personlogo\",\"inLanguage\":\"fr-FR\",\"url\":\"https:\/\/www.mes-allocs.fr\/guides\/wp-content\/uploads\/2023\/08\/IMG_8173-150x150.jpg\",\"caption\":\"Sessime Ananou\"},\"description\":\"Sessime est r\\u00e9dactrice chez Mes Allocs, sp\\u00e9cialis\\u00e9e sur le pouvoir d'achat. Elle rejoint l'\\u00e9quipe Mes Allocs en ao\\u00fbt 2023 afin de simplifier l'acc\\u00e8s \\u00e0 l'information sur les aides en g\\u00e9n\\u00e9ral.\"}]}<\/script>\n<!-- \/ Yoast SEO plugin. -->","amp_validity":null,"acf":{"faq":{"1":{"question":"Quelle est la d\u00e9finition de la d\u00e9claration de pension d'invalidit\u00e9 ?","answer":"La d\u00e9claration d'une pension d'invalidit\u00e9 est le processus par lequel une personne demande la reconnaissance officielle de son incapacit\u00e9 \u00e0 travailler en raison d'une invalidit\u00e9. Ce processus permet de recevoir une aide financi\u00e8re de la part des organismes de s\u00e9curit\u00e9 sociale ou d'assurance maladie, destin\u00e9e \u00e0 compenser la perte de revenus due \u00e0 l'impossibilit\u00e9 de travailler."},"2":{"question":"Quels sont les objectifs de la d\u00e9claration de pension d'invalidit\u00e9 ?","answer":"L'objectif principal de la d\u00e9claration est de garantir un soutien financier aux personnes dont la capacit\u00e9 de travail est r\u00e9duite en raison d'une maladie ou d'un handicap. En validant l'invalidit\u00e9 et en attribuant une pension, l\u2019organisme assure que les personnes touch\u00e9es puissent maintenir un niveau de vie d\u00e9cent malgr\u00e9 leur incapacit\u00e9 \u00e0 exercer une activit\u00e9 professionnelle."},"3":{"question":"Quels sont les crit\u00e8res d\u2019\u00e9ligibilit\u00e9 pour faire une d\u00e9claration de pension d\u2019invalidit\u00e9 ?","answer":"Pour \u00eatre \u00e9ligible \u00e0 une pension d'invalidit\u00e9, il faut remplir plusieurs crit\u00e8res, notamment :\r\n\r\n\u00catre assur\u00e9 social ayant cotis\u00e9 suffisamment \u00e0 la s\u00e9curit\u00e9 sociale ou \u00e0 un r\u00e9gime d\u2019assurance maladie.\r\nPr\u00e9senter une invalidit\u00e9 reconnue par un m\u00e9decin, affectant significativement la capacit\u00e9 \u00e0 travailler.\r\nAvoir un taux d'incapacit\u00e9 d\u00e9termin\u00e9 par la commission m\u00e9dicale ou un expert, souvent fix\u00e9 \u00e0 66,66% ou plus selon le r\u00e9gime."},"4":{"question":"Quels documents sont n\u00e9cessaires pour faire une d\u00e9claration de pension d\u2019invalidit\u00e9 ?","answer":"Les documents n\u00e9cessaires incluent g\u00e9n\u00e9ralement :\r\n\r\nUne pi\u00e8ce d'identit\u00e9 valide.\r\nLe formulaire de demande de pension d'invalidit\u00e9 d\u00fbment compl\u00e9t\u00e9.\r\nUn certificat m\u00e9dical d\u00e9taillant la nature et le degr\u00e9 de l'invalidit\u00e9.\r\nLes justificatifs de cotisations \u00e0 la s\u00e9curit\u00e9 sociale ou \u00e0 l'assurance maladie.\r\nD\u2019\u00e9ventuels documents suppl\u00e9mentaires comme les bilans m\u00e9dicaux ou les comptes rendus d\u2019hospitalisation.\r\n"},"5":{"question":"Comment remplir le formulaire de d\u00e9claration de pension d'invalidit\u00e9 ?","answer":"Le formulaire de d\u00e9claration de pension d'invalidit\u00e9 doit \u00eatre rempli avec pr\u00e9cision. Il comprend des informations personnelles, des d\u00e9tails sur l\u2019\u00e9tat de sant\u00e9, ainsi que sur l'historique des cotisations. Il est crucial de fournir des informations exactes et compl\u00e8tes pour \u00e9viter tout retard dans le traitement de la demande. Si n\u00e9cessaire, demandez de l'aide aupr\u00e8s d'un conseiller ou d'un professionnel pour remplir le formulaire correctement."},"6":{"question":"O\u00f9 et comment soumettre la d\u00e9claration de pension d'invalidit\u00e9 ?","answer":"La d\u00e9claration peut g\u00e9n\u00e9ralement \u00eatre soumise en ligne via le site de la s\u00e9curit\u00e9 sociale ou de la caisse d'assurance maladie, ou bien envoy\u00e9e par courrier postal \u00e0 l'adresse de votre CPAM (Caisse Primaire d\u2019Assurance Maladie). Certaines caisses permettent \u00e9galement de d\u00e9poser les documents en personne dans leurs bureaux. Assurez-vous de v\u00e9rifier les instructions sp\u00e9cifiques fournies par l\u2019organisme en question."},"7":{"question":"","answer":""},"8":{"question":"","answer":""},"9":{"question":"","answer":""},"10":{"question":"","answer":""},"11":{"question":"","answer":""},"12":{"question":"","answer":""},"13":{"question":"","answer":""},"14":{"question":"","answer":""},"15":{"question":"","answer":""},"16":{"question":"","answer":""}}},"_links":{"self":[{"href":"https:\/\/www.mes-allocs.fr\/guides\/wp-json\/wp\/v2\/posts\/81199","targetHints":{"allow":["GET"]}}],"collection":[{"href":"https:\/\/www.mes-allocs.fr\/guides\/wp-json\/wp\/v2\/posts"}],"about":[{"href":"https:\/\/www.mes-allocs.fr\/guides\/wp-json\/wp\/v2\/types\/post"}],"author":[{"embeddable":true,"href":"https:\/\/www.mes-allocs.fr\/guides\/wp-json\/wp\/v2\/users\/26"}],"replies":[{"embeddable":true,"href":"https:\/\/www.mes-allocs.fr\/guides\/wp-json\/wp\/v2\/comments?post=81199"}],"version-history":[{"count":7,"href":"https:\/\/www.mes-allocs.fr\/guides\/wp-json\/wp\/v2\/posts\/81199\/revisions"}],"predecessor-version":[{"id":94243,"href":"https:\/\/www.mes-allocs.fr\/guides\/wp-json\/wp\/v2\/posts\/81199\/revisions\/94243"}],"wp:featuredmedia":[{"embeddable":true,"href":"https:\/\/www.mes-allocs.fr\/guides\/wp-json\/wp\/v2\/media\/45474"}],"wp:attachment":[{"href":"https:\/\/www.mes-allocs.fr\/guides\/wp-json\/wp\/v2\/media?parent=81199"}],"wp:term":[{"taxonomy":"category","embeddable":true,"href":"https:\/\/www.mes-allocs.fr\/guides\/wp-json\/wp\/v2\/categories?post=81199"},{"taxonomy":"post_tag","embeddable":true,"href":"https:\/\/www.mes-allocs.fr\/guides\/wp-json\/wp\/v2\/tags?post=81199"}],"curies":[{"name":"wp","href":"https:\/\/api.w.org\/{rel}","templated":true}]}}