{"id":81154,"date":"2024-07-18T12:18:29","date_gmt":"2024-07-18T10:18:29","guid":{"rendered":"https:\/\/www.mes-allocs.fr\/guides\/?p=81154"},"modified":"2026-04-22T10:52:05","modified_gmt":"2026-04-22T09:52:05","slug":"courrier-maintien-pension-invalidite-apres-62-ans","status":"publish","type":"post","link":"https:\/\/www.mes-allocs.fr\/guides\/pension-invalidite\/demande-pension-invalidite\/courrier-maintien-pension-invalidite-apres-62-ans\/","title":{"rendered":"Courrier de demande de maintien de pension d\u2019invalidit\u00e9 apr\u00e8s 62 ans"},"content":{"rendered":"<p>&nbsp;<\/p>\n<div id=\"attachment_21292\" style=\"width: 1135px\" class=\"wp-caption alignnone\"><img loading=\"lazy\" decoding=\"async\" aria-describedby=\"caption-attachment-21292\" class=\"wp-image-21292 size-full\" title=\"courrier maintien pension invalidit\u00e9 apr\u00e8s 62 ans\" src=\"https:\/\/www.mes-allocs.fr\/guides\/wp-content\/uploads\/2021\/03\/boite-aux-lettres-e1721294949860.jpg\" alt=\"courrier maintien pension invalidit\u00e9 apr\u00e8s 62 ans\" width=\"1125\" height=\"374\" srcset=\"https:\/\/www.mes-allocs.fr\/guides\/wp-content\/uploads\/2021\/03\/boite-aux-lettres-e1721294949860.jpg 1125w, https:\/\/www.mes-allocs.fr\/guides\/wp-content\/uploads\/2021\/03\/boite-aux-lettres-e1721294949860-300x100.jpg 300w, https:\/\/www.mes-allocs.fr\/guides\/wp-content\/uploads\/2021\/03\/boite-aux-lettres-e1721294949860-1024x340.jpg 1024w, https:\/\/www.mes-allocs.fr\/guides\/wp-content\/uploads\/2021\/03\/boite-aux-lettres-e1721294949860-768x255.jpg 768w, https:\/\/www.mes-allocs.fr\/guides\/wp-content\/uploads\/2021\/03\/boite-aux-lettres-e1721294949860-600x199.jpg 600w\" sizes=\"auto, (max-width: 1125px) 100vw, 1125px\" \/><p id=\"caption-attachment-21292\" class=\"wp-caption-text\"><strong style=\"font-size: 16px;\">Lorsqu\u2019un b\u00e9n\u00e9ficiaire de la <a href=\"https:\/\/www.mes-allocs.fr\/guides\/pension-invalidite\/\">pension d&rsquo;invalidit\u00e9<\/a> atteint l&rsquo;\u00e2ge de 62 ans, il peut \u00eatre n\u00e9cessaire de demander le maintien de cette pension. Cela est particuli\u00e8rement important pour ceux dont l&rsquo;\u00e9tat de sant\u00e9 ne leur permet toujours pas de reprendre une activit\u00e9 professionnelle.\u00a0<\/strong><\/p><\/div>\n<div class='cta-block'><div class='text'>Simulez toutes vos Aides en 2 min.<\/div><a href='https:\/\/www.mes-allocs.fr\/ab-app?origin=guides\/wp-json\/wp\/v2\/posts\/81154' class='app-button fit'>Simulation gratuite<\/a><\/div>\n<h1>Peut-on continuer de percevoir une pension d&rsquo;invalidit\u00e9 apr\u00e8s 62 ans ?<\/h1>\n<h2><strong>Conditions g\u00e9n\u00e9rales pour le maintien de la pension d&rsquo;invalidit\u00e9<\/strong><\/h2>\n<p>En France, la pension d&rsquo;invalidit\u00e9 est g\u00e9n\u00e9ralement convertie en pension de retraite pour inaptitude \u00e0 partir de 62 ans, \u00e2ge l\u00e9gal de la retraite. Cependant, il est possible de demander le maintien de la pension d\u2019invalidit\u00e9 apr\u00e8s 62 ans si certaines conditions sont remplies. La principale condition est que l&rsquo;\u00e9tat de sant\u00e9 de l&rsquo;assur\u00e9 ne permette pas la reprise d&rsquo;une activit\u00e9 professionnelle, et ce, malgr\u00e9 l&rsquo;\u00e2ge de la retraite. Cette situation doit \u00eatre clairement justifi\u00e9e par des certificats m\u00e9dicaux et des preuves tangibles de l&rsquo;incapacit\u00e9 permanente.<\/p>\n<h2><strong>Exceptions et cas particuliers<\/strong><\/h2>\n<p>Il existe des exceptions o\u00f9 la pension d\u2019invalidit\u00e9 peut \u00eatre maintenue au-del\u00e0 de 62 ans. Ces cas particuliers incluent notamment les situations o\u00f9 la pension de retraite serait inf\u00e9rieure \u00e0 la pension d&rsquo;invalidit\u00e9 per\u00e7ue. Dans ces cas, le maintien de la pension d&rsquo;invalidit\u00e9 permet de garantir un niveau de vie d\u00e9cent pour les assur\u00e9s dont les cotisations retraite sont insuffisantes pour couvrir leurs besoins. De plus, certaines professions ou r\u00e9gimes sp\u00e9ciaux peuvent pr\u00e9voir des dispositions sp\u00e9cifiques concernant le maintien de la pension d\u2019invalidit\u00e9.<\/p>\n<div class='cta-block'><div class='text'>Simulez toutes vos Aides en 2 min.<\/div><a href='https:\/\/www.mes-allocs.fr\/ab-app?origin=guides\/wp-json\/wp\/v2\/posts\/81154' class='app-button fit'>Simulation gratuite<\/a><\/div>\n<h1>Informations \u00e0 inclure dans le courrier de demande de maintien de la pension d\u2019invalidit\u00e9 apr\u00e8s 62 ans<\/h1>\n<h2><strong>Coordonn\u00e9es de l\u2019exp\u00e9diteur<\/strong><\/h2>\n<p>Le courrier doit commencer par les coordonn\u00e9es compl\u00e8tes de l&rsquo;exp\u00e9diteur. Ces informations comprennent le nom, l&rsquo;adresse, le num\u00e9ro de s\u00e9curit\u00e9 sociale, et les coordonn\u00e9es de contact (t\u00e9l\u00e9phone et email). Cette section permet \u00e0 la caisse d&rsquo;assurance maladie de facilement identifier le demandeur et de le contacter si des informations suppl\u00e9mentaires sont n\u00e9cessaires.<\/p>\n<p><strong>Exemple :<\/strong><\/p>\n<p>Nom : [<span class=\"hljs-string\">Votre<\/span> <span class=\"hljs-string\">Nom<\/span>]<\/p>\n<p>Adresse : [<span class=\"hljs-string\">Votre<\/span> <span class=\"hljs-string\">Adresse<\/span>]<\/p>\n<p>Code postale, Ville : [<span class=\"hljs-string\">Votre<\/span> <span class=\"hljs-string\">Code<\/span> <span class=\"hljs-string\">Postal<\/span>]<span class=\"hljs-string\">,<\/span> [<span class=\"hljs-string\">Votre<\/span> <span class=\"hljs-string\">Ville<\/span>]<\/p>\n<p><span class=\"hljs-string\">Num\u00e9ro<\/span> <span class=\"hljs-string\">de<\/span> <span class=\"hljs-string\">S\u00e9curit\u00e9<\/span> <span class=\"hljs-attr\">Sociale :<\/span> [<span class=\"hljs-string\">Votre<\/span> <span class=\"hljs-string\">Num\u00e9ro<\/span> <span class=\"hljs-string\">de<\/span> <span class=\"hljs-string\">S\u00e9curit\u00e9<\/span> <span class=\"hljs-string\">Sociale<\/span>]<\/p>\n<p><span class=\"hljs-string\">T\u00e9l\u00e9phone<\/span> <span class=\"hljs-string\">:<\/span> [<span class=\"hljs-string\">Votre<\/span> <span class=\"hljs-string\">Num\u00e9ro<\/span> <span class=\"hljs-string\">de<\/span> <span class=\"hljs-string\">T\u00e9l\u00e9phone<\/span>] <span class=\"hljs-attr\">Email :<\/span> [<span class=\"hljs-string\">Votre<\/span> <span class=\"hljs-string\">Adresse<\/span> <span class=\"hljs-string\">Email<\/span>]<\/p>\n<h2><strong>Coordonn\u00e9es de la caisse d\u2019assurance maladie<\/strong><\/h2>\n<p>Les coordonn\u00e9es de la caisse d&rsquo;assurance maladie \u00e0 laquelle la <a href=\"https:\/\/www.mes-allocs.fr\/guides\/pension-invalidite\/demande-pension-invalidite\/\">demande de pension d&rsquo;invalidit\u00e9<\/a> est adress\u00e9e doivent \u00eatre clairement indiqu\u00e9es. Cela inclut le nom de la CPAM (Caisse Primaire d&rsquo;Assurance Maladie), l&rsquo;adresse postale compl\u00e8te et \u00e9ventuellement le service sp\u00e9cifique (comme le service des pensions d\u2019invalidit\u00e9).<\/p>\n<p><strong>Exemple :<\/strong><\/p>\n<div class=\"dark bg-gray-950 rounded-md border-[0.5px] border-token-border-medium\">\n<div class=\"flex items-center relative text-token-text-secondary bg-token-main-surface-secondary px-4 py-2 text-xs font-sans justify-between rounded-t-md\"><span class=\"hljs-selector-tag\">CPAM<\/span> <span class=\"hljs-selector-tag\">de<\/span> <span class=\"hljs-selector-attr\">[Votre D\u00e9partement]<\/span><\/div>\n<div class=\"flex items-center relative text-token-text-secondary bg-token-main-surface-secondary px-4 py-2 text-xs font-sans justify-between rounded-t-md\"><span class=\"hljs-selector-tag\">Service<\/span> <span class=\"hljs-selector-tag\">des<\/span> <span class=\"hljs-selector-tag\">Pensions<\/span> <span class=\"hljs-selector-tag\">d<\/span>&lsquo;<span class=\"hljs-selector-tag\">Invalidit<\/span>\u00e9<\/div>\n<div class=\"flex items-center relative text-token-text-secondary bg-token-main-surface-secondary px-4 py-2 text-xs font-sans justify-between rounded-t-md\"><span class=\"hljs-selector-tag\">Adresse<\/span> : <span class=\"hljs-selector-attr\">[Adresse de la CPAM]<\/span><\/div>\n<div class=\"flex items-center relative text-token-text-secondary bg-token-main-surface-secondary px-4 py-2 text-xs font-sans justify-between rounded-t-md\"><span class=\"hljs-selector-tag\">Code<\/span> <span class=\"hljs-selector-tag\">postal<\/span>, <span class=\"hljs-selector-tag\">Ville<\/span> : <span class=\"hljs-selector-attr\">[Code Postal de la CPAM]<\/span>, <span class=\"hljs-selector-attr\">[Ville de la CPAM]<\/span><\/div>\n<h2 class=\"overflow-y-auto p-4\" dir=\"ltr\"><strong>Objet de la demande<\/strong><\/h2>\n<\/div>\n<p>L&rsquo;objet du courrier doit \u00eatre clair et pr\u00e9cis pour permettre une identification rapide de la nature de la demande. Il est conseill\u00e9 de mentionner explicitement qu&rsquo;il s&rsquo;agit d&rsquo;une demande de maintien de la pension d&rsquo;invalidit\u00e9 apr\u00e8s 62 ans.<\/p>\n<p><strong>Exemple :<\/strong><\/p>\n<div class=\"dark bg-gray-950 rounded-md border-[0.5px] border-token-border-medium\">\n<div class=\"flex items-center relative text-token-text-secondary bg-token-main-surface-secondary px-4 py-2 text-xs font-sans justify-between rounded-t-md\"><span class=\"hljs-attr\">Objet :<\/span> <span class=\"hljs-string\">Demande<\/span> <span class=\"hljs-string\">de<\/span> <span class=\"hljs-string\">maintien<\/span> <span class=\"hljs-string\">de<\/span> <span class=\"hljs-string\">la<\/span> <span class=\"hljs-string\">pension<\/span> <span class=\"hljs-string\">d\u2019invalidit\u00e9<\/span> <span class=\"hljs-string\">apr\u00e8s<\/span> <span class=\"hljs-number\">62<\/span> <span class=\"hljs-string\">ans<\/span><\/div>\n<div><\/div>\n<\/div>\n<div class=\"flex flex-grow flex-col max-w-full\">\n<div class=\"text-message flex flex-col items-start whitespace-pre-wrap break-words [.text-message+&amp;]:mt-5 juice:w-full juice:items-end overflow-x-auto gap-2\" dir=\"auto\" data-message-author-role=\"assistant\" data-message-id=\"63149072-a4c4-4a54-ba05-8211c3d582b2\">\n<div class=\"flex w-full flex-col gap-1 juice:empty:hidden juice:first:pt-[3px]\">\n<div class=\"markdown prose w-full break-words dark:prose-invert dark\">\n<h1>Pr\u00e9sentation de la situation personnelle dans le courrier de maintien de la pension d\u2019invalidit\u00e9 apr\u00e8s 62 ans<\/h1>\n<h2><strong>Rappel de l\u2019attribution de la pension d\u2019invalidit\u00e9<\/strong><\/h2>\n<p>Il est essentiel de rappeler les d\u00e9tails concernant l\u2019attribution initiale de la pension d\u2019invalidit\u00e9. Cela inclut la date de d\u00e9but de la pension, la cat\u00e9gorie d&rsquo;invalidit\u00e9 (1\u00e8re, 2\u00e8me ou 3\u00e8me cat\u00e9gorie), et les raisons m\u00e9dicales pour lesquelles la pension a \u00e9t\u00e9 accord\u00e9e.<\/p>\n<p><strong>Exemple :<\/strong><\/p>\n<p><span style=\"font-weight: 400;\">Je suis b\u00e9n\u00e9ficiaire de la pension d&rsquo;invalidit\u00e9 de 2\u00e8me cat\u00e9gorie depuis le [Date de d\u00e9but de la pension], en raison de [Description de l\u2019invalidit\u00e9]. <\/span><\/p>\n<h2><strong>\u00c9tat de sant\u00e9 actuel et \u00e9volutions<\/strong><\/h2>\n<\/div>\n<div class=\"markdown prose w-full break-words dark:prose-invert dark\">\n<p>D\u00e9crire l\u2019\u00e9tat de sant\u00e9 actuel et les \u00e9ventuelles \u00e9volutions depuis l\u2019attribution de la pension. Il est important de souligner que l&rsquo;\u00e9tat de sant\u00e9 reste inchang\u00e9 ou s&rsquo;est aggrav\u00e9, justifiant ainsi le maintien de la pension.<\/p>\n<p><strong>Exemple :<\/strong><\/p>\n<div class=\"dark bg-gray-950 rounded-md border-[0.5px] border-token-border-medium\">\n<div class=\"overflow-y-auto p-4\" dir=\"ltr\">\n<p><span style=\"font-weight: 400;\">Malheureusement, mon \u00e9tat de sant\u00e9 n&rsquo;a pas connu d&rsquo;am\u00e9lioration depuis l&rsquo;attribution de la pension. En effet, je souffre toujours de [Description de l\u2019invalidit\u00e9], ce qui rend toute activit\u00e9 professionnelle impossible.<\/span><\/p>\n<\/div>\n<\/div>\n<h1>Justification de la demande de maintien dans le courrier de maintien de la pension d\u2019invalidit\u00e9 apr\u00e8s 62 ans<\/h1>\n<h2><strong>Raisons pour lesquelles le maintien est n\u00e9cessaire<\/strong><\/h2>\n<p>Expliquer en d\u00e9tail pourquoi le maintien de la pension d&rsquo;invalidit\u00e9 est n\u00e9cessaire. Cette section doit d\u00e9montrer que l&rsquo;incapacit\u00e9 \u00e0 travailler perdure et que le remplacement par une pension de retraite serait insuffisant pour subvenir aux besoins de l&rsquo;assur\u00e9.<\/p>\n<p><strong>Exemple :<\/strong><\/p>\n<div class=\"dark bg-gray-950 rounded-md border-[0.5px] border-token-border-medium\">\n<div class=\"overflow-y-auto p-4\" dir=\"ltr\">\n<p><span style=\"font-weight: 400;\">Le maintien de ma pension d\u2019invalidit\u00e9 est crucial pour garantir ma subsistance, car ma pension de retraite serait largement inf\u00e9rieure \u00e0 ma pension d\u2019invalidit\u00e9 actuelle. Compte tenu de mes frais m\u00e9dicaux constants et de l&rsquo;incapacit\u00e9 \u00e0 g\u00e9n\u00e9rer un revenu compl\u00e9mentaire, cette aide est indispensable pour assurer ma dignit\u00e9 et mon bien-\u00eatre.<\/span><\/p>\n<\/div>\n<\/div>\n<h2><strong>Cons\u00e9quences d\u2019un \u00e9ventuel retrait de la pension<\/strong><\/h2>\n<p>D\u00e9crire les cons\u00e9quences n\u00e9gatives d&rsquo;un \u00e9ventuel retrait de la pension d&rsquo;invalidit\u00e9. Cela inclut les impacts financiers, les difficult\u00e9s \u00e0 couvrir les frais de sant\u00e9, et les implications sur la qualit\u00e9 de vie.<\/p>\n<p><strong>Exemple :<\/strong><\/p>\n<p><span style=\"font-weight: 400;\">Un retrait de ma pension d&rsquo;invalidit\u00e9 aurait des cons\u00e9quences dramatiques sur ma situation financi\u00e8re et ma qualit\u00e9 de vie. Cela m\u2019exposerait \u00e0 des difficult\u00e9s financi\u00e8res s\u00e9v\u00e8res, m\u2019emp\u00eachant de couvrir mes frais m\u00e9dicaux et mes besoins quotidiens.<\/span><\/p>\n<h1>Documents \u00e0 joindre au courrier de maintien de la pension d\u2019invalidit\u00e9 apr\u00e8s 62 ans<\/h1>\n<h2><strong>Certificats m\u00e9dicaux r\u00e9cents<\/strong><\/h2>\n<p>Joindre des certificats m\u00e9dicaux r\u00e9cents attestant de l&rsquo;\u00e9tat de sant\u00e9 actuel et confirmant l&rsquo;incapacit\u00e9 \u00e0 travailler. Ces certificats doivent \u00eatre d\u00e9taill\u00e9s et fournis par des professionnels de sant\u00e9 comp\u00e9tents.<\/p>\n<p><strong>Exemple :<\/strong><\/p>\n<div class=\"dark bg-gray-950 rounded-md border-[0.5px] border-token-border-medium\">\n<div class=\"overflow-y-auto p-4\" dir=\"ltr\">\n<p><span style=\"font-weight: 400;\">Veuillez trouver ci-joints les certificats m\u00e9dicaux r\u00e9cents \u00e9tablis par [Nom du M\u00e9decin], confirmant la persistance de mon invalidit\u00e9.<\/span><\/p>\n<\/div>\n<\/div>\n<h2><strong>Justificatifs de situation personnelle et financi\u00e8re<\/strong><\/h2>\n<p>Fournir des justificatifs de la situation personnelle et financi\u00e8re, comme des relev\u00e9s de pension, des documents de la CPAM, et tout autre document pertinent qui peut soutenir la demande.<\/p>\n<p><strong>Exemple :<\/strong><\/p>\n<div class=\"dark bg-gray-950 rounded-md border-[0.5px] border-token-border-medium\">\n<div class=\"overflow-y-auto p-4\" dir=\"ltr\">\n<p><span style=\"font-weight: 400;\">Vous trouverez \u00e9galement ci-joints des justificatifs de ma situation personnelle et financi\u00e8re, incluant mes relev\u00e9s de pension et des documents attestant de ma situation aupr\u00e8s de la CPAM.<\/span><\/p>\n<p><iframe loading=\"lazy\" title=\"La pension d&#039;invalidit\u00e9\" width=\"500\" height=\"281\" src=\"https:\/\/www.youtube.com\/embed\/_UJaa1UDtZs?feature=oembed\" frameborder=\"0\" allow=\"accelerometer; autoplay; clipboard-write; encrypted-media; gyroscope; picture-in-picture; web-share\" referrerpolicy=\"strict-origin-when-cross-origin\" allowfullscreen><\/iframe><\/p>\n<\/div>\n<\/div>\n<h1>Conclusion du courrier de maintien de la pension d\u2019invalidit\u00e9 apr\u00e8s 62 ans<\/h1>\n<h2><strong>Rappel de la demande<\/strong><\/h2>\n<p>Conclure le courrier en rappelant la demande de maintien de la pension d\u2019invalidit\u00e9 et en remerciant l\u2019organisme pour l\u2019attention port\u00e9e \u00e0 cette demande.<\/p>\n<p><strong>Exemple :<\/strong><\/p>\n<div class=\"dark bg-gray-950 rounded-md border-[0.5px] border-token-border-medium\">\n<div class=\"overflow-y-auto p-4\" dir=\"ltr\">\n<h3><span style=\"font-weight: 400; font-size: 12pt;\">\u00a0Je vous remercie par avance pour l\u2019attention port\u00e9e \u00e0 ma demande de maintien de la pension d\u2019invalidit\u00e9 apr\u00e8s 62 ans. Compte tenu de ma situation, j&rsquo;esp\u00e8re pouvoir b\u00e9n\u00e9ficier de votre compr\u00e9hension et de votre soutien.<\/span><\/h3>\n<\/div>\n<\/div>\n<h2><strong>Demande de confirmation de la r\u00e9ception et de la prise en compte de la demande<\/strong><\/h2>\n<p>Demander une confirmation de r\u00e9ception du courrier et de la prise en compte de la demande. Cela permet d\u2019assurer que la demande a bien \u00e9t\u00e9 re\u00e7ue et est en cours de traitement.<\/p>\n<p>Exemple :<\/p>\n<div class=\"dark bg-gray-950 rounded-md border-[0.5px] border-token-border-medium\">\n<div class=\"overflow-y-auto p-4\" dir=\"ltr\">\n<p><span style=\"font-weight: 400;\">Je vous serais reconnaissant de bien vouloir me confirmer la r\u00e9ception de ce courrier et la prise en compte de ma demande.\u00a0<\/span><\/p>\n<\/div>\n<\/div>\n<h1>Signature<\/h1>\n<h2><strong>Formule de politesse<\/strong><\/h2>\n<p>Terminer le courrier par une formule de politesse appropri\u00e9e. Cela montre du respect et du professionnalisme.<\/p>\n<p><strong>Exemple :<\/strong><\/p>\n<div class=\"dark bg-gray-950 rounded-md border-[0.5px] border-token-border-medium\">\n<div class=\"overflow-y-auto p-4\" dir=\"ltr\"><span style=\"font-weight: 400;\">Dans l&rsquo;attente de votre r\u00e9ponse, je vous prie d&rsquo;agr\u00e9er, Madame, Monsieur, l\u2019expression de mes salutations distingu\u00e9es.<\/span><\/div>\n<\/div>\n<h2><strong>Signature et date<\/strong><\/h2>\n<p>Signer le courrier et indiquer la date. La signature authentifie le document et la date permet de suivre les d\u00e9lais de traitement.<\/p>\n<p><strong>Exemple :<\/strong><\/p>\n<div class=\"dark bg-gray-950 rounded-md border-[0.5px] border-token-border-medium\">\n<div class=\"overflow-y-auto p-4\" dir=\"ltr\">\n<p><span style=\"font-weight: 400;\">[Signature] <\/span><\/p>\n<p><span style=\"font-weight: 400;\">[Date]<\/span><\/p>\n<\/div>\n<\/div>\n<h1>Mod\u00e8le de courrier pour demander le maintien de la pension invalidit\u00e9 apr\u00e8s 62 ans<\/h1>\n<h2><strong>Premi\u00e8re partie du mod\u00e8le<\/strong><\/h2>\n<div class=\"dark bg-gray-950 rounded-md border-[0.5px] border-token-border-medium\">\n<div class=\"overflow-y-auto p-4\" dir=\"ltr\">\n<p><span style=\"font-weight: 400;\">[Nom]<\/span><\/p>\n<p><span style=\"font-weight: 400;\">[Adresse] <\/span><\/p>\n<p><span style=\"font-weight: 400;\">[Code postal, Ville] <\/span><\/p>\n<p><span style=\"font-weight: 400;\">[Num\u00e9ro de S\u00e9curit\u00e9 Sociale] <\/span><\/p>\n<p><span style=\"font-weight: 400;\">[CPAM de votre d\u00e9partement] <\/span><\/p>\n<p><span style=\"font-weight: 400;\">[Adresse de la CPAM] <\/span><\/p>\n<p><span style=\"font-weight: 400;\">[Code postal, Ville]<\/span><\/p>\n<p><span style=\"font-weight: 400;\"> [Date] <\/span><\/p>\n<p><span style=\"font-weight: 400;\">Objet : Demande de maintien de la pension d\u2019invalidit\u00e9 apr\u00e8s 62ans <\/span><\/p>\n<p><span style=\"font-weight: 400;\">Madame, Monsieur, <\/span><\/p>\n<p><span style=\"font-weight: 400;\">Je suis actuellement b\u00e9n\u00e9ficiaire de la pension d&rsquo;invalidit\u00e9 de cat\u00e9gorie[pr\u00e9ciser] depuis le [date de d\u00e9but de la pension] en raison de [pr\u00e9ciser la nature de l\u2019invalidit\u00e9]. \u00c9tant donn\u00e9 que j&rsquo;atteindrai l&rsquo;\u00e2ge de 62 ans le [date], je sollicite par la pr\u00e9sentele maintien de ma pension d&rsquo;invalidit\u00e9. <\/span><\/p>\n<p><span style=\"font-weight: 400;\">Mon \u00e9tat de sant\u00e9 n&rsquo;a malheureusement pas connud&rsquo;am\u00e9lioration depuis l&rsquo;attribution de la pension. En effet, je souffre toujours de [Description de l\u2019invalidit\u00e9], ce qui rend toute activit\u00e9 professionnelle impossible. <\/span><\/p>\n<p><span style=\"font-weight: 400;\">Le maintien de ma pensiond\u2019invalidit\u00e9 est crucial pour garantir ma subsistance, car ma pension de retraite serait largementinf\u00e9rieure \u00e0 ma pension d\u2019invalidit\u00e9 actuelle. <\/span><\/p>\n<p><span style=\"font-weight: 400;\">Compte tenu de mes frais m\u00e9dicaux constants et del&rsquo;incapacit\u00e9 \u00e0 g\u00e9n\u00e9rer un revenu compl\u00e9mentaire, cette aide est indispensable pour assurer madignit\u00e9 et mon bien-\u00eatre. <\/span><\/p>\n<p><span style=\"font-weight: 400;\">Un retrait de ma pension d&rsquo;invalidit\u00e9 aurait des cons\u00e9quences dramatiquessur ma situation financi\u00e8re et ma qualit\u00e9 de vie. Cela m\u2019exposerait \u00e0 des difficult\u00e9s financi\u00e8ress\u00e9v\u00e8res, m\u2019emp\u00eachant de couvrir mes frais m\u00e9dicaux et mes besoins quotidiens.<\/span><\/p>\n<p><span style=\"font-weight: 400;\">[Signature] <\/span><\/p>\n<p><span style=\"font-weight: 400;\">[Date]<\/span><\/p>\n<\/div>\n<\/div>\n<h2><strong>Deuxi\u00e8me partie du mod\u00e8le<\/strong><\/h2>\n<div class=\"dark bg-gray-950 rounded-md border-[0.5px] border-token-border-medium\">\n<div class=\"flex items-center relative text-token-text-secondary bg-token-main-surface-secondary px-4 py-2 text-xs font-sans justify-between rounded-t-md\"><span style=\"font-weight: 400;\">Veuillez trouver ci-joints les certificats m\u00e9dicaux r\u00e9cents \u00e9tablis par [Nom du M\u00e9decin], confirmant la persistance de mon invalidit\u00e9. Vous trouverez \u00e9galement ci-joints des justificatifs de masituation personnelle et financi\u00e8re, incluant mes relev\u00e9s de pension et des documents attestant de ma situation aupr\u00e8s de la CPAM.<\/span><\/div>\n<div><\/div>\n<div class=\"flex items-center relative text-token-text-secondary bg-token-main-surface-secondary px-4 py-2 text-xs font-sans justify-between rounded-t-md\"><span style=\"font-weight: 400;\"> Je vous remercie par avance pour l\u2019attention port\u00e9e \u00e0 ma demande de maintien de la pension d\u2019invalidit\u00e9 apr\u00e8s 62 ans. Compte tenu de ma situation, j&rsquo;esp\u00e8re pouvoir b\u00e9n\u00e9ficier de votre compr\u00e9hension et de votre soutien. <\/span><\/div>\n<div><\/div>\n<div class=\"flex items-center relative text-token-text-secondary bg-token-main-surface-secondary px-4 py-2 text-xs font-sans justify-between rounded-t-md\"><span style=\"font-weight: 400;\">Je vous serais reconnaissant de bien vouloir me confirmer la r\u00e9ception de ce courrier et la prise en compte de ma demande. <\/span><\/div>\n<div class=\"flex items-center relative text-token-text-secondary bg-token-main-surface-secondary px-4 py-2 text-xs font-sans justify-between rounded-t-md\"><span style=\"font-weight: 400;\">Dans l&rsquo;attente de votre r\u00e9ponse, je vous prie d&rsquo;agr\u00e9er, Madame, Monsieur, l\u2019expression de mes salutations distingu\u00e9es.<\/span><\/div>\n<div class=\"flex items-center relative text-token-text-secondary bg-token-main-surface-secondary px-4 py-2 text-xs font-sans justify-between rounded-t-md\"><\/div>\n<div class=\"flex items-center relative text-token-text-secondary bg-token-main-surface-secondary px-4 py-2 text-xs font-sans justify-between rounded-t-md\"><span style=\"font-weight: 400;\">[Signature]<\/span><\/div>\n<div class=\"flex items-center relative text-token-text-secondary bg-token-main-surface-secondary px-4 py-2 text-xs font-sans justify-between rounded-t-md\"><span style=\"font-weight: 400;\"> [Date]<\/span><\/div>\n<\/div>\n<p>En suivant ce mod\u00e8le et en incluant les informations et documents n\u00e9cessaires, vous pourrez formuler une demande compl\u00e8te et structur\u00e9e pour le maintien de votre pension d&rsquo;invalidit\u00e9 apr\u00e8s 62 ans.<\/p>\n<\/div>\n<\/div>\n<\/div>\n<\/div>\n<div class='cta-block'><div class='text'>Simulez toutes vos Aides en 2 min.<\/div><a href='https:\/\/www.mes-allocs.fr\/ab-app?origin=guides\/wp-json\/wp\/v2\/posts\/81154' class='app-button fit'>Simulation gratuite<\/a><\/div>\n","protected":false},"excerpt":{"rendered":"<p>&nbsp; Peut-on continuer de percevoir une pension d&rsquo;invalidit\u00e9 apr\u00e8s 62 ans ? Conditions g\u00e9n\u00e9rales pour le maintien de la pension d&rsquo;invalidit\u00e9 En France, la pension d&rsquo;invalidit\u00e9 est g\u00e9n\u00e9ralement convertie en pension de retraite pour inaptitude \u00e0 partir de 62 ans, \u00e2ge l\u00e9gal de la retraite. Cependant, il est possible de demander le maintien de la [&hellip;]<\/p>\n","protected":false},"author":26,"featured_media":57626,"comment_status":"open","ping_status":"open","sticky":false,"template":"","format":"standard","meta":{"amp_status":"","footnotes":""},"categories":[36696,35633],"tags":[],"class_list":["post-81154","post","type-post","status-publish","format-standard","has-post-thumbnail","hentry","category-demande-pension-invalidite","category-pension-invalidite"],"yoast_head":"<!-- This site is optimized with the Yoast SEO plugin v14.9 - https:\/\/yoast.com\/wordpress\/plugins\/seo\/ -->\n<title>Courrier de demande de maintien de la pension d\u2019invalidit\u00e9 apr\u00e8s 62 ans<\/title>\n<meta name=\"description\" content=\"Lorsqu\u2019un b\u00e9n\u00e9ficiaire de la pension d&#039;invalidit\u00e9 atteint l&#039;\u00e2ge de 62 ans, il peut \u00eatre n\u00e9cessaire de demander le maintien de cette pension.\" \/>\n<meta name=\"robots\" content=\"index, follow, max-snippet:-1, max-image-preview:large, max-video-preview:-1\" \/>\n<link rel=\"canonical\" href=\"https:\/\/www.mes-allocs.fr\/guides\/pension-invalidite\/demande-pension-invalidite\/courrier-maintien-pension-invalidite-apres-62-ans\/\" \/>\n<meta property=\"og:locale\" content=\"fr_FR\" \/>\n<meta property=\"og:type\" content=\"article\" \/>\n<meta property=\"og:title\" content=\"Courrier de demande de maintien de la pension d\u2019invalidit\u00e9 apr\u00e8s 62 ans\" \/>\n<meta property=\"og:description\" content=\"Lorsqu\u2019un b\u00e9n\u00e9ficiaire de la pension d&#039;invalidit\u00e9 atteint l&#039;\u00e2ge de 62 ans, il peut \u00eatre n\u00e9cessaire de demander le maintien de cette pension.\" \/>\n<meta property=\"og:url\" content=\"https:\/\/www.mes-allocs.fr\/guides\/pension-invalidite\/demande-pension-invalidite\/courrier-maintien-pension-invalidite-apres-62-ans\/\" \/>\n<meta property=\"og:site_name\" content=\"Mes-Allocs.fr\" \/>\n<meta property=\"article:published_time\" content=\"2024-07-18T10:18:29+00:00\" \/>\n<meta property=\"article:modified_time\" content=\"2026-04-22T09:52:05+00:00\" \/>\n<meta property=\"og:image\" content=\"https:\/\/www.mes-allocs.fr\/guides\/wp-content\/uploads\/2022\/11\/joanna-kosinska-oYrqISvCMLI-unsplash.jpg?wsr\" \/>\n\t<meta property=\"og:image:width\" content=\"1920\" \/>\n\t<meta property=\"og:image:height\" content=\"1282\" \/>\n<meta name=\"twitter:card\" content=\"summary_large_image\" \/>\n<script type=\"application\/ld+json\" class=\"yoast-schema-graph\">{\"@context\":\"https:\/\/schema.org\",\"@graph\":[{\"@type\":\"WebSite\",\"@id\":\"https:\/\/www.mes-allocs.fr\/guides\/#website\",\"url\":\"https:\/\/www.mes-allocs.fr\/guides\/\",\"name\":\"Mes-Allocs.fr\",\"description\":\"\",\"potentialAction\":[{\"@type\":\"SearchAction\",\"target\":\"https:\/\/www.mes-allocs.fr\/guides\/?s={search_term_string}\",\"query-input\":\"required name=search_term_string\"}],\"inLanguage\":\"fr-FR\"},{\"@type\":\"ImageObject\",\"@id\":\"https:\/\/www.mes-allocs.fr\/guides\/pension-invalidite\/demande-pension-invalidite\/courrier-maintien-pension-invalidite-apres-62-ans\/#primaryimage\",\"inLanguage\":\"fr-FR\",\"url\":\"https:\/\/www.mes-allocs.fr\/guides\/wp-content\/uploads\/2022\/11\/joanna-kosinska-oYrqISvCMLI-unsplash.jpg?wsr\",\"width\":1920,\"height\":1282,\"caption\":\"courrier maintien pension invalidit\\u00e9 apr\\u00e8s 62 ans\"},{\"@type\":\"WebPage\",\"@id\":\"https:\/\/www.mes-allocs.fr\/guides\/pension-invalidite\/demande-pension-invalidite\/courrier-maintien-pension-invalidite-apres-62-ans\/#webpage\",\"url\":\"https:\/\/www.mes-allocs.fr\/guides\/pension-invalidite\/demande-pension-invalidite\/courrier-maintien-pension-invalidite-apres-62-ans\/\",\"name\":\"Courrier de demande de maintien de la pension d\\u2019invalidit\\u00e9 apr\\u00e8s 62 ans\",\"isPartOf\":{\"@id\":\"https:\/\/www.mes-allocs.fr\/guides\/#website\"},\"primaryImageOfPage\":{\"@id\":\"https:\/\/www.mes-allocs.fr\/guides\/pension-invalidite\/demande-pension-invalidite\/courrier-maintien-pension-invalidite-apres-62-ans\/#primaryimage\"},\"datePublished\":\"2024-07-18T10:18:29+00:00\",\"dateModified\":\"2026-04-22T09:52:05+00:00\",\"author\":{\"@id\":\"https:\/\/www.mes-allocs.fr\/guides\/#\/schema\/person\/9c38f3be41a0ddcd1e3fde5a3df713bf\"},\"description\":\"Lorsqu\\u2019un b\\u00e9n\\u00e9ficiaire de la pension d'invalidit\\u00e9 atteint l'\\u00e2ge de 62 ans, il peut \\u00eatre n\\u00e9cessaire de demander le maintien de cette pension.\",\"inLanguage\":\"fr-FR\"},{\"@type\":\"Person\",\"@id\":\"https:\/\/www.mes-allocs.fr\/guides\/#\/schema\/person\/9c38f3be41a0ddcd1e3fde5a3df713bf\",\"name\":\"Sessime Ananou\",\"image\":{\"@type\":\"ImageObject\",\"@id\":\"https:\/\/www.mes-allocs.fr\/guides\/#personlogo\",\"inLanguage\":\"fr-FR\",\"url\":\"https:\/\/www.mes-allocs.fr\/guides\/wp-content\/uploads\/2023\/08\/IMG_8173-150x150.jpg\",\"caption\":\"Sessime Ananou\"},\"description\":\"Sessime est r\\u00e9dactrice chez Mes Allocs, sp\\u00e9cialis\\u00e9e sur le pouvoir d'achat. Elle rejoint l'\\u00e9quipe Mes Allocs en ao\\u00fbt 2023 afin de simplifier l'acc\\u00e8s \\u00e0 l'information sur les aides en g\\u00e9n\\u00e9ral.\"}]}<\/script>\n<!-- \/ Yoast SEO plugin. -->","amp_validity":null,"acf":{"faq":{"1":{"question":"Quelle est l'importance de maintenir la pension d'invalidit\u00e9 apr\u00e8s 62 ans ?","answer":"La pension d\u2019invalidit\u00e9 assure un revenu de remplacement pour les personnes dont l'\u00e9tat de sant\u00e9 emp\u00eache de travailler. Apr\u00e8s 62 ans, l'\u00e2ge l\u00e9gal de la retraite en France, la pension de vieillesse prend g\u00e9n\u00e9ralement le relais. Toutefois, pour ceux qui n\u2019ont pas suffisamment cotis\u00e9 ou dont la pension de retraite serait inf\u00e9rieure \u00e0 la pension d'invalidit\u00e9, il peut \u00eatre financi\u00e8rement crucial de demander le maintien de la pension d\u2019invalidit\u00e9."},"2":{"question":"Quelles sont les conditions pour obtenir le maintien de la pension d\u2019invalidit\u00e9 apr\u00e8s 62 ans ?","answer":"Pour obtenir le maintien de la pension d\u2019invalidit\u00e9 apr\u00e8s 62 ans, il faut d\u00e9montrer que l\u2019\u00e9tat de sant\u00e9 ne permet toujours pas de reprendre une activit\u00e9 professionnelle. Cette demande doit \u00eatre justifi\u00e9e par des certificats m\u00e9dicaux et autres documents prouvant la persistance de l'invalidit\u00e9. Les conditions peuvent varier l\u00e9g\u00e8rement selon les r\u00e9gimes de s\u00e9curit\u00e9 sociale et les politiques internes de la CPAM (Caisse Primaire d'Assurance Maladie)."},"3":{"question":"Quels \u00e9l\u00e9ments doivent figurer dans le courrier de demande ?","answer":"Un courrier de demande de maintien de la pension d\u2019invalidit\u00e9 doit inclure vos informations personnelles (nom, adresse, num\u00e9ro de s\u00e9curit\u00e9 sociale), une explication claire de votre situation, une mention de votre demande explicite de maintien de la pension, et des pi\u00e8ces justificatives comme des certificats m\u00e9dicaux. Il est \u00e9galement important de mentionner que votre \u00e9tat de sant\u00e9 n\u2019a pas permis de reprendre une activit\u00e9 professionnelle."},"4":{"question":"Quels sont les justificatifs m\u00e9dicaux n\u00e9cessaires ?","answer":"Les justificatifs m\u00e9dicaux incluent des certificats m\u00e9dicaux r\u00e9cents \u00e9tablis par votre m\u00e9decin traitant ou un sp\u00e9cialiste, d\u00e9taillant la nature de votre invalidit\u00e9 et confirmant que votre \u00e9tat de sant\u00e9 n\u2019a pas permis une reprise d\u2019activit\u00e9. Des rapports d\u2019examens compl\u00e9mentaires (radiographies, IRM, etc.) peuvent \u00e9galement \u00eatre n\u00e9cessaires pour appuyer votre demande.\r\n"},"5":{"question":"Faut-il joindre d'autres documents \u00e0 la demande ?","answer":"En plus des certificats m\u00e9dicaux, il est utile de joindre toute documentation attestant de votre situation financi\u00e8re, comme des relev\u00e9s de pension, des documents de la CPAM confirmant votre statut d'invalide, et \u00e9ventuellement une copie de votre derni\u00e8re notification de pension. Il peut aussi \u00eatre utile d'inclure une lettre de votre employeur ou ancien employeur confirmant que vous n\u2019avez pas pu reprendre le travail en raison de votre \u00e9tat de sant\u00e9.\r\n"},"6":{"question":"\u00c0 quelle adresse envoyer la demande ?","answer":"La demande de maintien de la pension d\u2019invalidit\u00e9 doit \u00eatre envoy\u00e9e \u00e0 la CPAM de votre d\u00e9partement. L\u2019adresse exacte se trouve g\u00e9n\u00e9ralement sur les courriers officiels que vous avez re\u00e7us de la CPAM. Vous pouvez \u00e9galement la trouver sur le site internet de l\u2019Assurance Maladie."},"7":{"question":"","answer":""},"8":{"question":"","answer":""},"9":{"question":"","answer":""},"10":{"question":"","answer":""},"11":{"question":"","answer":""},"12":{"question":"","answer":""},"13":{"question":"","answer":""},"14":{"question":"","answer":""},"15":{"question":"","answer":""},"16":{"question":"","answer":""}}},"_links":{"self":[{"href":"https:\/\/www.mes-allocs.fr\/guides\/wp-json\/wp\/v2\/posts\/81154","targetHints":{"allow":["GET"]}}],"collection":[{"href":"https:\/\/www.mes-allocs.fr\/guides\/wp-json\/wp\/v2\/posts"}],"about":[{"href":"https:\/\/www.mes-allocs.fr\/guides\/wp-json\/wp\/v2\/types\/post"}],"author":[{"embeddable":true,"href":"https:\/\/www.mes-allocs.fr\/guides\/wp-json\/wp\/v2\/users\/26"}],"replies":[{"embeddable":true,"href":"https:\/\/www.mes-allocs.fr\/guides\/wp-json\/wp\/v2\/comments?post=81154"}],"version-history":[{"count":4,"href":"https:\/\/www.mes-allocs.fr\/guides\/wp-json\/wp\/v2\/posts\/81154\/revisions"}],"predecessor-version":[{"id":94244,"href":"https:\/\/www.mes-allocs.fr\/guides\/wp-json\/wp\/v2\/posts\/81154\/revisions\/94244"}],"wp:featuredmedia":[{"embeddable":true,"href":"https:\/\/www.mes-allocs.fr\/guides\/wp-json\/wp\/v2\/media\/57626"}],"wp:attachment":[{"href":"https:\/\/www.mes-allocs.fr\/guides\/wp-json\/wp\/v2\/media?parent=81154"}],"wp:term":[{"taxonomy":"category","embeddable":true,"href":"https:\/\/www.mes-allocs.fr\/guides\/wp-json\/wp\/v2\/categories?post=81154"},{"taxonomy":"post_tag","embeddable":true,"href":"https:\/\/www.mes-allocs.fr\/guides\/wp-json\/wp\/v2\/tags?post=81154"}],"curies":[{"name":"wp","href":"https:\/\/api.w.org\/{rel}","templated":true}]}}