{"id":81140,"date":"2024-07-18T11:07:54","date_gmt":"2024-07-18T09:07:54","guid":{"rendered":"https:\/\/www.mes-allocs.fr\/guides\/?p=81140"},"modified":"2026-04-22T10:52:05","modified_gmt":"2026-04-22T09:52:05","slug":"convocation-revision-pension-invalidite","status":"publish","type":"post","link":"https:\/\/www.mes-allocs.fr\/guides\/pension-invalidite\/demande-pension-invalidite\/convocation-revision-pension-invalidite\/","title":{"rendered":"Convocation pour r\u00e9vision de la pension d&rsquo;invalidit\u00e9 : que faire ?"},"content":{"rendered":"<p><img loading=\"lazy\" decoding=\"async\" class=\"alignnone wp-image-42542 size-full\" title=\"convocation r\u00e9vision pension invalidit\u00e9\" src=\"https:\/\/www.mes-allocs.fr\/guides\/wp-content\/uploads\/2021\/12\/femme-medecin--e1710333746667.jpeg\" alt=\"convocation r\u00e9vision pension invalidit\u00e9\" width=\"1125\" height=\"303\" srcset=\"https:\/\/www.mes-allocs.fr\/guides\/wp-content\/uploads\/2021\/12\/femme-medecin--e1710333746667.jpeg 1125w, https:\/\/www.mes-allocs.fr\/guides\/wp-content\/uploads\/2021\/12\/femme-medecin--e1710333746667-300x81.jpeg 300w, https:\/\/www.mes-allocs.fr\/guides\/wp-content\/uploads\/2021\/12\/femme-medecin--e1710333746667-1024x276.jpeg 1024w, https:\/\/www.mes-allocs.fr\/guides\/wp-content\/uploads\/2021\/12\/femme-medecin--e1710333746667-768x207.jpeg 768w, https:\/\/www.mes-allocs.fr\/guides\/wp-content\/uploads\/2021\/12\/femme-medecin--e1710333746667-600x162.jpeg 600w\" sizes=\"auto, (max-width: 1125px) 100vw, 1125px\" \/><\/p>\n<p><strong>La convocation pour une r\u00e9vision de <a href=\"https:\/\/www.mes-allocs.fr\/guides\/pension-invalidite\/\">pension d\u2019invalidit\u00e9<\/a> peut susciter de nombreuses questions et pr\u00e9occupations. Cette \u00e9tape est cruciale pour \u00e9valuer votre \u00e9tat de sant\u00e9 et ajuster votre pension en cons\u00e9quence. Cet article r\u00e9pond aux questions les plus fr\u00e9quentes sur la convocation pour une r\u00e9vision de pension d\u2019invalidit\u00e9, et vous guide sur les actions \u00e0 entreprendre pour \u00eatre bien pr\u00e9par\u00e9.<\/strong><\/p>\n<div class='cta-block'><div class='text'>Simulez toutes vos Aides en 2 min.<\/div><a href='https:\/\/www.mes-allocs.fr\/ab-app?origin=guides\/wp-json\/wp\/v2\/posts\/81140' class='app-button fit'>Simulation gratuite<\/a><\/div>\n<h1>Qu\u2019est-ce qu\u2019une convocation \u00e0 la r\u00e9vision de la pension d\u2019invalidit\u00e9 ?<\/h1>\n<h2>Quelle est la d\u00e9finition de la r\u00e9vision d&rsquo;une pension d&rsquo;invalidit\u00e9 ?<\/h2>\n<p>La r\u00e9vision d&rsquo;une pension d&rsquo;invalidit\u00e9 est une proc\u00e9dure mise en place par la CPAM (Caisse Primaire d&rsquo;Assurance Maladie) pour r\u00e9\u00e9valuer p\u00e9riodiquement l&rsquo;\u00e9tat de sant\u00e9 des b\u00e9n\u00e9ficiaires de la pension d&rsquo;invalidit\u00e9. Cette r\u00e9vision a pour objectif de v\u00e9rifier si le montant de la pension est toujours justifi\u00e9 par l&rsquo;\u00e9tat de sant\u00e9 et les capacit\u00e9s fonctionnelles de la personne. En d&rsquo;autres termes, il s&rsquo;agit de s&rsquo;assurer que le niveau d&rsquo;incapacit\u00e9 n&rsquo;a pas chang\u00e9 de mani\u00e8re significative depuis la <a href=\"https:\/\/www.mes-allocs.fr\/guides\/pension-invalidite\/demande-pension-invalidite\/\">demande de pension d&rsquo;invalidit\u00e9<\/a>, justifiant ainsi une r\u00e9vision de la pension accord\u00e9e.<\/p>\n<h2>Quels sont les objectifs de la r\u00e9vision de la pension d\u2019invalidit\u00e9 ?<\/h2>\n<p>Les objectifs de la r\u00e9vision de la pension d&rsquo;invalidit\u00e9 sont multiples. Tout d&rsquo;abord, il s&rsquo;agit de s&rsquo;assurer que le b\u00e9n\u00e9ficiaire re\u00e7oit une pension ad\u00e9quate par rapport \u00e0 son \u00e9tat de sant\u00e9 actuel. Ensuite, la r\u00e9vision permet de v\u00e9rifier s&rsquo;il y a eu des changements significatifs dans la condition m\u00e9dicale de la personne, n\u00e9cessitant un ajustement de la pension. Par exemple, si l&rsquo;\u00e9tat de sant\u00e9 s&rsquo;est am\u00e9lior\u00e9, la pension pourrait \u00eatre r\u00e9duite, voire supprim\u00e9e. \u00c0 l&rsquo;inverse, si la situation s&rsquo;est aggrav\u00e9e, une augmentation de la pension pourrait \u00eatre envisag\u00e9e. La r\u00e9vision vise \u00e9galement \u00e0 pr\u00e9venir les fraudes et \u00e0 garantir que les ressources publiques sont utilis\u00e9es de mani\u00e8re appropri\u00e9e.<\/p>\n<div class='cta-block'><div class='text'>Simulez toutes vos Aides en 2 min.<\/div><a href='https:\/\/www.mes-allocs.fr\/ab-app?origin=guides\/wp-json\/wp\/v2\/posts\/81140' class='app-button fit'>Simulation gratuite<\/a><\/div>\n<h1>Raisons de la convocation \u00e0 la r\u00e9vision de la pension d&rsquo;invalidit\u00e9<\/h1>\n<h2>Pourquoi un changement de situation personnelle ou professionnelle peut-il d\u00e9clencher une r\u00e9vision ?<\/h2>\n<p>Un changement dans votre situation personnelle ou professionnelle peut entra\u00eener une r\u00e9vision de votre pension d&rsquo;invalidit\u00e9. Par exemple, la reprise d&rsquo;une activit\u00e9 professionnelle, une modification des conditions de travail, un changement d&rsquo;\u00e9tat civil (mariage, divorce), ou tout autre \u00e9v\u00e9nement significatif peuvent d\u00e9clencher une r\u00e9\u00e9valuation de votre situation. Ces changements peuvent affecter votre capacit\u00e9 de travail et, par cons\u00e9quent, le montant de la pension d&rsquo;invalidit\u00e9 que vous recevez.<\/p>\n<h2>Pourquoi l\u2019actualisation des \u00e9tats de sant\u00e9 est-elle n\u00e9cessaire ?<\/h2>\n<p>L&rsquo;actualisation des \u00e9tats de sant\u00e9 est n\u00e9cessaire pour \u00e9valuer les progr\u00e8s ou les d\u00e9gradations \u00e9ventuelles de votre condition m\u00e9dicale. Les b\u00e9n\u00e9ficiaires de la pension d&rsquo;invalidit\u00e9 doivent informer la CPAM de tout changement significatif dans leur \u00e9tat de sant\u00e9. Cette actualisation permet de s&rsquo;assurer que la pension vers\u00e9e est proportionnelle \u00e0 votre niveau d&rsquo;incapacit\u00e9 et \u00e0 vos besoins actuels. Elle permet \u00e9galement de d\u00e9tecter les \u00e9ventuelles am\u00e9liorations de votre \u00e9tat de sant\u00e9 qui pourraient justifier une r\u00e9duction ou une suppression de la pension.<\/p>\n<p><iframe loading=\"lazy\" title=\"La pension d&#039;invalidit\u00e9\" width=\"500\" height=\"281\" src=\"https:\/\/www.youtube.com\/embed\/_UJaa1UDtZs?feature=oembed\" frameborder=\"0\" allow=\"accelerometer; autoplay; clipboard-write; encrypted-media; gyroscope; picture-in-picture; web-share\" referrerpolicy=\"strict-origin-when-cross-origin\" allowfullscreen><\/iframe><\/p>\n<h1>Comment se pr\u00e9parer \u00e0 une convocation de r\u00e9vision de la pension invalidit\u00e9 ?<\/h1>\n<h2>Quels documents dois-je rassembler pour la convocation ?<\/h2>\n<p>Pour vous pr\u00e9parer \u00e0 une convocation de r\u00e9vision de la pension d&rsquo;invalidit\u00e9, il est essentiel de rassembler tous les documents m\u00e9dicaux pertinents. Cela inclut les rapports de votre m\u00e9decin traitant, les comptes rendus d&rsquo;hospitalisation, les r\u00e9sultats d&rsquo;examens compl\u00e9mentaires (IRM, radiographies, analyses de sang, etc.), et tout autre document attestant de votre \u00e9tat de sant\u00e9. Il est \u00e9galement conseill\u00e9 de pr\u00e9parer une liste de m\u00e9dicaments que vous prenez actuellement et de noter tout changement r\u00e9cent dans votre \u00e9tat de sant\u00e9.<\/p>\n<h2>Quelle est l&rsquo;importance de la pr\u00e9sence lors de l\u2019examen ?<\/h2>\n<p>Votre pr\u00e9sence lors de l&rsquo;examen m\u00e9dical est cruciale. Elle permet au m\u00e9decin-conseil de la CPAM de vous \u00e9valuer directement et de poser des questions pr\u00e9cises sur votre \u00e9tat de sant\u00e9 et vos capacit\u00e9s fonctionnelles. En \u00e9tant pr\u00e9sent, vous pouvez fournir des informations d\u00e9taill\u00e9es et r\u00e9pondre aux questions du m\u00e9decin, ce qui contribue \u00e0 une \u00e9valuation plus pr\u00e9cise. En cas d&rsquo;absence non justifi\u00e9e, la CPAM pourrait prendre des d\u00e9cisions bas\u00e9es sur des informations incompl\u00e8tes, ce qui pourrait nuire \u00e0 vos int\u00e9r\u00eats.<\/p>\n<div class=\"flex flex-grow flex-col max-w-full\">\n<div class=\"min-h-[20px] text-message flex flex-col items-start whitespace-pre-wrap break-words [.text-message+&amp;]:mt-5 juice:w-full juice:items-end overflow-x-auto gap-2\" dir=\"auto\" data-message-author-role=\"assistant\" data-message-id=\"3a53cf4b-cce2-4aff-aafd-a9494a23fe3c\">\n<div class=\"flex w-full flex-col gap-1 juice:empty:hidden juice:first:pt-[3px]\">\n<div class=\"markdown prose w-full break-words dark:prose-invert dark\">\n<h1>D\u00e9roulement de la r\u00e9vision de la pension d&rsquo;invalidit\u00e9<\/h1>\n<h2>Qui participe \u00e0 la r\u00e9vision ?<\/h2>\n<p>La r\u00e9vision de la pension d&rsquo;invalidit\u00e9 implique principalement le b\u00e9n\u00e9ficiaire de la pension et le m\u00e9decin-conseil de la CPAM. Le m\u00e9decin-conseil est charg\u00e9 d&rsquo;effectuer l&rsquo;\u00e9valuation m\u00e9dicale et de r\u00e9diger un rapport bas\u00e9 sur cette \u00e9valuation. Parfois, d&rsquo;autres professionnels de sant\u00e9 peuvent \u00eatre consult\u00e9s pour fournir des avis suppl\u00e9mentaires, notamment si le cas m\u00e9dical est complexe ou n\u00e9cessite une expertise particuli\u00e8re.<\/p>\n<h2>Quelles sont les \u00e9tapes de l\u2019\u00e9valuation m\u00e9dicale ?<\/h2>\n<p>L&rsquo;\u00e9valuation m\u00e9dicale comprend plusieurs \u00e9tapes. D&rsquo;abord, le m\u00e9decin-conseil analysera votre dossier m\u00e9dical et prendra connaissance des documents que vous avez fournis. Ensuite, il proc\u00e9dera \u00e0 un examen physique et posera des questions sur vos ant\u00e9c\u00e9dents m\u00e9dicaux, vos sympt\u00f4mes actuels, vos traitements en cours, et l&rsquo;impact de votre invalidit\u00e9 sur votre quotidien. Le m\u00e9decin pourra \u00e9galement vous demander de r\u00e9aliser certains tests ou exercices pour \u00e9valuer vos capacit\u00e9s fonctionnelles. \u00c0 la fin de l&rsquo;examen, le m\u00e9decin-conseil r\u00e9digera un rapport d\u00e9taillant ses observations et conclusions, qui sera ensuite transmis \u00e0 la CPAM.<\/p>\n<h1>Suite \u00e0 la r\u00e9vision de la pension d&rsquo;invalidit\u00e9<\/h1>\n<h2>Quelles sont les notifications et d\u00e9cisions possibles apr\u00e8s la r\u00e9vision ?<\/h2>\n<p>Apr\u00e8s la r\u00e9vision, vous recevrez une notification de la CPAM indiquant la d\u00e9cision prise. Les d\u00e9cisions possibles incluent :<\/p>\n<ul>\n<li>Le maintien de la pension au m\u00eame montant si votre \u00e9tat de sant\u00e9 n&rsquo;a pas chang\u00e9 de mani\u00e8re significative.<\/li>\n<li>Une augmentation de la pension si votre \u00e9tat de sant\u00e9 s&rsquo;est aggrav\u00e9 et que votre capacit\u00e9 de travail est r\u00e9duite.<\/li>\n<li>Une diminution de la pension si votre \u00e9tat de sant\u00e9 s&rsquo;est am\u00e9lior\u00e9 et que votre capacit\u00e9 de travail s&rsquo;est accrue.<\/li>\n<li>La suppression de la pension si vous ne remplissez plus les crit\u00e8res d&rsquo;invalidit\u00e9.<\/li>\n<\/ul>\n<h2>Que dois-je faire en cas de changement de statut apr\u00e8s la r\u00e9vision ?<\/h2>\n<p>Si votre statut change suite \u00e0 la r\u00e9vision (par exemple, si votre pension est r\u00e9duite ou supprim\u00e9e), il est important de comprendre les raisons de cette d\u00e9cision et de prendre les mesures appropri\u00e9es. Vous pouvez contacter la CPAM pour obtenir des explications d\u00e9taill\u00e9es sur la d\u00e9cision. Si vous n&rsquo;\u00eates pas d&rsquo;accord avec la d\u00e9cision, vous avez le droit de la contester en suivant les proc\u00e9dures de recours appropri\u00e9es.<\/p>\n<h1>Recours en cas de d\u00e9saccord suite \u00e0 la r\u00e9vision de la pension d&rsquo;invalidit\u00e9<\/h1>\n<h2>Quelles sont les options de contestation disponibles ?<\/h2>\n<p>Si vous n&rsquo;\u00eates pas d&rsquo;accord avec la d\u00e9cision prise suite \u00e0 la r\u00e9vision, vous avez plusieurs options de contestation. Vous pouvez d&rsquo;abord d\u00e9poser un recours aupr\u00e8s de la Commission de Recours Amiable (CRA) de la CPAM. Si la CRA rejette votre recours, vous pouvez saisir le Tribunal de la S\u00e9curit\u00e9 Sociale pour une nouvelle \u00e9valuation de votre dossier.<\/p>\n<h2>Quelles d\u00e9marches dois-je suivre pour contester une d\u00e9cision de la pension d\u2019invalidit\u00e9 ?<\/h2>\n<p>Pour contester une d\u00e9cision, vous devez r\u00e9diger une lettre de recours expliquant les raisons de votre d\u00e9saccord. Il est important de fournir des preuves suppl\u00e9mentaires, telles que des rapports m\u00e9dicaux ou des attestations de professionnels de sant\u00e9, pour \u00e9tayer votre contestation. Envoyez cette lettre \u00e0 la CRA de la CPAM dans les deux mois suivant la r\u00e9ception de la notification de la d\u00e9cision. Si la CRA rejette votre recours, vous pouvez saisir le Tribunal de la S\u00e9curit\u00e9 Sociale en respectant les d\u00e9lais de recours. Vous pouvez \u00e9galement demander l&rsquo;aide d&rsquo;associations ou de conseillers sp\u00e9cialis\u00e9s pour vous assister dans la pr\u00e9paration de votre recours et vous repr\u00e9senter lors des audiences.<\/p>\n<\/div>\n<\/div>\n<\/div>\n<\/div>\n<div class=\"mt-1 flex gap-3 empty:hidden juice:-ml-3\">\n<div class=\"items-center justify-start rounded-xl p-1 flex\"><\/div>\n<\/div>\n<p>D\u00e9couvrez les r\u00e9ponses aux questions les plus fr\u00e9quentes sur la contestation d&rsquo;une d\u00e9cision de <a href=\"https:\/\/www.mes-allocs.fr\/guides\/pension-invalidite\/demande-de-pension-dinvalidite\/non-recevabilite-pension-invalidite\/\">non recevabilit\u00e9 de pension d&rsquo;invalidit\u00e9<\/a>.<\/p>\n<div class='cta-block'><div class='text'>Simulez toutes vos Aides en 2 min.<\/div><a href='https:\/\/www.mes-allocs.fr\/ab-app?origin=guides\/wp-json\/wp\/v2\/posts\/81140' class='app-button fit'>Simulation gratuite<\/a><\/div>\n","protected":false},"excerpt":{"rendered":"<p>La convocation pour une r\u00e9vision de pension d\u2019invalidit\u00e9 peut susciter de nombreuses questions et pr\u00e9occupations. Cette \u00e9tape est cruciale pour \u00e9valuer votre \u00e9tat de sant\u00e9 et ajuster votre pension en cons\u00e9quence. Cet article r\u00e9pond aux questions les plus fr\u00e9quentes sur la convocation pour une r\u00e9vision de pension d\u2019invalidit\u00e9, et vous guide sur les actions \u00e0 [&hellip;]<\/p>\n","protected":false},"author":26,"featured_media":37420,"comment_status":"open","ping_status":"open","sticky":false,"template":"","format":"standard","meta":{"amp_status":"","footnotes":""},"categories":[36696,35633],"tags":[],"class_list":["post-81140","post","type-post","status-publish","format-standard","has-post-thumbnail","hentry","category-demande-pension-invalidite","category-pension-invalidite"],"yoast_head":"<!-- This site is optimized with the Yoast SEO plugin v14.9 - https:\/\/yoast.com\/wordpress\/plugins\/seo\/ -->\n<title>Convocation pour r\u00e9vision de pension invalidit\u00e9 : objectifs et d\u00e9marches<\/title>\n<meta name=\"description\" content=\"Cet article r\u00e9pond aux questions les plus fr\u00e9quentes sur la convocation pour une r\u00e9vision de pension d\u2019invalidit\u00e9.\" \/>\n<meta name=\"robots\" content=\"index, follow, max-snippet:-1, max-image-preview:large, max-video-preview:-1\" \/>\n<link rel=\"canonical\" href=\"https:\/\/www.mes-allocs.fr\/guides\/pension-invalidite\/demande-pension-invalidite\/convocation-revision-pension-invalidite\/\" \/>\n<meta property=\"og:locale\" content=\"fr_FR\" \/>\n<meta property=\"og:type\" content=\"article\" \/>\n<meta property=\"og:title\" content=\"Convocation pour r\u00e9vision de pension invalidit\u00e9 : objectifs et d\u00e9marches\" \/>\n<meta property=\"og:description\" content=\"Cet article r\u00e9pond aux questions les plus fr\u00e9quentes sur la convocation pour une r\u00e9vision de pension d\u2019invalidit\u00e9.\" \/>\n<meta property=\"og:url\" content=\"https:\/\/www.mes-allocs.fr\/guides\/pension-invalidite\/demande-pension-invalidite\/convocation-revision-pension-invalidite\/\" \/>\n<meta property=\"og:site_name\" content=\"Mes-Allocs.fr\" \/>\n<meta property=\"article:published_time\" content=\"2024-07-18T09:07:54+00:00\" \/>\n<meta property=\"article:modified_time\" content=\"2026-04-22T09:52:05+00:00\" \/>\n<meta property=\"og:image\" content=\"https:\/\/www.mes-allocs.fr\/guides\/wp-content\/uploads\/2021\/09\/Comment-obtenir-une-carte-d-invalidite-.jpg?wsr\" \/>\n\t<meta property=\"og:image:width\" content=\"1280\" \/>\n\t<meta property=\"og:image:height\" content=\"853\" \/>\n<meta name=\"twitter:card\" content=\"summary_large_image\" \/>\n<script type=\"application\/ld+json\" class=\"yoast-schema-graph\">{\"@context\":\"https:\/\/schema.org\",\"@graph\":[{\"@type\":\"WebSite\",\"@id\":\"https:\/\/www.mes-allocs.fr\/guides\/#website\",\"url\":\"https:\/\/www.mes-allocs.fr\/guides\/\",\"name\":\"Mes-Allocs.fr\",\"description\":\"\",\"potentialAction\":[{\"@type\":\"SearchAction\",\"target\":\"https:\/\/www.mes-allocs.fr\/guides\/?s={search_term_string}\",\"query-input\":\"required name=search_term_string\"}],\"inLanguage\":\"fr-FR\"},{\"@type\":\"ImageObject\",\"@id\":\"https:\/\/www.mes-allocs.fr\/guides\/pension-invalidite\/demande-pension-invalidite\/convocation-revision-pension-invalidite\/#primaryimage\",\"inLanguage\":\"fr-FR\",\"url\":\"https:\/\/www.mes-allocs.fr\/guides\/wp-content\/uploads\/2021\/09\/Comment-obtenir-une-carte-d-invalidite-.jpg?wsr\",\"width\":1280,\"height\":853,\"caption\":\"convocation r\\u00e9vision pension invalidit\\u00e9\"},{\"@type\":\"WebPage\",\"@id\":\"https:\/\/www.mes-allocs.fr\/guides\/pension-invalidite\/demande-pension-invalidite\/convocation-revision-pension-invalidite\/#webpage\",\"url\":\"https:\/\/www.mes-allocs.fr\/guides\/pension-invalidite\/demande-pension-invalidite\/convocation-revision-pension-invalidite\/\",\"name\":\"Convocation pour r\\u00e9vision de pension invalidit\\u00e9 : objectifs et d\\u00e9marches\",\"isPartOf\":{\"@id\":\"https:\/\/www.mes-allocs.fr\/guides\/#website\"},\"primaryImageOfPage\":{\"@id\":\"https:\/\/www.mes-allocs.fr\/guides\/pension-invalidite\/demande-pension-invalidite\/convocation-revision-pension-invalidite\/#primaryimage\"},\"datePublished\":\"2024-07-18T09:07:54+00:00\",\"dateModified\":\"2026-04-22T09:52:05+00:00\",\"author\":{\"@id\":\"https:\/\/www.mes-allocs.fr\/guides\/#\/schema\/person\/9c38f3be41a0ddcd1e3fde5a3df713bf\"},\"description\":\"Cet article r\\u00e9pond aux questions les plus fr\\u00e9quentes sur la convocation pour une r\\u00e9vision de pension d\\u2019invalidit\\u00e9.\",\"inLanguage\":\"fr-FR\"},{\"@type\":\"Person\",\"@id\":\"https:\/\/www.mes-allocs.fr\/guides\/#\/schema\/person\/9c38f3be41a0ddcd1e3fde5a3df713bf\",\"name\":\"Sessime Ananou\",\"image\":{\"@type\":\"ImageObject\",\"@id\":\"https:\/\/www.mes-allocs.fr\/guides\/#personlogo\",\"inLanguage\":\"fr-FR\",\"url\":\"https:\/\/www.mes-allocs.fr\/guides\/wp-content\/uploads\/2023\/08\/IMG_8173-150x150.jpg\",\"caption\":\"Sessime Ananou\"},\"description\":\"Sessime est r\\u00e9dactrice chez Mes Allocs, sp\\u00e9cialis\\u00e9e sur le pouvoir d'achat. Elle rejoint l'\\u00e9quipe Mes Allocs en ao\\u00fbt 2023 afin de simplifier l'acc\\u00e8s \\u00e0 l'information sur les aides en g\\u00e9n\\u00e9ral.\"}]}<\/script>\n<!-- \/ Yoast SEO plugin. -->","amp_validity":null,"acf":{"faq":{"1":{"question":"Quelle est la raison principale de la convocation ?","answer":"La convocation pour une r\u00e9vision de pension d\u2019invalidit\u00e9 a pour but de r\u00e9\u00e9valuer votre \u00e9tat de sant\u00e9 et votre capacit\u00e9 de travail. La CPAM souhaite s'assurer que le montant de votre pension est toujours adapt\u00e9 \u00e0 votre situation actuelle."},"2":{"question":"","answer":""},"3":{"question":" Quels documents dois-je apporter lors de la convocation ?","answer":"Il est essentiel d\u2019apporter tous les documents m\u00e9dicaux r\u00e9cents, tels que les rapports de votre m\u00e9decin traitant, les comptes rendus d\u2019hospitalisation, et les r\u00e9sultats d\u2019examens compl\u00e9mentaires."},"4":{"question":"Que faire si je ne peux pas me rendre \u00e0 la convocation ?","answer":"Si vous ne pouvez pas vous pr\u00e9senter \u00e0 la convocation, il est imp\u00e9ratif de contacter la CPAM d\u00e8s que possible pour expliquer la situation et, si n\u00e9cessaire, demander un report."},"5":{"question":"Quel est le d\u00e9roulement de l\u2019examen m\u00e9dical ?","answer":"L'examen m\u00e9dical est conduit par un m\u00e9decin-conseil de la CPAM qui \u00e9valuera votre \u00e9tat de sant\u00e9, vos capacit\u00e9s fonctionnelles et les impacts de votre invalidit\u00e9 sur votre quotidien."},"6":{"question":"Comment les d\u00e9cisions sont-elles prises suite \u00e0 la r\u00e9vision ?","answer":"Le m\u00e9decin-conseil transmet son \u00e9valuation \u00e0 la CPAM, qui d\u00e9cide ensuite si la pension doit \u00eatre maintenue, modifi\u00e9e ou \u00e9ventuellement supprim\u00e9e."},"7":{"question":"","answer":""},"8":{"question":"","answer":""},"9":{"question":"","answer":""},"10":{"question":"","answer":""},"11":{"question":"","answer":""},"12":{"question":"","answer":""},"13":{"question":"","answer":""},"14":{"question":"","answer":""},"15":{"question":"","answer":""},"16":{"question":"","answer":""}}},"_links":{"self":[{"href":"https:\/\/www.mes-allocs.fr\/guides\/wp-json\/wp\/v2\/posts\/81140","targetHints":{"allow":["GET"]}}],"collection":[{"href":"https:\/\/www.mes-allocs.fr\/guides\/wp-json\/wp\/v2\/posts"}],"about":[{"href":"https:\/\/www.mes-allocs.fr\/guides\/wp-json\/wp\/v2\/types\/post"}],"author":[{"embeddable":true,"href":"https:\/\/www.mes-allocs.fr\/guides\/wp-json\/wp\/v2\/users\/26"}],"replies":[{"embeddable":true,"href":"https:\/\/www.mes-allocs.fr\/guides\/wp-json\/wp\/v2\/comments?post=81140"}],"version-history":[{"count":5,"href":"https:\/\/www.mes-allocs.fr\/guides\/wp-json\/wp\/v2\/posts\/81140\/revisions"}],"predecessor-version":[{"id":94237,"href":"https:\/\/www.mes-allocs.fr\/guides\/wp-json\/wp\/v2\/posts\/81140\/revisions\/94237"}],"wp:featuredmedia":[{"embeddable":true,"href":"https:\/\/www.mes-allocs.fr\/guides\/wp-json\/wp\/v2\/media\/37420"}],"wp:attachment":[{"href":"https:\/\/www.mes-allocs.fr\/guides\/wp-json\/wp\/v2\/media?parent=81140"}],"wp:term":[{"taxonomy":"category","embeddable":true,"href":"https:\/\/www.mes-allocs.fr\/guides\/wp-json\/wp\/v2\/categories?post=81140"},{"taxonomy":"post_tag","embeddable":true,"href":"https:\/\/www.mes-allocs.fr\/guides\/wp-json\/wp\/v2\/tags?post=81140"}],"curies":[{"name":"wp","href":"https:\/\/api.w.org\/{rel}","templated":true}]}}