{"id":80957,"date":"2024-07-16T16:07:11","date_gmt":"2024-07-16T14:07:11","guid":{"rendered":"https:\/\/www.mes-allocs.fr\/guides\/?p=80957"},"modified":"2026-04-22T10:52:05","modified_gmt":"2026-04-22T09:52:05","slug":"combien-de-temps-dure-pension-invalidite","status":"publish","type":"post","link":"https:\/\/www.mes-allocs.fr\/guides\/pension-invalidite\/pension-invalidite-conditions\/combien-de-temps-dure-pension-invalidite\/","title":{"rendered":"Combien de temps dure une pension d\u2019invalidit\u00e9 ?"},"content":{"rendered":"<p><img loading=\"lazy\" decoding=\"async\" class=\"alignnone wp-image-44926 size-full\" title=\"combien de temps dure une pension d\u2019invalidit\u00e9\" src=\"https:\/\/www.mes-allocs.fr\/guides\/wp-content\/uploads\/2022\/02\/handicap-3-e1685702159848.jpeg\" alt=\"combien de temps dure une pension d\u2019invalidit\u00e9\" width=\"1125\" height=\"241\" srcset=\"https:\/\/www.mes-allocs.fr\/guides\/wp-content\/uploads\/2022\/02\/handicap-3-e1685702159848.jpeg 1125w, https:\/\/www.mes-allocs.fr\/guides\/wp-content\/uploads\/2022\/02\/handicap-3-e1685702159848-300x64.jpeg 300w, https:\/\/www.mes-allocs.fr\/guides\/wp-content\/uploads\/2022\/02\/handicap-3-e1685702159848-1024x219.jpeg 1024w, https:\/\/www.mes-allocs.fr\/guides\/wp-content\/uploads\/2022\/02\/handicap-3-e1685702159848-768x165.jpeg 768w, https:\/\/www.mes-allocs.fr\/guides\/wp-content\/uploads\/2022\/02\/handicap-3-e1685702159848-600x129.jpeg 600w\" sizes=\"auto, (max-width: 1125px) 100vw, 1125px\" \/><\/p>\n<p><strong>La <a href=\"https:\/\/www.mes-allocs.fr\/guides\/pension-invalidite\/\">pension d&rsquo;invalidit\u00e9<\/a> est une aide financi\u00e8re vers\u00e9e aux personnes dont la capacit\u00e9 de travail est r\u00e9duite en raison d&rsquo;un accident ou d&rsquo;une maladie non professionnelle. Elle vise \u00e0 compenser la perte de revenus li\u00e9e \u00e0 cette situation. Cet article r\u00e9pond aux questions courantes sur la dur\u00e9e et les conditions de la pension d&rsquo;invalidit\u00e9. Comprendre ces aspects est crucial pour les b\u00e9n\u00e9ficiaires potentiels afin de mieux g\u00e9rer leurs finances et planifier leur avenir. D\u00e9couvrez ci-dessous les informations essentielles et les d\u00e9marches \u00e0 suivre pour optimiser vos droits.<\/strong><\/p>\n<div class='cta-block'><div class='text'>Simulez toutes vos Aides en 2 min.<\/div><a href='https:\/\/www.mes-allocs.fr\/ab-app?origin=guides\/wp-json\/wp\/v2\/posts\/80957' class='app-button fit'>Simulation gratuite<\/a><\/div>\n<h1>Quelle est la dur\u00e9e maximale d\u2019attribution de la pension d\u2019invalidit\u00e9 ?<\/h1>\n<p>Si vous remplissez les <a href=\"https:\/\/www.mes-allocs.fr\/guides\/pension-invalidite\/pension-invalidite-conditions\/\">conditions d&rsquo;attribution de la pension d\u2019invalidit\u00e9<\/a>., vous vous demandez s\u00fbrement combien de temps cette aide peut vous \u00eatre vers\u00e9e. On vous explique.<\/p>\n<h2>Y a-t-il une limite d\u2019\u00e2ge pour percevoir la pension d\u2019invalidit\u00e9 ?<\/h2>\n<p>La pension d&rsquo;invalidit\u00e9 est vers\u00e9e jusqu&rsquo;\u00e0 ce que le b\u00e9n\u00e9ficiaire atteigne l&rsquo;\u00e2ge l\u00e9gal de la retraite. En France, l&rsquo;\u00e2ge l\u00e9gal de la retraite est g\u00e9n\u00e9ralement de 62 ans, mais il peut varier en fonction de la date de naissance et des conditions sp\u00e9cifiques de l&rsquo;assur\u00e9. \u00c0 partir de cet \u00e2ge, la pension d&rsquo;invalidit\u00e9 est automatiquement convertie en pension de retraite pour inaptitude au travail, sans n\u00e9cessit\u00e9 de d\u00e9marches suppl\u00e9mentaires de la part du b\u00e9n\u00e9ficiaire.<\/p>\n<p>Attention : il existe des cas de <a href=\"https:\/\/www.mes-allocs.fr\/guides\/pension-invalidite\/pension-invalidite-conditions\/maintien-pension-invalidite-apres-62-ans\/\">maintien de pension d&rsquo;invalidit\u00e9 apr\u00e8s 62 ans<\/a>.<\/p>\n<h2>La pension d\u2019invalidit\u00e9 peut-elle \u00eatre r\u00e9vis\u00e9e ou suspendue avec le temps ?<\/h2>\n<p>Oui, la pension d&rsquo;invalidit\u00e9 peut \u00eatre r\u00e9vis\u00e9e ou suspendue. Elle fait l&rsquo;objet d&rsquo;une \u00e9valuation r\u00e9guli\u00e8re par le m\u00e9decin-conseil de la S\u00e9curit\u00e9 sociale. Si l&rsquo;\u00e9tat de sant\u00e9 du b\u00e9n\u00e9ficiaire \u00e9volue, une r\u00e9vision de la pension peut \u00eatre d\u00e9cid\u00e9e, entra\u00eenant une augmentation, une diminution, ou une suspension de la prestation. Cette r\u00e9\u00e9valuation peut survenir \u00e0 l&rsquo;initiative de la S\u00e9curit\u00e9 sociale ou \u00e0 la demande du b\u00e9n\u00e9ficiaire.<\/p>\n<h1>Quelles sont les conditions de r\u00e9vision ou de suspension de la pension d\u2019invalidit\u00e9 ?<\/h1>\n<h2>Quels \u00e9v\u00e9nements peuvent entra\u00eener la r\u00e9vision de la pension d\u2019invalidit\u00e9 ?<\/h2>\n<p>Plusieurs \u00e9v\u00e9nements peuvent entra\u00eener la r\u00e9vision de la pension d&rsquo;invalidit\u00e9 :<\/p>\n<ul>\n<li><strong>Am\u00e9lioration de l\u2019\u00e9tat de sant\u00e9<\/strong> : si le b\u00e9n\u00e9ficiaire retrouve une capacit\u00e9 de travail suffisante, la pension peut \u00eatre r\u00e9duite ou supprim\u00e9e.<\/li>\n<li><strong>D\u00e9t\u00e9rioration de l\u2019\u00e9tat de sant\u00e9<\/strong> : une aggravation de l&rsquo;invalidit\u00e9 peut justifier une augmentation de la pension.<\/li>\n<li><strong>Changement de situation professionnelle<\/strong> : une reprise d&rsquo;activit\u00e9 professionnelle peut modifier le montant de la pension ou entra\u00eener sa suspension si les revenus d\u00e9passent un certain seuil.<\/li>\n<li><strong>Contr\u00f4le m\u00e9dical p\u00e9riodique<\/strong> : les examens m\u00e9dicaux r\u00e9guliers peuvent conduire \u00e0 une r\u00e9\u00e9valuation de la pension.<\/li>\n<\/ul>\n<h2>Comment se d\u00e9roule le processus de r\u00e9vision ou de suspension de la pension ?<\/h2>\n<p>Le processus de r\u00e9vision ou de suspension de la pension d&rsquo;invalidit\u00e9 commence par une convocation du b\u00e9n\u00e9ficiaire \u00e0 un examen m\u00e9dical par le m\u00e9decin-conseil de la S\u00e9curit\u00e9 sociale. Ce m\u00e9decin \u00e9value l\u2019\u00e9tat de sant\u00e9 du b\u00e9n\u00e9ficiaire et d\u00e9termine si la pension doit \u00eatre maintenue, modifi\u00e9e ou supprim\u00e9e. Si une d\u00e9cision de r\u00e9vision ou de suspension est prise, le b\u00e9n\u00e9ficiaire en est inform\u00e9 par courrier. En cas de d\u00e9saccord avec la d\u00e9cision, le b\u00e9n\u00e9ficiaire peut faire appel aupr\u00e8s de la Commission de Recours Amiable de la S\u00e9curit\u00e9 sociale.<\/p>\n<p>D\u00e9couvrez tous les <a href=\"https:\/\/www.mes-allocs.fr\/guides\/pension-invalidite\/pension-invalidite-conditions\/cas-suppression-pension-invalidite\/\">cas de suppression de la pension d&rsquo;invalidit\u00e9<\/a> !<\/p>\n<h1>Est-il possible de b\u00e9n\u00e9ficier de la pension d\u2019invalidit\u00e9 \u00e0 vie ?<\/h1>\n<h2>Quelles sont les situations o\u00f9 la pension d\u2019invalidit\u00e9 peut \u00eatre vers\u00e9e \u00e0 vie ?<\/h2>\n<p>Bien que la pension d&rsquo;invalidit\u00e9 soit g\u00e9n\u00e9ralement vers\u00e9e jusqu&rsquo;\u00e0 l&rsquo;\u00e2ge de la retraite, certaines situations peuvent permettre une perception \u00e0 vie, notamment :<\/p>\n<ul>\n<li><strong>Invalidit\u00e9 d\u00e9finitive et totale<\/strong> : si le b\u00e9n\u00e9ficiaire est reconnu en invalidit\u00e9 permanente et totale, il peut recevoir la pension d&rsquo;invalidit\u00e9 sans limite de dur\u00e9e, jusqu&rsquo;\u00e0 sa conversion en pension de retraite.<\/li>\n<li><strong>Absence de possibilit\u00e9 d&rsquo;am\u00e9lioration de l&rsquo;\u00e9tat de sant\u00e9<\/strong> : dans des cas o\u00f9 aucune am\u00e9lioration de l\u2019\u00e9tat de sant\u00e9 n&rsquo;est envisageable, la pension peut \u00eatre maintenue \u00e0 vie.<\/li>\n<\/ul>\n<h2>Quels sont les crit\u00e8res pour b\u00e9n\u00e9ficier de la pension d\u2019invalidit\u00e9 \u00e0 long terme ?<\/h2>\n<p>Pour b\u00e9n\u00e9ficier de la pension d&rsquo;invalidit\u00e9 \u00e0 long terme, plusieurs crit\u00e8res doivent \u00eatre remplis :<\/p>\n<ul>\n<li><strong>\u00c9valuation m\u00e9dicale<\/strong> : l&rsquo;invalidit\u00e9 doit \u00eatre \u00e9valu\u00e9e et confirm\u00e9e comme permanente par le m\u00e9decin-conseil.<\/li>\n<li><strong>Incapacit\u00e9 de travail<\/strong> : le b\u00e9n\u00e9ficiaire doit d\u00e9montrer une incapacit\u00e9 de travail sup\u00e9rieure \u00e0 deux tiers, confirm\u00e9e par des contr\u00f4les m\u00e9dicaux r\u00e9guliers.<\/li>\n<li><strong>Situation stable<\/strong> : l\u2019\u00e9tat de sant\u00e9 du b\u00e9n\u00e9ficiaire doit \u00eatre consid\u00e9r\u00e9 comme stable, sans perspectives d&rsquo;am\u00e9lioration notable.<\/li>\n<\/ul>\n<p><iframe loading=\"lazy\" title=\"La pension d&#039;invalidit\u00e9\" width=\"500\" height=\"281\" src=\"https:\/\/www.youtube.com\/embed\/_UJaa1UDtZs?feature=oembed\" frameborder=\"0\" allow=\"accelerometer; autoplay; clipboard-write; encrypted-media; gyroscope; picture-in-picture; web-share\" referrerpolicy=\"strict-origin-when-cross-origin\" allowfullscreen><\/iframe><\/p>\n<h1>Peut-on cumuler la pension d\u2019invalidit\u00e9 avec d\u2019autres revenus ou prestations sociales ?<\/h1>\n<h2>Quelles sont les r\u00e8gles concernant le cumul de la pension d\u2019invalidit\u00e9 avec d\u2019autres revenus ?<\/h2>\n<p>La pension d&rsquo;invalidit\u00e9 peut \u00eatre cumul\u00e9e avec d&rsquo;autres revenus, mais des r\u00e8gles sp\u00e9cifiques s&rsquo;appliquent :<\/p>\n<ul>\n<li><strong>Cumul avec une activit\u00e9 professionnelle<\/strong> : le b\u00e9n\u00e9ficiaire peut exercer une activit\u00e9 professionnelle tout en percevant la pension d&rsquo;invalidit\u00e9. Cependant, si les revenus d\u00e9passent un certain seuil, la pension peut \u00eatre r\u00e9duite.<\/li>\n<li><strong>Cumul avec d\u2019autres prestations<\/strong> : la pension d&rsquo;invalidit\u00e9 peut \u00eatre cumul\u00e9e avec des prestations telles que l&rsquo;Allocation aux Adultes Handicap\u00e9s (AAH), sous conditions de ressources.<\/li>\n<\/ul>\n<h2>Comment le montant de la pension d\u2019invalidit\u00e9 est-il ajust\u00e9 en fonction des autres revenus ?<\/h2>\n<p>Le montant de la pension d&rsquo;invalidit\u00e9 peut \u00eatre ajust\u00e9 en fonction des revenus professionnels du b\u00e9n\u00e9ficiaire. Si les revenus annuels d\u00e9passent un certain plafond, fix\u00e9 par la S\u00e9curit\u00e9 sociale, la pension d&rsquo;invalidit\u00e9 peut \u00eatre r\u00e9duite ou suspendue. Ce plafond est r\u00e9\u00e9valu\u00e9 chaque ann\u00e9e et d\u00e9pend de la cat\u00e9gorie d&rsquo;invalidit\u00e9 (1\u00e8re, 2\u00e8me ou 3\u00e8me cat\u00e9gorie). Le b\u00e9n\u00e9ficiaire doit d\u00e9clarer ses revenus \u00e0 la S\u00e9curit\u00e9 sociale pour permettre cette \u00e9valuation.<\/p>\n<div class='cta-block'><div class='text'>Simulez toutes vos Aides en 2 min.<\/div><a href='https:\/\/www.mes-allocs.fr\/ab-app?origin=guides\/wp-json\/wp\/v2\/posts\/80957' class='app-button fit'>Simulation gratuite<\/a><\/div>\n<h1>Comment est d\u00e9termin\u00e9e la fin de la pension d\u2019invalidit\u00e9 ?<\/h1>\n<h2>Quelles sont les circonstances qui entra\u00eenent la fin d\u00e9finitive de la pension d\u2019invalidit\u00e9 ?<\/h2>\n<p>Plusieurs circonstances peuvent entra\u00eener la fin d\u00e9finitive de la pension d&rsquo;invalidit\u00e9 :<\/p>\n<ul>\n<li><strong>Atteinte de l\u2019\u00e2ge l\u00e9gal de la retraite<\/strong> : la pension d&rsquo;invalidit\u00e9 est automatiquement convertie en pension de retraite pour inaptitude au travail \u00e0 l&rsquo;\u00e2ge de la retraite.<\/li>\n<li><strong>Am\u00e9lioration de l\u2019\u00e9tat de sant\u00e9<\/strong> : si le b\u00e9n\u00e9ficiaire retrouve une capacit\u00e9 de travail suffisante, la pension peut \u00eatre supprim\u00e9e.<\/li>\n<li><strong>Non-respect des obligations de contr\u00f4le m\u00e9dical<\/strong> : si le b\u00e9n\u00e9ficiaire ne se soumet pas aux contr\u00f4les m\u00e9dicaux obligatoires, la pension peut \u00eatre suspendue ou supprim\u00e9e.<\/li>\n<\/ul>\n<p>Bon \u00e0 savoir : le versement de la <a href=\"https:\/\/www.mes-allocs.fr\/guides\/pension-invalidite\/pension-invalidite-conditions\/pension-invalidite-apres-deces\/\">pension d&rsquo;invalidit\u00e9 apr\u00e8s le d\u00e9c\u00e8s<\/a> peut se poursuivre.<\/p>\n<h2>Quels sont les recours disponibles si la pension d\u2019invalidit\u00e9 prend fin de mani\u00e8re pr\u00e9matur\u00e9e ?<\/h2>\n<p>Si la pension d&rsquo;invalidit\u00e9 est suspendue ou supprim\u00e9e de mani\u00e8re pr\u00e9matur\u00e9e, le b\u00e9n\u00e9ficiaire dispose de plusieurs recours :<\/p>\n<ul>\n<li><strong>Recours aupr\u00e8s de la Commission de Recours Amiable (CRA)<\/strong> : le b\u00e9n\u00e9ficiaire peut contester la d\u00e9cision en d\u00e9posant un recours aupr\u00e8s de la CRA de la S\u00e9curit\u00e9 sociale.<\/li>\n<li><strong>Saisine du Tribunal de la S\u00e9curit\u00e9 Sociale<\/strong> : si le recours aupr\u00e8s de la CRA n&rsquo;aboutit pas, le b\u00e9n\u00e9ficiaire peut saisir le Tribunal de la S\u00e9curit\u00e9 Sociale pour faire valoir ses droits.<\/li>\n<li><strong>Accompagnement par un avocat ou une association<\/strong> : il est recommand\u00e9 de se faire accompagner par un avocat sp\u00e9cialis\u00e9 ou une association de d\u00e9fense des droits des invalides pour maximiser les chances de succ\u00e8s des recours.<\/li>\n<\/ul>\n<h1>Conclusion<\/h1>\n<p>La pension d&rsquo;invalidit\u00e9 offre une aide pr\u00e9cieuse aux personnes dont la capacit\u00e9 de travail est r\u00e9duite en raison d\u2019un accident ou d\u2019une maladie. Comprendre la dur\u00e9e de cette prestation, les conditions de r\u00e9vision et de suspension, et les possibilit\u00e9s de cumul avec d&rsquo;autres revenus est essentiel pour en b\u00e9n\u00e9ficier pleinement. En cas de doute ou de besoin d\u2019assistance, il est recommand\u00e9 de consulter directement la S\u00e9curit\u00e9 sociale ou des professionnels sp\u00e9cialis\u00e9s.<\/p>\n<div class='cta-block'><div class='text'>Simulez toutes vos Aides en 2 min.<\/div><a href='https:\/\/www.mes-allocs.fr\/ab-app?origin=guides\/wp-json\/wp\/v2\/posts\/80957' class='app-button fit'>Simulation gratuite<\/a><\/div>\n","protected":false},"excerpt":{"rendered":"<p>La pension d&rsquo;invalidit\u00e9 est une aide financi\u00e8re vers\u00e9e aux personnes dont la capacit\u00e9 de travail est r\u00e9duite en raison d&rsquo;un accident ou d&rsquo;une maladie non professionnelle. Elle vise \u00e0 compenser la perte de revenus li\u00e9e \u00e0 cette situation. Cet article r\u00e9pond aux questions courantes sur la dur\u00e9e et les conditions de la pension d&rsquo;invalidit\u00e9. Comprendre [&hellip;]<\/p>\n","protected":false},"author":26,"featured_media":72588,"comment_status":"open","ping_status":"open","sticky":false,"template":"","format":"standard","meta":{"amp_status":"","footnotes":""},"categories":[35633,35928],"tags":[],"class_list":["post-80957","post","type-post","status-publish","format-standard","has-post-thumbnail","hentry","category-pension-invalidite","category-pension-invalidite-conditions"],"yoast_head":"<!-- This site is optimized with the Yoast SEO plugin v14.9 - https:\/\/yoast.com\/wordpress\/plugins\/seo\/ -->\n<title>Combien de temps dure le versement d&#039;une pension d\u2019invalidit\u00e9 ?<\/title>\n<meta name=\"description\" content=\"La pension d&#039;invalidit\u00e9 vise \u00e0 compenser la perte de revenus. Cet article r\u00e9pond aux questions courantes sur la dur\u00e9e de versement de l&#039;aide.\" \/>\n<meta name=\"robots\" content=\"index, follow, max-snippet:-1, max-image-preview:large, max-video-preview:-1\" \/>\n<link rel=\"canonical\" href=\"https:\/\/www.mes-allocs.fr\/guides\/pension-invalidite\/pension-invalidite-conditions\/combien-de-temps-dure-pension-invalidite\/\" \/>\n<meta property=\"og:locale\" content=\"fr_FR\" \/>\n<meta property=\"og:type\" content=\"article\" \/>\n<meta property=\"og:title\" content=\"Combien de temps dure le versement d&#039;une pension d\u2019invalidit\u00e9 ?\" \/>\n<meta property=\"og:description\" content=\"La pension d&#039;invalidit\u00e9 vise \u00e0 compenser la perte de revenus. Cet article r\u00e9pond aux questions courantes sur la dur\u00e9e de versement de l&#039;aide.\" \/>\n<meta property=\"og:url\" content=\"https:\/\/www.mes-allocs.fr\/guides\/pension-invalidite\/pension-invalidite-conditions\/combien-de-temps-dure-pension-invalidite\/\" \/>\n<meta property=\"og:site_name\" content=\"Mes-Allocs.fr\" \/>\n<meta property=\"article:published_time\" content=\"2024-07-16T14:07:11+00:00\" \/>\n<meta property=\"article:modified_time\" content=\"2026-04-22T09:52:05+00:00\" \/>\n<meta property=\"og:image\" content=\"https:\/\/www.mes-allocs.fr\/guides\/wp-content\/uploads\/2024\/01\/wheelchair-1595794_1280.jpg?wsr\" \/>\n\t<meta property=\"og:image:width\" content=\"1280\" \/>\n\t<meta property=\"og:image:height\" content=\"853\" \/>\n<meta name=\"twitter:card\" content=\"summary_large_image\" \/>\n<script type=\"application\/ld+json\" class=\"yoast-schema-graph\">{\"@context\":\"https:\/\/schema.org\",\"@graph\":[{\"@type\":\"WebSite\",\"@id\":\"https:\/\/www.mes-allocs.fr\/guides\/#website\",\"url\":\"https:\/\/www.mes-allocs.fr\/guides\/\",\"name\":\"Mes-Allocs.fr\",\"description\":\"\",\"potentialAction\":[{\"@type\":\"SearchAction\",\"target\":\"https:\/\/www.mes-allocs.fr\/guides\/?s={search_term_string}\",\"query-input\":\"required name=search_term_string\"}],\"inLanguage\":\"fr-FR\"},{\"@type\":\"ImageObject\",\"@id\":\"https:\/\/www.mes-allocs.fr\/guides\/pension-invalidite\/pension-invalidite-conditions\/combien-de-temps-dure-pension-invalidite\/#primaryimage\",\"inLanguage\":\"fr-FR\",\"url\":\"https:\/\/www.mes-allocs.fr\/guides\/wp-content\/uploads\/2024\/01\/wheelchair-1595794_1280.jpg?wsr\",\"width\":1280,\"height\":853,\"caption\":\"diff\\u00e9rence entre pension d'invalidit\\u00e9 et rente accident du travail\"},{\"@type\":\"WebPage\",\"@id\":\"https:\/\/www.mes-allocs.fr\/guides\/pension-invalidite\/pension-invalidite-conditions\/combien-de-temps-dure-pension-invalidite\/#webpage\",\"url\":\"https:\/\/www.mes-allocs.fr\/guides\/pension-invalidite\/pension-invalidite-conditions\/combien-de-temps-dure-pension-invalidite\/\",\"name\":\"Combien de temps dure le versement d'une pension d\\u2019invalidit\\u00e9 ?\",\"isPartOf\":{\"@id\":\"https:\/\/www.mes-allocs.fr\/guides\/#website\"},\"primaryImageOfPage\":{\"@id\":\"https:\/\/www.mes-allocs.fr\/guides\/pension-invalidite\/pension-invalidite-conditions\/combien-de-temps-dure-pension-invalidite\/#primaryimage\"},\"datePublished\":\"2024-07-16T14:07:11+00:00\",\"dateModified\":\"2026-04-22T09:52:05+00:00\",\"author\":{\"@id\":\"https:\/\/www.mes-allocs.fr\/guides\/#\/schema\/person\/9c38f3be41a0ddcd1e3fde5a3df713bf\"},\"description\":\"La pension d'invalidit\\u00e9 vise \\u00e0 compenser la perte de revenus. Cet article r\\u00e9pond aux questions courantes sur la dur\\u00e9e de versement de l'aide.\",\"inLanguage\":\"fr-FR\"},{\"@type\":\"Person\",\"@id\":\"https:\/\/www.mes-allocs.fr\/guides\/#\/schema\/person\/9c38f3be41a0ddcd1e3fde5a3df713bf\",\"name\":\"Sessime Ananou\",\"image\":{\"@type\":\"ImageObject\",\"@id\":\"https:\/\/www.mes-allocs.fr\/guides\/#personlogo\",\"inLanguage\":\"fr-FR\",\"url\":\"https:\/\/www.mes-allocs.fr\/guides\/wp-content\/uploads\/2023\/08\/IMG_8173-150x150.jpg\",\"caption\":\"Sessime Ananou\"},\"description\":\"Sessime est r\\u00e9dactrice chez Mes Allocs, sp\\u00e9cialis\\u00e9e sur le pouvoir d'achat. Elle rejoint l'\\u00e9quipe Mes Allocs en ao\\u00fbt 2023 afin de simplifier l'acc\\u00e8s \\u00e0 l'information sur les aides en g\\u00e9n\\u00e9ral.\"}]}<\/script>\n<!-- \/ Yoast SEO plugin. -->","amp_validity":null,"acf":{"faq":{"1":{"question":"ombien de temps dure une pension d'invalidit\u00e9 ?","answer":"La pension d'invalidit\u00e9 est vers\u00e9e tant que l\u2019\u00e9tat de sant\u00e9 de la personne b\u00e9n\u00e9ficiaire justifie son incapacit\u00e9 \u00e0 travailler. Elle peut \u00eatre r\u00e9\u00e9valu\u00e9e p\u00e9riodiquement par le m\u00e9decin-conseil de la S\u00e9curit\u00e9 sociale. La pension continue g\u00e9n\u00e9ralement jusqu'\u00e0 ce que le b\u00e9n\u00e9ficiaire atteigne l'\u00e2ge l\u00e9gal de la retraite, moment o\u00f9 elle est automatiquement convertie en pension de retraite."},"2":{"question":"La pension d'invalidit\u00e9 est-elle renouvelable ?","answer":"Oui, la pension d'invalidit\u00e9 peut \u00eatre renouvel\u00e9e. Elle est attribu\u00e9e de mani\u00e8re continue, mais elle fait l'objet de r\u00e9visions r\u00e9guli\u00e8res. Le m\u00e9decin-conseil de la S\u00e9curit\u00e9 sociale peut demander des examens m\u00e9dicaux p\u00e9riodiques pour \u00e9valuer l'\u00e9tat de sant\u00e9 du b\u00e9n\u00e9ficiaire et d\u00e9cider du maintien ou de la modification de la pension."},"3":{"question":"\u00c0 quel \u00e2ge cesse-t-on de percevoir une pension d'invalidit\u00e9 ?","answer":"La pension d'invalidit\u00e9 cesse g\u00e9n\u00e9ralement d'\u00eatre vers\u00e9e \u00e0 l'\u00e2ge l\u00e9gal de la retraite. \u00c0 partir de cet \u00e2ge, elle est automatiquement remplac\u00e9e par une pension de retraite pour inaptitude au travail. Cette transition est automatique et ne n\u00e9cessite pas de d\u00e9marche particuli\u00e8re de la part du b\u00e9n\u00e9ficiaire."},"4":{"question":"Que se passe-t-il si mon \u00e9tat de sant\u00e9 s'am\u00e9liore ?","answer":"Si l'\u00e9tat de sant\u00e9 du b\u00e9n\u00e9ficiaire s'am\u00e9liore de mani\u00e8re significative et permet un retour au travail, la pension d'invalidit\u00e9 peut \u00eatre r\u00e9duite ou supprim\u00e9e. Une r\u00e9\u00e9valuation m\u00e9dicale par le m\u00e9decin-conseil de la S\u00e9curit\u00e9 sociale d\u00e9terminera si le b\u00e9n\u00e9ficiaire est toujours \u00e9ligible \u00e0 la pension ou si celle-ci doit \u00eatre ajust\u00e9e."},"5":{"question":"La pension d'invalidit\u00e9 est-elle cumulable avec d'autres aides ou revenus ?","answer":"Oui, la pension d'invalidit\u00e9 peut \u00eatre cumul\u00e9e avec d'autres revenus, mais sous certaines conditions. Le cumul avec des revenus professionnels est possible, mais il peut entra\u00eener une r\u00e9duction du montant de la pension si les revenus d\u00e9passent un certain seuil. Elle peut \u00e9galement \u00eatre cumul\u00e9e avec d'autres aides, comme l'Allocation aux Adultes Handicap\u00e9s (AAH), sous conditions de ressources."},"6":{"question":" Quelles sont les d\u00e9marches pour prolonger une pension d'invalidit\u00e9 ?","answer":"Pour prolonger une pension d'invalidit\u00e9, le b\u00e9n\u00e9ficiaire doit se soumettre aux examens m\u00e9dicaux p\u00e9riodiques requis par la S\u00e9curit\u00e9 sociale. Il est important de r\u00e9pondre aux convocations du m\u00e9decin-conseil et de fournir les documents m\u00e9dicaux n\u00e9cessaires. En cas de modification de l'\u00e9tat de sant\u00e9, il est conseill\u00e9 d'informer imm\u00e9diatement la S\u00e9curit\u00e9 sociale pour une r\u00e9\u00e9valuation de la situation."},"7":{"question":"","answer":""},"8":{"question":"","answer":""},"9":{"question":"","answer":""},"10":{"question":"","answer":""},"11":{"question":"","answer":""},"12":{"question":"","answer":""},"13":{"question":"","answer":""},"14":{"question":"","answer":""},"15":{"question":"","answer":""},"16":{"question":"","answer":""}}},"_links":{"self":[{"href":"https:\/\/www.mes-allocs.fr\/guides\/wp-json\/wp\/v2\/posts\/80957","targetHints":{"allow":["GET"]}}],"collection":[{"href":"https:\/\/www.mes-allocs.fr\/guides\/wp-json\/wp\/v2\/posts"}],"about":[{"href":"https:\/\/www.mes-allocs.fr\/guides\/wp-json\/wp\/v2\/types\/post"}],"author":[{"embeddable":true,"href":"https:\/\/www.mes-allocs.fr\/guides\/wp-json\/wp\/v2\/users\/26"}],"replies":[{"embeddable":true,"href":"https:\/\/www.mes-allocs.fr\/guides\/wp-json\/wp\/v2\/comments?post=80957"}],"version-history":[{"count":6,"href":"https:\/\/www.mes-allocs.fr\/guides\/wp-json\/wp\/v2\/posts\/80957\/revisions"}],"predecessor-version":[{"id":94201,"href":"https:\/\/www.mes-allocs.fr\/guides\/wp-json\/wp\/v2\/posts\/80957\/revisions\/94201"}],"wp:featuredmedia":[{"embeddable":true,"href":"https:\/\/www.mes-allocs.fr\/guides\/wp-json\/wp\/v2\/media\/72588"}],"wp:attachment":[{"href":"https:\/\/www.mes-allocs.fr\/guides\/wp-json\/wp\/v2\/media?parent=80957"}],"wp:term":[{"taxonomy":"category","embeddable":true,"href":"https:\/\/www.mes-allocs.fr\/guides\/wp-json\/wp\/v2\/categories?post=80957"},{"taxonomy":"post_tag","embeddable":true,"href":"https:\/\/www.mes-allocs.fr\/guides\/wp-json\/wp\/v2\/tags?post=80957"}],"curies":[{"name":"wp","href":"https:\/\/api.w.org\/{rel}","templated":true}]}}