{"id":80908,"date":"2024-07-15T16:29:04","date_gmt":"2024-07-15T14:29:04","guid":{"rendered":"https:\/\/www.mes-allocs.fr\/guides\/?p=80908"},"modified":"2026-04-22T10:52:05","modified_gmt":"2026-04-22T09:52:05","slug":"pension-invalidite-salaire-a-ne-pas-depasser","status":"publish","type":"post","link":"https:\/\/www.mes-allocs.fr\/guides\/pension-invalidite\/pension-invalidite-conditions\/pension-invalidite-salaire-a-ne-pas-depasser\/","title":{"rendered":"Quel salaire ne pas d\u00e9passer pour la pension d\u2019invalidit\u00e9 ?"},"content":{"rendered":"<p><img loading=\"lazy\" decoding=\"async\" class=\"alignnone wp-image-38485 size-full\" title=\"pension d\u2019invalidit\u00e9 salaire \u00e0 ne pas d\u00e9passer\" src=\"https:\/\/www.mes-allocs.fr\/guides\/wp-content\/uploads\/2021\/10\/Salaire-auxiliaire-de-puericulture--e1633524604533.jpg\" alt=\"pension d\u2019invalidit\u00e9 salaire \u00e0 ne pas d\u00e9passer\" width=\"1280\" height=\"412\" srcset=\"https:\/\/www.mes-allocs.fr\/guides\/wp-content\/uploads\/2021\/10\/Salaire-auxiliaire-de-puericulture--e1633524604533.jpg 1280w, https:\/\/www.mes-allocs.fr\/guides\/wp-content\/uploads\/2021\/10\/Salaire-auxiliaire-de-puericulture--e1633524604533-300x97.jpg 300w, https:\/\/www.mes-allocs.fr\/guides\/wp-content\/uploads\/2021\/10\/Salaire-auxiliaire-de-puericulture--e1633524604533-1024x330.jpg 1024w, https:\/\/www.mes-allocs.fr\/guides\/wp-content\/uploads\/2021\/10\/Salaire-auxiliaire-de-puericulture--e1633524604533-768x247.jpg 768w, https:\/\/www.mes-allocs.fr\/guides\/wp-content\/uploads\/2021\/10\/Salaire-auxiliaire-de-puericulture--e1633524604533-600x193.jpg 600w\" sizes=\"auto, (max-width: 1280px) 100vw, 1280px\" \/><\/p>\n<p><strong>La <a href=\"https:\/\/www.mes-allocs.fr\/guides\/pension-invalidite\/\">pension d\u2019invalidit\u00e9<\/a> est une aide financi\u00e8re essentielle pour les personnes dont la capacit\u00e9 de travail est r\u00e9duite \u00e0 cause d\u2019une maladie ou d\u2019un accident. Elle permet de compenser partiellement la perte de revenu due \u00e0 l\u2019incapacit\u00e9 de travailler pleinement. Cependant, le droit \u00e0 cette pension est soumis \u00e0 certaines conditions, notamment en ce qui concerne les revenus. Cet article r\u00e9pond \u00e0 des questions fr\u00e9quemment pos\u00e9es sur les plafonds de salaire \u00e0 ne pas d\u00e9passer pour conserver le droit \u00e0 la pension d\u2019invalidit\u00e9.<\/strong><\/p>\n<div class='cta-block'><div class='text'>Simulez toutes vos Aides en 2 min.<\/div><a href='https:\/\/www.mes-allocs.fr\/ab-app?origin=guides\/wp-json\/wp\/v2\/posts\/80908' class='app-button fit'>Simulation gratuite<\/a><\/div>\n<h1>Quel salaire ne pas d\u00e9passer pour la pension d\u2019invalidit\u00e9 ?<\/h1>\n<h2>Qu\u2019est-ce que la pension d\u2019invalidit\u00e9 et comment est-elle d\u00e9termin\u00e9e ?<\/h2>\n<p>La pension d&rsquo;invalidit\u00e9 est une aide financi\u00e8re accord\u00e9e par la S\u00e9curit\u00e9 sociale aux personnes dont la capacit\u00e9 de travail est r\u00e9duite d&rsquo;au moins deux tiers en raison d&rsquo;une maladie ou d&rsquo;un accident non professionnel. En remplissant les <a href=\"https:\/\/www.mes-allocs.fr\/guides\/pension-invalidite\/pension-invalidite-conditions\/\">conditions de la pension d&rsquo;invalidit\u00e9<\/a>, vous \u00eates assur\u00e9 de b\u00e9n\u00e9ficier d&rsquo;une aide qui compense partiellement la perte de revenus due \u00e0 cette incapacit\u00e9. La pension d&rsquo;invalidit\u00e9 est class\u00e9e en trois cat\u00e9gories, selon le degr\u00e9 de l&rsquo;invalidit\u00e9 et la capacit\u00e9 de travail restante :<\/p>\n<ol>\n<li><strong>Cat\u00e9gorie 1<\/strong> : invalides capables d&rsquo;exercer une activit\u00e9 r\u00e9mun\u00e9r\u00e9e.<\/li>\n<li><strong>Cat\u00e9gorie 2<\/strong> : invalides totalement incapables d&rsquo;exercer une activit\u00e9 professionnelle.<\/li>\n<li><strong>Cat\u00e9gorie 3<\/strong> : invalides absolument incapables d&rsquo;exercer une activit\u00e9 professionnelle et ayant besoin de l&rsquo;assistance d&rsquo;une tierce personne pour accomplir les actes ordinaires de la vie.<\/li>\n<\/ol>\n<p>La d\u00e9termination de la pension d&rsquo;invalidit\u00e9 se base sur le salaire annuel moyen des dix meilleures ann\u00e9es de carri\u00e8re et est soumise \u00e0 des plafonds annuels r\u00e9\u00e9valu\u00e9s p\u00e9riodiquement.<\/p>\n<h2>Quel r\u00f4le joue le revenu dans l\u2019attribution de la pension d\u2019invalidit\u00e9 ?<\/h2>\n<p>Le revenu joue un r\u00f4le crucial dans l&rsquo;attribution et le maintien de la pension d&rsquo;invalidit\u00e9. La S\u00e9curit\u00e9 sociale impose des plafonds de revenus pour s&rsquo;assurer que l&rsquo;aide est bien distribu\u00e9e \u00e0 ceux qui en ont le plus besoin. Ces plafonds incluent tous les revenus professionnels, y compris les salaires, les revenus des activit\u00e9s ind\u00e9pendantes et toute autre forme de r\u00e9mun\u00e9ration.<\/p>\n<p>Pour 2025, le plafond des revenus \u00e0 ne pas d\u00e9passer pour les b\u00e9n\u00e9ficiaires de la pension d&rsquo;invalidit\u00e9 est fix\u00e9 en fonction de la cat\u00e9gorie de la pension. Par exemple, pour un invalide de cat\u00e9gorie 1, le plafond est de 1,4 fois le montant du salaire annuel moyen per\u00e7u au cours des dix meilleures ann\u00e9es de carri\u00e8re. Pour les cat\u00e9gories 2 et 3, ce montant peut varier, et il est essentiel de v\u00e9rifier les mises \u00e0 jour annuelles des plafonds aupr\u00e8s de la S\u00e9curit\u00e9 sociale.<\/p>\n<h2>Quels sont les plafonds de revenu \u00e0 respecter pour b\u00e9n\u00e9ficier de la pension d\u2019invalidit\u00e9 ?<\/h2>\n<p>Les plafonds de revenus \u00e0 respecter pour b\u00e9n\u00e9ficier de la pension d&rsquo;invalidit\u00e9 sont essentiels pour maintenir cette aide. En 2025, les montants sont les suivants :<\/p>\n<ul>\n<li><strong>Cat\u00e9gorie 1<\/strong> : le plafond est de 1,4 fois le montant du salaire annuel moyen des dix meilleures ann\u00e9es de carri\u00e8re.<\/li>\n<li><strong>Cat\u00e9gorie 2<\/strong> : le plafond est l\u00e9g\u00e8rement plus \u00e9lev\u00e9, tenant compte de l&rsquo;incapacit\u00e9 totale d&rsquo;exercer une activit\u00e9 professionnelle.<\/li>\n<li><strong>Cat\u00e9gorie 3<\/strong> :le plafond inclut des consid\u00e9rations suppl\u00e9mentaires pour l&rsquo;aide n\u00e9cessaire d&rsquo;une tierce personne.<\/li>\n<\/ul>\n<p><strong>\u00c0 noter<\/strong> : ces montants peuvent \u00eatre r\u00e9vis\u00e9s chaque ann\u00e9e, et il est recommand\u00e9 de consulter r\u00e9guli\u00e8rement les informations fournies par la S\u00e9curit\u00e9 sociale pour s&rsquo;assurer de respecter ces plafonds.<\/p>\n<div class='cta-block'><div class='text'>Simulez toutes vos Aides en 2 min.<\/div><a href='https:\/\/www.mes-allocs.fr\/ab-app?origin=guides\/wp-json\/wp\/v2\/posts\/80908' class='app-button fit'>Simulation gratuite<\/a><\/div>\n<h1>Quelles sont les cons\u00e9quences si vous d\u00e9passez le plafond de revenu ?<\/h1>\n<h2>Que se passe-t-il si le b\u00e9n\u00e9ficiaire d\u00e9passe le plafond de revenu ?<\/h2>\n<p>Si le b\u00e9n\u00e9ficiaire de la pension d&rsquo;invalidit\u00e9 d\u00e9passe le plafond de revenu fix\u00e9, plusieurs cons\u00e9quences peuvent survenir. La S\u00e9curit\u00e9 sociale proc\u00e8de \u00e0 un r\u00e9examen des droits \u00e0 la pension et peut d\u00e9cider de r\u00e9duire proportionnellement le montant de la pension. En cas de d\u00e9passement significatif et r\u00e9current, la pension peut m\u00eame \u00eatre suspendue temporairement.<\/p>\n<p>Le b\u00e9n\u00e9ficiaire doit d\u00e9clarer tous ses revenus annuellement \u00e0 la S\u00e9curit\u00e9 sociale. En cas de non-d\u00e9claration ou de d\u00e9claration erron\u00e9e, des sanctions peuvent \u00eatre appliqu\u00e9es, y compris des demandes de remboursement des montants ind\u00fbment per\u00e7us.<\/p>\n<h2>Comment ajuster les revenus pour rester \u00e9ligible \u00e0 la pension d\u2019invalidit\u00e9 ?<\/h2>\n<p>Pour rester \u00e9ligible \u00e0 la pension d&rsquo;invalidit\u00e9 tout en exer\u00e7ant une activit\u00e9 r\u00e9mun\u00e9r\u00e9e, il est crucial de surveiller ses revenus et de s&rsquo;assurer qu&rsquo;ils ne d\u00e9passent pas les plafonds fix\u00e9s. Voici quelques strat\u00e9gies pour ajuster les revenus :<\/p>\n<ul>\n<li><strong>R\u00e9duire les heures de travail<\/strong> : adapter le nombre d&rsquo;heures de travail pour \u00e9viter de d\u00e9passer le plafond.<\/li>\n<li><strong>N\u00e9gocier le salaire<\/strong> : N\u00e9gocier un salaire qui permet de rester en dessous du plafond tout en percevant la pension.<\/li>\n<li><strong>Diversifier les sources de revenus<\/strong> : envisager d&rsquo;autres sources de revenus non professionnels qui ne sont pas prises en compte dans le calcul des plafonds.<\/li>\n<li><strong>Utiliser des dispositifs de cumul emploi-retraite<\/strong> : pour ceux qui sont proches de l&rsquo;\u00e2ge de la retraite, envisager le cumul emploi-retraite qui offre des conditions sp\u00e9cifiques de cumul.<\/li>\n<\/ul>\n<p><iframe loading=\"lazy\" title=\"La pension d&#039;invalidit\u00e9\" width=\"500\" height=\"281\" src=\"https:\/\/www.youtube.com\/embed\/_UJaa1UDtZs?feature=oembed\" frameborder=\"0\" allow=\"accelerometer; autoplay; clipboard-write; encrypted-media; gyroscope; picture-in-picture; web-share\" referrerpolicy=\"strict-origin-when-cross-origin\" allowfullscreen><\/iframe><\/p>\n<h1>Quels sont les recours en cas de suspension ou de r\u00e9duction de la pension d\u2019invalidit\u00e9 ?<\/h1>\n<h2>Quelles mesures sont prises par l\u2019organisme gestionnaire en cas de d\u00e9passement du plafond de revenu ?<\/h2>\n<p>En cas de d\u00e9passement du plafond de revenu, la S\u00e9curit\u00e9 sociale prend plusieurs mesures pour ajuster les prestations :<\/p>\n<ol>\n<li><strong>R\u00e9examen des droits<\/strong> : la S\u00e9curit\u00e9 sociale r\u00e9examine les droits du b\u00e9n\u00e9ficiaire \u00e0 la pension d&rsquo;invalidit\u00e9.<\/li>\n<li><strong>R\u00e9duction de la pension<\/strong> : si le d\u00e9passement est mineur, la pension peut \u00eatre simplement r\u00e9duite proportionnellement.<\/li>\n<li><strong>Suspension de la pension<\/strong> : en cas de d\u00e9passement significatif et continu, la pension peut \u00eatre suspendue temporairement.<\/li>\n<li><strong>R\u00e9cup\u00e9ration des indus<\/strong> : si des montants ont \u00e9t\u00e9 vers\u00e9s ind\u00fbment en raison d&rsquo;un d\u00e9passement non d\u00e9clar\u00e9, la S\u00e9curit\u00e9 sociale peut demander le remboursement de ces sommes.<\/li>\n<\/ol>\n<h2>Comment contester une suspension ou une r\u00e9duction de la pension d\u2019invalidit\u00e9 ?<\/h2>\n<p>En cas de suspension ou de r\u00e9duction de la pension d&rsquo;invalidit\u00e9, le b\u00e9n\u00e9ficiaire a le droit de contester la d\u00e9cision. Voici les \u00e9tapes \u00e0 suivre pour contester une d\u00e9cision :<\/p>\n<ol>\n<li><strong>Demande de r\u00e9examen<\/strong> : soumettre une demande de r\u00e9examen aupr\u00e8s de la S\u00e9curit\u00e9 sociale en fournissant toutes les preuves n\u00e9cessaires pour justifier sa situation.<\/li>\n<li><strong>Recours amiable<\/strong> : si la demande de r\u00e9examen n&rsquo;aboutit pas, un recours amiable peut \u00eatre effectu\u00e9 aupr\u00e8s de la commission de recours amiable (CRA) de la S\u00e9curit\u00e9 sociale.<\/li>\n<li><strong>Recours contentieux<\/strong> : en dernier recours, il est possible de saisir le tribunal administratif pour contester la d\u00e9cision. Il est conseill\u00e9 de se faire assister par un avocat sp\u00e9cialis\u00e9 en droit social pour cette proc\u00e9dure.<\/li>\n<\/ol>\n<p>D\u00e9couvrez les <a href=\"https:\/\/www.mes-allocs.fr\/guides\/pension-invalidite\/pension-invalidite-conditions\/cas-suppression-pension-invalidite\/\">cas de suppression de la pension d&rsquo;invalidit\u00e9<\/a>\u00a0!<\/p>\n<div class='cta-block'><div class='text'>Simulez toutes vos Aides en 2 min.<\/div><a href='https:\/\/www.mes-allocs.fr\/ab-app?origin=guides\/wp-json\/wp\/v2\/posts\/80908' class='app-button fit'>Simulation gratuite<\/a><\/div>\n","protected":false},"excerpt":{"rendered":"<p>La pension d\u2019invalidit\u00e9 est une aide financi\u00e8re essentielle pour les personnes dont la capacit\u00e9 de travail est r\u00e9duite \u00e0 cause d\u2019une maladie ou d\u2019un accident. Elle permet de compenser partiellement la perte de revenu due \u00e0 l\u2019incapacit\u00e9 de travailler pleinement. Cependant, le droit \u00e0 cette pension est soumis \u00e0 certaines conditions, notamment en ce qui [&hellip;]<\/p>\n","protected":false},"author":26,"featured_media":47925,"comment_status":"open","ping_status":"open","sticky":false,"template":"","format":"standard","meta":{"amp_status":"","footnotes":""},"categories":[35633,35928],"tags":[],"class_list":["post-80908","post","type-post","status-publish","format-standard","has-post-thumbnail","hentry","category-pension-invalidite","category-pension-invalidite-conditions"],"yoast_head":"<!-- This site is optimized with the Yoast SEO plugin v14.9 - https:\/\/yoast.com\/wordpress\/plugins\/seo\/ -->\n<title>Pension d&#039;invalidit\u00e9 : quel salaire ne pas d\u00e9passer ?<\/title>\n<meta name=\"description\" content=\"Mes allocs vous explique les plafonds de salaire \u00e0 ne pas d\u00e9passer pour conserver le droit \u00e0 la pension d\u2019invalidit\u00e9.\" \/>\n<meta name=\"robots\" content=\"index, follow, max-snippet:-1, max-image-preview:large, max-video-preview:-1\" \/>\n<link rel=\"canonical\" href=\"https:\/\/www.mes-allocs.fr\/guides\/pension-invalidite\/pension-invalidite-conditions\/pension-invalidite-salaire-a-ne-pas-depasser\/\" \/>\n<meta property=\"og:locale\" content=\"fr_FR\" \/>\n<meta property=\"og:type\" content=\"article\" \/>\n<meta property=\"og:title\" content=\"Pension d&#039;invalidit\u00e9 : quel salaire ne pas d\u00e9passer ?\" \/>\n<meta property=\"og:description\" content=\"Mes allocs vous explique les plafonds de salaire \u00e0 ne pas d\u00e9passer pour conserver le droit \u00e0 la pension d\u2019invalidit\u00e9.\" \/>\n<meta property=\"og:url\" content=\"https:\/\/www.mes-allocs.fr\/guides\/pension-invalidite\/pension-invalidite-conditions\/pension-invalidite-salaire-a-ne-pas-depasser\/\" \/>\n<meta property=\"og:site_name\" content=\"Mes-Allocs.fr\" \/>\n<meta property=\"article:published_time\" content=\"2024-07-15T14:29:04+00:00\" \/>\n<meta property=\"article:modified_time\" content=\"2026-04-22T09:52:05+00:00\" \/>\n<meta property=\"og:image\" content=\"https:\/\/www.mes-allocs.fr\/guides\/wp-content\/uploads\/2022\/04\/Quel-est-le-salaire-dune-aide-soignante-.jpg?wsr\" \/>\n\t<meta property=\"og:image:width\" content=\"1280\" \/>\n\t<meta property=\"og:image:height\" content=\"914\" \/>\n<meta name=\"twitter:card\" content=\"summary_large_image\" \/>\n<script type=\"application\/ld+json\" class=\"yoast-schema-graph\">{\"@context\":\"https:\/\/schema.org\",\"@graph\":[{\"@type\":\"WebSite\",\"@id\":\"https:\/\/www.mes-allocs.fr\/guides\/#website\",\"url\":\"https:\/\/www.mes-allocs.fr\/guides\/\",\"name\":\"Mes-Allocs.fr\",\"description\":\"\",\"potentialAction\":[{\"@type\":\"SearchAction\",\"target\":\"https:\/\/www.mes-allocs.fr\/guides\/?s={search_term_string}\",\"query-input\":\"required name=search_term_string\"}],\"inLanguage\":\"fr-FR\"},{\"@type\":\"ImageObject\",\"@id\":\"https:\/\/www.mes-allocs.fr\/guides\/pension-invalidite\/pension-invalidite-conditions\/pension-invalidite-salaire-a-ne-pas-depasser\/#primaryimage\",\"inLanguage\":\"fr-FR\",\"url\":\"https:\/\/www.mes-allocs.fr\/guides\/wp-content\/uploads\/2022\/04\/Quel-est-le-salaire-dune-aide-soignante-.jpg?wsr\",\"width\":1280,\"height\":914,\"caption\":\"pension d\\u2019invalidit\\u00e9 salaire \\u00e0 ne pas d\\u00e9passer\"},{\"@type\":\"WebPage\",\"@id\":\"https:\/\/www.mes-allocs.fr\/guides\/pension-invalidite\/pension-invalidite-conditions\/pension-invalidite-salaire-a-ne-pas-depasser\/#webpage\",\"url\":\"https:\/\/www.mes-allocs.fr\/guides\/pension-invalidite\/pension-invalidite-conditions\/pension-invalidite-salaire-a-ne-pas-depasser\/\",\"name\":\"Pension d'invalidit\\u00e9 : quel salaire ne pas d\\u00e9passer ?\",\"isPartOf\":{\"@id\":\"https:\/\/www.mes-allocs.fr\/guides\/#website\"},\"primaryImageOfPage\":{\"@id\":\"https:\/\/www.mes-allocs.fr\/guides\/pension-invalidite\/pension-invalidite-conditions\/pension-invalidite-salaire-a-ne-pas-depasser\/#primaryimage\"},\"datePublished\":\"2024-07-15T14:29:04+00:00\",\"dateModified\":\"2026-04-22T09:52:05+00:00\",\"author\":{\"@id\":\"https:\/\/www.mes-allocs.fr\/guides\/#\/schema\/person\/9c38f3be41a0ddcd1e3fde5a3df713bf\"},\"description\":\"Mes allocs vous explique les plafonds de salaire \\u00e0 ne pas d\\u00e9passer pour conserver le droit \\u00e0 la pension d\\u2019invalidit\\u00e9.\",\"inLanguage\":\"fr-FR\"},{\"@type\":\"Person\",\"@id\":\"https:\/\/www.mes-allocs.fr\/guides\/#\/schema\/person\/9c38f3be41a0ddcd1e3fde5a3df713bf\",\"name\":\"Sessime Ananou\",\"image\":{\"@type\":\"ImageObject\",\"@id\":\"https:\/\/www.mes-allocs.fr\/guides\/#personlogo\",\"inLanguage\":\"fr-FR\",\"url\":\"https:\/\/www.mes-allocs.fr\/guides\/wp-content\/uploads\/2023\/08\/IMG_8173-150x150.jpg\",\"caption\":\"Sessime Ananou\"},\"description\":\"Sessime est r\\u00e9dactrice chez Mes Allocs, sp\\u00e9cialis\\u00e9e sur le pouvoir d'achat. Elle rejoint l'\\u00e9quipe Mes Allocs en ao\\u00fbt 2023 afin de simplifier l'acc\\u00e8s \\u00e0 l'information sur les aides en g\\u00e9n\\u00e9ral.\"}]}<\/script>\n<!-- \/ Yoast SEO plugin. -->","amp_validity":null,"acf":{"faq":{"1":{"question":"uel est le principe de la pension d\u2019invalidit\u00e9 ?","answer":"La pension d\u2019invalidit\u00e9 est une allocation vers\u00e9e par la S\u00e9curit\u00e9 sociale aux personnes qui, en raison d\u2019une maladie ou d\u2019un accident non professionnel, ont une capacit\u00e9 de travail r\u00e9duite d\u2019au moins deux tiers. Elle vise \u00e0 compenser la perte de revenus li\u00e9e \u00e0 cette r\u00e9duction de la capacit\u00e9 de travail."},"2":{"question":"Quels sont les plafonds de salaire \u00e0 ne pas d\u00e9passer pour b\u00e9n\u00e9ficier de la pension d\u2019invalidit\u00e9 ?","answer":"Le montant des revenus professionnels et des pensions d\u2019invalidit\u00e9 cumul\u00e9s ne doit pas d\u00e9passer un certain plafond, fix\u00e9 par la S\u00e9curit\u00e9 sociale. En 2025, ce plafond est g\u00e9n\u00e9ralement \u00e9quivalent \u00e0 1,4 fois le montant du salaire annuel moyen per\u00e7u au cours des dix meilleures ann\u00e9es de carri\u00e8re. Ce montant peut varier en fonction de la cat\u00e9gorie d\u2019invalidit\u00e9 et des r\u00e9glementations en vigueur."},"3":{"question":" Comment les revenus sont-ils pris en compte pour le calcul de la pension d\u2019invalidit\u00e9 ?","answer":"Tous les revenus professionnels sont pris en compte pour v\u00e9rifier le d\u00e9passement du plafond. Cela inclut les salaires, les revenus des activit\u00e9s ind\u00e9pendantes, et toute autre forme de r\u00e9mun\u00e9ration. Les pensions de retraite et autres allocations peuvent \u00e9galement \u00eatre consid\u00e9r\u00e9es dans ce calcul."},"4":{"question":"Que se passe-t-il si mes revenus d\u00e9passent le plafond autoris\u00e9 ?","answer":"Si les revenus cumul\u00e9s d\u00e9passent le plafond fix\u00e9, le montant de la pension d\u2019invalidit\u00e9 peut \u00eatre r\u00e9duit proportionnellement. Dans certains cas, si le d\u00e9passement est significatif, la pension peut \u00eatre suspendue temporairement. Il est important de d\u00e9clarer tous les revenus \u00e0 la S\u00e9curit\u00e9 sociale pour \u00e9viter les indus et les remboursements."},"5":{"question":" Est-il possible de cumuler la pension d\u2019invalidit\u00e9 avec d\u2019autres aides ou revenus ?","answer":"Oui, il est possible de cumuler la pension d\u2019invalidit\u00e9 avec d\u2019autres aides sociales, telles que l\u2019Allocation Adulte Handicap\u00e9 (AAH) ou des aides au logement, sous certaines conditions. Cependant, ces cumuls peuvent \u00e9galement \u00eatre soumis \u00e0 des plafonds de ressources globaux. Il est essentiel de se renseigner aupr\u00e8s des diff\u00e9rents organismes pour conna\u00eetre les conditions sp\u00e9cifiques de cumul.\r\n"},"6":{"question":"Comment d\u00e9clarer mes revenus \u00e0 la S\u00e9curit\u00e9 sociale ?","answer":"Les b\u00e9n\u00e9ficiaires de la pension d\u2019invalidit\u00e9 doivent d\u00e9clarer leurs revenus annuels \u00e0 la S\u00e9curit\u00e9 sociale. Cette d\u00e9claration peut se faire en ligne via le compte Ameli ou en envoyant un formulaire papier. Il est crucial de d\u00e9clarer tous les revenus pour \u00e9viter les sanctions ou les suspensions de la pension. La S\u00e9curit\u00e9 sociale peut \u00e9galement demander des justificatifs de revenus, comme les bulletins de salaire ou les avis d\u2019imposition.\r\n"},"7":{"question":"","answer":""},"8":{"question":"","answer":""},"9":{"question":"","answer":""},"10":{"question":"","answer":""},"11":{"question":"","answer":""},"12":{"question":"","answer":""},"13":{"question":"","answer":""},"14":{"question":"","answer":""},"15":{"question":"","answer":""},"16":{"question":"","answer":""}}},"_links":{"self":[{"href":"https:\/\/www.mes-allocs.fr\/guides\/wp-json\/wp\/v2\/posts\/80908","targetHints":{"allow":["GET"]}}],"collection":[{"href":"https:\/\/www.mes-allocs.fr\/guides\/wp-json\/wp\/v2\/posts"}],"about":[{"href":"https:\/\/www.mes-allocs.fr\/guides\/wp-json\/wp\/v2\/types\/post"}],"author":[{"embeddable":true,"href":"https:\/\/www.mes-allocs.fr\/guides\/wp-json\/wp\/v2\/users\/26"}],"replies":[{"embeddable":true,"href":"https:\/\/www.mes-allocs.fr\/guides\/wp-json\/wp\/v2\/comments?post=80908"}],"version-history":[{"count":6,"href":"https:\/\/www.mes-allocs.fr\/guides\/wp-json\/wp\/v2\/posts\/80908\/revisions"}],"predecessor-version":[{"id":94199,"href":"https:\/\/www.mes-allocs.fr\/guides\/wp-json\/wp\/v2\/posts\/80908\/revisions\/94199"}],"wp:featuredmedia":[{"embeddable":true,"href":"https:\/\/www.mes-allocs.fr\/guides\/wp-json\/wp\/v2\/media\/47925"}],"wp:attachment":[{"href":"https:\/\/www.mes-allocs.fr\/guides\/wp-json\/wp\/v2\/media?parent=80908"}],"wp:term":[{"taxonomy":"category","embeddable":true,"href":"https:\/\/www.mes-allocs.fr\/guides\/wp-json\/wp\/v2\/categories?post=80908"},{"taxonomy":"post_tag","embeddable":true,"href":"https:\/\/www.mes-allocs.fr\/guides\/wp-json\/wp\/v2\/tags?post=80908"}],"curies":[{"name":"wp","href":"https:\/\/api.w.org\/{rel}","templated":true}]}}