{"id":80839,"date":"2024-07-12T14:27:02","date_gmt":"2024-07-12T12:27:02","guid":{"rendered":"https:\/\/www.mes-allocs.fr\/guides\/?p=80839"},"modified":"2026-04-22T10:52:55","modified_gmt":"2026-04-22T09:52:55","slug":"pension-invalidite-surdite","status":"publish","type":"post","link":"https:\/\/www.mes-allocs.fr\/guides\/pension-invalidite\/pension-invalidite-conditions\/pension-invalidite-surdite\/","title":{"rendered":"Pension d&rsquo;invalidit\u00e9 pour cause de surdit\u00e9 : comment en b\u00e9n\u00e9ficier ?"},"content":{"rendered":"<p><img loading=\"lazy\" decoding=\"async\" class=\"alignnone wp-image-64860 size-full\" title=\"pension invalidit\u00e9 surdit\u00e9\" src=\"https:\/\/www.mes-allocs.fr\/guides\/wp-content\/uploads\/2023\/07\/anthony-camerlo-zQlHjxx3vSU-unsplash-1-scaled-e1689062714286.jpg\" alt=\"pension invalidit\u00e9 surdit\u00e9\" width=\"2560\" height=\"627\" srcset=\"https:\/\/www.mes-allocs.fr\/guides\/wp-content\/uploads\/2023\/07\/anthony-camerlo-zQlHjxx3vSU-unsplash-1-scaled-e1689062714286.jpg 2560w, https:\/\/www.mes-allocs.fr\/guides\/wp-content\/uploads\/2023\/07\/anthony-camerlo-zQlHjxx3vSU-unsplash-1-scaled-e1689062714286-300x73.jpg 300w, https:\/\/www.mes-allocs.fr\/guides\/wp-content\/uploads\/2023\/07\/anthony-camerlo-zQlHjxx3vSU-unsplash-1-scaled-e1689062714286-1024x251.jpg 1024w, https:\/\/www.mes-allocs.fr\/guides\/wp-content\/uploads\/2023\/07\/anthony-camerlo-zQlHjxx3vSU-unsplash-1-scaled-e1689062714286-768x188.jpg 768w, https:\/\/www.mes-allocs.fr\/guides\/wp-content\/uploads\/2023\/07\/anthony-camerlo-zQlHjxx3vSU-unsplash-1-scaled-e1689062714286-1536x376.jpg 1536w, https:\/\/www.mes-allocs.fr\/guides\/wp-content\/uploads\/2023\/07\/anthony-camerlo-zQlHjxx3vSU-unsplash-1-scaled-e1689062714286-2048x502.jpg 2048w, https:\/\/www.mes-allocs.fr\/guides\/wp-content\/uploads\/2023\/07\/anthony-camerlo-zQlHjxx3vSU-unsplash-1-scaled-e1689062714286-600x147.jpg 600w\" sizes=\"auto, (max-width: 2560px) 100vw, 2560px\" \/><\/p>\n<p><strong>La surdit\u00e9, qu&rsquo;elle soit partielle ou totale, peut grandement affecter la vie quotidienne et professionnelle des personnes concern\u00e9es. Pour ceux qui souffrent de surdit\u00e9 s\u00e9v\u00e8re, une pension d&rsquo;invalidit\u00e9 peut offrir un soutien financier essentiel. Cet article explore les conditions n\u00e9cessaires pour b\u00e9n\u00e9ficier d&rsquo;une <a href=\"https:\/\/www.mes-allocs.fr\/guides\/pension-invalidite\/\">pension d&rsquo;invalidit\u00e9<\/a> pour cause de surdit\u00e9, les montants auxquels on peut pr\u00e9tendre, et les d\u00e9marches \u00e0 suivre pour en faire la demande.<\/strong><\/p>\n<div class='cta-block'><div class='text'>Simulez toutes vos Aides en 2 min.<\/div><a href='https:\/\/www.mes-allocs.fr\/ab-app?origin=guides\/wp-json\/wp\/v2\/posts\/80839' class='app-button fit'>Simulation gratuite<\/a><\/div>\n<h1>Comprendre la surdit\u00e9 et ses implications<\/h1>\n<h2>Qu\u2019est-ce que la surdit\u00e9 et quelles en sont les causes principales ?<\/h2>\n<p>La surdit\u00e9 est une perte partielle ou totale de la capacit\u00e9 auditive, pouvant affecter une ou les deux oreilles. Les causes principales de la surdit\u00e9 incluent des facteurs g\u00e9n\u00e9tiques, des infections de l\u2019oreille, une exposition prolong\u00e9e \u00e0 des niveaux sonores \u00e9lev\u00e9s, des traumatismes cr\u00e2niens, et certaines maladies telles que la m\u00e9ningite ou la rougeole. La surdit\u00e9 peut survenir \u00e0 tout \u00e2ge et varier en gravit\u00e9, allant de l\u00e9g\u00e8re \u00e0 profonde.<\/p>\n<h2>Comment la surdit\u00e9 peut-elle influencer la vie quotidienne et professionnelle ?<\/h2>\n<p>La surdit\u00e9 peut grandement affecter la communication, rendant difficile la compr\u00e9hension des conversations, des signaux d&rsquo;alarme, et d&rsquo;autres sons essentiels de la vie quotidienne. Professionnellement, cela peut limiter les opportunit\u00e9s d&#8217;emploi, surtout dans les r\u00f4les n\u00e9cessitant une communication verbale fr\u00e9quente ou l\u2019\u00e9coute de sons critiques. La surdit\u00e9 peut \u00e9galement entra\u00eener un isolement social et un stress mental accru, impactant la qualit\u00e9 de vie globale.<\/p>\n<p>D\u00e9couvrez rapidement si vous remplissez les <a href=\"https:\/\/www.mes-allocs.fr\/guides\/pension-invalidite\/pension-invalidite-conditions\/\">conditions de la pension d&rsquo;invalidit\u00e9<\/a> pour surdit\u00e9 !<\/p>\n<h1>Crit\u00e8res d\u2019\u00e9ligibilit\u00e9 \u00e0 la pension d\u2019invalidit\u00e9 pour surdit\u00e9<\/h1>\n<h2>Quels sont les crit\u00e8res m\u00e9dicaux sp\u00e9cifiques pour \u00eatre reconnu invalide en raison de la surdit\u00e9 ?<\/h2>\n<p>Pour \u00eatre \u00e9ligible \u00e0 une pension d\u2019invalidit\u00e9 en raison de la surdit\u00e9, la perte auditive doit \u00eatre suffisamment grave pour limiter consid\u00e9rablement les capacit\u00e9s de travail et de communication. Les crit\u00e8res incluent g\u00e9n\u00e9ralement une perte auditive d&rsquo;au moins 70 d\u00e9cibels dans la meilleure oreille apr\u00e8s correction (appareillage auditif). La surdit\u00e9 doit \u00eatre confirm\u00e9e par des examens audiom\u00e9triques et un diagnostic m\u00e9dical \u00e9tabli par un ORL.<\/p>\n<h2>Quel est le processus d\u2019\u00e9valuation du degr\u00e9 d\u2019invalidit\u00e9 pour les personnes sourdes ou malentendantes ?<\/h2>\n<p>L\u2019\u00e9valuation du degr\u00e9 d\u2019invalidit\u00e9 est r\u00e9alis\u00e9e par un m\u00e9decin-conseil de la S\u00e9curit\u00e9 sociale, qui se base sur des examens audiom\u00e9triques, des rapports m\u00e9dicaux et une \u00e9valuation des capacit\u00e9s r\u00e9siduelles de l\u2019individu. Cette \u00e9valuation prend en compte la capacit\u00e9 de l\u2019individu \u00e0 travailler, \u00e0 se d\u00e9placer et \u00e0 communiquer efficacement. Le m\u00e9decin-conseil peut \u00e9galement prendre en compte les impacts psychologiques et sociaux de la surdit\u00e9.<\/p>\n<h1>Montant et modalit\u00e9s de versement de la pension d\u2019invalidit\u00e9 pour surdit\u00e9<\/h1>\n<h2>Comment est calcul\u00e9 le montant de la pension d\u2019invalidit\u00e9 pour les personnes atteintes de surdit\u00e9 ?<\/h2>\n<p>Le montant de la pension d\u2019invalidit\u00e9 est calcul\u00e9 en fonction du taux d\u2019incapacit\u00e9 et des revenus ant\u00e9rieurs de la personne. En 2025, pour une surdit\u00e9 s\u00e9v\u00e8re, la pension d\u2019invalidit\u00e9 de premi\u00e8re cat\u00e9gorie (incapacit\u00e9 partielle) peut varier entre 300 et 1 000 euros par mois, tandis que la pension de deuxi\u00e8me cat\u00e9gorie (incapacit\u00e9 totale) peut aller jusqu&rsquo;\u00e0 1 700 euros par mois. Le montant exact d\u00e9pend des cotisations vers\u00e9es et du salaire moyen des dix meilleures ann\u00e9es de la carri\u00e8re de la personne.<\/p>\n<h2>Quelles sont les options de versement disponibles pour les b\u00e9n\u00e9ficiaires de la pension d\u2019invalidit\u00e9 ?<\/h2>\n<p>Les options de versement de la pension d\u2019invalidit\u00e9 comprennent des versements mensuels directement sur le compte bancaire du b\u00e9n\u00e9ficiaire. Les pensions sont vers\u00e9es \u00e0 terme \u00e9chu, c\u2019est-\u00e0-dire \u00e0 la fin de chaque mois. Les b\u00e9n\u00e9ficiaires peuvent \u00e9galement choisir de recevoir des relev\u00e9s mensuels ou trimestriels pour suivre leurs paiements et v\u00e9rifier le montant re\u00e7u.<\/p>\n<div class='cta-block'><div class='text'>Simulez toutes vos Aides en 2 min.<\/div><a href='https:\/\/www.mes-allocs.fr\/ab-app?origin=guides\/wp-json\/wp\/v2\/posts\/80839' class='app-button fit'>Simulation gratuite<\/a><\/div>\n<div class=\"flex flex-grow flex-col max-w-full\">\n<div class=\"min-h-[20px] text-message flex flex-col items-start whitespace-pre-wrap break-words [.text-message+&amp;]:mt-5 juice:w-full juice:items-end overflow-x-auto gap-2\" dir=\"auto\" data-message-author-role=\"assistant\" data-message-id=\"dbf8a3cf-a1d9-4d25-9f95-9e41d257f079\">\n<div class=\"flex w-full flex-col gap-1 juice:empty:hidden juice:first:pt-[3px]\">\n<div class=\"markdown prose w-full break-words dark:prose-invert dark\">\n<h1>Processus de demande de pension d\u2019invalidit\u00e9 pour surdit\u00e9<\/h1>\n<h2>Quels documents m\u00e9dicaux et administratifs sont n\u00e9cessaires pour soumettre une demande ?<\/h2>\n<p>Pour soumettre une demande de pension d\u2019invalidit\u00e9 pour surdit\u00e9, il est n\u00e9cessaire de fournir un certificat m\u00e9dical d\u00e9taillant la perte auditive, des rapports d\u2019examens audiom\u00e9triques, et un formulaire de demande de pension d\u2019invalidit\u00e9 d\u00fbment rempli. D&rsquo;autres documents peuvent inclure des preuves de traitements ant\u00e9rieurs, des r\u00e9sultats de tests d\u2019audition, et des historiques de consultations avec des sp\u00e9cialistes de l\u2019audition.<\/p>\n<h2>Quelles sont les \u00e9tapes \u00e0 suivre pour faire une demande de pension d\u2019invalidit\u00e9 pour surdit\u00e9 ?<\/h2>\n<p>Les \u00e9tapes pour faire une demande de pension d\u2019invalidit\u00e9 comprennent :<\/p>\n<ol>\n<li><strong>Consultation m\u00e9dicale<\/strong> : obtenir un diagnostic et un certificat m\u00e9dical de la part d\u2019un ORL.<\/li>\n<li><strong>Remplir le formulaire de demande<\/strong> : compl\u00e9ter le formulaire de demande de pension d\u2019invalidit\u00e9, disponible aupr\u00e8s de la S\u00e9curit\u00e9 sociale.<\/li>\n<li><strong>Soumission des documents<\/strong> : envoyer le formulaire compl\u00e9t\u00e9 et tous les documents m\u00e9dicaux n\u00e9cessaires \u00e0 la S\u00e9curit\u00e9 sociale.<\/li>\n<li><strong>\u00c9valuation m\u00e9dicale<\/strong> : attendre l\u2019\u00e9valuation par un m\u00e9decin-conseil de la S\u00e9curit\u00e9 sociale.<\/li>\n<li><strong>R\u00e9ception de la d\u00e9cision<\/strong> : recevoir la d\u00e9cision de la S\u00e9curit\u00e9 sociale concernant l\u2019\u00e9ligibilit\u00e9 et le montant de la pension.<\/li>\n<\/ol>\n<p><iframe loading=\"lazy\" title=\"La pension d&#039;invalidit\u00e9\" width=\"500\" height=\"281\" src=\"https:\/\/www.youtube.com\/embed\/_UJaa1UDtZs?feature=oembed\" frameborder=\"0\" allow=\"accelerometer; autoplay; clipboard-write; encrypted-media; gyroscope; picture-in-picture; web-share\" referrerpolicy=\"strict-origin-when-cross-origin\" allowfullscreen><\/iframe><\/p>\n<h1>Avantages et droits associ\u00e9s \u00e0 la pension d\u2019invalidit\u00e9 pour surdit\u00e9<\/h1>\n<h2>Quels sont les droits suppl\u00e9mentaires accord\u00e9s aux personnes percevant une pension d\u2019invalidit\u00e9 pour surdit\u00e9 ?<\/h2>\n<p>Les personnes percevant une pension d\u2019invalidit\u00e9 pour surdit\u00e9 peuvent \u00e9galement b\u00e9n\u00e9ficier de divers avantages suppl\u00e9mentaires, tels que l\u2019acc\u00e8s \u00e0 des dispositifs de soutien auditif, des am\u00e9nagements professionnels, et des formations sp\u00e9cifiques pour aider \u00e0 maintenir leur emploi ou \u00e0 en trouver un nouveau. Elles peuvent aussi b\u00e9n\u00e9ficier de r\u00e9ductions sur certains services publics et de programmes d\u2019assistance sociale.<\/p>\n<h2>Est-il possible de cumuler la pension d\u2019invalidit\u00e9 avec d\u2019autres prestations sociales ou aides financi\u00e8res ?<\/h2>\n<p>Oui, il est possible de cumuler la pension d\u2019invalidit\u00e9 avec d\u2019autres prestations sociales ou aides financi\u00e8res. Par exemple, les b\u00e9n\u00e9ficiaires peuvent \u00e9galement recevoir l\u2019Allocation Adulte Handicap\u00e9 (AAH) si leurs revenus sont inf\u00e9rieurs \u00e0 un certain seuil. De plus, ils peuvent b\u00e9n\u00e9ficier de l\u2019aide personnalis\u00e9e au logement (APL) et d\u2019autres aides sp\u00e9cifiques pour les personnes handicap\u00e9es.<\/p>\n<h1>Recours en cas de refus de la demande de pension d\u2019invalidit\u00e9 pour surdit\u00e9<\/h1>\n<h2>Quelles sont les proc\u00e9dures de recours amiable en cas de refus initial de la pension d\u2019invalidit\u00e9 ?<\/h2>\n<p>En cas de refus initial de la pension d\u2019invalidit\u00e9, le demandeur peut faire un recours amiable en soumettant une lettre de contestation \u00e0 la Commission de Recours Amiable (CRA) de la S\u00e9curit\u00e9 sociale. Ce recours doit \u00eatre fait dans un d\u00e9lai de deux mois \u00e0 compter de la notification du refus. La CRA r\u00e9examinera le dossier et rendra une nouvelle d\u00e9cision.<\/p>\n<h2>Quels sont les recours contentieux disponibles pour contester une d\u00e9cision d\u00e9favorable ?<\/h2>\n<p>Si le recours amiable est \u00e9galement rejet\u00e9, le demandeur peut engager un recours contentieux devant le Tribunal de la S\u00e9curit\u00e9 Sociale. Ce recours doit \u00eatre introduit dans un d\u00e9lai de deux mois apr\u00e8s la d\u00e9cision de la CRA. Il est souvent conseill\u00e9 de se faire assister par un avocat sp\u00e9cialis\u00e9 en droit de la s\u00e9curit\u00e9 sociale pour maximiser les chances de succ\u00e8s.<\/p>\n<p>Obtenir une pension d\u2019invalidit\u00e9 pour cause de surdit\u00e9 peut \u00eatre un processus complexe et rigoureux, n\u00e9cessitant une \u00e9valuation m\u00e9dicale d\u00e9taill\u00e9e et une documentation exhaustive. Cependant, cette pension peut offrir un soutien financier crucial pour ceux qui sont gravement affect\u00e9s par la surdit\u00e9. En cas de refus, il est important de conna\u00eetre les proc\u00e9dures de recours pour maximiser les chances de succ\u00e8s. Les b\u00e9n\u00e9ficiaires peuvent \u00e9galement acc\u00e9der \u00e0 divers droits et avantages suppl\u00e9mentaires, am\u00e9liorant ainsi leur qualit\u00e9 de vie et leur capacit\u00e9 \u00e0 g\u00e9rer leur condition.<\/p>\n<\/div>\n<\/div>\n<\/div>\n<\/div>\n<div class='cta-block'><div class='text'>Simulez toutes vos Aides en 2 min.<\/div><a href='https:\/\/www.mes-allocs.fr\/ab-app?origin=guides\/wp-json\/wp\/v2\/posts\/80839' class='app-button fit'>Simulation gratuite<\/a><\/div>\n","protected":false},"excerpt":{"rendered":"<p>La surdit\u00e9, qu&rsquo;elle soit partielle ou totale, peut grandement affecter la vie quotidienne et professionnelle des personnes concern\u00e9es. Pour ceux qui souffrent de surdit\u00e9 s\u00e9v\u00e8re, une pension d&rsquo;invalidit\u00e9 peut offrir un soutien financier essentiel. Cet article explore les conditions n\u00e9cessaires pour b\u00e9n\u00e9ficier d&rsquo;une pension d&rsquo;invalidit\u00e9 pour cause de surdit\u00e9, les montants auxquels on peut pr\u00e9tendre, [&hellip;]<\/p>\n","protected":false},"author":26,"featured_media":62787,"comment_status":"open","ping_status":"open","sticky":false,"template":"","format":"standard","meta":{"amp_status":"","footnotes":""},"categories":[35633,35928],"tags":[],"class_list":["post-80839","post","type-post","status-publish","format-standard","has-post-thumbnail","hentry","category-pension-invalidite","category-pension-invalidite-conditions"],"yoast_head":"<!-- This site is optimized with the Yoast SEO plugin v14.9 - https:\/\/yoast.com\/wordpress\/plugins\/seo\/ -->\n<title>Pension d&#039;invalidit\u00e9 pour cause de surdit\u00e9 : comment en b\u00e9n\u00e9ficier ?<\/title>\n<meta name=\"description\" content=\"Pour ceux qui souffrent de surdit\u00e9 s\u00e9v\u00e8re, une pension d&#039;invalidit\u00e9 peut offrir un soutien financier essentiel.\" \/>\n<meta name=\"robots\" content=\"index, follow, max-snippet:-1, max-image-preview:large, max-video-preview:-1\" \/>\n<link rel=\"canonical\" href=\"https:\/\/www.mes-allocs.fr\/guides\/pension-invalidite\/pension-invalidite-conditions\/pension-invalidite-surdite\/\" \/>\n<meta property=\"og:locale\" content=\"fr_FR\" \/>\n<meta property=\"og:type\" content=\"article\" \/>\n<meta property=\"og:title\" content=\"Pension d&#039;invalidit\u00e9 pour cause de surdit\u00e9 : comment en b\u00e9n\u00e9ficier ?\" \/>\n<meta property=\"og:description\" content=\"Pour ceux qui souffrent de surdit\u00e9 s\u00e9v\u00e8re, une pension d&#039;invalidit\u00e9 peut offrir un soutien financier essentiel.\" \/>\n<meta property=\"og:url\" content=\"https:\/\/www.mes-allocs.fr\/guides\/pension-invalidite\/pension-invalidite-conditions\/pension-invalidite-surdite\/\" \/>\n<meta property=\"og:site_name\" content=\"Mes-Allocs.fr\" \/>\n<meta property=\"article:published_time\" content=\"2024-07-12T12:27:02+00:00\" \/>\n<meta property=\"article:modified_time\" content=\"2026-04-22T09:52:55+00:00\" \/>\n<meta property=\"og:image\" content=\"https:\/\/www.mes-allocs.fr\/guides\/wp-content\/uploads\/2023\/04\/insurance-g979254ff4_1280.jpg?wsr\" \/>\n\t<meta property=\"og:image:width\" content=\"1280\" \/>\n\t<meta property=\"og:image:height\" content=\"900\" \/>\n<meta name=\"twitter:card\" content=\"summary_large_image\" \/>\n<script type=\"application\/ld+json\" class=\"yoast-schema-graph\">{\"@context\":\"https:\/\/schema.org\",\"@graph\":[{\"@type\":\"WebSite\",\"@id\":\"https:\/\/www.mes-allocs.fr\/guides\/#website\",\"url\":\"https:\/\/www.mes-allocs.fr\/guides\/\",\"name\":\"Mes-Allocs.fr\",\"description\":\"\",\"potentialAction\":[{\"@type\":\"SearchAction\",\"target\":\"https:\/\/www.mes-allocs.fr\/guides\/?s={search_term_string}\",\"query-input\":\"required name=search_term_string\"}],\"inLanguage\":\"fr-FR\"},{\"@type\":\"ImageObject\",\"@id\":\"https:\/\/www.mes-allocs.fr\/guides\/pension-invalidite\/pension-invalidite-conditions\/pension-invalidite-surdite\/#primaryimage\",\"inLanguage\":\"fr-FR\",\"url\":\"https:\/\/www.mes-allocs.fr\/guides\/wp-content\/uploads\/2023\/04\/insurance-g979254ff4_1280.jpg?wsr\",\"width\":1280,\"height\":900,\"caption\":\"pension invalidit\\u00e9 surdit\\u00e9\"},{\"@type\":\"WebPage\",\"@id\":\"https:\/\/www.mes-allocs.fr\/guides\/pension-invalidite\/pension-invalidite-conditions\/pension-invalidite-surdite\/#webpage\",\"url\":\"https:\/\/www.mes-allocs.fr\/guides\/pension-invalidite\/pension-invalidite-conditions\/pension-invalidite-surdite\/\",\"name\":\"Pension d'invalidit\\u00e9 pour cause de surdit\\u00e9 : comment en b\\u00e9n\\u00e9ficier ?\",\"isPartOf\":{\"@id\":\"https:\/\/www.mes-allocs.fr\/guides\/#website\"},\"primaryImageOfPage\":{\"@id\":\"https:\/\/www.mes-allocs.fr\/guides\/pension-invalidite\/pension-invalidite-conditions\/pension-invalidite-surdite\/#primaryimage\"},\"datePublished\":\"2024-07-12T12:27:02+00:00\",\"dateModified\":\"2026-04-22T09:52:55+00:00\",\"author\":{\"@id\":\"https:\/\/www.mes-allocs.fr\/guides\/#\/schema\/person\/9c38f3be41a0ddcd1e3fde5a3df713bf\"},\"description\":\"Pour ceux qui souffrent de surdit\\u00e9 s\\u00e9v\\u00e8re, une pension d'invalidit\\u00e9 peut offrir un soutien financier essentiel.\",\"inLanguage\":\"fr-FR\"},{\"@type\":\"Person\",\"@id\":\"https:\/\/www.mes-allocs.fr\/guides\/#\/schema\/person\/9c38f3be41a0ddcd1e3fde5a3df713bf\",\"name\":\"Sessime Ananou\",\"image\":{\"@type\":\"ImageObject\",\"@id\":\"https:\/\/www.mes-allocs.fr\/guides\/#personlogo\",\"inLanguage\":\"fr-FR\",\"url\":\"https:\/\/www.mes-allocs.fr\/guides\/wp-content\/uploads\/2023\/08\/IMG_8173-150x150.jpg\",\"caption\":\"Sessime Ananou\"},\"description\":\"Sessime est r\\u00e9dactrice chez Mes Allocs, sp\\u00e9cialis\\u00e9e sur le pouvoir d'achat. Elle rejoint l'\\u00e9quipe Mes Allocs en ao\\u00fbt 2023 afin de simplifier l'acc\\u00e8s \\u00e0 l'information sur les aides en g\\u00e9n\\u00e9ral.\"}]}<\/script>\n<!-- \/ Yoast SEO plugin. -->","amp_validity":null,"acf":{"faq":{"1":{"question":"Quelles sont les conditions pour obtenir une pension d\u2019invalidit\u00e9 pour surdit\u00e9 ?","answer":"Pour obtenir une pension d\u2019invalidit\u00e9 pour surdit\u00e9, la perte auditive doit \u00eatre s\u00e9v\u00e8re et durable, emp\u00eachant la personne de travailler ou de mener une vie quotidienne normale. Il est n\u00e9cessaire d'avoir un diagnostic m\u00e9dical pr\u00e9cis et une \u00e9valuation audiom\u00e9trique qui confirment l'ampleur de la surdit\u00e9. De plus, le taux d'incapacit\u00e9 doit \u00eatre \u00e9valu\u00e9 par un m\u00e9decin-conseil de la S\u00e9curit\u00e9 sociale et jug\u00e9 suffisant pour justifier une pension d'invalidit\u00e9."},"2":{"question":"Comment le taux d\u2019incapacit\u00e9 est-il \u00e9valu\u00e9 pour la surdit\u00e9 ?","answer":"Le taux d\u2019incapacit\u00e9 pour la surdit\u00e9 est \u00e9valu\u00e9 par un m\u00e9decin-conseil de la S\u00e9curit\u00e9 sociale, qui se base sur des examens audiom\u00e9triques et des rapports m\u00e9dicaux. L'\u00e9valuation prend en compte la perte auditive dans chaque oreille, l'impact sur la communication et la capacit\u00e9 de la personne \u00e0 mener des activit\u00e9s quotidiennes et professionnelles."},"3":{"question":"Quel est le montant de la pension d\u2019invalidit\u00e9 pour surdit\u00e9 ?","answer":"Le montant de la pension d\u2019invalidit\u00e9 d\u00e9pend de plusieurs facteurs, notamment le taux d'incapacit\u00e9 et les revenus ant\u00e9rieurs de la personne. En 2025, pour une surdit\u00e9 s\u00e9v\u00e8re, la pension d\u2019invalidit\u00e9 de premi\u00e8re cat\u00e9gorie (incapacit\u00e9 partielle) peut varier entre 300 et 1 177 euros par mois, tandis que la pension de deuxi\u00e8me cat\u00e9gorie (incapacit\u00e9 totale) peut aller jusqu'\u00e0 1 962 euros par mois."},"4":{"question":"Quelles d\u00e9marches faut-il suivre pour demander une pension d\u2019invalidit\u00e9 pour surdit\u00e9 ?","answer":"Pour demander une pension d\u2019invalidit\u00e9 pour surdit\u00e9, il faut d'abord consulter un ORL qui pourra fournir un certificat m\u00e9dical d\u00e9taillant la perte auditive. Ensuite, il faut remplir un formulaire de demande de pension d\u2019invalidit\u00e9 et le soumettre \u00e0 la S\u00e9curit\u00e9 sociale, accompagn\u00e9 de tous les documents m\u00e9dicaux n\u00e9cessaires. La S\u00e9curit\u00e9 sociale examinera la demande et proc\u00e9dera \u00e0 une \u00e9valuation m\u00e9dicale."},"5":{"question":"Quels documents sont n\u00e9cessaires pour une demande de pension d\u2019invalidit\u00e9 pour surdit\u00e9 ?","answer":"Les documents n\u00e9cessaires incluent un certificat m\u00e9dical d\u00e9taill\u00e9, des rapports d'examens audiom\u00e9triques, des r\u00e9sultats de tests d'audition et un formulaire de demande de pension d\u2019invalidit\u00e9 rempli. Des documents suppl\u00e9mentaires, comme des preuves de traitements ant\u00e9rieurs et des historiques de consultations, peuvent \u00e9galement \u00eatre requis."},"6":{"question":"Que faire en cas de refus de la demande de pension d\u2019invalidit\u00e9 pour surdit\u00e9 ?","answer":"En cas de refus de la demande, il est possible de faire un recours aupr\u00e8s de la Commission de Recours Amiable (CRA) de la S\u00e9curit\u00e9 sociale. Si le recours amiable est \u00e9galement rejet\u00e9, la personne peut engager un recours contentieux devant le Tribunal de la S\u00e9curit\u00e9 Sociale. Il est souvent utile de se faire accompagner par un avocat ou un conseiller sp\u00e9cialis\u00e9 dans ces d\u00e9marches."},"7":{"question":"","answer":""},"8":{"question":"","answer":""},"9":{"question":"","answer":""},"10":{"question":"","answer":""},"11":{"question":"","answer":""},"12":{"question":"","answer":""},"13":{"question":"","answer":""},"14":{"question":"","answer":""},"15":{"question":"","answer":""},"16":{"question":"","answer":""}}},"_links":{"self":[{"href":"https:\/\/www.mes-allocs.fr\/guides\/wp-json\/wp\/v2\/posts\/80839","targetHints":{"allow":["GET"]}}],"collection":[{"href":"https:\/\/www.mes-allocs.fr\/guides\/wp-json\/wp\/v2\/posts"}],"about":[{"href":"https:\/\/www.mes-allocs.fr\/guides\/wp-json\/wp\/v2\/types\/post"}],"author":[{"embeddable":true,"href":"https:\/\/www.mes-allocs.fr\/guides\/wp-json\/wp\/v2\/users\/26"}],"replies":[{"embeddable":true,"href":"https:\/\/www.mes-allocs.fr\/guides\/wp-json\/wp\/v2\/comments?post=80839"}],"version-history":[{"count":7,"href":"https:\/\/www.mes-allocs.fr\/guides\/wp-json\/wp\/v2\/posts\/80839\/revisions"}],"predecessor-version":[{"id":94196,"href":"https:\/\/www.mes-allocs.fr\/guides\/wp-json\/wp\/v2\/posts\/80839\/revisions\/94196"}],"wp:featuredmedia":[{"embeddable":true,"href":"https:\/\/www.mes-allocs.fr\/guides\/wp-json\/wp\/v2\/media\/62787"}],"wp:attachment":[{"href":"https:\/\/www.mes-allocs.fr\/guides\/wp-json\/wp\/v2\/media?parent=80839"}],"wp:term":[{"taxonomy":"category","embeddable":true,"href":"https:\/\/www.mes-allocs.fr\/guides\/wp-json\/wp\/v2\/categories?post=80839"},{"taxonomy":"post_tag","embeddable":true,"href":"https:\/\/www.mes-allocs.fr\/guides\/wp-json\/wp\/v2\/tags?post=80839"}],"curies":[{"name":"wp","href":"https:\/\/api.w.org\/{rel}","templated":true}]}}